{"id":36468,"date":"2023-06-19T11:14:59","date_gmt":"2023-06-19T09:14:59","guid":{"rendered":"https:\/\/www.krafthand.de\/truck\/?p=36468"},"modified":"2023-06-19T11:22:22","modified_gmt":"2023-06-19T09:22:22","slug":"brv-verleiht-ausbildungs-award-2023","status":"publish","type":"post","link":"https:\/\/www.krafthand.de\/truck\/artikel\/brv-verleiht-ausbildungs-award-2023-36468\/","title":{"rendered":"BRV verleiht Ausbildungs-Award 2023"},"content":{"rendered":"<p>Der Bundesverband Reifenhandwerk und Vulkaniseur-Handwerk (BRV, Bonn) hat bei seiner Mitgliederversammlung am 16.06. in Dresden-Radebeul die Preise im BRV Ausbildungs-Award 2023 verliehen. Den Wettbewerb f\u00fcr Nachwuchskr\u00e4fte der Branche schreibt der Fachverband seit 2018 zusammen mit den Partnern Continental und Platin Wheels aus.<\/p>\n<p>Der Award wird j\u00e4hrlich an begabte und engagierte Auszubildende verliehen, die im Vorjahr erfolgreich ihre in einem <a href=\"https:\/\/www.bundesverband-reifenhandel.de\/\" target=\"_blank\" rel=\"noopener\">BRV<\/a>-Mitgliedsunternehmen absolvierte, duale Ausbildung in einem handwerklich-technischen oder kaufm\u00e4nnischen Berufsbild abgeschlossen haben. Neben einer Siegtroph\u00e4e erhalten die Gewinner attraktive Geld- und Sachpreise.<\/p>\n<p>In diesem Jahr wurden zwei Reifenhandwerker der Fachrichtung Reifen- und Fahrwerktechnik und eine Absolventin einer kaufm\u00e4nnischen Ausbildung mit dem BRV Ausbildungs-Award ausgezeichnet. Platz 1 ging an <strong>Kevin Schobert<\/strong>, ausgebildet zum Mechaniker f\u00fcr Reifen- und Vulkanisationstechnik bei der <a href=\"https:\/\/www.nabholz.de\" target=\"_blank\" rel=\"noopener\">Heinrich Nabholz Autoreifen GmbH<\/a> (Gr\u00e4felfing). Platz 2 belegt <strong>Jana Finzen<\/strong>, die ihre Ausbildung zur Kauffrau f\u00fcr B\u00fcromanagement bei der <a href=\"https:\/\/www.reifenhelm.de\" target=\"_blank\" rel=\"noopener\">Reifen Helm GmbH<\/a> (Hamburg) gemacht hat. <strong>Antonio Vincenzo Morabito<\/strong> (Platz 3) wurde zum Mechaniker f\u00fcr Reifen- und Vulkanisationstechnik bei <a href=\"https:\/\/www.reifen-schmid.com\" target=\"_blank\" rel=\"noopener\">Reifen Schmid<\/a> in Heiligenberg\/Wintersulgen ausgebildet.<\/p>\n<p>F\u00fcr Kevin Schobert war der erste Platz beim BRV Ausbildungs-Award 2023 schon die vierte Auszeichnung seiner hervorragenden Leistungen im erlernten Beruf. F\u00fcr Bestnoten im Berufsschulabschuss verlieh ihm zun\u00e4chst die Stadt M\u00fcnchen eine Anerkennungsurkunde. Dann platzierte sich der Reifenmechaniker im letztj\u00e4hrigen Berufswettbewerb \u201eProfis leisten was\u201c des deutschen Handwerks mit seiner Einser-Gesellenpr\u00fcfung im theoretischen wie im praktischen Teil zun\u00e4chst als Landessieger im Bundesland Bayern und stand Ende des Jahres schlie\u00dflich als Bundesbester im Gewerk \u201eReifenhandwerk\u201c auf dem Gewinnerpodest.<\/p>\n<p>Jana Finzen hatte sich zun\u00e4chst beruflich im Einzelhandel orientiert, wollte sich dann aber ver\u00e4ndern und suchte gezielt nach einem Ausbildungsbetrieb in der Kfz-Branche, in der auch ein gro\u00dfer Teil ihrer Familie t\u00e4tig ist. F\u00fcndig wurde die 26-j\u00e4hrige beim Hamburger Unternehmen Reifen Helm, in dessen Flensburger Filiale sie sich mit Engagement und Erfolg zur Kauffrau f\u00fcr B\u00fcromanagement ausbilden lie\u00df. Ihr betrieblicher Ausbilder bescheinigt ihr, dass sie sich \u00e4u\u00dferst schnell in eine \u201eM\u00e4nnerdom\u00e4ne\u201c eingearbeitet habe und pers\u00f6nlich wie auch fachlich auf einer \u201ehervorragenden Lernkurve\u201c bewege. Sie selbst sieht sich in zehn Jahren weiterhin bei Reifen Helm: \u201eIch m\u00f6chte eine T\u00e4tigkeit aus\u00fcben, die mir Spa\u00df macht, mich fordert und Verantwortung mit sich bringt. Mir ist die pers\u00f6nliche Weiterentwicklung wichtig und ich wei\u00df, dass mir hier die Chance dazu geboten wird.\u201c<\/p>\n<p>Antonio Vincenzo Morabito kam \u201edurch einen gl\u00fccklichen Zufall\u201c 2018 mit seinem sp\u00e4teren Ausbildungsunternehmen in Kontakt und beeindruckte gleich durch seinen Arbeitseifer sowie sein Interesse f\u00fcr den Beruf und das Handwerk allgemein. \u201eSo kam es dazu, dass er 2021 der erste Auszubildende unseres Familienunternehmens in dritter Generation wurde\u201c, berichtet sein Ausbilder Benno Schmid und hebt Engagement und Leidenschaft des 23-j\u00e4hrigen f\u00fcr den gew\u00e4hlten Beruf hervor: \u201eMitarbeiter der Art, wie Herr Morabito es seinen Kollegen vorlebt, sind f\u00fcr die Zukunft jedes Unternehmens Gold wert.\u201c Wie Kevin Schobert hat auch Antonio Morabito k\u00fcrzlich schon mit der Meisterausbildung im Reifenhandwerk begonnen.<\/p>\n<p>Im kommenden Jahr sollen erneut engagierte und erfolgreiche Nachwuchsmitarbeiter\/innen, die eine handwerkliche oder kaufm\u00e4nnische Ausbildung in der Reifenbranche bei einem BRV-Mitglied absolviert haben, mit dem BRV Ausbildungs-Award ausgezeichnet werden. Die Bewerbungsphase startet am 01.12.2023. Mehr Infos: <a href=\"https:\/\/www.deine-zukunft-ist-rund.de\" target=\"_blank\" rel=\"noopener\">www.deine-zukunft-ist-rund.de<\/a>.<\/p>\n","protected":false},"excerpt":{"rendered":"<p>Der Bundesverband Reifenhandwerk und Vulkaniseur-Handwerk (BRV, Bonn) hat bei seiner Mitgliederversammlung am 16.06. in Dresden-Radebeul die Preise im BRV Ausbildungs-Award 2023 verliehen.  Der erste Platz ging an Kevin Schobert, Platz 2 an Jana Finzen, Platz 3 an Antonio Vincenzo Morabito. <span class=\"excerpt-more__dots\">&#8230;<\/span> <a class=\"excerpt-more__link\" href=\"https:\/\/www.krafthand.de\/truck\/artikel\/brv-verleiht-ausbildungs-award-2023-36468\/\" >weiter<\/a><\/p>\n","protected":false},"author":9,"featured_media":36470,"comment_status":"closed","ping_status":"closed","sticky":false,"template":"","format":"standard","meta":{"footnotes":""},"categories":[4324,4245],"tags":[5654,3088,4689],"settings":[],"class_list":["post-36468","post","type-post","status-publish","format-standard","has-post-thumbnail","hentry","category-schulungen-bildung","category-verbaende","tag-ausbildungs-award","tag-brv","tag-reifenhandel"],"yoast_head":"<!-- This site is optimized with the Yoast SEO plugin v27.3 - https:\/\/yoast.com\/product\/yoast-seo-wordpress\/ -->\n<title>BRV verleiht Ausbildungs-Award 2023 - Krafthand-Truck<\/title>\n<meta name=\"robots\" content=\"index, follow, max-snippet:-1, max-image-preview:large, max-video-preview:-1\" \/>\n<link rel=\"canonical\" href=\"https:\/\/www.krafthand.de\/truck\/artikel\/brv-verleiht-ausbildungs-award-2023-36468\/\" \/>\n<meta property=\"og:locale\" content=\"de_DE\" \/>\n<meta property=\"og:type\" content=\"article\" \/>\n<meta property=\"og:title\" content=\"BRV verleiht Ausbildungs-Award 2023 - Krafthand-Truck\" \/>\n<meta property=\"og:description\" content=\"Der Bundesverband Reifenhandwerk und Vulkaniseur-Handwerk (BRV, Bonn) hat bei seiner Mitgliederversammlung am 16.06. in Dresden-Radebeul die Preise im BRV Ausbildungs-Award 2023 verliehen. Der erste Platz ging an Kevin Schobert, Platz 2 an Jana Finzen, Platz 3 an Antonio Vincenzo Morabito. ... weiter\" \/>\n<meta property=\"og:url\" content=\"https:\/\/www.krafthand-truck.de\/artikel\/brv-verleiht-ausbildungs-award-2023-36468\/\" \/>\n<meta property=\"og:site_name\" content=\"Krafthand-Truck\" \/>\n<meta property=\"article:published_time\" content=\"2023-06-19T09:14:59+00:00\" \/>\n<meta property=\"article:modified_time\" content=\"2023-06-19T09:22:22+00:00\" \/>\n<meta property=\"og:image\" content=\"https:\/\/static.krafthand-truck.de\/uploads\/2023\/06\/BRV_Ausbildungs_Award_2023_Gewinner.jpg\" \/>\n\t<meta property=\"og:image:width\" content=\"1200\" \/>\n\t<meta property=\"og:image:height\" content=\"800\" \/>\n\t<meta property=\"og:image:type\" content=\"image\/jpeg\" \/>\n<meta name=\"author\" content=\"georg.blenk@krafthand-medien.de\" \/>\n<meta name=\"twitter:card\" content=\"summary_large_image\" \/>\n<meta name=\"twitter:label1\" content=\"Verfasst von\" \/>\n\t<meta name=\"twitter:data1\" content=\"georg.blenk@krafthand-medien.de\" \/>\n\t<meta name=\"twitter:label2\" content=\"Gesch\u00e4tzte Lesezeit\" \/>\n\t<meta name=\"twitter:data2\" content=\"3\u00a0Minuten\" \/>\n<script type=\"application\/ld+json\" class=\"yoast-schema-graph\">{\"@context\":\"https:\\\/\\\/schema.org\",\"@graph\":[{\"@type\":\"Article\",\"@id\":\"https:\\\/\\\/www.krafthand.de\\\/truck\\\/artikel\\\/brv-verleiht-ausbildungs-award-2023-36468\\\/#article\",\"isPartOf\":{\"@id\":\"https:\\\/\\\/www.krafthand.de\\\/truck\\\/artikel\\\/brv-verleiht-ausbildungs-award-2023-36468\\\/\"},\"author\":{\"name\":\"georg.blenk@krafthand-medien.de\",\"@id\":\"https:\\\/\\\/www.krafthand.de\\\/truck\\\/#\\\/schema\\\/person\\\/51fa80b1c57034c4bf63f9f988fc24ce\"},\"headline\":\"BRV verleiht Ausbildungs-Award 2023\",\"datePublished\":\"2023-06-19T09:14:59+00:00\",\"dateModified\":\"2023-06-19T09:22:22+00:00\",\"mainEntityOfPage\":{\"@id\":\"https:\\\/\\\/www.krafthand.de\\\/truck\\\/artikel\\\/brv-verleiht-ausbildungs-award-2023-36468\\\/\"},\"wordCount\":539,\"image\":{\"@id\":\"https:\\\/\\\/www.krafthand.de\\\/truck\\\/artikel\\\/brv-verleiht-ausbildungs-award-2023-36468\\\/#primaryimage\"},\"thumbnailUrl\":\"https:\\\/\\\/static.krafthand-truck.de\\\/uploads\\\/2023\\\/06\\\/BRV_Ausbildungs_Award_2023_Gewinner.jpg\",\"keywords\":[\"Ausbildungs-Award\",\"BRV\",\"Reifenhandel\"],\"articleSection\":[\"Schulungen\\\/Bildung\",\"Verb\u00e4nde\\\/Politik\\\/Recht\"],\"inLanguage\":\"de\"},{\"@type\":\"WebPage\",\"@id\":\"https:\\\/\\\/www.krafthand.de\\\/truck\\\/artikel\\\/brv-verleiht-ausbildungs-award-2023-36468\\\/\",\"url\":\"https:\\\/\\\/www.krafthand.de\\\/truck\\\/artikel\\\/brv-verleiht-ausbildungs-award-2023-36468\\\/\",\"name\":\"BRV verleiht Ausbildungs-Award 2023 - Krafthand-Truck\",\"isPartOf\":{\"@id\":\"https:\\\/\\\/www.krafthand.de\\\/truck\\\/#website\"},\"primaryImageOfPage\":{\"@id\":\"https:\\\/\\\/www.krafthand.de\\\/truck\\\/artikel\\\/brv-verleiht-ausbildungs-award-2023-36468\\\/#primaryimage\"},\"image\":{\"@id\":\"https:\\\/\\\/www.krafthand.de\\\/truck\\\/artikel\\\/brv-verleiht-ausbildungs-award-2023-36468\\\/#primaryimage\"},\"thumbnailUrl\":\"https:\\\/\\\/static.krafthand-truck.de\\\/uploads\\\/2023\\\/06\\\/BRV_Ausbildungs_Award_2023_Gewinner.jpg\",\"datePublished\":\"2023-06-19T09:14:59+00:00\",\"dateModified\":\"2023-06-19T09:22:22+00:00\",\"author\":{\"@id\":\"https:\\\/\\\/www.krafthand.de\\\/truck\\\/#\\\/schema\\\/person\\\/51fa80b1c57034c4bf63f9f988fc24ce\"},\"breadcrumb\":{\"@id\":\"https:\\\/\\\/www.krafthand.de\\\/truck\\\/artikel\\\/brv-verleiht-ausbildungs-award-2023-36468\\\/#breadcrumb\"},\"inLanguage\":\"de\",\"potentialAction\":[{\"@type\":\"ReadAction\",\"target\":[\"https:\\\/\\\/www.krafthand.de\\\/truck\\\/artikel\\\/brv-verleiht-ausbildungs-award-2023-36468\\\/\"]}]},{\"@type\":\"ImageObject\",\"inLanguage\":\"de\",\"@id\":\"https:\\\/\\\/www.krafthand.de\\\/truck\\\/artikel\\\/brv-verleiht-ausbildungs-award-2023-36468\\\/#primaryimage\",\"url\":\"https:\\\/\\\/static.krafthand-truck.de\\\/uploads\\\/2023\\\/06\\\/BRV_Ausbildungs_Award_2023_Gewinner.jpg\",\"contentUrl\":\"https:\\\/\\\/static.krafthand-truck.de\\\/uploads\\\/2023\\\/06\\\/BRV_Ausbildungs_Award_2023_Gewinner.jpg\",\"width\":1200,\"height\":800,\"caption\":\"Die Gewinner des BRV Ausbildungs-Awards 2023 : Kevin Schobert (Platz 1, Mitte), Jana Finzen (Platz 2, l.) und Antonio Vincenzo Morabito (Platz 3, r.). (Bild: BRV\\\/Steffen Schreiber)\"},{\"@type\":\"BreadcrumbList\",\"@id\":\"https:\\\/\\\/www.krafthand.de\\\/truck\\\/artikel\\\/brv-verleiht-ausbildungs-award-2023-36468\\\/#breadcrumb\",\"itemListElement\":[{\"@type\":\"ListItem\",\"position\":1,\"name\":\"Krafthand-Truck\",\"item\":\"https:\\\/\\\/www.krafthand.de\\\/truck\\\/\"},{\"@type\":\"ListItem\",\"position\":2,\"name\":\"Nfz-Branche\",\"item\":\"https:\\\/\\\/www.krafthand.de\\\/truck\\\/kategorie\\\/branche\\\/\"},{\"@type\":\"ListItem\",\"position\":3,\"name\":\"Schulungen\\\/Bildung\",\"item\":\"https:\\\/\\\/www.krafthand.de\\\/truck\\\/kategorie\\\/branche\\\/schulungen-bildung\\\/\"},{\"@type\":\"ListItem\",\"position\":4,\"name\":\"BRV verleiht Ausbildungs-Award 2023\"}]},{\"@type\":\"WebSite\",\"@id\":\"https:\\\/\\\/www.krafthand.de\\\/truck\\\/#website\",\"url\":\"https:\\\/\\\/www.krafthand.de\\\/truck\\\/\",\"name\":\"Krafthand-Truck\",\"description\":\"\",\"potentialAction\":[{\"@type\":\"SearchAction\",\"target\":{\"@type\":\"EntryPoint\",\"urlTemplate\":\"https:\\\/\\\/www.krafthand.de\\\/truck\\\/?s={search_term_string}\"},\"query-input\":{\"@type\":\"PropertyValueSpecification\",\"valueRequired\":true,\"valueName\":\"search_term_string\"}}],\"inLanguage\":\"de\"},{\"@type\":\"Person\",\"@id\":\"https:\\\/\\\/www.krafthand.de\\\/truck\\\/#\\\/schema\\\/person\\\/51fa80b1c57034c4bf63f9f988fc24ce\",\"name\":\"georg.blenk@krafthand-medien.de\",\"image\":{\"@type\":\"ImageObject\",\"inLanguage\":\"de\",\"@id\":\"https:\\\/\\\/secure.gravatar.com\\\/avatar\\\/93713c30affe0aa95d3a4130e499bb1abee2eb31adbdd9ce2aa1543538490215?s=96&d=mm&r=g\",\"url\":\"https:\\\/\\\/secure.gravatar.com\\\/avatar\\\/93713c30affe0aa95d3a4130e499bb1abee2eb31adbdd9ce2aa1543538490215?s=96&d=mm&r=g\",\"contentUrl\":\"https:\\\/\\\/secure.gravatar.com\\\/avatar\\\/93713c30affe0aa95d3a4130e499bb1abee2eb31adbdd9ce2aa1543538490215?s=96&d=mm&r=g\",\"caption\":\"georg.blenk@krafthand-medien.de\"}}]}<\/script>\n<!-- \/ Yoast SEO plugin. -->","yoast_head_json":{"title":"BRV verleiht Ausbildungs-Award 2023 - Krafthand-Truck","robots":{"index":"index","follow":"follow","max-snippet":"max-snippet:-1","max-image-preview":"max-image-preview:large","max-video-preview":"max-video-preview:-1"},"canonical":"https:\/\/www.krafthand.de\/truck\/artikel\/brv-verleiht-ausbildungs-award-2023-36468\/","og_locale":"de_DE","og_type":"article","og_title":"BRV verleiht Ausbildungs-Award 2023 - Krafthand-Truck","og_description":"Der Bundesverband Reifenhandwerk und Vulkaniseur-Handwerk (BRV, Bonn) hat bei seiner Mitgliederversammlung am 16.06. in Dresden-Radebeul die Preise im BRV Ausbildungs-Award 2023 verliehen. Der erste Platz ging an Kevin Schobert, Platz 2 an Jana Finzen, Platz 3 an Antonio Vincenzo Morabito. ... weiter","og_url":"https:\/\/www.krafthand-truck.de\/artikel\/brv-verleiht-ausbildungs-award-2023-36468\/","og_site_name":"Krafthand-Truck","article_published_time":"2023-06-19T09:14:59+00:00","article_modified_time":"2023-06-19T09:22:22+00:00","og_image":[{"width":1200,"height":800,"url":"https:\/\/static.krafthand-truck.de\/uploads\/2023\/06\/BRV_Ausbildungs_Award_2023_Gewinner.jpg","type":"image\/jpeg"}],"author":"georg.blenk@krafthand-medien.de","twitter_card":"summary_large_image","twitter_misc":{"Verfasst von":"georg.blenk@krafthand-medien.de","Gesch\u00e4tzte Lesezeit":"3\u00a0Minuten"},"schema":{"@context":"https:\/\/schema.org","@graph":[{"@type":"Article","@id":"https:\/\/www.krafthand.de\/truck\/artikel\/brv-verleiht-ausbildungs-award-2023-36468\/#article","isPartOf":{"@id":"https:\/\/www.krafthand.de\/truck\/artikel\/brv-verleiht-ausbildungs-award-2023-36468\/"},"author":{"name":"georg.blenk@krafthand-medien.de","@id":"https:\/\/www.krafthand.de\/truck\/#\/schema\/person\/51fa80b1c57034c4bf63f9f988fc24ce"},"headline":"BRV verleiht Ausbildungs-Award 2023","datePublished":"2023-06-19T09:14:59+00:00","dateModified":"2023-06-19T09:22:22+00:00","mainEntityOfPage":{"@id":"https:\/\/www.krafthand.de\/truck\/artikel\/brv-verleiht-ausbildungs-award-2023-36468\/"},"wordCount":539,"image":{"@id":"https:\/\/www.krafthand.de\/truck\/artikel\/brv-verleiht-ausbildungs-award-2023-36468\/#primaryimage"},"thumbnailUrl":"https:\/\/static.krafthand-truck.de\/uploads\/2023\/06\/BRV_Ausbildungs_Award_2023_Gewinner.jpg","keywords":["Ausbildungs-Award","BRV","Reifenhandel"],"articleSection":["Schulungen\/Bildung","Verb\u00e4nde\/Politik\/Recht"],"inLanguage":"de"},{"@type":"WebPage","@id":"https:\/\/www.krafthand.de\/truck\/artikel\/brv-verleiht-ausbildungs-award-2023-36468\/","url":"https:\/\/www.krafthand.de\/truck\/artikel\/brv-verleiht-ausbildungs-award-2023-36468\/","name":"BRV verleiht Ausbildungs-Award 2023 - Krafthand-Truck","isPartOf":{"@id":"https:\/\/www.krafthand.de\/truck\/#website"},"primaryImageOfPage":{"@id":"https:\/\/www.krafthand.de\/truck\/artikel\/brv-verleiht-ausbildungs-award-2023-36468\/#primaryimage"},"image":{"@id":"https:\/\/www.krafthand.de\/truck\/artikel\/brv-verleiht-ausbildungs-award-2023-36468\/#primaryimage"},"thumbnailUrl":"https:\/\/static.krafthand-truck.de\/uploads\/2023\/06\/BRV_Ausbildungs_Award_2023_Gewinner.jpg","datePublished":"2023-06-19T09:14:59+00:00","dateModified":"2023-06-19T09:22:22+00:00","author":{"@id":"https:\/\/www.krafthand.de\/truck\/#\/schema\/person\/51fa80b1c57034c4bf63f9f988fc24ce"},"breadcrumb":{"@id":"https:\/\/www.krafthand.de\/truck\/artikel\/brv-verleiht-ausbildungs-award-2023-36468\/#breadcrumb"},"inLanguage":"de","potentialAction":[{"@type":"ReadAction","target":["https:\/\/www.krafthand.de\/truck\/artikel\/brv-verleiht-ausbildungs-award-2023-36468\/"]}]},{"@type":"ImageObject","inLanguage":"de","@id":"https:\/\/www.krafthand.de\/truck\/artikel\/brv-verleiht-ausbildungs-award-2023-36468\/#primaryimage","url":"https:\/\/static.krafthand-truck.de\/uploads\/2023\/06\/BRV_Ausbildungs_Award_2023_Gewinner.jpg","contentUrl":"https:\/\/static.krafthand-truck.de\/uploads\/2023\/06\/BRV_Ausbildungs_Award_2023_Gewinner.jpg","width":1200,"height":800,"caption":"Die Gewinner des BRV Ausbildungs-Awards 2023 : Kevin Schobert (Platz 1, Mitte), Jana Finzen (Platz 2, l.) und Antonio Vincenzo Morabito (Platz 3, r.). (Bild: BRV\/Steffen Schreiber)"},{"@type":"BreadcrumbList","@id":"https:\/\/www.krafthand.de\/truck\/artikel\/brv-verleiht-ausbildungs-award-2023-36468\/#breadcrumb","itemListElement":[{"@type":"ListItem","position":1,"name":"Krafthand-Truck","item":"https:\/\/www.krafthand.de\/truck\/"},{"@type":"ListItem","position":2,"name":"Nfz-Branche","item":"https:\/\/www.krafthand.de\/truck\/kategorie\/branche\/"},{"@type":"ListItem","position":3,"name":"Schulungen\/Bildung","item":"https:\/\/www.krafthand.de\/truck\/kategorie\/branche\/schulungen-bildung\/"},{"@type":"ListItem","position":4,"name":"BRV verleiht Ausbildungs-Award 2023"}]},{"@type":"WebSite","@id":"https:\/\/www.krafthand.de\/truck\/#website","url":"https:\/\/www.krafthand.de\/truck\/","name":"Krafthand-Truck","description":"","potentialAction":[{"@type":"SearchAction","target":{"@type":"EntryPoint","urlTemplate":"https:\/\/www.krafthand.de\/truck\/?s={search_term_string}"},"query-input":{"@type":"PropertyValueSpecification","valueRequired":true,"valueName":"search_term_string"}}],"inLanguage":"de"},{"@type":"Person","@id":"https:\/\/www.krafthand.de\/truck\/#\/schema\/person\/51fa80b1c57034c4bf63f9f988fc24ce","name":"georg.blenk@krafthand-medien.de","image":{"@type":"ImageObject","inLanguage":"de","@id":"https:\/\/secure.gravatar.com\/avatar\/93713c30affe0aa95d3a4130e499bb1abee2eb31adbdd9ce2aa1543538490215?s=96&d=mm&r=g","url":"https:\/\/secure.gravatar.com\/avatar\/93713c30affe0aa95d3a4130e499bb1abee2eb31adbdd9ce2aa1543538490215?s=96&d=mm&r=g","contentUrl":"https:\/\/secure.gravatar.com\/avatar\/93713c30affe0aa95d3a4130e499bb1abee2eb31adbdd9ce2aa1543538490215?s=96&d=mm&r=g","caption":"georg.blenk@krafthand-medien.de"}}]}},"_links":{"self":[{"href":"https:\/\/www.krafthand.de\/truck\/wp-json\/wp\/v2\/posts\/36468","targetHints":{"allow":["GET"]}}],"collection":[{"href":"https:\/\/www.krafthand.de\/truck\/wp-json\/wp\/v2\/posts"}],"about":[{"href":"https:\/\/www.krafthand.de\/truck\/wp-json\/wp\/v2\/types\/post"}],"author":[{"embeddable":true,"href":"https:\/\/www.krafthand.de\/truck\/wp-json\/wp\/v2\/users\/9"}],"replies":[{"embeddable":true,"href":"https:\/\/www.krafthand.de\/truck\/wp-json\/wp\/v2\/comments?post=36468"}],"version-history":[{"count":9,"href":"https:\/\/www.krafthand.de\/truck\/wp-json\/wp\/v2\/posts\/36468\/revisions"}],"predecessor-version":[{"id":36478,"href":"https:\/\/www.krafthand.de\/truck\/wp-json\/wp\/v2\/posts\/36468\/revisions\/36478"}],"wp:featuredmedia":[{"embeddable":true,"href":"https:\/\/www.krafthand.de\/truck\/wp-json\/wp\/v2\/media\/36470"}],"wp:attachment":[{"href":"https:\/\/www.krafthand.de\/truck\/wp-json\/wp\/v2\/media?parent=36468"}],"wp:term":[{"taxonomy":"category","embeddable":true,"href":"https:\/\/www.krafthand.de\/truck\/wp-json\/wp\/v2\/categories?post=36468"},{"taxonomy":"post_tag","embeddable":true,"href":"https:\/\/www.krafthand.de\/truck\/wp-json\/wp\/v2\/tags?post=36468"},{"taxonomy":"settings","embeddable":true,"href":"https:\/\/www.krafthand.de\/truck\/wp-json\/wp\/v2\/settings?post=36468"}],"curies":[{"name":"wp","href":"https:\/\/api.w.org\/{rel}","templated":true}]}}