{"id":36430,"date":"2023-06-16T14:55:32","date_gmt":"2023-06-16T12:55:32","guid":{"rendered":"https:\/\/www.krafthand.de\/truck\/?p=36430"},"modified":"2025-12-02T11:04:56","modified_gmt":"2025-12-02T10:04:56","slug":"unterstuetzung-fuer-fuhrparkbetreiber-bei-umstellung-auf-ev-flotten","status":"publish","type":"post","link":"https:\/\/www.krafthand.de\/truck\/artikel\/unterstuetzung-fuer-fuhrparkbetreiber-bei-umstellung-auf-ev-flotten-36430\/","title":{"rendered":"Unterst\u00fctzung f\u00fcr Fuhrparkbetreiber bei Umstellung auf EV-Flotten"},"content":{"rendered":"<p>Shell Recharge Solutions (SRS), Anbieter von Ladel\u00f6sungen f\u00fcr Elektrofahrzeuge, und IVECO, gaben k\u00fcrzlich die Unterzeichnung einer Kooperationsvereinbarung bekannt. Beide Unternehmen m\u00f6chten gemeinsam Flottenbetreibern den \u00dcbergang zur Elektromobilit\u00e4t erm\u00f6glichen. Im Rahmen der Zusammenarbeit m\u00f6chte SRS den IVECO-Kunden in Deutschland, \u00d6sterreich und der Schweiz sein \u00d6kosystem an Depotladel\u00f6sungen f\u00fcr den eDAILY, die leichten IVECO Elektro-Nutzfahrzeuge und k\u00fcnftig auch f\u00fcr schwere Elektrofahrzeugen zur Verf\u00fcgung stellen. Die Kunden sollen von den ma\u00dfgeschneiderten, zukunftssicheren Depotladel\u00f6sungen profitieren, die einen lokal emissionsarmen Stra\u00dfeng\u00fcterverkehr erm\u00f6glichen.<\/p>\n<p>Dabei \u00fcbernimmt <a href=\"https:\/\/shellrecharge.com\/de-de\" target=\"_blank\" rel=\"noopener\">Shell Recharge Solutions<\/a> die Installation von Ladel\u00f6sungen an den Ladestandorten der <a href=\"https:\/\/www.iveco.com\/Germany\/Pages\/Home-page.aspx\" target=\"_blank\" rel=\"noopener\">IVECO<\/a>-Flottenbetreibern. Die Installation umfasst eine Standortanalyse sowie eine Vor-Ort-Beratung, eine Bewertung der Betriebskostenoptimierung, zus\u00e4tzliche Dienstleistungen und Energiemanagementl\u00f6sungen. Flottenbetreiber sollen au\u00dferdem von dem Shell Recharge Solutions Business Hub profitieren, der es ihnen erm\u00f6glicht, ihre gesamte Ladeinfrastruktur von einer zentralen, einfach zu bedienenden Plattform aus zu \u00fcberwachen, zu verwalten und zu steuern.<\/p>\n<p><i>Den Beitrag finden Sie auch in der Print-Ausgabe 2-2023 der <a href=\"https:\/\/www.krafthand.de\/truck\/magazin\/\" title=\"Zum Magazin\">Krafthand-Truck<\/a>.<\/i><\/p>","protected":false},"excerpt":{"rendered":"<p>Shell Recharge Solutions (SRS), Anbieter von Ladel\u00f6sungen f\u00fcr Elektrofahrzeuge, und IVECO, gaben k\u00fcrzlich die Unterzeichnung einer Kooperationsvereinbarung bekannt. Beide Unternehmen m\u00f6chten gemeinsam Flottenbetreibern den \u00dcbergang zur Elektromobilit\u00e4t erm\u00f6glichen. <span class=\"excerpt-more__dots\">&#8230;<\/span> <a class=\"excerpt-more__link\" href=\"https:\/\/www.krafthand.de\/truck\/artikel\/unterstuetzung-fuer-fuhrparkbetreiber-bei-umstellung-auf-ev-flotten-36430\/\" >weiter<\/a><\/p>\n","protected":false},"author":11,"featured_media":36431,"comment_status":"closed","ping_status":"closed","sticky":false,"template":"","format":"standard","meta":{"footnotes":""},"categories":[4230,6375],"tags":[29,4248,5652],"settings":[],"class_list":["post-36430","post","type-post","status-publish","format-standard","has-post-thumbnail","hentry","category-fuhrpark","category-lade-tank-infrastruktur","tag-iveco","tag-ladeinfrastruktur","tag-shell-recharge"],"yoast_head":"<!-- This site is optimized with the Yoast SEO plugin v27.3 - https:\/\/yoast.com\/product\/yoast-seo-wordpress\/ -->\n<title>Unterst\u00fctzung f\u00fcr Fuhrparkbetreiber bei Umstellung auf EV-Flotten - Krafthand-Truck<\/title>\n<meta name=\"description\" content=\"Shell Recharge Solutions (SRS) und IVECO gaben k\u00fcrzlich die Unterzeichnung einer Kooperationsvereinbarung bekannt.\" \/>\n<meta name=\"robots\" content=\"index, follow, max-snippet:-1, max-image-preview:large, max-video-preview:-1\" \/>\n<link rel=\"canonical\" href=\"https:\/\/www.krafthand.de\/truck\/artikel\/unterstuetzung-fuer-fuhrparkbetreiber-bei-umstellung-auf-ev-flotten-36430\/\" \/>\n<meta property=\"og:locale\" content=\"de_DE\" \/>\n<meta property=\"og:type\" content=\"article\" \/>\n<meta property=\"og:title\" content=\"Unterst\u00fctzung f\u00fcr Fuhrparkbetreiber bei Umstellung auf EV-Flotten - Krafthand-Truck\" \/>\n<meta property=\"og:description\" content=\"Shell Recharge Solutions (SRS) und IVECO gaben k\u00fcrzlich die Unterzeichnung einer Kooperationsvereinbarung bekannt.\" \/>\n<meta property=\"og:url\" content=\"https:\/\/www.krafthand-truck.de\/artikel\/unterstuetzung-fuer-fuhrparkbetreiber-bei-umstellung-auf-ev-flotten-36430\/\" \/>\n<meta property=\"og:site_name\" content=\"Krafthand-Truck\" \/>\n<meta property=\"article:published_time\" content=\"2023-06-16T12:55:32+00:00\" \/>\n<meta property=\"article:modified_time\" content=\"2025-12-02T10:04:56+00:00\" \/>\n<meta property=\"og:image\" content=\"https:\/\/static.krafthand-truck.de\/uploads\/2023\/06\/02_2023_033.jpg\" \/>\n\t<meta property=\"og:image:width\" content=\"1400\" \/>\n\t<meta property=\"og:image:height\" content=\"917\" \/>\n\t<meta property=\"og:image:type\" content=\"image\/jpeg\" \/>\n<meta name=\"author\" content=\"Redaktion Truck\" \/>\n<meta name=\"twitter:card\" content=\"summary_large_image\" \/>\n<meta name=\"twitter:label1\" content=\"Verfasst von\" \/>\n\t<meta name=\"twitter:data1\" content=\"Redaktion Truck\" \/>\n\t<meta name=\"twitter:label2\" content=\"Gesch\u00e4tzte Lesezeit\" \/>\n\t<meta name=\"twitter:data2\" content=\"1\u00a0Minute\" \/>\n<script type=\"application\/ld+json\" class=\"yoast-schema-graph\">{\"@context\":\"https:\\\/\\\/schema.org\",\"@graph\":[{\"@type\":\"Article\",\"@id\":\"https:\\\/\\\/www.krafthand.de\\\/truck\\\/artikel\\\/unterstuetzung-fuer-fuhrparkbetreiber-bei-umstellung-auf-ev-flotten-36430\\\/#article\",\"isPartOf\":{\"@id\":\"https:\\\/\\\/www.krafthand.de\\\/truck\\\/artikel\\\/unterstuetzung-fuer-fuhrparkbetreiber-bei-umstellung-auf-ev-flotten-36430\\\/\"},\"author\":{\"name\":\"Redaktion Truck\",\"@id\":\"https:\\\/\\\/www.krafthand.de\\\/truck\\\/#\\\/schema\\\/person\\\/5e47d727209575a4b89376746e24f02f\"},\"headline\":\"Unterst\u00fctzung f\u00fcr Fuhrparkbetreiber bei Umstellung auf EV-Flotten\",\"datePublished\":\"2023-06-16T12:55:32+00:00\",\"dateModified\":\"2025-12-02T10:04:56+00:00\",\"mainEntityOfPage\":{\"@id\":\"https:\\\/\\\/www.krafthand.de\\\/truck\\\/artikel\\\/unterstuetzung-fuer-fuhrparkbetreiber-bei-umstellung-auf-ev-flotten-36430\\\/\"},\"wordCount\":171,\"image\":{\"@id\":\"https:\\\/\\\/www.krafthand.de\\\/truck\\\/artikel\\\/unterstuetzung-fuer-fuhrparkbetreiber-bei-umstellung-auf-ev-flotten-36430\\\/#primaryimage\"},\"thumbnailUrl\":\"https:\\\/\\\/static.krafthand-truck.de\\\/uploads\\\/2023\\\/06\\\/02_2023_033.jpg\",\"keywords\":[\"Iveco\",\"Ladeinfrastruktur\",\"Shell Recharge\"],\"articleSection\":[\"IT+Fuhrpark\",\"Lade-\\\/Tank-Infrastruktur\"],\"inLanguage\":\"de\"},{\"@type\":\"WebPage\",\"@id\":\"https:\\\/\\\/www.krafthand.de\\\/truck\\\/artikel\\\/unterstuetzung-fuer-fuhrparkbetreiber-bei-umstellung-auf-ev-flotten-36430\\\/\",\"url\":\"https:\\\/\\\/www.krafthand.de\\\/truck\\\/artikel\\\/unterstuetzung-fuer-fuhrparkbetreiber-bei-umstellung-auf-ev-flotten-36430\\\/\",\"name\":\"Unterst\u00fctzung f\u00fcr Fuhrparkbetreiber bei Umstellung auf EV-Flotten - Krafthand-Truck\",\"isPartOf\":{\"@id\":\"https:\\\/\\\/www.krafthand.de\\\/truck\\\/#website\"},\"primaryImageOfPage\":{\"@id\":\"https:\\\/\\\/www.krafthand.de\\\/truck\\\/artikel\\\/unterstuetzung-fuer-fuhrparkbetreiber-bei-umstellung-auf-ev-flotten-36430\\\/#primaryimage\"},\"image\":{\"@id\":\"https:\\\/\\\/www.krafthand.de\\\/truck\\\/artikel\\\/unterstuetzung-fuer-fuhrparkbetreiber-bei-umstellung-auf-ev-flotten-36430\\\/#primaryimage\"},\"thumbnailUrl\":\"https:\\\/\\\/static.krafthand-truck.de\\\/uploads\\\/2023\\\/06\\\/02_2023_033.jpg\",\"datePublished\":\"2023-06-16T12:55:32+00:00\",\"dateModified\":\"2025-12-02T10:04:56+00:00\",\"author\":{\"@id\":\"https:\\\/\\\/www.krafthand.de\\\/truck\\\/#\\\/schema\\\/person\\\/5e47d727209575a4b89376746e24f02f\"},\"description\":\"Shell Recharge Solutions (SRS) und IVECO gaben k\u00fcrzlich die Unterzeichnung einer Kooperationsvereinbarung bekannt.\",\"breadcrumb\":{\"@id\":\"https:\\\/\\\/www.krafthand.de\\\/truck\\\/artikel\\\/unterstuetzung-fuer-fuhrparkbetreiber-bei-umstellung-auf-ev-flotten-36430\\\/#breadcrumb\"},\"inLanguage\":\"de\",\"potentialAction\":[{\"@type\":\"ReadAction\",\"target\":[\"https:\\\/\\\/www.krafthand.de\\\/truck\\\/artikel\\\/unterstuetzung-fuer-fuhrparkbetreiber-bei-umstellung-auf-ev-flotten-36430\\\/\"]}]},{\"@type\":\"ImageObject\",\"inLanguage\":\"de\",\"@id\":\"https:\\\/\\\/www.krafthand.de\\\/truck\\\/artikel\\\/unterstuetzung-fuer-fuhrparkbetreiber-bei-umstellung-auf-ev-flotten-36430\\\/#primaryimage\",\"url\":\"https:\\\/\\\/static.krafthand-truck.de\\\/uploads\\\/2023\\\/06\\\/02_2023_033.jpg\",\"contentUrl\":\"https:\\\/\\\/static.krafthand-truck.de\\\/uploads\\\/2023\\\/06\\\/02_2023_033.jpg\",\"width\":1400,\"height\":917},{\"@type\":\"BreadcrumbList\",\"@id\":\"https:\\\/\\\/www.krafthand.de\\\/truck\\\/artikel\\\/unterstuetzung-fuer-fuhrparkbetreiber-bei-umstellung-auf-ev-flotten-36430\\\/#breadcrumb\",\"itemListElement\":[{\"@type\":\"ListItem\",\"position\":1,\"name\":\"Krafthand-Truck\",\"item\":\"https:\\\/\\\/www.krafthand.de\\\/truck\\\/\"},{\"@type\":\"ListItem\",\"position\":2,\"name\":\"IT+Fuhrpark\",\"item\":\"https:\\\/\\\/www.krafthand.de\\\/truck\\\/kategorie\\\/fuhrpark\\\/\"},{\"@type\":\"ListItem\",\"position\":3,\"name\":\"Unterst\u00fctzung f\u00fcr Fuhrparkbetreiber bei Umstellung auf EV-Flotten\"}]},{\"@type\":\"WebSite\",\"@id\":\"https:\\\/\\\/www.krafthand.de\\\/truck\\\/#website\",\"url\":\"https:\\\/\\\/www.krafthand.de\\\/truck\\\/\",\"name\":\"Krafthand-Truck\",\"description\":\"\",\"potentialAction\":[{\"@type\":\"SearchAction\",\"target\":{\"@type\":\"EntryPoint\",\"urlTemplate\":\"https:\\\/\\\/www.krafthand.de\\\/truck\\\/?s={search_term_string}\"},\"query-input\":{\"@type\":\"PropertyValueSpecification\",\"valueRequired\":true,\"valueName\":\"search_term_string\"}}],\"inLanguage\":\"de\"},{\"@type\":\"Person\",\"@id\":\"https:\\\/\\\/www.krafthand.de\\\/truck\\\/#\\\/schema\\\/person\\\/5e47d727209575a4b89376746e24f02f\",\"name\":\"Redaktion Truck\",\"image\":{\"@type\":\"ImageObject\",\"inLanguage\":\"de\",\"@id\":\"https:\\\/\\\/secure.gravatar.com\\\/avatar\\\/64cedf5d293ad6eb6600c19e949d032ff0090f240174891ab1517d73ead05c87?s=96&d=mm&r=g\",\"url\":\"https:\\\/\\\/secure.gravatar.com\\\/avatar\\\/64cedf5d293ad6eb6600c19e949d032ff0090f240174891ab1517d73ead05c87?s=96&d=mm&r=g\",\"contentUrl\":\"https:\\\/\\\/secure.gravatar.com\\\/avatar\\\/64cedf5d293ad6eb6600c19e949d032ff0090f240174891ab1517d73ead05c87?s=96&d=mm&r=g\",\"caption\":\"Redaktion Truck\"}}]}<\/script>\n<!-- \/ Yoast SEO plugin. -->","yoast_head_json":{"title":"Unterst\u00fctzung f\u00fcr Fuhrparkbetreiber bei Umstellung auf EV-Flotten - Krafthand-Truck","description":"Shell Recharge Solutions (SRS) und IVECO gaben k\u00fcrzlich die Unterzeichnung einer Kooperationsvereinbarung bekannt.","robots":{"index":"index","follow":"follow","max-snippet":"max-snippet:-1","max-image-preview":"max-image-preview:large","max-video-preview":"max-video-preview:-1"},"canonical":"https:\/\/www.krafthand.de\/truck\/artikel\/unterstuetzung-fuer-fuhrparkbetreiber-bei-umstellung-auf-ev-flotten-36430\/","og_locale":"de_DE","og_type":"article","og_title":"Unterst\u00fctzung f\u00fcr Fuhrparkbetreiber bei Umstellung auf EV-Flotten - Krafthand-Truck","og_description":"Shell Recharge Solutions (SRS) und IVECO gaben k\u00fcrzlich die Unterzeichnung einer Kooperationsvereinbarung bekannt.","og_url":"https:\/\/www.krafthand-truck.de\/artikel\/unterstuetzung-fuer-fuhrparkbetreiber-bei-umstellung-auf-ev-flotten-36430\/","og_site_name":"Krafthand-Truck","article_published_time":"2023-06-16T12:55:32+00:00","article_modified_time":"2025-12-02T10:04:56+00:00","og_image":[{"width":1400,"height":917,"url":"https:\/\/static.krafthand-truck.de\/uploads\/2023\/06\/02_2023_033.jpg","type":"image\/jpeg"}],"author":"Redaktion Truck","twitter_card":"summary_large_image","twitter_misc":{"Verfasst von":"Redaktion Truck","Gesch\u00e4tzte Lesezeit":"1\u00a0Minute"},"schema":{"@context":"https:\/\/schema.org","@graph":[{"@type":"Article","@id":"https:\/\/www.krafthand.de\/truck\/artikel\/unterstuetzung-fuer-fuhrparkbetreiber-bei-umstellung-auf-ev-flotten-36430\/#article","isPartOf":{"@id":"https:\/\/www.krafthand.de\/truck\/artikel\/unterstuetzung-fuer-fuhrparkbetreiber-bei-umstellung-auf-ev-flotten-36430\/"},"author":{"name":"Redaktion Truck","@id":"https:\/\/www.krafthand.de\/truck\/#\/schema\/person\/5e47d727209575a4b89376746e24f02f"},"headline":"Unterst\u00fctzung f\u00fcr Fuhrparkbetreiber bei Umstellung auf EV-Flotten","datePublished":"2023-06-16T12:55:32+00:00","dateModified":"2025-12-02T10:04:56+00:00","mainEntityOfPage":{"@id":"https:\/\/www.krafthand.de\/truck\/artikel\/unterstuetzung-fuer-fuhrparkbetreiber-bei-umstellung-auf-ev-flotten-36430\/"},"wordCount":171,"image":{"@id":"https:\/\/www.krafthand.de\/truck\/artikel\/unterstuetzung-fuer-fuhrparkbetreiber-bei-umstellung-auf-ev-flotten-36430\/#primaryimage"},"thumbnailUrl":"https:\/\/static.krafthand-truck.de\/uploads\/2023\/06\/02_2023_033.jpg","keywords":["Iveco","Ladeinfrastruktur","Shell Recharge"],"articleSection":["IT+Fuhrpark","Lade-\/Tank-Infrastruktur"],"inLanguage":"de"},{"@type":"WebPage","@id":"https:\/\/www.krafthand.de\/truck\/artikel\/unterstuetzung-fuer-fuhrparkbetreiber-bei-umstellung-auf-ev-flotten-36430\/","url":"https:\/\/www.krafthand.de\/truck\/artikel\/unterstuetzung-fuer-fuhrparkbetreiber-bei-umstellung-auf-ev-flotten-36430\/","name":"Unterst\u00fctzung f\u00fcr Fuhrparkbetreiber bei Umstellung auf EV-Flotten - Krafthand-Truck","isPartOf":{"@id":"https:\/\/www.krafthand.de\/truck\/#website"},"primaryImageOfPage":{"@id":"https:\/\/www.krafthand.de\/truck\/artikel\/unterstuetzung-fuer-fuhrparkbetreiber-bei-umstellung-auf-ev-flotten-36430\/#primaryimage"},"image":{"@id":"https:\/\/www.krafthand.de\/truck\/artikel\/unterstuetzung-fuer-fuhrparkbetreiber-bei-umstellung-auf-ev-flotten-36430\/#primaryimage"},"thumbnailUrl":"https:\/\/static.krafthand-truck.de\/uploads\/2023\/06\/02_2023_033.jpg","datePublished":"2023-06-16T12:55:32+00:00","dateModified":"2025-12-02T10:04:56+00:00","author":{"@id":"https:\/\/www.krafthand.de\/truck\/#\/schema\/person\/5e47d727209575a4b89376746e24f02f"},"description":"Shell Recharge Solutions (SRS) und IVECO gaben k\u00fcrzlich die Unterzeichnung einer Kooperationsvereinbarung bekannt.","breadcrumb":{"@id":"https:\/\/www.krafthand.de\/truck\/artikel\/unterstuetzung-fuer-fuhrparkbetreiber-bei-umstellung-auf-ev-flotten-36430\/#breadcrumb"},"inLanguage":"de","potentialAction":[{"@type":"ReadAction","target":["https:\/\/www.krafthand.de\/truck\/artikel\/unterstuetzung-fuer-fuhrparkbetreiber-bei-umstellung-auf-ev-flotten-36430\/"]}]},{"@type":"ImageObject","inLanguage":"de","@id":"https:\/\/www.krafthand.de\/truck\/artikel\/unterstuetzung-fuer-fuhrparkbetreiber-bei-umstellung-auf-ev-flotten-36430\/#primaryimage","url":"https:\/\/static.krafthand-truck.de\/uploads\/2023\/06\/02_2023_033.jpg","contentUrl":"https:\/\/static.krafthand-truck.de\/uploads\/2023\/06\/02_2023_033.jpg","width":1400,"height":917},{"@type":"BreadcrumbList","@id":"https:\/\/www.krafthand.de\/truck\/artikel\/unterstuetzung-fuer-fuhrparkbetreiber-bei-umstellung-auf-ev-flotten-36430\/#breadcrumb","itemListElement":[{"@type":"ListItem","position":1,"name":"Krafthand-Truck","item":"https:\/\/www.krafthand.de\/truck\/"},{"@type":"ListItem","position":2,"name":"IT+Fuhrpark","item":"https:\/\/www.krafthand.de\/truck\/kategorie\/fuhrpark\/"},{"@type":"ListItem","position":3,"name":"Unterst\u00fctzung f\u00fcr Fuhrparkbetreiber bei Umstellung auf EV-Flotten"}]},{"@type":"WebSite","@id":"https:\/\/www.krafthand.de\/truck\/#website","url":"https:\/\/www.krafthand.de\/truck\/","name":"Krafthand-Truck","description":"","potentialAction":[{"@type":"SearchAction","target":{"@type":"EntryPoint","urlTemplate":"https:\/\/www.krafthand.de\/truck\/?s={search_term_string}"},"query-input":{"@type":"PropertyValueSpecification","valueRequired":true,"valueName":"search_term_string"}}],"inLanguage":"de"},{"@type":"Person","@id":"https:\/\/www.krafthand.de\/truck\/#\/schema\/person\/5e47d727209575a4b89376746e24f02f","name":"Redaktion Truck","image":{"@type":"ImageObject","inLanguage":"de","@id":"https:\/\/secure.gravatar.com\/avatar\/64cedf5d293ad6eb6600c19e949d032ff0090f240174891ab1517d73ead05c87?s=96&d=mm&r=g","url":"https:\/\/secure.gravatar.com\/avatar\/64cedf5d293ad6eb6600c19e949d032ff0090f240174891ab1517d73ead05c87?s=96&d=mm&r=g","contentUrl":"https:\/\/secure.gravatar.com\/avatar\/64cedf5d293ad6eb6600c19e949d032ff0090f240174891ab1517d73ead05c87?s=96&d=mm&r=g","caption":"Redaktion Truck"}}]}},"_links":{"self":[{"href":"https:\/\/www.krafthand.de\/truck\/wp-json\/wp\/v2\/posts\/36430","targetHints":{"allow":["GET"]}}],"collection":[{"href":"https:\/\/www.krafthand.de\/truck\/wp-json\/wp\/v2\/posts"}],"about":[{"href":"https:\/\/www.krafthand.de\/truck\/wp-json\/wp\/v2\/types\/post"}],"author":[{"embeddable":true,"href":"https:\/\/www.krafthand.de\/truck\/wp-json\/wp\/v2\/users\/11"}],"replies":[{"embeddable":true,"href":"https:\/\/www.krafthand.de\/truck\/wp-json\/wp\/v2\/comments?post=36430"}],"version-history":[{"count":5,"href":"https:\/\/www.krafthand.de\/truck\/wp-json\/wp\/v2\/posts\/36430\/revisions"}],"predecessor-version":[{"id":36436,"href":"https:\/\/www.krafthand.de\/truck\/wp-json\/wp\/v2\/posts\/36430\/revisions\/36436"}],"wp:featuredmedia":[{"embeddable":true,"href":"https:\/\/www.krafthand.de\/truck\/wp-json\/wp\/v2\/media\/36431"}],"wp:attachment":[{"href":"https:\/\/www.krafthand.de\/truck\/wp-json\/wp\/v2\/media?parent=36430"}],"wp:term":[{"taxonomy":"category","embeddable":true,"href":"https:\/\/www.krafthand.de\/truck\/wp-json\/wp\/v2\/categories?post=36430"},{"taxonomy":"post_tag","embeddable":true,"href":"https:\/\/www.krafthand.de\/truck\/wp-json\/wp\/v2\/tags?post=36430"},{"taxonomy":"settings","embeddable":true,"href":"https:\/\/www.krafthand.de\/truck\/wp-json\/wp\/v2\/settings?post=36430"}],"curies":[{"name":"wp","href":"https:\/\/api.w.org\/{rel}","templated":true}]}}