{"id":36396,"date":"2023-06-15T09:23:06","date_gmt":"2023-06-15T07:23:06","guid":{"rendered":"https:\/\/www.krafthand.de\/truck\/?p=36396"},"modified":"2023-06-15T09:23:51","modified_gmt":"2023-06-15T07:23:51","slug":"schmitz-cargobull-eroeffnet-neue-produktionsstaette-in-zaragoza","status":"publish","type":"post","link":"https:\/\/www.krafthand.de\/truck\/artikel\/schmitz-cargobull-eroeffnet-neue-produktionsstaette-in-zaragoza-36396\/","title":{"rendered":"Schmitz Cargobull er\u00f6ffnet neue Produktionsst\u00e4tte in Zaragoza"},"content":{"rendered":"<p>Am 1. Juni 2023 trafen sich mehr als 700 Kunden und Partner aus der Transportbranche, um die offizielle Einweihung des neuen Werkes in Figueruelas, Zaragoza (Spanien) zu feiern. Das neue Werk f\u00fcr Sattelcurtainsider, Sattelk\u00fchlkoffer und Trockenfrachter umfasst eine Gesamtfl\u00e4che von rund 104.000 m2. Davon werden rund 20.000 m2 f\u00fcr die Produktion und Logistik, f\u00fcr B\u00fcros und f\u00fcr die Auslieferung von Neu- und Gebrauchtfahrzeugen genutzt.<\/p>\n<p>In der neuen Montagehalle produziert <a href=\"https:\/\/www.cargobull.com\/de\" target=\"_blank\" rel=\"noopener\">Schmitz Cargobull<\/a> auf nur einer Fertigungslinie sowohl Sattelcurtainsider S.CS, K\u00fchlsattelauflieger und Trockenfrachtauflieger S.KO mit einer Kapazit\u00e4t von 60 Einheiten\/Tag (20 Einheiten pro Schicht). Insgesamt investierte das Unternehmen rund 16,6 Millionen Euro in die neue Fertigungsst\u00e4tte. Eine hochmoderne Photovoltaikanlage liefert die Energie f\u00fcr den neuen Produktionsstandort.<\/p>\n<blockquote><p>&#8222;Vor mehr als 20 Jahren, haben wir hier in Spanien mit einer eigenen Produktionsst\u00e4tte den Grundstein f\u00fcr unsere Erfolgsgeschichte gelegt. Jetzt setzen wir mit unserer neuen hochmodernen Montagefertigung einen weiteren Meilenstein und sind bereit f\u00fcr weitere Schritte, wie zum Beispiel die Montage von Sattelkippern, ein Projekt, das wir erst vor wenigen Monaten gestartet haben&#8220;, sagt Andreas Schmitz, CEO von Schmitz Cargobull.<\/p><\/blockquote>\n<p>Bei der Planung und dem Bau der neuen Fertigungsanlage hat Schmitz Cargobull auch einen besonderen Schwerpunkt auf Umweltaspekte gelegt, so dass trotz der Erh\u00f6hung der Kapazit\u00e4t und der gebauten Meter eine Senkung des Energieverbrauchs um 33 Prozent erreicht wurde. Dar\u00fcber hinaus erzeugt die auf dem Dach des Werkes installierte Photovoltaikanlage mehr als 33 Prozent des gesamten Strombedarfs.<\/p>\n<p>Die Belegschaft in Spanien umfasst derzeit fast 330 Mitarbeiter. Nach einem Umsatz von 160 Millionen Euro und einer Jahresproduktion von 3.878 Einheiten im vergangenen Jahr erwartet Schmitz Cargobull in Spanien eine Steigerung der Produktion auf 5.000 Einheiten im laufenden Gesch\u00e4ftsjahr 2023\/24. Die im neuen Werk gefertigten Einheiten werden in Spanien, Frankreich, Portugal und Nordafrika vertrieben, in kleineren St\u00fcckzahlen auch in Italien, Belgien, Deutschland, der Ukraine und Bulgarien.<\/p>\n<p>&nbsp;<\/p>\n","protected":false},"excerpt":{"rendered":"<p>Am 1. Juni 2023 trafen sich mehr als 700 Kunden und Partner aus der Transportbranche, um die offizielle Einweihung des neuen Werkes in Figueruelas, Zaragoza (Spanien) zu feiern. Das neue Werk f\u00fcr Sattelcurtainsider, Sattelk\u00fchlkoffer und Trockenfrachter umfasst eine Gesamtfl\u00e4che von rund 104.000 m2. Davon werden rund 20.000 m2 f\u00fcr die Produktion und Logistik, f\u00fcr B\u00fcros und f\u00fcr die Auslieferung von Neu- und Gebrauchtfahrzeugen genutzt. <span class=\"excerpt-more__dots\">&#8230;<\/span> <a class=\"excerpt-more__link\" href=\"https:\/\/www.krafthand.de\/truck\/artikel\/schmitz-cargobull-eroeffnet-neue-produktionsstaette-in-zaragoza-36396\/\" >weiter<\/a><\/p>\n","protected":false},"author":9,"featured_media":36397,"comment_status":"closed","ping_status":"closed","sticky":false,"template":"","format":"standard","meta":{"footnotes":""},"categories":[4914,4235],"tags":[4749,5647],"settings":[3523],"class_list":["post-36396","post","type-post","status-publish","format-standard","has-post-thumbnail","hentry","category-trailer-aufbauten","category-unternehmen","tag-schmitz-cargobul","tag-werk-spanien"],"yoast_head":"<!-- This site is optimized with the Yoast SEO plugin v27.3 - https:\/\/yoast.com\/product\/yoast-seo-wordpress\/ -->\n<title>Schmitz Cargobull er\u00f6ffnet neue Produktionsst\u00e4tte in Zaragoza - Krafthand-Truck<\/title>\n<meta name=\"description\" content=\"Am 1. 6.2023 trafen sich rund 700 Kunden und Partner aus der Transportbranche, um die Einweihung des Werkes in Figueruelas, Zaragoza zu feiern.\" \/>\n<meta name=\"robots\" content=\"index, follow, max-snippet:-1, max-image-preview:large, max-video-preview:-1\" \/>\n<link rel=\"canonical\" href=\"https:\/\/www.krafthand.de\/truck\/artikel\/schmitz-cargobull-eroeffnet-neue-produktionsstaette-in-zaragoza-36396\/\" \/>\n<meta property=\"og:locale\" content=\"de_DE\" \/>\n<meta property=\"og:type\" content=\"article\" \/>\n<meta property=\"og:title\" content=\"Schmitz Cargobull er\u00f6ffnet neue Produktionsst\u00e4tte in Zaragoza - Krafthand-Truck\" \/>\n<meta property=\"og:description\" content=\"Am 1. 6.2023 trafen sich rund 700 Kunden und Partner aus der Transportbranche, um die Einweihung des Werkes in Figueruelas, Zaragoza zu feiern.\" \/>\n<meta property=\"og:url\" content=\"https:\/\/www.krafthand-truck.de\/artikel\/schmitz-cargobull-eroeffnet-neue-produktionsstaette-in-zaragoza-36396\/\" \/>\n<meta property=\"og:site_name\" content=\"Krafthand-Truck\" \/>\n<meta property=\"article:published_time\" content=\"2023-06-15T07:23:06+00:00\" \/>\n<meta property=\"article:modified_time\" content=\"2023-06-15T07:23:51+00:00\" \/>\n<meta property=\"og:image\" content=\"https:\/\/static.krafthand-truck.de\/uploads\/2023\/06\/Schmitz_Cargobull_Eroeffnung_Produktion_Spanien.jpg\" \/>\n\t<meta property=\"og:image:width\" content=\"1200\" \/>\n\t<meta property=\"og:image:height\" content=\"824\" \/>\n\t<meta property=\"og:image:type\" content=\"image\/jpeg\" \/>\n<meta name=\"author\" content=\"georg.blenk@krafthand-medien.de\" \/>\n<meta name=\"twitter:card\" content=\"summary_large_image\" \/>\n<meta name=\"twitter:label1\" content=\"Verfasst von\" \/>\n\t<meta name=\"twitter:data1\" content=\"georg.blenk@krafthand-medien.de\" \/>\n\t<meta name=\"twitter:label2\" content=\"Gesch\u00e4tzte Lesezeit\" \/>\n\t<meta name=\"twitter:data2\" content=\"2\u00a0Minuten\" \/>\n<script type=\"application\/ld+json\" class=\"yoast-schema-graph\">{\"@context\":\"https:\\\/\\\/schema.org\",\"@graph\":[{\"@type\":\"Article\",\"@id\":\"https:\\\/\\\/www.krafthand.de\\\/truck\\\/artikel\\\/schmitz-cargobull-eroeffnet-neue-produktionsstaette-in-zaragoza-36396\\\/#article\",\"isPartOf\":{\"@id\":\"https:\\\/\\\/www.krafthand.de\\\/truck\\\/artikel\\\/schmitz-cargobull-eroeffnet-neue-produktionsstaette-in-zaragoza-36396\\\/\"},\"author\":{\"name\":\"georg.blenk@krafthand-medien.de\",\"@id\":\"https:\\\/\\\/www.krafthand.de\\\/truck\\\/#\\\/schema\\\/person\\\/51fa80b1c57034c4bf63f9f988fc24ce\"},\"headline\":\"Schmitz Cargobull er\u00f6ffnet neue Produktionsst\u00e4tte in Zaragoza\",\"datePublished\":\"2023-06-15T07:23:06+00:00\",\"dateModified\":\"2023-06-15T07:23:51+00:00\",\"mainEntityOfPage\":{\"@id\":\"https:\\\/\\\/www.krafthand.de\\\/truck\\\/artikel\\\/schmitz-cargobull-eroeffnet-neue-produktionsstaette-in-zaragoza-36396\\\/\"},\"wordCount\":315,\"image\":{\"@id\":\"https:\\\/\\\/www.krafthand.de\\\/truck\\\/artikel\\\/schmitz-cargobull-eroeffnet-neue-produktionsstaette-in-zaragoza-36396\\\/#primaryimage\"},\"thumbnailUrl\":\"https:\\\/\\\/static.krafthand-truck.de\\\/uploads\\\/2023\\\/06\\\/Schmitz_Cargobull_Eroeffnung_Produktion_Spanien.jpg\",\"keywords\":[\"Schmitz Cargobul\",\"Werk Spanien\"],\"articleSection\":[\"Trailer\\\/Aufbauten\",\"Unternehmen\"],\"inLanguage\":\"de\"},{\"@type\":\"WebPage\",\"@id\":\"https:\\\/\\\/www.krafthand.de\\\/truck\\\/artikel\\\/schmitz-cargobull-eroeffnet-neue-produktionsstaette-in-zaragoza-36396\\\/\",\"url\":\"https:\\\/\\\/www.krafthand.de\\\/truck\\\/artikel\\\/schmitz-cargobull-eroeffnet-neue-produktionsstaette-in-zaragoza-36396\\\/\",\"name\":\"Schmitz Cargobull er\u00f6ffnet neue Produktionsst\u00e4tte in Zaragoza - Krafthand-Truck\",\"isPartOf\":{\"@id\":\"https:\\\/\\\/www.krafthand.de\\\/truck\\\/#website\"},\"primaryImageOfPage\":{\"@id\":\"https:\\\/\\\/www.krafthand.de\\\/truck\\\/artikel\\\/schmitz-cargobull-eroeffnet-neue-produktionsstaette-in-zaragoza-36396\\\/#primaryimage\"},\"image\":{\"@id\":\"https:\\\/\\\/www.krafthand.de\\\/truck\\\/artikel\\\/schmitz-cargobull-eroeffnet-neue-produktionsstaette-in-zaragoza-36396\\\/#primaryimage\"},\"thumbnailUrl\":\"https:\\\/\\\/static.krafthand-truck.de\\\/uploads\\\/2023\\\/06\\\/Schmitz_Cargobull_Eroeffnung_Produktion_Spanien.jpg\",\"datePublished\":\"2023-06-15T07:23:06+00:00\",\"dateModified\":\"2023-06-15T07:23:51+00:00\",\"author\":{\"@id\":\"https:\\\/\\\/www.krafthand.de\\\/truck\\\/#\\\/schema\\\/person\\\/51fa80b1c57034c4bf63f9f988fc24ce\"},\"description\":\"Am 1. 6.2023 trafen sich rund 700 Kunden und Partner aus der Transportbranche, um die Einweihung des Werkes in Figueruelas, Zaragoza zu feiern.\",\"breadcrumb\":{\"@id\":\"https:\\\/\\\/www.krafthand.de\\\/truck\\\/artikel\\\/schmitz-cargobull-eroeffnet-neue-produktionsstaette-in-zaragoza-36396\\\/#breadcrumb\"},\"inLanguage\":\"de\",\"potentialAction\":[{\"@type\":\"ReadAction\",\"target\":[\"https:\\\/\\\/www.krafthand.de\\\/truck\\\/artikel\\\/schmitz-cargobull-eroeffnet-neue-produktionsstaette-in-zaragoza-36396\\\/\"]}]},{\"@type\":\"ImageObject\",\"inLanguage\":\"de\",\"@id\":\"https:\\\/\\\/www.krafthand.de\\\/truck\\\/artikel\\\/schmitz-cargobull-eroeffnet-neue-produktionsstaette-in-zaragoza-36396\\\/#primaryimage\",\"url\":\"https:\\\/\\\/static.krafthand-truck.de\\\/uploads\\\/2023\\\/06\\\/Schmitz_Cargobull_Eroeffnung_Produktion_Spanien.jpg\",\"contentUrl\":\"https:\\\/\\\/static.krafthand-truck.de\\\/uploads\\\/2023\\\/06\\\/Schmitz_Cargobull_Eroeffnung_Produktion_Spanien.jpg\",\"width\":1200,\"height\":824,\"caption\":\"Er\u00f6ffnung des Produktionswerks in Spanien: (v.l.) Miguel Iglesias (Commercial Director Schmitz Cargobull Ib\u00e9rica), Andreas Schmitz (CEO Schmitz Cargobull), Jordi Romero (Managing Director Schmitz Cargobull Ib\u00e9rica). Bild: Schmitz Cargobull\"},{\"@type\":\"BreadcrumbList\",\"@id\":\"https:\\\/\\\/www.krafthand.de\\\/truck\\\/artikel\\\/schmitz-cargobull-eroeffnet-neue-produktionsstaette-in-zaragoza-36396\\\/#breadcrumb\",\"itemListElement\":[{\"@type\":\"ListItem\",\"position\":1,\"name\":\"Krafthand-Truck\",\"item\":\"https:\\\/\\\/www.krafthand.de\\\/truck\\\/\"},{\"@type\":\"ListItem\",\"position\":2,\"name\":\"Nfz-Branche\",\"item\":\"https:\\\/\\\/www.krafthand.de\\\/truck\\\/kategorie\\\/branche\\\/\"},{\"@type\":\"ListItem\",\"position\":3,\"name\":\"Unternehmen\",\"item\":\"https:\\\/\\\/www.krafthand.de\\\/truck\\\/kategorie\\\/branche\\\/unternehmen\\\/\"},{\"@type\":\"ListItem\",\"position\":4,\"name\":\"Schmitz Cargobull er\u00f6ffnet neue Produktionsst\u00e4tte in Zaragoza\"}]},{\"@type\":\"WebSite\",\"@id\":\"https:\\\/\\\/www.krafthand.de\\\/truck\\\/#website\",\"url\":\"https:\\\/\\\/www.krafthand.de\\\/truck\\\/\",\"name\":\"Krafthand-Truck\",\"description\":\"\",\"potentialAction\":[{\"@type\":\"SearchAction\",\"target\":{\"@type\":\"EntryPoint\",\"urlTemplate\":\"https:\\\/\\\/www.krafthand.de\\\/truck\\\/?s={search_term_string}\"},\"query-input\":{\"@type\":\"PropertyValueSpecification\",\"valueRequired\":true,\"valueName\":\"search_term_string\"}}],\"inLanguage\":\"de\"},{\"@type\":\"Person\",\"@id\":\"https:\\\/\\\/www.krafthand.de\\\/truck\\\/#\\\/schema\\\/person\\\/51fa80b1c57034c4bf63f9f988fc24ce\",\"name\":\"georg.blenk@krafthand-medien.de\",\"image\":{\"@type\":\"ImageObject\",\"inLanguage\":\"de\",\"@id\":\"https:\\\/\\\/secure.gravatar.com\\\/avatar\\\/93713c30affe0aa95d3a4130e499bb1abee2eb31adbdd9ce2aa1543538490215?s=96&d=mm&r=g\",\"url\":\"https:\\\/\\\/secure.gravatar.com\\\/avatar\\\/93713c30affe0aa95d3a4130e499bb1abee2eb31adbdd9ce2aa1543538490215?s=96&d=mm&r=g\",\"contentUrl\":\"https:\\\/\\\/secure.gravatar.com\\\/avatar\\\/93713c30affe0aa95d3a4130e499bb1abee2eb31adbdd9ce2aa1543538490215?s=96&d=mm&r=g\",\"caption\":\"georg.blenk@krafthand-medien.de\"}}]}<\/script>\n<!-- \/ Yoast SEO plugin. -->","yoast_head_json":{"title":"Schmitz Cargobull er\u00f6ffnet neue Produktionsst\u00e4tte in Zaragoza - Krafthand-Truck","description":"Am 1. 6.2023 trafen sich rund 700 Kunden und Partner aus der Transportbranche, um die Einweihung des Werkes in Figueruelas, Zaragoza zu feiern.","robots":{"index":"index","follow":"follow","max-snippet":"max-snippet:-1","max-image-preview":"max-image-preview:large","max-video-preview":"max-video-preview:-1"},"canonical":"https:\/\/www.krafthand.de\/truck\/artikel\/schmitz-cargobull-eroeffnet-neue-produktionsstaette-in-zaragoza-36396\/","og_locale":"de_DE","og_type":"article","og_title":"Schmitz Cargobull er\u00f6ffnet neue Produktionsst\u00e4tte in Zaragoza - Krafthand-Truck","og_description":"Am 1. 6.2023 trafen sich rund 700 Kunden und Partner aus der Transportbranche, um die Einweihung des Werkes in Figueruelas, Zaragoza zu feiern.","og_url":"https:\/\/www.krafthand-truck.de\/artikel\/schmitz-cargobull-eroeffnet-neue-produktionsstaette-in-zaragoza-36396\/","og_site_name":"Krafthand-Truck","article_published_time":"2023-06-15T07:23:06+00:00","article_modified_time":"2023-06-15T07:23:51+00:00","og_image":[{"width":1200,"height":824,"url":"https:\/\/static.krafthand-truck.de\/uploads\/2023\/06\/Schmitz_Cargobull_Eroeffnung_Produktion_Spanien.jpg","type":"image\/jpeg"}],"author":"georg.blenk@krafthand-medien.de","twitter_card":"summary_large_image","twitter_misc":{"Verfasst von":"georg.blenk@krafthand-medien.de","Gesch\u00e4tzte Lesezeit":"2\u00a0Minuten"},"schema":{"@context":"https:\/\/schema.org","@graph":[{"@type":"Article","@id":"https:\/\/www.krafthand.de\/truck\/artikel\/schmitz-cargobull-eroeffnet-neue-produktionsstaette-in-zaragoza-36396\/#article","isPartOf":{"@id":"https:\/\/www.krafthand.de\/truck\/artikel\/schmitz-cargobull-eroeffnet-neue-produktionsstaette-in-zaragoza-36396\/"},"author":{"name":"georg.blenk@krafthand-medien.de","@id":"https:\/\/www.krafthand.de\/truck\/#\/schema\/person\/51fa80b1c57034c4bf63f9f988fc24ce"},"headline":"Schmitz Cargobull er\u00f6ffnet neue Produktionsst\u00e4tte in Zaragoza","datePublished":"2023-06-15T07:23:06+00:00","dateModified":"2023-06-15T07:23:51+00:00","mainEntityOfPage":{"@id":"https:\/\/www.krafthand.de\/truck\/artikel\/schmitz-cargobull-eroeffnet-neue-produktionsstaette-in-zaragoza-36396\/"},"wordCount":315,"image":{"@id":"https:\/\/www.krafthand.de\/truck\/artikel\/schmitz-cargobull-eroeffnet-neue-produktionsstaette-in-zaragoza-36396\/#primaryimage"},"thumbnailUrl":"https:\/\/static.krafthand-truck.de\/uploads\/2023\/06\/Schmitz_Cargobull_Eroeffnung_Produktion_Spanien.jpg","keywords":["Schmitz Cargobul","Werk Spanien"],"articleSection":["Trailer\/Aufbauten","Unternehmen"],"inLanguage":"de"},{"@type":"WebPage","@id":"https:\/\/www.krafthand.de\/truck\/artikel\/schmitz-cargobull-eroeffnet-neue-produktionsstaette-in-zaragoza-36396\/","url":"https:\/\/www.krafthand.de\/truck\/artikel\/schmitz-cargobull-eroeffnet-neue-produktionsstaette-in-zaragoza-36396\/","name":"Schmitz Cargobull er\u00f6ffnet neue Produktionsst\u00e4tte in Zaragoza - Krafthand-Truck","isPartOf":{"@id":"https:\/\/www.krafthand.de\/truck\/#website"},"primaryImageOfPage":{"@id":"https:\/\/www.krafthand.de\/truck\/artikel\/schmitz-cargobull-eroeffnet-neue-produktionsstaette-in-zaragoza-36396\/#primaryimage"},"image":{"@id":"https:\/\/www.krafthand.de\/truck\/artikel\/schmitz-cargobull-eroeffnet-neue-produktionsstaette-in-zaragoza-36396\/#primaryimage"},"thumbnailUrl":"https:\/\/static.krafthand-truck.de\/uploads\/2023\/06\/Schmitz_Cargobull_Eroeffnung_Produktion_Spanien.jpg","datePublished":"2023-06-15T07:23:06+00:00","dateModified":"2023-06-15T07:23:51+00:00","author":{"@id":"https:\/\/www.krafthand.de\/truck\/#\/schema\/person\/51fa80b1c57034c4bf63f9f988fc24ce"},"description":"Am 1. 6.2023 trafen sich rund 700 Kunden und Partner aus der Transportbranche, um die Einweihung des Werkes in Figueruelas, Zaragoza zu feiern.","breadcrumb":{"@id":"https:\/\/www.krafthand.de\/truck\/artikel\/schmitz-cargobull-eroeffnet-neue-produktionsstaette-in-zaragoza-36396\/#breadcrumb"},"inLanguage":"de","potentialAction":[{"@type":"ReadAction","target":["https:\/\/www.krafthand.de\/truck\/artikel\/schmitz-cargobull-eroeffnet-neue-produktionsstaette-in-zaragoza-36396\/"]}]},{"@type":"ImageObject","inLanguage":"de","@id":"https:\/\/www.krafthand.de\/truck\/artikel\/schmitz-cargobull-eroeffnet-neue-produktionsstaette-in-zaragoza-36396\/#primaryimage","url":"https:\/\/static.krafthand-truck.de\/uploads\/2023\/06\/Schmitz_Cargobull_Eroeffnung_Produktion_Spanien.jpg","contentUrl":"https:\/\/static.krafthand-truck.de\/uploads\/2023\/06\/Schmitz_Cargobull_Eroeffnung_Produktion_Spanien.jpg","width":1200,"height":824,"caption":"Er\u00f6ffnung des Produktionswerks in Spanien: (v.l.) Miguel Iglesias (Commercial Director Schmitz Cargobull Ib\u00e9rica), Andreas Schmitz (CEO Schmitz Cargobull), Jordi Romero (Managing Director Schmitz Cargobull Ib\u00e9rica). Bild: Schmitz Cargobull"},{"@type":"BreadcrumbList","@id":"https:\/\/www.krafthand.de\/truck\/artikel\/schmitz-cargobull-eroeffnet-neue-produktionsstaette-in-zaragoza-36396\/#breadcrumb","itemListElement":[{"@type":"ListItem","position":1,"name":"Krafthand-Truck","item":"https:\/\/www.krafthand.de\/truck\/"},{"@type":"ListItem","position":2,"name":"Nfz-Branche","item":"https:\/\/www.krafthand.de\/truck\/kategorie\/branche\/"},{"@type":"ListItem","position":3,"name":"Unternehmen","item":"https:\/\/www.krafthand.de\/truck\/kategorie\/branche\/unternehmen\/"},{"@type":"ListItem","position":4,"name":"Schmitz Cargobull er\u00f6ffnet neue Produktionsst\u00e4tte in Zaragoza"}]},{"@type":"WebSite","@id":"https:\/\/www.krafthand.de\/truck\/#website","url":"https:\/\/www.krafthand.de\/truck\/","name":"Krafthand-Truck","description":"","potentialAction":[{"@type":"SearchAction","target":{"@type":"EntryPoint","urlTemplate":"https:\/\/www.krafthand.de\/truck\/?s={search_term_string}"},"query-input":{"@type":"PropertyValueSpecification","valueRequired":true,"valueName":"search_term_string"}}],"inLanguage":"de"},{"@type":"Person","@id":"https:\/\/www.krafthand.de\/truck\/#\/schema\/person\/51fa80b1c57034c4bf63f9f988fc24ce","name":"georg.blenk@krafthand-medien.de","image":{"@type":"ImageObject","inLanguage":"de","@id":"https:\/\/secure.gravatar.com\/avatar\/93713c30affe0aa95d3a4130e499bb1abee2eb31adbdd9ce2aa1543538490215?s=96&d=mm&r=g","url":"https:\/\/secure.gravatar.com\/avatar\/93713c30affe0aa95d3a4130e499bb1abee2eb31adbdd9ce2aa1543538490215?s=96&d=mm&r=g","contentUrl":"https:\/\/secure.gravatar.com\/avatar\/93713c30affe0aa95d3a4130e499bb1abee2eb31adbdd9ce2aa1543538490215?s=96&d=mm&r=g","caption":"georg.blenk@krafthand-medien.de"}}]}},"_links":{"self":[{"href":"https:\/\/www.krafthand.de\/truck\/wp-json\/wp\/v2\/posts\/36396","targetHints":{"allow":["GET"]}}],"collection":[{"href":"https:\/\/www.krafthand.de\/truck\/wp-json\/wp\/v2\/posts"}],"about":[{"href":"https:\/\/www.krafthand.de\/truck\/wp-json\/wp\/v2\/types\/post"}],"author":[{"embeddable":true,"href":"https:\/\/www.krafthand.de\/truck\/wp-json\/wp\/v2\/users\/9"}],"replies":[{"embeddable":true,"href":"https:\/\/www.krafthand.de\/truck\/wp-json\/wp\/v2\/comments?post=36396"}],"version-history":[{"count":7,"href":"https:\/\/www.krafthand.de\/truck\/wp-json\/wp\/v2\/posts\/36396\/revisions"}],"predecessor-version":[{"id":36404,"href":"https:\/\/www.krafthand.de\/truck\/wp-json\/wp\/v2\/posts\/36396\/revisions\/36404"}],"wp:featuredmedia":[{"embeddable":true,"href":"https:\/\/www.krafthand.de\/truck\/wp-json\/wp\/v2\/media\/36397"}],"wp:attachment":[{"href":"https:\/\/www.krafthand.de\/truck\/wp-json\/wp\/v2\/media?parent=36396"}],"wp:term":[{"taxonomy":"category","embeddable":true,"href":"https:\/\/www.krafthand.de\/truck\/wp-json\/wp\/v2\/categories?post=36396"},{"taxonomy":"post_tag","embeddable":true,"href":"https:\/\/www.krafthand.de\/truck\/wp-json\/wp\/v2\/tags?post=36396"},{"taxonomy":"settings","embeddable":true,"href":"https:\/\/www.krafthand.de\/truck\/wp-json\/wp\/v2\/settings?post=36396"}],"curies":[{"name":"wp","href":"https:\/\/api.w.org\/{rel}","templated":true}]}}