{"id":36355,"date":"2023-06-13T10:15:37","date_gmt":"2023-06-13T08:15:37","guid":{"rendered":"https:\/\/www.krafthand.de\/truck\/?p=36355"},"modified":"2023-06-19T09:21:37","modified_gmt":"2023-06-19T07:21:37","slug":"mercedes-benz-werke-bereiten-serienfertigung-fuer-eactros-600-vor","status":"publish","type":"post","link":"https:\/\/www.krafthand.de\/truck\/artikel\/mercedes-benz-werke-bereiten-serienfertigung-fuer-eactros-600-vor-36355\/","title":{"rendered":"Mercedes-Benz-Werke bereiten Serienfertigung f\u00fcr eActros 600 vor"},"content":{"rendered":"<p>Der batterieelektrische Mercedes-Benz Lkw f\u00fcr den Fernverkehr mit der Bezeichnung eActros 600, soll in K\u00fcrze in Serie gebaut werden. Das Fahrzeug wurde auf der IAA Transportation als <strong>eActros LongHaul<\/strong> erstmals als Konzeptfahrzeug der \u00d6ffentlichkeit vorgestellt. Jetzt bereiten die Mercedes-Benz Werke in W\u00f6rth, Mannheim, Gaggenau und Kassel die Serienfertigung vor. Die Fertigung von Prototypen f\u00fcr die Kunden-Erprobungsflotte l\u00e4uft bereits, die Serienreife des eActros 600 ist f\u00fcr 2024 geplant.<\/p>\n<h3>Antriebsachse aus eigener Fertigung<\/h3>\n<p>Die Typbezeichnung 600 leitet sich \u2013 wie beim eActros 300\/400 f\u00fcr den Verteilerverkehr \u2013 von der Batteriekapazit\u00e4t in Kilowattstunden ab. Die hohe Batteriekapazit\u00e4t sowie eine neue elektrische Antriebsachse aus eigener Entwicklung, sollen eine Reichweite von etwa 500 Kilometern ohne Zwischenladen erm\u00f6glichen. Der als \u201eNeuer eActros 600\u201c vermarktete E-Truck soll durch seinen niedrigen Energieverbrauch der f\u00fcr Kunden im Vergleich zum konventionellen Diesel-Actros wirtschaftlichste Fernverkehrs-Lkw von Mercedes-Benz Trucks sein. Der Hersteller erwartet, dass der E-Lkw damit die tiefgreifende Transformation des Stra\u00dfeng\u00fcterverkehrs hin zu CO2-neutralen Antrieben signifikant beschleunigen wird.<\/p>\n<figure id=\"attachment_34791\" aria-describedby=\"caption-attachment-34791\" style=\"width: 800px\" class=\"wp-caption aligncenter\"><img fetchpriority=\"high\" decoding=\"async\" class=\"wp-image-34791\" src=\"https:\/\/static.krafthand-truck.de\/uploads\/2023\/01\/Mercedes_Benz_eActros_LongHaul_02-300x187.jpg\" alt=\"\" width=\"800\" height=\"497\" srcset=\"https:\/\/static.krafthand-truck.de\/uploads\/2023\/01\/Mercedes_Benz_eActros_LongHaul_02-300x187.jpg 300w, https:\/\/static.krafthand-truck.de\/uploads\/2023\/01\/Mercedes_Benz_eActros_LongHaul_02-1024x637.jpg 1024w, https:\/\/static.krafthand-truck.de\/uploads\/2023\/01\/Mercedes_Benz_eActros_LongHaul_02-768x477.jpg 768w, https:\/\/static.krafthand-truck.de\/uploads\/2023\/01\/Mercedes_Benz_eActros_LongHaul_02.jpg 1200w\" sizes=\"(max-width: 800px) 100vw, 800px\" \/><figcaption id=\"caption-attachment-34791\" class=\"wp-caption-text\">Im eActros 600 kommen Batterien mit Lithium-Eisenphosphat-Zelltechnologie (LFP) zum Einsatz. Diese zeichnen sich vor allem durch eine hohe Lebensdauer und mehr nutzbare Energie aus. Die Batterien sollen sich in der Serie an einer Lades\u00e4ule mit etwa einem Megawatt Leistung in deutlich unter 30 Minuten von 20 auf 80 Prozent aufladen lassen. Bild: Daimler-Truck<\/figcaption><\/figure>\n<h3>Erfahrungen aus Prototypen-Aufbau im Werk W\u00f6rth flie\u00dfen in Serienentwicklung ein<\/h3>\n<p>Der eActros 600 wird auf der bestehenden Montagelinie der W\u00f6rther Produktion gefertigt, parallel und flexibel neben den Lkw, die einen Dieselantrieb erhalten. Dort wird er auch mit den elektrischen Antriebskomponenten ausgestattet. In mehreren Produktionsschritten werden unter anderem die E-Achse, Hochvoltbatterien sowie die Frontbox, ein komplexes Technologiemodul, eingebaut. Nachdem s\u00e4mtliche Hochvolt-Komponenten montiert sind, geht das Gesamtsystem in Betrieb und der Lkw ist fahrbereit. Um die Serienfertigung optimal vorzubereiten, arbeitet die sogenannte Anlaufmannschaft der Produktion eng mit den Entwicklern zusammen. So soll sichergestellt werden, dass die Erfahrungen aus dem Bau der Prototypen in die weitere Entwicklung des Fahrzeugs einflie\u00dfen. Aktuell werden die Prototypen-Fahrzeuge so seriennah wie m\u00f6glich am Montageband aufgebaut.<\/p>\n<h3>Mercedes-Benz Werke Mannheim, Gaggenau und Kassel liefern Schl\u00fcsselkomponenten<\/h3>\n<p>Die Komponentenwerke Mannheim, Kassel und Gaggenau spielen bei der Elektrifizierung des Produktportfolios ebenfalls eine wichtige Rolle. Alle drei Standorte befinden sich derzeit \u2013 genau wie der Standort W\u00f6rth \u2013 im Wandel von der Dieseltechnologie zu Kompetenzzentren f\u00fcr elektrische Antriebskomponenten.<\/p>\n<p>Das Mercedes-Benz <strong>Werk Mannheim<\/strong>, f\u00fchrendes Werk f\u00fcr Nutzfahrzeugmotoren, nutzt die \u00fcber 25 Jahre lange Erfahrung des im Werk angesiedelten Kompetenzzentrums f\u00fcr Emissionsfreie Mobilit\u00e4t (KEM) und fokussiert sich auf Batterietechnologien und Hochvoltsysteme. F\u00fcr den eActros 600 entsteht in Mannheim die sogenannte Frontbox \u2013 sowohl in der Prototypenphase als auch in der sp\u00e4teren Serienfertigung. Sie ist ein komplexes, montageintensives Modul f\u00fcr batteriebetriebene Fahrzeuge, mit dem der ehemalige Bauraum des Verbrennungsmotors effizient genutzt wird. In der Frontbox werden mehrere Steuerger\u00e4te und Hochvolt-Komponenten sowie der elektrische Luftpresser geb\u00fcndelt \u2013 die Montage aller Einzelkomponenten, von der Rahmenvorbereitung bis hin zu den Hochvoltpr\u00fcfungen dieser Einheiten, werden im Mercedes-Benz Werk Mannheim durchgef\u00fchrt.<\/p>\n<p>Das Mercedes-Benz <strong>Werk Gaggenau<\/strong>, spezialisiert auf schwere Nutzfahrzeuggetriebe, entwickelt sich derzeit laut Daimler Truck zum Kompetenzzentrum f\u00fcr elektrische Antriebskomponenten weiter. Bereits seit 2021 werden wesentliche Teile f\u00fcr die E-Achse des eActros 300\/400 f\u00fcr den Verteilerverkehr und den eEconic in Gaggenau gefertigt. Dies wird auch f\u00fcr zentrale Komponenten der neuen Generation der E-Achse, die den eActros 600 antreiben wird, der Fall sein \u2013 aktuell noch prototypisch, sp\u00e4ter dann in Serie. Es handelt sich in der Hauptsache um mechanische Teile, wie Gaggenau sie bereits seit vielen Jahren f\u00fcr Fahrzeuge mit herk\u00f6mmlichen Antriebsstr\u00e4ngen fertigt: Getriebekomponenten wie Wellen und R\u00e4der sowie Geh\u00e4useteile, die Gaggenau nach Kassel liefert, wo die komplette Montage der Achs- und Getriebekomponenten stattfindet.<\/p>\n<p>Montiert werden die E-Achsen im Mercedes-Benz <strong>Werk Kassel<\/strong>, dem Kompetenzzentrum f\u00fcr konventionelle Achsen und elektrische Antriebssysteme. Die neue Generation der E-Achse des eActros 600 ist speziell f\u00fcr den Einsatz im Langstreckenverkehr entwickelt worden. Sie verf\u00fcgt \u00fcber eine Reihe technischer Neuerungen f\u00fcr h\u00f6here Leistung und Effizienz. Ihre Architektur basiert zudem auf einem System mit Auslegung auf 800 anstatt 400 Volt. Aktuell befindet sich das Werk Kassel in der Prototypenphase der E-Achs-Montage f\u00fcr den eActros 600. F\u00fcr den Serienstart entsteht eine neue Montagelinie inklusive Test- und Pr\u00fcfstationen der funktions- und sicherheitsrelevanten Merkmale. Genau wie f\u00fcr die E-Achse, die aktuell im eActros 300\/400 und eEconic zum Einsatz kommt und die bereits in Kassel gefertigt wird, gilt auch f\u00fcr die neue Generation das \u201eGleichteile-Prinzip\u201c. Das bedeutet, dass Rumpfachse sowie Radkopf und Bremsenumf\u00e4nge aus der konventionellen Achse stammen, die das Werk Kassel seit \u00fcber zwei Jahrzehnten fertigt. Die Komponenten werden hochflexibel auf der konventionellen Montagelinie produziert, sodass das Werk je nach Auftragslage zwischen konventioneller und elektrischer Achse variieren kann.<\/p>\n<figure id=\"attachment_34788\" aria-describedby=\"caption-attachment-34788\" style=\"width: 800px\" class=\"wp-caption aligncenter\"><img decoding=\"async\" class=\"wp-image-34788\" src=\"https:\/\/static.krafthand-truck.de\/uploads\/2023\/01\/Mercedes_Benz_eActros_Long_Haul_IAA_2022-300x167.jpg\" alt=\"\" width=\"800\" height=\"445\" srcset=\"https:\/\/static.krafthand-truck.de\/uploads\/2023\/01\/Mercedes_Benz_eActros_Long_Haul_IAA_2022-300x167.jpg 300w, https:\/\/static.krafthand-truck.de\/uploads\/2023\/01\/Mercedes_Benz_eActros_Long_Haul_IAA_2022-1024x569.jpg 1024w, https:\/\/static.krafthand-truck.de\/uploads\/2023\/01\/Mercedes_Benz_eActros_Long_Haul_IAA_2022-768x427.jpg 768w, https:\/\/static.krafthand-truck.de\/uploads\/2023\/01\/Mercedes_Benz_eActros_Long_Haul_IAA_2022.jpg 1200w\" sizes=\"(max-width: 800px) 100vw, 800px\" \/><figcaption id=\"caption-attachment-34788\" class=\"wp-caption-text\">Der eActros LongHaul wurde erstmals auf der IAA Transportation im Oktober 2022 vorgestellt. Bild: Georg Blenk<\/figcaption><\/figure>\n<h3>Mannschaft wird fit f\u00fcr Elektromobilit\u00e4t gemacht<\/h3>\n<p>Im Zuge der Transformation hin zum CO2-neutralen Transport entwickeln die Produktionsstandorte die Belegschaft f\u00fcr die Fertigung von Lkw mit neuen Antrieben kontinuierlich weiter. Dazu geh\u00f6rt auch, dass Mitarbeiterinnen und Mitarbeiter, die an Hochvolt-Komponenten oder Fahrzeugen wie dem eActros arbeiten, bestimmte Aus- und Weiterbildungen durchlaufen. Allein im Werk W\u00f6rth wurden bis heute 2.700 Mitarbeiterinnen und Mitarbeiter am standorteigenen Aus- und Weiterbildungszentrum f\u00fcr den Umgang mit Hochvolt-Fahrzeugen und Komponenten ausgebildet.<\/p>\n<p>&nbsp;<\/p>\n\r\n\t\t\t\t<div class=\"post-author\">\r\n\t\t\t\t\t<div class=\"khm-cp-author clearfix\">\r\n\t\t\t\t\t\t<div class=\"khm-cp-author__content\">\r\n\t\t\t\t\t\t\t\tKontakt zum Autor:<br \/>\r\n\t\t\t\t\t\t\t\t<strong>Georg Blenk<\/strong>, 08247 \/ 3007-45 |  <a href=\"mailto:georg.blenk@krafthand-medien.de\">georg.blenk@krafthand-medien.de<\/a>\r\n\t\t\t\t\t\t\t<div class=\"khm-cp-author__image\">\r\n\t\t\t\t\t\t<img src=\"https:\/\/static.krafthand-truck.de\/uploads\/2021\/01\/Blenk_6104-250x300-1-removebg-preview.png\" class=\"img-responsive\">\r\n\t\t\t\t\t<\/div>\r\n\t\t\t\t\t\t<\/div>\r\n\t\t\t\t\t<\/div>\r\n\t\t\t\t<\/div>\r\n\t\t\t\t","protected":false},"excerpt":{"rendered":"<p>Der batterieelektrische Mercedes-Benz Lkw f\u00fcr den Fernverkehr mit der Bezeichnung eActros 600, soll in K\u00fcrze in Serie gebaut werden. Das Fahrzeug wurde auf der IAA Transportation als eActros LongHaul erstmals als Konzeptfahrzeug der \u00d6ffentlichkeit vorgestellt. Jetzt bereiten die Mercedes-Benz Werke in W\u00f6rth, Mannheim, Gaggenau und Kassel die Serienfertigung vor. <span class=\"excerpt-more__dots\">&#8230;<\/span> <a class=\"excerpt-more__link\" href=\"https:\/\/www.krafthand.de\/truck\/artikel\/mercedes-benz-werke-bereiten-serienfertigung-fuer-eactros-600-vor-36355\/\" >weiter<\/a><\/p>\n","protected":false},"author":9,"featured_media":36357,"comment_status":"closed","ping_status":"closed","sticky":false,"template":"","format":"standard","meta":{"footnotes":""},"categories":[4915],"tags":[4450,5237,3210],"settings":[3524,3523],"class_list":["post-36355","post","type-post","status-publish","format-standard","has-post-thumbnail","hentry","category-neue-fahrzeuge","tag-eactros","tag-longhaul","tag-produktion"],"yoast_head":"<!-- This site is optimized with the Yoast SEO plugin v27.3 - https:\/\/yoast.com\/product\/yoast-seo-wordpress\/ -->\n<title>Mercedes-Benz-Werke bereiten Serienfertigung f\u00fcr eActros 600 vor - Krafthand-Truck<\/title>\n<meta name=\"description\" content=\"Daimler Truck bereitet in den Mercedes-Benz Werken in W\u00f6rth, Mannheim, Gaggenau und Kassel die Serienfertigung des eActros 600 vor.\" \/>\n<meta name=\"robots\" content=\"index, follow, max-snippet:-1, max-image-preview:large, max-video-preview:-1\" \/>\n<link rel=\"canonical\" href=\"https:\/\/www.krafthand.de\/truck\/artikel\/mercedes-benz-werke-bereiten-serienfertigung-fuer-eactros-600-vor-36355\/\" \/>\n<meta property=\"og:locale\" content=\"de_DE\" \/>\n<meta property=\"og:type\" content=\"article\" \/>\n<meta property=\"og:title\" content=\"Mercedes-Benz-Werke bereiten Serienfertigung f\u00fcr eActros 600 vor - Krafthand-Truck\" \/>\n<meta property=\"og:description\" content=\"Daimler Truck bereitet in den Mercedes-Benz Werken in W\u00f6rth, Mannheim, Gaggenau und Kassel die Serienfertigung des eActros 600 vor.\" \/>\n<meta property=\"og:url\" content=\"https:\/\/www.krafthand-truck.de\/artikel\/mercedes-benz-werke-bereiten-serienfertigung-fuer-eactros-600-vor-36355\/\" \/>\n<meta property=\"og:site_name\" content=\"Krafthand-Truck\" \/>\n<meta property=\"article:published_time\" content=\"2023-06-13T08:15:37+00:00\" \/>\n<meta property=\"article:modified_time\" content=\"2023-06-19T07:21:37+00:00\" \/>\n<meta property=\"og:image\" content=\"https:\/\/static.krafthand-truck.de\/uploads\/2023\/06\/Mercedes_Benz_Produktion_eActros_LongHaul.jpg\" \/>\n\t<meta property=\"og:image:width\" content=\"1200\" \/>\n\t<meta property=\"og:image:height\" content=\"676\" \/>\n\t<meta property=\"og:image:type\" content=\"image\/jpeg\" \/>\n<meta name=\"author\" content=\"georg.blenk@krafthand-medien.de\" \/>\n<meta name=\"twitter:card\" content=\"summary_large_image\" \/>\n<meta name=\"twitter:label1\" content=\"Verfasst von\" \/>\n\t<meta name=\"twitter:data1\" content=\"georg.blenk@krafthand-medien.de\" \/>\n\t<meta name=\"twitter:label2\" content=\"Gesch\u00e4tzte Lesezeit\" \/>\n\t<meta name=\"twitter:data2\" content=\"6\u00a0Minuten\" \/>\n<script type=\"application\/ld+json\" class=\"yoast-schema-graph\">{\"@context\":\"https:\\\/\\\/schema.org\",\"@graph\":[{\"@type\":\"Article\",\"@id\":\"https:\\\/\\\/www.krafthand.de\\\/truck\\\/artikel\\\/mercedes-benz-werke-bereiten-serienfertigung-fuer-eactros-600-vor-36355\\\/#article\",\"isPartOf\":{\"@id\":\"https:\\\/\\\/www.krafthand.de\\\/truck\\\/artikel\\\/mercedes-benz-werke-bereiten-serienfertigung-fuer-eactros-600-vor-36355\\\/\"},\"author\":{\"name\":\"georg.blenk@krafthand-medien.de\",\"@id\":\"https:\\\/\\\/www.krafthand.de\\\/truck\\\/#\\\/schema\\\/person\\\/51fa80b1c57034c4bf63f9f988fc24ce\"},\"headline\":\"Mercedes-Benz-Werke bereiten Serienfertigung f\u00fcr eActros 600 vor\",\"datePublished\":\"2023-06-13T08:15:37+00:00\",\"dateModified\":\"2023-06-19T07:21:37+00:00\",\"mainEntityOfPage\":{\"@id\":\"https:\\\/\\\/www.krafthand.de\\\/truck\\\/artikel\\\/mercedes-benz-werke-bereiten-serienfertigung-fuer-eactros-600-vor-36355\\\/\"},\"wordCount\":900,\"image\":{\"@id\":\"https:\\\/\\\/www.krafthand.de\\\/truck\\\/artikel\\\/mercedes-benz-werke-bereiten-serienfertigung-fuer-eactros-600-vor-36355\\\/#primaryimage\"},\"thumbnailUrl\":\"https:\\\/\\\/static.krafthand-truck.de\\\/uploads\\\/2023\\\/06\\\/Mercedes_Benz_Produktion_eActros_LongHaul.jpg\",\"keywords\":[\"eActros\",\"LongHaul\",\"Produktion\"],\"articleSection\":[\"Neue Fahrzeuge\"],\"inLanguage\":\"de\"},{\"@type\":\"WebPage\",\"@id\":\"https:\\\/\\\/www.krafthand.de\\\/truck\\\/artikel\\\/mercedes-benz-werke-bereiten-serienfertigung-fuer-eactros-600-vor-36355\\\/\",\"url\":\"https:\\\/\\\/www.krafthand.de\\\/truck\\\/artikel\\\/mercedes-benz-werke-bereiten-serienfertigung-fuer-eactros-600-vor-36355\\\/\",\"name\":\"Mercedes-Benz-Werke bereiten Serienfertigung f\u00fcr eActros 600 vor - Krafthand-Truck\",\"isPartOf\":{\"@id\":\"https:\\\/\\\/www.krafthand.de\\\/truck\\\/#website\"},\"primaryImageOfPage\":{\"@id\":\"https:\\\/\\\/www.krafthand.de\\\/truck\\\/artikel\\\/mercedes-benz-werke-bereiten-serienfertigung-fuer-eactros-600-vor-36355\\\/#primaryimage\"},\"image\":{\"@id\":\"https:\\\/\\\/www.krafthand.de\\\/truck\\\/artikel\\\/mercedes-benz-werke-bereiten-serienfertigung-fuer-eactros-600-vor-36355\\\/#primaryimage\"},\"thumbnailUrl\":\"https:\\\/\\\/static.krafthand-truck.de\\\/uploads\\\/2023\\\/06\\\/Mercedes_Benz_Produktion_eActros_LongHaul.jpg\",\"datePublished\":\"2023-06-13T08:15:37+00:00\",\"dateModified\":\"2023-06-19T07:21:37+00:00\",\"author\":{\"@id\":\"https:\\\/\\\/www.krafthand.de\\\/truck\\\/#\\\/schema\\\/person\\\/51fa80b1c57034c4bf63f9f988fc24ce\"},\"description\":\"Daimler Truck bereitet in den Mercedes-Benz Werken in W\u00f6rth, Mannheim, Gaggenau und Kassel die Serienfertigung des eActros 600 vor.\",\"breadcrumb\":{\"@id\":\"https:\\\/\\\/www.krafthand.de\\\/truck\\\/artikel\\\/mercedes-benz-werke-bereiten-serienfertigung-fuer-eactros-600-vor-36355\\\/#breadcrumb\"},\"inLanguage\":\"de\",\"potentialAction\":[{\"@type\":\"ReadAction\",\"target\":[\"https:\\\/\\\/www.krafthand.de\\\/truck\\\/artikel\\\/mercedes-benz-werke-bereiten-serienfertigung-fuer-eactros-600-vor-36355\\\/\"]}]},{\"@type\":\"ImageObject\",\"inLanguage\":\"de\",\"@id\":\"https:\\\/\\\/www.krafthand.de\\\/truck\\\/artikel\\\/mercedes-benz-werke-bereiten-serienfertigung-fuer-eactros-600-vor-36355\\\/#primaryimage\",\"url\":\"https:\\\/\\\/static.krafthand-truck.de\\\/uploads\\\/2023\\\/06\\\/Mercedes_Benz_Produktion_eActros_LongHaul.jpg\",\"contentUrl\":\"https:\\\/\\\/static.krafthand-truck.de\\\/uploads\\\/2023\\\/06\\\/Mercedes_Benz_Produktion_eActros_LongHaul.jpg\",\"width\":1200,\"height\":676},{\"@type\":\"BreadcrumbList\",\"@id\":\"https:\\\/\\\/www.krafthand.de\\\/truck\\\/artikel\\\/mercedes-benz-werke-bereiten-serienfertigung-fuer-eactros-600-vor-36355\\\/#breadcrumb\",\"itemListElement\":[{\"@type\":\"ListItem\",\"position\":1,\"name\":\"Krafthand-Truck\",\"item\":\"https:\\\/\\\/www.krafthand.de\\\/truck\\\/\"},{\"@type\":\"ListItem\",\"position\":2,\"name\":\"IT+Fuhrpark\",\"item\":\"https:\\\/\\\/www.krafthand.de\\\/truck\\\/kategorie\\\/fuhrpark\\\/\"},{\"@type\":\"ListItem\",\"position\":3,\"name\":\"Neue Fahrzeuge\",\"item\":\"https:\\\/\\\/www.krafthand.de\\\/truck\\\/kategorie\\\/fuhrpark\\\/neue-fahrzeuge\\\/\"},{\"@type\":\"ListItem\",\"position\":4,\"name\":\"Mercedes-Benz-Werke bereiten Serienfertigung f\u00fcr eActros 600 vor\"}]},{\"@type\":\"WebSite\",\"@id\":\"https:\\\/\\\/www.krafthand.de\\\/truck\\\/#website\",\"url\":\"https:\\\/\\\/www.krafthand.de\\\/truck\\\/\",\"name\":\"Krafthand-Truck\",\"description\":\"\",\"potentialAction\":[{\"@type\":\"SearchAction\",\"target\":{\"@type\":\"EntryPoint\",\"urlTemplate\":\"https:\\\/\\\/www.krafthand.de\\\/truck\\\/?s={search_term_string}\"},\"query-input\":{\"@type\":\"PropertyValueSpecification\",\"valueRequired\":true,\"valueName\":\"search_term_string\"}}],\"inLanguage\":\"de\"},{\"@type\":\"Person\",\"@id\":\"https:\\\/\\\/www.krafthand.de\\\/truck\\\/#\\\/schema\\\/person\\\/51fa80b1c57034c4bf63f9f988fc24ce\",\"name\":\"georg.blenk@krafthand-medien.de\",\"image\":{\"@type\":\"ImageObject\",\"inLanguage\":\"de\",\"@id\":\"https:\\\/\\\/secure.gravatar.com\\\/avatar\\\/93713c30affe0aa95d3a4130e499bb1abee2eb31adbdd9ce2aa1543538490215?s=96&d=mm&r=g\",\"url\":\"https:\\\/\\\/secure.gravatar.com\\\/avatar\\\/93713c30affe0aa95d3a4130e499bb1abee2eb31adbdd9ce2aa1543538490215?s=96&d=mm&r=g\",\"contentUrl\":\"https:\\\/\\\/secure.gravatar.com\\\/avatar\\\/93713c30affe0aa95d3a4130e499bb1abee2eb31adbdd9ce2aa1543538490215?s=96&d=mm&r=g\",\"caption\":\"georg.blenk@krafthand-medien.de\"}}]}<\/script>\n<!-- \/ Yoast SEO plugin. -->","yoast_head_json":{"title":"Mercedes-Benz-Werke bereiten Serienfertigung f\u00fcr eActros 600 vor - Krafthand-Truck","description":"Daimler Truck bereitet in den Mercedes-Benz Werken in W\u00f6rth, Mannheim, Gaggenau und Kassel die Serienfertigung des eActros 600 vor.","robots":{"index":"index","follow":"follow","max-snippet":"max-snippet:-1","max-image-preview":"max-image-preview:large","max-video-preview":"max-video-preview:-1"},"canonical":"https:\/\/www.krafthand.de\/truck\/artikel\/mercedes-benz-werke-bereiten-serienfertigung-fuer-eactros-600-vor-36355\/","og_locale":"de_DE","og_type":"article","og_title":"Mercedes-Benz-Werke bereiten Serienfertigung f\u00fcr eActros 600 vor - Krafthand-Truck","og_description":"Daimler Truck bereitet in den Mercedes-Benz Werken in W\u00f6rth, Mannheim, Gaggenau und Kassel die Serienfertigung des eActros 600 vor.","og_url":"https:\/\/www.krafthand-truck.de\/artikel\/mercedes-benz-werke-bereiten-serienfertigung-fuer-eactros-600-vor-36355\/","og_site_name":"Krafthand-Truck","article_published_time":"2023-06-13T08:15:37+00:00","article_modified_time":"2023-06-19T07:21:37+00:00","og_image":[{"width":1200,"height":676,"url":"https:\/\/static.krafthand-truck.de\/uploads\/2023\/06\/Mercedes_Benz_Produktion_eActros_LongHaul.jpg","type":"image\/jpeg"}],"author":"georg.blenk@krafthand-medien.de","twitter_card":"summary_large_image","twitter_misc":{"Verfasst von":"georg.blenk@krafthand-medien.de","Gesch\u00e4tzte Lesezeit":"6\u00a0Minuten"},"schema":{"@context":"https:\/\/schema.org","@graph":[{"@type":"Article","@id":"https:\/\/www.krafthand.de\/truck\/artikel\/mercedes-benz-werke-bereiten-serienfertigung-fuer-eactros-600-vor-36355\/#article","isPartOf":{"@id":"https:\/\/www.krafthand.de\/truck\/artikel\/mercedes-benz-werke-bereiten-serienfertigung-fuer-eactros-600-vor-36355\/"},"author":{"name":"georg.blenk@krafthand-medien.de","@id":"https:\/\/www.krafthand.de\/truck\/#\/schema\/person\/51fa80b1c57034c4bf63f9f988fc24ce"},"headline":"Mercedes-Benz-Werke bereiten Serienfertigung f\u00fcr eActros 600 vor","datePublished":"2023-06-13T08:15:37+00:00","dateModified":"2023-06-19T07:21:37+00:00","mainEntityOfPage":{"@id":"https:\/\/www.krafthand.de\/truck\/artikel\/mercedes-benz-werke-bereiten-serienfertigung-fuer-eactros-600-vor-36355\/"},"wordCount":900,"image":{"@id":"https:\/\/www.krafthand.de\/truck\/artikel\/mercedes-benz-werke-bereiten-serienfertigung-fuer-eactros-600-vor-36355\/#primaryimage"},"thumbnailUrl":"https:\/\/static.krafthand-truck.de\/uploads\/2023\/06\/Mercedes_Benz_Produktion_eActros_LongHaul.jpg","keywords":["eActros","LongHaul","Produktion"],"articleSection":["Neue Fahrzeuge"],"inLanguage":"de"},{"@type":"WebPage","@id":"https:\/\/www.krafthand.de\/truck\/artikel\/mercedes-benz-werke-bereiten-serienfertigung-fuer-eactros-600-vor-36355\/","url":"https:\/\/www.krafthand.de\/truck\/artikel\/mercedes-benz-werke-bereiten-serienfertigung-fuer-eactros-600-vor-36355\/","name":"Mercedes-Benz-Werke bereiten Serienfertigung f\u00fcr eActros 600 vor - Krafthand-Truck","isPartOf":{"@id":"https:\/\/www.krafthand.de\/truck\/#website"},"primaryImageOfPage":{"@id":"https:\/\/www.krafthand.de\/truck\/artikel\/mercedes-benz-werke-bereiten-serienfertigung-fuer-eactros-600-vor-36355\/#primaryimage"},"image":{"@id":"https:\/\/www.krafthand.de\/truck\/artikel\/mercedes-benz-werke-bereiten-serienfertigung-fuer-eactros-600-vor-36355\/#primaryimage"},"thumbnailUrl":"https:\/\/static.krafthand-truck.de\/uploads\/2023\/06\/Mercedes_Benz_Produktion_eActros_LongHaul.jpg","datePublished":"2023-06-13T08:15:37+00:00","dateModified":"2023-06-19T07:21:37+00:00","author":{"@id":"https:\/\/www.krafthand.de\/truck\/#\/schema\/person\/51fa80b1c57034c4bf63f9f988fc24ce"},"description":"Daimler Truck bereitet in den Mercedes-Benz Werken in W\u00f6rth, Mannheim, Gaggenau und Kassel die Serienfertigung des eActros 600 vor.","breadcrumb":{"@id":"https:\/\/www.krafthand.de\/truck\/artikel\/mercedes-benz-werke-bereiten-serienfertigung-fuer-eactros-600-vor-36355\/#breadcrumb"},"inLanguage":"de","potentialAction":[{"@type":"ReadAction","target":["https:\/\/www.krafthand.de\/truck\/artikel\/mercedes-benz-werke-bereiten-serienfertigung-fuer-eactros-600-vor-36355\/"]}]},{"@type":"ImageObject","inLanguage":"de","@id":"https:\/\/www.krafthand.de\/truck\/artikel\/mercedes-benz-werke-bereiten-serienfertigung-fuer-eactros-600-vor-36355\/#primaryimage","url":"https:\/\/static.krafthand-truck.de\/uploads\/2023\/06\/Mercedes_Benz_Produktion_eActros_LongHaul.jpg","contentUrl":"https:\/\/static.krafthand-truck.de\/uploads\/2023\/06\/Mercedes_Benz_Produktion_eActros_LongHaul.jpg","width":1200,"height":676},{"@type":"BreadcrumbList","@id":"https:\/\/www.krafthand.de\/truck\/artikel\/mercedes-benz-werke-bereiten-serienfertigung-fuer-eactros-600-vor-36355\/#breadcrumb","itemListElement":[{"@type":"ListItem","position":1,"name":"Krafthand-Truck","item":"https:\/\/www.krafthand.de\/truck\/"},{"@type":"ListItem","position":2,"name":"IT+Fuhrpark","item":"https:\/\/www.krafthand.de\/truck\/kategorie\/fuhrpark\/"},{"@type":"ListItem","position":3,"name":"Neue Fahrzeuge","item":"https:\/\/www.krafthand.de\/truck\/kategorie\/fuhrpark\/neue-fahrzeuge\/"},{"@type":"ListItem","position":4,"name":"Mercedes-Benz-Werke bereiten Serienfertigung f\u00fcr eActros 600 vor"}]},{"@type":"WebSite","@id":"https:\/\/www.krafthand.de\/truck\/#website","url":"https:\/\/www.krafthand.de\/truck\/","name":"Krafthand-Truck","description":"","potentialAction":[{"@type":"SearchAction","target":{"@type":"EntryPoint","urlTemplate":"https:\/\/www.krafthand.de\/truck\/?s={search_term_string}"},"query-input":{"@type":"PropertyValueSpecification","valueRequired":true,"valueName":"search_term_string"}}],"inLanguage":"de"},{"@type":"Person","@id":"https:\/\/www.krafthand.de\/truck\/#\/schema\/person\/51fa80b1c57034c4bf63f9f988fc24ce","name":"georg.blenk@krafthand-medien.de","image":{"@type":"ImageObject","inLanguage":"de","@id":"https:\/\/secure.gravatar.com\/avatar\/93713c30affe0aa95d3a4130e499bb1abee2eb31adbdd9ce2aa1543538490215?s=96&d=mm&r=g","url":"https:\/\/secure.gravatar.com\/avatar\/93713c30affe0aa95d3a4130e499bb1abee2eb31adbdd9ce2aa1543538490215?s=96&d=mm&r=g","contentUrl":"https:\/\/secure.gravatar.com\/avatar\/93713c30affe0aa95d3a4130e499bb1abee2eb31adbdd9ce2aa1543538490215?s=96&d=mm&r=g","caption":"georg.blenk@krafthand-medien.de"}}]}},"_links":{"self":[{"href":"https:\/\/www.krafthand.de\/truck\/wp-json\/wp\/v2\/posts\/36355","targetHints":{"allow":["GET"]}}],"collection":[{"href":"https:\/\/www.krafthand.de\/truck\/wp-json\/wp\/v2\/posts"}],"about":[{"href":"https:\/\/www.krafthand.de\/truck\/wp-json\/wp\/v2\/types\/post"}],"author":[{"embeddable":true,"href":"https:\/\/www.krafthand.de\/truck\/wp-json\/wp\/v2\/users\/9"}],"replies":[{"embeddable":true,"href":"https:\/\/www.krafthand.de\/truck\/wp-json\/wp\/v2\/comments?post=36355"}],"version-history":[{"count":10,"href":"https:\/\/www.krafthand.de\/truck\/wp-json\/wp\/v2\/posts\/36355\/revisions"}],"predecessor-version":[{"id":36366,"href":"https:\/\/www.krafthand.de\/truck\/wp-json\/wp\/v2\/posts\/36355\/revisions\/36366"}],"wp:featuredmedia":[{"embeddable":true,"href":"https:\/\/www.krafthand.de\/truck\/wp-json\/wp\/v2\/media\/36357"}],"wp:attachment":[{"href":"https:\/\/www.krafthand.de\/truck\/wp-json\/wp\/v2\/media?parent=36355"}],"wp:term":[{"taxonomy":"category","embeddable":true,"href":"https:\/\/www.krafthand.de\/truck\/wp-json\/wp\/v2\/categories?post=36355"},{"taxonomy":"post_tag","embeddable":true,"href":"https:\/\/www.krafthand.de\/truck\/wp-json\/wp\/v2\/tags?post=36355"},{"taxonomy":"settings","embeddable":true,"href":"https:\/\/www.krafthand.de\/truck\/wp-json\/wp\/v2\/settings?post=36355"}],"curies":[{"name":"wp","href":"https:\/\/api.w.org\/{rel}","templated":true}]}}