{"id":36337,"date":"2023-06-12T10:51:54","date_gmt":"2023-06-12T08:51:54","guid":{"rendered":"https:\/\/www.krafthand.de\/truck\/?p=36337"},"modified":"2023-06-12T11:09:09","modified_gmt":"2023-06-12T09:09:09","slug":"neuer-expertenrat-digitale-transformation-in-transport-und-logistik","status":"publish","type":"post","link":"https:\/\/www.krafthand.de\/truck\/artikel\/neuer-expertenrat-digitale-transformation-in-transport-und-logistik-36337\/","title":{"rendered":"Neuer Expertenrat &#8218;Digitale Transformation in Transport und Logistik&#8216;"},"content":{"rendered":"<p>Einen Weg durch die digitale Transformation aufzeigen, das ist die zentrale Aufgabe, die der neue Expertenrat &#8218;Digitale Transformation in Transport und Logistik&#8216; zum Nutzen der gesamten Branche anpacken m\u00f6chte. Der pers\u00f6nliche Wissensaustausch von Expertinnen und Experten mit Unternehmensvertretern von Continental soll au\u00dferdem Produktentwicklungen auf Basis digitaler Daten f\u00f6rdern und ein Partnernetz aufbauen. Die konstituierende Sitzung fand bereits am 9. Mai 2023 im Rahmen der Messe Transport Logistic in M\u00fcnchen statt.<\/p>\n<h3>Digitale Transformation verstehen<\/h3>\n<p>Die Marktteilnehmer in Transport und Logistik stehen vor der Herausforderung, die Ver\u00e4nderungen der digitalen Transformation zu verstehen und diese umzusetzen. Diese Transformation bringt Chancen mit sich, weil sie das Potenzial hat, Prozesse in der Lieferkette massiv zu vereinfachen. So lassen sich Effizienz, Produktivit\u00e4t und Rentabilit\u00e4t steigern und sogar neue Gesch\u00e4ftsmodelle und Umsatzchancen erschlie\u00dfen. Gleichzeitig kann die Digitalisierung dazu beitragen, nachhaltiger zu agieren oder gesetzliche Anforderungen mit geringerem Aufwand zuverl\u00e4ssig zu erf\u00fcllen und zu dokumentieren. Um der Branche Orientierung und Unterst\u00fctzung in diesem Prozess zu bieten, hat Continental mit seiner Marke <a href=\"https:\/\/www.fleet.vdo.de\" target=\"_blank\" rel=\"noopener\">VDO Fleet<\/a>, mit Unterst\u00fctzung der Unternehmerin und Aufsichtsr\u00e4tin Frauke Heistermann und des Hochschulprofessors Dr. Thomas Krupp, den <a href=\"https:\/\/derexpertenrat.de\" target=\"_blank\" rel=\"noopener\">Expertenrat digitale Transformation in Transport und Logistik \u2013 ETL<\/a> gegr\u00fcndet.<\/p>\n<h3>Versteckte Hindernisse erkennen<\/h3>\n<p>Continental verf\u00fcgt \u00fcber Kompetenzen f\u00fcr den zentralen Datenlieferanten aus dem Nutzfahrzeug, den Tachographen, und ist daher \u00fcberzeugt, eine entscheidende Rolle f\u00fcr den digitalen Fortschritt der Transportlogistik spielen zu k\u00f6nnen. Darum hat das Unternehmen die Gr\u00fcndung des ETL angesto\u00dfen. Zugleich will man so neue Impulse f\u00fcr die Nutzung der Tachographendaten gewinnen. Um die Digitalisierung der Transportlogistik auf die \u00dcberholspur zu setzen, wollen die Mitglieder des Expertenrates nicht zuletzt die zahlreichen versteckten Hindernisse benennen, die in den vielgliedrigen Prozessketten der Logistik schlummern, die L\u00fccke zwischen Theorie und Praxis bearbeiten und, ganz konkret, Ideen f\u00fcr neue Gesch\u00e4ftsmodelle generieren.<\/p>\n<p><strong>Zu den st\u00e4ndigen Mitgliedern des Expertenrats, der zweimal j\u00e4hrlich tagen wird, geh\u00f6ren aktuell:<\/strong><\/p>\n<ul>\n<li>Frauke Heistermann, Unternehmerin, Aufsichtsr\u00e4tin mit Fokus auf Logistik, Supply Chain, IT<\/li>\n<li>Prof. Dr. Thomas Krupp, Fachgruppe Logistik, Technische Hochschule K\u00f6ln<\/li>\n<li>Stefan Brunner, Vice President, Global Sector Head Auto-Mobility, DHL Freight<\/li>\n<li>Dr. Ismail Dagli, Leiter des Gesch\u00e4ftsfelds Smart Mobility, VDO\/Continental<\/li>\n<li>Prof. Dr. Heinz-Leo Dudek, Wirtschaftsingenieurwesen, Logistik und Telematik, DHBW Ravensburg Campus Friedrichshafen<\/li>\n<li>Diego Santos-Burgoa, Head of Sales &amp; Service im Gesch\u00e4ftssegment Connected Commercial Vehicle Solutions, Continental<\/li>\n<li>Bernhard Schmaldienst, Director Operations Freight Procurement &amp; Audit, Transporeon, und<\/li>\n<li>Dr. Petra Seebauer, Gesch\u00e4ftsf\u00fchrerin <a href=\"https:\/\/www.lkzprien.de\" target=\"_blank\" rel=\"noopener\">LKZ Prien am Chiemsee<\/a>.<\/li>\n<\/ul>\n<p>Zus\u00e4tzlich werden Expertinnen und Experten aus verschiedenen Sektoren sowie Institutionen und Verb\u00e4nden zu einzelnen Fachthemen eingeladen.<\/p>\n<p>Der Expertenrat richtet sich prim\u00e4r an den Bereich Stra\u00dfentransportlogistik und dort vor allem an Transportunternehmen, Spediteurinnen und Spediteure, Flottenmanagerinnen und -manager, Fahrerinnen und Fahrer, Softwareentwicklerinnen und -entwickler, Startups, Nfz-Werkst\u00e4tten, Technikerinnen und Techniker, Verb\u00e4nde, Politikerinnen und Politiker.<\/p>\n<p>Die n\u00e4chste Sitzung des ETL findet im Rahmen des Zukunftskongress Nutzfahrzeuge 2023 Ende Oktober 2023 in Berlin statt.<\/p>\n","protected":false},"excerpt":{"rendered":"<p>Der neue Expertenrat &#8218;Digitale Transformation in Transport und Logistik&#8216; hat sich zur Aufgabe gemacht, einen Weg durch die digitale Transformation aufzuzeigen. Der pers\u00f6nliche Wissensaustausch von Expertinnen und Experten mit Unternehmensvertretern von Continental soll au\u00dferdem Produktentwicklungen auf Basis digitaler Daten f\u00f6rdern und ein Partnernetz aufbauen. <span class=\"excerpt-more__dots\">&#8230;<\/span> <a class=\"excerpt-more__link\" href=\"https:\/\/www.krafthand.de\/truck\/artikel\/neuer-expertenrat-digitale-transformation-in-transport-und-logistik-36337\/\" >weiter<\/a><\/p>\n","protected":false},"author":9,"featured_media":36343,"comment_status":"closed","ping_status":"closed","sticky":false,"template":"","format":"standard","meta":{"footnotes":""},"categories":[4230,4232,4233],"tags":[98,3650,3700,5643,5381],"settings":[3523],"class_list":["post-36337","post","type-post","status-publish","format-standard","has-post-thumbnail","hentry","category-fuhrpark","category-remote-service","category-navigation","tag-continental","tag-digitale-tachograph","tag-digitalisierung","tag-etl","tag-transformation"],"yoast_head":"<!-- This site is optimized with the Yoast SEO plugin v27.3 - https:\/\/yoast.com\/product\/yoast-seo-wordpress\/ -->\n<title>Neuer Expertenrat &#039;Digitale Transformation in Transport und Logistik&#039; - Krafthand-Truck<\/title>\n<meta name=\"description\" content=\"Der Expertenrat ETL hat sich zur Aufgabe gemacht, einen Weg durch die digitale Transformation aufzuzeigen.\" \/>\n<meta name=\"robots\" content=\"index, follow, max-snippet:-1, max-image-preview:large, max-video-preview:-1\" \/>\n<link rel=\"canonical\" href=\"https:\/\/www.krafthand.de\/truck\/artikel\/neuer-expertenrat-digitale-transformation-in-transport-und-logistik-36337\/\" \/>\n<meta property=\"og:locale\" content=\"de_DE\" \/>\n<meta property=\"og:type\" content=\"article\" \/>\n<meta property=\"og:title\" content=\"Neuer Expertenrat &#039;Digitale Transformation in Transport und Logistik&#039; - Krafthand-Truck\" \/>\n<meta property=\"og:description\" content=\"Der Expertenrat ETL hat sich zur Aufgabe gemacht, einen Weg durch die digitale Transformation aufzuzeigen.\" \/>\n<meta property=\"og:url\" content=\"https:\/\/www.krafthand-truck.de\/artikel\/neuer-expertenrat-digitale-transformation-in-transport-und-logistik-36337\/\" \/>\n<meta property=\"og:site_name\" content=\"Krafthand-Truck\" \/>\n<meta property=\"article:published_time\" content=\"2023-06-12T08:51:54+00:00\" \/>\n<meta property=\"article:modified_time\" content=\"2023-06-12T09:09:09+00:00\" \/>\n<meta property=\"og:image\" content=\"https:\/\/static.krafthand-truck.de\/uploads\/2023\/06\/Expertenrat_ETL_Kickoff_Lkz_Prien_Continental.jpg\" \/>\n\t<meta property=\"og:image:width\" content=\"1200\" \/>\n\t<meta property=\"og:image:height\" content=\"795\" \/>\n\t<meta property=\"og:image:type\" content=\"image\/jpeg\" \/>\n<meta name=\"author\" content=\"georg.blenk@krafthand-medien.de\" \/>\n<meta name=\"twitter:card\" content=\"summary_large_image\" \/>\n<meta name=\"twitter:label1\" content=\"Verfasst von\" \/>\n\t<meta name=\"twitter:data1\" content=\"georg.blenk@krafthand-medien.de\" \/>\n\t<meta name=\"twitter:label2\" content=\"Gesch\u00e4tzte Lesezeit\" \/>\n\t<meta name=\"twitter:data2\" content=\"3\u00a0Minuten\" \/>\n<script type=\"application\/ld+json\" class=\"yoast-schema-graph\">{\"@context\":\"https:\\\/\\\/schema.org\",\"@graph\":[{\"@type\":\"Article\",\"@id\":\"https:\\\/\\\/www.krafthand.de\\\/truck\\\/artikel\\\/neuer-expertenrat-digitale-transformation-in-transport-und-logistik-36337\\\/#article\",\"isPartOf\":{\"@id\":\"https:\\\/\\\/www.krafthand.de\\\/truck\\\/artikel\\\/neuer-expertenrat-digitale-transformation-in-transport-und-logistik-36337\\\/\"},\"author\":{\"name\":\"georg.blenk@krafthand-medien.de\",\"@id\":\"https:\\\/\\\/www.krafthand.de\\\/truck\\\/#\\\/schema\\\/person\\\/51fa80b1c57034c4bf63f9f988fc24ce\"},\"headline\":\"Neuer Expertenrat &#8218;Digitale Transformation in Transport und Logistik&#8216;\",\"datePublished\":\"2023-06-12T08:51:54+00:00\",\"dateModified\":\"2023-06-12T09:09:09+00:00\",\"mainEntityOfPage\":{\"@id\":\"https:\\\/\\\/www.krafthand.de\\\/truck\\\/artikel\\\/neuer-expertenrat-digitale-transformation-in-transport-und-logistik-36337\\\/\"},\"wordCount\":500,\"image\":{\"@id\":\"https:\\\/\\\/www.krafthand.de\\\/truck\\\/artikel\\\/neuer-expertenrat-digitale-transformation-in-transport-und-logistik-36337\\\/#primaryimage\"},\"thumbnailUrl\":\"https:\\\/\\\/static.krafthand-truck.de\\\/uploads\\\/2023\\\/06\\\/Expertenrat_ETL_Kickoff_Lkz_Prien_Continental.jpg\",\"keywords\":[\"Continental\",\"Digitale Tachograph\",\"Digitalisierung\",\"ETL\",\"Transformation\"],\"articleSection\":[\"IT+Fuhrpark\",\"Remote-Service\\\/OTA\",\"Telematik \\\/ Navigation\"],\"inLanguage\":\"de\"},{\"@type\":\"WebPage\",\"@id\":\"https:\\\/\\\/www.krafthand.de\\\/truck\\\/artikel\\\/neuer-expertenrat-digitale-transformation-in-transport-und-logistik-36337\\\/\",\"url\":\"https:\\\/\\\/www.krafthand.de\\\/truck\\\/artikel\\\/neuer-expertenrat-digitale-transformation-in-transport-und-logistik-36337\\\/\",\"name\":\"Neuer Expertenrat 'Digitale Transformation in Transport und Logistik' - Krafthand-Truck\",\"isPartOf\":{\"@id\":\"https:\\\/\\\/www.krafthand.de\\\/truck\\\/#website\"},\"primaryImageOfPage\":{\"@id\":\"https:\\\/\\\/www.krafthand.de\\\/truck\\\/artikel\\\/neuer-expertenrat-digitale-transformation-in-transport-und-logistik-36337\\\/#primaryimage\"},\"image\":{\"@id\":\"https:\\\/\\\/www.krafthand.de\\\/truck\\\/artikel\\\/neuer-expertenrat-digitale-transformation-in-transport-und-logistik-36337\\\/#primaryimage\"},\"thumbnailUrl\":\"https:\\\/\\\/static.krafthand-truck.de\\\/uploads\\\/2023\\\/06\\\/Expertenrat_ETL_Kickoff_Lkz_Prien_Continental.jpg\",\"datePublished\":\"2023-06-12T08:51:54+00:00\",\"dateModified\":\"2023-06-12T09:09:09+00:00\",\"author\":{\"@id\":\"https:\\\/\\\/www.krafthand.de\\\/truck\\\/#\\\/schema\\\/person\\\/51fa80b1c57034c4bf63f9f988fc24ce\"},\"description\":\"Der Expertenrat ETL hat sich zur Aufgabe gemacht, einen Weg durch die digitale Transformation aufzuzeigen.\",\"breadcrumb\":{\"@id\":\"https:\\\/\\\/www.krafthand.de\\\/truck\\\/artikel\\\/neuer-expertenrat-digitale-transformation-in-transport-und-logistik-36337\\\/#breadcrumb\"},\"inLanguage\":\"de\",\"potentialAction\":[{\"@type\":\"ReadAction\",\"target\":[\"https:\\\/\\\/www.krafthand.de\\\/truck\\\/artikel\\\/neuer-expertenrat-digitale-transformation-in-transport-und-logistik-36337\\\/\"]}]},{\"@type\":\"ImageObject\",\"inLanguage\":\"de\",\"@id\":\"https:\\\/\\\/www.krafthand.de\\\/truck\\\/artikel\\\/neuer-expertenrat-digitale-transformation-in-transport-und-logistik-36337\\\/#primaryimage\",\"url\":\"https:\\\/\\\/static.krafthand-truck.de\\\/uploads\\\/2023\\\/06\\\/Expertenrat_ETL_Kickoff_Lkz_Prien_Continental.jpg\",\"contentUrl\":\"https:\\\/\\\/static.krafthand-truck.de\\\/uploads\\\/2023\\\/06\\\/Expertenrat_ETL_Kickoff_Lkz_Prien_Continental.jpg\",\"width\":1200,\"height\":795},{\"@type\":\"BreadcrumbList\",\"@id\":\"https:\\\/\\\/www.krafthand.de\\\/truck\\\/artikel\\\/neuer-expertenrat-digitale-transformation-in-transport-und-logistik-36337\\\/#breadcrumb\",\"itemListElement\":[{\"@type\":\"ListItem\",\"position\":1,\"name\":\"Krafthand-Truck\",\"item\":\"https:\\\/\\\/www.krafthand.de\\\/truck\\\/\"},{\"@type\":\"ListItem\",\"position\":2,\"name\":\"IT+Fuhrpark\",\"item\":\"https:\\\/\\\/www.krafthand.de\\\/truck\\\/kategorie\\\/fuhrpark\\\/\"},{\"@type\":\"ListItem\",\"position\":3,\"name\":\"Neuer Expertenrat &#8218;Digitale Transformation in Transport und Logistik&#8216;\"}]},{\"@type\":\"WebSite\",\"@id\":\"https:\\\/\\\/www.krafthand.de\\\/truck\\\/#website\",\"url\":\"https:\\\/\\\/www.krafthand.de\\\/truck\\\/\",\"name\":\"Krafthand-Truck\",\"description\":\"\",\"potentialAction\":[{\"@type\":\"SearchAction\",\"target\":{\"@type\":\"EntryPoint\",\"urlTemplate\":\"https:\\\/\\\/www.krafthand.de\\\/truck\\\/?s={search_term_string}\"},\"query-input\":{\"@type\":\"PropertyValueSpecification\",\"valueRequired\":true,\"valueName\":\"search_term_string\"}}],\"inLanguage\":\"de\"},{\"@type\":\"Person\",\"@id\":\"https:\\\/\\\/www.krafthand.de\\\/truck\\\/#\\\/schema\\\/person\\\/51fa80b1c57034c4bf63f9f988fc24ce\",\"name\":\"georg.blenk@krafthand-medien.de\",\"image\":{\"@type\":\"ImageObject\",\"inLanguage\":\"de\",\"@id\":\"https:\\\/\\\/secure.gravatar.com\\\/avatar\\\/93713c30affe0aa95d3a4130e499bb1abee2eb31adbdd9ce2aa1543538490215?s=96&d=mm&r=g\",\"url\":\"https:\\\/\\\/secure.gravatar.com\\\/avatar\\\/93713c30affe0aa95d3a4130e499bb1abee2eb31adbdd9ce2aa1543538490215?s=96&d=mm&r=g\",\"contentUrl\":\"https:\\\/\\\/secure.gravatar.com\\\/avatar\\\/93713c30affe0aa95d3a4130e499bb1abee2eb31adbdd9ce2aa1543538490215?s=96&d=mm&r=g\",\"caption\":\"georg.blenk@krafthand-medien.de\"}}]}<\/script>\n<!-- \/ Yoast SEO plugin. -->","yoast_head_json":{"title":"Neuer Expertenrat 'Digitale Transformation in Transport und Logistik' - Krafthand-Truck","description":"Der Expertenrat ETL hat sich zur Aufgabe gemacht, einen Weg durch die digitale Transformation aufzuzeigen.","robots":{"index":"index","follow":"follow","max-snippet":"max-snippet:-1","max-image-preview":"max-image-preview:large","max-video-preview":"max-video-preview:-1"},"canonical":"https:\/\/www.krafthand.de\/truck\/artikel\/neuer-expertenrat-digitale-transformation-in-transport-und-logistik-36337\/","og_locale":"de_DE","og_type":"article","og_title":"Neuer Expertenrat 'Digitale Transformation in Transport und Logistik' - Krafthand-Truck","og_description":"Der Expertenrat ETL hat sich zur Aufgabe gemacht, einen Weg durch die digitale Transformation aufzuzeigen.","og_url":"https:\/\/www.krafthand-truck.de\/artikel\/neuer-expertenrat-digitale-transformation-in-transport-und-logistik-36337\/","og_site_name":"Krafthand-Truck","article_published_time":"2023-06-12T08:51:54+00:00","article_modified_time":"2023-06-12T09:09:09+00:00","og_image":[{"width":1200,"height":795,"url":"https:\/\/static.krafthand-truck.de\/uploads\/2023\/06\/Expertenrat_ETL_Kickoff_Lkz_Prien_Continental.jpg","type":"image\/jpeg"}],"author":"georg.blenk@krafthand-medien.de","twitter_card":"summary_large_image","twitter_misc":{"Verfasst von":"georg.blenk@krafthand-medien.de","Gesch\u00e4tzte Lesezeit":"3\u00a0Minuten"},"schema":{"@context":"https:\/\/schema.org","@graph":[{"@type":"Article","@id":"https:\/\/www.krafthand.de\/truck\/artikel\/neuer-expertenrat-digitale-transformation-in-transport-und-logistik-36337\/#article","isPartOf":{"@id":"https:\/\/www.krafthand.de\/truck\/artikel\/neuer-expertenrat-digitale-transformation-in-transport-und-logistik-36337\/"},"author":{"name":"georg.blenk@krafthand-medien.de","@id":"https:\/\/www.krafthand.de\/truck\/#\/schema\/person\/51fa80b1c57034c4bf63f9f988fc24ce"},"headline":"Neuer Expertenrat &#8218;Digitale Transformation in Transport und Logistik&#8216;","datePublished":"2023-06-12T08:51:54+00:00","dateModified":"2023-06-12T09:09:09+00:00","mainEntityOfPage":{"@id":"https:\/\/www.krafthand.de\/truck\/artikel\/neuer-expertenrat-digitale-transformation-in-transport-und-logistik-36337\/"},"wordCount":500,"image":{"@id":"https:\/\/www.krafthand.de\/truck\/artikel\/neuer-expertenrat-digitale-transformation-in-transport-und-logistik-36337\/#primaryimage"},"thumbnailUrl":"https:\/\/static.krafthand-truck.de\/uploads\/2023\/06\/Expertenrat_ETL_Kickoff_Lkz_Prien_Continental.jpg","keywords":["Continental","Digitale Tachograph","Digitalisierung","ETL","Transformation"],"articleSection":["IT+Fuhrpark","Remote-Service\/OTA","Telematik \/ Navigation"],"inLanguage":"de"},{"@type":"WebPage","@id":"https:\/\/www.krafthand.de\/truck\/artikel\/neuer-expertenrat-digitale-transformation-in-transport-und-logistik-36337\/","url":"https:\/\/www.krafthand.de\/truck\/artikel\/neuer-expertenrat-digitale-transformation-in-transport-und-logistik-36337\/","name":"Neuer Expertenrat 'Digitale Transformation in Transport und Logistik' - Krafthand-Truck","isPartOf":{"@id":"https:\/\/www.krafthand.de\/truck\/#website"},"primaryImageOfPage":{"@id":"https:\/\/www.krafthand.de\/truck\/artikel\/neuer-expertenrat-digitale-transformation-in-transport-und-logistik-36337\/#primaryimage"},"image":{"@id":"https:\/\/www.krafthand.de\/truck\/artikel\/neuer-expertenrat-digitale-transformation-in-transport-und-logistik-36337\/#primaryimage"},"thumbnailUrl":"https:\/\/static.krafthand-truck.de\/uploads\/2023\/06\/Expertenrat_ETL_Kickoff_Lkz_Prien_Continental.jpg","datePublished":"2023-06-12T08:51:54+00:00","dateModified":"2023-06-12T09:09:09+00:00","author":{"@id":"https:\/\/www.krafthand.de\/truck\/#\/schema\/person\/51fa80b1c57034c4bf63f9f988fc24ce"},"description":"Der Expertenrat ETL hat sich zur Aufgabe gemacht, einen Weg durch die digitale Transformation aufzuzeigen.","breadcrumb":{"@id":"https:\/\/www.krafthand.de\/truck\/artikel\/neuer-expertenrat-digitale-transformation-in-transport-und-logistik-36337\/#breadcrumb"},"inLanguage":"de","potentialAction":[{"@type":"ReadAction","target":["https:\/\/www.krafthand.de\/truck\/artikel\/neuer-expertenrat-digitale-transformation-in-transport-und-logistik-36337\/"]}]},{"@type":"ImageObject","inLanguage":"de","@id":"https:\/\/www.krafthand.de\/truck\/artikel\/neuer-expertenrat-digitale-transformation-in-transport-und-logistik-36337\/#primaryimage","url":"https:\/\/static.krafthand-truck.de\/uploads\/2023\/06\/Expertenrat_ETL_Kickoff_Lkz_Prien_Continental.jpg","contentUrl":"https:\/\/static.krafthand-truck.de\/uploads\/2023\/06\/Expertenrat_ETL_Kickoff_Lkz_Prien_Continental.jpg","width":1200,"height":795},{"@type":"BreadcrumbList","@id":"https:\/\/www.krafthand.de\/truck\/artikel\/neuer-expertenrat-digitale-transformation-in-transport-und-logistik-36337\/#breadcrumb","itemListElement":[{"@type":"ListItem","position":1,"name":"Krafthand-Truck","item":"https:\/\/www.krafthand.de\/truck\/"},{"@type":"ListItem","position":2,"name":"IT+Fuhrpark","item":"https:\/\/www.krafthand.de\/truck\/kategorie\/fuhrpark\/"},{"@type":"ListItem","position":3,"name":"Neuer Expertenrat &#8218;Digitale Transformation in Transport und Logistik&#8216;"}]},{"@type":"WebSite","@id":"https:\/\/www.krafthand.de\/truck\/#website","url":"https:\/\/www.krafthand.de\/truck\/","name":"Krafthand-Truck","description":"","potentialAction":[{"@type":"SearchAction","target":{"@type":"EntryPoint","urlTemplate":"https:\/\/www.krafthand.de\/truck\/?s={search_term_string}"},"query-input":{"@type":"PropertyValueSpecification","valueRequired":true,"valueName":"search_term_string"}}],"inLanguage":"de"},{"@type":"Person","@id":"https:\/\/www.krafthand.de\/truck\/#\/schema\/person\/51fa80b1c57034c4bf63f9f988fc24ce","name":"georg.blenk@krafthand-medien.de","image":{"@type":"ImageObject","inLanguage":"de","@id":"https:\/\/secure.gravatar.com\/avatar\/93713c30affe0aa95d3a4130e499bb1abee2eb31adbdd9ce2aa1543538490215?s=96&d=mm&r=g","url":"https:\/\/secure.gravatar.com\/avatar\/93713c30affe0aa95d3a4130e499bb1abee2eb31adbdd9ce2aa1543538490215?s=96&d=mm&r=g","contentUrl":"https:\/\/secure.gravatar.com\/avatar\/93713c30affe0aa95d3a4130e499bb1abee2eb31adbdd9ce2aa1543538490215?s=96&d=mm&r=g","caption":"georg.blenk@krafthand-medien.de"}}]}},"_links":{"self":[{"href":"https:\/\/www.krafthand.de\/truck\/wp-json\/wp\/v2\/posts\/36337","targetHints":{"allow":["GET"]}}],"collection":[{"href":"https:\/\/www.krafthand.de\/truck\/wp-json\/wp\/v2\/posts"}],"about":[{"href":"https:\/\/www.krafthand.de\/truck\/wp-json\/wp\/v2\/types\/post"}],"author":[{"embeddable":true,"href":"https:\/\/www.krafthand.de\/truck\/wp-json\/wp\/v2\/users\/9"}],"replies":[{"embeddable":true,"href":"https:\/\/www.krafthand.de\/truck\/wp-json\/wp\/v2\/comments?post=36337"}],"version-history":[{"count":8,"href":"https:\/\/www.krafthand.de\/truck\/wp-json\/wp\/v2\/posts\/36337\/revisions"}],"predecessor-version":[{"id":36346,"href":"https:\/\/www.krafthand.de\/truck\/wp-json\/wp\/v2\/posts\/36337\/revisions\/36346"}],"wp:featuredmedia":[{"embeddable":true,"href":"https:\/\/www.krafthand.de\/truck\/wp-json\/wp\/v2\/media\/36343"}],"wp:attachment":[{"href":"https:\/\/www.krafthand.de\/truck\/wp-json\/wp\/v2\/media?parent=36337"}],"wp:term":[{"taxonomy":"category","embeddable":true,"href":"https:\/\/www.krafthand.de\/truck\/wp-json\/wp\/v2\/categories?post=36337"},{"taxonomy":"post_tag","embeddable":true,"href":"https:\/\/www.krafthand.de\/truck\/wp-json\/wp\/v2\/tags?post=36337"},{"taxonomy":"settings","embeddable":true,"href":"https:\/\/www.krafthand.de\/truck\/wp-json\/wp\/v2\/settings?post=36337"}],"curies":[{"name":"wp","href":"https:\/\/api.w.org\/{rel}","templated":true}]}}