{"id":36324,"date":"2023-06-12T10:07:40","date_gmt":"2023-06-12T08:07:40","guid":{"rendered":"https:\/\/www.krafthand.de\/truck\/?p=36324"},"modified":"2023-06-12T10:12:10","modified_gmt":"2023-06-12T08:12:10","slug":"denso-poweredge-klimakompressoren-fuer-den-aftermarket","status":"publish","type":"post","link":"https:\/\/www.krafthand.de\/truck\/artikel\/denso-poweredge-klimakompressoren-fuer-den-aftermarket-36324\/","title":{"rendered":"DENSO-PowerEdge: Klimakompressoren f\u00fcr den Aftermarket"},"content":{"rendered":"<p>Mit PowerEdge hat DENSO Aftermarket eine Zweitmarke f\u00fcr den Europ\u00e4ischen Aftermarket vorgestellt. Zu den ersten Produkten der neuen Marke geh\u00f6rten Wischerbl\u00e4tter. Jetzt sind unter dem Label PowerEdge auch Klimakompressoren f\u00fcr Pkw und Lkw erh\u00e4ltlich. Das Einf\u00fchrungssortiment f\u00fcr den deutschsprachigen Raum besteht aus 24 Kompressoren f\u00fcr Pkw und sieben Kompressoren f\u00fcr Nutzfahrzeuge.<\/p>\n<h4>Kompressoren f\u00fcr MAN, Renault, Scania und Volvo<\/h4>\n<p>Die sieben Kompressoren f\u00fcr den Nutzfahrzeugbereich bedienen Anwendungen im Bau- und Landmaschinenbereich der Marken Case, Claas, Deutz-Fahr, Fiat Agri, JCB, Lamborghini, Landini, Massey-Ferguson, New Holland, Same und Valtra. Im Lkw-Segment sind PowerEdge-Kompressoren unter anderem f\u00fcr folgende Marken und Modelle erh\u00e4ltlich:<\/p>\n<ul>\n<li>MAN: TGA, TGS und TGX<\/li>\n<li>Renault: Maxity, Premium II<\/li>\n<li>Scania: 4er-Serie \/ P \/ G \/ R \/ T &#8211; Serien<\/li>\n<li>Volvo: FH12 \/ FH16 \/ FL12 \/ FM12<\/li>\n<\/ul>\n<p>Gest\u00fctzt auf die Expertise von DENSO bei der Entwicklung von Klimasystemen und die umfassende Erfahrung mit Marktbesonderheiten weltweit, sollen PowerEdge Kompressoren f\u00fcr eine optimale Kombination aus Langlebigkeit, Leistung und Preis sorgen. Das Produktdesign stellt laut DENSO sicher, dass sie eine Qualit\u00e4tsalternative f\u00fcr Fahrzeuge in der zweiten H\u00e4lfte ihres Lebenszyklus sind. PowerEdge-Kompressoren werden aus hochwertigen Komponenten und Materialien hergestellt und nach strengen OE-Qualit\u00e4tsstandards getestet. Dar\u00fcber hinaus sind die Produkte immer mit dem richtigen Kompressor\u00f6l in der ausreichenden Menge f\u00fcr das komplette Klimasystem vorbef\u00fcllt.<\/p>\n<h4>\u00d6kologische Verpackung, und Produktinformationen<\/h4>\n<p>PowerEdge Kompressoren werden in einer vollst\u00e4ndig recyclebaren Innenverpackung geliefert, die den \u00f6kologischen Fu\u00dfabdruck des Produkts reduzieren soll. Die Installationsanleitungen zu den Klimakompressoren k\u00f6nnen \u00fcber einen QR-Code online abgerufen werden. Technische Produktinformationen sind ebenfalls online, \u00fcber den PowerEdge E-Katalog auf <a href=\"https:\/\/poweredgeproducts.eu\/de\" target=\"_blank\" rel=\"noopener\">www.poweredgeproducts.eu\/de<\/a>, abrufbar.<\/p>\n<p>&nbsp;<\/p>\n","protected":false},"excerpt":{"rendered":"<p>Mit PowerEdge hat DENSO Aftermarket eine Zweitmarke f\u00fcr den Europ\u00e4ischen Aftermarket vorgestellt. Zu den ersten Produkten der neuen Marke geh\u00f6rten Wischerbl\u00e4tter. Jetzt sind unter dem Label auch Klimakompressoren f\u00fcr Pkw und Lkw erh\u00e4ltlich. <span class=\"excerpt-more__dots\">&#8230;<\/span> <a class=\"excerpt-more__link\" href=\"https:\/\/www.krafthand.de\/truck\/artikel\/denso-poweredge-klimakompressoren-fuer-den-aftermarket-36324\/\" >weiter<\/a><\/p>\n","protected":false},"author":9,"featured_media":36329,"comment_status":"closed","ping_status":"closed","sticky":false,"template":"","format":"standard","meta":{"footnotes":""},"categories":[4912],"tags":[3588,70,4779,80,4778],"settings":[4766,3523],"class_list":["post-36324","post","type-post","status-publish","format-standard","has-post-thumbnail","hentry","category-ersatzteile-zubehoer","tag-denso","tag-klimaanlage","tag-klimakompressor","tag-klimaservice","tag-poweredge"],"yoast_head":"<!-- This site is optimized with the Yoast SEO plugin v27.3 - https:\/\/yoast.com\/product\/yoast-seo-wordpress\/ -->\n<title>DENSO-PowerEdge: Klimakompressoren f\u00fcr den Aftermarket - Krafthand-Truck<\/title>\n<meta name=\"description\" content=\"DENSO Aftermarket: Unter der Marke PowerEdge sind jetzt auch Klimakompressoren f\u00fcr Pkw und Lkw erh\u00e4ltlich.\" \/>\n<meta name=\"robots\" content=\"index, follow, max-snippet:-1, max-image-preview:large, max-video-preview:-1\" \/>\n<link rel=\"canonical\" href=\"https:\/\/www.krafthand.de\/truck\/artikel\/denso-poweredge-klimakompressoren-fuer-den-aftermarket-36324\/\" \/>\n<meta property=\"og:locale\" content=\"de_DE\" \/>\n<meta property=\"og:type\" content=\"article\" \/>\n<meta property=\"og:title\" content=\"DENSO-PowerEdge: Klimakompressoren f\u00fcr den Aftermarket - Krafthand-Truck\" \/>\n<meta property=\"og:description\" content=\"DENSO Aftermarket: Unter der Marke PowerEdge sind jetzt auch Klimakompressoren f\u00fcr Pkw und Lkw erh\u00e4ltlich.\" \/>\n<meta property=\"og:url\" content=\"https:\/\/www.krafthand-truck.de\/artikel\/denso-poweredge-klimakompressoren-fuer-den-aftermarket-36324\/\" \/>\n<meta property=\"og:site_name\" content=\"Krafthand-Truck\" \/>\n<meta property=\"article:published_time\" content=\"2023-06-12T08:07:40+00:00\" \/>\n<meta property=\"article:modified_time\" content=\"2023-06-12T08:12:10+00:00\" \/>\n<meta property=\"og:image\" content=\"https:\/\/static.krafthand-truck.de\/uploads\/2023\/06\/DENSO_PowerEdge_Klimakompressoren_lkw_Krafthand_Truck.jpg\" \/>\n\t<meta property=\"og:image:width\" content=\"870\" \/>\n\t<meta property=\"og:image:height\" content=\"817\" \/>\n\t<meta property=\"og:image:type\" content=\"image\/jpeg\" \/>\n<meta name=\"author\" content=\"georg.blenk@krafthand-medien.de\" \/>\n<meta name=\"twitter:card\" content=\"summary_large_image\" \/>\n<meta name=\"twitter:label1\" content=\"Verfasst von\" \/>\n\t<meta name=\"twitter:data1\" content=\"georg.blenk@krafthand-medien.de\" \/>\n\t<meta name=\"twitter:label2\" content=\"Gesch\u00e4tzte Lesezeit\" \/>\n\t<meta name=\"twitter:data2\" content=\"2\u00a0Minuten\" \/>\n<script type=\"application\/ld+json\" class=\"yoast-schema-graph\">{\"@context\":\"https:\\\/\\\/schema.org\",\"@graph\":[{\"@type\":\"Article\",\"@id\":\"https:\\\/\\\/www.krafthand.de\\\/truck\\\/artikel\\\/denso-poweredge-klimakompressoren-fuer-den-aftermarket-36324\\\/#article\",\"isPartOf\":{\"@id\":\"https:\\\/\\\/www.krafthand.de\\\/truck\\\/artikel\\\/denso-poweredge-klimakompressoren-fuer-den-aftermarket-36324\\\/\"},\"author\":{\"name\":\"georg.blenk@krafthand-medien.de\",\"@id\":\"https:\\\/\\\/www.krafthand.de\\\/truck\\\/#\\\/schema\\\/person\\\/51fa80b1c57034c4bf63f9f988fc24ce\"},\"headline\":\"DENSO-PowerEdge: Klimakompressoren f\u00fcr den Aftermarket\",\"datePublished\":\"2023-06-12T08:07:40+00:00\",\"dateModified\":\"2023-06-12T08:12:10+00:00\",\"mainEntityOfPage\":{\"@id\":\"https:\\\/\\\/www.krafthand.de\\\/truck\\\/artikel\\\/denso-poweredge-klimakompressoren-fuer-den-aftermarket-36324\\\/\"},\"wordCount\":283,\"image\":{\"@id\":\"https:\\\/\\\/www.krafthand.de\\\/truck\\\/artikel\\\/denso-poweredge-klimakompressoren-fuer-den-aftermarket-36324\\\/#primaryimage\"},\"thumbnailUrl\":\"https:\\\/\\\/static.krafthand-truck.de\\\/uploads\\\/2023\\\/06\\\/DENSO_PowerEdge_Klimakompressoren_lkw_Krafthand_Truck.jpg\",\"keywords\":[\"Denso\",\"Klimaanlage\",\"Klimakompressor\",\"Klimaservice\",\"Poweredge\"],\"articleSection\":[\"Ersatzteile\\\/Zubeh\u00f6r\"],\"inLanguage\":\"de\"},{\"@type\":\"WebPage\",\"@id\":\"https:\\\/\\\/www.krafthand.de\\\/truck\\\/artikel\\\/denso-poweredge-klimakompressoren-fuer-den-aftermarket-36324\\\/\",\"url\":\"https:\\\/\\\/www.krafthand.de\\\/truck\\\/artikel\\\/denso-poweredge-klimakompressoren-fuer-den-aftermarket-36324\\\/\",\"name\":\"DENSO-PowerEdge: Klimakompressoren f\u00fcr den Aftermarket - Krafthand-Truck\",\"isPartOf\":{\"@id\":\"https:\\\/\\\/www.krafthand.de\\\/truck\\\/#website\"},\"primaryImageOfPage\":{\"@id\":\"https:\\\/\\\/www.krafthand.de\\\/truck\\\/artikel\\\/denso-poweredge-klimakompressoren-fuer-den-aftermarket-36324\\\/#primaryimage\"},\"image\":{\"@id\":\"https:\\\/\\\/www.krafthand.de\\\/truck\\\/artikel\\\/denso-poweredge-klimakompressoren-fuer-den-aftermarket-36324\\\/#primaryimage\"},\"thumbnailUrl\":\"https:\\\/\\\/static.krafthand-truck.de\\\/uploads\\\/2023\\\/06\\\/DENSO_PowerEdge_Klimakompressoren_lkw_Krafthand_Truck.jpg\",\"datePublished\":\"2023-06-12T08:07:40+00:00\",\"dateModified\":\"2023-06-12T08:12:10+00:00\",\"author\":{\"@id\":\"https:\\\/\\\/www.krafthand.de\\\/truck\\\/#\\\/schema\\\/person\\\/51fa80b1c57034c4bf63f9f988fc24ce\"},\"description\":\"DENSO Aftermarket: Unter der Marke PowerEdge sind jetzt auch Klimakompressoren f\u00fcr Pkw und Lkw erh\u00e4ltlich.\",\"breadcrumb\":{\"@id\":\"https:\\\/\\\/www.krafthand.de\\\/truck\\\/artikel\\\/denso-poweredge-klimakompressoren-fuer-den-aftermarket-36324\\\/#breadcrumb\"},\"inLanguage\":\"de\",\"potentialAction\":[{\"@type\":\"ReadAction\",\"target\":[\"https:\\\/\\\/www.krafthand.de\\\/truck\\\/artikel\\\/denso-poweredge-klimakompressoren-fuer-den-aftermarket-36324\\\/\"]}]},{\"@type\":\"ImageObject\",\"inLanguage\":\"de\",\"@id\":\"https:\\\/\\\/www.krafthand.de\\\/truck\\\/artikel\\\/denso-poweredge-klimakompressoren-fuer-den-aftermarket-36324\\\/#primaryimage\",\"url\":\"https:\\\/\\\/static.krafthand-truck.de\\\/uploads\\\/2023\\\/06\\\/DENSO_PowerEdge_Klimakompressoren_lkw_Krafthand_Truck.jpg\",\"contentUrl\":\"https:\\\/\\\/static.krafthand-truck.de\\\/uploads\\\/2023\\\/06\\\/DENSO_PowerEdge_Klimakompressoren_lkw_Krafthand_Truck.jpg\",\"width\":870,\"height\":817},{\"@type\":\"BreadcrumbList\",\"@id\":\"https:\\\/\\\/www.krafthand.de\\\/truck\\\/artikel\\\/denso-poweredge-klimakompressoren-fuer-den-aftermarket-36324\\\/#breadcrumb\",\"itemListElement\":[{\"@type\":\"ListItem\",\"position\":1,\"name\":\"Krafthand-Truck\",\"item\":\"https:\\\/\\\/www.krafthand.de\\\/truck\\\/\"},{\"@type\":\"ListItem\",\"position\":2,\"name\":\"Nfz-Service\",\"item\":\"https:\\\/\\\/www.krafthand.de\\\/truck\\\/kategorie\\\/nfz-service\\\/\"},{\"@type\":\"ListItem\",\"position\":3,\"name\":\"Ersatzteile\\\/Zubeh\u00f6r\",\"item\":\"https:\\\/\\\/www.krafthand.de\\\/truck\\\/kategorie\\\/nfz-service\\\/ersatzteile-zubehoer\\\/\"},{\"@type\":\"ListItem\",\"position\":4,\"name\":\"DENSO-PowerEdge: Klimakompressoren f\u00fcr den Aftermarket\"}]},{\"@type\":\"WebSite\",\"@id\":\"https:\\\/\\\/www.krafthand.de\\\/truck\\\/#website\",\"url\":\"https:\\\/\\\/www.krafthand.de\\\/truck\\\/\",\"name\":\"Krafthand-Truck\",\"description\":\"\",\"potentialAction\":[{\"@type\":\"SearchAction\",\"target\":{\"@type\":\"EntryPoint\",\"urlTemplate\":\"https:\\\/\\\/www.krafthand.de\\\/truck\\\/?s={search_term_string}\"},\"query-input\":{\"@type\":\"PropertyValueSpecification\",\"valueRequired\":true,\"valueName\":\"search_term_string\"}}],\"inLanguage\":\"de\"},{\"@type\":\"Person\",\"@id\":\"https:\\\/\\\/www.krafthand.de\\\/truck\\\/#\\\/schema\\\/person\\\/51fa80b1c57034c4bf63f9f988fc24ce\",\"name\":\"georg.blenk@krafthand-medien.de\",\"image\":{\"@type\":\"ImageObject\",\"inLanguage\":\"de\",\"@id\":\"https:\\\/\\\/secure.gravatar.com\\\/avatar\\\/93713c30affe0aa95d3a4130e499bb1abee2eb31adbdd9ce2aa1543538490215?s=96&d=mm&r=g\",\"url\":\"https:\\\/\\\/secure.gravatar.com\\\/avatar\\\/93713c30affe0aa95d3a4130e499bb1abee2eb31adbdd9ce2aa1543538490215?s=96&d=mm&r=g\",\"contentUrl\":\"https:\\\/\\\/secure.gravatar.com\\\/avatar\\\/93713c30affe0aa95d3a4130e499bb1abee2eb31adbdd9ce2aa1543538490215?s=96&d=mm&r=g\",\"caption\":\"georg.blenk@krafthand-medien.de\"}}]}<\/script>\n<!-- \/ Yoast SEO plugin. -->","yoast_head_json":{"title":"DENSO-PowerEdge: Klimakompressoren f\u00fcr den Aftermarket - Krafthand-Truck","description":"DENSO Aftermarket: Unter der Marke PowerEdge sind jetzt auch Klimakompressoren f\u00fcr Pkw und Lkw erh\u00e4ltlich.","robots":{"index":"index","follow":"follow","max-snippet":"max-snippet:-1","max-image-preview":"max-image-preview:large","max-video-preview":"max-video-preview:-1"},"canonical":"https:\/\/www.krafthand.de\/truck\/artikel\/denso-poweredge-klimakompressoren-fuer-den-aftermarket-36324\/","og_locale":"de_DE","og_type":"article","og_title":"DENSO-PowerEdge: Klimakompressoren f\u00fcr den Aftermarket - Krafthand-Truck","og_description":"DENSO Aftermarket: Unter der Marke PowerEdge sind jetzt auch Klimakompressoren f\u00fcr Pkw und Lkw erh\u00e4ltlich.","og_url":"https:\/\/www.krafthand-truck.de\/artikel\/denso-poweredge-klimakompressoren-fuer-den-aftermarket-36324\/","og_site_name":"Krafthand-Truck","article_published_time":"2023-06-12T08:07:40+00:00","article_modified_time":"2023-06-12T08:12:10+00:00","og_image":[{"width":870,"height":817,"url":"https:\/\/static.krafthand-truck.de\/uploads\/2023\/06\/DENSO_PowerEdge_Klimakompressoren_lkw_Krafthand_Truck.jpg","type":"image\/jpeg"}],"author":"georg.blenk@krafthand-medien.de","twitter_card":"summary_large_image","twitter_misc":{"Verfasst von":"georg.blenk@krafthand-medien.de","Gesch\u00e4tzte Lesezeit":"2\u00a0Minuten"},"schema":{"@context":"https:\/\/schema.org","@graph":[{"@type":"Article","@id":"https:\/\/www.krafthand.de\/truck\/artikel\/denso-poweredge-klimakompressoren-fuer-den-aftermarket-36324\/#article","isPartOf":{"@id":"https:\/\/www.krafthand.de\/truck\/artikel\/denso-poweredge-klimakompressoren-fuer-den-aftermarket-36324\/"},"author":{"name":"georg.blenk@krafthand-medien.de","@id":"https:\/\/www.krafthand.de\/truck\/#\/schema\/person\/51fa80b1c57034c4bf63f9f988fc24ce"},"headline":"DENSO-PowerEdge: Klimakompressoren f\u00fcr den Aftermarket","datePublished":"2023-06-12T08:07:40+00:00","dateModified":"2023-06-12T08:12:10+00:00","mainEntityOfPage":{"@id":"https:\/\/www.krafthand.de\/truck\/artikel\/denso-poweredge-klimakompressoren-fuer-den-aftermarket-36324\/"},"wordCount":283,"image":{"@id":"https:\/\/www.krafthand.de\/truck\/artikel\/denso-poweredge-klimakompressoren-fuer-den-aftermarket-36324\/#primaryimage"},"thumbnailUrl":"https:\/\/static.krafthand-truck.de\/uploads\/2023\/06\/DENSO_PowerEdge_Klimakompressoren_lkw_Krafthand_Truck.jpg","keywords":["Denso","Klimaanlage","Klimakompressor","Klimaservice","Poweredge"],"articleSection":["Ersatzteile\/Zubeh\u00f6r"],"inLanguage":"de"},{"@type":"WebPage","@id":"https:\/\/www.krafthand.de\/truck\/artikel\/denso-poweredge-klimakompressoren-fuer-den-aftermarket-36324\/","url":"https:\/\/www.krafthand.de\/truck\/artikel\/denso-poweredge-klimakompressoren-fuer-den-aftermarket-36324\/","name":"DENSO-PowerEdge: Klimakompressoren f\u00fcr den Aftermarket - Krafthand-Truck","isPartOf":{"@id":"https:\/\/www.krafthand.de\/truck\/#website"},"primaryImageOfPage":{"@id":"https:\/\/www.krafthand.de\/truck\/artikel\/denso-poweredge-klimakompressoren-fuer-den-aftermarket-36324\/#primaryimage"},"image":{"@id":"https:\/\/www.krafthand.de\/truck\/artikel\/denso-poweredge-klimakompressoren-fuer-den-aftermarket-36324\/#primaryimage"},"thumbnailUrl":"https:\/\/static.krafthand-truck.de\/uploads\/2023\/06\/DENSO_PowerEdge_Klimakompressoren_lkw_Krafthand_Truck.jpg","datePublished":"2023-06-12T08:07:40+00:00","dateModified":"2023-06-12T08:12:10+00:00","author":{"@id":"https:\/\/www.krafthand.de\/truck\/#\/schema\/person\/51fa80b1c57034c4bf63f9f988fc24ce"},"description":"DENSO Aftermarket: Unter der Marke PowerEdge sind jetzt auch Klimakompressoren f\u00fcr Pkw und Lkw erh\u00e4ltlich.","breadcrumb":{"@id":"https:\/\/www.krafthand.de\/truck\/artikel\/denso-poweredge-klimakompressoren-fuer-den-aftermarket-36324\/#breadcrumb"},"inLanguage":"de","potentialAction":[{"@type":"ReadAction","target":["https:\/\/www.krafthand.de\/truck\/artikel\/denso-poweredge-klimakompressoren-fuer-den-aftermarket-36324\/"]}]},{"@type":"ImageObject","inLanguage":"de","@id":"https:\/\/www.krafthand.de\/truck\/artikel\/denso-poweredge-klimakompressoren-fuer-den-aftermarket-36324\/#primaryimage","url":"https:\/\/static.krafthand-truck.de\/uploads\/2023\/06\/DENSO_PowerEdge_Klimakompressoren_lkw_Krafthand_Truck.jpg","contentUrl":"https:\/\/static.krafthand-truck.de\/uploads\/2023\/06\/DENSO_PowerEdge_Klimakompressoren_lkw_Krafthand_Truck.jpg","width":870,"height":817},{"@type":"BreadcrumbList","@id":"https:\/\/www.krafthand.de\/truck\/artikel\/denso-poweredge-klimakompressoren-fuer-den-aftermarket-36324\/#breadcrumb","itemListElement":[{"@type":"ListItem","position":1,"name":"Krafthand-Truck","item":"https:\/\/www.krafthand.de\/truck\/"},{"@type":"ListItem","position":2,"name":"Nfz-Service","item":"https:\/\/www.krafthand.de\/truck\/kategorie\/nfz-service\/"},{"@type":"ListItem","position":3,"name":"Ersatzteile\/Zubeh\u00f6r","item":"https:\/\/www.krafthand.de\/truck\/kategorie\/nfz-service\/ersatzteile-zubehoer\/"},{"@type":"ListItem","position":4,"name":"DENSO-PowerEdge: Klimakompressoren f\u00fcr den Aftermarket"}]},{"@type":"WebSite","@id":"https:\/\/www.krafthand.de\/truck\/#website","url":"https:\/\/www.krafthand.de\/truck\/","name":"Krafthand-Truck","description":"","potentialAction":[{"@type":"SearchAction","target":{"@type":"EntryPoint","urlTemplate":"https:\/\/www.krafthand.de\/truck\/?s={search_term_string}"},"query-input":{"@type":"PropertyValueSpecification","valueRequired":true,"valueName":"search_term_string"}}],"inLanguage":"de"},{"@type":"Person","@id":"https:\/\/www.krafthand.de\/truck\/#\/schema\/person\/51fa80b1c57034c4bf63f9f988fc24ce","name":"georg.blenk@krafthand-medien.de","image":{"@type":"ImageObject","inLanguage":"de","@id":"https:\/\/secure.gravatar.com\/avatar\/93713c30affe0aa95d3a4130e499bb1abee2eb31adbdd9ce2aa1543538490215?s=96&d=mm&r=g","url":"https:\/\/secure.gravatar.com\/avatar\/93713c30affe0aa95d3a4130e499bb1abee2eb31adbdd9ce2aa1543538490215?s=96&d=mm&r=g","contentUrl":"https:\/\/secure.gravatar.com\/avatar\/93713c30affe0aa95d3a4130e499bb1abee2eb31adbdd9ce2aa1543538490215?s=96&d=mm&r=g","caption":"georg.blenk@krafthand-medien.de"}}]}},"_links":{"self":[{"href":"https:\/\/www.krafthand.de\/truck\/wp-json\/wp\/v2\/posts\/36324","targetHints":{"allow":["GET"]}}],"collection":[{"href":"https:\/\/www.krafthand.de\/truck\/wp-json\/wp\/v2\/posts"}],"about":[{"href":"https:\/\/www.krafthand.de\/truck\/wp-json\/wp\/v2\/types\/post"}],"author":[{"embeddable":true,"href":"https:\/\/www.krafthand.de\/truck\/wp-json\/wp\/v2\/users\/9"}],"replies":[{"embeddable":true,"href":"https:\/\/www.krafthand.de\/truck\/wp-json\/wp\/v2\/comments?post=36324"}],"version-history":[{"count":11,"href":"https:\/\/www.krafthand.de\/truck\/wp-json\/wp\/v2\/posts\/36324\/revisions"}],"predecessor-version":[{"id":36336,"href":"https:\/\/www.krafthand.de\/truck\/wp-json\/wp\/v2\/posts\/36324\/revisions\/36336"}],"wp:featuredmedia":[{"embeddable":true,"href":"https:\/\/www.krafthand.de\/truck\/wp-json\/wp\/v2\/media\/36329"}],"wp:attachment":[{"href":"https:\/\/www.krafthand.de\/truck\/wp-json\/wp\/v2\/media?parent=36324"}],"wp:term":[{"taxonomy":"category","embeddable":true,"href":"https:\/\/www.krafthand.de\/truck\/wp-json\/wp\/v2\/categories?post=36324"},{"taxonomy":"post_tag","embeddable":true,"href":"https:\/\/www.krafthand.de\/truck\/wp-json\/wp\/v2\/tags?post=36324"},{"taxonomy":"settings","embeddable":true,"href":"https:\/\/www.krafthand.de\/truck\/wp-json\/wp\/v2\/settings?post=36324"}],"curies":[{"name":"wp","href":"https:\/\/api.w.org\/{rel}","templated":true}]}}