{"id":36301,"date":"2023-06-09T10:10:14","date_gmt":"2023-06-09T08:10:14","guid":{"rendered":"https:\/\/www.krafthand.de\/truck\/?p=36301"},"modified":"2025-12-02T11:10:52","modified_gmt":"2025-12-02T10:10:52","slug":"wir-sehen-chancen-wo-andere-risiken-sehen-im-gespraech-mit-thomas-ruecker-designwerk-technologies","status":"publish","type":"post","link":"https:\/\/www.krafthand.de\/truck\/artikel\/wir-sehen-chancen-wo-andere-risiken-sehen-im-gespraech-mit-thomas-ruecker-designwerk-technologies-36301\/","title":{"rendered":"\u201eWir sehen Chancen, wo andere Risiken sehen\u201c &#8211; Im Gespr\u00e4ch mit Thomas R\u00fccker, Designwerk Technologies"},"content":{"rendered":"<p>Die Designwerk GmbH wurde 2008 von Tobias W\u00fclser und Frank Loacker in Winterthur gegr\u00fcndet. Das erste Elektrofahrzeug war ein dreir\u00e4driges Postzustellfahrzeug. Bekannt wurden die beiden T\u00fcftler mit dem selbst entwickelten Zerotracer, einem hocheffizienten E-Roller. In 80 Tagen schaffte man damit die Weltumrundung und gewann das Zero Emission Race. Das Unternehmen entwickelte sich rasch weiter. Seit sieben Jahren sind elektrisch angetriebene Wertstoffsammelfahrzeuge von Designwerk f\u00fcr den Schweizer Bund auf der Stra\u00dfe. Zum Portfolio des Unternehmens geh\u00f6ren heute batterieelektrische Lkw, Sonderfahrzeuge und Zugmaschinen. Hinzu kommen mobile Schnellladeger\u00e4te sowie modulare Hochvolt-Batteriesysteme. 2021 erwarb die Volvo Group 60 Prozent des Unternehmens.<br \/>\nWir haben uns mit <strong>Thomas R\u00fccker<\/strong>, Director of Sales and After Sales bei der <a href=\"https:\/\/www.designwerk.com\" target=\"_blank\" rel=\"noopener\">Designwerk Technologies AG<\/a> \u00fcber die Technologien, die Alleinstellungsmerkmale, die Unternehmensstrategie und \u00fcber Pers\u00f6nliches unterhalten.<\/p>\n<p><strong>Sehr geehrter Herr R\u00fccker, Sie sind seit 27 Jahren in der Pkw- und Nfz-Branche zuhause. Zuletzt waren Sie Managing Director bei IVECO Schweiz. Erst k\u00fcrzlich sind Sie zur Designwerk Technologie AG gewechselt. Was hat Sie zu dem Schritt bewogen?<\/strong><\/p>\n<p>Ich wollte nach langen Jahren bei IVECO etwas Neues machen. Nachdem ich zuletzt bei der Konzern-eigenen Importgesellschaft verantwortlich f\u00fcr rund 60 Vertriebs- und Servicebetriebe und rund 270 Angestellte war, reizte mich die M\u00f6glichkeit meine Erfahrungen in ein mittelst\u00e4ndisches Unternehmen einzubringen. Zudem kenne ich die beiden Gr\u00fcnder von Designwerk, Tobias W\u00fclser und Frank Loacker schon seit 2011 und sch\u00e4tzte ihre Macher-Mentalit\u00e4t und Innovationskraft. Seit Februar bin ich bei Designwerk verantwortlich f\u00fcr den Vertrieb von E-Trucks und den Kundendienstbereich aller Produktgruppen. Ich freue mich, dass wir gemeinsam Gro\u00dfes und Schweres bewegen k\u00f6nnen.<\/p>\n<div class=\"infobox box-grey\"><\/p>\n<p><figure id=\"attachment_36307\" aria-describedby=\"caption-attachment-36307\" style=\"width: 180px\" class=\"wp-caption alignright\"><a href=\"https:\/\/static.krafthand-truck.de\/uploads\/2023\/06\/Designwerk_Technologies_Thomas_Ruecker.jpg\" target=\"_blank\" rel=\"noopener\"><img decoding=\"async\" class=\"wp-image-36307\" src=\"https:\/\/static.krafthand-truck.de\/uploads\/2023\/06\/Designwerk_Technologies_Thomas_Ruecker-214x300.jpg\" alt=\"\" width=\"180\" height=\"252\" srcset=\"https:\/\/static.krafthand-truck.de\/uploads\/2023\/06\/Designwerk_Technologies_Thomas_Ruecker-214x300.jpg 214w, https:\/\/static.krafthand-truck.de\/uploads\/2023\/06\/Designwerk_Technologies_Thomas_Ruecker.jpg 600w\" sizes=\"(max-width: 180px) 100vw, 180px\" \/><\/a><figcaption id=\"caption-attachment-36307\" class=\"wp-caption-text\">Thomas R\u00fccker<\/figcaption><\/figure><\/p>\n<p><strong>Zur Person<\/strong><br \/>\nThomas R\u00fccker (47) war rund 12 Jahre bei der IVECO (Schweiz) AG, zuerst als Key-Account Manager und zuletzt viereinhalb Jahre lang als Managing Director t\u00e4tig. R\u00fccker startete seine berufliche Karriere bei der Mercedes-Benz (Schweiz) AG und arbeitete sp\u00e4ter bei W\u00e4lchli &amp; Bollier und General-Motors, zuletzt als Director Sales der Marke Opel, ebenfalls in der Schweiz. R\u00fccker studierte an der Robert Gordon University in Aberdeen und schloss mit einem Bachelor of Arts und einem Master of Scienes ab.<br \/>\n<\/div>\n<p>&nbsp;<\/p>\n<p><strong>Designwerk ist im Bereich E-Mobilit\u00e4t breit aufgestellt, aber auch individueller Probleml\u00f6ser in Nischensegmenten. Kann man die Unternehmensstrategie mit einem Schweizer Taschenmesser vergleichen?<\/strong><\/p>\n<p>Ein interessanter Gedanke, tats\u00e4chlich. Ja, wir bauen nicht nur vollelektrische Lkw, sondern sind auch Probleml\u00f6ser f\u00fcr die Belange drumherum. Wir entwickeln eigene Getriebe, k\u00fcmmern uns selbst um das Thermo- und Batteriemanagement und um das Laden. Je kniffliger und anspruchsvoller die Anforderung, desto besser. Deswegen besch\u00e4ftigen wir uns auch mit dem Sonderfahrzeugbau, elektrisch angetrieben versteht sich. Das zeichnet Designwerk aus und unterscheidet uns von zahlreichen anderen, zumal gro\u00dfen Lkw-Herstellern. Wir sehen uns auch nicht als Wettbewerber der OEM, so realistisch sind wir. Vielmehr positionieren wir uns als kleine, feine Manufaktur und sehen Chancen, wo andere vielleicht eher Risiken sehen. Ein Beispiel: Wir koppeln heute 400V-Batterien um eine schnellere Ladeleistung (350 kW) zu erm\u00f6glichen. Damit k\u00f6nnen wir uns differenzieren und es birgt noch weitere Vorteile f\u00fcr unsere Kunden. Ja, das Schweizer Taschenmesser passt gut, wir haben mehrere Tools an der Hand.<\/p>\n<h3><em>\u201eAuf der Welt gibt es mehr Steckdosen als Tanks\u00e4ulen\u201c<\/em><\/h3>\n<p><strong>Die Volvo-Group hat vor zwei Jahren 60 Prozent an Designwerk \u00fcbernommen. Das best\u00e4tigt nicht nur die Innovationskraft des Unternehmens, sondern er\u00f6ffnet auch ganz neue Perspektiven?<\/strong><\/p>\n<p>F\u00fcr uns war der Einstieg von Volvo unternehmerisch sehr bedeutungsvoll. Einerseits profitieren wir von der starken Marke, dem Service-Netz und den Fahrzeugplattformen. Andererseits ergeben sich eine Vielzahl weitere Synergien. Was den Service unserer Designwerk-Lkw angeht, profitieren wir vom Zugang zu Ersatzteilen und Spezialwerkzeugen und vor allem auch vom Know-how von Volvo, auch was die Ausbildung an Hochvoltfahrzeugen von Mechatroniker*innen angeht.<\/p>\n<figure id=\"attachment_36309\" aria-describedby=\"caption-attachment-36309\" style=\"width: 380px\" class=\"wp-caption alignleft\"><a href=\"https:\/\/static.krafthand-truck.de\/uploads\/2023\/06\/Designwerk_Technologies_Muellsammelfahrzeug_03.jpg\" target=\"_blank\" rel=\"noopener\"><img fetchpriority=\"high\" decoding=\"async\" class=\"wp-image-36309\" src=\"https:\/\/static.krafthand-truck.de\/uploads\/2023\/06\/Designwerk_Technologies_Muellsammelfahrzeug_03-300x225.jpg\" alt=\"\" width=\"380\" height=\"285\" srcset=\"https:\/\/static.krafthand-truck.de\/uploads\/2023\/06\/Designwerk_Technologies_Muellsammelfahrzeug_03-300x225.jpg 300w, https:\/\/static.krafthand-truck.de\/uploads\/2023\/06\/Designwerk_Technologies_Muellsammelfahrzeug_03-1024x768.jpg 1024w, https:\/\/static.krafthand-truck.de\/uploads\/2023\/06\/Designwerk_Technologies_Muellsammelfahrzeug_03-768x576.jpg 768w, https:\/\/static.krafthand-truck.de\/uploads\/2023\/06\/Designwerk_Technologies_Muellsammelfahrzeug_03-200x150.jpg 200w, https:\/\/static.krafthand-truck.de\/uploads\/2023\/06\/Designwerk_Technologies_Muellsammelfahrzeug_03.jpg 1200w\" sizes=\"(max-width: 380px) 100vw, 380px\" \/><\/a><figcaption id=\"caption-attachment-36309\" class=\"wp-caption-text\">MID CAB-Lkw f\u00fcr die Kurz- und Mittelstrecken mit Sonderaufbau (Abfallsammel-Fahrzeug).<\/figcaption><\/figure>\n<p><strong>2022 stellte Designwerk die vollelektrische Sattelzugmaschine (HIGH CAB Lowliner) auf Basis eines Volvo-FH-Chassis vor. Sie runden also das Portfolio mit einem 40-Tonner nach oben ab?<\/strong><\/p>\n<p>Ja, wir steigen bei 18t ein und gehen hoch bis 44t als MID- oder LOW CAB. Als Basisplattformen dienen der Volvo FM und FH, aber auch der Mercedes-Benz Econic. Was alle Fahrzeugprojekte eint, ist die Performance. Wir suchen quasi die Komplexit\u00e4t in der Nische, alles was extrem und anforderungsreich ist. Am Ende des Tages geht es um die Effizienz und die Frage ob es sich rechnet. Der Erfolgsfaktor der Zukunft ist nicht die staatliche Incentivierung, sondern die TCO.<\/p>\n<p><strong>Welche Zielm\u00e4rkte verfolgen Sie mit Ihren E-Lkw und wie sieht die Markteintritts-Strategie aus?<\/strong><\/p>\n<p>Zu unseren Zielm\u00e4rkten geh\u00f6ren alle europ\u00e4ischen L\u00e4nder. Jedoch legen nicht alle Regionen die gleiche Bereitschaft und Offenheit gegen\u00fcber der Elektromobilit\u00e4t an den Tag. Dies wird sich aber \u00e4ndern. Aktuell geh\u00f6ren die Schweiz, Deutschland und Norwegen zu den Zielm\u00e4rkten. Hinzu kommt beispielsweise D\u00e4nemark, Schweden, Finnland, die Niederlande, Belgien aber auch \u00d6sterreich. Es erreichen uns aber auch Anfragen aus Polen, Spanien, Portugal und Frankreich. Interessant ist, dass sich viele s\u00fcdeurop\u00e4ische L\u00e4nder noch eher in Zur\u00fcckhaltung \u00fcben. Zust\u00e4ndig f\u00fcr die europ\u00e4ischen M\u00e4rkte ist die Designwerk Europe GmbH mit Sitz in Lottstetten (Deutschland).<\/p>\n<figure id=\"attachment_36312\" aria-describedby=\"caption-attachment-36312\" style=\"width: 380px\" class=\"wp-caption alignright\"><a href=\"https:\/\/static.krafthand-truck.de\/uploads\/2023\/06\/Designwerk_Technologies_Teststrecke_04.jpg\" target=\"_blank\" rel=\"noopener\"><img decoding=\"async\" class=\"wp-image-36312\" src=\"https:\/\/static.krafthand-truck.de\/uploads\/2023\/06\/Designwerk_Technologies_Teststrecke_04-300x207.jpg\" alt=\"\" width=\"380\" height=\"263\" srcset=\"https:\/\/static.krafthand-truck.de\/uploads\/2023\/06\/Designwerk_Technologies_Teststrecke_04-300x207.jpg 300w, https:\/\/static.krafthand-truck.de\/uploads\/2023\/06\/Designwerk_Technologies_Teststrecke_04-1024x707.jpg 1024w, https:\/\/static.krafthand-truck.de\/uploads\/2023\/06\/Designwerk_Technologies_Teststrecke_04-768x531.jpg 768w, https:\/\/static.krafthand-truck.de\/uploads\/2023\/06\/Designwerk_Technologies_Teststrecke_04.jpg 1200w\" sizes=\"(max-width: 380px) 100vw, 380px\" \/><\/a><figcaption id=\"caption-attachment-36312\" class=\"wp-caption-text\">Mit 1.099 Kilometer ohne Laden erreichte im August 2021 ein umger\u00fcsteter Volvo FH, ein 19-Tonner mit 680 PS, eine Rekordreichweite. Der Designwerk Lkw (ehemals Futuricum) ist ansonsten f\u00fcr DPD Schweiz unterwegs. Das Fahrzeug fuhr bei der Testfahrt auf Rollwiederstands-optimierten Pneus des Projektpartners Continental.<\/figcaption><\/figure>\n<p><strong>Designwerk entwickelt auch Batteriesysteme und konfiguriert sie individuell. Ein Novum in der Branche.<\/strong><\/p>\n<p>Die Batteriemodule selbst kommen von einem Zulieferer, aber das K\u00fchl- und Batterie-Managementsystem entwickeln und produzieren wir komplett selbst. Wir m\u00fcssen wissen wie die komplexe Technik funktioniert, nur so k\u00f6nnen wir an permanenten Verbesserungen arbeiten und die Gesamtleistung optimieren. Zudem sind uns Nachr\u00fcstoption und Upgrades sowie die R\u00fcckw\u00e4rtskompatibilit\u00e4t unserer Batteriesysteme wichtig. Zus\u00e4tzlich arbeiten wir an Second-Life-Konzepten. \u00c4ltere Batteriemodule k\u00f6nnen beispielsweise als Stromspeicher dienen.<\/p>\n<p><strong>Neu im Portfolio ist die Batteriezelle mit Lithium-Eisenphosphat-Zelltechnologie (LFP). Wo liegen die Vorteile?<\/strong><\/p>\n<p>Die Vorteile einer LFP-Batterie (Lithium-Eisenphosphat) liegen in der Ladezyklen-Festigkeit und der hohen thermischen Stabilit\u00e4t, was sich positiv auf das Balancing auswirkt. Unsere Low-Liner-Lkw sind mit LFP-Batterien ausger\u00fcstet. Sie haben auch einen Gewichtsvorteil. Parallel arbeiten wir aber auch mit NMC-Batterien (Nickel-Mangan-Cobalt), die wiederum andere Vorteile bieten. Wir testen sehr viel, haben zahlreiche Technologien im Blick und w\u00e4gen permanent zwischen Vor- und Nachteilen ab. Interessant sind zuk\u00fcnftig auch andere Batterietechnologien \u2013 hier gibt es noch viel Potenzial f\u00fcr die Elektrifizierung des Schwerverkehrs.<\/p>\n<figure id=\"attachment_36313\" aria-describedby=\"caption-attachment-36313\" style=\"width: 320px\" class=\"wp-caption alignleft\"><a href=\"https:\/\/static.krafthand-truck.de\/uploads\/2023\/06\/Designwerk_Technologies_Ladegeraete_05.jpg\" target=\"_blank\" rel=\"noopener\"><img loading=\"lazy\" decoding=\"async\" class=\"wp-image-36313\" src=\"https:\/\/static.krafthand-truck.de\/uploads\/2023\/06\/Designwerk_Technologies_Ladegeraete_05-300x256.jpg\" alt=\"\" width=\"320\" height=\"273\" srcset=\"https:\/\/static.krafthand-truck.de\/uploads\/2023\/06\/Designwerk_Technologies_Ladegeraete_05-300x256.jpg 300w, https:\/\/static.krafthand-truck.de\/uploads\/2023\/06\/Designwerk_Technologies_Ladegeraete_05-1024x872.jpg 1024w, https:\/\/static.krafthand-truck.de\/uploads\/2023\/06\/Designwerk_Technologies_Ladegeraete_05-768x654.jpg 768w, https:\/\/static.krafthand-truck.de\/uploads\/2023\/06\/Designwerk_Technologies_Ladegeraete_05.jpg 1200w\" sizes=\"(max-width: 320px) 100vw, 320px\" \/><\/a><figcaption id=\"caption-attachment-36313\" class=\"wp-caption-text\">Designwerk baut E-Lkws, entwickelt und liefert hoch performante Batteriesysteme und mobile Ladetechnik.<\/figcaption><\/figure>\n<p><strong>Auch um die Ladetechnik k\u00fcmmert sich die Designwerk Technologies AG?<\/strong><\/p>\n<p>Ja, das dritte Gesch\u00e4ftsfeld bildet die Produktion und der Vertrieb von mobilen Ladel\u00f6sungen. Mit unseren Power-Chargern auf Gleichspannungsbasis erreichen wir sehr hohe Ladeleistung \u00fcber eine herk\u00f6mmliche Industriesteckdose. So sind Ladegeschwindigkeiten von 22 bis 88 KW m\u00f6glich. Mit den Ger\u00e4ten verf\u00fcgen wir quasi \u00fcber ein Alleinstellungsmerkmal. Sie sind ideal f\u00fcr Werkstatt- und Testumgebungen oder Showrooms.<\/p>\n<p><strong>Wie viele Lkw sind momentan bereits auf der Stra\u00dfe und wie sieht es mit den Produktionskapazit\u00e4ten und dem Servicenetzwerk aus?<\/strong><\/p>\n<p>Aktuell sind 180 Fahrzeuge im Einsatz. Es wurden bereits \u00fcber sechs Millionen Kilometer von unseren Kunden zur\u00fcckgelegt. Die Fahrzeuge unterliegen einem permanenten Monitoring. So wissen wir immer \u00fcber die Ladesituation, den Zustand der Batterien und des Antriebsstrangs Bescheid. Unser Produktionsziel f\u00fcr dieses Jahr liegt bei 120 Fahrzeugen. Die Lkw werden in Winterthur komplett auf Elektro umger\u00fcstet. Dabei liefert uns Volvo fahrbereite Fahrzeuge. Wir bauen den Antriebsstrang und zahlreiche weitere Komponenten aus und liefern sie an Volvo zur\u00fcck. Die Daimler-Truck AG stellt uns Glider zur Verf\u00fcgung, also Fahrzeuge ohne Antriebseinheit.<\/p>\n<figure id=\"attachment_36317\" aria-describedby=\"caption-attachment-36317\" style=\"width: 380px\" class=\"wp-caption alignright\"><a href=\"https:\/\/static.krafthand-truck.de\/uploads\/2023\/06\/Designwerk_Technologies_Autotransporter_06-1.jpg\" target=\"_blank\" rel=\"noopener\"><img loading=\"lazy\" decoding=\"async\" class=\"wp-image-36317\" src=\"https:\/\/static.krafthand-truck.de\/uploads\/2023\/06\/Designwerk_Technologies_Autotransporter_06-1-300x199.jpg\" alt=\"\" width=\"380\" height=\"252\" srcset=\"https:\/\/static.krafthand-truck.de\/uploads\/2023\/06\/Designwerk_Technologies_Autotransporter_06-1-300x199.jpg 300w, https:\/\/static.krafthand-truck.de\/uploads\/2023\/06\/Designwerk_Technologies_Autotransporter_06-1-1024x678.jpg 1024w, https:\/\/static.krafthand-truck.de\/uploads\/2023\/06\/Designwerk_Technologies_Autotransporter_06-1-768x509.jpg 768w, https:\/\/static.krafthand-truck.de\/uploads\/2023\/06\/Designwerk_Technologies_Autotransporter_06-1.jpg 1200w\" sizes=\"(max-width: 380px) 100vw, 380px\" \/><\/a><figcaption id=\"caption-attachment-36317\" class=\"wp-caption-text\">Erster, vollelektrischer Car Carrier von Designwerk.<\/figcaption><\/figure>\n<p><strong>In der Gesch\u00e4ftsleitung sind Sie Teil eines siebenk\u00f6pfigen Teams. Das klingt nach Arbeitsteilung und flachen Hierarchien. Wie w\u00fcrden Sie die Unternehmenskultur bei Designwerk beschreiben?<\/strong><\/p>\n<p>Wir sind quasi als Start-Up gestartet, hatten vor einigen Jahren noch rund 30 Mitarbeiter*innen und entwickelten uns in j\u00fcngster Zeit rasant zu einem mittelst\u00e4ndischen Unternehmen mit 190 Mitarbeiter*innen. Wir konnten aber immer schnell reagieren und skalieren. Nat\u00fcrlich hat sich heute die Unternehmenskultur etwas ge\u00e4ndert. Bei einem Unternehmen in der Gr\u00f6\u00dfe sind definierte Prozesse und Strukturen notwendig, die es zu Beginn so nicht gab. Wir pflegen aber nach wie vor eine sehr offene und kommunikative Unternehmenskultur, sind auf \u201aDu und Du\u2018 in einem jungen Team. Im \u00dcbrigen hat der Einstieg von Volvo nichts daran ge\u00e4ndert, wir k\u00f6nnen die Vorteile eines KMU voll ausspielen.<\/p>\n<figure id=\"attachment_36318\" aria-describedby=\"caption-attachment-36318\" style=\"width: 380px\" class=\"wp-caption alignleft\"><a href=\"https:\/\/static.krafthand-truck.de\/uploads\/2023\/06\/Designwerk_Technologies_Lkw_Produktion_Winterthur_07.jpg\" target=\"_blank\" rel=\"noopener\"><img loading=\"lazy\" decoding=\"async\" class=\"wp-image-36318\" src=\"https:\/\/static.krafthand-truck.de\/uploads\/2023\/06\/Designwerk_Technologies_Lkw_Produktion_Winterthur_07-300x200.jpg\" alt=\"\" width=\"380\" height=\"253\" srcset=\"https:\/\/static.krafthand-truck.de\/uploads\/2023\/06\/Designwerk_Technologies_Lkw_Produktion_Winterthur_07-300x200.jpg 300w, https:\/\/static.krafthand-truck.de\/uploads\/2023\/06\/Designwerk_Technologies_Lkw_Produktion_Winterthur_07-1024x683.jpg 1024w, https:\/\/static.krafthand-truck.de\/uploads\/2023\/06\/Designwerk_Technologies_Lkw_Produktion_Winterthur_07-768x512.jpg 768w, https:\/\/static.krafthand-truck.de\/uploads\/2023\/06\/Designwerk_Technologies_Lkw_Produktion_Winterthur_07.jpg 1200w\" sizes=\"(max-width: 380px) 100vw, 380px\" \/><\/a><figcaption id=\"caption-attachment-36318\" class=\"wp-caption-text\">Lkw-Produktion bei Designwerk in Winterthur.<\/figcaption><\/figure>\n<p><strong>Am Ende eine pers\u00f6nliche Frage: \u00dcber was haben Sie sich k\u00fcrzlich am meisten gefreut, \u00fcber was am meisten ge\u00e4rgert?<\/strong><\/p>\n<p>Am meisten gefreut habe ich mich \u00fcber unsere gelungenen Messeauftritte auf der Transport-Logistik in M\u00fcnchen und der Ro-Ka-Tech in Kassel. Hinzu kam die Fahrzeugpr\u00e4sentation unseres Low-Liner auf dem Flugfeld in Mendig. Wir f\u00fchrten sehr gute Gespr\u00e4che und ich sp\u00fcrte die Begeisterung der Menschen was unsere Technik angeht. Ge\u00e4rgert hat mich k\u00fcrzlich, dass wir wider besseren Wissens einen unserer Kunden nicht optimal im Fokus hatten. Wir gaben notwendige Informationen zu sp\u00e4t weiter, obwohl wir den Sachverhalt l\u00e4ngst erledigt hatten. So bleiben wir weiterhin wachsam f\u00fcr Kundenanliegen und setzen uns f\u00fcr eine gr\u00f6\u00dftm\u00f6gliche Kundenzufriedenheit ein.<\/p>\n<p><i>Den Beitrag finden Sie auch in der Print-Ausgabe 2-2023 der <a href=\"https:\/\/www.krafthand.de\/truck\/magazin\/\" title=\"Zum Magazin\">Krafthand-Truck<\/a>.<\/i><\/p>\r\n\t\t\t\t<div class=\"post-author\">\r\n\t\t\t\t\t<div class=\"khm-cp-author clearfix\">\r\n\t\t\t\t\t\t<div class=\"khm-cp-author__content\">\r\n\t\t\t\t\t\t\t\tKontakt zum Autor:<br \/>\r\n\t\t\t\t\t\t\t\t<strong>Georg Blenk<\/strong>, 08247 \/ 3007-45 |  <a href=\"mailto:georg.blenk@krafthand-medien.de\">georg.blenk@krafthand-medien.de<\/a>\r\n\t\t\t\t\t\t\t<div class=\"khm-cp-author__image\">\r\n\t\t\t\t\t\t<img src=\"https:\/\/static.krafthand-truck.de\/uploads\/2021\/01\/Blenk_6104-250x300-1-removebg-preview.png\" class=\"img-responsive\">\r\n\t\t\t\t\t<\/div>\r\n\t\t\t\t\t\t<\/div>\r\n\t\t\t\t\t<\/div>\r\n\t\t\t\t<\/div>\r\n\t\t\t\t","protected":false},"excerpt":{"rendered":"<p>Zum Portfolio der Designwerk Technologies AG geh\u00f6ren batterieelektrische Lkw, Sonderfahrzeuge und Zugmaschinen. Hinzu kommen mobile Schnellladeger\u00e4te sowie modulare Hochvolt-Batteriesysteme. Wir haben uns mit Thomas R\u00fccker, Director of Sales and After Sales bei der Designwerk Technologies AG \u00fcber die Technologien, die Alleinstellungsmerkmale, die Unternehmensstrategie und \u00fcber Pers\u00f6nliches unterhalten. <span class=\"excerpt-more__dots\">&#8230;<\/span> <a class=\"excerpt-more__link\" href=\"https:\/\/www.krafthand.de\/truck\/artikel\/wir-sehen-chancen-wo-andere-risiken-sehen-im-gespraech-mit-thomas-ruecker-designwerk-technologies-36301\/\" >weiter<\/a><\/p>\n","protected":false},"author":9,"featured_media":36304,"comment_status":"closed","ping_status":"closed","sticky":false,"template":"","format":"standard","meta":{"footnotes":""},"categories":[4238,6375,4915,4235],"tags":[696,5161,4177,5642],"settings":[3524,4766,3523],"class_list":["post-36301","post","type-post","status-publish","format-standard","has-post-thumbnail","hentry","category-koepfe","category-lade-tank-infrastruktur","category-neue-fahrzeuge","category-unternehmen","tag-batterien","tag-designwerk","tag-e-lkw","tag-thomas-ruecker"],"yoast_head":"<!-- This site is optimized with the Yoast SEO plugin v27.3 - https:\/\/yoast.com\/product\/yoast-seo-wordpress\/ -->\n<title>\u201eWir sehen Chancen, wo andere Risiken sehen\u201c - Im Gespr\u00e4ch mit Thomas R\u00fccker, Designwerk Technologies - Krafthand-Truck<\/title>\n<meta name=\"description\" content=\"Zum Portfolio der Designwerk Technologies AG geh\u00f6ren batterieelektrische Lkw, mobile Schnellladeger\u00e4te sowie modulare Hochvolt-Batteriesysteme.\" \/>\n<meta name=\"robots\" content=\"index, follow, max-snippet:-1, max-image-preview:large, max-video-preview:-1\" \/>\n<link rel=\"canonical\" href=\"https:\/\/www.krafthand.de\/truck\/artikel\/wir-sehen-chancen-wo-andere-risiken-sehen-im-gespraech-mit-thomas-ruecker-designwerk-technologies-36301\/\" \/>\n<meta property=\"og:locale\" content=\"de_DE\" \/>\n<meta property=\"og:type\" content=\"article\" \/>\n<meta property=\"og:title\" content=\"\u201eWir sehen Chancen, wo andere Risiken sehen\u201c - Im Gespr\u00e4ch mit Thomas R\u00fccker, Designwerk Technologies - Krafthand-Truck\" \/>\n<meta property=\"og:description\" content=\"Zum Portfolio der Designwerk Technologies AG geh\u00f6ren batterieelektrische Lkw, mobile Schnellladeger\u00e4te sowie modulare Hochvolt-Batteriesysteme.\" \/>\n<meta property=\"og:url\" content=\"https:\/\/www.krafthand-truck.de\/artikel\/wir-sehen-chancen-wo-andere-risiken-sehen-im-gespraech-mit-thomas-ruecker-designwerk-technologies-36301\/\" \/>\n<meta property=\"og:site_name\" content=\"Krafthand-Truck\" \/>\n<meta property=\"article:published_time\" content=\"2023-06-09T08:10:14+00:00\" \/>\n<meta property=\"article:modified_time\" content=\"2025-12-02T10:10:52+00:00\" \/>\n<meta property=\"og:image\" content=\"https:\/\/static.krafthand-truck.de\/uploads\/2023\/06\/Designwerk_Technologies_01.jpg\" \/>\n\t<meta property=\"og:image:width\" content=\"1200\" \/>\n\t<meta property=\"og:image:height\" content=\"744\" \/>\n\t<meta property=\"og:image:type\" content=\"image\/jpeg\" \/>\n<meta name=\"author\" content=\"georg.blenk@krafthand-medien.de\" \/>\n<meta name=\"twitter:card\" content=\"summary_large_image\" \/>\n<meta name=\"twitter:label1\" content=\"Verfasst von\" \/>\n\t<meta name=\"twitter:data1\" content=\"georg.blenk@krafthand-medien.de\" \/>\n\t<meta name=\"twitter:label2\" content=\"Gesch\u00e4tzte Lesezeit\" \/>\n\t<meta name=\"twitter:data2\" content=\"10\u00a0Minuten\" \/>\n<script type=\"application\/ld+json\" class=\"yoast-schema-graph\">{\"@context\":\"https:\\\/\\\/schema.org\",\"@graph\":[{\"@type\":\"Article\",\"@id\":\"https:\\\/\\\/www.krafthand.de\\\/truck\\\/artikel\\\/wir-sehen-chancen-wo-andere-risiken-sehen-im-gespraech-mit-thomas-ruecker-designwerk-technologies-36301\\\/#article\",\"isPartOf\":{\"@id\":\"https:\\\/\\\/www.krafthand.de\\\/truck\\\/artikel\\\/wir-sehen-chancen-wo-andere-risiken-sehen-im-gespraech-mit-thomas-ruecker-designwerk-technologies-36301\\\/\"},\"author\":{\"name\":\"georg.blenk@krafthand-medien.de\",\"@id\":\"https:\\\/\\\/www.krafthand.de\\\/truck\\\/#\\\/schema\\\/person\\\/51fa80b1c57034c4bf63f9f988fc24ce\"},\"headline\":\"\u201eWir sehen Chancen, wo andere Risiken sehen\u201c &#8211; Im Gespr\u00e4ch mit Thomas R\u00fccker, Designwerk Technologies\",\"datePublished\":\"2023-06-09T08:10:14+00:00\",\"dateModified\":\"2025-12-02T10:10:52+00:00\",\"mainEntityOfPage\":{\"@id\":\"https:\\\/\\\/www.krafthand.de\\\/truck\\\/artikel\\\/wir-sehen-chancen-wo-andere-risiken-sehen-im-gespraech-mit-thomas-ruecker-designwerk-technologies-36301\\\/\"},\"wordCount\":1613,\"image\":{\"@id\":\"https:\\\/\\\/www.krafthand.de\\\/truck\\\/artikel\\\/wir-sehen-chancen-wo-andere-risiken-sehen-im-gespraech-mit-thomas-ruecker-designwerk-technologies-36301\\\/#primaryimage\"},\"thumbnailUrl\":\"https:\\\/\\\/static.krafthand-truck.de\\\/uploads\\\/2023\\\/06\\\/Designwerk_Technologies_01.jpg\",\"keywords\":[\"Batterien\",\"Designwerk\",\"E-Lkw\",\"Thomas R\u00fccker\"],\"articleSection\":[\"K\u00f6pfe\\\/Personen\",\"Lade-\\\/Tank-Infrastruktur\",\"Neue Fahrzeuge\",\"Unternehmen\"],\"inLanguage\":\"de\"},{\"@type\":\"WebPage\",\"@id\":\"https:\\\/\\\/www.krafthand.de\\\/truck\\\/artikel\\\/wir-sehen-chancen-wo-andere-risiken-sehen-im-gespraech-mit-thomas-ruecker-designwerk-technologies-36301\\\/\",\"url\":\"https:\\\/\\\/www.krafthand.de\\\/truck\\\/artikel\\\/wir-sehen-chancen-wo-andere-risiken-sehen-im-gespraech-mit-thomas-ruecker-designwerk-technologies-36301\\\/\",\"name\":\"\u201eWir sehen Chancen, wo andere Risiken sehen\u201c - Im Gespr\u00e4ch mit Thomas R\u00fccker, Designwerk Technologies - Krafthand-Truck\",\"isPartOf\":{\"@id\":\"https:\\\/\\\/www.krafthand.de\\\/truck\\\/#website\"},\"primaryImageOfPage\":{\"@id\":\"https:\\\/\\\/www.krafthand.de\\\/truck\\\/artikel\\\/wir-sehen-chancen-wo-andere-risiken-sehen-im-gespraech-mit-thomas-ruecker-designwerk-technologies-36301\\\/#primaryimage\"},\"image\":{\"@id\":\"https:\\\/\\\/www.krafthand.de\\\/truck\\\/artikel\\\/wir-sehen-chancen-wo-andere-risiken-sehen-im-gespraech-mit-thomas-ruecker-designwerk-technologies-36301\\\/#primaryimage\"},\"thumbnailUrl\":\"https:\\\/\\\/static.krafthand-truck.de\\\/uploads\\\/2023\\\/06\\\/Designwerk_Technologies_01.jpg\",\"datePublished\":\"2023-06-09T08:10:14+00:00\",\"dateModified\":\"2025-12-02T10:10:52+00:00\",\"author\":{\"@id\":\"https:\\\/\\\/www.krafthand.de\\\/truck\\\/#\\\/schema\\\/person\\\/51fa80b1c57034c4bf63f9f988fc24ce\"},\"description\":\"Zum Portfolio der Designwerk Technologies AG geh\u00f6ren batterieelektrische Lkw, mobile Schnellladeger\u00e4te sowie modulare Hochvolt-Batteriesysteme.\",\"breadcrumb\":{\"@id\":\"https:\\\/\\\/www.krafthand.de\\\/truck\\\/artikel\\\/wir-sehen-chancen-wo-andere-risiken-sehen-im-gespraech-mit-thomas-ruecker-designwerk-technologies-36301\\\/#breadcrumb\"},\"inLanguage\":\"de\",\"potentialAction\":[{\"@type\":\"ReadAction\",\"target\":[\"https:\\\/\\\/www.krafthand.de\\\/truck\\\/artikel\\\/wir-sehen-chancen-wo-andere-risiken-sehen-im-gespraech-mit-thomas-ruecker-designwerk-technologies-36301\\\/\"]}]},{\"@type\":\"ImageObject\",\"inLanguage\":\"de\",\"@id\":\"https:\\\/\\\/www.krafthand.de\\\/truck\\\/artikel\\\/wir-sehen-chancen-wo-andere-risiken-sehen-im-gespraech-mit-thomas-ruecker-designwerk-technologies-36301\\\/#primaryimage\",\"url\":\"https:\\\/\\\/static.krafthand-truck.de\\\/uploads\\\/2023\\\/06\\\/Designwerk_Technologies_01.jpg\",\"contentUrl\":\"https:\\\/\\\/static.krafthand-truck.de\\\/uploads\\\/2023\\\/06\\\/Designwerk_Technologies_01.jpg\",\"width\":1200,\"height\":744},{\"@type\":\"BreadcrumbList\",\"@id\":\"https:\\\/\\\/www.krafthand.de\\\/truck\\\/artikel\\\/wir-sehen-chancen-wo-andere-risiken-sehen-im-gespraech-mit-thomas-ruecker-designwerk-technologies-36301\\\/#breadcrumb\",\"itemListElement\":[{\"@type\":\"ListItem\",\"position\":1,\"name\":\"Krafthand-Truck\",\"item\":\"https:\\\/\\\/www.krafthand.de\\\/truck\\\/\"},{\"@type\":\"ListItem\",\"position\":2,\"name\":\"IT+Fuhrpark\",\"item\":\"https:\\\/\\\/www.krafthand.de\\\/truck\\\/kategorie\\\/fuhrpark\\\/\"},{\"@type\":\"ListItem\",\"position\":3,\"name\":\"Neue Fahrzeuge\",\"item\":\"https:\\\/\\\/www.krafthand.de\\\/truck\\\/kategorie\\\/fuhrpark\\\/neue-fahrzeuge\\\/\"},{\"@type\":\"ListItem\",\"position\":4,\"name\":\"\u201eWir sehen Chancen, wo andere Risiken sehen\u201c &#8211; Im Gespr\u00e4ch mit Thomas R\u00fccker, Designwerk Technologies\"}]},{\"@type\":\"WebSite\",\"@id\":\"https:\\\/\\\/www.krafthand.de\\\/truck\\\/#website\",\"url\":\"https:\\\/\\\/www.krafthand.de\\\/truck\\\/\",\"name\":\"Krafthand-Truck\",\"description\":\"\",\"potentialAction\":[{\"@type\":\"SearchAction\",\"target\":{\"@type\":\"EntryPoint\",\"urlTemplate\":\"https:\\\/\\\/www.krafthand.de\\\/truck\\\/?s={search_term_string}\"},\"query-input\":{\"@type\":\"PropertyValueSpecification\",\"valueRequired\":true,\"valueName\":\"search_term_string\"}}],\"inLanguage\":\"de\"},{\"@type\":\"Person\",\"@id\":\"https:\\\/\\\/www.krafthand.de\\\/truck\\\/#\\\/schema\\\/person\\\/51fa80b1c57034c4bf63f9f988fc24ce\",\"name\":\"georg.blenk@krafthand-medien.de\",\"image\":{\"@type\":\"ImageObject\",\"inLanguage\":\"de\",\"@id\":\"https:\\\/\\\/secure.gravatar.com\\\/avatar\\\/93713c30affe0aa95d3a4130e499bb1abee2eb31adbdd9ce2aa1543538490215?s=96&d=mm&r=g\",\"url\":\"https:\\\/\\\/secure.gravatar.com\\\/avatar\\\/93713c30affe0aa95d3a4130e499bb1abee2eb31adbdd9ce2aa1543538490215?s=96&d=mm&r=g\",\"contentUrl\":\"https:\\\/\\\/secure.gravatar.com\\\/avatar\\\/93713c30affe0aa95d3a4130e499bb1abee2eb31adbdd9ce2aa1543538490215?s=96&d=mm&r=g\",\"caption\":\"georg.blenk@krafthand-medien.de\"}}]}<\/script>\n<!-- \/ Yoast SEO plugin. -->","yoast_head_json":{"title":"\u201eWir sehen Chancen, wo andere Risiken sehen\u201c - Im Gespr\u00e4ch mit Thomas R\u00fccker, Designwerk Technologies - Krafthand-Truck","description":"Zum Portfolio der Designwerk Technologies AG geh\u00f6ren batterieelektrische Lkw, mobile Schnellladeger\u00e4te sowie modulare Hochvolt-Batteriesysteme.","robots":{"index":"index","follow":"follow","max-snippet":"max-snippet:-1","max-image-preview":"max-image-preview:large","max-video-preview":"max-video-preview:-1"},"canonical":"https:\/\/www.krafthand.de\/truck\/artikel\/wir-sehen-chancen-wo-andere-risiken-sehen-im-gespraech-mit-thomas-ruecker-designwerk-technologies-36301\/","og_locale":"de_DE","og_type":"article","og_title":"\u201eWir sehen Chancen, wo andere Risiken sehen\u201c - Im Gespr\u00e4ch mit Thomas R\u00fccker, Designwerk Technologies - Krafthand-Truck","og_description":"Zum Portfolio der Designwerk Technologies AG geh\u00f6ren batterieelektrische Lkw, mobile Schnellladeger\u00e4te sowie modulare Hochvolt-Batteriesysteme.","og_url":"https:\/\/www.krafthand-truck.de\/artikel\/wir-sehen-chancen-wo-andere-risiken-sehen-im-gespraech-mit-thomas-ruecker-designwerk-technologies-36301\/","og_site_name":"Krafthand-Truck","article_published_time":"2023-06-09T08:10:14+00:00","article_modified_time":"2025-12-02T10:10:52+00:00","og_image":[{"width":1200,"height":744,"url":"https:\/\/static.krafthand-truck.de\/uploads\/2023\/06\/Designwerk_Technologies_01.jpg","type":"image\/jpeg"}],"author":"georg.blenk@krafthand-medien.de","twitter_card":"summary_large_image","twitter_misc":{"Verfasst von":"georg.blenk@krafthand-medien.de","Gesch\u00e4tzte Lesezeit":"10\u00a0Minuten"},"schema":{"@context":"https:\/\/schema.org","@graph":[{"@type":"Article","@id":"https:\/\/www.krafthand.de\/truck\/artikel\/wir-sehen-chancen-wo-andere-risiken-sehen-im-gespraech-mit-thomas-ruecker-designwerk-technologies-36301\/#article","isPartOf":{"@id":"https:\/\/www.krafthand.de\/truck\/artikel\/wir-sehen-chancen-wo-andere-risiken-sehen-im-gespraech-mit-thomas-ruecker-designwerk-technologies-36301\/"},"author":{"name":"georg.blenk@krafthand-medien.de","@id":"https:\/\/www.krafthand.de\/truck\/#\/schema\/person\/51fa80b1c57034c4bf63f9f988fc24ce"},"headline":"\u201eWir sehen Chancen, wo andere Risiken sehen\u201c &#8211; Im Gespr\u00e4ch mit Thomas R\u00fccker, Designwerk Technologies","datePublished":"2023-06-09T08:10:14+00:00","dateModified":"2025-12-02T10:10:52+00:00","mainEntityOfPage":{"@id":"https:\/\/www.krafthand.de\/truck\/artikel\/wir-sehen-chancen-wo-andere-risiken-sehen-im-gespraech-mit-thomas-ruecker-designwerk-technologies-36301\/"},"wordCount":1613,"image":{"@id":"https:\/\/www.krafthand.de\/truck\/artikel\/wir-sehen-chancen-wo-andere-risiken-sehen-im-gespraech-mit-thomas-ruecker-designwerk-technologies-36301\/#primaryimage"},"thumbnailUrl":"https:\/\/static.krafthand-truck.de\/uploads\/2023\/06\/Designwerk_Technologies_01.jpg","keywords":["Batterien","Designwerk","E-Lkw","Thomas R\u00fccker"],"articleSection":["K\u00f6pfe\/Personen","Lade-\/Tank-Infrastruktur","Neue Fahrzeuge","Unternehmen"],"inLanguage":"de"},{"@type":"WebPage","@id":"https:\/\/www.krafthand.de\/truck\/artikel\/wir-sehen-chancen-wo-andere-risiken-sehen-im-gespraech-mit-thomas-ruecker-designwerk-technologies-36301\/","url":"https:\/\/www.krafthand.de\/truck\/artikel\/wir-sehen-chancen-wo-andere-risiken-sehen-im-gespraech-mit-thomas-ruecker-designwerk-technologies-36301\/","name":"\u201eWir sehen Chancen, wo andere Risiken sehen\u201c - Im Gespr\u00e4ch mit Thomas R\u00fccker, Designwerk Technologies - Krafthand-Truck","isPartOf":{"@id":"https:\/\/www.krafthand.de\/truck\/#website"},"primaryImageOfPage":{"@id":"https:\/\/www.krafthand.de\/truck\/artikel\/wir-sehen-chancen-wo-andere-risiken-sehen-im-gespraech-mit-thomas-ruecker-designwerk-technologies-36301\/#primaryimage"},"image":{"@id":"https:\/\/www.krafthand.de\/truck\/artikel\/wir-sehen-chancen-wo-andere-risiken-sehen-im-gespraech-mit-thomas-ruecker-designwerk-technologies-36301\/#primaryimage"},"thumbnailUrl":"https:\/\/static.krafthand-truck.de\/uploads\/2023\/06\/Designwerk_Technologies_01.jpg","datePublished":"2023-06-09T08:10:14+00:00","dateModified":"2025-12-02T10:10:52+00:00","author":{"@id":"https:\/\/www.krafthand.de\/truck\/#\/schema\/person\/51fa80b1c57034c4bf63f9f988fc24ce"},"description":"Zum Portfolio der Designwerk Technologies AG geh\u00f6ren batterieelektrische Lkw, mobile Schnellladeger\u00e4te sowie modulare Hochvolt-Batteriesysteme.","breadcrumb":{"@id":"https:\/\/www.krafthand.de\/truck\/artikel\/wir-sehen-chancen-wo-andere-risiken-sehen-im-gespraech-mit-thomas-ruecker-designwerk-technologies-36301\/#breadcrumb"},"inLanguage":"de","potentialAction":[{"@type":"ReadAction","target":["https:\/\/www.krafthand.de\/truck\/artikel\/wir-sehen-chancen-wo-andere-risiken-sehen-im-gespraech-mit-thomas-ruecker-designwerk-technologies-36301\/"]}]},{"@type":"ImageObject","inLanguage":"de","@id":"https:\/\/www.krafthand.de\/truck\/artikel\/wir-sehen-chancen-wo-andere-risiken-sehen-im-gespraech-mit-thomas-ruecker-designwerk-technologies-36301\/#primaryimage","url":"https:\/\/static.krafthand-truck.de\/uploads\/2023\/06\/Designwerk_Technologies_01.jpg","contentUrl":"https:\/\/static.krafthand-truck.de\/uploads\/2023\/06\/Designwerk_Technologies_01.jpg","width":1200,"height":744},{"@type":"BreadcrumbList","@id":"https:\/\/www.krafthand.de\/truck\/artikel\/wir-sehen-chancen-wo-andere-risiken-sehen-im-gespraech-mit-thomas-ruecker-designwerk-technologies-36301\/#breadcrumb","itemListElement":[{"@type":"ListItem","position":1,"name":"Krafthand-Truck","item":"https:\/\/www.krafthand.de\/truck\/"},{"@type":"ListItem","position":2,"name":"IT+Fuhrpark","item":"https:\/\/www.krafthand.de\/truck\/kategorie\/fuhrpark\/"},{"@type":"ListItem","position":3,"name":"Neue Fahrzeuge","item":"https:\/\/www.krafthand.de\/truck\/kategorie\/fuhrpark\/neue-fahrzeuge\/"},{"@type":"ListItem","position":4,"name":"\u201eWir sehen Chancen, wo andere Risiken sehen\u201c &#8211; Im Gespr\u00e4ch mit Thomas R\u00fccker, Designwerk Technologies"}]},{"@type":"WebSite","@id":"https:\/\/www.krafthand.de\/truck\/#website","url":"https:\/\/www.krafthand.de\/truck\/","name":"Krafthand-Truck","description":"","potentialAction":[{"@type":"SearchAction","target":{"@type":"EntryPoint","urlTemplate":"https:\/\/www.krafthand.de\/truck\/?s={search_term_string}"},"query-input":{"@type":"PropertyValueSpecification","valueRequired":true,"valueName":"search_term_string"}}],"inLanguage":"de"},{"@type":"Person","@id":"https:\/\/www.krafthand.de\/truck\/#\/schema\/person\/51fa80b1c57034c4bf63f9f988fc24ce","name":"georg.blenk@krafthand-medien.de","image":{"@type":"ImageObject","inLanguage":"de","@id":"https:\/\/secure.gravatar.com\/avatar\/93713c30affe0aa95d3a4130e499bb1abee2eb31adbdd9ce2aa1543538490215?s=96&d=mm&r=g","url":"https:\/\/secure.gravatar.com\/avatar\/93713c30affe0aa95d3a4130e499bb1abee2eb31adbdd9ce2aa1543538490215?s=96&d=mm&r=g","contentUrl":"https:\/\/secure.gravatar.com\/avatar\/93713c30affe0aa95d3a4130e499bb1abee2eb31adbdd9ce2aa1543538490215?s=96&d=mm&r=g","caption":"georg.blenk@krafthand-medien.de"}}]}},"_links":{"self":[{"href":"https:\/\/www.krafthand.de\/truck\/wp-json\/wp\/v2\/posts\/36301","targetHints":{"allow":["GET"]}}],"collection":[{"href":"https:\/\/www.krafthand.de\/truck\/wp-json\/wp\/v2\/posts"}],"about":[{"href":"https:\/\/www.krafthand.de\/truck\/wp-json\/wp\/v2\/types\/post"}],"author":[{"embeddable":true,"href":"https:\/\/www.krafthand.de\/truck\/wp-json\/wp\/v2\/users\/9"}],"replies":[{"embeddable":true,"href":"https:\/\/www.krafthand.de\/truck\/wp-json\/wp\/v2\/comments?post=36301"}],"version-history":[{"count":15,"href":"https:\/\/www.krafthand.de\/truck\/wp-json\/wp\/v2\/posts\/36301\/revisions"}],"predecessor-version":[{"id":36354,"href":"https:\/\/www.krafthand.de\/truck\/wp-json\/wp\/v2\/posts\/36301\/revisions\/36354"}],"wp:featuredmedia":[{"embeddable":true,"href":"https:\/\/www.krafthand.de\/truck\/wp-json\/wp\/v2\/media\/36304"}],"wp:attachment":[{"href":"https:\/\/www.krafthand.de\/truck\/wp-json\/wp\/v2\/media?parent=36301"}],"wp:term":[{"taxonomy":"category","embeddable":true,"href":"https:\/\/www.krafthand.de\/truck\/wp-json\/wp\/v2\/categories?post=36301"},{"taxonomy":"post_tag","embeddable":true,"href":"https:\/\/www.krafthand.de\/truck\/wp-json\/wp\/v2\/tags?post=36301"},{"taxonomy":"settings","embeddable":true,"href":"https:\/\/www.krafthand.de\/truck\/wp-json\/wp\/v2\/settings?post=36301"}],"curies":[{"name":"wp","href":"https:\/\/api.w.org\/{rel}","templated":true}]}}