{"id":36162,"date":"2023-05-23T11:59:04","date_gmt":"2023-05-23T09:59:04","guid":{"rendered":"https:\/\/www.krafthand.de\/truck\/?p=36162"},"modified":"2023-05-23T11:59:04","modified_gmt":"2023-05-23T09:59:04","slug":"borgwarner-erster-auftrag-fuer-e-luefter","status":"publish","type":"post","link":"https:\/\/www.krafthand.de\/truck\/artikel\/borgwarner-erster-auftrag-fuer-e-luefter-36162\/","title":{"rendered":"BorgWarner: Erster Auftrag f\u00fcr E-L\u00fcfter"},"content":{"rendered":"<p>BorgWarner liefert seinen Hochvolt-eFan an einen globalen Nutzfahrzeug-OEM, der das System sowohl auf dem europ\u00e4ischen als auch auf dem nordamerikanischen Markt einsetzen m\u00f6chte. F\u00fcr BorgWarner ist dies der erste Auftrag f\u00fcr ein eFan-System in Nordamerika. Der eFan wird in den batterieelektrischen Schwerlastkraftwagen des OEMs zum Einsatz kommen.<\/p>\n<p>Das eFan-R10-System umfasst einen Ventilator, einen E-Motor und einen integrierten Hochspannungsinverter. Es arbeitet mit bis zu 10 kW Leistung und 40 Nm Drehmoment in einem Betriebstemperaturbereich von minus 40 bis plus 80 C\u00b0. Das Bauteil kann in einen breiten Betriebsspannungsbereich von 600 V bis 850 V betrieben werden. Der auf Langlebigkeit und Zuverl\u00e4ssigkeit ausgelegte Elektromotor sowie die Leistungselektronik sind fl\u00fcssigkeitsgek\u00fchlt und zeichnen sich laut BorgWarner durch die kompakte Bauweise und Robustheit aus. Au\u00dferdem sind die L\u00fcfter f\u00fcr niedrige Drehzahlen mit hohem Wirkungsgrad und minimale Ger\u00e4uschentwicklung beim Laden der Batterie optimiert.<\/p>\n<p>Das eFan-Portfolio von BorgWarner bietet Hochvolt-Optionen sowohl f\u00fcr das Niederleistungs- als auch f\u00fcr das Hochleistungssegment und ist mit unterschiedlichen Leistungsstufen von 5 kW und 20 Nm Drehmoment bis hin zu 40 kW und 160 Nm skalierbar. Dank des modularen Designs haben Kunden die Wahl zwischen offenen L\u00fcftern oder Ringl\u00fcftern sowie externen oder integrierten Invertern.<\/p>\n<p>Im Dezember 2022 erwarb <a href=\"https:\/\/www.borgwarner.com\/home\" target=\"_blank\" rel=\"noopener\">BorgWarner<\/a> die Schweizer <strong>Drivetek AG<\/strong> und erweiterte damit sein Know-how und die Kapazit\u00e4ten im Bereich Inverter. Dies soll das Wachstum des Unternehmens im eFan-Gesch\u00e4ft erm\u00f6glichen. Der Produktionsstart ist f\u00fcr das vierte Quartal 2025 mit anf\u00e4nglichen St\u00fcckzahlen von \u00fcber 3.000 geplant, die bis 2031 auf fast 74.000 in Nordamerika und Europa steigen sollen.<\/p>\n<p><i>Den Beitrag finden Sie auch in der Print-Ausgabe 2-2023 der <a href=\"https:\/\/www.krafthand.de\/truck\/magazin\/\" title=\"Zum Magazin\">Krafthand-Truck<\/a>.<\/i><\/p>","protected":false},"excerpt":{"rendered":"<p>BorgWarner liefert seinen Hochvolt-eFan an einen globalen Nutzfahrzeug-OEM, der das System sowohl auf dem europ\u00e4ischen als auch auf dem nordamerikanischen Markt einsetzen m\u00f6chte. <span class=\"excerpt-more__dots\">&#8230;<\/span> <a class=\"excerpt-more__link\" href=\"https:\/\/www.krafthand.de\/truck\/artikel\/borgwarner-erster-auftrag-fuer-e-luefter-36162\/\" >weiter<\/a><\/p>\n","protected":false},"author":9,"featured_media":36164,"comment_status":"closed","ping_status":"closed","sticky":false,"template":"","format":"standard","meta":{"footnotes":""},"categories":[4224,4229],"tags":[3192,5627,5626,5625],"settings":[3523],"class_list":["post-36162","post","type-post","status-publish","format-standard","has-post-thumbnail","hentry","category-e-antrieb","category-nfz-teile-systeme","tag-borgwarner","tag-drivetek","tag-e-luefter","tag-efan"],"yoast_head":"<!-- This site is optimized with the Yoast SEO plugin v27.3 - https:\/\/yoast.com\/product\/yoast-seo-wordpress\/ -->\n<title>BorgWarner: Erster Auftrag f\u00fcr E-L\u00fcfter - Krafthand-Truck<\/title>\n<meta name=\"description\" content=\"E-Trucks: BorgWarner liefert seinen Hochvolt-eFan erstmals an einen globalen Nutzfahrzeug-OEM.\" \/>\n<meta name=\"robots\" content=\"index, follow, max-snippet:-1, max-image-preview:large, max-video-preview:-1\" \/>\n<link rel=\"canonical\" href=\"https:\/\/www.krafthand.de\/truck\/artikel\/borgwarner-erster-auftrag-fuer-e-luefter-36162\/\" \/>\n<meta property=\"og:locale\" content=\"de_DE\" \/>\n<meta property=\"og:type\" content=\"article\" \/>\n<meta property=\"og:title\" content=\"BorgWarner: Erster Auftrag f\u00fcr E-L\u00fcfter - Krafthand-Truck\" \/>\n<meta property=\"og:description\" content=\"E-Trucks: BorgWarner liefert seinen Hochvolt-eFan erstmals an einen globalen Nutzfahrzeug-OEM.\" \/>\n<meta property=\"og:url\" content=\"https:\/\/www.krafthand-truck.de\/artikel\/borgwarner-erster-auftrag-fuer-e-luefter-36162\/\" \/>\n<meta property=\"og:site_name\" content=\"Krafthand-Truck\" \/>\n<meta property=\"article:published_time\" content=\"2023-05-23T09:59:04+00:00\" \/>\n<meta property=\"og:image\" content=\"https:\/\/static.krafthand-truck.de\/uploads\/2023\/05\/Borg_Warner_E_Fan_R10_Lkw.jpg\" \/>\n\t<meta property=\"og:image:width\" content=\"1200\" \/>\n\t<meta property=\"og:image:height\" content=\"1200\" \/>\n\t<meta property=\"og:image:type\" content=\"image\/jpeg\" \/>\n<meta name=\"author\" content=\"georg.blenk@krafthand-medien.de\" \/>\n<meta name=\"twitter:card\" content=\"summary_large_image\" \/>\n<meta name=\"twitter:label1\" content=\"Verfasst von\" \/>\n\t<meta name=\"twitter:data1\" content=\"georg.blenk@krafthand-medien.de\" \/>\n\t<meta name=\"twitter:label2\" content=\"Gesch\u00e4tzte Lesezeit\" \/>\n\t<meta name=\"twitter:data2\" content=\"2\u00a0Minuten\" \/>\n<script type=\"application\/ld+json\" class=\"yoast-schema-graph\">{\"@context\":\"https:\\\/\\\/schema.org\",\"@graph\":[{\"@type\":\"Article\",\"@id\":\"https:\\\/\\\/www.krafthand.de\\\/truck\\\/artikel\\\/borgwarner-erster-auftrag-fuer-e-luefter-36162\\\/#article\",\"isPartOf\":{\"@id\":\"https:\\\/\\\/www.krafthand.de\\\/truck\\\/artikel\\\/borgwarner-erster-auftrag-fuer-e-luefter-36162\\\/\"},\"author\":{\"name\":\"georg.blenk@krafthand-medien.de\",\"@id\":\"https:\\\/\\\/www.krafthand.de\\\/truck\\\/#\\\/schema\\\/person\\\/51fa80b1c57034c4bf63f9f988fc24ce\"},\"headline\":\"BorgWarner: Erster Auftrag f\u00fcr E-L\u00fcfter\",\"datePublished\":\"2023-05-23T09:59:04+00:00\",\"mainEntityOfPage\":{\"@id\":\"https:\\\/\\\/www.krafthand.de\\\/truck\\\/artikel\\\/borgwarner-erster-auftrag-fuer-e-luefter-36162\\\/\"},\"wordCount\":261,\"image\":{\"@id\":\"https:\\\/\\\/www.krafthand.de\\\/truck\\\/artikel\\\/borgwarner-erster-auftrag-fuer-e-luefter-36162\\\/#primaryimage\"},\"thumbnailUrl\":\"https:\\\/\\\/static.krafthand-truck.de\\\/uploads\\\/2023\\\/05\\\/Borg_Warner_E_Fan_R10_Lkw.jpg\",\"keywords\":[\"BorgWarner\",\"Drivetek\",\"E-L\u00fcfter\",\"eFan\"],\"articleSection\":[\"E-Antrieb (BEV\\\/FCEV)\",\"Nfz-Teile\\\/Systeme\"],\"inLanguage\":\"de\"},{\"@type\":\"WebPage\",\"@id\":\"https:\\\/\\\/www.krafthand.de\\\/truck\\\/artikel\\\/borgwarner-erster-auftrag-fuer-e-luefter-36162\\\/\",\"url\":\"https:\\\/\\\/www.krafthand.de\\\/truck\\\/artikel\\\/borgwarner-erster-auftrag-fuer-e-luefter-36162\\\/\",\"name\":\"BorgWarner: Erster Auftrag f\u00fcr E-L\u00fcfter - Krafthand-Truck\",\"isPartOf\":{\"@id\":\"https:\\\/\\\/www.krafthand.de\\\/truck\\\/#website\"},\"primaryImageOfPage\":{\"@id\":\"https:\\\/\\\/www.krafthand.de\\\/truck\\\/artikel\\\/borgwarner-erster-auftrag-fuer-e-luefter-36162\\\/#primaryimage\"},\"image\":{\"@id\":\"https:\\\/\\\/www.krafthand.de\\\/truck\\\/artikel\\\/borgwarner-erster-auftrag-fuer-e-luefter-36162\\\/#primaryimage\"},\"thumbnailUrl\":\"https:\\\/\\\/static.krafthand-truck.de\\\/uploads\\\/2023\\\/05\\\/Borg_Warner_E_Fan_R10_Lkw.jpg\",\"datePublished\":\"2023-05-23T09:59:04+00:00\",\"author\":{\"@id\":\"https:\\\/\\\/www.krafthand.de\\\/truck\\\/#\\\/schema\\\/person\\\/51fa80b1c57034c4bf63f9f988fc24ce\"},\"description\":\"E-Trucks: BorgWarner liefert seinen Hochvolt-eFan erstmals an einen globalen Nutzfahrzeug-OEM.\",\"breadcrumb\":{\"@id\":\"https:\\\/\\\/www.krafthand.de\\\/truck\\\/artikel\\\/borgwarner-erster-auftrag-fuer-e-luefter-36162\\\/#breadcrumb\"},\"inLanguage\":\"de\",\"potentialAction\":[{\"@type\":\"ReadAction\",\"target\":[\"https:\\\/\\\/www.krafthand.de\\\/truck\\\/artikel\\\/borgwarner-erster-auftrag-fuer-e-luefter-36162\\\/\"]}]},{\"@type\":\"ImageObject\",\"inLanguage\":\"de\",\"@id\":\"https:\\\/\\\/www.krafthand.de\\\/truck\\\/artikel\\\/borgwarner-erster-auftrag-fuer-e-luefter-36162\\\/#primaryimage\",\"url\":\"https:\\\/\\\/static.krafthand-truck.de\\\/uploads\\\/2023\\\/05\\\/Borg_Warner_E_Fan_R10_Lkw.jpg\",\"contentUrl\":\"https:\\\/\\\/static.krafthand-truck.de\\\/uploads\\\/2023\\\/05\\\/Borg_Warner_E_Fan_R10_Lkw.jpg\",\"width\":1200,\"height\":1200},{\"@type\":\"BreadcrumbList\",\"@id\":\"https:\\\/\\\/www.krafthand.de\\\/truck\\\/artikel\\\/borgwarner-erster-auftrag-fuer-e-luefter-36162\\\/#breadcrumb\",\"itemListElement\":[{\"@type\":\"ListItem\",\"position\":1,\"name\":\"Krafthand-Truck\",\"item\":\"https:\\\/\\\/www.krafthand.de\\\/truck\\\/\"},{\"@type\":\"ListItem\",\"position\":2,\"name\":\"Nfz-Technik\",\"item\":\"https:\\\/\\\/www.krafthand.de\\\/truck\\\/kategorie\\\/nfz-technik\\\/\"},{\"@type\":\"ListItem\",\"position\":3,\"name\":\"E-Antrieb (BEV\\\/FCEV)\",\"item\":\"https:\\\/\\\/www.krafthand.de\\\/truck\\\/kategorie\\\/nfz-technik\\\/e-antrieb\\\/\"},{\"@type\":\"ListItem\",\"position\":4,\"name\":\"BorgWarner: Erster Auftrag f\u00fcr E-L\u00fcfter\"}]},{\"@type\":\"WebSite\",\"@id\":\"https:\\\/\\\/www.krafthand.de\\\/truck\\\/#website\",\"url\":\"https:\\\/\\\/www.krafthand.de\\\/truck\\\/\",\"name\":\"Krafthand-Truck\",\"description\":\"\",\"potentialAction\":[{\"@type\":\"SearchAction\",\"target\":{\"@type\":\"EntryPoint\",\"urlTemplate\":\"https:\\\/\\\/www.krafthand.de\\\/truck\\\/?s={search_term_string}\"},\"query-input\":{\"@type\":\"PropertyValueSpecification\",\"valueRequired\":true,\"valueName\":\"search_term_string\"}}],\"inLanguage\":\"de\"},{\"@type\":\"Person\",\"@id\":\"https:\\\/\\\/www.krafthand.de\\\/truck\\\/#\\\/schema\\\/person\\\/51fa80b1c57034c4bf63f9f988fc24ce\",\"name\":\"georg.blenk@krafthand-medien.de\",\"image\":{\"@type\":\"ImageObject\",\"inLanguage\":\"de\",\"@id\":\"https:\\\/\\\/secure.gravatar.com\\\/avatar\\\/93713c30affe0aa95d3a4130e499bb1abee2eb31adbdd9ce2aa1543538490215?s=96&d=mm&r=g\",\"url\":\"https:\\\/\\\/secure.gravatar.com\\\/avatar\\\/93713c30affe0aa95d3a4130e499bb1abee2eb31adbdd9ce2aa1543538490215?s=96&d=mm&r=g\",\"contentUrl\":\"https:\\\/\\\/secure.gravatar.com\\\/avatar\\\/93713c30affe0aa95d3a4130e499bb1abee2eb31adbdd9ce2aa1543538490215?s=96&d=mm&r=g\",\"caption\":\"georg.blenk@krafthand-medien.de\"}}]}<\/script>\n<!-- \/ Yoast SEO plugin. -->","yoast_head_json":{"title":"BorgWarner: Erster Auftrag f\u00fcr E-L\u00fcfter - Krafthand-Truck","description":"E-Trucks: BorgWarner liefert seinen Hochvolt-eFan erstmals an einen globalen Nutzfahrzeug-OEM.","robots":{"index":"index","follow":"follow","max-snippet":"max-snippet:-1","max-image-preview":"max-image-preview:large","max-video-preview":"max-video-preview:-1"},"canonical":"https:\/\/www.krafthand.de\/truck\/artikel\/borgwarner-erster-auftrag-fuer-e-luefter-36162\/","og_locale":"de_DE","og_type":"article","og_title":"BorgWarner: Erster Auftrag f\u00fcr E-L\u00fcfter - Krafthand-Truck","og_description":"E-Trucks: BorgWarner liefert seinen Hochvolt-eFan erstmals an einen globalen Nutzfahrzeug-OEM.","og_url":"https:\/\/www.krafthand-truck.de\/artikel\/borgwarner-erster-auftrag-fuer-e-luefter-36162\/","og_site_name":"Krafthand-Truck","article_published_time":"2023-05-23T09:59:04+00:00","og_image":[{"width":1200,"height":1200,"url":"https:\/\/static.krafthand-truck.de\/uploads\/2023\/05\/Borg_Warner_E_Fan_R10_Lkw.jpg","type":"image\/jpeg"}],"author":"georg.blenk@krafthand-medien.de","twitter_card":"summary_large_image","twitter_misc":{"Verfasst von":"georg.blenk@krafthand-medien.de","Gesch\u00e4tzte Lesezeit":"2\u00a0Minuten"},"schema":{"@context":"https:\/\/schema.org","@graph":[{"@type":"Article","@id":"https:\/\/www.krafthand.de\/truck\/artikel\/borgwarner-erster-auftrag-fuer-e-luefter-36162\/#article","isPartOf":{"@id":"https:\/\/www.krafthand.de\/truck\/artikel\/borgwarner-erster-auftrag-fuer-e-luefter-36162\/"},"author":{"name":"georg.blenk@krafthand-medien.de","@id":"https:\/\/www.krafthand.de\/truck\/#\/schema\/person\/51fa80b1c57034c4bf63f9f988fc24ce"},"headline":"BorgWarner: Erster Auftrag f\u00fcr E-L\u00fcfter","datePublished":"2023-05-23T09:59:04+00:00","mainEntityOfPage":{"@id":"https:\/\/www.krafthand.de\/truck\/artikel\/borgwarner-erster-auftrag-fuer-e-luefter-36162\/"},"wordCount":261,"image":{"@id":"https:\/\/www.krafthand.de\/truck\/artikel\/borgwarner-erster-auftrag-fuer-e-luefter-36162\/#primaryimage"},"thumbnailUrl":"https:\/\/static.krafthand-truck.de\/uploads\/2023\/05\/Borg_Warner_E_Fan_R10_Lkw.jpg","keywords":["BorgWarner","Drivetek","E-L\u00fcfter","eFan"],"articleSection":["E-Antrieb (BEV\/FCEV)","Nfz-Teile\/Systeme"],"inLanguage":"de"},{"@type":"WebPage","@id":"https:\/\/www.krafthand.de\/truck\/artikel\/borgwarner-erster-auftrag-fuer-e-luefter-36162\/","url":"https:\/\/www.krafthand.de\/truck\/artikel\/borgwarner-erster-auftrag-fuer-e-luefter-36162\/","name":"BorgWarner: Erster Auftrag f\u00fcr E-L\u00fcfter - Krafthand-Truck","isPartOf":{"@id":"https:\/\/www.krafthand.de\/truck\/#website"},"primaryImageOfPage":{"@id":"https:\/\/www.krafthand.de\/truck\/artikel\/borgwarner-erster-auftrag-fuer-e-luefter-36162\/#primaryimage"},"image":{"@id":"https:\/\/www.krafthand.de\/truck\/artikel\/borgwarner-erster-auftrag-fuer-e-luefter-36162\/#primaryimage"},"thumbnailUrl":"https:\/\/static.krafthand-truck.de\/uploads\/2023\/05\/Borg_Warner_E_Fan_R10_Lkw.jpg","datePublished":"2023-05-23T09:59:04+00:00","author":{"@id":"https:\/\/www.krafthand.de\/truck\/#\/schema\/person\/51fa80b1c57034c4bf63f9f988fc24ce"},"description":"E-Trucks: BorgWarner liefert seinen Hochvolt-eFan erstmals an einen globalen Nutzfahrzeug-OEM.","breadcrumb":{"@id":"https:\/\/www.krafthand.de\/truck\/artikel\/borgwarner-erster-auftrag-fuer-e-luefter-36162\/#breadcrumb"},"inLanguage":"de","potentialAction":[{"@type":"ReadAction","target":["https:\/\/www.krafthand.de\/truck\/artikel\/borgwarner-erster-auftrag-fuer-e-luefter-36162\/"]}]},{"@type":"ImageObject","inLanguage":"de","@id":"https:\/\/www.krafthand.de\/truck\/artikel\/borgwarner-erster-auftrag-fuer-e-luefter-36162\/#primaryimage","url":"https:\/\/static.krafthand-truck.de\/uploads\/2023\/05\/Borg_Warner_E_Fan_R10_Lkw.jpg","contentUrl":"https:\/\/static.krafthand-truck.de\/uploads\/2023\/05\/Borg_Warner_E_Fan_R10_Lkw.jpg","width":1200,"height":1200},{"@type":"BreadcrumbList","@id":"https:\/\/www.krafthand.de\/truck\/artikel\/borgwarner-erster-auftrag-fuer-e-luefter-36162\/#breadcrumb","itemListElement":[{"@type":"ListItem","position":1,"name":"Krafthand-Truck","item":"https:\/\/www.krafthand.de\/truck\/"},{"@type":"ListItem","position":2,"name":"Nfz-Technik","item":"https:\/\/www.krafthand.de\/truck\/kategorie\/nfz-technik\/"},{"@type":"ListItem","position":3,"name":"E-Antrieb (BEV\/FCEV)","item":"https:\/\/www.krafthand.de\/truck\/kategorie\/nfz-technik\/e-antrieb\/"},{"@type":"ListItem","position":4,"name":"BorgWarner: Erster Auftrag f\u00fcr E-L\u00fcfter"}]},{"@type":"WebSite","@id":"https:\/\/www.krafthand.de\/truck\/#website","url":"https:\/\/www.krafthand.de\/truck\/","name":"Krafthand-Truck","description":"","potentialAction":[{"@type":"SearchAction","target":{"@type":"EntryPoint","urlTemplate":"https:\/\/www.krafthand.de\/truck\/?s={search_term_string}"},"query-input":{"@type":"PropertyValueSpecification","valueRequired":true,"valueName":"search_term_string"}}],"inLanguage":"de"},{"@type":"Person","@id":"https:\/\/www.krafthand.de\/truck\/#\/schema\/person\/51fa80b1c57034c4bf63f9f988fc24ce","name":"georg.blenk@krafthand-medien.de","image":{"@type":"ImageObject","inLanguage":"de","@id":"https:\/\/secure.gravatar.com\/avatar\/93713c30affe0aa95d3a4130e499bb1abee2eb31adbdd9ce2aa1543538490215?s=96&d=mm&r=g","url":"https:\/\/secure.gravatar.com\/avatar\/93713c30affe0aa95d3a4130e499bb1abee2eb31adbdd9ce2aa1543538490215?s=96&d=mm&r=g","contentUrl":"https:\/\/secure.gravatar.com\/avatar\/93713c30affe0aa95d3a4130e499bb1abee2eb31adbdd9ce2aa1543538490215?s=96&d=mm&r=g","caption":"georg.blenk@krafthand-medien.de"}}]}},"_links":{"self":[{"href":"https:\/\/www.krafthand.de\/truck\/wp-json\/wp\/v2\/posts\/36162","targetHints":{"allow":["GET"]}}],"collection":[{"href":"https:\/\/www.krafthand.de\/truck\/wp-json\/wp\/v2\/posts"}],"about":[{"href":"https:\/\/www.krafthand.de\/truck\/wp-json\/wp\/v2\/types\/post"}],"author":[{"embeddable":true,"href":"https:\/\/www.krafthand.de\/truck\/wp-json\/wp\/v2\/users\/9"}],"replies":[{"embeddable":true,"href":"https:\/\/www.krafthand.de\/truck\/wp-json\/wp\/v2\/comments?post=36162"}],"version-history":[{"count":2,"href":"https:\/\/www.krafthand.de\/truck\/wp-json\/wp\/v2\/posts\/36162\/revisions"}],"predecessor-version":[{"id":36165,"href":"https:\/\/www.krafthand.de\/truck\/wp-json\/wp\/v2\/posts\/36162\/revisions\/36165"}],"wp:featuredmedia":[{"embeddable":true,"href":"https:\/\/www.krafthand.de\/truck\/wp-json\/wp\/v2\/media\/36164"}],"wp:attachment":[{"href":"https:\/\/www.krafthand.de\/truck\/wp-json\/wp\/v2\/media?parent=36162"}],"wp:term":[{"taxonomy":"category","embeddable":true,"href":"https:\/\/www.krafthand.de\/truck\/wp-json\/wp\/v2\/categories?post=36162"},{"taxonomy":"post_tag","embeddable":true,"href":"https:\/\/www.krafthand.de\/truck\/wp-json\/wp\/v2\/tags?post=36162"},{"taxonomy":"settings","embeddable":true,"href":"https:\/\/www.krafthand.de\/truck\/wp-json\/wp\/v2\/settings?post=36162"}],"curies":[{"name":"wp","href":"https:\/\/api.w.org\/{rel}","templated":true}]}}