{"id":36144,"date":"2023-05-17T13:38:42","date_gmt":"2023-05-17T11:38:42","guid":{"rendered":"https:\/\/www.krafthand.de\/truck\/?p=36144"},"modified":"2023-05-17T17:51:18","modified_gmt":"2023-05-17T15:51:18","slug":"lkw-produktion-live-mercedes-benz-bietet-wieder-werksfuehrungen-in-woerth-an","status":"publish","type":"post","link":"https:\/\/www.krafthand.de\/truck\/artikel\/lkw-produktion-live-mercedes-benz-bietet-wieder-werksfuehrungen-in-woerth-an-36144\/","title":{"rendered":"Lkw-Produktion live: Wieder Werksf\u00fchrungen bei Mercedes-Benz in W\u00f6rth"},"content":{"rendered":"<p>Nach einer fast dreij\u00e4hrigen Pause und p\u00fcnktlich zum 60. Jubil\u00e4um, bietet das Mercedes-Benz Werk in W\u00f6rth am Rhein seit kurzem wieder F\u00fchrungen durch die Lkw-Produktion an. Auf dem Werksgel\u00e4nde des weltweit gr\u00f6\u00dften Standorts von <a href=\"https:\/\/www.daimlertruck.com\/produkte\/trucks\/mercedes-benz\" target=\"_blank\" rel=\"noopener\">Mercedes-Benz Trucks<\/a>, der insgesamt eine Fl\u00e4che von etwa 400 Fu\u00dfballfeldern hat, rollen bis zu 470 Lkw pro Tag vom Band.<\/p>\n<p>Besucherinnen und Besucher k\u00f6nnen im Rahmen der eineinhalbst\u00fcndigen Tour die hochautomatisierte Nutzfahrzeugproduktion hautnah erleben: Von pr\u00e4ziser Roboterschwei\u00dftechnik im Rohbau \u00fcber den Fahrerhausinnenausbau, die &#8218;Verlobung&#8216; (Verbindung von Motor und Getriebe), die &#8218;Hochzeit&#8216; (Verbindung von Fahrerhaus und Chassis) und die Qualit\u00e4tskontrolle, bis hin zum Kundencenter, in welchem die fertigen Lkw an ihre neuen Besitzer \u00fcbergeben werden.<\/p>\n<p>Die F\u00fchrungen sind auf Deutsch und Englisch buchbar. Ausf\u00fchrender Partner f\u00fcr das Angebot ist die TAB different GmbH, die die Werksf\u00fchrungen eigenverantwortlich durchf\u00fchrt. Tickets zum Bruttopreis von 25,90 \u20ac pro Person k\u00f6nnen \u00fcber die Plattform <a href=\"https:\/\/factorytour-woerth.mercedes-benz-trucks.com\/\" target=\"_blank\" rel=\"noopener\">www.factorytour-woerth.mercedes-benz-trucks.com<\/a> gebucht werden.<\/p>\n","protected":false},"excerpt":{"rendered":"<p>Nach einer fast dreij\u00e4hrigen Pause und p\u00fcnktlich zum 60. Jubil\u00e4um, bietet das Mercedes-Benz Werk in W\u00f6rth am Rhein seit kurzem wieder F\u00fchrungen durch die Lkw-Produktion an. F\u00fcr Kurzentschlossene ein idealer Vatertags-Ausflug. <span class=\"excerpt-more__dots\">&#8230;<\/span> <a class=\"excerpt-more__link\" href=\"https:\/\/www.krafthand.de\/truck\/artikel\/lkw-produktion-live-mercedes-benz-bietet-wieder-werksfuehrungen-in-woerth-an-36144\/\" >weiter<\/a><\/p>\n","protected":false},"author":9,"featured_media":36146,"comment_status":"closed","ping_status":"closed","sticky":false,"template":"","format":"standard","meta":{"footnotes":""},"categories":[4915,4235],"tags":[5624,479,2069],"settings":[3524,3523],"class_list":["post-36144","post","type-post","status-publish","format-standard","has-post-thumbnail","hentry","category-neue-fahrzeuge","category-unternehmen","tag-lkw-produktion","tag-mercedes-benz","tag-woerth"],"yoast_head":"<!-- This site is optimized with the Yoast SEO plugin v27.3 - https:\/\/yoast.com\/product\/yoast-seo-wordpress\/ -->\n<title>Lkw-Produktion live: Wieder Werksf\u00fchrungen bei Mercedes-Benz in W\u00f6rth - Krafthand-Truck<\/title>\n<meta name=\"description\" content=\"Das Mercedes-Benz Werk in W\u00f6rth am Rhein bietet wieder F\u00fchrungen durch die Lkw-Produktion an.\" \/>\n<meta name=\"robots\" content=\"index, follow, max-snippet:-1, max-image-preview:large, max-video-preview:-1\" \/>\n<link rel=\"canonical\" href=\"https:\/\/www.krafthand.de\/truck\/artikel\/lkw-produktion-live-mercedes-benz-bietet-wieder-werksfuehrungen-in-woerth-an-36144\/\" \/>\n<meta property=\"og:locale\" content=\"de_DE\" \/>\n<meta property=\"og:type\" content=\"article\" \/>\n<meta property=\"og:title\" content=\"Lkw-Produktion live: Wieder Werksf\u00fchrungen bei Mercedes-Benz in W\u00f6rth - Krafthand-Truck\" \/>\n<meta property=\"og:description\" content=\"Das Mercedes-Benz Werk in W\u00f6rth am Rhein bietet wieder F\u00fchrungen durch die Lkw-Produktion an.\" \/>\n<meta property=\"og:url\" content=\"https:\/\/www.krafthand-truck.de\/artikel\/lkw-produktion-live-mercedes-benz-bietet-wieder-werksfuehrungen-in-woerth-an-36144\/\" \/>\n<meta property=\"og:site_name\" content=\"Krafthand-Truck\" \/>\n<meta property=\"article:published_time\" content=\"2023-05-17T11:38:42+00:00\" \/>\n<meta property=\"article:modified_time\" content=\"2023-05-17T15:51:18+00:00\" \/>\n<meta property=\"og:image\" content=\"https:\/\/static.krafthand-truck.de\/uploads\/2023\/05\/Mercedes_Benz_Lkw_Produktion_Woerth_Fuehrungen.jpg\" \/>\n\t<meta property=\"og:image:width\" content=\"1200\" \/>\n\t<meta property=\"og:image:height\" content=\"801\" \/>\n\t<meta property=\"og:image:type\" content=\"image\/jpeg\" \/>\n<meta name=\"author\" content=\"georg.blenk@krafthand-medien.de\" \/>\n<meta name=\"twitter:card\" content=\"summary_large_image\" \/>\n<meta name=\"twitter:label1\" content=\"Verfasst von\" \/>\n\t<meta name=\"twitter:data1\" content=\"georg.blenk@krafthand-medien.de\" \/>\n\t<meta name=\"twitter:label2\" content=\"Gesch\u00e4tzte Lesezeit\" \/>\n\t<meta name=\"twitter:data2\" content=\"1\u00a0Minute\" \/>\n<script type=\"application\/ld+json\" class=\"yoast-schema-graph\">{\"@context\":\"https:\\\/\\\/schema.org\",\"@graph\":[{\"@type\":\"Article\",\"@id\":\"https:\\\/\\\/www.krafthand.de\\\/truck\\\/artikel\\\/lkw-produktion-live-mercedes-benz-bietet-wieder-werksfuehrungen-in-woerth-an-36144\\\/#article\",\"isPartOf\":{\"@id\":\"https:\\\/\\\/www.krafthand.de\\\/truck\\\/artikel\\\/lkw-produktion-live-mercedes-benz-bietet-wieder-werksfuehrungen-in-woerth-an-36144\\\/\"},\"author\":{\"name\":\"georg.blenk@krafthand-medien.de\",\"@id\":\"https:\\\/\\\/www.krafthand.de\\\/truck\\\/#\\\/schema\\\/person\\\/51fa80b1c57034c4bf63f9f988fc24ce\"},\"headline\":\"Lkw-Produktion live: Wieder Werksf\u00fchrungen bei Mercedes-Benz in W\u00f6rth\",\"datePublished\":\"2023-05-17T11:38:42+00:00\",\"dateModified\":\"2023-05-17T15:51:18+00:00\",\"mainEntityOfPage\":{\"@id\":\"https:\\\/\\\/www.krafthand.de\\\/truck\\\/artikel\\\/lkw-produktion-live-mercedes-benz-bietet-wieder-werksfuehrungen-in-woerth-an-36144\\\/\"},\"wordCount\":174,\"image\":{\"@id\":\"https:\\\/\\\/www.krafthand.de\\\/truck\\\/artikel\\\/lkw-produktion-live-mercedes-benz-bietet-wieder-werksfuehrungen-in-woerth-an-36144\\\/#primaryimage\"},\"thumbnailUrl\":\"https:\\\/\\\/static.krafthand-truck.de\\\/uploads\\\/2023\\\/05\\\/Mercedes_Benz_Lkw_Produktion_Woerth_Fuehrungen.jpg\",\"keywords\":[\"Lkw-Produktion\",\"Mercedes-Benz\",\"W\u00f6rth\"],\"articleSection\":[\"Neue Fahrzeuge\",\"Unternehmen\"],\"inLanguage\":\"de\"},{\"@type\":\"WebPage\",\"@id\":\"https:\\\/\\\/www.krafthand.de\\\/truck\\\/artikel\\\/lkw-produktion-live-mercedes-benz-bietet-wieder-werksfuehrungen-in-woerth-an-36144\\\/\",\"url\":\"https:\\\/\\\/www.krafthand.de\\\/truck\\\/artikel\\\/lkw-produktion-live-mercedes-benz-bietet-wieder-werksfuehrungen-in-woerth-an-36144\\\/\",\"name\":\"Lkw-Produktion live: Wieder Werksf\u00fchrungen bei Mercedes-Benz in W\u00f6rth - Krafthand-Truck\",\"isPartOf\":{\"@id\":\"https:\\\/\\\/www.krafthand.de\\\/truck\\\/#website\"},\"primaryImageOfPage\":{\"@id\":\"https:\\\/\\\/www.krafthand.de\\\/truck\\\/artikel\\\/lkw-produktion-live-mercedes-benz-bietet-wieder-werksfuehrungen-in-woerth-an-36144\\\/#primaryimage\"},\"image\":{\"@id\":\"https:\\\/\\\/www.krafthand.de\\\/truck\\\/artikel\\\/lkw-produktion-live-mercedes-benz-bietet-wieder-werksfuehrungen-in-woerth-an-36144\\\/#primaryimage\"},\"thumbnailUrl\":\"https:\\\/\\\/static.krafthand-truck.de\\\/uploads\\\/2023\\\/05\\\/Mercedes_Benz_Lkw_Produktion_Woerth_Fuehrungen.jpg\",\"datePublished\":\"2023-05-17T11:38:42+00:00\",\"dateModified\":\"2023-05-17T15:51:18+00:00\",\"author\":{\"@id\":\"https:\\\/\\\/www.krafthand.de\\\/truck\\\/#\\\/schema\\\/person\\\/51fa80b1c57034c4bf63f9f988fc24ce\"},\"description\":\"Das Mercedes-Benz Werk in W\u00f6rth am Rhein bietet wieder F\u00fchrungen durch die Lkw-Produktion an.\",\"breadcrumb\":{\"@id\":\"https:\\\/\\\/www.krafthand.de\\\/truck\\\/artikel\\\/lkw-produktion-live-mercedes-benz-bietet-wieder-werksfuehrungen-in-woerth-an-36144\\\/#breadcrumb\"},\"inLanguage\":\"de\",\"potentialAction\":[{\"@type\":\"ReadAction\",\"target\":[\"https:\\\/\\\/www.krafthand.de\\\/truck\\\/artikel\\\/lkw-produktion-live-mercedes-benz-bietet-wieder-werksfuehrungen-in-woerth-an-36144\\\/\"]}]},{\"@type\":\"ImageObject\",\"inLanguage\":\"de\",\"@id\":\"https:\\\/\\\/www.krafthand.de\\\/truck\\\/artikel\\\/lkw-produktion-live-mercedes-benz-bietet-wieder-werksfuehrungen-in-woerth-an-36144\\\/#primaryimage\",\"url\":\"https:\\\/\\\/static.krafthand-truck.de\\\/uploads\\\/2023\\\/05\\\/Mercedes_Benz_Lkw_Produktion_Woerth_Fuehrungen.jpg\",\"contentUrl\":\"https:\\\/\\\/static.krafthand-truck.de\\\/uploads\\\/2023\\\/05\\\/Mercedes_Benz_Lkw_Produktion_Woerth_Fuehrungen.jpg\",\"width\":1200,\"height\":801},{\"@type\":\"BreadcrumbList\",\"@id\":\"https:\\\/\\\/www.krafthand.de\\\/truck\\\/artikel\\\/lkw-produktion-live-mercedes-benz-bietet-wieder-werksfuehrungen-in-woerth-an-36144\\\/#breadcrumb\",\"itemListElement\":[{\"@type\":\"ListItem\",\"position\":1,\"name\":\"Krafthand-Truck\",\"item\":\"https:\\\/\\\/www.krafthand.de\\\/truck\\\/\"},{\"@type\":\"ListItem\",\"position\":2,\"name\":\"IT+Fuhrpark\",\"item\":\"https:\\\/\\\/www.krafthand.de\\\/truck\\\/kategorie\\\/fuhrpark\\\/\"},{\"@type\":\"ListItem\",\"position\":3,\"name\":\"Neue Fahrzeuge\",\"item\":\"https:\\\/\\\/www.krafthand.de\\\/truck\\\/kategorie\\\/fuhrpark\\\/neue-fahrzeuge\\\/\"},{\"@type\":\"ListItem\",\"position\":4,\"name\":\"Lkw-Produktion live: Wieder Werksf\u00fchrungen bei Mercedes-Benz in W\u00f6rth\"}]},{\"@type\":\"WebSite\",\"@id\":\"https:\\\/\\\/www.krafthand.de\\\/truck\\\/#website\",\"url\":\"https:\\\/\\\/www.krafthand.de\\\/truck\\\/\",\"name\":\"Krafthand-Truck\",\"description\":\"\",\"potentialAction\":[{\"@type\":\"SearchAction\",\"target\":{\"@type\":\"EntryPoint\",\"urlTemplate\":\"https:\\\/\\\/www.krafthand.de\\\/truck\\\/?s={search_term_string}\"},\"query-input\":{\"@type\":\"PropertyValueSpecification\",\"valueRequired\":true,\"valueName\":\"search_term_string\"}}],\"inLanguage\":\"de\"},{\"@type\":\"Person\",\"@id\":\"https:\\\/\\\/www.krafthand.de\\\/truck\\\/#\\\/schema\\\/person\\\/51fa80b1c57034c4bf63f9f988fc24ce\",\"name\":\"georg.blenk@krafthand-medien.de\",\"image\":{\"@type\":\"ImageObject\",\"inLanguage\":\"de\",\"@id\":\"https:\\\/\\\/secure.gravatar.com\\\/avatar\\\/93713c30affe0aa95d3a4130e499bb1abee2eb31adbdd9ce2aa1543538490215?s=96&d=mm&r=g\",\"url\":\"https:\\\/\\\/secure.gravatar.com\\\/avatar\\\/93713c30affe0aa95d3a4130e499bb1abee2eb31adbdd9ce2aa1543538490215?s=96&d=mm&r=g\",\"contentUrl\":\"https:\\\/\\\/secure.gravatar.com\\\/avatar\\\/93713c30affe0aa95d3a4130e499bb1abee2eb31adbdd9ce2aa1543538490215?s=96&d=mm&r=g\",\"caption\":\"georg.blenk@krafthand-medien.de\"}}]}<\/script>\n<!-- \/ Yoast SEO plugin. -->","yoast_head_json":{"title":"Lkw-Produktion live: Wieder Werksf\u00fchrungen bei Mercedes-Benz in W\u00f6rth - Krafthand-Truck","description":"Das Mercedes-Benz Werk in W\u00f6rth am Rhein bietet wieder F\u00fchrungen durch die Lkw-Produktion an.","robots":{"index":"index","follow":"follow","max-snippet":"max-snippet:-1","max-image-preview":"max-image-preview:large","max-video-preview":"max-video-preview:-1"},"canonical":"https:\/\/www.krafthand.de\/truck\/artikel\/lkw-produktion-live-mercedes-benz-bietet-wieder-werksfuehrungen-in-woerth-an-36144\/","og_locale":"de_DE","og_type":"article","og_title":"Lkw-Produktion live: Wieder Werksf\u00fchrungen bei Mercedes-Benz in W\u00f6rth - Krafthand-Truck","og_description":"Das Mercedes-Benz Werk in W\u00f6rth am Rhein bietet wieder F\u00fchrungen durch die Lkw-Produktion an.","og_url":"https:\/\/www.krafthand-truck.de\/artikel\/lkw-produktion-live-mercedes-benz-bietet-wieder-werksfuehrungen-in-woerth-an-36144\/","og_site_name":"Krafthand-Truck","article_published_time":"2023-05-17T11:38:42+00:00","article_modified_time":"2023-05-17T15:51:18+00:00","og_image":[{"width":1200,"height":801,"url":"https:\/\/static.krafthand-truck.de\/uploads\/2023\/05\/Mercedes_Benz_Lkw_Produktion_Woerth_Fuehrungen.jpg","type":"image\/jpeg"}],"author":"georg.blenk@krafthand-medien.de","twitter_card":"summary_large_image","twitter_misc":{"Verfasst von":"georg.blenk@krafthand-medien.de","Gesch\u00e4tzte Lesezeit":"1\u00a0Minute"},"schema":{"@context":"https:\/\/schema.org","@graph":[{"@type":"Article","@id":"https:\/\/www.krafthand.de\/truck\/artikel\/lkw-produktion-live-mercedes-benz-bietet-wieder-werksfuehrungen-in-woerth-an-36144\/#article","isPartOf":{"@id":"https:\/\/www.krafthand.de\/truck\/artikel\/lkw-produktion-live-mercedes-benz-bietet-wieder-werksfuehrungen-in-woerth-an-36144\/"},"author":{"name":"georg.blenk@krafthand-medien.de","@id":"https:\/\/www.krafthand.de\/truck\/#\/schema\/person\/51fa80b1c57034c4bf63f9f988fc24ce"},"headline":"Lkw-Produktion live: Wieder Werksf\u00fchrungen bei Mercedes-Benz in W\u00f6rth","datePublished":"2023-05-17T11:38:42+00:00","dateModified":"2023-05-17T15:51:18+00:00","mainEntityOfPage":{"@id":"https:\/\/www.krafthand.de\/truck\/artikel\/lkw-produktion-live-mercedes-benz-bietet-wieder-werksfuehrungen-in-woerth-an-36144\/"},"wordCount":174,"image":{"@id":"https:\/\/www.krafthand.de\/truck\/artikel\/lkw-produktion-live-mercedes-benz-bietet-wieder-werksfuehrungen-in-woerth-an-36144\/#primaryimage"},"thumbnailUrl":"https:\/\/static.krafthand-truck.de\/uploads\/2023\/05\/Mercedes_Benz_Lkw_Produktion_Woerth_Fuehrungen.jpg","keywords":["Lkw-Produktion","Mercedes-Benz","W\u00f6rth"],"articleSection":["Neue Fahrzeuge","Unternehmen"],"inLanguage":"de"},{"@type":"WebPage","@id":"https:\/\/www.krafthand.de\/truck\/artikel\/lkw-produktion-live-mercedes-benz-bietet-wieder-werksfuehrungen-in-woerth-an-36144\/","url":"https:\/\/www.krafthand.de\/truck\/artikel\/lkw-produktion-live-mercedes-benz-bietet-wieder-werksfuehrungen-in-woerth-an-36144\/","name":"Lkw-Produktion live: Wieder Werksf\u00fchrungen bei Mercedes-Benz in W\u00f6rth - Krafthand-Truck","isPartOf":{"@id":"https:\/\/www.krafthand.de\/truck\/#website"},"primaryImageOfPage":{"@id":"https:\/\/www.krafthand.de\/truck\/artikel\/lkw-produktion-live-mercedes-benz-bietet-wieder-werksfuehrungen-in-woerth-an-36144\/#primaryimage"},"image":{"@id":"https:\/\/www.krafthand.de\/truck\/artikel\/lkw-produktion-live-mercedes-benz-bietet-wieder-werksfuehrungen-in-woerth-an-36144\/#primaryimage"},"thumbnailUrl":"https:\/\/static.krafthand-truck.de\/uploads\/2023\/05\/Mercedes_Benz_Lkw_Produktion_Woerth_Fuehrungen.jpg","datePublished":"2023-05-17T11:38:42+00:00","dateModified":"2023-05-17T15:51:18+00:00","author":{"@id":"https:\/\/www.krafthand.de\/truck\/#\/schema\/person\/51fa80b1c57034c4bf63f9f988fc24ce"},"description":"Das Mercedes-Benz Werk in W\u00f6rth am Rhein bietet wieder F\u00fchrungen durch die Lkw-Produktion an.","breadcrumb":{"@id":"https:\/\/www.krafthand.de\/truck\/artikel\/lkw-produktion-live-mercedes-benz-bietet-wieder-werksfuehrungen-in-woerth-an-36144\/#breadcrumb"},"inLanguage":"de","potentialAction":[{"@type":"ReadAction","target":["https:\/\/www.krafthand.de\/truck\/artikel\/lkw-produktion-live-mercedes-benz-bietet-wieder-werksfuehrungen-in-woerth-an-36144\/"]}]},{"@type":"ImageObject","inLanguage":"de","@id":"https:\/\/www.krafthand.de\/truck\/artikel\/lkw-produktion-live-mercedes-benz-bietet-wieder-werksfuehrungen-in-woerth-an-36144\/#primaryimage","url":"https:\/\/static.krafthand-truck.de\/uploads\/2023\/05\/Mercedes_Benz_Lkw_Produktion_Woerth_Fuehrungen.jpg","contentUrl":"https:\/\/static.krafthand-truck.de\/uploads\/2023\/05\/Mercedes_Benz_Lkw_Produktion_Woerth_Fuehrungen.jpg","width":1200,"height":801},{"@type":"BreadcrumbList","@id":"https:\/\/www.krafthand.de\/truck\/artikel\/lkw-produktion-live-mercedes-benz-bietet-wieder-werksfuehrungen-in-woerth-an-36144\/#breadcrumb","itemListElement":[{"@type":"ListItem","position":1,"name":"Krafthand-Truck","item":"https:\/\/www.krafthand.de\/truck\/"},{"@type":"ListItem","position":2,"name":"IT+Fuhrpark","item":"https:\/\/www.krafthand.de\/truck\/kategorie\/fuhrpark\/"},{"@type":"ListItem","position":3,"name":"Neue Fahrzeuge","item":"https:\/\/www.krafthand.de\/truck\/kategorie\/fuhrpark\/neue-fahrzeuge\/"},{"@type":"ListItem","position":4,"name":"Lkw-Produktion live: Wieder Werksf\u00fchrungen bei Mercedes-Benz in W\u00f6rth"}]},{"@type":"WebSite","@id":"https:\/\/www.krafthand.de\/truck\/#website","url":"https:\/\/www.krafthand.de\/truck\/","name":"Krafthand-Truck","description":"","potentialAction":[{"@type":"SearchAction","target":{"@type":"EntryPoint","urlTemplate":"https:\/\/www.krafthand.de\/truck\/?s={search_term_string}"},"query-input":{"@type":"PropertyValueSpecification","valueRequired":true,"valueName":"search_term_string"}}],"inLanguage":"de"},{"@type":"Person","@id":"https:\/\/www.krafthand.de\/truck\/#\/schema\/person\/51fa80b1c57034c4bf63f9f988fc24ce","name":"georg.blenk@krafthand-medien.de","image":{"@type":"ImageObject","inLanguage":"de","@id":"https:\/\/secure.gravatar.com\/avatar\/93713c30affe0aa95d3a4130e499bb1abee2eb31adbdd9ce2aa1543538490215?s=96&d=mm&r=g","url":"https:\/\/secure.gravatar.com\/avatar\/93713c30affe0aa95d3a4130e499bb1abee2eb31adbdd9ce2aa1543538490215?s=96&d=mm&r=g","contentUrl":"https:\/\/secure.gravatar.com\/avatar\/93713c30affe0aa95d3a4130e499bb1abee2eb31adbdd9ce2aa1543538490215?s=96&d=mm&r=g","caption":"georg.blenk@krafthand-medien.de"}}]}},"_links":{"self":[{"href":"https:\/\/www.krafthand.de\/truck\/wp-json\/wp\/v2\/posts\/36144","targetHints":{"allow":["GET"]}}],"collection":[{"href":"https:\/\/www.krafthand.de\/truck\/wp-json\/wp\/v2\/posts"}],"about":[{"href":"https:\/\/www.krafthand.de\/truck\/wp-json\/wp\/v2\/types\/post"}],"author":[{"embeddable":true,"href":"https:\/\/www.krafthand.de\/truck\/wp-json\/wp\/v2\/users\/9"}],"replies":[{"embeddable":true,"href":"https:\/\/www.krafthand.de\/truck\/wp-json\/wp\/v2\/comments?post=36144"}],"version-history":[{"count":7,"href":"https:\/\/www.krafthand.de\/truck\/wp-json\/wp\/v2\/posts\/36144\/revisions"}],"predecessor-version":[{"id":36152,"href":"https:\/\/www.krafthand.de\/truck\/wp-json\/wp\/v2\/posts\/36144\/revisions\/36152"}],"wp:featuredmedia":[{"embeddable":true,"href":"https:\/\/www.krafthand.de\/truck\/wp-json\/wp\/v2\/media\/36146"}],"wp:attachment":[{"href":"https:\/\/www.krafthand.de\/truck\/wp-json\/wp\/v2\/media?parent=36144"}],"wp:term":[{"taxonomy":"category","embeddable":true,"href":"https:\/\/www.krafthand.de\/truck\/wp-json\/wp\/v2\/categories?post=36144"},{"taxonomy":"post_tag","embeddable":true,"href":"https:\/\/www.krafthand.de\/truck\/wp-json\/wp\/v2\/tags?post=36144"},{"taxonomy":"settings","embeddable":true,"href":"https:\/\/www.krafthand.de\/truck\/wp-json\/wp\/v2\/settings?post=36144"}],"curies":[{"name":"wp","href":"https:\/\/api.w.org\/{rel}","templated":true}]}}