{"id":36024,"date":"2023-05-04T15:22:22","date_gmt":"2023-05-04T13:22:22","guid":{"rendered":"https:\/\/www.krafthand.de\/truck\/?p=36024"},"modified":"2023-05-10T08:42:09","modified_gmt":"2023-05-10T06:42:09","slug":"prometeon-praesentiert-sich-erstmals-auf-der-transport-logistik","status":"publish","type":"post","link":"https:\/\/www.krafthand.de\/truck\/artikel\/prometeon-praesentiert-sich-erstmals-auf-der-transport-logistik-36024\/","title":{"rendered":"Prometeon pr\u00e4sentiert sich erstmals auf der Transport Logistik"},"content":{"rendered":"<p>Der Spezialist f\u00fcr Nfz-Reifen Prometeon, feiert auf der Fachmesse <a href=\"https:\/\/transportlogistic.de\/de\/\" target=\"_blank\" rel=\"noopener\">Transport Logistic<\/a> (9.\u201312. Mai) Premiere. Die Gruppe pr\u00e4sentiert in M\u00fcnchen ein umfangreiches Produkt- und Dienstleistungsangebot.\u00a0 So k\u00f6nnen sich Kunden beispielsweise \u00fcber die Erweiterung der Produktlinie Serie 02, die\u00a0 Prometeon-L\u00f6sungen f\u00fcr das Flottenmanagement und SuperTruck, das H\u00e4ndler-Netzwerk informieren.<\/p>\n<blockquote><p><span style=\"font-size: 16px;\">\u201eWir haben uns entschlossen, dieses Jahr bei der Transport Logistic dabei zu sein, weil wir es f\u00fcr wichtig erachten, auch mit den Flotten einen direkten Kommunikationskanal f\u00fcr die Pr\u00e4sentation unseres Produktangebots, unserer Dienstleistungen und unseres Service-Netzwerks SuperTruck zu haben.&#8220; so Francesco Antonacci, CEO Region Europa.<\/span><\/p><\/blockquote>\n<h3>Nutzfahrzeugreifen<\/h3>\n<p>Auf der Transport Logistic wird <a href=\"https:\/\/www.prometeon.com\/DE\/de_DE\" target=\"_blank\" rel=\"noopener\">Prometeon<\/a> zufolge die neue <strong>Serie 02<\/strong>, die erste Produktlinie der Marke <strong>Pirelli<\/strong> &#8218;Prometeon engineered&#8216;, die Hauptrolle spielen. Die im Fr\u00fchjahr 2022 eingef\u00fchrte und ab sofort europaweit erh\u00e4ltliche Reifenserie soll vor allem durch die Laufleistung, die Robustheit und Tragf\u00e4higkeit \u00fcberzeugen. Gleichzeitig trugen die Reifen zur Verringerung des Rollwiderstands und des Kraftstoffverbrauchs bei.<\/p>\n<figure id=\"attachment_36033\" aria-describedby=\"caption-attachment-36033\" style=\"width: 800px\" class=\"wp-caption aligncenter\"><img fetchpriority=\"high\" decoding=\"async\" class=\"wp-image-36033\" src=\"https:\/\/static.krafthand-truck.de\/uploads\/2023\/05\/Prometeon_Pro_Trailer_H02_Reifen_Pirelli_445-45-R19-e1683205899943-300x170.jpg\" alt=\"\" width=\"800\" height=\"452\" srcset=\"https:\/\/static.krafthand-truck.de\/uploads\/2023\/05\/Prometeon_Pro_Trailer_H02_Reifen_Pirelli_445-45-R19-e1683205899943-300x170.jpg 300w, https:\/\/static.krafthand-truck.de\/uploads\/2023\/05\/Prometeon_Pro_Trailer_H02_Reifen_Pirelli_445-45-R19-e1683205899943-1024x579.jpg 1024w, https:\/\/static.krafthand-truck.de\/uploads\/2023\/05\/Prometeon_Pro_Trailer_H02_Reifen_Pirelli_445-45-R19-e1683205899943-768x434.jpg 768w, https:\/\/static.krafthand-truck.de\/uploads\/2023\/05\/Prometeon_Pro_Trailer_H02_Reifen_Pirelli_445-45-R19-e1683205899943.jpg 1200w\" sizes=\"(max-width: 800px) 100vw, 800px\" \/><figcaption id=\"caption-attachment-36033\" class=\"wp-caption-text\">Der PRO Trailer H2 ist f\u00fcr den Einsatz auf Sattelaufliegern f\u00fcr gro\u00dfe Volumina und Nutzlasten und f\u00fcr Langstrecken entwickelt worden.<\/figcaption><\/figure>\n<h3>Dienstleistungen<\/h3>\n<p>Zu den Services von Prometeon geh\u00f6rt unter anderem das digitale Inspektions- und \u00dcberwachungssystem f\u00fcr Reifen <strong>Pro-Check<\/strong>. Es ist speziell f\u00fcr die Anforderungen von Flotten entwickelt worden. Mit Pro-Check werden Flottenmanager und Reifenfach-H\u00e4ndler durch zuverl\u00e4ssige und ma\u00dfgeschneiderte Unterst\u00fctzung bei der Verbesserung der Effizienz, der Optimierung von Wartungseingriffen und der Rentabilit\u00e4t sowie der Steigerung der Reifenleistung unterst\u00fctzt.<br \/>\nDas neue zentrale Abrechnungssystem <strong>Pro-Management<\/strong> erm\u00f6glicht Flotten, Prometeon als einzige Rechnungsstelle zu nutzen. Das System verf\u00fcgt \u00fcber eine komplett neu entwickelte Software mit verbesserten und innovativen Funktionen. Das komplett in Pro-Check integrierte System ist anwenderfreundlich und verringert die f\u00fcr Flottenmanager oder Reifenfach-H\u00e4ndler erforderliche Arbeitszeiten. Zudem soll es eine leichtere und schnellere Lagerverwaltung gew\u00e4hrleisten.<br \/>\nHinzu kommt ein neues, personalisierbares Komplettangebot, welches beim Reifenkauf monatliche Fixkosten, eine festgelegte Anzahl an Reifen pro Jahr, die Verwaltung und Kontrolle der Vorg\u00e4nge \u00fcber die Pro-Management-Plattform sowie ein umfassendes Service-Portfolio garantiert.<\/p>\n<h3>H\u00e4ndlernetzwerk SuperTruck<\/h3>\n<p>SuperTruck ist ein unabh\u00e4ngiges H\u00e4ndlernetzwerk, das auf das Segment Lkw und Bus spezialisiert ist. F\u00fcr angeschlossene H\u00e4ndler bietet SuperTruck dank der Partnerschaft mit der Prometeon Tyre Group ein breit gef\u00e4chertes Service- und Produktangebot.<\/p>\n<blockquote><p>Gaetano Trezza, Managing Director Mitteleuropa: \u201eM\u00fcnchen ist der Treffpunkt f\u00fcr alle globalen Akteure der Logistik, die auf der Suche nach L\u00f6sungen sind. Unsere diesj\u00e4hrige Pr\u00e4senz ist ein Meilenstein in unserer strategischen Entwicklung, vor allem in den deutschsprachigen M\u00e4rkten.\u201c<\/p><\/blockquote>\n\r\n\t\t\t\t<div class=\"post-author\">\r\n\t\t\t\t\t<div class=\"khm-cp-author clearfix\">\r\n\t\t\t\t\t\t<div class=\"khm-cp-author__content\">\r\n\t\t\t\t\t\t\t\tKontakt zum Autor:<br \/>\r\n\t\t\t\t\t\t\t\t<strong>Georg Blenk<\/strong>, 08247 \/ 3007-45 |  <a href=\"mailto:georg.blenk@krafthand-medien.de\">georg.blenk@krafthand-medien.de<\/a>\r\n\t\t\t\t\t\t\t<div class=\"khm-cp-author__image\">\r\n\t\t\t\t\t\t<img src=\"https:\/\/static.krafthand-truck.de\/uploads\/2021\/01\/Blenk_6104-250x300-1-removebg-preview.png\" class=\"img-responsive\">\r\n\t\t\t\t\t<\/div>\r\n\t\t\t\t\t\t<\/div>\r\n\t\t\t\t\t<\/div>\r\n\t\t\t\t<\/div>\r\n\t\t\t\t","protected":false},"excerpt":{"rendered":"<p>Der Spezialist f\u00fcr Nfz-Reifen Prometeon, feiert auf der Fachmesse Transport Logistic (9.\u201312. Mai) Premiere. Die Gruppe pr\u00e4sentiert in M\u00fcnchen ein umfangreiches Produkt- und Dienstleistungsangebot.\u00a0 So k\u00f6nnen sich Kunden beispielsweise \u00fcber die Erweiterung der Produktlinie Serie 02, die\u00a0 Prometeon-L\u00f6sungen f\u00fcr das Flottenmanagement und SuperTruck, das H\u00e4ndler-Netzwerk informieren. <span class=\"excerpt-more__dots\">&#8230;<\/span> <a class=\"excerpt-more__link\" href=\"https:\/\/www.krafthand.de\/truck\/artikel\/prometeon-praesentiert-sich-erstmals-auf-der-transport-logistik-36024\/\" >weiter<\/a><\/p>\n","protected":false},"author":9,"featured_media":36029,"comment_status":"closed","ping_status":"closed","sticky":false,"template":"","format":"standard","meta":{"footnotes":""},"categories":[4227,4235],"tags":[299,1258,5158,5587],"settings":[3524,3523],"class_list":["post-36024","post","type-post","status-publish","format-standard","has-post-thumbnail","hentry","category-rad-reifen-bremse","category-unternehmen","tag-lkw-reifen","tag-pirelli","tag-prometeon","tag-transport-logistik"],"yoast_head":"<!-- This site is optimized with the Yoast SEO plugin v27.3 - https:\/\/yoast.com\/product\/yoast-seo-wordpress\/ -->\n<title>Prometeon pr\u00e4sentiert sich erstmals auf der Transport Logistik - Krafthand-Truck<\/title>\n<meta name=\"description\" content=\"Prometeon feiert auf der Fachmesse Transport Logistic Premiere. Die Gruppe pr\u00e4sentiert das umfangreiche Produkt- und Dienstleistungsangebot.\u00a0\" \/>\n<meta name=\"robots\" content=\"index, follow, max-snippet:-1, max-image-preview:large, max-video-preview:-1\" \/>\n<link rel=\"canonical\" href=\"https:\/\/www.krafthand.de\/truck\/artikel\/prometeon-praesentiert-sich-erstmals-auf-der-transport-logistik-36024\/\" \/>\n<meta property=\"og:locale\" content=\"de_DE\" \/>\n<meta property=\"og:type\" content=\"article\" \/>\n<meta property=\"og:title\" content=\"Prometeon pr\u00e4sentiert sich erstmals auf der Transport Logistik - Krafthand-Truck\" \/>\n<meta property=\"og:description\" content=\"Prometeon feiert auf der Fachmesse Transport Logistic Premiere. Die Gruppe pr\u00e4sentiert das umfangreiche Produkt- und Dienstleistungsangebot.\u00a0\" \/>\n<meta property=\"og:url\" content=\"https:\/\/www.krafthand-truck.de\/artikel\/prometeon-praesentiert-sich-erstmals-auf-der-transport-logistik-36024\/\" \/>\n<meta property=\"og:site_name\" content=\"Krafthand-Truck\" \/>\n<meta property=\"article:published_time\" content=\"2023-05-04T13:22:22+00:00\" \/>\n<meta property=\"article:modified_time\" content=\"2023-05-10T06:42:09+00:00\" \/>\n<meta property=\"og:image\" content=\"https:\/\/static.krafthand-truck.de\/uploads\/2023\/05\/Prometeon_Transport_Logistik_Pirelli_Lkw_Reifen_PROFUEL-STEER-R02.jpg\" \/>\n\t<meta property=\"og:image:width\" content=\"1200\" \/>\n\t<meta property=\"og:image:height\" content=\"723\" \/>\n\t<meta property=\"og:image:type\" content=\"image\/jpeg\" \/>\n<meta name=\"author\" content=\"georg.blenk@krafthand-medien.de\" \/>\n<meta name=\"twitter:card\" content=\"summary_large_image\" \/>\n<meta name=\"twitter:label1\" content=\"Verfasst von\" \/>\n\t<meta name=\"twitter:data1\" content=\"georg.blenk@krafthand-medien.de\" \/>\n\t<meta name=\"twitter:label2\" content=\"Gesch\u00e4tzte Lesezeit\" \/>\n\t<meta name=\"twitter:data2\" content=\"3\u00a0Minuten\" \/>\n<script type=\"application\/ld+json\" class=\"yoast-schema-graph\">{\"@context\":\"https:\\\/\\\/schema.org\",\"@graph\":[{\"@type\":\"Article\",\"@id\":\"https:\\\/\\\/www.krafthand.de\\\/truck\\\/artikel\\\/prometeon-praesentiert-sich-erstmals-auf-der-transport-logistik-36024\\\/#article\",\"isPartOf\":{\"@id\":\"https:\\\/\\\/www.krafthand.de\\\/truck\\\/artikel\\\/prometeon-praesentiert-sich-erstmals-auf-der-transport-logistik-36024\\\/\"},\"author\":{\"name\":\"georg.blenk@krafthand-medien.de\",\"@id\":\"https:\\\/\\\/www.krafthand.de\\\/truck\\\/#\\\/schema\\\/person\\\/51fa80b1c57034c4bf63f9f988fc24ce\"},\"headline\":\"Prometeon pr\u00e4sentiert sich erstmals auf der Transport Logistik\",\"datePublished\":\"2023-05-04T13:22:22+00:00\",\"dateModified\":\"2023-05-10T06:42:09+00:00\",\"mainEntityOfPage\":{\"@id\":\"https:\\\/\\\/www.krafthand.de\\\/truck\\\/artikel\\\/prometeon-praesentiert-sich-erstmals-auf-der-transport-logistik-36024\\\/\"},\"wordCount\":439,\"image\":{\"@id\":\"https:\\\/\\\/www.krafthand.de\\\/truck\\\/artikel\\\/prometeon-praesentiert-sich-erstmals-auf-der-transport-logistik-36024\\\/#primaryimage\"},\"thumbnailUrl\":\"https:\\\/\\\/static.krafthand-truck.de\\\/uploads\\\/2023\\\/05\\\/Prometeon_Transport_Logistik_Pirelli_Lkw_Reifen_PROFUEL-STEER-R02.jpg\",\"keywords\":[\"Lkw-Reifen\",\"Pirelli\",\"Prometeon\",\"Transport Logistik\"],\"articleSection\":[\"Rad\\\/Reifen\\\/Bremse\",\"Unternehmen\"],\"inLanguage\":\"de\"},{\"@type\":\"WebPage\",\"@id\":\"https:\\\/\\\/www.krafthand.de\\\/truck\\\/artikel\\\/prometeon-praesentiert-sich-erstmals-auf-der-transport-logistik-36024\\\/\",\"url\":\"https:\\\/\\\/www.krafthand.de\\\/truck\\\/artikel\\\/prometeon-praesentiert-sich-erstmals-auf-der-transport-logistik-36024\\\/\",\"name\":\"Prometeon pr\u00e4sentiert sich erstmals auf der Transport Logistik - Krafthand-Truck\",\"isPartOf\":{\"@id\":\"https:\\\/\\\/www.krafthand.de\\\/truck\\\/#website\"},\"primaryImageOfPage\":{\"@id\":\"https:\\\/\\\/www.krafthand.de\\\/truck\\\/artikel\\\/prometeon-praesentiert-sich-erstmals-auf-der-transport-logistik-36024\\\/#primaryimage\"},\"image\":{\"@id\":\"https:\\\/\\\/www.krafthand.de\\\/truck\\\/artikel\\\/prometeon-praesentiert-sich-erstmals-auf-der-transport-logistik-36024\\\/#primaryimage\"},\"thumbnailUrl\":\"https:\\\/\\\/static.krafthand-truck.de\\\/uploads\\\/2023\\\/05\\\/Prometeon_Transport_Logistik_Pirelli_Lkw_Reifen_PROFUEL-STEER-R02.jpg\",\"datePublished\":\"2023-05-04T13:22:22+00:00\",\"dateModified\":\"2023-05-10T06:42:09+00:00\",\"author\":{\"@id\":\"https:\\\/\\\/www.krafthand.de\\\/truck\\\/#\\\/schema\\\/person\\\/51fa80b1c57034c4bf63f9f988fc24ce\"},\"description\":\"Prometeon feiert auf der Fachmesse Transport Logistic Premiere. Die Gruppe pr\u00e4sentiert das umfangreiche Produkt- und Dienstleistungsangebot.\u00a0\",\"breadcrumb\":{\"@id\":\"https:\\\/\\\/www.krafthand.de\\\/truck\\\/artikel\\\/prometeon-praesentiert-sich-erstmals-auf-der-transport-logistik-36024\\\/#breadcrumb\"},\"inLanguage\":\"de\",\"potentialAction\":[{\"@type\":\"ReadAction\",\"target\":[\"https:\\\/\\\/www.krafthand.de\\\/truck\\\/artikel\\\/prometeon-praesentiert-sich-erstmals-auf-der-transport-logistik-36024\\\/\"]}]},{\"@type\":\"ImageObject\",\"inLanguage\":\"de\",\"@id\":\"https:\\\/\\\/www.krafthand.de\\\/truck\\\/artikel\\\/prometeon-praesentiert-sich-erstmals-auf-der-transport-logistik-36024\\\/#primaryimage\",\"url\":\"https:\\\/\\\/static.krafthand-truck.de\\\/uploads\\\/2023\\\/05\\\/Prometeon_Transport_Logistik_Pirelli_Lkw_Reifen_PROFUEL-STEER-R02.jpg\",\"contentUrl\":\"https:\\\/\\\/static.krafthand-truck.de\\\/uploads\\\/2023\\\/05\\\/Prometeon_Transport_Logistik_Pirelli_Lkw_Reifen_PROFUEL-STEER-R02.jpg\",\"width\":1200,\"height\":723},{\"@type\":\"BreadcrumbList\",\"@id\":\"https:\\\/\\\/www.krafthand.de\\\/truck\\\/artikel\\\/prometeon-praesentiert-sich-erstmals-auf-der-transport-logistik-36024\\\/#breadcrumb\",\"itemListElement\":[{\"@type\":\"ListItem\",\"position\":1,\"name\":\"Krafthand-Truck\",\"item\":\"https:\\\/\\\/www.krafthand.de\\\/truck\\\/\"},{\"@type\":\"ListItem\",\"position\":2,\"name\":\"Nfz-Technik\",\"item\":\"https:\\\/\\\/www.krafthand.de\\\/truck\\\/kategorie\\\/nfz-technik\\\/\"},{\"@type\":\"ListItem\",\"position\":3,\"name\":\"Rad\\\/Reifen\\\/Bremse\",\"item\":\"https:\\\/\\\/www.krafthand.de\\\/truck\\\/kategorie\\\/nfz-technik\\\/rad-reifen-bremse\\\/\"},{\"@type\":\"ListItem\",\"position\":4,\"name\":\"Prometeon pr\u00e4sentiert sich erstmals auf der Transport Logistik\"}]},{\"@type\":\"WebSite\",\"@id\":\"https:\\\/\\\/www.krafthand.de\\\/truck\\\/#website\",\"url\":\"https:\\\/\\\/www.krafthand.de\\\/truck\\\/\",\"name\":\"Krafthand-Truck\",\"description\":\"\",\"potentialAction\":[{\"@type\":\"SearchAction\",\"target\":{\"@type\":\"EntryPoint\",\"urlTemplate\":\"https:\\\/\\\/www.krafthand.de\\\/truck\\\/?s={search_term_string}\"},\"query-input\":{\"@type\":\"PropertyValueSpecification\",\"valueRequired\":true,\"valueName\":\"search_term_string\"}}],\"inLanguage\":\"de\"},{\"@type\":\"Person\",\"@id\":\"https:\\\/\\\/www.krafthand.de\\\/truck\\\/#\\\/schema\\\/person\\\/51fa80b1c57034c4bf63f9f988fc24ce\",\"name\":\"georg.blenk@krafthand-medien.de\",\"image\":{\"@type\":\"ImageObject\",\"inLanguage\":\"de\",\"@id\":\"https:\\\/\\\/secure.gravatar.com\\\/avatar\\\/93713c30affe0aa95d3a4130e499bb1abee2eb31adbdd9ce2aa1543538490215?s=96&d=mm&r=g\",\"url\":\"https:\\\/\\\/secure.gravatar.com\\\/avatar\\\/93713c30affe0aa95d3a4130e499bb1abee2eb31adbdd9ce2aa1543538490215?s=96&d=mm&r=g\",\"contentUrl\":\"https:\\\/\\\/secure.gravatar.com\\\/avatar\\\/93713c30affe0aa95d3a4130e499bb1abee2eb31adbdd9ce2aa1543538490215?s=96&d=mm&r=g\",\"caption\":\"georg.blenk@krafthand-medien.de\"}}]}<\/script>\n<!-- \/ Yoast SEO plugin. -->","yoast_head_json":{"title":"Prometeon pr\u00e4sentiert sich erstmals auf der Transport Logistik - Krafthand-Truck","description":"Prometeon feiert auf der Fachmesse Transport Logistic Premiere. Die Gruppe pr\u00e4sentiert das umfangreiche Produkt- und Dienstleistungsangebot.\u00a0","robots":{"index":"index","follow":"follow","max-snippet":"max-snippet:-1","max-image-preview":"max-image-preview:large","max-video-preview":"max-video-preview:-1"},"canonical":"https:\/\/www.krafthand.de\/truck\/artikel\/prometeon-praesentiert-sich-erstmals-auf-der-transport-logistik-36024\/","og_locale":"de_DE","og_type":"article","og_title":"Prometeon pr\u00e4sentiert sich erstmals auf der Transport Logistik - Krafthand-Truck","og_description":"Prometeon feiert auf der Fachmesse Transport Logistic Premiere. Die Gruppe pr\u00e4sentiert das umfangreiche Produkt- und Dienstleistungsangebot.\u00a0","og_url":"https:\/\/www.krafthand-truck.de\/artikel\/prometeon-praesentiert-sich-erstmals-auf-der-transport-logistik-36024\/","og_site_name":"Krafthand-Truck","article_published_time":"2023-05-04T13:22:22+00:00","article_modified_time":"2023-05-10T06:42:09+00:00","og_image":[{"width":1200,"height":723,"url":"https:\/\/static.krafthand-truck.de\/uploads\/2023\/05\/Prometeon_Transport_Logistik_Pirelli_Lkw_Reifen_PROFUEL-STEER-R02.jpg","type":"image\/jpeg"}],"author":"georg.blenk@krafthand-medien.de","twitter_card":"summary_large_image","twitter_misc":{"Verfasst von":"georg.blenk@krafthand-medien.de","Gesch\u00e4tzte Lesezeit":"3\u00a0Minuten"},"schema":{"@context":"https:\/\/schema.org","@graph":[{"@type":"Article","@id":"https:\/\/www.krafthand.de\/truck\/artikel\/prometeon-praesentiert-sich-erstmals-auf-der-transport-logistik-36024\/#article","isPartOf":{"@id":"https:\/\/www.krafthand.de\/truck\/artikel\/prometeon-praesentiert-sich-erstmals-auf-der-transport-logistik-36024\/"},"author":{"name":"georg.blenk@krafthand-medien.de","@id":"https:\/\/www.krafthand.de\/truck\/#\/schema\/person\/51fa80b1c57034c4bf63f9f988fc24ce"},"headline":"Prometeon pr\u00e4sentiert sich erstmals auf der Transport Logistik","datePublished":"2023-05-04T13:22:22+00:00","dateModified":"2023-05-10T06:42:09+00:00","mainEntityOfPage":{"@id":"https:\/\/www.krafthand.de\/truck\/artikel\/prometeon-praesentiert-sich-erstmals-auf-der-transport-logistik-36024\/"},"wordCount":439,"image":{"@id":"https:\/\/www.krafthand.de\/truck\/artikel\/prometeon-praesentiert-sich-erstmals-auf-der-transport-logistik-36024\/#primaryimage"},"thumbnailUrl":"https:\/\/static.krafthand-truck.de\/uploads\/2023\/05\/Prometeon_Transport_Logistik_Pirelli_Lkw_Reifen_PROFUEL-STEER-R02.jpg","keywords":["Lkw-Reifen","Pirelli","Prometeon","Transport Logistik"],"articleSection":["Rad\/Reifen\/Bremse","Unternehmen"],"inLanguage":"de"},{"@type":"WebPage","@id":"https:\/\/www.krafthand.de\/truck\/artikel\/prometeon-praesentiert-sich-erstmals-auf-der-transport-logistik-36024\/","url":"https:\/\/www.krafthand.de\/truck\/artikel\/prometeon-praesentiert-sich-erstmals-auf-der-transport-logistik-36024\/","name":"Prometeon pr\u00e4sentiert sich erstmals auf der Transport Logistik - Krafthand-Truck","isPartOf":{"@id":"https:\/\/www.krafthand.de\/truck\/#website"},"primaryImageOfPage":{"@id":"https:\/\/www.krafthand.de\/truck\/artikel\/prometeon-praesentiert-sich-erstmals-auf-der-transport-logistik-36024\/#primaryimage"},"image":{"@id":"https:\/\/www.krafthand.de\/truck\/artikel\/prometeon-praesentiert-sich-erstmals-auf-der-transport-logistik-36024\/#primaryimage"},"thumbnailUrl":"https:\/\/static.krafthand-truck.de\/uploads\/2023\/05\/Prometeon_Transport_Logistik_Pirelli_Lkw_Reifen_PROFUEL-STEER-R02.jpg","datePublished":"2023-05-04T13:22:22+00:00","dateModified":"2023-05-10T06:42:09+00:00","author":{"@id":"https:\/\/www.krafthand.de\/truck\/#\/schema\/person\/51fa80b1c57034c4bf63f9f988fc24ce"},"description":"Prometeon feiert auf der Fachmesse Transport Logistic Premiere. Die Gruppe pr\u00e4sentiert das umfangreiche Produkt- und Dienstleistungsangebot.\u00a0","breadcrumb":{"@id":"https:\/\/www.krafthand.de\/truck\/artikel\/prometeon-praesentiert-sich-erstmals-auf-der-transport-logistik-36024\/#breadcrumb"},"inLanguage":"de","potentialAction":[{"@type":"ReadAction","target":["https:\/\/www.krafthand.de\/truck\/artikel\/prometeon-praesentiert-sich-erstmals-auf-der-transport-logistik-36024\/"]}]},{"@type":"ImageObject","inLanguage":"de","@id":"https:\/\/www.krafthand.de\/truck\/artikel\/prometeon-praesentiert-sich-erstmals-auf-der-transport-logistik-36024\/#primaryimage","url":"https:\/\/static.krafthand-truck.de\/uploads\/2023\/05\/Prometeon_Transport_Logistik_Pirelli_Lkw_Reifen_PROFUEL-STEER-R02.jpg","contentUrl":"https:\/\/static.krafthand-truck.de\/uploads\/2023\/05\/Prometeon_Transport_Logistik_Pirelli_Lkw_Reifen_PROFUEL-STEER-R02.jpg","width":1200,"height":723},{"@type":"BreadcrumbList","@id":"https:\/\/www.krafthand.de\/truck\/artikel\/prometeon-praesentiert-sich-erstmals-auf-der-transport-logistik-36024\/#breadcrumb","itemListElement":[{"@type":"ListItem","position":1,"name":"Krafthand-Truck","item":"https:\/\/www.krafthand.de\/truck\/"},{"@type":"ListItem","position":2,"name":"Nfz-Technik","item":"https:\/\/www.krafthand.de\/truck\/kategorie\/nfz-technik\/"},{"@type":"ListItem","position":3,"name":"Rad\/Reifen\/Bremse","item":"https:\/\/www.krafthand.de\/truck\/kategorie\/nfz-technik\/rad-reifen-bremse\/"},{"@type":"ListItem","position":4,"name":"Prometeon pr\u00e4sentiert sich erstmals auf der Transport Logistik"}]},{"@type":"WebSite","@id":"https:\/\/www.krafthand.de\/truck\/#website","url":"https:\/\/www.krafthand.de\/truck\/","name":"Krafthand-Truck","description":"","potentialAction":[{"@type":"SearchAction","target":{"@type":"EntryPoint","urlTemplate":"https:\/\/www.krafthand.de\/truck\/?s={search_term_string}"},"query-input":{"@type":"PropertyValueSpecification","valueRequired":true,"valueName":"search_term_string"}}],"inLanguage":"de"},{"@type":"Person","@id":"https:\/\/www.krafthand.de\/truck\/#\/schema\/person\/51fa80b1c57034c4bf63f9f988fc24ce","name":"georg.blenk@krafthand-medien.de","image":{"@type":"ImageObject","inLanguage":"de","@id":"https:\/\/secure.gravatar.com\/avatar\/93713c30affe0aa95d3a4130e499bb1abee2eb31adbdd9ce2aa1543538490215?s=96&d=mm&r=g","url":"https:\/\/secure.gravatar.com\/avatar\/93713c30affe0aa95d3a4130e499bb1abee2eb31adbdd9ce2aa1543538490215?s=96&d=mm&r=g","contentUrl":"https:\/\/secure.gravatar.com\/avatar\/93713c30affe0aa95d3a4130e499bb1abee2eb31adbdd9ce2aa1543538490215?s=96&d=mm&r=g","caption":"georg.blenk@krafthand-medien.de"}}]}},"_links":{"self":[{"href":"https:\/\/www.krafthand.de\/truck\/wp-json\/wp\/v2\/posts\/36024","targetHints":{"allow":["GET"]}}],"collection":[{"href":"https:\/\/www.krafthand.de\/truck\/wp-json\/wp\/v2\/posts"}],"about":[{"href":"https:\/\/www.krafthand.de\/truck\/wp-json\/wp\/v2\/types\/post"}],"author":[{"embeddable":true,"href":"https:\/\/www.krafthand.de\/truck\/wp-json\/wp\/v2\/users\/9"}],"replies":[{"embeddable":true,"href":"https:\/\/www.krafthand.de\/truck\/wp-json\/wp\/v2\/comments?post=36024"}],"version-history":[{"count":15,"href":"https:\/\/www.krafthand.de\/truck\/wp-json\/wp\/v2\/posts\/36024\/revisions"}],"predecessor-version":[{"id":36041,"href":"https:\/\/www.krafthand.de\/truck\/wp-json\/wp\/v2\/posts\/36024\/revisions\/36041"}],"wp:featuredmedia":[{"embeddable":true,"href":"https:\/\/www.krafthand.de\/truck\/wp-json\/wp\/v2\/media\/36029"}],"wp:attachment":[{"href":"https:\/\/www.krafthand.de\/truck\/wp-json\/wp\/v2\/media?parent=36024"}],"wp:term":[{"taxonomy":"category","embeddable":true,"href":"https:\/\/www.krafthand.de\/truck\/wp-json\/wp\/v2\/categories?post=36024"},{"taxonomy":"post_tag","embeddable":true,"href":"https:\/\/www.krafthand.de\/truck\/wp-json\/wp\/v2\/tags?post=36024"},{"taxonomy":"settings","embeddable":true,"href":"https:\/\/www.krafthand.de\/truck\/wp-json\/wp\/v2\/settings?post=36024"}],"curies":[{"name":"wp","href":"https:\/\/api.w.org\/{rel}","templated":true}]}}