{"id":36013,"date":"2023-05-03T15:15:09","date_gmt":"2023-05-03T13:15:09","guid":{"rendered":"https:\/\/www.krafthand.de\/truck\/?p=36013"},"modified":"2023-05-03T15:15:09","modified_gmt":"2023-05-03T13:15:09","slug":"nfz-techniker-andreas-schuck-qualifiziert-sich-fuer-die-euroskills-2023-in-danzig","status":"publish","type":"post","link":"https:\/\/www.krafthand.de\/truck\/artikel\/nfz-techniker-andreas-schuck-qualifiziert-sich-fuer-die-euroskills-2023-in-danzig-36013\/","title":{"rendered":"Nfz-Techniker Andreas Schuck qualifiziert sich f\u00fcr die EuroSkills 2023 in Danzig"},"content":{"rendered":"<p>In bayerischen T\u00fcrkheim ging es um die ganz gro\u00dfen Fahrzeuge: Am 29. und 30. April kamen bei der <a href=\"https:\/\/www.toni-maurer.de\" target=\"_blank\" rel=\"noopener\">Toni Maurer GmbH &amp; Co KG<\/a> die aktuell besten Kfz-Mechatroniker*innen f\u00fcr Nutzfahrzeuge zum finalen Auswahlwettbewerb f\u00fcr die <a href=\"https:\/\/www.worldskillsgermany.com\/de\/verein\/\" target=\"_blank\" rel=\"noopener\">EuroSkills<\/a> Danzig 2023 (5.-9. September), der Europameisterschaft der Berufe, zusammen.<\/p>\n<p>Andreas Schuck (21), angestellt bei der Daimler Truck AG in W\u00fcrzburg, setzte sich gegen seinen Konkurrenten Philip Klein (24), vom <a href=\"https:\/\/btz-moeckern.de\" target=\"_blank\" rel=\"noopener\">Bildungszentrum Kfz-Gewerbe Sachsen Anhalt<\/a> durch und vertritt Deutschland bei der diesj\u00e4hrigen Europameisterschaft in Polen in der Disziplin Nutzfahrzeugtechnik.<\/p>\n<h3>Drei anspruchsvolle Aufgaben<\/h3>\n<figure id=\"attachment_36018\" aria-describedby=\"caption-attachment-36018\" style=\"width: 280px\" class=\"wp-caption alignleft\"><a href=\"https:\/\/static.krafthand-truck.de\/uploads\/2023\/05\/Worldskillsgermany2023_Andreas_Schuck.jpg\" target=\"_blank\" rel=\"noopener\"><img fetchpriority=\"high\" decoding=\"async\" class=\"wp-image-36018\" src=\"https:\/\/static.krafthand-truck.de\/uploads\/2023\/05\/Worldskillsgermany2023_Andreas_Schuck-200x300.jpg\" alt=\"\" width=\"280\" height=\"420\" srcset=\"https:\/\/static.krafthand-truck.de\/uploads\/2023\/05\/Worldskillsgermany2023_Andreas_Schuck-200x300.jpg 200w, https:\/\/static.krafthand-truck.de\/uploads\/2023\/05\/Worldskillsgermany2023_Andreas_Schuck-683x1024.jpg 683w, https:\/\/static.krafthand-truck.de\/uploads\/2023\/05\/Worldskillsgermany2023_Andreas_Schuck-768x1152.jpg 768w, https:\/\/static.krafthand-truck.de\/uploads\/2023\/05\/Worldskillsgermany2023_Andreas_Schuck.jpg 800w\" sizes=\"(max-width: 280px) 100vw, 280px\" \/><\/a><figcaption id=\"caption-attachment-36018\" class=\"wp-caption-text\">Gewinner Andreas Schuck.<\/figcaption><\/figure>\n<p>Die Teilnehmenden stellten sich an den zwei Wettbewerbstagen drei anspruchsvollen Aufgaben. Aufgabe eins umfasste eine Motordiagnose. Dabei lagen verschiedene Fehler im Bereich des Motors vor, sodass sich das Fahrzeug nicht starten lie\u00df. Diese Fehler mussten nacheinander gefunden werden. Die zweite Aufgabe betraf die Komfortelektronik, Beleuchtung und Pneumatik. Probleme am Scheibenwischer, der Fahrerhauskippvorrichtung, Beleuchtung und dem Fahrersitz mussten diagnostiziert und behoben werden.<br \/>\nDie letzte Aufgabe betraf die Motor- und Bremsmechanik. Hierbei sollte ein Kolben und eine Laufbuchse vermessen sowie eine Bremse zerlegt und Fehler festgestellt werden. Genau hier lag die Schwierigkeit des Auswahlwettbewerbs.<\/p>\n<blockquote><p><em>\u201cDie Motormechanik kommt im heutigen Werkstattalltag wenig vor und kann dadurch von den Teilnehmern nicht aus dem Effeff beherrscht werden. Das kann man aber trainieren\u201d<\/em>, so Bundestrainer Thomas Holzmann.<\/p><\/blockquote>\n<p>Holzmann zeigte sich dennoch beeindruckt vom K\u00f6nnen der jungen Fachkr\u00e4fte: <em>\u201cDie Teilnehmer haben sich sehr gut geschlagen. Die Aufgaben hatten EuroSkills-Niveau. Dies hat die Teilnehmer aber nicht daran gehindert, die Probleme erfolgreich zu bearbeiten.\u201d<\/em><\/p>\n<p>Der 21-J\u00e4hrige Gewinner freut sich auf seine Teilnahme an der EM der Beruf 2023. Bis dahin bereitet er sich mit seinem Trainer Thomas Holzmann auf seinen ersten internationalen Wettbewerb vor. <em>\u201cMeine t\u00e4gliche Arbeit in der Werkstatt ist das beste Training. Zus\u00e4tzlich werden wir einen Trainingsplan ausarbeiten, um f\u00fcr Danzig gut gewappnet zu sein.\u201d<\/em><\/p>\n","protected":false},"excerpt":{"rendered":"<p>In bayerischen T\u00fcrkheim ging es um die ganz gro\u00dfen Fahrzeuge: Am 29. und 30. April kamen bei der Toni Maurer GmbH &#038; Co KG die aktuell besten Kfz-Mechatroniker*innen f\u00fcr Nutzfahrzeuge zum finalen Auswahlwettbewerb f\u00fcr die EuroSkills Danzig 2023 (5.-9. September), der Europameisterschaft der Berufe, zusammen. Am Ende gewann Andreas Schuck. <span class=\"excerpt-more__dots\">&#8230;<\/span> <a class=\"excerpt-more__link\" href=\"https:\/\/www.krafthand.de\/truck\/artikel\/nfz-techniker-andreas-schuck-qualifiziert-sich-fuer-die-euroskills-2023-in-danzig-36013\/\" >weiter<\/a><\/p>\n","protected":false},"author":9,"featured_media":36017,"comment_status":"closed","ping_status":"closed","sticky":false,"template":"","format":"standard","meta":{"footnotes":""},"categories":[4238,4324],"tags":[5609,1014,5607,5445,3630,5608],"settings":[4766,3523],"class_list":["post-36013","post","type-post","status-publish","format-standard","has-post-thumbnail","hentry","category-koepfe","category-schulungen-bildung","tag-andreas-schuck","tag-ausbildung","tag-euroskills","tag-nfz-mechatroniker","tag-weiterbildung","tag-worldskills"],"yoast_head":"<!-- This site is optimized with the Yoast SEO plugin v27.3 - https:\/\/yoast.com\/product\/yoast-seo-wordpress\/ -->\n<title>Nfz-Techniker Andreas Schuck qualifiziert sich f\u00fcr die EuroSkills 2023 in Danzig - Krafthand-Truck<\/title>\n<meta name=\"description\" content=\"Bei der Toni Maurer GmbH kamen die aktuell besten Kfz-Mechatroniker*innen f\u00fcr Nfz zum Auswahlwettbewerb f\u00fcr die EuroSkills 2023 zusammen.\" \/>\n<meta name=\"robots\" content=\"index, follow, max-snippet:-1, max-image-preview:large, max-video-preview:-1\" \/>\n<link rel=\"canonical\" href=\"https:\/\/www.krafthand.de\/truck\/artikel\/nfz-techniker-andreas-schuck-qualifiziert-sich-fuer-die-euroskills-2023-in-danzig-36013\/\" \/>\n<meta property=\"og:locale\" content=\"de_DE\" \/>\n<meta property=\"og:type\" content=\"article\" \/>\n<meta property=\"og:title\" content=\"Nfz-Techniker Andreas Schuck qualifiziert sich f\u00fcr die EuroSkills 2023 in Danzig - Krafthand-Truck\" \/>\n<meta property=\"og:description\" content=\"Bei der Toni Maurer GmbH kamen die aktuell besten Kfz-Mechatroniker*innen f\u00fcr Nfz zum Auswahlwettbewerb f\u00fcr die EuroSkills 2023 zusammen.\" \/>\n<meta property=\"og:url\" content=\"https:\/\/www.krafthand-truck.de\/artikel\/nfz-techniker-andreas-schuck-qualifiziert-sich-fuer-die-euroskills-2023-in-danzig-36013\/\" \/>\n<meta property=\"og:site_name\" content=\"Krafthand-Truck\" \/>\n<meta property=\"article:published_time\" content=\"2023-05-03T13:15:09+00:00\" \/>\n<meta property=\"og:image\" content=\"https:\/\/static.krafthand-truck.de\/uploads\/2023\/05\/Worldskillsgermany2023_Gruppe_Toni_Maurer_GmbH.jpg\" \/>\n\t<meta property=\"og:image:width\" content=\"1200\" \/>\n\t<meta property=\"og:image:height\" content=\"827\" \/>\n\t<meta property=\"og:image:type\" content=\"image\/jpeg\" \/>\n<meta name=\"author\" content=\"georg.blenk@krafthand-medien.de\" \/>\n<meta name=\"twitter:card\" content=\"summary_large_image\" \/>\n<meta name=\"twitter:label1\" content=\"Verfasst von\" \/>\n\t<meta name=\"twitter:data1\" content=\"georg.blenk@krafthand-medien.de\" \/>\n\t<meta name=\"twitter:label2\" content=\"Gesch\u00e4tzte Lesezeit\" \/>\n\t<meta name=\"twitter:data2\" content=\"2\u00a0Minuten\" \/>\n<script type=\"application\/ld+json\" class=\"yoast-schema-graph\">{\"@context\":\"https:\\\/\\\/schema.org\",\"@graph\":[{\"@type\":\"Article\",\"@id\":\"https:\\\/\\\/www.krafthand.de\\\/truck\\\/artikel\\\/nfz-techniker-andreas-schuck-qualifiziert-sich-fuer-die-euroskills-2023-in-danzig-36013\\\/#article\",\"isPartOf\":{\"@id\":\"https:\\\/\\\/www.krafthand.de\\\/truck\\\/artikel\\\/nfz-techniker-andreas-schuck-qualifiziert-sich-fuer-die-euroskills-2023-in-danzig-36013\\\/\"},\"author\":{\"name\":\"georg.blenk@krafthand-medien.de\",\"@id\":\"https:\\\/\\\/www.krafthand.de\\\/truck\\\/#\\\/schema\\\/person\\\/51fa80b1c57034c4bf63f9f988fc24ce\"},\"headline\":\"Nfz-Techniker Andreas Schuck qualifiziert sich f\u00fcr die EuroSkills 2023 in Danzig\",\"datePublished\":\"2023-05-03T13:15:09+00:00\",\"mainEntityOfPage\":{\"@id\":\"https:\\\/\\\/www.krafthand.de\\\/truck\\\/artikel\\\/nfz-techniker-andreas-schuck-qualifiziert-sich-fuer-die-euroskills-2023-in-danzig-36013\\\/\"},\"wordCount\":322,\"image\":{\"@id\":\"https:\\\/\\\/www.krafthand.de\\\/truck\\\/artikel\\\/nfz-techniker-andreas-schuck-qualifiziert-sich-fuer-die-euroskills-2023-in-danzig-36013\\\/#primaryimage\"},\"thumbnailUrl\":\"https:\\\/\\\/static.krafthand-truck.de\\\/uploads\\\/2023\\\/05\\\/Worldskillsgermany2023_Gruppe_Toni_Maurer_GmbH.jpg\",\"keywords\":[\"Andreas Schuck\",\"Ausbildung\",\"Euroskills\",\"Nfz-Mechatroniker\",\"Weiterbildung\",\"Worldskills\"],\"articleSection\":[\"K\u00f6pfe\\\/Personen\",\"Schulungen\\\/Bildung\"],\"inLanguage\":\"de\"},{\"@type\":\"WebPage\",\"@id\":\"https:\\\/\\\/www.krafthand.de\\\/truck\\\/artikel\\\/nfz-techniker-andreas-schuck-qualifiziert-sich-fuer-die-euroskills-2023-in-danzig-36013\\\/\",\"url\":\"https:\\\/\\\/www.krafthand.de\\\/truck\\\/artikel\\\/nfz-techniker-andreas-schuck-qualifiziert-sich-fuer-die-euroskills-2023-in-danzig-36013\\\/\",\"name\":\"Nfz-Techniker Andreas Schuck qualifiziert sich f\u00fcr die EuroSkills 2023 in Danzig - Krafthand-Truck\",\"isPartOf\":{\"@id\":\"https:\\\/\\\/www.krafthand.de\\\/truck\\\/#website\"},\"primaryImageOfPage\":{\"@id\":\"https:\\\/\\\/www.krafthand.de\\\/truck\\\/artikel\\\/nfz-techniker-andreas-schuck-qualifiziert-sich-fuer-die-euroskills-2023-in-danzig-36013\\\/#primaryimage\"},\"image\":{\"@id\":\"https:\\\/\\\/www.krafthand.de\\\/truck\\\/artikel\\\/nfz-techniker-andreas-schuck-qualifiziert-sich-fuer-die-euroskills-2023-in-danzig-36013\\\/#primaryimage\"},\"thumbnailUrl\":\"https:\\\/\\\/static.krafthand-truck.de\\\/uploads\\\/2023\\\/05\\\/Worldskillsgermany2023_Gruppe_Toni_Maurer_GmbH.jpg\",\"datePublished\":\"2023-05-03T13:15:09+00:00\",\"author\":{\"@id\":\"https:\\\/\\\/www.krafthand.de\\\/truck\\\/#\\\/schema\\\/person\\\/51fa80b1c57034c4bf63f9f988fc24ce\"},\"description\":\"Bei der Toni Maurer GmbH kamen die aktuell besten Kfz-Mechatroniker*innen f\u00fcr Nfz zum Auswahlwettbewerb f\u00fcr die EuroSkills 2023 zusammen.\",\"breadcrumb\":{\"@id\":\"https:\\\/\\\/www.krafthand.de\\\/truck\\\/artikel\\\/nfz-techniker-andreas-schuck-qualifiziert-sich-fuer-die-euroskills-2023-in-danzig-36013\\\/#breadcrumb\"},\"inLanguage\":\"de\",\"potentialAction\":[{\"@type\":\"ReadAction\",\"target\":[\"https:\\\/\\\/www.krafthand.de\\\/truck\\\/artikel\\\/nfz-techniker-andreas-schuck-qualifiziert-sich-fuer-die-euroskills-2023-in-danzig-36013\\\/\"]}]},{\"@type\":\"ImageObject\",\"inLanguage\":\"de\",\"@id\":\"https:\\\/\\\/www.krafthand.de\\\/truck\\\/artikel\\\/nfz-techniker-andreas-schuck-qualifiziert-sich-fuer-die-euroskills-2023-in-danzig-36013\\\/#primaryimage\",\"url\":\"https:\\\/\\\/static.krafthand-truck.de\\\/uploads\\\/2023\\\/05\\\/Worldskillsgermany2023_Gruppe_Toni_Maurer_GmbH.jpg\",\"contentUrl\":\"https:\\\/\\\/static.krafthand-truck.de\\\/uploads\\\/2023\\\/05\\\/Worldskillsgermany2023_Gruppe_Toni_Maurer_GmbH.jpg\",\"width\":1200,\"height\":827},{\"@type\":\"BreadcrumbList\",\"@id\":\"https:\\\/\\\/www.krafthand.de\\\/truck\\\/artikel\\\/nfz-techniker-andreas-schuck-qualifiziert-sich-fuer-die-euroskills-2023-in-danzig-36013\\\/#breadcrumb\",\"itemListElement\":[{\"@type\":\"ListItem\",\"position\":1,\"name\":\"Krafthand-Truck\",\"item\":\"https:\\\/\\\/www.krafthand.de\\\/truck\\\/\"},{\"@type\":\"ListItem\",\"position\":2,\"name\":\"Nfz-Branche\",\"item\":\"https:\\\/\\\/www.krafthand.de\\\/truck\\\/kategorie\\\/branche\\\/\"},{\"@type\":\"ListItem\",\"position\":3,\"name\":\"Schulungen\\\/Bildung\",\"item\":\"https:\\\/\\\/www.krafthand.de\\\/truck\\\/kategorie\\\/branche\\\/schulungen-bildung\\\/\"},{\"@type\":\"ListItem\",\"position\":4,\"name\":\"Nfz-Techniker Andreas Schuck qualifiziert sich f\u00fcr die EuroSkills 2023 in Danzig\"}]},{\"@type\":\"WebSite\",\"@id\":\"https:\\\/\\\/www.krafthand.de\\\/truck\\\/#website\",\"url\":\"https:\\\/\\\/www.krafthand.de\\\/truck\\\/\",\"name\":\"Krafthand-Truck\",\"description\":\"\",\"potentialAction\":[{\"@type\":\"SearchAction\",\"target\":{\"@type\":\"EntryPoint\",\"urlTemplate\":\"https:\\\/\\\/www.krafthand.de\\\/truck\\\/?s={search_term_string}\"},\"query-input\":{\"@type\":\"PropertyValueSpecification\",\"valueRequired\":true,\"valueName\":\"search_term_string\"}}],\"inLanguage\":\"de\"},{\"@type\":\"Person\",\"@id\":\"https:\\\/\\\/www.krafthand.de\\\/truck\\\/#\\\/schema\\\/person\\\/51fa80b1c57034c4bf63f9f988fc24ce\",\"name\":\"georg.blenk@krafthand-medien.de\",\"image\":{\"@type\":\"ImageObject\",\"inLanguage\":\"de\",\"@id\":\"https:\\\/\\\/secure.gravatar.com\\\/avatar\\\/93713c30affe0aa95d3a4130e499bb1abee2eb31adbdd9ce2aa1543538490215?s=96&d=mm&r=g\",\"url\":\"https:\\\/\\\/secure.gravatar.com\\\/avatar\\\/93713c30affe0aa95d3a4130e499bb1abee2eb31adbdd9ce2aa1543538490215?s=96&d=mm&r=g\",\"contentUrl\":\"https:\\\/\\\/secure.gravatar.com\\\/avatar\\\/93713c30affe0aa95d3a4130e499bb1abee2eb31adbdd9ce2aa1543538490215?s=96&d=mm&r=g\",\"caption\":\"georg.blenk@krafthand-medien.de\"}}]}<\/script>\n<!-- \/ Yoast SEO plugin. -->","yoast_head_json":{"title":"Nfz-Techniker Andreas Schuck qualifiziert sich f\u00fcr die EuroSkills 2023 in Danzig - Krafthand-Truck","description":"Bei der Toni Maurer GmbH kamen die aktuell besten Kfz-Mechatroniker*innen f\u00fcr Nfz zum Auswahlwettbewerb f\u00fcr die EuroSkills 2023 zusammen.","robots":{"index":"index","follow":"follow","max-snippet":"max-snippet:-1","max-image-preview":"max-image-preview:large","max-video-preview":"max-video-preview:-1"},"canonical":"https:\/\/www.krafthand.de\/truck\/artikel\/nfz-techniker-andreas-schuck-qualifiziert-sich-fuer-die-euroskills-2023-in-danzig-36013\/","og_locale":"de_DE","og_type":"article","og_title":"Nfz-Techniker Andreas Schuck qualifiziert sich f\u00fcr die EuroSkills 2023 in Danzig - Krafthand-Truck","og_description":"Bei der Toni Maurer GmbH kamen die aktuell besten Kfz-Mechatroniker*innen f\u00fcr Nfz zum Auswahlwettbewerb f\u00fcr die EuroSkills 2023 zusammen.","og_url":"https:\/\/www.krafthand-truck.de\/artikel\/nfz-techniker-andreas-schuck-qualifiziert-sich-fuer-die-euroskills-2023-in-danzig-36013\/","og_site_name":"Krafthand-Truck","article_published_time":"2023-05-03T13:15:09+00:00","og_image":[{"width":1200,"height":827,"url":"https:\/\/static.krafthand-truck.de\/uploads\/2023\/05\/Worldskillsgermany2023_Gruppe_Toni_Maurer_GmbH.jpg","type":"image\/jpeg"}],"author":"georg.blenk@krafthand-medien.de","twitter_card":"summary_large_image","twitter_misc":{"Verfasst von":"georg.blenk@krafthand-medien.de","Gesch\u00e4tzte Lesezeit":"2\u00a0Minuten"},"schema":{"@context":"https:\/\/schema.org","@graph":[{"@type":"Article","@id":"https:\/\/www.krafthand.de\/truck\/artikel\/nfz-techniker-andreas-schuck-qualifiziert-sich-fuer-die-euroskills-2023-in-danzig-36013\/#article","isPartOf":{"@id":"https:\/\/www.krafthand.de\/truck\/artikel\/nfz-techniker-andreas-schuck-qualifiziert-sich-fuer-die-euroskills-2023-in-danzig-36013\/"},"author":{"name":"georg.blenk@krafthand-medien.de","@id":"https:\/\/www.krafthand.de\/truck\/#\/schema\/person\/51fa80b1c57034c4bf63f9f988fc24ce"},"headline":"Nfz-Techniker Andreas Schuck qualifiziert sich f\u00fcr die EuroSkills 2023 in Danzig","datePublished":"2023-05-03T13:15:09+00:00","mainEntityOfPage":{"@id":"https:\/\/www.krafthand.de\/truck\/artikel\/nfz-techniker-andreas-schuck-qualifiziert-sich-fuer-die-euroskills-2023-in-danzig-36013\/"},"wordCount":322,"image":{"@id":"https:\/\/www.krafthand.de\/truck\/artikel\/nfz-techniker-andreas-schuck-qualifiziert-sich-fuer-die-euroskills-2023-in-danzig-36013\/#primaryimage"},"thumbnailUrl":"https:\/\/static.krafthand-truck.de\/uploads\/2023\/05\/Worldskillsgermany2023_Gruppe_Toni_Maurer_GmbH.jpg","keywords":["Andreas Schuck","Ausbildung","Euroskills","Nfz-Mechatroniker","Weiterbildung","Worldskills"],"articleSection":["K\u00f6pfe\/Personen","Schulungen\/Bildung"],"inLanguage":"de"},{"@type":"WebPage","@id":"https:\/\/www.krafthand.de\/truck\/artikel\/nfz-techniker-andreas-schuck-qualifiziert-sich-fuer-die-euroskills-2023-in-danzig-36013\/","url":"https:\/\/www.krafthand.de\/truck\/artikel\/nfz-techniker-andreas-schuck-qualifiziert-sich-fuer-die-euroskills-2023-in-danzig-36013\/","name":"Nfz-Techniker Andreas Schuck qualifiziert sich f\u00fcr die EuroSkills 2023 in Danzig - Krafthand-Truck","isPartOf":{"@id":"https:\/\/www.krafthand.de\/truck\/#website"},"primaryImageOfPage":{"@id":"https:\/\/www.krafthand.de\/truck\/artikel\/nfz-techniker-andreas-schuck-qualifiziert-sich-fuer-die-euroskills-2023-in-danzig-36013\/#primaryimage"},"image":{"@id":"https:\/\/www.krafthand.de\/truck\/artikel\/nfz-techniker-andreas-schuck-qualifiziert-sich-fuer-die-euroskills-2023-in-danzig-36013\/#primaryimage"},"thumbnailUrl":"https:\/\/static.krafthand-truck.de\/uploads\/2023\/05\/Worldskillsgermany2023_Gruppe_Toni_Maurer_GmbH.jpg","datePublished":"2023-05-03T13:15:09+00:00","author":{"@id":"https:\/\/www.krafthand.de\/truck\/#\/schema\/person\/51fa80b1c57034c4bf63f9f988fc24ce"},"description":"Bei der Toni Maurer GmbH kamen die aktuell besten Kfz-Mechatroniker*innen f\u00fcr Nfz zum Auswahlwettbewerb f\u00fcr die EuroSkills 2023 zusammen.","breadcrumb":{"@id":"https:\/\/www.krafthand.de\/truck\/artikel\/nfz-techniker-andreas-schuck-qualifiziert-sich-fuer-die-euroskills-2023-in-danzig-36013\/#breadcrumb"},"inLanguage":"de","potentialAction":[{"@type":"ReadAction","target":["https:\/\/www.krafthand.de\/truck\/artikel\/nfz-techniker-andreas-schuck-qualifiziert-sich-fuer-die-euroskills-2023-in-danzig-36013\/"]}]},{"@type":"ImageObject","inLanguage":"de","@id":"https:\/\/www.krafthand.de\/truck\/artikel\/nfz-techniker-andreas-schuck-qualifiziert-sich-fuer-die-euroskills-2023-in-danzig-36013\/#primaryimage","url":"https:\/\/static.krafthand-truck.de\/uploads\/2023\/05\/Worldskillsgermany2023_Gruppe_Toni_Maurer_GmbH.jpg","contentUrl":"https:\/\/static.krafthand-truck.de\/uploads\/2023\/05\/Worldskillsgermany2023_Gruppe_Toni_Maurer_GmbH.jpg","width":1200,"height":827},{"@type":"BreadcrumbList","@id":"https:\/\/www.krafthand.de\/truck\/artikel\/nfz-techniker-andreas-schuck-qualifiziert-sich-fuer-die-euroskills-2023-in-danzig-36013\/#breadcrumb","itemListElement":[{"@type":"ListItem","position":1,"name":"Krafthand-Truck","item":"https:\/\/www.krafthand.de\/truck\/"},{"@type":"ListItem","position":2,"name":"Nfz-Branche","item":"https:\/\/www.krafthand.de\/truck\/kategorie\/branche\/"},{"@type":"ListItem","position":3,"name":"Schulungen\/Bildung","item":"https:\/\/www.krafthand.de\/truck\/kategorie\/branche\/schulungen-bildung\/"},{"@type":"ListItem","position":4,"name":"Nfz-Techniker Andreas Schuck qualifiziert sich f\u00fcr die EuroSkills 2023 in Danzig"}]},{"@type":"WebSite","@id":"https:\/\/www.krafthand.de\/truck\/#website","url":"https:\/\/www.krafthand.de\/truck\/","name":"Krafthand-Truck","description":"","potentialAction":[{"@type":"SearchAction","target":{"@type":"EntryPoint","urlTemplate":"https:\/\/www.krafthand.de\/truck\/?s={search_term_string}"},"query-input":{"@type":"PropertyValueSpecification","valueRequired":true,"valueName":"search_term_string"}}],"inLanguage":"de"},{"@type":"Person","@id":"https:\/\/www.krafthand.de\/truck\/#\/schema\/person\/51fa80b1c57034c4bf63f9f988fc24ce","name":"georg.blenk@krafthand-medien.de","image":{"@type":"ImageObject","inLanguage":"de","@id":"https:\/\/secure.gravatar.com\/avatar\/93713c30affe0aa95d3a4130e499bb1abee2eb31adbdd9ce2aa1543538490215?s=96&d=mm&r=g","url":"https:\/\/secure.gravatar.com\/avatar\/93713c30affe0aa95d3a4130e499bb1abee2eb31adbdd9ce2aa1543538490215?s=96&d=mm&r=g","contentUrl":"https:\/\/secure.gravatar.com\/avatar\/93713c30affe0aa95d3a4130e499bb1abee2eb31adbdd9ce2aa1543538490215?s=96&d=mm&r=g","caption":"georg.blenk@krafthand-medien.de"}}]}},"_links":{"self":[{"href":"https:\/\/www.krafthand.de\/truck\/wp-json\/wp\/v2\/posts\/36013","targetHints":{"allow":["GET"]}}],"collection":[{"href":"https:\/\/www.krafthand.de\/truck\/wp-json\/wp\/v2\/posts"}],"about":[{"href":"https:\/\/www.krafthand.de\/truck\/wp-json\/wp\/v2\/types\/post"}],"author":[{"embeddable":true,"href":"https:\/\/www.krafthand.de\/truck\/wp-json\/wp\/v2\/users\/9"}],"replies":[{"embeddable":true,"href":"https:\/\/www.krafthand.de\/truck\/wp-json\/wp\/v2\/comments?post=36013"}],"version-history":[{"count":8,"href":"https:\/\/www.krafthand.de\/truck\/wp-json\/wp\/v2\/posts\/36013\/revisions"}],"predecessor-version":[{"id":36023,"href":"https:\/\/www.krafthand.de\/truck\/wp-json\/wp\/v2\/posts\/36013\/revisions\/36023"}],"wp:featuredmedia":[{"embeddable":true,"href":"https:\/\/www.krafthand.de\/truck\/wp-json\/wp\/v2\/media\/36017"}],"wp:attachment":[{"href":"https:\/\/www.krafthand.de\/truck\/wp-json\/wp\/v2\/media?parent=36013"}],"wp:term":[{"taxonomy":"category","embeddable":true,"href":"https:\/\/www.krafthand.de\/truck\/wp-json\/wp\/v2\/categories?post=36013"},{"taxonomy":"post_tag","embeddable":true,"href":"https:\/\/www.krafthand.de\/truck\/wp-json\/wp\/v2\/tags?post=36013"},{"taxonomy":"settings","embeddable":true,"href":"https:\/\/www.krafthand.de\/truck\/wp-json\/wp\/v2\/settings?post=36013"}],"curies":[{"name":"wp","href":"https:\/\/api.w.org\/{rel}","templated":true}]}}