{"id":35942,"date":"2023-04-18T07:07:34","date_gmt":"2023-04-18T05:07:34","guid":{"rendered":"https:\/\/www.krafthand.de\/truck\/?p=35942"},"modified":"2023-04-18T07:11:51","modified_gmt":"2023-04-18T05:11:51","slug":"volta-trucks-startet-produktion-des-volta-zero-bei-steyr-automotive","status":"publish","type":"post","link":"https:\/\/www.krafthand.de\/truck\/artikel\/volta-trucks-startet-produktion-des-volta-zero-bei-steyr-automotive-35942\/","title":{"rendered":"Volta Trucks startet Produktion des Volta Zero bei Steyr Automotive"},"content":{"rendered":"<p>Volta Trucks hat den Produktionsstart des vollelektrischen 16-Tonnen-Fahrzeugs Volta Zero bei Steyr Automotive best\u00e4tigt. Steyr Automotive in Steyr (\u00d6sterreich) ist Produktionspartner von Volta Trucks. Bereits 2022 liefen Prototypen zur Designverifizierung und Produktionsvalidierung vom Band. Nun startet die Produktion der kundenspezifischen Serienmodelle.<\/p>\n<p>Die ersten Fahrzeuge sollen im Rahmen des Volta Zero Driving Experience Programm eingesetzt werden. Bei diesen Praxistests wird den Kunden ein Lkw \u00fcber einen l\u00e4ngeren Zeitraum \u00fcberlassen. So k\u00f6nnen Flottenbetreiber erfahren, wie sich der vollelektrische, mittelschwere Volta Zero in ihren Fuhrpark integrieren l\u00e4sst. Nach dem Produktionsstart durchlaufen alle Fahrzeuge strenge und umfassende Tests zur Qualit\u00e4tssicherung. Die ersten von Kunden bestellten Lkw werden voraussichtlich im dritten Quartal 2023 ausgeliefert.<\/p>\n<p>Vergangene Woche begr\u00fc\u00dfte Volta Trucks Leonore Gewessler in der Produktionsst\u00e4tte in Steyr. Vor Ort begutachtete die \u00f6sterreichische Bundesministerin f\u00fcr Klimaschutz, Umwelt, Energie, Mobilit\u00e4t, Innovation und Technologie die letzten Vorbereitungen f\u00fcr den Produktionsstart des vollelektrischen Volta Zero \u2013 ein bedeutender Meilenstein f\u00fcr das Unternehmen.<\/p>\n<blockquote><p>\u201eHier in Steyr werden mit dem Volta Zero ab heute moderne, klimafreundliche E-Lkws gefertigt. Das zeigt: In der E-Mobilit\u00e4t liegen f\u00fcr \u00d6sterreich und Europa enorme Chancen: Mehr Klimaschutz, mehr Lebensqualit\u00e4t in unseren St\u00e4dten und zukunftssichere Arbeitspl\u00e4tze. Ich bin wirklich stolz, dass diese Fertigung in \u00d6sterreich stattfindet. Vielen Dank f\u00fcr den spannenden Einblick in diese beeindruckende Arbeit\u201c, betont Klimaschutzministerin Leonore Gewessler nach ihrem Besuch.<\/p><\/blockquote>\n<h3>100 Jahre Erfahrung in der Produktion von Nfz<\/h3>\n<p>Die Fahrzeuge werden im Auftrag von <a href=\"https:\/\/voltatrucks.com\/de\/\" target=\"_blank\" rel=\"noopener\">Volta Trucks<\/a> bei <a href=\"https:\/\/steyr-automotive.com\" target=\"_blank\" rel=\"noopener\">Steyr Automotive<\/a> produziert. Das \u00f6sterreichische Unternehmen mit \u00fcber 100 Jahren Erfahrung im Nutzfahrzeugbau gewann die breit angelegte Ausschreibung im August 2021. Den Ausschlag gaben die umfangreiche Erfahrung in der Nutzfahrzeugproduktion, die bestehenden Produktionsanlagen und die daraus resultierende schnelle Markteinf\u00fchrung.<br \/>\nSteyr Automotive hat f\u00fcr Volta Trucks eine Kapazit\u00e4t von bis zu 14.000 Fahrzeugen pro Jahr reserviert. Volta Trucks m\u00f6chte das Produktionsvolumen in den kommenden Jahren jedoch erh\u00f6hen, um die maximalen Kapazit\u00e4ten bei Steyr auszusch\u00f6pfen. W\u00e4hrend dieser Zeit wird die Herstellung des Volta Zero potenziell mehr als 700 Arbeitspl\u00e4tze schaffen. Weitere gesch\u00e4tzte 2.000 Arbeitspl\u00e4tze entstehen innerhalb der Lieferkette.<\/p>\n<blockquote><p>Kjell Wal\u00f6en, Mitbegr\u00fcnder und Chief Manufacturing and Logistics Officer von Volta Trucks, sagte: &#8222;Der erste Volta Zero, der hier in Steyr vom Band l\u00e4uft, ist der bedeutendste Meilenstein f\u00fcr unser Unternehmen. Von der Vorstellung eines Konzepts \u00fcber die Konstruktions-, Entwicklungs- und Qualit\u00e4tsphase bis zum Beginn der Serienproduktion dauerte es lediglich 2,5 Jahre. Das ist halb so lange, wie andere Lkw-Hersteller ben\u00f6tigen. Jetzt k\u00f6nnen Kunden unsere Lkw fahren und unsere st\u00e4dtische Umwelt sicherer und nachhaltiger machen. Das branchenf\u00fchrende Tempo von Volta Trucks bei der Markteinf\u00fchrung zeigt, wie qualifiziert und engagiert unsere Fachleute und die unserer Partner sind. Das gesamte Team ist sehr stolz auf diesen Meilenstein.&#8220;<\/p><\/blockquote>\n\r\n\t\t\t\t<div class=\"post-author\">\r\n\t\t\t\t\t<div class=\"khm-cp-author clearfix\">\r\n\t\t\t\t\t\t<div class=\"khm-cp-author__content\">\r\n\t\t\t\t\t\t\t\tKontakt zum Autor:<br \/>\r\n\t\t\t\t\t\t\t\t<strong>Georg Blenk<\/strong>, 08247 \/ 3007-45 |  <a href=\"mailto:georg.blenk@krafthand-medien.de\">georg.blenk@krafthand-medien.de<\/a>\r\n\t\t\t\t\t\t\t<div class=\"khm-cp-author__image\">\r\n\t\t\t\t\t\t<img src=\"https:\/\/static.krafthand-truck.de\/uploads\/2021\/01\/Blenk_6104-250x300-1-removebg-preview.png\" class=\"img-responsive\">\r\n\t\t\t\t\t<\/div>\r\n\t\t\t\t\t\t<\/div>\r\n\t\t\t\t\t<\/div>\r\n\t\t\t\t<\/div>\r\n\t\t\t\t","protected":false},"excerpt":{"rendered":"<p>Volta Trucks hat den Produktionsstart des vollelektrischen 16-Tonnen-Fahrzeugs Volta Zero bei Steyr Automotive best\u00e4tigt. Steyr Automotive in \u00d6sterreich ist Produktionspartner von Volta Trucks. Nun startet die Produktion der kundenspezifischen Serienmodelle. <span class=\"excerpt-more__dots\">&#8230;<\/span> <a class=\"excerpt-more__link\" href=\"https:\/\/www.krafthand.de\/truck\/artikel\/volta-trucks-startet-produktion-des-volta-zero-bei-steyr-automotive-35942\/\" >weiter<\/a><\/p>\n","protected":false},"author":9,"featured_media":35947,"comment_status":"closed","ping_status":"closed","sticky":false,"template":"","format":"standard","meta":{"footnotes":""},"categories":[4915],"tags":[4177,5600,4556,4175,4176],"settings":[3524,3523],"class_list":["post-35942","post","type-post","status-publish","format-standard","has-post-thumbnail","hentry","category-neue-fahrzeuge","tag-e-lkw","tag-graz","tag-steyr","tag-volta-zero","tag-volta-trucks"],"yoast_head":"<!-- This site is optimized with the Yoast SEO plugin v27.3 - https:\/\/yoast.com\/product\/yoast-seo-wordpress\/ -->\n<title>Volta Trucks startet Produktion des Volta Zero bei Steyr Automotive - Krafthand-Truck<\/title>\n<meta name=\"description\" content=\"Volta Trucks hat den Produktionsstart des 16t-Fahrzeugs Volta Zero bei Steyr Automotive best\u00e4tigt. Das Unternehmen ist Produktionspartner von Volta Trucks.\" \/>\n<meta name=\"robots\" content=\"index, follow, max-snippet:-1, max-image-preview:large, max-video-preview:-1\" \/>\n<link rel=\"canonical\" href=\"https:\/\/www.krafthand.de\/truck\/artikel\/volta-trucks-startet-produktion-des-volta-zero-bei-steyr-automotive-35942\/\" \/>\n<meta property=\"og:locale\" content=\"de_DE\" \/>\n<meta property=\"og:type\" content=\"article\" \/>\n<meta property=\"og:title\" content=\"Volta Trucks startet Produktion des Volta Zero bei Steyr Automotive - Krafthand-Truck\" \/>\n<meta property=\"og:description\" content=\"Volta Trucks hat den Produktionsstart des 16t-Fahrzeugs Volta Zero bei Steyr Automotive best\u00e4tigt. Das Unternehmen ist Produktionspartner von Volta Trucks.\" \/>\n<meta property=\"og:url\" content=\"https:\/\/www.krafthand-truck.de\/artikel\/volta-trucks-startet-produktion-des-volta-zero-bei-steyr-automotive-35942\/\" \/>\n<meta property=\"og:site_name\" content=\"Krafthand-Truck\" \/>\n<meta property=\"article:published_time\" content=\"2023-04-18T05:07:34+00:00\" \/>\n<meta property=\"article:modified_time\" content=\"2023-04-18T05:11:51+00:00\" \/>\n<meta property=\"og:image\" content=\"https:\/\/static.krafthand-truck.de\/uploads\/2023\/04\/Volta_Trucks_Produktionsstart_Volta_Zero_Steyr_Graz.jpg\" \/>\n\t<meta property=\"og:image:width\" content=\"1200\" \/>\n\t<meta property=\"og:image:height\" content=\"641\" \/>\n\t<meta property=\"og:image:type\" content=\"image\/jpeg\" \/>\n<meta name=\"author\" content=\"georg.blenk@krafthand-medien.de\" \/>\n<meta name=\"twitter:card\" content=\"summary_large_image\" \/>\n<meta name=\"twitter:label1\" content=\"Verfasst von\" \/>\n\t<meta name=\"twitter:data1\" content=\"georg.blenk@krafthand-medien.de\" \/>\n\t<meta name=\"twitter:label2\" content=\"Gesch\u00e4tzte Lesezeit\" \/>\n\t<meta name=\"twitter:data2\" content=\"3\u00a0Minuten\" \/>\n<script type=\"application\/ld+json\" class=\"yoast-schema-graph\">{\"@context\":\"https:\\\/\\\/schema.org\",\"@graph\":[{\"@type\":\"Article\",\"@id\":\"https:\\\/\\\/www.krafthand.de\\\/truck\\\/artikel\\\/volta-trucks-startet-produktion-des-volta-zero-bei-steyr-automotive-35942\\\/#article\",\"isPartOf\":{\"@id\":\"https:\\\/\\\/www.krafthand.de\\\/truck\\\/artikel\\\/volta-trucks-startet-produktion-des-volta-zero-bei-steyr-automotive-35942\\\/\"},\"author\":{\"name\":\"georg.blenk@krafthand-medien.de\",\"@id\":\"https:\\\/\\\/www.krafthand.de\\\/truck\\\/#\\\/schema\\\/person\\\/51fa80b1c57034c4bf63f9f988fc24ce\"},\"headline\":\"Volta Trucks startet Produktion des Volta Zero bei Steyr Automotive\",\"datePublished\":\"2023-04-18T05:07:34+00:00\",\"dateModified\":\"2023-04-18T05:11:51+00:00\",\"mainEntityOfPage\":{\"@id\":\"https:\\\/\\\/www.krafthand.de\\\/truck\\\/artikel\\\/volta-trucks-startet-produktion-des-volta-zero-bei-steyr-automotive-35942\\\/\"},\"wordCount\":471,\"image\":{\"@id\":\"https:\\\/\\\/www.krafthand.de\\\/truck\\\/artikel\\\/volta-trucks-startet-produktion-des-volta-zero-bei-steyr-automotive-35942\\\/#primaryimage\"},\"thumbnailUrl\":\"https:\\\/\\\/static.krafthand-truck.de\\\/uploads\\\/2023\\\/04\\\/Volta_Trucks_Produktionsstart_Volta_Zero_Steyr_Graz.jpg\",\"keywords\":[\"E-Lkw\",\"Graz\",\"Steyr\",\"Volta Zero\",\"Volta-Trucks\"],\"articleSection\":[\"Neue Fahrzeuge\"],\"inLanguage\":\"de\"},{\"@type\":\"WebPage\",\"@id\":\"https:\\\/\\\/www.krafthand.de\\\/truck\\\/artikel\\\/volta-trucks-startet-produktion-des-volta-zero-bei-steyr-automotive-35942\\\/\",\"url\":\"https:\\\/\\\/www.krafthand.de\\\/truck\\\/artikel\\\/volta-trucks-startet-produktion-des-volta-zero-bei-steyr-automotive-35942\\\/\",\"name\":\"Volta Trucks startet Produktion des Volta Zero bei Steyr Automotive - Krafthand-Truck\",\"isPartOf\":{\"@id\":\"https:\\\/\\\/www.krafthand.de\\\/truck\\\/#website\"},\"primaryImageOfPage\":{\"@id\":\"https:\\\/\\\/www.krafthand.de\\\/truck\\\/artikel\\\/volta-trucks-startet-produktion-des-volta-zero-bei-steyr-automotive-35942\\\/#primaryimage\"},\"image\":{\"@id\":\"https:\\\/\\\/www.krafthand.de\\\/truck\\\/artikel\\\/volta-trucks-startet-produktion-des-volta-zero-bei-steyr-automotive-35942\\\/#primaryimage\"},\"thumbnailUrl\":\"https:\\\/\\\/static.krafthand-truck.de\\\/uploads\\\/2023\\\/04\\\/Volta_Trucks_Produktionsstart_Volta_Zero_Steyr_Graz.jpg\",\"datePublished\":\"2023-04-18T05:07:34+00:00\",\"dateModified\":\"2023-04-18T05:11:51+00:00\",\"author\":{\"@id\":\"https:\\\/\\\/www.krafthand.de\\\/truck\\\/#\\\/schema\\\/person\\\/51fa80b1c57034c4bf63f9f988fc24ce\"},\"description\":\"Volta Trucks hat den Produktionsstart des 16t-Fahrzeugs Volta Zero bei Steyr Automotive best\u00e4tigt. Das Unternehmen ist Produktionspartner von Volta Trucks.\",\"breadcrumb\":{\"@id\":\"https:\\\/\\\/www.krafthand.de\\\/truck\\\/artikel\\\/volta-trucks-startet-produktion-des-volta-zero-bei-steyr-automotive-35942\\\/#breadcrumb\"},\"inLanguage\":\"de\",\"potentialAction\":[{\"@type\":\"ReadAction\",\"target\":[\"https:\\\/\\\/www.krafthand.de\\\/truck\\\/artikel\\\/volta-trucks-startet-produktion-des-volta-zero-bei-steyr-automotive-35942\\\/\"]}]},{\"@type\":\"ImageObject\",\"inLanguage\":\"de\",\"@id\":\"https:\\\/\\\/www.krafthand.de\\\/truck\\\/artikel\\\/volta-trucks-startet-produktion-des-volta-zero-bei-steyr-automotive-35942\\\/#primaryimage\",\"url\":\"https:\\\/\\\/static.krafthand-truck.de\\\/uploads\\\/2023\\\/04\\\/Volta_Trucks_Produktionsstart_Volta_Zero_Steyr_Graz.jpg\",\"contentUrl\":\"https:\\\/\\\/static.krafthand-truck.de\\\/uploads\\\/2023\\\/04\\\/Volta_Trucks_Produktionsstart_Volta_Zero_Steyr_Graz.jpg\",\"width\":1200,\"height\":641},{\"@type\":\"BreadcrumbList\",\"@id\":\"https:\\\/\\\/www.krafthand.de\\\/truck\\\/artikel\\\/volta-trucks-startet-produktion-des-volta-zero-bei-steyr-automotive-35942\\\/#breadcrumb\",\"itemListElement\":[{\"@type\":\"ListItem\",\"position\":1,\"name\":\"Krafthand-Truck\",\"item\":\"https:\\\/\\\/www.krafthand.de\\\/truck\\\/\"},{\"@type\":\"ListItem\",\"position\":2,\"name\":\"IT+Fuhrpark\",\"item\":\"https:\\\/\\\/www.krafthand.de\\\/truck\\\/kategorie\\\/fuhrpark\\\/\"},{\"@type\":\"ListItem\",\"position\":3,\"name\":\"Neue Fahrzeuge\",\"item\":\"https:\\\/\\\/www.krafthand.de\\\/truck\\\/kategorie\\\/fuhrpark\\\/neue-fahrzeuge\\\/\"},{\"@type\":\"ListItem\",\"position\":4,\"name\":\"Volta Trucks startet Produktion des Volta Zero bei Steyr Automotive\"}]},{\"@type\":\"WebSite\",\"@id\":\"https:\\\/\\\/www.krafthand.de\\\/truck\\\/#website\",\"url\":\"https:\\\/\\\/www.krafthand.de\\\/truck\\\/\",\"name\":\"Krafthand-Truck\",\"description\":\"\",\"potentialAction\":[{\"@type\":\"SearchAction\",\"target\":{\"@type\":\"EntryPoint\",\"urlTemplate\":\"https:\\\/\\\/www.krafthand.de\\\/truck\\\/?s={search_term_string}\"},\"query-input\":{\"@type\":\"PropertyValueSpecification\",\"valueRequired\":true,\"valueName\":\"search_term_string\"}}],\"inLanguage\":\"de\"},{\"@type\":\"Person\",\"@id\":\"https:\\\/\\\/www.krafthand.de\\\/truck\\\/#\\\/schema\\\/person\\\/51fa80b1c57034c4bf63f9f988fc24ce\",\"name\":\"georg.blenk@krafthand-medien.de\",\"image\":{\"@type\":\"ImageObject\",\"inLanguage\":\"de\",\"@id\":\"https:\\\/\\\/secure.gravatar.com\\\/avatar\\\/93713c30affe0aa95d3a4130e499bb1abee2eb31adbdd9ce2aa1543538490215?s=96&d=mm&r=g\",\"url\":\"https:\\\/\\\/secure.gravatar.com\\\/avatar\\\/93713c30affe0aa95d3a4130e499bb1abee2eb31adbdd9ce2aa1543538490215?s=96&d=mm&r=g\",\"contentUrl\":\"https:\\\/\\\/secure.gravatar.com\\\/avatar\\\/93713c30affe0aa95d3a4130e499bb1abee2eb31adbdd9ce2aa1543538490215?s=96&d=mm&r=g\",\"caption\":\"georg.blenk@krafthand-medien.de\"}}]}<\/script>\n<!-- \/ Yoast SEO plugin. -->","yoast_head_json":{"title":"Volta Trucks startet Produktion des Volta Zero bei Steyr Automotive - Krafthand-Truck","description":"Volta Trucks hat den Produktionsstart des 16t-Fahrzeugs Volta Zero bei Steyr Automotive best\u00e4tigt. Das Unternehmen ist Produktionspartner von Volta Trucks.","robots":{"index":"index","follow":"follow","max-snippet":"max-snippet:-1","max-image-preview":"max-image-preview:large","max-video-preview":"max-video-preview:-1"},"canonical":"https:\/\/www.krafthand.de\/truck\/artikel\/volta-trucks-startet-produktion-des-volta-zero-bei-steyr-automotive-35942\/","og_locale":"de_DE","og_type":"article","og_title":"Volta Trucks startet Produktion des Volta Zero bei Steyr Automotive - Krafthand-Truck","og_description":"Volta Trucks hat den Produktionsstart des 16t-Fahrzeugs Volta Zero bei Steyr Automotive best\u00e4tigt. Das Unternehmen ist Produktionspartner von Volta Trucks.","og_url":"https:\/\/www.krafthand-truck.de\/artikel\/volta-trucks-startet-produktion-des-volta-zero-bei-steyr-automotive-35942\/","og_site_name":"Krafthand-Truck","article_published_time":"2023-04-18T05:07:34+00:00","article_modified_time":"2023-04-18T05:11:51+00:00","og_image":[{"width":1200,"height":641,"url":"https:\/\/static.krafthand-truck.de\/uploads\/2023\/04\/Volta_Trucks_Produktionsstart_Volta_Zero_Steyr_Graz.jpg","type":"image\/jpeg"}],"author":"georg.blenk@krafthand-medien.de","twitter_card":"summary_large_image","twitter_misc":{"Verfasst von":"georg.blenk@krafthand-medien.de","Gesch\u00e4tzte Lesezeit":"3\u00a0Minuten"},"schema":{"@context":"https:\/\/schema.org","@graph":[{"@type":"Article","@id":"https:\/\/www.krafthand.de\/truck\/artikel\/volta-trucks-startet-produktion-des-volta-zero-bei-steyr-automotive-35942\/#article","isPartOf":{"@id":"https:\/\/www.krafthand.de\/truck\/artikel\/volta-trucks-startet-produktion-des-volta-zero-bei-steyr-automotive-35942\/"},"author":{"name":"georg.blenk@krafthand-medien.de","@id":"https:\/\/www.krafthand.de\/truck\/#\/schema\/person\/51fa80b1c57034c4bf63f9f988fc24ce"},"headline":"Volta Trucks startet Produktion des Volta Zero bei Steyr Automotive","datePublished":"2023-04-18T05:07:34+00:00","dateModified":"2023-04-18T05:11:51+00:00","mainEntityOfPage":{"@id":"https:\/\/www.krafthand.de\/truck\/artikel\/volta-trucks-startet-produktion-des-volta-zero-bei-steyr-automotive-35942\/"},"wordCount":471,"image":{"@id":"https:\/\/www.krafthand.de\/truck\/artikel\/volta-trucks-startet-produktion-des-volta-zero-bei-steyr-automotive-35942\/#primaryimage"},"thumbnailUrl":"https:\/\/static.krafthand-truck.de\/uploads\/2023\/04\/Volta_Trucks_Produktionsstart_Volta_Zero_Steyr_Graz.jpg","keywords":["E-Lkw","Graz","Steyr","Volta Zero","Volta-Trucks"],"articleSection":["Neue Fahrzeuge"],"inLanguage":"de"},{"@type":"WebPage","@id":"https:\/\/www.krafthand.de\/truck\/artikel\/volta-trucks-startet-produktion-des-volta-zero-bei-steyr-automotive-35942\/","url":"https:\/\/www.krafthand.de\/truck\/artikel\/volta-trucks-startet-produktion-des-volta-zero-bei-steyr-automotive-35942\/","name":"Volta Trucks startet Produktion des Volta Zero bei Steyr Automotive - Krafthand-Truck","isPartOf":{"@id":"https:\/\/www.krafthand.de\/truck\/#website"},"primaryImageOfPage":{"@id":"https:\/\/www.krafthand.de\/truck\/artikel\/volta-trucks-startet-produktion-des-volta-zero-bei-steyr-automotive-35942\/#primaryimage"},"image":{"@id":"https:\/\/www.krafthand.de\/truck\/artikel\/volta-trucks-startet-produktion-des-volta-zero-bei-steyr-automotive-35942\/#primaryimage"},"thumbnailUrl":"https:\/\/static.krafthand-truck.de\/uploads\/2023\/04\/Volta_Trucks_Produktionsstart_Volta_Zero_Steyr_Graz.jpg","datePublished":"2023-04-18T05:07:34+00:00","dateModified":"2023-04-18T05:11:51+00:00","author":{"@id":"https:\/\/www.krafthand.de\/truck\/#\/schema\/person\/51fa80b1c57034c4bf63f9f988fc24ce"},"description":"Volta Trucks hat den Produktionsstart des 16t-Fahrzeugs Volta Zero bei Steyr Automotive best\u00e4tigt. Das Unternehmen ist Produktionspartner von Volta Trucks.","breadcrumb":{"@id":"https:\/\/www.krafthand.de\/truck\/artikel\/volta-trucks-startet-produktion-des-volta-zero-bei-steyr-automotive-35942\/#breadcrumb"},"inLanguage":"de","potentialAction":[{"@type":"ReadAction","target":["https:\/\/www.krafthand.de\/truck\/artikel\/volta-trucks-startet-produktion-des-volta-zero-bei-steyr-automotive-35942\/"]}]},{"@type":"ImageObject","inLanguage":"de","@id":"https:\/\/www.krafthand.de\/truck\/artikel\/volta-trucks-startet-produktion-des-volta-zero-bei-steyr-automotive-35942\/#primaryimage","url":"https:\/\/static.krafthand-truck.de\/uploads\/2023\/04\/Volta_Trucks_Produktionsstart_Volta_Zero_Steyr_Graz.jpg","contentUrl":"https:\/\/static.krafthand-truck.de\/uploads\/2023\/04\/Volta_Trucks_Produktionsstart_Volta_Zero_Steyr_Graz.jpg","width":1200,"height":641},{"@type":"BreadcrumbList","@id":"https:\/\/www.krafthand.de\/truck\/artikel\/volta-trucks-startet-produktion-des-volta-zero-bei-steyr-automotive-35942\/#breadcrumb","itemListElement":[{"@type":"ListItem","position":1,"name":"Krafthand-Truck","item":"https:\/\/www.krafthand.de\/truck\/"},{"@type":"ListItem","position":2,"name":"IT+Fuhrpark","item":"https:\/\/www.krafthand.de\/truck\/kategorie\/fuhrpark\/"},{"@type":"ListItem","position":3,"name":"Neue Fahrzeuge","item":"https:\/\/www.krafthand.de\/truck\/kategorie\/fuhrpark\/neue-fahrzeuge\/"},{"@type":"ListItem","position":4,"name":"Volta Trucks startet Produktion des Volta Zero bei Steyr Automotive"}]},{"@type":"WebSite","@id":"https:\/\/www.krafthand.de\/truck\/#website","url":"https:\/\/www.krafthand.de\/truck\/","name":"Krafthand-Truck","description":"","potentialAction":[{"@type":"SearchAction","target":{"@type":"EntryPoint","urlTemplate":"https:\/\/www.krafthand.de\/truck\/?s={search_term_string}"},"query-input":{"@type":"PropertyValueSpecification","valueRequired":true,"valueName":"search_term_string"}}],"inLanguage":"de"},{"@type":"Person","@id":"https:\/\/www.krafthand.de\/truck\/#\/schema\/person\/51fa80b1c57034c4bf63f9f988fc24ce","name":"georg.blenk@krafthand-medien.de","image":{"@type":"ImageObject","inLanguage":"de","@id":"https:\/\/secure.gravatar.com\/avatar\/93713c30affe0aa95d3a4130e499bb1abee2eb31adbdd9ce2aa1543538490215?s=96&d=mm&r=g","url":"https:\/\/secure.gravatar.com\/avatar\/93713c30affe0aa95d3a4130e499bb1abee2eb31adbdd9ce2aa1543538490215?s=96&d=mm&r=g","contentUrl":"https:\/\/secure.gravatar.com\/avatar\/93713c30affe0aa95d3a4130e499bb1abee2eb31adbdd9ce2aa1543538490215?s=96&d=mm&r=g","caption":"georg.blenk@krafthand-medien.de"}}]}},"_links":{"self":[{"href":"https:\/\/www.krafthand.de\/truck\/wp-json\/wp\/v2\/posts\/35942","targetHints":{"allow":["GET"]}}],"collection":[{"href":"https:\/\/www.krafthand.de\/truck\/wp-json\/wp\/v2\/posts"}],"about":[{"href":"https:\/\/www.krafthand.de\/truck\/wp-json\/wp\/v2\/types\/post"}],"author":[{"embeddable":true,"href":"https:\/\/www.krafthand.de\/truck\/wp-json\/wp\/v2\/users\/9"}],"replies":[{"embeddable":true,"href":"https:\/\/www.krafthand.de\/truck\/wp-json\/wp\/v2\/comments?post=35942"}],"version-history":[{"count":7,"href":"https:\/\/www.krafthand.de\/truck\/wp-json\/wp\/v2\/posts\/35942\/revisions"}],"predecessor-version":[{"id":35950,"href":"https:\/\/www.krafthand.de\/truck\/wp-json\/wp\/v2\/posts\/35942\/revisions\/35950"}],"wp:featuredmedia":[{"embeddable":true,"href":"https:\/\/www.krafthand.de\/truck\/wp-json\/wp\/v2\/media\/35947"}],"wp:attachment":[{"href":"https:\/\/www.krafthand.de\/truck\/wp-json\/wp\/v2\/media?parent=35942"}],"wp:term":[{"taxonomy":"category","embeddable":true,"href":"https:\/\/www.krafthand.de\/truck\/wp-json\/wp\/v2\/categories?post=35942"},{"taxonomy":"post_tag","embeddable":true,"href":"https:\/\/www.krafthand.de\/truck\/wp-json\/wp\/v2\/tags?post=35942"},{"taxonomy":"settings","embeddable":true,"href":"https:\/\/www.krafthand.de\/truck\/wp-json\/wp\/v2\/settings?post=35942"}],"curies":[{"name":"wp","href":"https:\/\/api.w.org\/{rel}","templated":true}]}}