{"id":35899,"date":"2023-04-13T12:50:39","date_gmt":"2023-04-13T10:50:39","guid":{"rendered":"https:\/\/www.krafthand.de\/truck\/?p=35899"},"modified":"2023-04-17T10:13:39","modified_gmt":"2023-04-17T08:13:39","slug":"krone-praesentiert-nachhaltigkeitskonzept-auf-der-transport-logistik","status":"publish","type":"post","link":"https:\/\/www.krafthand.de\/truck\/artikel\/krone-praesentiert-nachhaltigkeitskonzept-auf-der-transport-logistik-35899\/","title":{"rendered":"Krone pr\u00e4sentiert Nachhaltigkeitskonzept auf der Transport-Logistik"},"content":{"rendered":"<p>Der Trailerhersteller Krone stellt auf der Fachmesse Transport Logistic 2023 das Nachhaltigkeitskonzept &#8218;Mission Beyond Zero&#8216; in den Mittelpunkt.\u00a0 Mit der neuen Generation von Trailer-Transportl\u00f6sungen m\u00f6chte Krone durch die Kombination der Megatrends Digitalisierung, Automatisierung, Nachhaltigkeit und Elektrifizierung einen elementaren Beitrag f\u00fcr die Zukunft der Transportbranche leisten. Die <a href=\"https:\/\/transportlogistic.de\/de\/\" target=\"_blank\" rel=\"noopener\">Transport Logistic<\/a> findet vom 9. bis zum 12.Mai im Messezentrum M\u00fcnchen statt.<\/p>\n<h3>Der eTrailer<\/h3>\n<figure id=\"attachment_34525\" aria-describedby=\"caption-attachment-34525\" style=\"width: 420px\" class=\"wp-caption alignleft\"><a href=\"https:\/\/static.krafthand-truck.de\/uploads\/2022\/11\/04_2022_004_2.jpg\" target=\"_blank\" rel=\"noopener\"><img fetchpriority=\"high\" decoding=\"async\" class=\"wp-image-34525\" src=\"https:\/\/static.krafthand-truck.de\/uploads\/2022\/11\/04_2022_004_2-300x177.jpg\" alt=\"\" width=\"420\" height=\"247\" srcset=\"https:\/\/static.krafthand-truck.de\/uploads\/2022\/11\/04_2022_004_2-300x177.jpg 300w, https:\/\/static.krafthand-truck.de\/uploads\/2022\/11\/04_2022_004_2-1024x603.jpg 1024w, https:\/\/static.krafthand-truck.de\/uploads\/2022\/11\/04_2022_004_2-768x452.jpg 768w, https:\/\/static.krafthand-truck.de\/uploads\/2022\/11\/04_2022_004_2-1320x777.jpg 1320w, https:\/\/static.krafthand-truck.de\/uploads\/2022\/11\/04_2022_004_2.jpg 1400w\" sizes=\"(max-width: 420px) 100vw, 420px\" \/><\/a><figcaption id=\"caption-attachment-34525\" class=\"wp-caption-text\">Der eTrailer von Trailer Dynamics (im Bild der Krone eCool-Liner, inklusive Celsineo e-Aggregat) auf der IAA Transportation 2022. Bild: Georg Blenk<\/figcaption><\/figure>\n<p>Wie diese Mission im Hinblick auf das Thema Nachhaltigkeit heute schon Realit\u00e4t werden kann, zeigt <a href=\"https:\/\/www.krafthand.de\/truck\/artikel\/wir-transportieren-zukunft-das-familienunternehmen-krone-entwickelte-sich-zum-global-player-30289\/\" target=\"_blank\" rel=\"noopener\">Krone<\/a> anhand des <a href=\"https:\/\/www.krafthand.de\/truck\/artikel\/auflieger-anders-denken-der-etrailer-von-trailer-dynamics-33224\/\" target=\"_blank\" rel=\"noopener\">eTrailers<\/a>, der auf dem <strong>Messestand 201\/302 in der Halle A6<\/strong> ausgestellt ist. Mit dem eTrailer, den Krone gemeinsam mit Trailer Dynamics entwickelt hat, l\u00e4sst sich der Dieselverbrauch und der CO2-Aussto\u00df der Sattelzugmaschine eigenen Angaben zufolge im Durchschnitt um 40 Prozent reduzieren.<\/p>\n<p>Das Kernelement der Technologie ist eine leistungsstarke eAchse. Sie unterst\u00fctzt die Sattelzugmaschine im Antrieb und gewinnt zudem Bremsenergie durch Rekuperation zur\u00fcck. Der Krone eTrailer liefert so gen\u00fcgend Energie f\u00fcr Langstrecken \u00fcber 500 km und kann mit jeder konventionellen Zugmaschine kombiniert werden, so dass sich die CO2-Reduktion direkt im Fuhrpark umsetzen l\u00e4sst. Zur CO2-Reduktion tragen laut Krone auch die intelligente Steuerung sowie die Automatisierung der Abl\u00e4ufe im Antriebsstrang des eTrailers bei.<\/p>\n<p>Hintergr\u00fcnde zum eTrailer und Trailer Dynamics erfahren Sie im <a href=\"https:\/\/www.krafthand.de\/truck\/artikel\/wir-haben-eine-grosse-verantwortung-34523\/\" target=\"_blank\" rel=\"noopener\">Interview mit Jochen M\u00e4hlmann<\/a>, Leiter Konzernstrategie-Nutzfahrzeuge bei der Bernhard Krone Holding sowie Managing Director bei Trailer Dynamics.<\/p>\n<h3>Profi- und Cool-Liner<\/h3>\n<p>Auf dem Messestand stellt <a href=\"https:\/\/www.krone-trailer.com\" target=\"_blank\" rel=\"noopener\">Krone<\/a> zudem zwei bew\u00e4hrte Trailer aus. Zum einen den <strong>Profi Liner 5<\/strong>, ausgestattet mit Krone Achsen sowie Krone Telematics KSC ProPlus Dry, zum anderen den <strong>Cool Liner<\/strong> f\u00fcr temperaturgef\u00fchrte Transporte mit Doppelstock-Ausstattung, <a href=\"https:\/\/www.krafthand.de\/truck\/artikel\/kuehlaggregate-celsineo-servicenetz-und-schulungs-trailer-31376\/\" target=\"_blank\" rel=\"noopener\">Celsineo-Aggregat<\/a> und Krone Telematics ProPlus Cool Dialog.<\/p>\n","protected":false},"excerpt":{"rendered":"<p>Krone stellt auf der Fachmesse Transport Logistic 2023 das Nachhaltigkeitskonzept &#8218;Mission Beyond Zero&#8216; in den Mittelpunkt.\u00a0 Mit der neuen Generation von Trailer-Transportl\u00f6sungen m\u00f6chte der Trailer-Spezialist durch die Kombination der Megatrends Digitalisierung, Automatisierung, Nachhaltigkeit und Elektrifizierung einen Beitrag f\u00fcr die Zukunft der Transportbranche leisten. <span class=\"excerpt-more__dots\">&#8230;<\/span> <a class=\"excerpt-more__link\" href=\"https:\/\/www.krafthand.de\/truck\/artikel\/krone-praesentiert-nachhaltigkeitskonzept-auf-der-transport-logistik-35899\/\" >weiter<\/a><\/p>\n","protected":false},"author":9,"featured_media":35911,"comment_status":"closed","ping_status":"closed","sticky":false,"template":"","format":"standard","meta":{"footnotes":""},"categories":[4914,4236],"tags":[5010,388,5012,5587],"settings":[3523],"class_list":["post-35899","post","type-post","status-publish","format-standard","has-post-thumbnail","hentry","category-trailer-aufbauten","category-veranstaltungen","tag-etrailer","tag-krone","tag-trailer-dynamics","tag-transport-logistik"],"yoast_head":"<!-- This site is optimized with the Yoast SEO plugin v27.3 - https:\/\/yoast.com\/product\/yoast-seo-wordpress\/ -->\n<title>Krone pr\u00e4sentiert Nachhaltigkeitskonzept auf der Transport-Logistik - Krafthand-Truck<\/title>\n<meta name=\"description\" content=\"Krone stellt auf der Transport Logistic 2023 das Konzept &#039;Mission Beyond Zero&#039; in den Mittelpunkt.\u00a0Die Messe findet vom 9.-12. Mai in M\u00fcnchen statt.\" \/>\n<meta name=\"robots\" content=\"index, follow, max-snippet:-1, max-image-preview:large, max-video-preview:-1\" \/>\n<link rel=\"canonical\" href=\"https:\/\/www.krafthand.de\/truck\/artikel\/krone-praesentiert-nachhaltigkeitskonzept-auf-der-transport-logistik-35899\/\" \/>\n<meta property=\"og:locale\" content=\"de_DE\" \/>\n<meta property=\"og:type\" content=\"article\" \/>\n<meta property=\"og:title\" content=\"Krone pr\u00e4sentiert Nachhaltigkeitskonzept auf der Transport-Logistik - Krafthand-Truck\" \/>\n<meta property=\"og:description\" content=\"Krone stellt auf der Transport Logistic 2023 das Konzept &#039;Mission Beyond Zero&#039; in den Mittelpunkt.\u00a0Die Messe findet vom 9.-12. Mai in M\u00fcnchen statt.\" \/>\n<meta property=\"og:url\" content=\"https:\/\/www.krafthand-truck.de\/artikel\/krone-praesentiert-nachhaltigkeitskonzept-auf-der-transport-logistik-35899\/\" \/>\n<meta property=\"og:site_name\" content=\"Krafthand-Truck\" \/>\n<meta property=\"article:published_time\" content=\"2023-04-13T10:50:39+00:00\" \/>\n<meta property=\"article:modified_time\" content=\"2023-04-17T08:13:39+00:00\" \/>\n<meta property=\"og:image\" content=\"https:\/\/static.krafthand-truck.de\/uploads\/2023\/04\/Krone_Transport_Logistic_Muenchen_Mission-Beyond-Zero.jpg\" \/>\n\t<meta property=\"og:image:width\" content=\"1200\" \/>\n\t<meta property=\"og:image:height\" content=\"465\" \/>\n\t<meta property=\"og:image:type\" content=\"image\/jpeg\" \/>\n<meta name=\"author\" content=\"georg.blenk@krafthand-medien.de\" \/>\n<meta name=\"twitter:card\" content=\"summary_large_image\" \/>\n<meta name=\"twitter:label1\" content=\"Verfasst von\" \/>\n\t<meta name=\"twitter:data1\" content=\"georg.blenk@krafthand-medien.de\" \/>\n\t<meta name=\"twitter:label2\" content=\"Gesch\u00e4tzte Lesezeit\" \/>\n\t<meta name=\"twitter:data2\" content=\"2\u00a0Minuten\" \/>\n<script type=\"application\/ld+json\" class=\"yoast-schema-graph\">{\"@context\":\"https:\\\/\\\/schema.org\",\"@graph\":[{\"@type\":\"Article\",\"@id\":\"https:\\\/\\\/www.krafthand.de\\\/truck\\\/artikel\\\/krone-praesentiert-nachhaltigkeitskonzept-auf-der-transport-logistik-35899\\\/#article\",\"isPartOf\":{\"@id\":\"https:\\\/\\\/www.krafthand.de\\\/truck\\\/artikel\\\/krone-praesentiert-nachhaltigkeitskonzept-auf-der-transport-logistik-35899\\\/\"},\"author\":{\"name\":\"georg.blenk@krafthand-medien.de\",\"@id\":\"https:\\\/\\\/www.krafthand.de\\\/truck\\\/#\\\/schema\\\/person\\\/51fa80b1c57034c4bf63f9f988fc24ce\"},\"headline\":\"Krone pr\u00e4sentiert Nachhaltigkeitskonzept auf der Transport-Logistik\",\"datePublished\":\"2023-04-13T10:50:39+00:00\",\"dateModified\":\"2023-04-17T08:13:39+00:00\",\"mainEntityOfPage\":{\"@id\":\"https:\\\/\\\/www.krafthand.de\\\/truck\\\/artikel\\\/krone-praesentiert-nachhaltigkeitskonzept-auf-der-transport-logistik-35899\\\/\"},\"wordCount\":309,\"image\":{\"@id\":\"https:\\\/\\\/www.krafthand.de\\\/truck\\\/artikel\\\/krone-praesentiert-nachhaltigkeitskonzept-auf-der-transport-logistik-35899\\\/#primaryimage\"},\"thumbnailUrl\":\"https:\\\/\\\/static.krafthand-truck.de\\\/uploads\\\/2023\\\/04\\\/Krone_Transport_Logistic_Muenchen_Mission-Beyond-Zero.jpg\",\"keywords\":[\"eTrailer\",\"Krone\",\"Trailer-Dynamics\",\"Transport Logistik\"],\"articleSection\":[\"Trailer\\\/Aufbauten\",\"Veranstaltungen\\\/Messen\"],\"inLanguage\":\"de\"},{\"@type\":\"WebPage\",\"@id\":\"https:\\\/\\\/www.krafthand.de\\\/truck\\\/artikel\\\/krone-praesentiert-nachhaltigkeitskonzept-auf-der-transport-logistik-35899\\\/\",\"url\":\"https:\\\/\\\/www.krafthand.de\\\/truck\\\/artikel\\\/krone-praesentiert-nachhaltigkeitskonzept-auf-der-transport-logistik-35899\\\/\",\"name\":\"Krone pr\u00e4sentiert Nachhaltigkeitskonzept auf der Transport-Logistik - Krafthand-Truck\",\"isPartOf\":{\"@id\":\"https:\\\/\\\/www.krafthand.de\\\/truck\\\/#website\"},\"primaryImageOfPage\":{\"@id\":\"https:\\\/\\\/www.krafthand.de\\\/truck\\\/artikel\\\/krone-praesentiert-nachhaltigkeitskonzept-auf-der-transport-logistik-35899\\\/#primaryimage\"},\"image\":{\"@id\":\"https:\\\/\\\/www.krafthand.de\\\/truck\\\/artikel\\\/krone-praesentiert-nachhaltigkeitskonzept-auf-der-transport-logistik-35899\\\/#primaryimage\"},\"thumbnailUrl\":\"https:\\\/\\\/static.krafthand-truck.de\\\/uploads\\\/2023\\\/04\\\/Krone_Transport_Logistic_Muenchen_Mission-Beyond-Zero.jpg\",\"datePublished\":\"2023-04-13T10:50:39+00:00\",\"dateModified\":\"2023-04-17T08:13:39+00:00\",\"author\":{\"@id\":\"https:\\\/\\\/www.krafthand.de\\\/truck\\\/#\\\/schema\\\/person\\\/51fa80b1c57034c4bf63f9f988fc24ce\"},\"description\":\"Krone stellt auf der Transport Logistic 2023 das Konzept 'Mission Beyond Zero' in den Mittelpunkt.\u00a0Die Messe findet vom 9.-12. Mai in M\u00fcnchen statt.\",\"breadcrumb\":{\"@id\":\"https:\\\/\\\/www.krafthand.de\\\/truck\\\/artikel\\\/krone-praesentiert-nachhaltigkeitskonzept-auf-der-transport-logistik-35899\\\/#breadcrumb\"},\"inLanguage\":\"de\",\"potentialAction\":[{\"@type\":\"ReadAction\",\"target\":[\"https:\\\/\\\/www.krafthand.de\\\/truck\\\/artikel\\\/krone-praesentiert-nachhaltigkeitskonzept-auf-der-transport-logistik-35899\\\/\"]}]},{\"@type\":\"ImageObject\",\"inLanguage\":\"de\",\"@id\":\"https:\\\/\\\/www.krafthand.de\\\/truck\\\/artikel\\\/krone-praesentiert-nachhaltigkeitskonzept-auf-der-transport-logistik-35899\\\/#primaryimage\",\"url\":\"https:\\\/\\\/static.krafthand-truck.de\\\/uploads\\\/2023\\\/04\\\/Krone_Transport_Logistic_Muenchen_Mission-Beyond-Zero.jpg\",\"contentUrl\":\"https:\\\/\\\/static.krafthand-truck.de\\\/uploads\\\/2023\\\/04\\\/Krone_Transport_Logistic_Muenchen_Mission-Beyond-Zero.jpg\",\"width\":1200,\"height\":465},{\"@type\":\"BreadcrumbList\",\"@id\":\"https:\\\/\\\/www.krafthand.de\\\/truck\\\/artikel\\\/krone-praesentiert-nachhaltigkeitskonzept-auf-der-transport-logistik-35899\\\/#breadcrumb\",\"itemListElement\":[{\"@type\":\"ListItem\",\"position\":1,\"name\":\"Krafthand-Truck\",\"item\":\"https:\\\/\\\/www.krafthand.de\\\/truck\\\/\"},{\"@type\":\"ListItem\",\"position\":2,\"name\":\"Nfz-Branche\",\"item\":\"https:\\\/\\\/www.krafthand.de\\\/truck\\\/kategorie\\\/branche\\\/\"},{\"@type\":\"ListItem\",\"position\":3,\"name\":\"Veranstaltungen\\\/Messen\",\"item\":\"https:\\\/\\\/www.krafthand.de\\\/truck\\\/kategorie\\\/branche\\\/veranstaltungen\\\/\"},{\"@type\":\"ListItem\",\"position\":4,\"name\":\"Krone pr\u00e4sentiert Nachhaltigkeitskonzept auf der Transport-Logistik\"}]},{\"@type\":\"WebSite\",\"@id\":\"https:\\\/\\\/www.krafthand.de\\\/truck\\\/#website\",\"url\":\"https:\\\/\\\/www.krafthand.de\\\/truck\\\/\",\"name\":\"Krafthand-Truck\",\"description\":\"\",\"potentialAction\":[{\"@type\":\"SearchAction\",\"target\":{\"@type\":\"EntryPoint\",\"urlTemplate\":\"https:\\\/\\\/www.krafthand.de\\\/truck\\\/?s={search_term_string}\"},\"query-input\":{\"@type\":\"PropertyValueSpecification\",\"valueRequired\":true,\"valueName\":\"search_term_string\"}}],\"inLanguage\":\"de\"},{\"@type\":\"Person\",\"@id\":\"https:\\\/\\\/www.krafthand.de\\\/truck\\\/#\\\/schema\\\/person\\\/51fa80b1c57034c4bf63f9f988fc24ce\",\"name\":\"georg.blenk@krafthand-medien.de\",\"image\":{\"@type\":\"ImageObject\",\"inLanguage\":\"de\",\"@id\":\"https:\\\/\\\/secure.gravatar.com\\\/avatar\\\/93713c30affe0aa95d3a4130e499bb1abee2eb31adbdd9ce2aa1543538490215?s=96&d=mm&r=g\",\"url\":\"https:\\\/\\\/secure.gravatar.com\\\/avatar\\\/93713c30affe0aa95d3a4130e499bb1abee2eb31adbdd9ce2aa1543538490215?s=96&d=mm&r=g\",\"contentUrl\":\"https:\\\/\\\/secure.gravatar.com\\\/avatar\\\/93713c30affe0aa95d3a4130e499bb1abee2eb31adbdd9ce2aa1543538490215?s=96&d=mm&r=g\",\"caption\":\"georg.blenk@krafthand-medien.de\"}}]}<\/script>\n<!-- \/ Yoast SEO plugin. -->","yoast_head_json":{"title":"Krone pr\u00e4sentiert Nachhaltigkeitskonzept auf der Transport-Logistik - Krafthand-Truck","description":"Krone stellt auf der Transport Logistic 2023 das Konzept 'Mission Beyond Zero' in den Mittelpunkt.\u00a0Die Messe findet vom 9.-12. Mai in M\u00fcnchen statt.","robots":{"index":"index","follow":"follow","max-snippet":"max-snippet:-1","max-image-preview":"max-image-preview:large","max-video-preview":"max-video-preview:-1"},"canonical":"https:\/\/www.krafthand.de\/truck\/artikel\/krone-praesentiert-nachhaltigkeitskonzept-auf-der-transport-logistik-35899\/","og_locale":"de_DE","og_type":"article","og_title":"Krone pr\u00e4sentiert Nachhaltigkeitskonzept auf der Transport-Logistik - Krafthand-Truck","og_description":"Krone stellt auf der Transport Logistic 2023 das Konzept 'Mission Beyond Zero' in den Mittelpunkt.\u00a0Die Messe findet vom 9.-12. Mai in M\u00fcnchen statt.","og_url":"https:\/\/www.krafthand-truck.de\/artikel\/krone-praesentiert-nachhaltigkeitskonzept-auf-der-transport-logistik-35899\/","og_site_name":"Krafthand-Truck","article_published_time":"2023-04-13T10:50:39+00:00","article_modified_time":"2023-04-17T08:13:39+00:00","og_image":[{"width":1200,"height":465,"url":"https:\/\/static.krafthand-truck.de\/uploads\/2023\/04\/Krone_Transport_Logistic_Muenchen_Mission-Beyond-Zero.jpg","type":"image\/jpeg"}],"author":"georg.blenk@krafthand-medien.de","twitter_card":"summary_large_image","twitter_misc":{"Verfasst von":"georg.blenk@krafthand-medien.de","Gesch\u00e4tzte Lesezeit":"2\u00a0Minuten"},"schema":{"@context":"https:\/\/schema.org","@graph":[{"@type":"Article","@id":"https:\/\/www.krafthand.de\/truck\/artikel\/krone-praesentiert-nachhaltigkeitskonzept-auf-der-transport-logistik-35899\/#article","isPartOf":{"@id":"https:\/\/www.krafthand.de\/truck\/artikel\/krone-praesentiert-nachhaltigkeitskonzept-auf-der-transport-logistik-35899\/"},"author":{"name":"georg.blenk@krafthand-medien.de","@id":"https:\/\/www.krafthand.de\/truck\/#\/schema\/person\/51fa80b1c57034c4bf63f9f988fc24ce"},"headline":"Krone pr\u00e4sentiert Nachhaltigkeitskonzept auf der Transport-Logistik","datePublished":"2023-04-13T10:50:39+00:00","dateModified":"2023-04-17T08:13:39+00:00","mainEntityOfPage":{"@id":"https:\/\/www.krafthand.de\/truck\/artikel\/krone-praesentiert-nachhaltigkeitskonzept-auf-der-transport-logistik-35899\/"},"wordCount":309,"image":{"@id":"https:\/\/www.krafthand.de\/truck\/artikel\/krone-praesentiert-nachhaltigkeitskonzept-auf-der-transport-logistik-35899\/#primaryimage"},"thumbnailUrl":"https:\/\/static.krafthand-truck.de\/uploads\/2023\/04\/Krone_Transport_Logistic_Muenchen_Mission-Beyond-Zero.jpg","keywords":["eTrailer","Krone","Trailer-Dynamics","Transport Logistik"],"articleSection":["Trailer\/Aufbauten","Veranstaltungen\/Messen"],"inLanguage":"de"},{"@type":"WebPage","@id":"https:\/\/www.krafthand.de\/truck\/artikel\/krone-praesentiert-nachhaltigkeitskonzept-auf-der-transport-logistik-35899\/","url":"https:\/\/www.krafthand.de\/truck\/artikel\/krone-praesentiert-nachhaltigkeitskonzept-auf-der-transport-logistik-35899\/","name":"Krone pr\u00e4sentiert Nachhaltigkeitskonzept auf der Transport-Logistik - Krafthand-Truck","isPartOf":{"@id":"https:\/\/www.krafthand.de\/truck\/#website"},"primaryImageOfPage":{"@id":"https:\/\/www.krafthand.de\/truck\/artikel\/krone-praesentiert-nachhaltigkeitskonzept-auf-der-transport-logistik-35899\/#primaryimage"},"image":{"@id":"https:\/\/www.krafthand.de\/truck\/artikel\/krone-praesentiert-nachhaltigkeitskonzept-auf-der-transport-logistik-35899\/#primaryimage"},"thumbnailUrl":"https:\/\/static.krafthand-truck.de\/uploads\/2023\/04\/Krone_Transport_Logistic_Muenchen_Mission-Beyond-Zero.jpg","datePublished":"2023-04-13T10:50:39+00:00","dateModified":"2023-04-17T08:13:39+00:00","author":{"@id":"https:\/\/www.krafthand.de\/truck\/#\/schema\/person\/51fa80b1c57034c4bf63f9f988fc24ce"},"description":"Krone stellt auf der Transport Logistic 2023 das Konzept 'Mission Beyond Zero' in den Mittelpunkt.\u00a0Die Messe findet vom 9.-12. Mai in M\u00fcnchen statt.","breadcrumb":{"@id":"https:\/\/www.krafthand.de\/truck\/artikel\/krone-praesentiert-nachhaltigkeitskonzept-auf-der-transport-logistik-35899\/#breadcrumb"},"inLanguage":"de","potentialAction":[{"@type":"ReadAction","target":["https:\/\/www.krafthand.de\/truck\/artikel\/krone-praesentiert-nachhaltigkeitskonzept-auf-der-transport-logistik-35899\/"]}]},{"@type":"ImageObject","inLanguage":"de","@id":"https:\/\/www.krafthand.de\/truck\/artikel\/krone-praesentiert-nachhaltigkeitskonzept-auf-der-transport-logistik-35899\/#primaryimage","url":"https:\/\/static.krafthand-truck.de\/uploads\/2023\/04\/Krone_Transport_Logistic_Muenchen_Mission-Beyond-Zero.jpg","contentUrl":"https:\/\/static.krafthand-truck.de\/uploads\/2023\/04\/Krone_Transport_Logistic_Muenchen_Mission-Beyond-Zero.jpg","width":1200,"height":465},{"@type":"BreadcrumbList","@id":"https:\/\/www.krafthand.de\/truck\/artikel\/krone-praesentiert-nachhaltigkeitskonzept-auf-der-transport-logistik-35899\/#breadcrumb","itemListElement":[{"@type":"ListItem","position":1,"name":"Krafthand-Truck","item":"https:\/\/www.krafthand.de\/truck\/"},{"@type":"ListItem","position":2,"name":"Nfz-Branche","item":"https:\/\/www.krafthand.de\/truck\/kategorie\/branche\/"},{"@type":"ListItem","position":3,"name":"Veranstaltungen\/Messen","item":"https:\/\/www.krafthand.de\/truck\/kategorie\/branche\/veranstaltungen\/"},{"@type":"ListItem","position":4,"name":"Krone pr\u00e4sentiert Nachhaltigkeitskonzept auf der Transport-Logistik"}]},{"@type":"WebSite","@id":"https:\/\/www.krafthand.de\/truck\/#website","url":"https:\/\/www.krafthand.de\/truck\/","name":"Krafthand-Truck","description":"","potentialAction":[{"@type":"SearchAction","target":{"@type":"EntryPoint","urlTemplate":"https:\/\/www.krafthand.de\/truck\/?s={search_term_string}"},"query-input":{"@type":"PropertyValueSpecification","valueRequired":true,"valueName":"search_term_string"}}],"inLanguage":"de"},{"@type":"Person","@id":"https:\/\/www.krafthand.de\/truck\/#\/schema\/person\/51fa80b1c57034c4bf63f9f988fc24ce","name":"georg.blenk@krafthand-medien.de","image":{"@type":"ImageObject","inLanguage":"de","@id":"https:\/\/secure.gravatar.com\/avatar\/93713c30affe0aa95d3a4130e499bb1abee2eb31adbdd9ce2aa1543538490215?s=96&d=mm&r=g","url":"https:\/\/secure.gravatar.com\/avatar\/93713c30affe0aa95d3a4130e499bb1abee2eb31adbdd9ce2aa1543538490215?s=96&d=mm&r=g","contentUrl":"https:\/\/secure.gravatar.com\/avatar\/93713c30affe0aa95d3a4130e499bb1abee2eb31adbdd9ce2aa1543538490215?s=96&d=mm&r=g","caption":"georg.blenk@krafthand-medien.de"}}]}},"_links":{"self":[{"href":"https:\/\/www.krafthand.de\/truck\/wp-json\/wp\/v2\/posts\/35899","targetHints":{"allow":["GET"]}}],"collection":[{"href":"https:\/\/www.krafthand.de\/truck\/wp-json\/wp\/v2\/posts"}],"about":[{"href":"https:\/\/www.krafthand.de\/truck\/wp-json\/wp\/v2\/types\/post"}],"author":[{"embeddable":true,"href":"https:\/\/www.krafthand.de\/truck\/wp-json\/wp\/v2\/users\/9"}],"replies":[{"embeddable":true,"href":"https:\/\/www.krafthand.de\/truck\/wp-json\/wp\/v2\/comments?post=35899"}],"version-history":[{"count":14,"href":"https:\/\/www.krafthand.de\/truck\/wp-json\/wp\/v2\/posts\/35899\/revisions"}],"predecessor-version":[{"id":35914,"href":"https:\/\/www.krafthand.de\/truck\/wp-json\/wp\/v2\/posts\/35899\/revisions\/35914"}],"wp:featuredmedia":[{"embeddable":true,"href":"https:\/\/www.krafthand.de\/truck\/wp-json\/wp\/v2\/media\/35911"}],"wp:attachment":[{"href":"https:\/\/www.krafthand.de\/truck\/wp-json\/wp\/v2\/media?parent=35899"}],"wp:term":[{"taxonomy":"category","embeddable":true,"href":"https:\/\/www.krafthand.de\/truck\/wp-json\/wp\/v2\/categories?post=35899"},{"taxonomy":"post_tag","embeddable":true,"href":"https:\/\/www.krafthand.de\/truck\/wp-json\/wp\/v2\/tags?post=35899"},{"taxonomy":"settings","embeddable":true,"href":"https:\/\/www.krafthand.de\/truck\/wp-json\/wp\/v2\/settings?post=35899"}],"curies":[{"name":"wp","href":"https:\/\/api.w.org\/{rel}","templated":true}]}}