{"id":35833,"date":"2023-04-03T17:01:32","date_gmt":"2023-04-03T15:01:32","guid":{"rendered":"https:\/\/www.krafthand.de\/truck\/?p=35833"},"modified":"2023-04-03T17:32:17","modified_gmt":"2023-04-03T15:32:17","slug":"hankook-zeigt-praesenz-auf-der-transport-logistic-2023","status":"publish","type":"post","link":"https:\/\/www.krafthand.de\/truck\/artikel\/hankook-zeigt-praesenz-auf-der-transport-logistic-2023-35833\/","title":{"rendered":"Hankook zeigt Pr\u00e4senz auf der Transport Logistic 2023"},"content":{"rendered":"<p>Vom 9. bis 12. Mai pr\u00e4sentiert sich Reifenhersteller <a href=\"https:\/\/www.hankooktire.com\/de\/de\/tirelist\/vehicle\/truck-and-bus.html\" target=\"_blank\" rel=\"noopener\">Hankook<\/a> auf der Fachmesse <a href=\"https:\/\/transportlogistic.de\/de\/\" target=\"_blank\" rel=\"noopener\">Transport Logistic<\/a> in M\u00fcnchen. An Stand 206 in Halle B5 stehen kompetente Ansprechpartner zum Austausch zur Verf\u00fcgung. Zudem zeigt Hankook eine Auswahl seines Portfolios f\u00fcr Kleintransporter, Busse und Lastkraftwagen.<\/p>\n<blockquote><p>\u201eLogistik z\u00e4hlt zu den wichtigsten Sektoren der deutschen Wirtschaft. Die vergangenen Jahre und auch die aktuelle Situation zeigen, wie essenziell funktionierende Lieferketten f\u00fcr unser t\u00e4gliches Leben sind. Hankook bietet Produkte, auf die sich Transportunternehmen weltweit verlassen k\u00f6nnen. Wir arbeiten kontinuierlich daran, die Lebensdauer unserer Reifen weiter zu erh\u00f6hen und gleichzeitig den Kraftstoffverbrauch zu senken \u2013 ohne dabei Kompromisse bei Sicherheit und Ganzjahrestauglichkeit zu machen. Wir freuen uns auf den Austausch mit unseren Kunden und Partnern\u201c, so Manfred Zoni, Lkw-Vertriebsdirektor bei Hankook Reifen Deutschland.<\/p><\/blockquote>\n","protected":false},"excerpt":{"rendered":"<p>Vom 9. bis 12. Mai pr\u00e4sentiert sich Reifenhersteller Hankook auf der Fachmesse Transport Logistic in M\u00fcnchen. An Stand 206 in Halle B5 stehen kompetente Ansprechpartner zum Austausch zur Verf\u00fcgung. <span class=\"excerpt-more__dots\">&#8230;<\/span> <a class=\"excerpt-more__link\" href=\"https:\/\/www.krafthand.de\/truck\/artikel\/hankook-zeigt-praesenz-auf-der-transport-logistic-2023-35833\/\" >weiter<\/a><\/p>\n","protected":false},"author":9,"featured_media":35836,"comment_status":"closed","ping_status":"closed","sticky":false,"template":"","format":"standard","meta":{"footnotes":""},"categories":[4227,4236],"tags":[442,299,5587],"settings":[],"class_list":["post-35833","post","type-post","status-publish","format-standard","has-post-thumbnail","hentry","category-rad-reifen-bremse","category-veranstaltungen","tag-hankook","tag-lkw-reifen","tag-transport-logistik"],"yoast_head":"<!-- This site is optimized with the Yoast SEO plugin v27.3 - https:\/\/yoast.com\/product\/yoast-seo-wordpress\/ -->\n<title>Hankook zeigt Pr\u00e4senz auf der Transport Logistic 2023 - Krafthand-Truck<\/title>\n<meta name=\"description\" content=\"Vom 9. bis 12. Mai pr\u00e4sentiert sich Reifenhersteller Hankook auf der Fachmesse Transport Logistic in M\u00fcnchen.\" \/>\n<meta name=\"robots\" content=\"index, follow, max-snippet:-1, max-image-preview:large, max-video-preview:-1\" \/>\n<link rel=\"canonical\" href=\"https:\/\/www.krafthand.de\/truck\/artikel\/hankook-zeigt-praesenz-auf-der-transport-logistic-2023-35833\/\" \/>\n<meta property=\"og:locale\" content=\"de_DE\" \/>\n<meta property=\"og:type\" content=\"article\" \/>\n<meta property=\"og:title\" content=\"Hankook zeigt Pr\u00e4senz auf der Transport Logistic 2023 - Krafthand-Truck\" \/>\n<meta property=\"og:description\" content=\"Vom 9. bis 12. Mai pr\u00e4sentiert sich Reifenhersteller Hankook auf der Fachmesse Transport Logistic in M\u00fcnchen.\" \/>\n<meta property=\"og:url\" content=\"https:\/\/www.krafthand-truck.de\/artikel\/hankook-zeigt-praesenz-auf-der-transport-logistic-2023-35833\/\" \/>\n<meta property=\"og:site_name\" content=\"Krafthand-Truck\" \/>\n<meta property=\"article:published_time\" content=\"2023-04-03T15:01:32+00:00\" \/>\n<meta property=\"article:modified_time\" content=\"2023-04-03T15:32:17+00:00\" \/>\n<meta property=\"og:image\" content=\"https:\/\/static.krafthand-truck.de\/uploads\/2023\/04\/Hankook_Transport_Logistic_2023_Lkw_Reifen.jpg\" \/>\n\t<meta property=\"og:image:width\" content=\"1200\" \/>\n\t<meta property=\"og:image:height\" content=\"819\" \/>\n\t<meta property=\"og:image:type\" content=\"image\/jpeg\" \/>\n<meta name=\"author\" content=\"georg.blenk@krafthand-medien.de\" \/>\n<meta name=\"twitter:card\" content=\"summary_large_image\" \/>\n<meta name=\"twitter:label1\" content=\"Verfasst von\" \/>\n\t<meta name=\"twitter:data1\" content=\"georg.blenk@krafthand-medien.de\" \/>\n\t<meta name=\"twitter:label2\" content=\"Gesch\u00e4tzte Lesezeit\" \/>\n\t<meta name=\"twitter:data2\" content=\"1\u00a0Minute\" \/>\n<script type=\"application\/ld+json\" class=\"yoast-schema-graph\">{\"@context\":\"https:\\\/\\\/schema.org\",\"@graph\":[{\"@type\":\"Article\",\"@id\":\"https:\\\/\\\/www.krafthand.de\\\/truck\\\/artikel\\\/hankook-zeigt-praesenz-auf-der-transport-logistic-2023-35833\\\/#article\",\"isPartOf\":{\"@id\":\"https:\\\/\\\/www.krafthand.de\\\/truck\\\/artikel\\\/hankook-zeigt-praesenz-auf-der-transport-logistic-2023-35833\\\/\"},\"author\":{\"name\":\"georg.blenk@krafthand-medien.de\",\"@id\":\"https:\\\/\\\/www.krafthand.de\\\/truck\\\/#\\\/schema\\\/person\\\/51fa80b1c57034c4bf63f9f988fc24ce\"},\"headline\":\"Hankook zeigt Pr\u00e4senz auf der Transport Logistic 2023\",\"datePublished\":\"2023-04-03T15:01:32+00:00\",\"dateModified\":\"2023-04-03T15:32:17+00:00\",\"mainEntityOfPage\":{\"@id\":\"https:\\\/\\\/www.krafthand.de\\\/truck\\\/artikel\\\/hankook-zeigt-praesenz-auf-der-transport-logistic-2023-35833\\\/\"},\"wordCount\":137,\"image\":{\"@id\":\"https:\\\/\\\/www.krafthand.de\\\/truck\\\/artikel\\\/hankook-zeigt-praesenz-auf-der-transport-logistic-2023-35833\\\/#primaryimage\"},\"thumbnailUrl\":\"https:\\\/\\\/static.krafthand-truck.de\\\/uploads\\\/2023\\\/04\\\/Hankook_Transport_Logistic_2023_Lkw_Reifen.jpg\",\"keywords\":[\"Hankook\",\"Lkw-Reifen\",\"Transport Logistik\"],\"articleSection\":[\"Rad\\\/Reifen\\\/Bremse\",\"Veranstaltungen\\\/Messen\"],\"inLanguage\":\"de\"},{\"@type\":\"WebPage\",\"@id\":\"https:\\\/\\\/www.krafthand.de\\\/truck\\\/artikel\\\/hankook-zeigt-praesenz-auf-der-transport-logistic-2023-35833\\\/\",\"url\":\"https:\\\/\\\/www.krafthand.de\\\/truck\\\/artikel\\\/hankook-zeigt-praesenz-auf-der-transport-logistic-2023-35833\\\/\",\"name\":\"Hankook zeigt Pr\u00e4senz auf der Transport Logistic 2023 - Krafthand-Truck\",\"isPartOf\":{\"@id\":\"https:\\\/\\\/www.krafthand.de\\\/truck\\\/#website\"},\"primaryImageOfPage\":{\"@id\":\"https:\\\/\\\/www.krafthand.de\\\/truck\\\/artikel\\\/hankook-zeigt-praesenz-auf-der-transport-logistic-2023-35833\\\/#primaryimage\"},\"image\":{\"@id\":\"https:\\\/\\\/www.krafthand.de\\\/truck\\\/artikel\\\/hankook-zeigt-praesenz-auf-der-transport-logistic-2023-35833\\\/#primaryimage\"},\"thumbnailUrl\":\"https:\\\/\\\/static.krafthand-truck.de\\\/uploads\\\/2023\\\/04\\\/Hankook_Transport_Logistic_2023_Lkw_Reifen.jpg\",\"datePublished\":\"2023-04-03T15:01:32+00:00\",\"dateModified\":\"2023-04-03T15:32:17+00:00\",\"author\":{\"@id\":\"https:\\\/\\\/www.krafthand.de\\\/truck\\\/#\\\/schema\\\/person\\\/51fa80b1c57034c4bf63f9f988fc24ce\"},\"description\":\"Vom 9. bis 12. Mai pr\u00e4sentiert sich Reifenhersteller Hankook auf der Fachmesse Transport Logistic in M\u00fcnchen.\",\"breadcrumb\":{\"@id\":\"https:\\\/\\\/www.krafthand.de\\\/truck\\\/artikel\\\/hankook-zeigt-praesenz-auf-der-transport-logistic-2023-35833\\\/#breadcrumb\"},\"inLanguage\":\"de\",\"potentialAction\":[{\"@type\":\"ReadAction\",\"target\":[\"https:\\\/\\\/www.krafthand.de\\\/truck\\\/artikel\\\/hankook-zeigt-praesenz-auf-der-transport-logistic-2023-35833\\\/\"]}]},{\"@type\":\"ImageObject\",\"inLanguage\":\"de\",\"@id\":\"https:\\\/\\\/www.krafthand.de\\\/truck\\\/artikel\\\/hankook-zeigt-praesenz-auf-der-transport-logistic-2023-35833\\\/#primaryimage\",\"url\":\"https:\\\/\\\/static.krafthand-truck.de\\\/uploads\\\/2023\\\/04\\\/Hankook_Transport_Logistic_2023_Lkw_Reifen.jpg\",\"contentUrl\":\"https:\\\/\\\/static.krafthand-truck.de\\\/uploads\\\/2023\\\/04\\\/Hankook_Transport_Logistic_2023_Lkw_Reifen.jpg\",\"width\":1200,\"height\":819},{\"@type\":\"BreadcrumbList\",\"@id\":\"https:\\\/\\\/www.krafthand.de\\\/truck\\\/artikel\\\/hankook-zeigt-praesenz-auf-der-transport-logistic-2023-35833\\\/#breadcrumb\",\"itemListElement\":[{\"@type\":\"ListItem\",\"position\":1,\"name\":\"Krafthand-Truck\",\"item\":\"https:\\\/\\\/www.krafthand.de\\\/truck\\\/\"},{\"@type\":\"ListItem\",\"position\":2,\"name\":\"Nfz-Branche\",\"item\":\"https:\\\/\\\/www.krafthand.de\\\/truck\\\/kategorie\\\/branche\\\/\"},{\"@type\":\"ListItem\",\"position\":3,\"name\":\"Veranstaltungen\\\/Messen\",\"item\":\"https:\\\/\\\/www.krafthand.de\\\/truck\\\/kategorie\\\/branche\\\/veranstaltungen\\\/\"},{\"@type\":\"ListItem\",\"position\":4,\"name\":\"Hankook zeigt Pr\u00e4senz auf der Transport Logistic 2023\"}]},{\"@type\":\"WebSite\",\"@id\":\"https:\\\/\\\/www.krafthand.de\\\/truck\\\/#website\",\"url\":\"https:\\\/\\\/www.krafthand.de\\\/truck\\\/\",\"name\":\"Krafthand-Truck\",\"description\":\"\",\"potentialAction\":[{\"@type\":\"SearchAction\",\"target\":{\"@type\":\"EntryPoint\",\"urlTemplate\":\"https:\\\/\\\/www.krafthand.de\\\/truck\\\/?s={search_term_string}\"},\"query-input\":{\"@type\":\"PropertyValueSpecification\",\"valueRequired\":true,\"valueName\":\"search_term_string\"}}],\"inLanguage\":\"de\"},{\"@type\":\"Person\",\"@id\":\"https:\\\/\\\/www.krafthand.de\\\/truck\\\/#\\\/schema\\\/person\\\/51fa80b1c57034c4bf63f9f988fc24ce\",\"name\":\"georg.blenk@krafthand-medien.de\",\"image\":{\"@type\":\"ImageObject\",\"inLanguage\":\"de\",\"@id\":\"https:\\\/\\\/secure.gravatar.com\\\/avatar\\\/93713c30affe0aa95d3a4130e499bb1abee2eb31adbdd9ce2aa1543538490215?s=96&d=mm&r=g\",\"url\":\"https:\\\/\\\/secure.gravatar.com\\\/avatar\\\/93713c30affe0aa95d3a4130e499bb1abee2eb31adbdd9ce2aa1543538490215?s=96&d=mm&r=g\",\"contentUrl\":\"https:\\\/\\\/secure.gravatar.com\\\/avatar\\\/93713c30affe0aa95d3a4130e499bb1abee2eb31adbdd9ce2aa1543538490215?s=96&d=mm&r=g\",\"caption\":\"georg.blenk@krafthand-medien.de\"}}]}<\/script>\n<!-- \/ Yoast SEO plugin. -->","yoast_head_json":{"title":"Hankook zeigt Pr\u00e4senz auf der Transport Logistic 2023 - Krafthand-Truck","description":"Vom 9. bis 12. Mai pr\u00e4sentiert sich Reifenhersteller Hankook auf der Fachmesse Transport Logistic in M\u00fcnchen.","robots":{"index":"index","follow":"follow","max-snippet":"max-snippet:-1","max-image-preview":"max-image-preview:large","max-video-preview":"max-video-preview:-1"},"canonical":"https:\/\/www.krafthand.de\/truck\/artikel\/hankook-zeigt-praesenz-auf-der-transport-logistic-2023-35833\/","og_locale":"de_DE","og_type":"article","og_title":"Hankook zeigt Pr\u00e4senz auf der Transport Logistic 2023 - Krafthand-Truck","og_description":"Vom 9. bis 12. Mai pr\u00e4sentiert sich Reifenhersteller Hankook auf der Fachmesse Transport Logistic in M\u00fcnchen.","og_url":"https:\/\/www.krafthand-truck.de\/artikel\/hankook-zeigt-praesenz-auf-der-transport-logistic-2023-35833\/","og_site_name":"Krafthand-Truck","article_published_time":"2023-04-03T15:01:32+00:00","article_modified_time":"2023-04-03T15:32:17+00:00","og_image":[{"width":1200,"height":819,"url":"https:\/\/static.krafthand-truck.de\/uploads\/2023\/04\/Hankook_Transport_Logistic_2023_Lkw_Reifen.jpg","type":"image\/jpeg"}],"author":"georg.blenk@krafthand-medien.de","twitter_card":"summary_large_image","twitter_misc":{"Verfasst von":"georg.blenk@krafthand-medien.de","Gesch\u00e4tzte Lesezeit":"1\u00a0Minute"},"schema":{"@context":"https:\/\/schema.org","@graph":[{"@type":"Article","@id":"https:\/\/www.krafthand.de\/truck\/artikel\/hankook-zeigt-praesenz-auf-der-transport-logistic-2023-35833\/#article","isPartOf":{"@id":"https:\/\/www.krafthand.de\/truck\/artikel\/hankook-zeigt-praesenz-auf-der-transport-logistic-2023-35833\/"},"author":{"name":"georg.blenk@krafthand-medien.de","@id":"https:\/\/www.krafthand.de\/truck\/#\/schema\/person\/51fa80b1c57034c4bf63f9f988fc24ce"},"headline":"Hankook zeigt Pr\u00e4senz auf der Transport Logistic 2023","datePublished":"2023-04-03T15:01:32+00:00","dateModified":"2023-04-03T15:32:17+00:00","mainEntityOfPage":{"@id":"https:\/\/www.krafthand.de\/truck\/artikel\/hankook-zeigt-praesenz-auf-der-transport-logistic-2023-35833\/"},"wordCount":137,"image":{"@id":"https:\/\/www.krafthand.de\/truck\/artikel\/hankook-zeigt-praesenz-auf-der-transport-logistic-2023-35833\/#primaryimage"},"thumbnailUrl":"https:\/\/static.krafthand-truck.de\/uploads\/2023\/04\/Hankook_Transport_Logistic_2023_Lkw_Reifen.jpg","keywords":["Hankook","Lkw-Reifen","Transport Logistik"],"articleSection":["Rad\/Reifen\/Bremse","Veranstaltungen\/Messen"],"inLanguage":"de"},{"@type":"WebPage","@id":"https:\/\/www.krafthand.de\/truck\/artikel\/hankook-zeigt-praesenz-auf-der-transport-logistic-2023-35833\/","url":"https:\/\/www.krafthand.de\/truck\/artikel\/hankook-zeigt-praesenz-auf-der-transport-logistic-2023-35833\/","name":"Hankook zeigt Pr\u00e4senz auf der Transport Logistic 2023 - Krafthand-Truck","isPartOf":{"@id":"https:\/\/www.krafthand.de\/truck\/#website"},"primaryImageOfPage":{"@id":"https:\/\/www.krafthand.de\/truck\/artikel\/hankook-zeigt-praesenz-auf-der-transport-logistic-2023-35833\/#primaryimage"},"image":{"@id":"https:\/\/www.krafthand.de\/truck\/artikel\/hankook-zeigt-praesenz-auf-der-transport-logistic-2023-35833\/#primaryimage"},"thumbnailUrl":"https:\/\/static.krafthand-truck.de\/uploads\/2023\/04\/Hankook_Transport_Logistic_2023_Lkw_Reifen.jpg","datePublished":"2023-04-03T15:01:32+00:00","dateModified":"2023-04-03T15:32:17+00:00","author":{"@id":"https:\/\/www.krafthand.de\/truck\/#\/schema\/person\/51fa80b1c57034c4bf63f9f988fc24ce"},"description":"Vom 9. bis 12. Mai pr\u00e4sentiert sich Reifenhersteller Hankook auf der Fachmesse Transport Logistic in M\u00fcnchen.","breadcrumb":{"@id":"https:\/\/www.krafthand.de\/truck\/artikel\/hankook-zeigt-praesenz-auf-der-transport-logistic-2023-35833\/#breadcrumb"},"inLanguage":"de","potentialAction":[{"@type":"ReadAction","target":["https:\/\/www.krafthand.de\/truck\/artikel\/hankook-zeigt-praesenz-auf-der-transport-logistic-2023-35833\/"]}]},{"@type":"ImageObject","inLanguage":"de","@id":"https:\/\/www.krafthand.de\/truck\/artikel\/hankook-zeigt-praesenz-auf-der-transport-logistic-2023-35833\/#primaryimage","url":"https:\/\/static.krafthand-truck.de\/uploads\/2023\/04\/Hankook_Transport_Logistic_2023_Lkw_Reifen.jpg","contentUrl":"https:\/\/static.krafthand-truck.de\/uploads\/2023\/04\/Hankook_Transport_Logistic_2023_Lkw_Reifen.jpg","width":1200,"height":819},{"@type":"BreadcrumbList","@id":"https:\/\/www.krafthand.de\/truck\/artikel\/hankook-zeigt-praesenz-auf-der-transport-logistic-2023-35833\/#breadcrumb","itemListElement":[{"@type":"ListItem","position":1,"name":"Krafthand-Truck","item":"https:\/\/www.krafthand.de\/truck\/"},{"@type":"ListItem","position":2,"name":"Nfz-Branche","item":"https:\/\/www.krafthand.de\/truck\/kategorie\/branche\/"},{"@type":"ListItem","position":3,"name":"Veranstaltungen\/Messen","item":"https:\/\/www.krafthand.de\/truck\/kategorie\/branche\/veranstaltungen\/"},{"@type":"ListItem","position":4,"name":"Hankook zeigt Pr\u00e4senz auf der Transport Logistic 2023"}]},{"@type":"WebSite","@id":"https:\/\/www.krafthand.de\/truck\/#website","url":"https:\/\/www.krafthand.de\/truck\/","name":"Krafthand-Truck","description":"","potentialAction":[{"@type":"SearchAction","target":{"@type":"EntryPoint","urlTemplate":"https:\/\/www.krafthand.de\/truck\/?s={search_term_string}"},"query-input":{"@type":"PropertyValueSpecification","valueRequired":true,"valueName":"search_term_string"}}],"inLanguage":"de"},{"@type":"Person","@id":"https:\/\/www.krafthand.de\/truck\/#\/schema\/person\/51fa80b1c57034c4bf63f9f988fc24ce","name":"georg.blenk@krafthand-medien.de","image":{"@type":"ImageObject","inLanguage":"de","@id":"https:\/\/secure.gravatar.com\/avatar\/93713c30affe0aa95d3a4130e499bb1abee2eb31adbdd9ce2aa1543538490215?s=96&d=mm&r=g","url":"https:\/\/secure.gravatar.com\/avatar\/93713c30affe0aa95d3a4130e499bb1abee2eb31adbdd9ce2aa1543538490215?s=96&d=mm&r=g","contentUrl":"https:\/\/secure.gravatar.com\/avatar\/93713c30affe0aa95d3a4130e499bb1abee2eb31adbdd9ce2aa1543538490215?s=96&d=mm&r=g","caption":"georg.blenk@krafthand-medien.de"}}]}},"_links":{"self":[{"href":"https:\/\/www.krafthand.de\/truck\/wp-json\/wp\/v2\/posts\/35833","targetHints":{"allow":["GET"]}}],"collection":[{"href":"https:\/\/www.krafthand.de\/truck\/wp-json\/wp\/v2\/posts"}],"about":[{"href":"https:\/\/www.krafthand.de\/truck\/wp-json\/wp\/v2\/types\/post"}],"author":[{"embeddable":true,"href":"https:\/\/www.krafthand.de\/truck\/wp-json\/wp\/v2\/users\/9"}],"replies":[{"embeddable":true,"href":"https:\/\/www.krafthand.de\/truck\/wp-json\/wp\/v2\/comments?post=35833"}],"version-history":[{"count":5,"href":"https:\/\/www.krafthand.de\/truck\/wp-json\/wp\/v2\/posts\/35833\/revisions"}],"predecessor-version":[{"id":35839,"href":"https:\/\/www.krafthand.de\/truck\/wp-json\/wp\/v2\/posts\/35833\/revisions\/35839"}],"wp:featuredmedia":[{"embeddable":true,"href":"https:\/\/www.krafthand.de\/truck\/wp-json\/wp\/v2\/media\/35836"}],"wp:attachment":[{"href":"https:\/\/www.krafthand.de\/truck\/wp-json\/wp\/v2\/media?parent=35833"}],"wp:term":[{"taxonomy":"category","embeddable":true,"href":"https:\/\/www.krafthand.de\/truck\/wp-json\/wp\/v2\/categories?post=35833"},{"taxonomy":"post_tag","embeddable":true,"href":"https:\/\/www.krafthand.de\/truck\/wp-json\/wp\/v2\/tags?post=35833"},{"taxonomy":"settings","embeddable":true,"href":"https:\/\/www.krafthand.de\/truck\/wp-json\/wp\/v2\/settings?post=35833"}],"curies":[{"name":"wp","href":"https:\/\/api.w.org\/{rel}","templated":true}]}}