{"id":35805,"date":"2023-03-31T10:09:54","date_gmt":"2023-03-31T08:09:54","guid":{"rendered":"https:\/\/www.krafthand.de\/truck\/?p=35805"},"modified":"2023-03-31T10:12:48","modified_gmt":"2023-03-31T08:12:48","slug":"de-beaux-camions-electriques-die-neuen-renault-trucks-e-tech-t-und-c","status":"publish","type":"post","link":"https:\/\/www.krafthand.de\/truck\/artikel\/de-beaux-camions-electriques-die-neuen-renault-trucks-e-tech-t-und-c-35805\/","title":{"rendered":"De beaux camions \u00e9lectriques: Die neuen Renault-Trucks E-Tech T und C"},"content":{"rendered":"<p>Die beiden vollelektrischen Renault-Trucks E-Tech T und C werden im Werk in Bourg-en-Bresse (Frankreich) in Serie produziert. Der Verkaufsstart erfolgt den Angaben zufolge Mitte bis Ende des Jahres. Vorbestellungen werden bereits entgegengenommen. Bekannt ist jedoch noch nicht allzu viel \u00fcber die neuen E-Trucks. Die Einf\u00fchrung zweier weiterer 100 Prozent elektrisch betriebener Baureihen soll auf jeden Fall das Engagement von Renault-Trucks, was einen CO2-freien Stra\u00dfeng\u00fcterverkehr angeht, bekr\u00e4ftigen. Man sei somit der erste Hersteller der Elektromobilit\u00e4t f\u00fcr alle Einsatzbereiche anbietet: vom 650 kg schweren Lastenfahrrad \u00fcber eine Elektro-Sattelzugmaschine bis hin zum 44 t schweren Elektro-Baufahrzeug.<\/p>\n<h2>Neues Design<\/h2>\n<p>Die beiden neuen Modelle, die f\u00fcr den Verteilerverkehr (E-Tech T) und das Baugewerbe (E-Tech C) konzipiert sind, heben sich durch ein spezifisches Design von den jeweiligen Diesel-Baureihen ab. Als erstes f\u00e4llt bei den beiden neuen Baureihen die f\u00fcr die Elektro-Lkws der Marke typische grafische Signatur auf: blaue Radblenden und vertikale Streifen an den Fahrzeugseiten sowie das Renault Trucks E-Tech-Emblem an der Vorderseite. Der Frontgrill ist einem Equalizer nachempfunden, quasi eine Inspiration aus der Welt der elektronischen Musik. Die gesamte Fahrzeugfront wurde lackiert. Und: Die neuen E-Trucks sind mit dem neu gestalteten Markenlogo ausgestattet. Die auf dem Frontgrill platzierte Rhombe aus geb\u00fcrstetem Aluminium auf gl\u00e4nzend-schwarzem Hintergrund soll den Fahrzeugen Modernit\u00e4t und Klasse verleihen.<\/p>\n<h2>Die Technik<\/h2>\n<p>Die beiden E-Tech-Modelle T und C von <a href=\"https:\/\/www.renault-trucks.de\" target=\"_blank\" rel=\"noopener\">Renault-Trucks<\/a> haben ein maximales Gesamtgewicht von bis zu 44 Tonnen. Die Lkw k\u00f6nnen mit drei verschiedenen Arten von Nebenantrieben (PTO) ausgestattet werden und passen sich jeder Art von Aufbau und Einsatz an: elektrisch, elektromechanisch beziehungsweise \u00fcber das Getriebe. Die Batteriekapazit\u00e4t betr\u00e4gt je nach Anzahl der Lithium-Ionen-Batterie 180 bis 540 kWh. Die Reichweite mit einer einzigen Ladung betr\u00e4gt laut Renault-Trucks bis zu 300 km. Sie kann mit einer zus\u00e4tzlichen einst\u00fcndigen Schnellladung (250 kW) auf 500 km verl\u00e4ngert werden. Die Batterien werden zudem in Echtzeit mit der Verwaltungssoftware Optifleet \u00fcberwacht.<br \/>\nDie neuen E-Tech-Modelle werden zwei beziehungsweise drei Elektromotoren mit einer Gesamtleistung von bis zu 490 kW (666 PS) haben. Beide Fahrzeuge sind mit einem Optidriver-Getriebe ausgestattet.<br \/>\nF\u00fcr mehr Sicherheit wurde die Front der Fahrzeuge um 115 mm verl\u00e4ngert und seitliche Radarsensoren angebracht. Das Fahrgestell ist zudem mit einer ausklappbaren Trittstufe ausgestattet, die einen gr\u00f6\u00dftm\u00f6glichen Raum f\u00fcr die Batterien erm\u00f6glichen soll. Die neuen E-Tech-Modelle werden als 4\u00d72- und 6\u00d72-Sattelzugmaschine sowie als 4\u00d72-, 6\u00d72- und 8\u00d74-Tridem-Fahrzeug erh\u00e4ltlich sein.<\/p>\n<p>Was zus\u00e4tzliche Assistenzsysteme, das Interieur und die Service-\/Wartungsmodalit\u00e4ten angeht, wollte Renault-Trucks noch keine Angaben machen.<\/p>\n<p><i>Den Beitrag finden Sie auch in der Print-Ausgabe 1-2023 der <a href=\"https:\/\/www.krafthand.de\/truck\/magazin\/\" title=\"Zum Magazin\">Krafthand-Truck<\/a>.<\/i><\/p>\r\n\t\t\t\t<div class=\"post-author\">\r\n\t\t\t\t\t<div class=\"khm-cp-author clearfix\">\r\n\t\t\t\t\t\t<div class=\"khm-cp-author__content\">\r\n\t\t\t\t\t\t\t\tKontakt zum Autor:<br \/>\r\n\t\t\t\t\t\t\t\t<strong>Georg Blenk<\/strong>, 08247 \/ 3007-45 |  <a href=\"mailto:georg.blenk@krafthand-medien.de\">georg.blenk@krafthand-medien.de<\/a>\r\n\t\t\t\t\t\t\t<div class=\"khm-cp-author__image\">\r\n\t\t\t\t\t\t<img src=\"https:\/\/static.krafthand-truck.de\/uploads\/2021\/01\/Blenk_6104-250x300-1-removebg-preview.png\" class=\"img-responsive\">\r\n\t\t\t\t\t<\/div>\r\n\t\t\t\t\t\t<\/div>\r\n\t\t\t\t\t<\/div>\r\n\t\t\t\t<\/div>\r\n\t\t\t\t","protected":false},"excerpt":{"rendered":"<p>Die beiden vollelektrischen Renault-Trucks E-Tech T und C werden im Werk in Bourg-en-Bresse (Frankreich) in Serie produziert. Der Verkaufsstart erfolgt den Angaben zufolge Mitte bis Ende des Jahres. Vorbestellungen werden bereits entgegengenommen. Bekannt ist jedoch noch nicht allzu viel \u00fcber die neuen E-Trucks. Einige Punkte konnten wir jedoch zusammenstellen. <span class=\"excerpt-more__dots\">&#8230;<\/span> <a class=\"excerpt-more__link\" href=\"https:\/\/www.krafthand.de\/truck\/artikel\/de-beaux-camions-electriques-die-neuen-renault-trucks-e-tech-t-und-c-35805\/\" >weiter<\/a><\/p>\n","protected":false},"author":11,"featured_media":35806,"comment_status":"closed","ping_status":"closed","sticky":false,"template":"","format":"standard","meta":{"footnotes":""},"categories":[4224,4915],"tags":[5581,5580,1343],"settings":[3524,3523],"class_list":["post-35805","post","type-post","status-publish","format-standard","has-post-thumbnail","hentry","category-e-antrieb","category-neue-fahrzeuge","tag-e-tech-c","tag-e-tech-t","tag-renault-trucks"],"yoast_head":"<!-- This site is optimized with the Yoast SEO plugin v27.3 - https:\/\/yoast.com\/product\/yoast-seo-wordpress\/ -->\n<title>De beaux camions \u00e9lectriques: Die neuen Renault-Trucks E-Tech T und C - Krafthand-Truck<\/title>\n<meta name=\"description\" content=\"Die vollelektrischen Renault-Trucks E-Tech T\/C werden in Bourg-en-Bresse produziert. Der Verkaufsstart erfolgt Mitte bis Ende des Jahres.\" \/>\n<meta name=\"robots\" content=\"index, follow, max-snippet:-1, max-image-preview:large, max-video-preview:-1\" \/>\n<link rel=\"canonical\" href=\"https:\/\/www.krafthand.de\/truck\/artikel\/de-beaux-camions-electriques-die-neuen-renault-trucks-e-tech-t-und-c-35805\/\" \/>\n<meta property=\"og:locale\" content=\"de_DE\" \/>\n<meta property=\"og:type\" content=\"article\" \/>\n<meta property=\"og:title\" content=\"De beaux camions \u00e9lectriques: Die neuen Renault-Trucks E-Tech T und C - Krafthand-Truck\" \/>\n<meta property=\"og:description\" content=\"Die vollelektrischen Renault-Trucks E-Tech T\/C werden in Bourg-en-Bresse produziert. Der Verkaufsstart erfolgt Mitte bis Ende des Jahres.\" \/>\n<meta property=\"og:url\" content=\"https:\/\/www.krafthand-truck.de\/artikel\/de-beaux-camions-electriques-die-neuen-renault-trucks-e-tech-t-und-c-35805\/\" \/>\n<meta property=\"og:site_name\" content=\"Krafthand-Truck\" \/>\n<meta property=\"article:published_time\" content=\"2023-03-31T08:09:54+00:00\" \/>\n<meta property=\"article:modified_time\" content=\"2023-03-31T08:12:48+00:00\" \/>\n<meta property=\"og:image\" content=\"https:\/\/static.krafthand-truck.de\/uploads\/2023\/03\/01_2023_026-e1680250279672.jpg\" \/>\n\t<meta property=\"og:image:width\" content=\"1225\" \/>\n\t<meta property=\"og:image:height\" content=\"560\" \/>\n\t<meta property=\"og:image:type\" content=\"image\/jpeg\" \/>\n<meta name=\"author\" content=\"Redaktion Truck\" \/>\n<meta name=\"twitter:card\" content=\"summary_large_image\" \/>\n<meta name=\"twitter:label1\" content=\"Verfasst von\" \/>\n\t<meta name=\"twitter:data1\" content=\"Redaktion Truck\" \/>\n\t<meta name=\"twitter:label2\" content=\"Gesch\u00e4tzte Lesezeit\" \/>\n\t<meta name=\"twitter:data2\" content=\"3\u00a0Minuten\" \/>\n<script type=\"application\/ld+json\" class=\"yoast-schema-graph\">{\"@context\":\"https:\\\/\\\/schema.org\",\"@graph\":[{\"@type\":\"Article\",\"@id\":\"https:\\\/\\\/www.krafthand.de\\\/truck\\\/artikel\\\/de-beaux-camions-electriques-die-neuen-renault-trucks-e-tech-t-und-c-35805\\\/#article\",\"isPartOf\":{\"@id\":\"https:\\\/\\\/www.krafthand.de\\\/truck\\\/artikel\\\/de-beaux-camions-electriques-die-neuen-renault-trucks-e-tech-t-und-c-35805\\\/\"},\"author\":{\"name\":\"Redaktion Truck\",\"@id\":\"https:\\\/\\\/www.krafthand.de\\\/truck\\\/#\\\/schema\\\/person\\\/5e47d727209575a4b89376746e24f02f\"},\"headline\":\"De beaux camions \u00e9lectriques: Die neuen Renault-Trucks E-Tech T und C\",\"datePublished\":\"2023-03-31T08:09:54+00:00\",\"dateModified\":\"2023-03-31T08:12:48+00:00\",\"mainEntityOfPage\":{\"@id\":\"https:\\\/\\\/www.krafthand.de\\\/truck\\\/artikel\\\/de-beaux-camions-electriques-die-neuen-renault-trucks-e-tech-t-und-c-35805\\\/\"},\"wordCount\":424,\"image\":{\"@id\":\"https:\\\/\\\/www.krafthand.de\\\/truck\\\/artikel\\\/de-beaux-camions-electriques-die-neuen-renault-trucks-e-tech-t-und-c-35805\\\/#primaryimage\"},\"thumbnailUrl\":\"https:\\\/\\\/static.krafthand-truck.de\\\/uploads\\\/2023\\\/03\\\/01_2023_026-e1680250279672.jpg\",\"keywords\":[\"E-Tech C\",\"E-Tech T\",\"Renault Trucks\"],\"articleSection\":[\"E-Antrieb (BEV\\\/FCEV)\",\"Neue Fahrzeuge\"],\"inLanguage\":\"de\"},{\"@type\":\"WebPage\",\"@id\":\"https:\\\/\\\/www.krafthand.de\\\/truck\\\/artikel\\\/de-beaux-camions-electriques-die-neuen-renault-trucks-e-tech-t-und-c-35805\\\/\",\"url\":\"https:\\\/\\\/www.krafthand.de\\\/truck\\\/artikel\\\/de-beaux-camions-electriques-die-neuen-renault-trucks-e-tech-t-und-c-35805\\\/\",\"name\":\"De beaux camions \u00e9lectriques: Die neuen Renault-Trucks E-Tech T und C - Krafthand-Truck\",\"isPartOf\":{\"@id\":\"https:\\\/\\\/www.krafthand.de\\\/truck\\\/#website\"},\"primaryImageOfPage\":{\"@id\":\"https:\\\/\\\/www.krafthand.de\\\/truck\\\/artikel\\\/de-beaux-camions-electriques-die-neuen-renault-trucks-e-tech-t-und-c-35805\\\/#primaryimage\"},\"image\":{\"@id\":\"https:\\\/\\\/www.krafthand.de\\\/truck\\\/artikel\\\/de-beaux-camions-electriques-die-neuen-renault-trucks-e-tech-t-und-c-35805\\\/#primaryimage\"},\"thumbnailUrl\":\"https:\\\/\\\/static.krafthand-truck.de\\\/uploads\\\/2023\\\/03\\\/01_2023_026-e1680250279672.jpg\",\"datePublished\":\"2023-03-31T08:09:54+00:00\",\"dateModified\":\"2023-03-31T08:12:48+00:00\",\"author\":{\"@id\":\"https:\\\/\\\/www.krafthand.de\\\/truck\\\/#\\\/schema\\\/person\\\/5e47d727209575a4b89376746e24f02f\"},\"description\":\"Die vollelektrischen Renault-Trucks E-Tech T\\\/C werden in Bourg-en-Bresse produziert. Der Verkaufsstart erfolgt Mitte bis Ende des Jahres.\",\"breadcrumb\":{\"@id\":\"https:\\\/\\\/www.krafthand.de\\\/truck\\\/artikel\\\/de-beaux-camions-electriques-die-neuen-renault-trucks-e-tech-t-und-c-35805\\\/#breadcrumb\"},\"inLanguage\":\"de\",\"potentialAction\":[{\"@type\":\"ReadAction\",\"target\":[\"https:\\\/\\\/www.krafthand.de\\\/truck\\\/artikel\\\/de-beaux-camions-electriques-die-neuen-renault-trucks-e-tech-t-und-c-35805\\\/\"]}]},{\"@type\":\"ImageObject\",\"inLanguage\":\"de\",\"@id\":\"https:\\\/\\\/www.krafthand.de\\\/truck\\\/artikel\\\/de-beaux-camions-electriques-die-neuen-renault-trucks-e-tech-t-und-c-35805\\\/#primaryimage\",\"url\":\"https:\\\/\\\/static.krafthand-truck.de\\\/uploads\\\/2023\\\/03\\\/01_2023_026-e1680250279672.jpg\",\"contentUrl\":\"https:\\\/\\\/static.krafthand-truck.de\\\/uploads\\\/2023\\\/03\\\/01_2023_026-e1680250279672.jpg\",\"width\":1225,\"height\":560,\"caption\":\"Der E-Tech T kommt wie sein Bruder im neuen Design daher. Bild: Renault-Trucks\"},{\"@type\":\"BreadcrumbList\",\"@id\":\"https:\\\/\\\/www.krafthand.de\\\/truck\\\/artikel\\\/de-beaux-camions-electriques-die-neuen-renault-trucks-e-tech-t-und-c-35805\\\/#breadcrumb\",\"itemListElement\":[{\"@type\":\"ListItem\",\"position\":1,\"name\":\"Krafthand-Truck\",\"item\":\"https:\\\/\\\/www.krafthand.de\\\/truck\\\/\"},{\"@type\":\"ListItem\",\"position\":2,\"name\":\"IT+Fuhrpark\",\"item\":\"https:\\\/\\\/www.krafthand.de\\\/truck\\\/kategorie\\\/fuhrpark\\\/\"},{\"@type\":\"ListItem\",\"position\":3,\"name\":\"Neue Fahrzeuge\",\"item\":\"https:\\\/\\\/www.krafthand.de\\\/truck\\\/kategorie\\\/fuhrpark\\\/neue-fahrzeuge\\\/\"},{\"@type\":\"ListItem\",\"position\":4,\"name\":\"De beaux camions \u00e9lectriques: Die neuen Renault-Trucks E-Tech T und C\"}]},{\"@type\":\"WebSite\",\"@id\":\"https:\\\/\\\/www.krafthand.de\\\/truck\\\/#website\",\"url\":\"https:\\\/\\\/www.krafthand.de\\\/truck\\\/\",\"name\":\"Krafthand-Truck\",\"description\":\"\",\"potentialAction\":[{\"@type\":\"SearchAction\",\"target\":{\"@type\":\"EntryPoint\",\"urlTemplate\":\"https:\\\/\\\/www.krafthand.de\\\/truck\\\/?s={search_term_string}\"},\"query-input\":{\"@type\":\"PropertyValueSpecification\",\"valueRequired\":true,\"valueName\":\"search_term_string\"}}],\"inLanguage\":\"de\"},{\"@type\":\"Person\",\"@id\":\"https:\\\/\\\/www.krafthand.de\\\/truck\\\/#\\\/schema\\\/person\\\/5e47d727209575a4b89376746e24f02f\",\"name\":\"Redaktion Truck\",\"image\":{\"@type\":\"ImageObject\",\"inLanguage\":\"de\",\"@id\":\"https:\\\/\\\/secure.gravatar.com\\\/avatar\\\/64cedf5d293ad6eb6600c19e949d032ff0090f240174891ab1517d73ead05c87?s=96&d=mm&r=g\",\"url\":\"https:\\\/\\\/secure.gravatar.com\\\/avatar\\\/64cedf5d293ad6eb6600c19e949d032ff0090f240174891ab1517d73ead05c87?s=96&d=mm&r=g\",\"contentUrl\":\"https:\\\/\\\/secure.gravatar.com\\\/avatar\\\/64cedf5d293ad6eb6600c19e949d032ff0090f240174891ab1517d73ead05c87?s=96&d=mm&r=g\",\"caption\":\"Redaktion Truck\"}}]}<\/script>\n<!-- \/ Yoast SEO plugin. -->","yoast_head_json":{"title":"De beaux camions \u00e9lectriques: Die neuen Renault-Trucks E-Tech T und C - Krafthand-Truck","description":"Die vollelektrischen Renault-Trucks E-Tech T\/C werden in Bourg-en-Bresse produziert. Der Verkaufsstart erfolgt Mitte bis Ende des Jahres.","robots":{"index":"index","follow":"follow","max-snippet":"max-snippet:-1","max-image-preview":"max-image-preview:large","max-video-preview":"max-video-preview:-1"},"canonical":"https:\/\/www.krafthand.de\/truck\/artikel\/de-beaux-camions-electriques-die-neuen-renault-trucks-e-tech-t-und-c-35805\/","og_locale":"de_DE","og_type":"article","og_title":"De beaux camions \u00e9lectriques: Die neuen Renault-Trucks E-Tech T und C - Krafthand-Truck","og_description":"Die vollelektrischen Renault-Trucks E-Tech T\/C werden in Bourg-en-Bresse produziert. Der Verkaufsstart erfolgt Mitte bis Ende des Jahres.","og_url":"https:\/\/www.krafthand-truck.de\/artikel\/de-beaux-camions-electriques-die-neuen-renault-trucks-e-tech-t-und-c-35805\/","og_site_name":"Krafthand-Truck","article_published_time":"2023-03-31T08:09:54+00:00","article_modified_time":"2023-03-31T08:12:48+00:00","og_image":[{"width":1225,"height":560,"url":"https:\/\/static.krafthand-truck.de\/uploads\/2023\/03\/01_2023_026-e1680250279672.jpg","type":"image\/jpeg"}],"author":"Redaktion Truck","twitter_card":"summary_large_image","twitter_misc":{"Verfasst von":"Redaktion Truck","Gesch\u00e4tzte Lesezeit":"3\u00a0Minuten"},"schema":{"@context":"https:\/\/schema.org","@graph":[{"@type":"Article","@id":"https:\/\/www.krafthand.de\/truck\/artikel\/de-beaux-camions-electriques-die-neuen-renault-trucks-e-tech-t-und-c-35805\/#article","isPartOf":{"@id":"https:\/\/www.krafthand.de\/truck\/artikel\/de-beaux-camions-electriques-die-neuen-renault-trucks-e-tech-t-und-c-35805\/"},"author":{"name":"Redaktion Truck","@id":"https:\/\/www.krafthand.de\/truck\/#\/schema\/person\/5e47d727209575a4b89376746e24f02f"},"headline":"De beaux camions \u00e9lectriques: Die neuen Renault-Trucks E-Tech T und C","datePublished":"2023-03-31T08:09:54+00:00","dateModified":"2023-03-31T08:12:48+00:00","mainEntityOfPage":{"@id":"https:\/\/www.krafthand.de\/truck\/artikel\/de-beaux-camions-electriques-die-neuen-renault-trucks-e-tech-t-und-c-35805\/"},"wordCount":424,"image":{"@id":"https:\/\/www.krafthand.de\/truck\/artikel\/de-beaux-camions-electriques-die-neuen-renault-trucks-e-tech-t-und-c-35805\/#primaryimage"},"thumbnailUrl":"https:\/\/static.krafthand-truck.de\/uploads\/2023\/03\/01_2023_026-e1680250279672.jpg","keywords":["E-Tech C","E-Tech T","Renault Trucks"],"articleSection":["E-Antrieb (BEV\/FCEV)","Neue Fahrzeuge"],"inLanguage":"de"},{"@type":"WebPage","@id":"https:\/\/www.krafthand.de\/truck\/artikel\/de-beaux-camions-electriques-die-neuen-renault-trucks-e-tech-t-und-c-35805\/","url":"https:\/\/www.krafthand.de\/truck\/artikel\/de-beaux-camions-electriques-die-neuen-renault-trucks-e-tech-t-und-c-35805\/","name":"De beaux camions \u00e9lectriques: Die neuen Renault-Trucks E-Tech T und C - Krafthand-Truck","isPartOf":{"@id":"https:\/\/www.krafthand.de\/truck\/#website"},"primaryImageOfPage":{"@id":"https:\/\/www.krafthand.de\/truck\/artikel\/de-beaux-camions-electriques-die-neuen-renault-trucks-e-tech-t-und-c-35805\/#primaryimage"},"image":{"@id":"https:\/\/www.krafthand.de\/truck\/artikel\/de-beaux-camions-electriques-die-neuen-renault-trucks-e-tech-t-und-c-35805\/#primaryimage"},"thumbnailUrl":"https:\/\/static.krafthand-truck.de\/uploads\/2023\/03\/01_2023_026-e1680250279672.jpg","datePublished":"2023-03-31T08:09:54+00:00","dateModified":"2023-03-31T08:12:48+00:00","author":{"@id":"https:\/\/www.krafthand.de\/truck\/#\/schema\/person\/5e47d727209575a4b89376746e24f02f"},"description":"Die vollelektrischen Renault-Trucks E-Tech T\/C werden in Bourg-en-Bresse produziert. Der Verkaufsstart erfolgt Mitte bis Ende des Jahres.","breadcrumb":{"@id":"https:\/\/www.krafthand.de\/truck\/artikel\/de-beaux-camions-electriques-die-neuen-renault-trucks-e-tech-t-und-c-35805\/#breadcrumb"},"inLanguage":"de","potentialAction":[{"@type":"ReadAction","target":["https:\/\/www.krafthand.de\/truck\/artikel\/de-beaux-camions-electriques-die-neuen-renault-trucks-e-tech-t-und-c-35805\/"]}]},{"@type":"ImageObject","inLanguage":"de","@id":"https:\/\/www.krafthand.de\/truck\/artikel\/de-beaux-camions-electriques-die-neuen-renault-trucks-e-tech-t-und-c-35805\/#primaryimage","url":"https:\/\/static.krafthand-truck.de\/uploads\/2023\/03\/01_2023_026-e1680250279672.jpg","contentUrl":"https:\/\/static.krafthand-truck.de\/uploads\/2023\/03\/01_2023_026-e1680250279672.jpg","width":1225,"height":560,"caption":"Der E-Tech T kommt wie sein Bruder im neuen Design daher. Bild: Renault-Trucks"},{"@type":"BreadcrumbList","@id":"https:\/\/www.krafthand.de\/truck\/artikel\/de-beaux-camions-electriques-die-neuen-renault-trucks-e-tech-t-und-c-35805\/#breadcrumb","itemListElement":[{"@type":"ListItem","position":1,"name":"Krafthand-Truck","item":"https:\/\/www.krafthand.de\/truck\/"},{"@type":"ListItem","position":2,"name":"IT+Fuhrpark","item":"https:\/\/www.krafthand.de\/truck\/kategorie\/fuhrpark\/"},{"@type":"ListItem","position":3,"name":"Neue Fahrzeuge","item":"https:\/\/www.krafthand.de\/truck\/kategorie\/fuhrpark\/neue-fahrzeuge\/"},{"@type":"ListItem","position":4,"name":"De beaux camions \u00e9lectriques: Die neuen Renault-Trucks E-Tech T und C"}]},{"@type":"WebSite","@id":"https:\/\/www.krafthand.de\/truck\/#website","url":"https:\/\/www.krafthand.de\/truck\/","name":"Krafthand-Truck","description":"","potentialAction":[{"@type":"SearchAction","target":{"@type":"EntryPoint","urlTemplate":"https:\/\/www.krafthand.de\/truck\/?s={search_term_string}"},"query-input":{"@type":"PropertyValueSpecification","valueRequired":true,"valueName":"search_term_string"}}],"inLanguage":"de"},{"@type":"Person","@id":"https:\/\/www.krafthand.de\/truck\/#\/schema\/person\/5e47d727209575a4b89376746e24f02f","name":"Redaktion Truck","image":{"@type":"ImageObject","inLanguage":"de","@id":"https:\/\/secure.gravatar.com\/avatar\/64cedf5d293ad6eb6600c19e949d032ff0090f240174891ab1517d73ead05c87?s=96&d=mm&r=g","url":"https:\/\/secure.gravatar.com\/avatar\/64cedf5d293ad6eb6600c19e949d032ff0090f240174891ab1517d73ead05c87?s=96&d=mm&r=g","contentUrl":"https:\/\/secure.gravatar.com\/avatar\/64cedf5d293ad6eb6600c19e949d032ff0090f240174891ab1517d73ead05c87?s=96&d=mm&r=g","caption":"Redaktion Truck"}}]}},"_links":{"self":[{"href":"https:\/\/www.krafthand.de\/truck\/wp-json\/wp\/v2\/posts\/35805","targetHints":{"allow":["GET"]}}],"collection":[{"href":"https:\/\/www.krafthand.de\/truck\/wp-json\/wp\/v2\/posts"}],"about":[{"href":"https:\/\/www.krafthand.de\/truck\/wp-json\/wp\/v2\/types\/post"}],"author":[{"embeddable":true,"href":"https:\/\/www.krafthand.de\/truck\/wp-json\/wp\/v2\/users\/11"}],"replies":[{"embeddable":true,"href":"https:\/\/www.krafthand.de\/truck\/wp-json\/wp\/v2\/comments?post=35805"}],"version-history":[{"count":2,"href":"https:\/\/www.krafthand.de\/truck\/wp-json\/wp\/v2\/posts\/35805\/revisions"}],"predecessor-version":[{"id":35807,"href":"https:\/\/www.krafthand.de\/truck\/wp-json\/wp\/v2\/posts\/35805\/revisions\/35807"}],"wp:featuredmedia":[{"embeddable":true,"href":"https:\/\/www.krafthand.de\/truck\/wp-json\/wp\/v2\/media\/35806"}],"wp:attachment":[{"href":"https:\/\/www.krafthand.de\/truck\/wp-json\/wp\/v2\/media?parent=35805"}],"wp:term":[{"taxonomy":"category","embeddable":true,"href":"https:\/\/www.krafthand.de\/truck\/wp-json\/wp\/v2\/categories?post=35805"},{"taxonomy":"post_tag","embeddable":true,"href":"https:\/\/www.krafthand.de\/truck\/wp-json\/wp\/v2\/tags?post=35805"},{"taxonomy":"settings","embeddable":true,"href":"https:\/\/www.krafthand.de\/truck\/wp-json\/wp\/v2\/settings?post=35805"}],"curies":[{"name":"wp","href":"https:\/\/api.w.org\/{rel}","templated":true}]}}