{"id":35787,"date":"2023-03-31T09:22:28","date_gmt":"2023-03-31T07:22:28","guid":{"rendered":"https:\/\/www.krafthand.de\/truck\/?p=35787"},"modified":"2023-03-31T09:49:27","modified_gmt":"2023-03-31T07:49:27","slug":"josam-richttechnik-neue-rahmenvertraege-mit-volvo-renault-und-scania","status":"publish","type":"post","link":"https:\/\/www.krafthand.de\/truck\/artikel\/josam-richttechnik-neue-rahmenvertraege-mit-volvo-renault-und-scania-35787\/","title":{"rendered":"JOSAM Richttechnik: Neue Rahmenvertr\u00e4ge mit Volvo, Renault und Scania"},"content":{"rendered":"<p>Zum Jahresstart 2023 konnten JOSAM und die Volvo\/Renault-Gruppe, als auch Scania erfolgreich einen neuen Rahmenvertrag miteinander schlie\u00dfen. Neben den <a href=\"https:\/\/nfz-werkstattausruestung.de\/\" target=\"_blank\" rel=\"noopener\">JOSAM<\/a> Achsmessger\u00e4ten, Rahmenricht- und Fahrerhausanlagen (siehe Kataloge untenan) sind folgende Ger\u00e4te Gegenstand der neuen Vereinbarungen:<\/p>\n<p>Der <strong>Pneumatische Fahrzeugroller<\/strong> V350B: Bei einer \u201eRollvermessung\u201c ( nur bei elektronischen Messger\u00e4ten Cam-Aligner und i-Track) wird die Radhalter-Kompensation durch Fahren einer \u00bd Umdrehung des Rades durchgef\u00fchrt. Anstatt mit dem Motor kann dies mit Hilfe des V350B problemlos und kontrolliert \u201evon au\u00dfen \/ohne Motor\u201c, ohne Ger\u00e4usch- und Abgasbelastung in der Werkstatt, durchgef\u00fchrt werden.<\/p>\n<p>Der <strong>Radlastwaagen-Satz<\/strong> SC12-HT: Bei Fahrwerksproblemen wie einseitiges Ziehen zu einer Seite k\u00f6nnen unterschiedliche Belastungen der Achsen eine gro\u00dfe Rolle spielen. Um diese Ursachen fachgerecht ausfindig zu machen, sind Radlastwagen unerl\u00e4sslich.<\/p>\n<p>&nbsp;<\/p>\n<div class=\"gallery-container\"><div class=\"owl-carousel owl-theme\">\r\n        <div>\r\n        \t<img decoding=\"async\" src=\"https:\/\/static.krafthand-truck.de\/uploads\/2023\/03\/JOSAM-Richttechnik_LKW-Roller-Anwendung-2-1024x720.jpg\" alt=\"\" \/>\r\n          <a href=\"https:\/\/static.krafthand-truck.de\/uploads\/2023\/03\/JOSAM-Richttechnik_LKW-Roller-Anwendung-2-1024x720.jpg\" data-featherlight=\"gallery_69f5523fe66f6\" class=\"gallery-expand\" data-title=\"Pneumatischer Fahrzeugroller V350B\"><i class=\"fa fa-expand\" aria-hidden=\"true\"><\/i><\/a>\r\n        \t<div class=\"gallery-caption wp-caption-text\"><p>Pneumatischer Fahrzeugroller V350B<\/p>\n<\/div>\r\n        <\/div>\r\n        <div>\r\n        \t<img decoding=\"async\" src=\"https:\/\/static.krafthand-truck.de\/uploads\/2023\/03\/JOSAM-Richttechnik_Radlastwaagensatz_SC12-HT_Platten-1024x629.jpg\" alt=\"\" \/>\r\n          <a href=\"https:\/\/static.krafthand-truck.de\/uploads\/2023\/03\/JOSAM-Richttechnik_Radlastwaagensatz_SC12-HT_Platten-1024x629.jpg\" data-featherlight=\"gallery_69f5523fe66f6\" class=\"gallery-expand\" data-title=\"Radlastwaagen-Satz SC12-HT\"><i class=\"fa fa-expand\" aria-hidden=\"true\"><\/i><\/a>\r\n        \t<div class=\"gallery-caption wp-caption-text\"><p>Radlastwaagen-Satz SC12-HT<\/p>\n<\/div>\r\n        <\/div>\r\n        <div>\r\n        \t<img decoding=\"async\" src=\"https:\/\/static.krafthand-truck.de\/uploads\/2023\/03\/JOSAM-Richttechnik-H4Pro_Induktionserhitzer-1024x576.jpg\" alt=\"\" \/>\r\n          <a href=\"https:\/\/static.krafthand-truck.de\/uploads\/2023\/03\/JOSAM-Richttechnik-H4Pro_Induktionserhitzer-1024x576.jpg\" data-featherlight=\"gallery_69f5523fe66f6\" class=\"gallery-expand\" data-title=\"Mobiler Induktionserhitzer H4Pro\"><i class=\"fa fa-expand\" aria-hidden=\"true\"><\/i><\/a>\r\n        \t<div class=\"gallery-caption wp-caption-text\"><p>Mobiler Induktionserhitzer H4Pro<\/p>\n<\/div>\r\n        <\/div>\r\n        <div>\r\n        \t<img decoding=\"async\" src=\"https:\/\/static.krafthand-truck.de\/uploads\/2023\/03\/JOSAM-Richttechnik_CTR9_Punktschweissgeraet_Lkw_Fahrerkabine-1024x683.jpg\" alt=\"\" \/>\r\n          <a href=\"https:\/\/static.krafthand-truck.de\/uploads\/2023\/03\/JOSAM-Richttechnik_CTR9_Punktschweissgeraet_Lkw_Fahrerkabine-1024x683.jpg\" data-featherlight=\"gallery_69f5523fe66f6\" class=\"gallery-expand\" data-title=\"Punktschweissger\u00e4t CTR9\"><i class=\"fa fa-expand\" aria-hidden=\"true\"><\/i><\/a>\r\n        \t<div class=\"gallery-caption wp-caption-text\"><p>Punktschweissger\u00e4t CTR9<\/p>\n<\/div>\r\n        <\/div><\/div><\/div>\r\n\t<script>\r\n\t\tjQuery(document).ready(function($){\r\n      setTimeout(function(){\r\n  \t\t\t$(\".owl-carousel\").owlCarousel({\r\n  \t\t\t\tloop:true,\r\n    \t\t\tmargin:10,\r\n    \t\t\tresponsiveClass:true,\r\n    \t\t\titems:1,\r\n    \t\t\tautoHeight: true,\r\n          nav: true,\r\n          URLhashListener: true,\r\n          startPosition: \"URLHash\",\r\n          navText: [\r\n            \"<i class='fa fa-chevron-left'><\/i>\",\r\n            \"<i class='fa fa-chevron-right'><\/i>\"\r\n          ],\r\n  \t\t\t});\r\n      }, 2000);\r\n\t\t});\r\n\t<\/script>\r\n\t\n<p>&nbsp;<\/p>\n<p>Der mobile <strong>Induktionserhitzer<\/strong> H4Pro (3,7 kW): Nachfolgemodell des JH400 mit identischer Ausgangsleistung von 3,7 KW, jedoch in einem neuen Design. Der H4Pro verf\u00fcgt \u00fcber diverse Einstellungs-Parametern und ist aufgrund der Trennungsm\u00f6glichkeit vom Ger\u00e4tewagen leichter zu handhaben. Er wiegt lediglich 13 Kilogramm.<\/p>\n<p>CTR9 T &amp; B <strong>Punktschweissger\u00e4t<\/strong> f\u00fcr Fahrerhaus- und Busarbeiten: &#8211; Neues Punktschwei\u00dfger\u00e4t, welches den heutigen Anforderungen der Nfz- und Bus-Herstellern entspricht. So werden die unterschiedlichen Bleche die im Fahrerhaus verarbeitet werden f\u00fcr die Schweisspunke ber\u00fccksichtigt und eine Dokumentation des Vorganges kann abgerufen werden.<\/p>\n<p>&nbsp;<\/p>\n<figure id=\"attachment_35792\" aria-describedby=\"caption-attachment-35792\" style=\"width: 800px\" class=\"wp-caption aligncenter\"><a href=\"https:\/\/static.krafthand-truck.de\/uploads\/2023\/03\/JOSAM-Richttechnik_Broschueren_Achsvermessung_Renault_Scania_Volvo.jpg\" target=\"_blank\" rel=\"noopener\"><img fetchpriority=\"high\" decoding=\"async\" class=\"wp-image-35792\" src=\"https:\/\/static.krafthand-truck.de\/uploads\/2023\/03\/JOSAM-Richttechnik_Broschueren_Achsvermessung_Renault_Scania_Volvo-300x140.jpg\" alt=\"\" width=\"800\" height=\"373\" srcset=\"https:\/\/static.krafthand-truck.de\/uploads\/2023\/03\/JOSAM-Richttechnik_Broschueren_Achsvermessung_Renault_Scania_Volvo-300x140.jpg 300w, https:\/\/static.krafthand-truck.de\/uploads\/2023\/03\/JOSAM-Richttechnik_Broschueren_Achsvermessung_Renault_Scania_Volvo-1024x478.jpg 1024w, https:\/\/static.krafthand-truck.de\/uploads\/2023\/03\/JOSAM-Richttechnik_Broschueren_Achsvermessung_Renault_Scania_Volvo-768x358.jpg 768w, https:\/\/static.krafthand-truck.de\/uploads\/2023\/03\/JOSAM-Richttechnik_Broschueren_Achsvermessung_Renault_Scania_Volvo.jpg 1200w\" sizes=\"(max-width: 800px) 100vw, 800px\" \/><\/a><figcaption id=\"caption-attachment-35792\" class=\"wp-caption-text\">Die drei neuen Brosch\u00fcren von JOSAM zum Thema Achsvermessung f\u00fcr Renault-, Scania- und Volvo-Trucks.<\/figcaption><\/figure>\n<p>&nbsp;<\/p>\n","protected":false},"excerpt":{"rendered":"<p>Zum Jahresstart 2023 konnten JOSAM und die Volvo\/Renault-Gruppe, als auch Scania erfolgreich einen neuen Rahmenvertrag miteinander schlie\u00dfen. Neben den JOSAM Achsmessger\u00e4ten, Rahmenricht- und Fahrerhausanlagen sind Induktionserhitzer, Radlastwagen, Punktschweissger\u00e4te und Fahrzeugroller Gegenstand der neuen Vereinbarungen. <span class=\"excerpt-more__dots\">&#8230;<\/span> <a class=\"excerpt-more__link\" href=\"https:\/\/www.krafthand.de\/truck\/artikel\/josam-richttechnik-neue-rahmenvertraege-mit-volvo-renault-und-scania-35787\/\" >weiter<\/a><\/p>\n","protected":false},"author":9,"featured_media":35791,"comment_status":"closed","ping_status":"closed","sticky":false,"template":"","format":"standard","meta":{"footnotes":""},"categories":[4220,4221],"tags":[668,2537,5579,971,136,752],"settings":[3523],"class_list":["post-35787","post","type-post","status-publish","format-standard","has-post-thumbnail","hentry","category-werkstattausruestung","category-werkzeuge","tag-induktionserhitzer","tag-josam","tag-rahmen-richten","tag-renault","tag-scania","tag-volvo"],"yoast_head":"<!-- This site is optimized with the Yoast SEO plugin v27.3 - https:\/\/yoast.com\/product\/yoast-seo-wordpress\/ -->\n<title>JOSAM Richttechnik: Neue Rahmenvertr\u00e4ge mit Volvo, Renault und Scania - Krafthand-Truck<\/title>\n<meta name=\"description\" content=\"Zum Jahresstart 2023 konnten JOSAM und die Volvo\/Renault-Gruppe, als auch Scania einen neuen Rahmenvertrag abschlie\u00dfen.\" \/>\n<meta name=\"robots\" content=\"index, follow, max-snippet:-1, max-image-preview:large, max-video-preview:-1\" \/>\n<link rel=\"canonical\" href=\"https:\/\/www.krafthand.de\/truck\/artikel\/josam-richttechnik-neue-rahmenvertraege-mit-volvo-renault-und-scania-35787\/\" \/>\n<meta property=\"og:locale\" content=\"de_DE\" \/>\n<meta property=\"og:type\" content=\"article\" \/>\n<meta property=\"og:title\" content=\"JOSAM Richttechnik: Neue Rahmenvertr\u00e4ge mit Volvo, Renault und Scania - Krafthand-Truck\" \/>\n<meta property=\"og:description\" content=\"Zum Jahresstart 2023 konnten JOSAM und die Volvo\/Renault-Gruppe, als auch Scania einen neuen Rahmenvertrag abschlie\u00dfen.\" \/>\n<meta property=\"og:url\" content=\"https:\/\/www.krafthand-truck.de\/artikel\/josam-richttechnik-neue-rahmenvertraege-mit-volvo-renault-und-scania-35787\/\" \/>\n<meta property=\"og:site_name\" content=\"Krafthand-Truck\" \/>\n<meta property=\"article:published_time\" content=\"2023-03-31T07:22:28+00:00\" \/>\n<meta property=\"article:modified_time\" content=\"2023-03-31T07:49:27+00:00\" \/>\n<meta property=\"og:image\" content=\"https:\/\/static.krafthand-truck.de\/uploads\/2023\/03\/Josam_Rahmenrichtsatz_Cam-Aligner_Renault_Trucks.jpg\" \/>\n\t<meta property=\"og:image:width\" content=\"1200\" \/>\n\t<meta property=\"og:image:height\" content=\"821\" \/>\n\t<meta property=\"og:image:type\" content=\"image\/jpeg\" \/>\n<meta name=\"author\" content=\"georg.blenk@krafthand-medien.de\" \/>\n<meta name=\"twitter:card\" content=\"summary_large_image\" \/>\n<meta name=\"twitter:label1\" content=\"Verfasst von\" \/>\n\t<meta name=\"twitter:data1\" content=\"georg.blenk@krafthand-medien.de\" \/>\n\t<meta name=\"twitter:label2\" content=\"Gesch\u00e4tzte Lesezeit\" \/>\n\t<meta name=\"twitter:data2\" content=\"2\u00a0Minuten\" \/>\n<script type=\"application\/ld+json\" class=\"yoast-schema-graph\">{\"@context\":\"https:\\\/\\\/schema.org\",\"@graph\":[{\"@type\":\"Article\",\"@id\":\"https:\\\/\\\/www.krafthand.de\\\/truck\\\/artikel\\\/josam-richttechnik-neue-rahmenvertraege-mit-volvo-renault-und-scania-35787\\\/#article\",\"isPartOf\":{\"@id\":\"https:\\\/\\\/www.krafthand.de\\\/truck\\\/artikel\\\/josam-richttechnik-neue-rahmenvertraege-mit-volvo-renault-und-scania-35787\\\/\"},\"author\":{\"name\":\"georg.blenk@krafthand-medien.de\",\"@id\":\"https:\\\/\\\/www.krafthand.de\\\/truck\\\/#\\\/schema\\\/person\\\/51fa80b1c57034c4bf63f9f988fc24ce\"},\"headline\":\"JOSAM Richttechnik: Neue Rahmenvertr\u00e4ge mit Volvo, Renault und Scania\",\"datePublished\":\"2023-03-31T07:22:28+00:00\",\"dateModified\":\"2023-03-31T07:49:27+00:00\",\"mainEntityOfPage\":{\"@id\":\"https:\\\/\\\/www.krafthand.de\\\/truck\\\/artikel\\\/josam-richttechnik-neue-rahmenvertraege-mit-volvo-renault-und-scania-35787\\\/\"},\"wordCount\":259,\"image\":{\"@id\":\"https:\\\/\\\/www.krafthand.de\\\/truck\\\/artikel\\\/josam-richttechnik-neue-rahmenvertraege-mit-volvo-renault-und-scania-35787\\\/#primaryimage\"},\"thumbnailUrl\":\"https:\\\/\\\/static.krafthand-truck.de\\\/uploads\\\/2023\\\/03\\\/Josam_Rahmenrichtsatz_Cam-Aligner_Renault_Trucks.jpg\",\"keywords\":[\"Induktionserhitzer\",\"Josam\",\"Rahmen richten\",\"Renault\",\"Scania\",\"Volvo\"],\"articleSection\":[\"Werkstattausr\u00fcstung\",\"Werkzeuge\\\/Tools\"],\"inLanguage\":\"de\"},{\"@type\":\"WebPage\",\"@id\":\"https:\\\/\\\/www.krafthand.de\\\/truck\\\/artikel\\\/josam-richttechnik-neue-rahmenvertraege-mit-volvo-renault-und-scania-35787\\\/\",\"url\":\"https:\\\/\\\/www.krafthand.de\\\/truck\\\/artikel\\\/josam-richttechnik-neue-rahmenvertraege-mit-volvo-renault-und-scania-35787\\\/\",\"name\":\"JOSAM Richttechnik: Neue Rahmenvertr\u00e4ge mit Volvo, Renault und Scania - Krafthand-Truck\",\"isPartOf\":{\"@id\":\"https:\\\/\\\/www.krafthand.de\\\/truck\\\/#website\"},\"primaryImageOfPage\":{\"@id\":\"https:\\\/\\\/www.krafthand.de\\\/truck\\\/artikel\\\/josam-richttechnik-neue-rahmenvertraege-mit-volvo-renault-und-scania-35787\\\/#primaryimage\"},\"image\":{\"@id\":\"https:\\\/\\\/www.krafthand.de\\\/truck\\\/artikel\\\/josam-richttechnik-neue-rahmenvertraege-mit-volvo-renault-und-scania-35787\\\/#primaryimage\"},\"thumbnailUrl\":\"https:\\\/\\\/static.krafthand-truck.de\\\/uploads\\\/2023\\\/03\\\/Josam_Rahmenrichtsatz_Cam-Aligner_Renault_Trucks.jpg\",\"datePublished\":\"2023-03-31T07:22:28+00:00\",\"dateModified\":\"2023-03-31T07:49:27+00:00\",\"author\":{\"@id\":\"https:\\\/\\\/www.krafthand.de\\\/truck\\\/#\\\/schema\\\/person\\\/51fa80b1c57034c4bf63f9f988fc24ce\"},\"description\":\"Zum Jahresstart 2023 konnten JOSAM und die Volvo\\\/Renault-Gruppe, als auch Scania einen neuen Rahmenvertrag abschlie\u00dfen.\",\"breadcrumb\":{\"@id\":\"https:\\\/\\\/www.krafthand.de\\\/truck\\\/artikel\\\/josam-richttechnik-neue-rahmenvertraege-mit-volvo-renault-und-scania-35787\\\/#breadcrumb\"},\"inLanguage\":\"de\",\"potentialAction\":[{\"@type\":\"ReadAction\",\"target\":[\"https:\\\/\\\/www.krafthand.de\\\/truck\\\/artikel\\\/josam-richttechnik-neue-rahmenvertraege-mit-volvo-renault-und-scania-35787\\\/\"]}]},{\"@type\":\"ImageObject\",\"inLanguage\":\"de\",\"@id\":\"https:\\\/\\\/www.krafthand.de\\\/truck\\\/artikel\\\/josam-richttechnik-neue-rahmenvertraege-mit-volvo-renault-und-scania-35787\\\/#primaryimage\",\"url\":\"https:\\\/\\\/static.krafthand-truck.de\\\/uploads\\\/2023\\\/03\\\/Josam_Rahmenrichtsatz_Cam-Aligner_Renault_Trucks.jpg\",\"contentUrl\":\"https:\\\/\\\/static.krafthand-truck.de\\\/uploads\\\/2023\\\/03\\\/Josam_Rahmenrichtsatz_Cam-Aligner_Renault_Trucks.jpg\",\"width\":1200,\"height\":821},{\"@type\":\"BreadcrumbList\",\"@id\":\"https:\\\/\\\/www.krafthand.de\\\/truck\\\/artikel\\\/josam-richttechnik-neue-rahmenvertraege-mit-volvo-renault-und-scania-35787\\\/#breadcrumb\",\"itemListElement\":[{\"@type\":\"ListItem\",\"position\":1,\"name\":\"Krafthand-Truck\",\"item\":\"https:\\\/\\\/www.krafthand.de\\\/truck\\\/\"},{\"@type\":\"ListItem\",\"position\":2,\"name\":\"Nfz-Service\",\"item\":\"https:\\\/\\\/www.krafthand.de\\\/truck\\\/kategorie\\\/nfz-service\\\/\"},{\"@type\":\"ListItem\",\"position\":3,\"name\":\"Werkstattausr\u00fcstung\",\"item\":\"https:\\\/\\\/www.krafthand.de\\\/truck\\\/kategorie\\\/nfz-service\\\/werkstattausruestung\\\/\"},{\"@type\":\"ListItem\",\"position\":4,\"name\":\"JOSAM Richttechnik: Neue Rahmenvertr\u00e4ge mit Volvo, Renault und Scania\"}]},{\"@type\":\"WebSite\",\"@id\":\"https:\\\/\\\/www.krafthand.de\\\/truck\\\/#website\",\"url\":\"https:\\\/\\\/www.krafthand.de\\\/truck\\\/\",\"name\":\"Krafthand-Truck\",\"description\":\"\",\"potentialAction\":[{\"@type\":\"SearchAction\",\"target\":{\"@type\":\"EntryPoint\",\"urlTemplate\":\"https:\\\/\\\/www.krafthand.de\\\/truck\\\/?s={search_term_string}\"},\"query-input\":{\"@type\":\"PropertyValueSpecification\",\"valueRequired\":true,\"valueName\":\"search_term_string\"}}],\"inLanguage\":\"de\"},{\"@type\":\"Person\",\"@id\":\"https:\\\/\\\/www.krafthand.de\\\/truck\\\/#\\\/schema\\\/person\\\/51fa80b1c57034c4bf63f9f988fc24ce\",\"name\":\"georg.blenk@krafthand-medien.de\",\"image\":{\"@type\":\"ImageObject\",\"inLanguage\":\"de\",\"@id\":\"https:\\\/\\\/secure.gravatar.com\\\/avatar\\\/93713c30affe0aa95d3a4130e499bb1abee2eb31adbdd9ce2aa1543538490215?s=96&d=mm&r=g\",\"url\":\"https:\\\/\\\/secure.gravatar.com\\\/avatar\\\/93713c30affe0aa95d3a4130e499bb1abee2eb31adbdd9ce2aa1543538490215?s=96&d=mm&r=g\",\"contentUrl\":\"https:\\\/\\\/secure.gravatar.com\\\/avatar\\\/93713c30affe0aa95d3a4130e499bb1abee2eb31adbdd9ce2aa1543538490215?s=96&d=mm&r=g\",\"caption\":\"georg.blenk@krafthand-medien.de\"}}]}<\/script>\n<!-- \/ Yoast SEO plugin. -->","yoast_head_json":{"title":"JOSAM Richttechnik: Neue Rahmenvertr\u00e4ge mit Volvo, Renault und Scania - Krafthand-Truck","description":"Zum Jahresstart 2023 konnten JOSAM und die Volvo\/Renault-Gruppe, als auch Scania einen neuen Rahmenvertrag abschlie\u00dfen.","robots":{"index":"index","follow":"follow","max-snippet":"max-snippet:-1","max-image-preview":"max-image-preview:large","max-video-preview":"max-video-preview:-1"},"canonical":"https:\/\/www.krafthand.de\/truck\/artikel\/josam-richttechnik-neue-rahmenvertraege-mit-volvo-renault-und-scania-35787\/","og_locale":"de_DE","og_type":"article","og_title":"JOSAM Richttechnik: Neue Rahmenvertr\u00e4ge mit Volvo, Renault und Scania - Krafthand-Truck","og_description":"Zum Jahresstart 2023 konnten JOSAM und die Volvo\/Renault-Gruppe, als auch Scania einen neuen Rahmenvertrag abschlie\u00dfen.","og_url":"https:\/\/www.krafthand-truck.de\/artikel\/josam-richttechnik-neue-rahmenvertraege-mit-volvo-renault-und-scania-35787\/","og_site_name":"Krafthand-Truck","article_published_time":"2023-03-31T07:22:28+00:00","article_modified_time":"2023-03-31T07:49:27+00:00","og_image":[{"width":1200,"height":821,"url":"https:\/\/static.krafthand-truck.de\/uploads\/2023\/03\/Josam_Rahmenrichtsatz_Cam-Aligner_Renault_Trucks.jpg","type":"image\/jpeg"}],"author":"georg.blenk@krafthand-medien.de","twitter_card":"summary_large_image","twitter_misc":{"Verfasst von":"georg.blenk@krafthand-medien.de","Gesch\u00e4tzte Lesezeit":"2\u00a0Minuten"},"schema":{"@context":"https:\/\/schema.org","@graph":[{"@type":"Article","@id":"https:\/\/www.krafthand.de\/truck\/artikel\/josam-richttechnik-neue-rahmenvertraege-mit-volvo-renault-und-scania-35787\/#article","isPartOf":{"@id":"https:\/\/www.krafthand.de\/truck\/artikel\/josam-richttechnik-neue-rahmenvertraege-mit-volvo-renault-und-scania-35787\/"},"author":{"name":"georg.blenk@krafthand-medien.de","@id":"https:\/\/www.krafthand.de\/truck\/#\/schema\/person\/51fa80b1c57034c4bf63f9f988fc24ce"},"headline":"JOSAM Richttechnik: Neue Rahmenvertr\u00e4ge mit Volvo, Renault und Scania","datePublished":"2023-03-31T07:22:28+00:00","dateModified":"2023-03-31T07:49:27+00:00","mainEntityOfPage":{"@id":"https:\/\/www.krafthand.de\/truck\/artikel\/josam-richttechnik-neue-rahmenvertraege-mit-volvo-renault-und-scania-35787\/"},"wordCount":259,"image":{"@id":"https:\/\/www.krafthand.de\/truck\/artikel\/josam-richttechnik-neue-rahmenvertraege-mit-volvo-renault-und-scania-35787\/#primaryimage"},"thumbnailUrl":"https:\/\/static.krafthand-truck.de\/uploads\/2023\/03\/Josam_Rahmenrichtsatz_Cam-Aligner_Renault_Trucks.jpg","keywords":["Induktionserhitzer","Josam","Rahmen richten","Renault","Scania","Volvo"],"articleSection":["Werkstattausr\u00fcstung","Werkzeuge\/Tools"],"inLanguage":"de"},{"@type":"WebPage","@id":"https:\/\/www.krafthand.de\/truck\/artikel\/josam-richttechnik-neue-rahmenvertraege-mit-volvo-renault-und-scania-35787\/","url":"https:\/\/www.krafthand.de\/truck\/artikel\/josam-richttechnik-neue-rahmenvertraege-mit-volvo-renault-und-scania-35787\/","name":"JOSAM Richttechnik: Neue Rahmenvertr\u00e4ge mit Volvo, Renault und Scania - Krafthand-Truck","isPartOf":{"@id":"https:\/\/www.krafthand.de\/truck\/#website"},"primaryImageOfPage":{"@id":"https:\/\/www.krafthand.de\/truck\/artikel\/josam-richttechnik-neue-rahmenvertraege-mit-volvo-renault-und-scania-35787\/#primaryimage"},"image":{"@id":"https:\/\/www.krafthand.de\/truck\/artikel\/josam-richttechnik-neue-rahmenvertraege-mit-volvo-renault-und-scania-35787\/#primaryimage"},"thumbnailUrl":"https:\/\/static.krafthand-truck.de\/uploads\/2023\/03\/Josam_Rahmenrichtsatz_Cam-Aligner_Renault_Trucks.jpg","datePublished":"2023-03-31T07:22:28+00:00","dateModified":"2023-03-31T07:49:27+00:00","author":{"@id":"https:\/\/www.krafthand.de\/truck\/#\/schema\/person\/51fa80b1c57034c4bf63f9f988fc24ce"},"description":"Zum Jahresstart 2023 konnten JOSAM und die Volvo\/Renault-Gruppe, als auch Scania einen neuen Rahmenvertrag abschlie\u00dfen.","breadcrumb":{"@id":"https:\/\/www.krafthand.de\/truck\/artikel\/josam-richttechnik-neue-rahmenvertraege-mit-volvo-renault-und-scania-35787\/#breadcrumb"},"inLanguage":"de","potentialAction":[{"@type":"ReadAction","target":["https:\/\/www.krafthand.de\/truck\/artikel\/josam-richttechnik-neue-rahmenvertraege-mit-volvo-renault-und-scania-35787\/"]}]},{"@type":"ImageObject","inLanguage":"de","@id":"https:\/\/www.krafthand.de\/truck\/artikel\/josam-richttechnik-neue-rahmenvertraege-mit-volvo-renault-und-scania-35787\/#primaryimage","url":"https:\/\/static.krafthand-truck.de\/uploads\/2023\/03\/Josam_Rahmenrichtsatz_Cam-Aligner_Renault_Trucks.jpg","contentUrl":"https:\/\/static.krafthand-truck.de\/uploads\/2023\/03\/Josam_Rahmenrichtsatz_Cam-Aligner_Renault_Trucks.jpg","width":1200,"height":821},{"@type":"BreadcrumbList","@id":"https:\/\/www.krafthand.de\/truck\/artikel\/josam-richttechnik-neue-rahmenvertraege-mit-volvo-renault-und-scania-35787\/#breadcrumb","itemListElement":[{"@type":"ListItem","position":1,"name":"Krafthand-Truck","item":"https:\/\/www.krafthand.de\/truck\/"},{"@type":"ListItem","position":2,"name":"Nfz-Service","item":"https:\/\/www.krafthand.de\/truck\/kategorie\/nfz-service\/"},{"@type":"ListItem","position":3,"name":"Werkstattausr\u00fcstung","item":"https:\/\/www.krafthand.de\/truck\/kategorie\/nfz-service\/werkstattausruestung\/"},{"@type":"ListItem","position":4,"name":"JOSAM Richttechnik: Neue Rahmenvertr\u00e4ge mit Volvo, Renault und Scania"}]},{"@type":"WebSite","@id":"https:\/\/www.krafthand.de\/truck\/#website","url":"https:\/\/www.krafthand.de\/truck\/","name":"Krafthand-Truck","description":"","potentialAction":[{"@type":"SearchAction","target":{"@type":"EntryPoint","urlTemplate":"https:\/\/www.krafthand.de\/truck\/?s={search_term_string}"},"query-input":{"@type":"PropertyValueSpecification","valueRequired":true,"valueName":"search_term_string"}}],"inLanguage":"de"},{"@type":"Person","@id":"https:\/\/www.krafthand.de\/truck\/#\/schema\/person\/51fa80b1c57034c4bf63f9f988fc24ce","name":"georg.blenk@krafthand-medien.de","image":{"@type":"ImageObject","inLanguage":"de","@id":"https:\/\/secure.gravatar.com\/avatar\/93713c30affe0aa95d3a4130e499bb1abee2eb31adbdd9ce2aa1543538490215?s=96&d=mm&r=g","url":"https:\/\/secure.gravatar.com\/avatar\/93713c30affe0aa95d3a4130e499bb1abee2eb31adbdd9ce2aa1543538490215?s=96&d=mm&r=g","contentUrl":"https:\/\/secure.gravatar.com\/avatar\/93713c30affe0aa95d3a4130e499bb1abee2eb31adbdd9ce2aa1543538490215?s=96&d=mm&r=g","caption":"georg.blenk@krafthand-medien.de"}}]}},"_links":{"self":[{"href":"https:\/\/www.krafthand.de\/truck\/wp-json\/wp\/v2\/posts\/35787","targetHints":{"allow":["GET"]}}],"collection":[{"href":"https:\/\/www.krafthand.de\/truck\/wp-json\/wp\/v2\/posts"}],"about":[{"href":"https:\/\/www.krafthand.de\/truck\/wp-json\/wp\/v2\/types\/post"}],"author":[{"embeddable":true,"href":"https:\/\/www.krafthand.de\/truck\/wp-json\/wp\/v2\/users\/9"}],"replies":[{"embeddable":true,"href":"https:\/\/www.krafthand.de\/truck\/wp-json\/wp\/v2\/comments?post=35787"}],"version-history":[{"count":11,"href":"https:\/\/www.krafthand.de\/truck\/wp-json\/wp\/v2\/posts\/35787\/revisions"}],"predecessor-version":[{"id":35804,"href":"https:\/\/www.krafthand.de\/truck\/wp-json\/wp\/v2\/posts\/35787\/revisions\/35804"}],"wp:featuredmedia":[{"embeddable":true,"href":"https:\/\/www.krafthand.de\/truck\/wp-json\/wp\/v2\/media\/35791"}],"wp:attachment":[{"href":"https:\/\/www.krafthand.de\/truck\/wp-json\/wp\/v2\/media?parent=35787"}],"wp:term":[{"taxonomy":"category","embeddable":true,"href":"https:\/\/www.krafthand.de\/truck\/wp-json\/wp\/v2\/categories?post=35787"},{"taxonomy":"post_tag","embeddable":true,"href":"https:\/\/www.krafthand.de\/truck\/wp-json\/wp\/v2\/tags?post=35787"},{"taxonomy":"settings","embeddable":true,"href":"https:\/\/www.krafthand.de\/truck\/wp-json\/wp\/v2\/settings?post=35787"}],"curies":[{"name":"wp","href":"https:\/\/api.w.org\/{rel}","templated":true}]}}