{"id":35762,"date":"2023-03-28T09:40:45","date_gmt":"2023-03-28T07:40:45","guid":{"rendered":"https:\/\/www.krafthand.de\/truck\/?p=35762"},"modified":"2023-03-28T09:48:13","modified_gmt":"2023-03-28T07:48:13","slug":"nufam-2023-85-prozent-der-ausstellungsflaechen-sind-ausgebucht","status":"publish","type":"post","link":"https:\/\/www.krafthand.de\/truck\/artikel\/nufam-2023-85-prozent-der-ausstellungsflaechen-sind-ausgebucht-35762\/","title":{"rendered":"NUFAM 2023: 85 Prozent der Ausstellungsfl\u00e4chen sind ausgebucht"},"content":{"rendered":"<p>Die Nutzfahrzeugmesse NUFAM findet von 21. bis 24. September in den Karlsruher Messehallen statt. Sie gilt als eine der f\u00fchrenden Veranstaltungen der Branche. Bereits ein gutes halbes Jahr vor der Messe sind laut Veranstalter 85 Prozent der verf\u00fcgbaren Standfl\u00e4chen belegt.<\/p>\n<p>Mit 50.000 Quadratmetern Hallenkapazit\u00e4t und weiteren 30.000 Quadratmetern verf\u00fcgbarer Freigel\u00e4nde- und Sonderausstellungsfl\u00e4che wird den Besuchenden ein umfassendes Portfolio an Nutzfahrzeugen aller Gewichts- und Ausstattungsklassen pr\u00e4sentiert. Dazu kommen Live-Formate wie der Demo-Park mit Pr\u00e4sentationen der Ausstellenden, die Kommunalmeilen mit einem breiten Fahrzeugspektrum f\u00fcr den \u00f6ffentlichen Bedarf sowie das erweiterte Angebot von Probefahrten f\u00fcr die Besucher. Ein inhaltlicher Schwerpunkt wird bei der <a href=\"https:\/\/www.nufam.de\/de\/\" target=\"_blank\" rel=\"noopener\">NUFAM 2023<\/a> das Thema alternative Antriebstechnologien sein. Das Bundesministerium f\u00fcr Verkehr und Digitales sowie das Ministerium f\u00fcr Verkehr Baden-W\u00fcrttemberg haben die Schirmherrschaft \u00fcbernommen.<\/p>\n<blockquote><p>\u00a0<em>\u201eWir freuen uns, erstmals zahlreiche Key Player alternativer Ladeinfrastrukturen und Versorger auf der NUFAM 2023 begr\u00fc\u00dfen zu k\u00f6nnen. Dazu geh\u00f6ren Hersteller von Wasserstofftankstellen und Elektroladestationen. Aber auch synthetische Kraftstoffe werden thematisiert. Auf der Nutzfahrzeugmesse wird also die komplette Bandbreite verschiedenster Energieformen vor Ort sein\u201c<\/em>, sagt Jochen Bortfeld, Projektleiter der NUFAM bei der Messe Karlsruhe.<\/p><\/blockquote>\n<h3>NUFAM \u2013 Das Messeprofil<\/h3>\n<p>Die <a href=\"https:\/\/www.krafthand.de\/truck\/artikel\/nufam-in-karlsruhe-eine-rundum-gelungene-buehne-29962\/\" target=\"_blank\" rel=\"noopener\">NUFAM<\/a> verbindet aktuelle Technik mit Mobilit\u00e4tskonzepten der Zukunft. Die achte NUFAM \u2013 die Nutzfahrzeugmesse findet vom 21. bis 24. September 2023 in der Messe Karlsruhe statt. Die Aussteller pr\u00e4sentieren das gesamte Leistungsspektrum der Branche: Fahrzeuge aller Gewichtsklassen, E-Mobilit\u00e4t, alternative Antriebe und Hybridsysteme, Aufbauten und Anh\u00e4nger, Krane und Hebezeuge, Reifen, Teile, Zubeh\u00f6r, Equipment und Werkstattausr\u00fcstung, L\u00f6sungen f\u00fcr Digital Services und Telematik sowie Dienstleistungen. Als hochkar\u00e4tiger Branchentreff f\u00fcr pers\u00f6nliches Netzwerken bietet die NUFAM Fachtage zu Telematik, Werkstatt, Kommunalfahrzeugen und Ladungssicherung sowie Vortr\u00e4ge und Diskussionsrunden zu aktuellen Branchenthemen. F\u00fcr Fachbesucher ist die NUFAM eine wichtige Plattform f\u00fcr Investitionsentscheidungen.<\/p>\n\r\n\t\t\t\t<div class=\"post-author\">\r\n\t\t\t\t\t<div class=\"khm-cp-author clearfix\">\r\n\t\t\t\t\t\t<div class=\"khm-cp-author__content\">\r\n\t\t\t\t\t\t\t\tKontakt zum Autor:<br \/>\r\n\t\t\t\t\t\t\t\t<strong>Georg Blenk<\/strong>, 08247 \/ 3007-45 |  <a href=\"mailto:georg.blenk@krafthand-medien.de\">georg.blenk@krafthand-medien.de<\/a>\r\n\t\t\t\t\t\t\t<div class=\"khm-cp-author__image\">\r\n\t\t\t\t\t\t<img src=\"https:\/\/static.krafthand-truck.de\/uploads\/2021\/01\/Blenk_6104-250x300-1-removebg-preview.png\" class=\"img-responsive\">\r\n\t\t\t\t\t<\/div>\r\n\t\t\t\t\t\t<\/div>\r\n\t\t\t\t\t<\/div>\r\n\t\t\t\t<\/div>\r\n\t\t\t\t","protected":false},"excerpt":{"rendered":"<p>Die Nutzfahrzeugmesse NUFAM findet von 21. bis 24. September in den Karlsruher Messehallen statt. Sie gilt als eine der f\u00fchrenden Veranstaltungen der Branche. Bereits ein gutes halbes Jahr vor der Messe sind laut Veranstalter 85 Prozent der verf\u00fcgbaren Standfl\u00e4chen belegt. Mit 50.000 Quadratmetern Hallenkapazit\u00e4t und weiteren 30.000 Quadratmetern verf\u00fcgbarer Freigel\u00e4nde- und Sonderausstellungsfl\u00e4che wird den Besuchenden <span class=\"excerpt-more__dots\">&#8230;<\/span> <a class=\"excerpt-more__link\" href=\"https:\/\/www.krafthand.de\/truck\/artikel\/nufam-2023-85-prozent-der-ausstellungsflaechen-sind-ausgebucht-35762\/\" >weiter<\/a><\/p>\n","protected":false},"author":9,"featured_media":35768,"comment_status":"closed","ping_status":"closed","sticky":false,"template":"","format":"standard","meta":{"footnotes":""},"categories":[4236],"tags":[3940,407],"settings":[3524,4766,3523],"class_list":["post-35762","post","type-post","status-publish","format-standard","has-post-thumbnail","hentry","category-veranstaltungen","tag-branchenmesse","tag-nufam"],"yoast_head":"<!-- This site is optimized with the Yoast SEO plugin v27.3 - https:\/\/yoast.com\/product\/yoast-seo-wordpress\/ -->\n<title>NUFAM 2023: 85 Prozent der Ausstellungsfl\u00e4chen sind ausgebucht - Krafthand-Truck<\/title>\n<meta name=\"robots\" content=\"index, follow, max-snippet:-1, max-image-preview:large, max-video-preview:-1\" \/>\n<link rel=\"canonical\" href=\"https:\/\/www.krafthand.de\/truck\/artikel\/nufam-2023-85-prozent-der-ausstellungsflaechen-sind-ausgebucht-35762\/\" \/>\n<meta property=\"og:locale\" content=\"de_DE\" \/>\n<meta property=\"og:type\" content=\"article\" \/>\n<meta property=\"og:title\" content=\"NUFAM 2023: 85 Prozent der Ausstellungsfl\u00e4chen sind ausgebucht - Krafthand-Truck\" \/>\n<meta property=\"og:description\" content=\"Die Nutzfahrzeugmesse NUFAM findet von 21. bis 24. September in den Karlsruher Messehallen statt. Sie gilt als eine der f\u00fchrenden Veranstaltungen der Branche. Bereits ein gutes halbes Jahr vor der Messe sind laut Veranstalter 85 Prozent der verf\u00fcgbaren Standfl\u00e4chen belegt. Mit 50.000 Quadratmetern Hallenkapazit\u00e4t und weiteren 30.000 Quadratmetern verf\u00fcgbarer Freigel\u00e4nde- und Sonderausstellungsfl\u00e4che wird den Besuchenden ... weiter\" \/>\n<meta property=\"og:url\" content=\"https:\/\/www.krafthand-truck.de\/artikel\/nufam-2023-85-prozent-der-ausstellungsflaechen-sind-ausgebucht-35762\/\" \/>\n<meta property=\"og:site_name\" content=\"Krafthand-Truck\" \/>\n<meta property=\"article:published_time\" content=\"2023-03-28T07:40:45+00:00\" \/>\n<meta property=\"article:modified_time\" content=\"2023-03-28T07:48:13+00:00\" \/>\n<meta property=\"og:image\" content=\"https:\/\/static.krafthand-truck.de\/uploads\/2023\/03\/NUFAM_2021_Illu.jpg\" \/>\n\t<meta property=\"og:image:width\" content=\"1200\" \/>\n\t<meta property=\"og:image:height\" content=\"587\" \/>\n\t<meta property=\"og:image:type\" content=\"image\/jpeg\" \/>\n<meta name=\"author\" content=\"georg.blenk@krafthand-medien.de\" \/>\n<meta name=\"twitter:card\" content=\"summary_large_image\" \/>\n<meta name=\"twitter:label1\" content=\"Verfasst von\" \/>\n\t<meta name=\"twitter:data1\" content=\"georg.blenk@krafthand-medien.de\" \/>\n\t<meta name=\"twitter:label2\" content=\"Gesch\u00e4tzte Lesezeit\" \/>\n\t<meta name=\"twitter:data2\" content=\"2\u00a0Minuten\" \/>\n<script type=\"application\/ld+json\" class=\"yoast-schema-graph\">{\"@context\":\"https:\\\/\\\/schema.org\",\"@graph\":[{\"@type\":\"Article\",\"@id\":\"https:\\\/\\\/www.krafthand.de\\\/truck\\\/artikel\\\/nufam-2023-85-prozent-der-ausstellungsflaechen-sind-ausgebucht-35762\\\/#article\",\"isPartOf\":{\"@id\":\"https:\\\/\\\/www.krafthand.de\\\/truck\\\/artikel\\\/nufam-2023-85-prozent-der-ausstellungsflaechen-sind-ausgebucht-35762\\\/\"},\"author\":{\"name\":\"georg.blenk@krafthand-medien.de\",\"@id\":\"https:\\\/\\\/www.krafthand.de\\\/truck\\\/#\\\/schema\\\/person\\\/51fa80b1c57034c4bf63f9f988fc24ce\"},\"headline\":\"NUFAM 2023: 85 Prozent der Ausstellungsfl\u00e4chen sind ausgebucht\",\"datePublished\":\"2023-03-28T07:40:45+00:00\",\"dateModified\":\"2023-03-28T07:48:13+00:00\",\"mainEntityOfPage\":{\"@id\":\"https:\\\/\\\/www.krafthand.de\\\/truck\\\/artikel\\\/nufam-2023-85-prozent-der-ausstellungsflaechen-sind-ausgebucht-35762\\\/\"},\"wordCount\":303,\"image\":{\"@id\":\"https:\\\/\\\/www.krafthand.de\\\/truck\\\/artikel\\\/nufam-2023-85-prozent-der-ausstellungsflaechen-sind-ausgebucht-35762\\\/#primaryimage\"},\"thumbnailUrl\":\"https:\\\/\\\/static.krafthand-truck.de\\\/uploads\\\/2023\\\/03\\\/NUFAM_2021_Illu.jpg\",\"keywords\":[\"Branchenmesse\",\"Nufam\"],\"articleSection\":[\"Veranstaltungen\\\/Messen\"],\"inLanguage\":\"de\"},{\"@type\":\"WebPage\",\"@id\":\"https:\\\/\\\/www.krafthand.de\\\/truck\\\/artikel\\\/nufam-2023-85-prozent-der-ausstellungsflaechen-sind-ausgebucht-35762\\\/\",\"url\":\"https:\\\/\\\/www.krafthand.de\\\/truck\\\/artikel\\\/nufam-2023-85-prozent-der-ausstellungsflaechen-sind-ausgebucht-35762\\\/\",\"name\":\"NUFAM 2023: 85 Prozent der Ausstellungsfl\u00e4chen sind ausgebucht - Krafthand-Truck\",\"isPartOf\":{\"@id\":\"https:\\\/\\\/www.krafthand.de\\\/truck\\\/#website\"},\"primaryImageOfPage\":{\"@id\":\"https:\\\/\\\/www.krafthand.de\\\/truck\\\/artikel\\\/nufam-2023-85-prozent-der-ausstellungsflaechen-sind-ausgebucht-35762\\\/#primaryimage\"},\"image\":{\"@id\":\"https:\\\/\\\/www.krafthand.de\\\/truck\\\/artikel\\\/nufam-2023-85-prozent-der-ausstellungsflaechen-sind-ausgebucht-35762\\\/#primaryimage\"},\"thumbnailUrl\":\"https:\\\/\\\/static.krafthand-truck.de\\\/uploads\\\/2023\\\/03\\\/NUFAM_2021_Illu.jpg\",\"datePublished\":\"2023-03-28T07:40:45+00:00\",\"dateModified\":\"2023-03-28T07:48:13+00:00\",\"author\":{\"@id\":\"https:\\\/\\\/www.krafthand.de\\\/truck\\\/#\\\/schema\\\/person\\\/51fa80b1c57034c4bf63f9f988fc24ce\"},\"breadcrumb\":{\"@id\":\"https:\\\/\\\/www.krafthand.de\\\/truck\\\/artikel\\\/nufam-2023-85-prozent-der-ausstellungsflaechen-sind-ausgebucht-35762\\\/#breadcrumb\"},\"inLanguage\":\"de\",\"potentialAction\":[{\"@type\":\"ReadAction\",\"target\":[\"https:\\\/\\\/www.krafthand.de\\\/truck\\\/artikel\\\/nufam-2023-85-prozent-der-ausstellungsflaechen-sind-ausgebucht-35762\\\/\"]}]},{\"@type\":\"ImageObject\",\"inLanguage\":\"de\",\"@id\":\"https:\\\/\\\/www.krafthand.de\\\/truck\\\/artikel\\\/nufam-2023-85-prozent-der-ausstellungsflaechen-sind-ausgebucht-35762\\\/#primaryimage\",\"url\":\"https:\\\/\\\/static.krafthand-truck.de\\\/uploads\\\/2023\\\/03\\\/NUFAM_2021_Illu.jpg\",\"contentUrl\":\"https:\\\/\\\/static.krafthand-truck.de\\\/uploads\\\/2023\\\/03\\\/NUFAM_2021_Illu.jpg\",\"width\":1200,\"height\":587},{\"@type\":\"BreadcrumbList\",\"@id\":\"https:\\\/\\\/www.krafthand.de\\\/truck\\\/artikel\\\/nufam-2023-85-prozent-der-ausstellungsflaechen-sind-ausgebucht-35762\\\/#breadcrumb\",\"itemListElement\":[{\"@type\":\"ListItem\",\"position\":1,\"name\":\"Krafthand-Truck\",\"item\":\"https:\\\/\\\/www.krafthand.de\\\/truck\\\/\"},{\"@type\":\"ListItem\",\"position\":2,\"name\":\"Nfz-Branche\",\"item\":\"https:\\\/\\\/www.krafthand.de\\\/truck\\\/kategorie\\\/branche\\\/\"},{\"@type\":\"ListItem\",\"position\":3,\"name\":\"Veranstaltungen\\\/Messen\",\"item\":\"https:\\\/\\\/www.krafthand.de\\\/truck\\\/kategorie\\\/branche\\\/veranstaltungen\\\/\"},{\"@type\":\"ListItem\",\"position\":4,\"name\":\"NUFAM 2023: 85 Prozent der Ausstellungsfl\u00e4chen sind ausgebucht\"}]},{\"@type\":\"WebSite\",\"@id\":\"https:\\\/\\\/www.krafthand.de\\\/truck\\\/#website\",\"url\":\"https:\\\/\\\/www.krafthand.de\\\/truck\\\/\",\"name\":\"Krafthand-Truck\",\"description\":\"\",\"potentialAction\":[{\"@type\":\"SearchAction\",\"target\":{\"@type\":\"EntryPoint\",\"urlTemplate\":\"https:\\\/\\\/www.krafthand.de\\\/truck\\\/?s={search_term_string}\"},\"query-input\":{\"@type\":\"PropertyValueSpecification\",\"valueRequired\":true,\"valueName\":\"search_term_string\"}}],\"inLanguage\":\"de\"},{\"@type\":\"Person\",\"@id\":\"https:\\\/\\\/www.krafthand.de\\\/truck\\\/#\\\/schema\\\/person\\\/51fa80b1c57034c4bf63f9f988fc24ce\",\"name\":\"georg.blenk@krafthand-medien.de\",\"image\":{\"@type\":\"ImageObject\",\"inLanguage\":\"de\",\"@id\":\"https:\\\/\\\/secure.gravatar.com\\\/avatar\\\/93713c30affe0aa95d3a4130e499bb1abee2eb31adbdd9ce2aa1543538490215?s=96&d=mm&r=g\",\"url\":\"https:\\\/\\\/secure.gravatar.com\\\/avatar\\\/93713c30affe0aa95d3a4130e499bb1abee2eb31adbdd9ce2aa1543538490215?s=96&d=mm&r=g\",\"contentUrl\":\"https:\\\/\\\/secure.gravatar.com\\\/avatar\\\/93713c30affe0aa95d3a4130e499bb1abee2eb31adbdd9ce2aa1543538490215?s=96&d=mm&r=g\",\"caption\":\"georg.blenk@krafthand-medien.de\"}}]}<\/script>\n<!-- \/ Yoast SEO plugin. -->","yoast_head_json":{"title":"NUFAM 2023: 85 Prozent der Ausstellungsfl\u00e4chen sind ausgebucht - Krafthand-Truck","robots":{"index":"index","follow":"follow","max-snippet":"max-snippet:-1","max-image-preview":"max-image-preview:large","max-video-preview":"max-video-preview:-1"},"canonical":"https:\/\/www.krafthand.de\/truck\/artikel\/nufam-2023-85-prozent-der-ausstellungsflaechen-sind-ausgebucht-35762\/","og_locale":"de_DE","og_type":"article","og_title":"NUFAM 2023: 85 Prozent der Ausstellungsfl\u00e4chen sind ausgebucht - Krafthand-Truck","og_description":"Die Nutzfahrzeugmesse NUFAM findet von 21. bis 24. September in den Karlsruher Messehallen statt. Sie gilt als eine der f\u00fchrenden Veranstaltungen der Branche. Bereits ein gutes halbes Jahr vor der Messe sind laut Veranstalter 85 Prozent der verf\u00fcgbaren Standfl\u00e4chen belegt. Mit 50.000 Quadratmetern Hallenkapazit\u00e4t und weiteren 30.000 Quadratmetern verf\u00fcgbarer Freigel\u00e4nde- und Sonderausstellungsfl\u00e4che wird den Besuchenden ... weiter","og_url":"https:\/\/www.krafthand-truck.de\/artikel\/nufam-2023-85-prozent-der-ausstellungsflaechen-sind-ausgebucht-35762\/","og_site_name":"Krafthand-Truck","article_published_time":"2023-03-28T07:40:45+00:00","article_modified_time":"2023-03-28T07:48:13+00:00","og_image":[{"width":1200,"height":587,"url":"https:\/\/static.krafthand-truck.de\/uploads\/2023\/03\/NUFAM_2021_Illu.jpg","type":"image\/jpeg"}],"author":"georg.blenk@krafthand-medien.de","twitter_card":"summary_large_image","twitter_misc":{"Verfasst von":"georg.blenk@krafthand-medien.de","Gesch\u00e4tzte Lesezeit":"2\u00a0Minuten"},"schema":{"@context":"https:\/\/schema.org","@graph":[{"@type":"Article","@id":"https:\/\/www.krafthand.de\/truck\/artikel\/nufam-2023-85-prozent-der-ausstellungsflaechen-sind-ausgebucht-35762\/#article","isPartOf":{"@id":"https:\/\/www.krafthand.de\/truck\/artikel\/nufam-2023-85-prozent-der-ausstellungsflaechen-sind-ausgebucht-35762\/"},"author":{"name":"georg.blenk@krafthand-medien.de","@id":"https:\/\/www.krafthand.de\/truck\/#\/schema\/person\/51fa80b1c57034c4bf63f9f988fc24ce"},"headline":"NUFAM 2023: 85 Prozent der Ausstellungsfl\u00e4chen sind ausgebucht","datePublished":"2023-03-28T07:40:45+00:00","dateModified":"2023-03-28T07:48:13+00:00","mainEntityOfPage":{"@id":"https:\/\/www.krafthand.de\/truck\/artikel\/nufam-2023-85-prozent-der-ausstellungsflaechen-sind-ausgebucht-35762\/"},"wordCount":303,"image":{"@id":"https:\/\/www.krafthand.de\/truck\/artikel\/nufam-2023-85-prozent-der-ausstellungsflaechen-sind-ausgebucht-35762\/#primaryimage"},"thumbnailUrl":"https:\/\/static.krafthand-truck.de\/uploads\/2023\/03\/NUFAM_2021_Illu.jpg","keywords":["Branchenmesse","Nufam"],"articleSection":["Veranstaltungen\/Messen"],"inLanguage":"de"},{"@type":"WebPage","@id":"https:\/\/www.krafthand.de\/truck\/artikel\/nufam-2023-85-prozent-der-ausstellungsflaechen-sind-ausgebucht-35762\/","url":"https:\/\/www.krafthand.de\/truck\/artikel\/nufam-2023-85-prozent-der-ausstellungsflaechen-sind-ausgebucht-35762\/","name":"NUFAM 2023: 85 Prozent der Ausstellungsfl\u00e4chen sind ausgebucht - Krafthand-Truck","isPartOf":{"@id":"https:\/\/www.krafthand.de\/truck\/#website"},"primaryImageOfPage":{"@id":"https:\/\/www.krafthand.de\/truck\/artikel\/nufam-2023-85-prozent-der-ausstellungsflaechen-sind-ausgebucht-35762\/#primaryimage"},"image":{"@id":"https:\/\/www.krafthand.de\/truck\/artikel\/nufam-2023-85-prozent-der-ausstellungsflaechen-sind-ausgebucht-35762\/#primaryimage"},"thumbnailUrl":"https:\/\/static.krafthand-truck.de\/uploads\/2023\/03\/NUFAM_2021_Illu.jpg","datePublished":"2023-03-28T07:40:45+00:00","dateModified":"2023-03-28T07:48:13+00:00","author":{"@id":"https:\/\/www.krafthand.de\/truck\/#\/schema\/person\/51fa80b1c57034c4bf63f9f988fc24ce"},"breadcrumb":{"@id":"https:\/\/www.krafthand.de\/truck\/artikel\/nufam-2023-85-prozent-der-ausstellungsflaechen-sind-ausgebucht-35762\/#breadcrumb"},"inLanguage":"de","potentialAction":[{"@type":"ReadAction","target":["https:\/\/www.krafthand.de\/truck\/artikel\/nufam-2023-85-prozent-der-ausstellungsflaechen-sind-ausgebucht-35762\/"]}]},{"@type":"ImageObject","inLanguage":"de","@id":"https:\/\/www.krafthand.de\/truck\/artikel\/nufam-2023-85-prozent-der-ausstellungsflaechen-sind-ausgebucht-35762\/#primaryimage","url":"https:\/\/static.krafthand-truck.de\/uploads\/2023\/03\/NUFAM_2021_Illu.jpg","contentUrl":"https:\/\/static.krafthand-truck.de\/uploads\/2023\/03\/NUFAM_2021_Illu.jpg","width":1200,"height":587},{"@type":"BreadcrumbList","@id":"https:\/\/www.krafthand.de\/truck\/artikel\/nufam-2023-85-prozent-der-ausstellungsflaechen-sind-ausgebucht-35762\/#breadcrumb","itemListElement":[{"@type":"ListItem","position":1,"name":"Krafthand-Truck","item":"https:\/\/www.krafthand.de\/truck\/"},{"@type":"ListItem","position":2,"name":"Nfz-Branche","item":"https:\/\/www.krafthand.de\/truck\/kategorie\/branche\/"},{"@type":"ListItem","position":3,"name":"Veranstaltungen\/Messen","item":"https:\/\/www.krafthand.de\/truck\/kategorie\/branche\/veranstaltungen\/"},{"@type":"ListItem","position":4,"name":"NUFAM 2023: 85 Prozent der Ausstellungsfl\u00e4chen sind ausgebucht"}]},{"@type":"WebSite","@id":"https:\/\/www.krafthand.de\/truck\/#website","url":"https:\/\/www.krafthand.de\/truck\/","name":"Krafthand-Truck","description":"","potentialAction":[{"@type":"SearchAction","target":{"@type":"EntryPoint","urlTemplate":"https:\/\/www.krafthand.de\/truck\/?s={search_term_string}"},"query-input":{"@type":"PropertyValueSpecification","valueRequired":true,"valueName":"search_term_string"}}],"inLanguage":"de"},{"@type":"Person","@id":"https:\/\/www.krafthand.de\/truck\/#\/schema\/person\/51fa80b1c57034c4bf63f9f988fc24ce","name":"georg.blenk@krafthand-medien.de","image":{"@type":"ImageObject","inLanguage":"de","@id":"https:\/\/secure.gravatar.com\/avatar\/93713c30affe0aa95d3a4130e499bb1abee2eb31adbdd9ce2aa1543538490215?s=96&d=mm&r=g","url":"https:\/\/secure.gravatar.com\/avatar\/93713c30affe0aa95d3a4130e499bb1abee2eb31adbdd9ce2aa1543538490215?s=96&d=mm&r=g","contentUrl":"https:\/\/secure.gravatar.com\/avatar\/93713c30affe0aa95d3a4130e499bb1abee2eb31adbdd9ce2aa1543538490215?s=96&d=mm&r=g","caption":"georg.blenk@krafthand-medien.de"}}]}},"_links":{"self":[{"href":"https:\/\/www.krafthand.de\/truck\/wp-json\/wp\/v2\/posts\/35762","targetHints":{"allow":["GET"]}}],"collection":[{"href":"https:\/\/www.krafthand.de\/truck\/wp-json\/wp\/v2\/posts"}],"about":[{"href":"https:\/\/www.krafthand.de\/truck\/wp-json\/wp\/v2\/types\/post"}],"author":[{"embeddable":true,"href":"https:\/\/www.krafthand.de\/truck\/wp-json\/wp\/v2\/users\/9"}],"replies":[{"embeddable":true,"href":"https:\/\/www.krafthand.de\/truck\/wp-json\/wp\/v2\/comments?post=35762"}],"version-history":[{"count":4,"href":"https:\/\/www.krafthand.de\/truck\/wp-json\/wp\/v2\/posts\/35762\/revisions"}],"predecessor-version":[{"id":35766,"href":"https:\/\/www.krafthand.de\/truck\/wp-json\/wp\/v2\/posts\/35762\/revisions\/35766"}],"wp:featuredmedia":[{"embeddable":true,"href":"https:\/\/www.krafthand.de\/truck\/wp-json\/wp\/v2\/media\/35768"}],"wp:attachment":[{"href":"https:\/\/www.krafthand.de\/truck\/wp-json\/wp\/v2\/media?parent=35762"}],"wp:term":[{"taxonomy":"category","embeddable":true,"href":"https:\/\/www.krafthand.de\/truck\/wp-json\/wp\/v2\/categories?post=35762"},{"taxonomy":"post_tag","embeddable":true,"href":"https:\/\/www.krafthand.de\/truck\/wp-json\/wp\/v2\/tags?post=35762"},{"taxonomy":"settings","embeddable":true,"href":"https:\/\/www.krafthand.de\/truck\/wp-json\/wp\/v2\/settings?post=35762"}],"curies":[{"name":"wp","href":"https:\/\/api.w.org\/{rel}","templated":true}]}}