{"id":35736,"date":"2023-03-27T10:24:48","date_gmt":"2023-03-27T08:24:48","guid":{"rendered":"https:\/\/www.krafthand.de\/truck\/?p=35736"},"modified":"2023-03-27T10:31:29","modified_gmt":"2023-03-27T08:31:29","slug":"denso-teileprogramm-fuer-klimaanlage-und-motorkuehlung","status":"publish","type":"post","link":"https:\/\/www.krafthand.de\/truck\/artikel\/denso-teileprogramm-fuer-klimaanlage-und-motorkuehlung-35736\/","title":{"rendered":"DENSO: Erweitertes Teileprogramm f\u00fcr Klimaanlage und Motork\u00fchlung"},"content":{"rendered":"<p>Der Hersteller von Thermalsystemen f\u00fcr die Erstausr\u00fcstung DENSO, hat sein Aftermarket-Angebot mit der Einf\u00fchrung von 140 neuen Produkten f\u00fcr die Klimaanlage und die Motork\u00fchlung (Pkw und Nfz) ausgebaut. Die Sortimentserweiterung beinhaltet 58 K\u00fchler, 50 Kondensatoren, 12 Kompressoren, 6 Innenraumgebl\u00e4se, 4 Aktuatoren, 3 K\u00fchlerl\u00fcfter, 2 Heizungsw\u00e4rmetauscher, 2 Ladeluftk\u00fchler, 2 Widerst\u00e4nde sowie einen Verdampfer.<\/p>\n<p>Die 140 Neuaufnahmen, die 238 OE-Referenzen entsprechen, decken laut <a href=\"https:\/\/www.denso-am.eu\/de\" target=\"_blank\" rel=\"noopener\">DENSO<\/a> 3.400 TecDoc-Fahrzeugtypen des europ\u00e4ischen Fuhrparks ab. F\u00fcr Deutschland, \u00d6sterreich und die Schweiz entspricht dies einem Marktvolumen von mehr als 13 Millionen zugelassener Fahrzeuge. Die Sortimentserweiterung bedient mit Produkten f\u00fcr 27 Hersteller im Pkw-Bereich und f\u00fcr 9 Hersteller im <strong>Nutzfahrzeugbereich<\/strong> ein breites Spektrum an Marken und Modellen.<\/p>\n<p>Die Sortimentserweiterung beinhaltet Thermal-Produkte f\u00fcr g\u00e4ngige Fahrzeuganwendungen und aktuelle Baujahre. Dazu z\u00e4hlen beispielsweise 9 Kompressoren f\u00fcr die neuesten Modelle der VAG-Gruppe mit einer Abdeckung von rund 2 Millionen Fahrzeugen. Die weiteren Fahrzeugmarken umfassen Alfa Romeo, BMW, Citro\u00ebn, Dacia, DS, Fiat, Ford, Honda, Hyundai, Jeep, Kia, Land Rover, Lexus, Mazda, Mini, Mitsubishi, Nissan, Opel, Peugeot, Renault, Suzuki, Toyota und Volvo.<\/p>\n<p>Im <strong>leichten Nutzfahrzeugbereich<\/strong> beinhaltet die Sortimentserweiterung zwei K\u00fchler f\u00fcr den VW Crafter und die Mercedes-Benz Sprinter Modelle. F\u00fcr die Reparatur <strong>schwerer Nutzfahrzeuge<\/strong> k\u00f6nnen Nfz&#8211;Werkst\u00e4tten auf vier Kondensatoren f\u00fcr Iveco Eurocargo I-V und Eurofire, Renault-Trucks Kerax, Magnum und Premium, Scania P, G, R, T und Volvo FE, FM und FMX zur\u00fcckgreifen. Dar\u00fcber hinaus stehen ein Kondensator f\u00fcr VDL Futura Busse, ein Kondensator f\u00fcr Traktorenmodelle von CASE IH und New Holland sowie ein Innenraumgebl\u00e4se f\u00fcr Iveco Stralis und Stralis II zur Verf\u00fcgung.<\/p>\n<p>Weitere Details zur aktuellen Programm-Erweiterung sind im <a href=\"https:\/\/www.denso-am.eu\/de\/catalog\/pv\/thermomanagement\" target=\"_blank\" rel=\"noopener\">DENSO E-Katalog<\/a> oder in der aktuellen TecDoc Ausgabe zu finden. Weitere Informationen sind \u00fcber den DENSO Aftermarket Vertrieb Deutschland unter der Telefonnummer +49 8165 944289 oder der E-Mail-Adresse info.aftermarket@eu.denso.com erh\u00e4ltlich.<\/p>\n<p>Die Produkte sind laut DENSO ab sofort verf\u00fcgbar.<\/p>\n","protected":false},"excerpt":{"rendered":"<p>Der Hersteller von Thermalsystemen f\u00fcr die Erstausr\u00fcstung DENSO, hat sein Aftermarket-Angebot mit der Einf\u00fchrung von 140 neuen Produkten f\u00fcr die Klimaanlage und die Motork\u00fchlung (Pkw und Nfz) weiter ausgebaut.  <span class=\"excerpt-more__dots\">&#8230;<\/span> <a class=\"excerpt-more__link\" href=\"https:\/\/www.krafthand.de\/truck\/artikel\/denso-teileprogramm-fuer-klimaanlage-und-motorkuehlung-35736\/\" >weiter<\/a><\/p>\n","protected":false},"author":9,"featured_media":35738,"comment_status":"closed","ping_status":"closed","sticky":false,"template":"","format":"standard","meta":{"footnotes":""},"categories":[4912,4229],"tags":[3588,70,4779,3229,1348],"settings":[4766,3523],"class_list":["post-35736","post","type-post","status-publish","format-standard","has-post-thumbnail","hentry","category-ersatzteile-zubehoer","category-nfz-teile-systeme","tag-denso","tag-klimaanlage","tag-klimakompressor","tag-kuehler","tag-thermomanagement"],"yoast_head":"<!-- This site is optimized with the Yoast SEO plugin v27.3 - https:\/\/yoast.com\/product\/yoast-seo-wordpress\/ -->\n<title>DENSO: Erweitertes Teileprogramm f\u00fcr Klimaanlage und Motork\u00fchlung - Krafthand-Truck<\/title>\n<meta name=\"description\" content=\"DENSO hat sein Aftermarket-Angebot mit der Einf\u00fchrung von 140 neuen Produkten f\u00fcr Klimaanlage und Motork\u00fchlung (Pkw und Nfz) ausgebaut.\" \/>\n<meta name=\"robots\" content=\"index, follow, max-snippet:-1, max-image-preview:large, max-video-preview:-1\" \/>\n<link rel=\"canonical\" href=\"https:\/\/www.krafthand.de\/truck\/artikel\/denso-teileprogramm-fuer-klimaanlage-und-motorkuehlung-35736\/\" \/>\n<meta property=\"og:locale\" content=\"de_DE\" \/>\n<meta property=\"og:type\" content=\"article\" \/>\n<meta property=\"og:title\" content=\"DENSO: Erweitertes Teileprogramm f\u00fcr Klimaanlage und Motork\u00fchlung - Krafthand-Truck\" \/>\n<meta property=\"og:description\" content=\"DENSO hat sein Aftermarket-Angebot mit der Einf\u00fchrung von 140 neuen Produkten f\u00fcr Klimaanlage und Motork\u00fchlung (Pkw und Nfz) ausgebaut.\" \/>\n<meta property=\"og:url\" content=\"https:\/\/www.krafthand-truck.de\/artikel\/denso-teileprogramm-fuer-klimaanlage-und-motorkuehlung-35736\/\" \/>\n<meta property=\"og:site_name\" content=\"Krafthand-Truck\" \/>\n<meta property=\"article:published_time\" content=\"2023-03-27T08:24:48+00:00\" \/>\n<meta property=\"article:modified_time\" content=\"2023-03-27T08:31:29+00:00\" \/>\n<meta property=\"og:image\" content=\"https:\/\/static.krafthand-truck.de\/uploads\/2023\/03\/DENSO_Klimaanlagen_Portfolio_Pkw_Nkw.jpg\" \/>\n\t<meta property=\"og:image:width\" content=\"1200\" \/>\n\t<meta property=\"og:image:height\" content=\"615\" \/>\n\t<meta property=\"og:image:type\" content=\"image\/jpeg\" \/>\n<meta name=\"author\" content=\"georg.blenk@krafthand-medien.de\" \/>\n<meta name=\"twitter:card\" content=\"summary_large_image\" \/>\n<meta name=\"twitter:label1\" content=\"Verfasst von\" \/>\n\t<meta name=\"twitter:data1\" content=\"georg.blenk@krafthand-medien.de\" \/>\n\t<meta name=\"twitter:label2\" content=\"Gesch\u00e4tzte Lesezeit\" \/>\n\t<meta name=\"twitter:data2\" content=\"2\u00a0Minuten\" \/>\n<script type=\"application\/ld+json\" class=\"yoast-schema-graph\">{\"@context\":\"https:\\\/\\\/schema.org\",\"@graph\":[{\"@type\":\"Article\",\"@id\":\"https:\\\/\\\/www.krafthand.de\\\/truck\\\/artikel\\\/denso-teileprogramm-fuer-klimaanlage-und-motorkuehlung-35736\\\/#article\",\"isPartOf\":{\"@id\":\"https:\\\/\\\/www.krafthand.de\\\/truck\\\/artikel\\\/denso-teileprogramm-fuer-klimaanlage-und-motorkuehlung-35736\\\/\"},\"author\":{\"name\":\"georg.blenk@krafthand-medien.de\",\"@id\":\"https:\\\/\\\/www.krafthand.de\\\/truck\\\/#\\\/schema\\\/person\\\/51fa80b1c57034c4bf63f9f988fc24ce\"},\"headline\":\"DENSO: Erweitertes Teileprogramm f\u00fcr Klimaanlage und Motork\u00fchlung\",\"datePublished\":\"2023-03-27T08:24:48+00:00\",\"dateModified\":\"2023-03-27T08:31:29+00:00\",\"mainEntityOfPage\":{\"@id\":\"https:\\\/\\\/www.krafthand.de\\\/truck\\\/artikel\\\/denso-teileprogramm-fuer-klimaanlage-und-motorkuehlung-35736\\\/\"},\"wordCount\":320,\"image\":{\"@id\":\"https:\\\/\\\/www.krafthand.de\\\/truck\\\/artikel\\\/denso-teileprogramm-fuer-klimaanlage-und-motorkuehlung-35736\\\/#primaryimage\"},\"thumbnailUrl\":\"https:\\\/\\\/static.krafthand-truck.de\\\/uploads\\\/2023\\\/03\\\/DENSO_Klimaanlagen_Portfolio_Pkw_Nkw.jpg\",\"keywords\":[\"Denso\",\"Klimaanlage\",\"Klimakompressor\",\"K\u00fchler\",\"Thermomanagement\"],\"articleSection\":[\"Ersatzteile\\\/Zubeh\u00f6r\",\"Nfz-Teile\\\/Systeme\"],\"inLanguage\":\"de\"},{\"@type\":\"WebPage\",\"@id\":\"https:\\\/\\\/www.krafthand.de\\\/truck\\\/artikel\\\/denso-teileprogramm-fuer-klimaanlage-und-motorkuehlung-35736\\\/\",\"url\":\"https:\\\/\\\/www.krafthand.de\\\/truck\\\/artikel\\\/denso-teileprogramm-fuer-klimaanlage-und-motorkuehlung-35736\\\/\",\"name\":\"DENSO: Erweitertes Teileprogramm f\u00fcr Klimaanlage und Motork\u00fchlung - Krafthand-Truck\",\"isPartOf\":{\"@id\":\"https:\\\/\\\/www.krafthand.de\\\/truck\\\/#website\"},\"primaryImageOfPage\":{\"@id\":\"https:\\\/\\\/www.krafthand.de\\\/truck\\\/artikel\\\/denso-teileprogramm-fuer-klimaanlage-und-motorkuehlung-35736\\\/#primaryimage\"},\"image\":{\"@id\":\"https:\\\/\\\/www.krafthand.de\\\/truck\\\/artikel\\\/denso-teileprogramm-fuer-klimaanlage-und-motorkuehlung-35736\\\/#primaryimage\"},\"thumbnailUrl\":\"https:\\\/\\\/static.krafthand-truck.de\\\/uploads\\\/2023\\\/03\\\/DENSO_Klimaanlagen_Portfolio_Pkw_Nkw.jpg\",\"datePublished\":\"2023-03-27T08:24:48+00:00\",\"dateModified\":\"2023-03-27T08:31:29+00:00\",\"author\":{\"@id\":\"https:\\\/\\\/www.krafthand.de\\\/truck\\\/#\\\/schema\\\/person\\\/51fa80b1c57034c4bf63f9f988fc24ce\"},\"description\":\"DENSO hat sein Aftermarket-Angebot mit der Einf\u00fchrung von 140 neuen Produkten f\u00fcr Klimaanlage und Motork\u00fchlung (Pkw und Nfz) ausgebaut.\",\"breadcrumb\":{\"@id\":\"https:\\\/\\\/www.krafthand.de\\\/truck\\\/artikel\\\/denso-teileprogramm-fuer-klimaanlage-und-motorkuehlung-35736\\\/#breadcrumb\"},\"inLanguage\":\"de\",\"potentialAction\":[{\"@type\":\"ReadAction\",\"target\":[\"https:\\\/\\\/www.krafthand.de\\\/truck\\\/artikel\\\/denso-teileprogramm-fuer-klimaanlage-und-motorkuehlung-35736\\\/\"]}]},{\"@type\":\"ImageObject\",\"inLanguage\":\"de\",\"@id\":\"https:\\\/\\\/www.krafthand.de\\\/truck\\\/artikel\\\/denso-teileprogramm-fuer-klimaanlage-und-motorkuehlung-35736\\\/#primaryimage\",\"url\":\"https:\\\/\\\/static.krafthand-truck.de\\\/uploads\\\/2023\\\/03\\\/DENSO_Klimaanlagen_Portfolio_Pkw_Nkw.jpg\",\"contentUrl\":\"https:\\\/\\\/static.krafthand-truck.de\\\/uploads\\\/2023\\\/03\\\/DENSO_Klimaanlagen_Portfolio_Pkw_Nkw.jpg\",\"width\":1200,\"height\":615},{\"@type\":\"BreadcrumbList\",\"@id\":\"https:\\\/\\\/www.krafthand.de\\\/truck\\\/artikel\\\/denso-teileprogramm-fuer-klimaanlage-und-motorkuehlung-35736\\\/#breadcrumb\",\"itemListElement\":[{\"@type\":\"ListItem\",\"position\":1,\"name\":\"Krafthand-Truck\",\"item\":\"https:\\\/\\\/www.krafthand.de\\\/truck\\\/\"},{\"@type\":\"ListItem\",\"position\":2,\"name\":\"Nfz-Service\",\"item\":\"https:\\\/\\\/www.krafthand.de\\\/truck\\\/kategorie\\\/nfz-service\\\/\"},{\"@type\":\"ListItem\",\"position\":3,\"name\":\"Ersatzteile\\\/Zubeh\u00f6r\",\"item\":\"https:\\\/\\\/www.krafthand.de\\\/truck\\\/kategorie\\\/nfz-service\\\/ersatzteile-zubehoer\\\/\"},{\"@type\":\"ListItem\",\"position\":4,\"name\":\"DENSO: Erweitertes Teileprogramm f\u00fcr Klimaanlage und Motork\u00fchlung\"}]},{\"@type\":\"WebSite\",\"@id\":\"https:\\\/\\\/www.krafthand.de\\\/truck\\\/#website\",\"url\":\"https:\\\/\\\/www.krafthand.de\\\/truck\\\/\",\"name\":\"Krafthand-Truck\",\"description\":\"\",\"potentialAction\":[{\"@type\":\"SearchAction\",\"target\":{\"@type\":\"EntryPoint\",\"urlTemplate\":\"https:\\\/\\\/www.krafthand.de\\\/truck\\\/?s={search_term_string}\"},\"query-input\":{\"@type\":\"PropertyValueSpecification\",\"valueRequired\":true,\"valueName\":\"search_term_string\"}}],\"inLanguage\":\"de\"},{\"@type\":\"Person\",\"@id\":\"https:\\\/\\\/www.krafthand.de\\\/truck\\\/#\\\/schema\\\/person\\\/51fa80b1c57034c4bf63f9f988fc24ce\",\"name\":\"georg.blenk@krafthand-medien.de\",\"image\":{\"@type\":\"ImageObject\",\"inLanguage\":\"de\",\"@id\":\"https:\\\/\\\/secure.gravatar.com\\\/avatar\\\/93713c30affe0aa95d3a4130e499bb1abee2eb31adbdd9ce2aa1543538490215?s=96&d=mm&r=g\",\"url\":\"https:\\\/\\\/secure.gravatar.com\\\/avatar\\\/93713c30affe0aa95d3a4130e499bb1abee2eb31adbdd9ce2aa1543538490215?s=96&d=mm&r=g\",\"contentUrl\":\"https:\\\/\\\/secure.gravatar.com\\\/avatar\\\/93713c30affe0aa95d3a4130e499bb1abee2eb31adbdd9ce2aa1543538490215?s=96&d=mm&r=g\",\"caption\":\"georg.blenk@krafthand-medien.de\"}}]}<\/script>\n<!-- \/ Yoast SEO plugin. -->","yoast_head_json":{"title":"DENSO: Erweitertes Teileprogramm f\u00fcr Klimaanlage und Motork\u00fchlung - Krafthand-Truck","description":"DENSO hat sein Aftermarket-Angebot mit der Einf\u00fchrung von 140 neuen Produkten f\u00fcr Klimaanlage und Motork\u00fchlung (Pkw und Nfz) ausgebaut.","robots":{"index":"index","follow":"follow","max-snippet":"max-snippet:-1","max-image-preview":"max-image-preview:large","max-video-preview":"max-video-preview:-1"},"canonical":"https:\/\/www.krafthand.de\/truck\/artikel\/denso-teileprogramm-fuer-klimaanlage-und-motorkuehlung-35736\/","og_locale":"de_DE","og_type":"article","og_title":"DENSO: Erweitertes Teileprogramm f\u00fcr Klimaanlage und Motork\u00fchlung - Krafthand-Truck","og_description":"DENSO hat sein Aftermarket-Angebot mit der Einf\u00fchrung von 140 neuen Produkten f\u00fcr Klimaanlage und Motork\u00fchlung (Pkw und Nfz) ausgebaut.","og_url":"https:\/\/www.krafthand-truck.de\/artikel\/denso-teileprogramm-fuer-klimaanlage-und-motorkuehlung-35736\/","og_site_name":"Krafthand-Truck","article_published_time":"2023-03-27T08:24:48+00:00","article_modified_time":"2023-03-27T08:31:29+00:00","og_image":[{"width":1200,"height":615,"url":"https:\/\/static.krafthand-truck.de\/uploads\/2023\/03\/DENSO_Klimaanlagen_Portfolio_Pkw_Nkw.jpg","type":"image\/jpeg"}],"author":"georg.blenk@krafthand-medien.de","twitter_card":"summary_large_image","twitter_misc":{"Verfasst von":"georg.blenk@krafthand-medien.de","Gesch\u00e4tzte Lesezeit":"2\u00a0Minuten"},"schema":{"@context":"https:\/\/schema.org","@graph":[{"@type":"Article","@id":"https:\/\/www.krafthand.de\/truck\/artikel\/denso-teileprogramm-fuer-klimaanlage-und-motorkuehlung-35736\/#article","isPartOf":{"@id":"https:\/\/www.krafthand.de\/truck\/artikel\/denso-teileprogramm-fuer-klimaanlage-und-motorkuehlung-35736\/"},"author":{"name":"georg.blenk@krafthand-medien.de","@id":"https:\/\/www.krafthand.de\/truck\/#\/schema\/person\/51fa80b1c57034c4bf63f9f988fc24ce"},"headline":"DENSO: Erweitertes Teileprogramm f\u00fcr Klimaanlage und Motork\u00fchlung","datePublished":"2023-03-27T08:24:48+00:00","dateModified":"2023-03-27T08:31:29+00:00","mainEntityOfPage":{"@id":"https:\/\/www.krafthand.de\/truck\/artikel\/denso-teileprogramm-fuer-klimaanlage-und-motorkuehlung-35736\/"},"wordCount":320,"image":{"@id":"https:\/\/www.krafthand.de\/truck\/artikel\/denso-teileprogramm-fuer-klimaanlage-und-motorkuehlung-35736\/#primaryimage"},"thumbnailUrl":"https:\/\/static.krafthand-truck.de\/uploads\/2023\/03\/DENSO_Klimaanlagen_Portfolio_Pkw_Nkw.jpg","keywords":["Denso","Klimaanlage","Klimakompressor","K\u00fchler","Thermomanagement"],"articleSection":["Ersatzteile\/Zubeh\u00f6r","Nfz-Teile\/Systeme"],"inLanguage":"de"},{"@type":"WebPage","@id":"https:\/\/www.krafthand.de\/truck\/artikel\/denso-teileprogramm-fuer-klimaanlage-und-motorkuehlung-35736\/","url":"https:\/\/www.krafthand.de\/truck\/artikel\/denso-teileprogramm-fuer-klimaanlage-und-motorkuehlung-35736\/","name":"DENSO: Erweitertes Teileprogramm f\u00fcr Klimaanlage und Motork\u00fchlung - Krafthand-Truck","isPartOf":{"@id":"https:\/\/www.krafthand.de\/truck\/#website"},"primaryImageOfPage":{"@id":"https:\/\/www.krafthand.de\/truck\/artikel\/denso-teileprogramm-fuer-klimaanlage-und-motorkuehlung-35736\/#primaryimage"},"image":{"@id":"https:\/\/www.krafthand.de\/truck\/artikel\/denso-teileprogramm-fuer-klimaanlage-und-motorkuehlung-35736\/#primaryimage"},"thumbnailUrl":"https:\/\/static.krafthand-truck.de\/uploads\/2023\/03\/DENSO_Klimaanlagen_Portfolio_Pkw_Nkw.jpg","datePublished":"2023-03-27T08:24:48+00:00","dateModified":"2023-03-27T08:31:29+00:00","author":{"@id":"https:\/\/www.krafthand.de\/truck\/#\/schema\/person\/51fa80b1c57034c4bf63f9f988fc24ce"},"description":"DENSO hat sein Aftermarket-Angebot mit der Einf\u00fchrung von 140 neuen Produkten f\u00fcr Klimaanlage und Motork\u00fchlung (Pkw und Nfz) ausgebaut.","breadcrumb":{"@id":"https:\/\/www.krafthand.de\/truck\/artikel\/denso-teileprogramm-fuer-klimaanlage-und-motorkuehlung-35736\/#breadcrumb"},"inLanguage":"de","potentialAction":[{"@type":"ReadAction","target":["https:\/\/www.krafthand.de\/truck\/artikel\/denso-teileprogramm-fuer-klimaanlage-und-motorkuehlung-35736\/"]}]},{"@type":"ImageObject","inLanguage":"de","@id":"https:\/\/www.krafthand.de\/truck\/artikel\/denso-teileprogramm-fuer-klimaanlage-und-motorkuehlung-35736\/#primaryimage","url":"https:\/\/static.krafthand-truck.de\/uploads\/2023\/03\/DENSO_Klimaanlagen_Portfolio_Pkw_Nkw.jpg","contentUrl":"https:\/\/static.krafthand-truck.de\/uploads\/2023\/03\/DENSO_Klimaanlagen_Portfolio_Pkw_Nkw.jpg","width":1200,"height":615},{"@type":"BreadcrumbList","@id":"https:\/\/www.krafthand.de\/truck\/artikel\/denso-teileprogramm-fuer-klimaanlage-und-motorkuehlung-35736\/#breadcrumb","itemListElement":[{"@type":"ListItem","position":1,"name":"Krafthand-Truck","item":"https:\/\/www.krafthand.de\/truck\/"},{"@type":"ListItem","position":2,"name":"Nfz-Service","item":"https:\/\/www.krafthand.de\/truck\/kategorie\/nfz-service\/"},{"@type":"ListItem","position":3,"name":"Ersatzteile\/Zubeh\u00f6r","item":"https:\/\/www.krafthand.de\/truck\/kategorie\/nfz-service\/ersatzteile-zubehoer\/"},{"@type":"ListItem","position":4,"name":"DENSO: Erweitertes Teileprogramm f\u00fcr Klimaanlage und Motork\u00fchlung"}]},{"@type":"WebSite","@id":"https:\/\/www.krafthand.de\/truck\/#website","url":"https:\/\/www.krafthand.de\/truck\/","name":"Krafthand-Truck","description":"","potentialAction":[{"@type":"SearchAction","target":{"@type":"EntryPoint","urlTemplate":"https:\/\/www.krafthand.de\/truck\/?s={search_term_string}"},"query-input":{"@type":"PropertyValueSpecification","valueRequired":true,"valueName":"search_term_string"}}],"inLanguage":"de"},{"@type":"Person","@id":"https:\/\/www.krafthand.de\/truck\/#\/schema\/person\/51fa80b1c57034c4bf63f9f988fc24ce","name":"georg.blenk@krafthand-medien.de","image":{"@type":"ImageObject","inLanguage":"de","@id":"https:\/\/secure.gravatar.com\/avatar\/93713c30affe0aa95d3a4130e499bb1abee2eb31adbdd9ce2aa1543538490215?s=96&d=mm&r=g","url":"https:\/\/secure.gravatar.com\/avatar\/93713c30affe0aa95d3a4130e499bb1abee2eb31adbdd9ce2aa1543538490215?s=96&d=mm&r=g","contentUrl":"https:\/\/secure.gravatar.com\/avatar\/93713c30affe0aa95d3a4130e499bb1abee2eb31adbdd9ce2aa1543538490215?s=96&d=mm&r=g","caption":"georg.blenk@krafthand-medien.de"}}]}},"_links":{"self":[{"href":"https:\/\/www.krafthand.de\/truck\/wp-json\/wp\/v2\/posts\/35736","targetHints":{"allow":["GET"]}}],"collection":[{"href":"https:\/\/www.krafthand.de\/truck\/wp-json\/wp\/v2\/posts"}],"about":[{"href":"https:\/\/www.krafthand.de\/truck\/wp-json\/wp\/v2\/types\/post"}],"author":[{"embeddable":true,"href":"https:\/\/www.krafthand.de\/truck\/wp-json\/wp\/v2\/users\/9"}],"replies":[{"embeddable":true,"href":"https:\/\/www.krafthand.de\/truck\/wp-json\/wp\/v2\/comments?post=35736"}],"version-history":[{"count":6,"href":"https:\/\/www.krafthand.de\/truck\/wp-json\/wp\/v2\/posts\/35736\/revisions"}],"predecessor-version":[{"id":35743,"href":"https:\/\/www.krafthand.de\/truck\/wp-json\/wp\/v2\/posts\/35736\/revisions\/35743"}],"wp:featuredmedia":[{"embeddable":true,"href":"https:\/\/www.krafthand.de\/truck\/wp-json\/wp\/v2\/media\/35738"}],"wp:attachment":[{"href":"https:\/\/www.krafthand.de\/truck\/wp-json\/wp\/v2\/media?parent=35736"}],"wp:term":[{"taxonomy":"category","embeddable":true,"href":"https:\/\/www.krafthand.de\/truck\/wp-json\/wp\/v2\/categories?post=35736"},{"taxonomy":"post_tag","embeddable":true,"href":"https:\/\/www.krafthand.de\/truck\/wp-json\/wp\/v2\/tags?post=35736"},{"taxonomy":"settings","embeddable":true,"href":"https:\/\/www.krafthand.de\/truck\/wp-json\/wp\/v2\/settings?post=35736"}],"curies":[{"name":"wp","href":"https:\/\/api.w.org\/{rel}","templated":true}]}}