{"id":35675,"date":"2023-03-23T13:15:17","date_gmt":"2023-03-23T12:15:17","guid":{"rendered":"https:\/\/www.krafthand.de\/truck\/?p=35675"},"modified":"2023-03-23T14:15:42","modified_gmt":"2023-03-23T13:15:42","slug":"daimler-truck-sucht-rund-2-800-ferienjobber-in-deutschland","status":"publish","type":"post","link":"https:\/\/www.krafthand.de\/truck\/artikel\/daimler-truck-sucht-rund-2-800-ferienjobber-in-deutschland-35675\/","title":{"rendered":"Ferienjobs am laufenden Band: Daimler Truck sucht rund 2.800 Aushilfskr\u00e4fte"},"content":{"rendered":"<p>Sommerzeit ist Urlaubszeit. Deswegen m\u00f6chte <a href=\"https:\/\/www.daimlertruck.com\" target=\"_blank\" rel=\"noopener\">Daimler Truck<\/a> auch in diesem Jahr die Stammbelegschaft an den deutschen Standorten durch den Einsatz von Ferienbesch\u00e4ftigten entlasten. F\u00fcr Sch\u00fclerinnen und Sch\u00fcler, Studentinnen und Studenten ein interessantes Angebot. Interessant ist der Ansatz auch deshalb, weil Daimler Truck so potenzielle Nachwuchskr\u00e4fte f\u00fcr sich gewinnen kann. Wie wir wissen, ein Problem, dass die gesamte Nutzfahrzeugbranche betrifft. Im \u00dcbrigen kann eine vergleichbare Initiative auf lokaler Ebene durchaus auch f\u00fcr Nfz-Betriebe ein spannender Ansatz sein, um potenzielle <a href=\"https:\/\/www.krafthand.de\/truck\/artikel\/antrieb-und-wandel-das-neue-berufsbild-nfz-mechantronikerin-34430\/\" target=\"_blank\" rel=\"noopener\">Nfz-Mechatroniker(innen)<\/a> f\u00fcr das Thema Nutzfahrzeuge zu begeistern.<\/p>\n<p>Inwieweit eine Einarbeitungsphase notwendig ist, teilt Daimler-Truck nicht mit. Schlie\u00dflich setzen Montagearbeiten in der Produktion ein technisches Verst\u00e4ndnis und vor allem Zuverl\u00e4ssigkeit voraus. Der Gro\u00dfteil der rund 2.800 Ferienbesch\u00e4ftigten soll auf jeden Fall in den Mercedes-Benz Werken in der Produktion und Logistik t\u00e4tig sein, alleine am gr\u00f6\u00dften Standort in W\u00f6rth rund 1.200 in diesem Jahr.<\/p>\n<blockquote><p>J\u00fcrgen Hartwig, Mitglied des Vorstands der Daimler Truck AG, verantwortlich f\u00fcr Personal und Arbeitsdirektor: \u201eDie Ferienbesch\u00e4ftigten unterst\u00fctzen uns auch in diesem Jahr wieder tatkr\u00e4ftig in der Urlaubszeit. Die jungen Menschen nutzen die Gelegenheit und erhalten vielseitige Einblicke ins Unternehmen und kn\u00fcpfen erste berufliche Kontakte \u2013 und das bei einer attraktiven Verg\u00fctung. Zudem erm\u00f6glichen sie der Stammbelegschaft die wohlverdiente Erholungszeit.\u201c<\/p><\/blockquote>\n<p>In diesem Jahr werden Ferienbesch\u00e4ftigte f\u00fcr die Mercedes-Benz Werke Gaggenau, Kassel, Mannheim und W\u00f6rth gesucht. In einzelnen Werken sind die Ferienbesch\u00e4ftigten bereits ab M\u00e4rz im Einsatz. Die gr\u00f6\u00dfte Anzahl der Sch\u00fclerinnen und Sch\u00fcler sowie Studentinnen und Studenten soll die Werke in den Sommermonaten von Mai bis September 2023 unterst\u00fctzen.<\/p>\n<p>F\u00fcr eine Besch\u00e4ftigung m\u00fcssen die Bewerber(innen) mindestens 18 Jahre alt sein. Die Besch\u00e4ftigungsdauer ist standortabh\u00e4ngig, mindestens aber vier Wochen. Der Bewerbungsprozess ist gestartet, Interessenten k\u00f6nnen sich <a href=\"https:\/\/www.daimlertruck.com\/karriere\/schueler\/ferienjobs\" target=\"_blank\" rel=\"noopener\">hier online<\/a> bewerben.<\/p>\n","protected":false},"excerpt":{"rendered":"<p>Sommerzeit ist Urlaubszeit. Deswegen m\u00f6chte Daimler Truck auch in diesem Jahr die Stammbelegschaft an den deutschen Standorten durch den Einsatz von Ferienbesch\u00e4ftigten entlasten. F\u00fcr Sch\u00fclerinnen und Sch\u00fcler, Studentinnen und Studenten ein interessantes Angebot. Interessant ist der Ansatz auch deshalb, weil Daimler Truck so potenzielle Nachwuchskr\u00e4fte f\u00fcr sich gewinnen kann. <span class=\"excerpt-more__dots\">&#8230;<\/span> <a class=\"excerpt-more__link\" href=\"https:\/\/www.krafthand.de\/truck\/artikel\/daimler-truck-sucht-rund-2-800-ferienjobber-in-deutschland-35675\/\" >weiter<\/a><\/p>\n","protected":false},"author":9,"featured_media":35680,"comment_status":"closed","ping_status":"closed","sticky":false,"template":"","format":"standard","meta":{"footnotes":""},"categories":[4324,4235],"tags":[4492,5569,5571,5570],"settings":[4766,3523],"class_list":["post-35675","post","type-post","status-publish","format-standard","has-post-thumbnail","hentry","category-schulungen-bildung","category-unternehmen","tag-daimler-truck","tag-ferienjob","tag-juergen-hartwig","tag-recruiting"],"yoast_head":"<!-- This site is optimized with the Yoast SEO plugin v27.3 - https:\/\/yoast.com\/product\/yoast-seo-wordpress\/ -->\n<title>Ferienjobs am laufenden Band: Daimler Truck sucht rund 2.800 Aushilfskr\u00e4fte - Krafthand-Truck<\/title>\n<meta name=\"description\" content=\"Daimler Truck m\u00f6chte die Stammbelegschaft an deutschen Standorten durch Ferienbesch\u00e4ftigte in der Produktion und Logistik entlasten.\" \/>\n<meta name=\"robots\" content=\"index, follow, max-snippet:-1, max-image-preview:large, max-video-preview:-1\" \/>\n<link rel=\"canonical\" href=\"https:\/\/www.krafthand.de\/truck\/artikel\/daimler-truck-sucht-rund-2-800-ferienjobber-in-deutschland-35675\/\" \/>\n<meta property=\"og:locale\" content=\"de_DE\" \/>\n<meta property=\"og:type\" content=\"article\" \/>\n<meta property=\"og:title\" content=\"Ferienjobs am laufenden Band: Daimler Truck sucht rund 2.800 Aushilfskr\u00e4fte - Krafthand-Truck\" \/>\n<meta property=\"og:description\" content=\"Daimler Truck m\u00f6chte die Stammbelegschaft an deutschen Standorten durch Ferienbesch\u00e4ftigte in der Produktion und Logistik entlasten.\" \/>\n<meta property=\"og:url\" content=\"https:\/\/www.krafthand-truck.de\/artikel\/daimler-truck-sucht-rund-2-800-ferienjobber-in-deutschland-35675\/\" \/>\n<meta property=\"og:site_name\" content=\"Krafthand-Truck\" \/>\n<meta property=\"article:published_time\" content=\"2023-03-23T12:15:17+00:00\" \/>\n<meta property=\"article:modified_time\" content=\"2023-03-23T13:15:42+00:00\" \/>\n<meta property=\"og:image\" content=\"https:\/\/static.krafthand-truck.de\/uploads\/2023\/03\/Daimler_Truck_Ferienjobber_2023.jpg\" \/>\n\t<meta property=\"og:image:width\" content=\"1200\" \/>\n\t<meta property=\"og:image:height\" content=\"801\" \/>\n\t<meta property=\"og:image:type\" content=\"image\/jpeg\" \/>\n<meta name=\"author\" content=\"georg.blenk@krafthand-medien.de\" \/>\n<meta name=\"twitter:card\" content=\"summary_large_image\" \/>\n<meta name=\"twitter:label1\" content=\"Verfasst von\" \/>\n\t<meta name=\"twitter:data1\" content=\"georg.blenk@krafthand-medien.de\" \/>\n\t<meta name=\"twitter:label2\" content=\"Gesch\u00e4tzte Lesezeit\" \/>\n\t<meta name=\"twitter:data2\" content=\"2\u00a0Minuten\" \/>\n<script type=\"application\/ld+json\" class=\"yoast-schema-graph\">{\"@context\":\"https:\\\/\\\/schema.org\",\"@graph\":[{\"@type\":\"Article\",\"@id\":\"https:\\\/\\\/www.krafthand.de\\\/truck\\\/artikel\\\/daimler-truck-sucht-rund-2-800-ferienjobber-in-deutschland-35675\\\/#article\",\"isPartOf\":{\"@id\":\"https:\\\/\\\/www.krafthand.de\\\/truck\\\/artikel\\\/daimler-truck-sucht-rund-2-800-ferienjobber-in-deutschland-35675\\\/\"},\"author\":{\"name\":\"georg.blenk@krafthand-medien.de\",\"@id\":\"https:\\\/\\\/www.krafthand.de\\\/truck\\\/#\\\/schema\\\/person\\\/51fa80b1c57034c4bf63f9f988fc24ce\"},\"headline\":\"Ferienjobs am laufenden Band: Daimler Truck sucht rund 2.800 Aushilfskr\u00e4fte\",\"datePublished\":\"2023-03-23T12:15:17+00:00\",\"dateModified\":\"2023-03-23T13:15:42+00:00\",\"mainEntityOfPage\":{\"@id\":\"https:\\\/\\\/www.krafthand.de\\\/truck\\\/artikel\\\/daimler-truck-sucht-rund-2-800-ferienjobber-in-deutschland-35675\\\/\"},\"wordCount\":324,\"image\":{\"@id\":\"https:\\\/\\\/www.krafthand.de\\\/truck\\\/artikel\\\/daimler-truck-sucht-rund-2-800-ferienjobber-in-deutschland-35675\\\/#primaryimage\"},\"thumbnailUrl\":\"https:\\\/\\\/static.krafthand-truck.de\\\/uploads\\\/2023\\\/03\\\/Daimler_Truck_Ferienjobber_2023.jpg\",\"keywords\":[\"Daimler Truck\",\"Ferienjob\",\"J\u00fcrgen Hartwig\",\"Recruiting\"],\"articleSection\":[\"Schulungen\\\/Bildung\",\"Unternehmen\"],\"inLanguage\":\"de\"},{\"@type\":\"WebPage\",\"@id\":\"https:\\\/\\\/www.krafthand.de\\\/truck\\\/artikel\\\/daimler-truck-sucht-rund-2-800-ferienjobber-in-deutschland-35675\\\/\",\"url\":\"https:\\\/\\\/www.krafthand.de\\\/truck\\\/artikel\\\/daimler-truck-sucht-rund-2-800-ferienjobber-in-deutschland-35675\\\/\",\"name\":\"Ferienjobs am laufenden Band: Daimler Truck sucht rund 2.800 Aushilfskr\u00e4fte - Krafthand-Truck\",\"isPartOf\":{\"@id\":\"https:\\\/\\\/www.krafthand.de\\\/truck\\\/#website\"},\"primaryImageOfPage\":{\"@id\":\"https:\\\/\\\/www.krafthand.de\\\/truck\\\/artikel\\\/daimler-truck-sucht-rund-2-800-ferienjobber-in-deutschland-35675\\\/#primaryimage\"},\"image\":{\"@id\":\"https:\\\/\\\/www.krafthand.de\\\/truck\\\/artikel\\\/daimler-truck-sucht-rund-2-800-ferienjobber-in-deutschland-35675\\\/#primaryimage\"},\"thumbnailUrl\":\"https:\\\/\\\/static.krafthand-truck.de\\\/uploads\\\/2023\\\/03\\\/Daimler_Truck_Ferienjobber_2023.jpg\",\"datePublished\":\"2023-03-23T12:15:17+00:00\",\"dateModified\":\"2023-03-23T13:15:42+00:00\",\"author\":{\"@id\":\"https:\\\/\\\/www.krafthand.de\\\/truck\\\/#\\\/schema\\\/person\\\/51fa80b1c57034c4bf63f9f988fc24ce\"},\"description\":\"Daimler Truck m\u00f6chte die Stammbelegschaft an deutschen Standorten durch Ferienbesch\u00e4ftigte in der Produktion und Logistik entlasten.\",\"breadcrumb\":{\"@id\":\"https:\\\/\\\/www.krafthand.de\\\/truck\\\/artikel\\\/daimler-truck-sucht-rund-2-800-ferienjobber-in-deutschland-35675\\\/#breadcrumb\"},\"inLanguage\":\"de\",\"potentialAction\":[{\"@type\":\"ReadAction\",\"target\":[\"https:\\\/\\\/www.krafthand.de\\\/truck\\\/artikel\\\/daimler-truck-sucht-rund-2-800-ferienjobber-in-deutschland-35675\\\/\"]}]},{\"@type\":\"ImageObject\",\"inLanguage\":\"de\",\"@id\":\"https:\\\/\\\/www.krafthand.de\\\/truck\\\/artikel\\\/daimler-truck-sucht-rund-2-800-ferienjobber-in-deutschland-35675\\\/#primaryimage\",\"url\":\"https:\\\/\\\/static.krafthand-truck.de\\\/uploads\\\/2023\\\/03\\\/Daimler_Truck_Ferienjobber_2023.jpg\",\"contentUrl\":\"https:\\\/\\\/static.krafthand-truck.de\\\/uploads\\\/2023\\\/03\\\/Daimler_Truck_Ferienjobber_2023.jpg\",\"width\":1200,\"height\":801},{\"@type\":\"BreadcrumbList\",\"@id\":\"https:\\\/\\\/www.krafthand.de\\\/truck\\\/artikel\\\/daimler-truck-sucht-rund-2-800-ferienjobber-in-deutschland-35675\\\/#breadcrumb\",\"itemListElement\":[{\"@type\":\"ListItem\",\"position\":1,\"name\":\"Krafthand-Truck\",\"item\":\"https:\\\/\\\/www.krafthand.de\\\/truck\\\/\"},{\"@type\":\"ListItem\",\"position\":2,\"name\":\"Nfz-Branche\",\"item\":\"https:\\\/\\\/www.krafthand.de\\\/truck\\\/kategorie\\\/branche\\\/\"},{\"@type\":\"ListItem\",\"position\":3,\"name\":\"Schulungen\\\/Bildung\",\"item\":\"https:\\\/\\\/www.krafthand.de\\\/truck\\\/kategorie\\\/branche\\\/schulungen-bildung\\\/\"},{\"@type\":\"ListItem\",\"position\":4,\"name\":\"Ferienjobs am laufenden Band: Daimler Truck sucht rund 2.800 Aushilfskr\u00e4fte\"}]},{\"@type\":\"WebSite\",\"@id\":\"https:\\\/\\\/www.krafthand.de\\\/truck\\\/#website\",\"url\":\"https:\\\/\\\/www.krafthand.de\\\/truck\\\/\",\"name\":\"Krafthand-Truck\",\"description\":\"\",\"potentialAction\":[{\"@type\":\"SearchAction\",\"target\":{\"@type\":\"EntryPoint\",\"urlTemplate\":\"https:\\\/\\\/www.krafthand.de\\\/truck\\\/?s={search_term_string}\"},\"query-input\":{\"@type\":\"PropertyValueSpecification\",\"valueRequired\":true,\"valueName\":\"search_term_string\"}}],\"inLanguage\":\"de\"},{\"@type\":\"Person\",\"@id\":\"https:\\\/\\\/www.krafthand.de\\\/truck\\\/#\\\/schema\\\/person\\\/51fa80b1c57034c4bf63f9f988fc24ce\",\"name\":\"georg.blenk@krafthand-medien.de\",\"image\":{\"@type\":\"ImageObject\",\"inLanguage\":\"de\",\"@id\":\"https:\\\/\\\/secure.gravatar.com\\\/avatar\\\/93713c30affe0aa95d3a4130e499bb1abee2eb31adbdd9ce2aa1543538490215?s=96&d=mm&r=g\",\"url\":\"https:\\\/\\\/secure.gravatar.com\\\/avatar\\\/93713c30affe0aa95d3a4130e499bb1abee2eb31adbdd9ce2aa1543538490215?s=96&d=mm&r=g\",\"contentUrl\":\"https:\\\/\\\/secure.gravatar.com\\\/avatar\\\/93713c30affe0aa95d3a4130e499bb1abee2eb31adbdd9ce2aa1543538490215?s=96&d=mm&r=g\",\"caption\":\"georg.blenk@krafthand-medien.de\"}}]}<\/script>\n<!-- \/ Yoast SEO plugin. -->","yoast_head_json":{"title":"Ferienjobs am laufenden Band: Daimler Truck sucht rund 2.800 Aushilfskr\u00e4fte - Krafthand-Truck","description":"Daimler Truck m\u00f6chte die Stammbelegschaft an deutschen Standorten durch Ferienbesch\u00e4ftigte in der Produktion und Logistik entlasten.","robots":{"index":"index","follow":"follow","max-snippet":"max-snippet:-1","max-image-preview":"max-image-preview:large","max-video-preview":"max-video-preview:-1"},"canonical":"https:\/\/www.krafthand.de\/truck\/artikel\/daimler-truck-sucht-rund-2-800-ferienjobber-in-deutschland-35675\/","og_locale":"de_DE","og_type":"article","og_title":"Ferienjobs am laufenden Band: Daimler Truck sucht rund 2.800 Aushilfskr\u00e4fte - Krafthand-Truck","og_description":"Daimler Truck m\u00f6chte die Stammbelegschaft an deutschen Standorten durch Ferienbesch\u00e4ftigte in der Produktion und Logistik entlasten.","og_url":"https:\/\/www.krafthand-truck.de\/artikel\/daimler-truck-sucht-rund-2-800-ferienjobber-in-deutschland-35675\/","og_site_name":"Krafthand-Truck","article_published_time":"2023-03-23T12:15:17+00:00","article_modified_time":"2023-03-23T13:15:42+00:00","og_image":[{"width":1200,"height":801,"url":"https:\/\/static.krafthand-truck.de\/uploads\/2023\/03\/Daimler_Truck_Ferienjobber_2023.jpg","type":"image\/jpeg"}],"author":"georg.blenk@krafthand-medien.de","twitter_card":"summary_large_image","twitter_misc":{"Verfasst von":"georg.blenk@krafthand-medien.de","Gesch\u00e4tzte Lesezeit":"2\u00a0Minuten"},"schema":{"@context":"https:\/\/schema.org","@graph":[{"@type":"Article","@id":"https:\/\/www.krafthand.de\/truck\/artikel\/daimler-truck-sucht-rund-2-800-ferienjobber-in-deutschland-35675\/#article","isPartOf":{"@id":"https:\/\/www.krafthand.de\/truck\/artikel\/daimler-truck-sucht-rund-2-800-ferienjobber-in-deutschland-35675\/"},"author":{"name":"georg.blenk@krafthand-medien.de","@id":"https:\/\/www.krafthand.de\/truck\/#\/schema\/person\/51fa80b1c57034c4bf63f9f988fc24ce"},"headline":"Ferienjobs am laufenden Band: Daimler Truck sucht rund 2.800 Aushilfskr\u00e4fte","datePublished":"2023-03-23T12:15:17+00:00","dateModified":"2023-03-23T13:15:42+00:00","mainEntityOfPage":{"@id":"https:\/\/www.krafthand.de\/truck\/artikel\/daimler-truck-sucht-rund-2-800-ferienjobber-in-deutschland-35675\/"},"wordCount":324,"image":{"@id":"https:\/\/www.krafthand.de\/truck\/artikel\/daimler-truck-sucht-rund-2-800-ferienjobber-in-deutschland-35675\/#primaryimage"},"thumbnailUrl":"https:\/\/static.krafthand-truck.de\/uploads\/2023\/03\/Daimler_Truck_Ferienjobber_2023.jpg","keywords":["Daimler Truck","Ferienjob","J\u00fcrgen Hartwig","Recruiting"],"articleSection":["Schulungen\/Bildung","Unternehmen"],"inLanguage":"de"},{"@type":"WebPage","@id":"https:\/\/www.krafthand.de\/truck\/artikel\/daimler-truck-sucht-rund-2-800-ferienjobber-in-deutschland-35675\/","url":"https:\/\/www.krafthand.de\/truck\/artikel\/daimler-truck-sucht-rund-2-800-ferienjobber-in-deutschland-35675\/","name":"Ferienjobs am laufenden Band: Daimler Truck sucht rund 2.800 Aushilfskr\u00e4fte - Krafthand-Truck","isPartOf":{"@id":"https:\/\/www.krafthand.de\/truck\/#website"},"primaryImageOfPage":{"@id":"https:\/\/www.krafthand.de\/truck\/artikel\/daimler-truck-sucht-rund-2-800-ferienjobber-in-deutschland-35675\/#primaryimage"},"image":{"@id":"https:\/\/www.krafthand.de\/truck\/artikel\/daimler-truck-sucht-rund-2-800-ferienjobber-in-deutschland-35675\/#primaryimage"},"thumbnailUrl":"https:\/\/static.krafthand-truck.de\/uploads\/2023\/03\/Daimler_Truck_Ferienjobber_2023.jpg","datePublished":"2023-03-23T12:15:17+00:00","dateModified":"2023-03-23T13:15:42+00:00","author":{"@id":"https:\/\/www.krafthand.de\/truck\/#\/schema\/person\/51fa80b1c57034c4bf63f9f988fc24ce"},"description":"Daimler Truck m\u00f6chte die Stammbelegschaft an deutschen Standorten durch Ferienbesch\u00e4ftigte in der Produktion und Logistik entlasten.","breadcrumb":{"@id":"https:\/\/www.krafthand.de\/truck\/artikel\/daimler-truck-sucht-rund-2-800-ferienjobber-in-deutschland-35675\/#breadcrumb"},"inLanguage":"de","potentialAction":[{"@type":"ReadAction","target":["https:\/\/www.krafthand.de\/truck\/artikel\/daimler-truck-sucht-rund-2-800-ferienjobber-in-deutschland-35675\/"]}]},{"@type":"ImageObject","inLanguage":"de","@id":"https:\/\/www.krafthand.de\/truck\/artikel\/daimler-truck-sucht-rund-2-800-ferienjobber-in-deutschland-35675\/#primaryimage","url":"https:\/\/static.krafthand-truck.de\/uploads\/2023\/03\/Daimler_Truck_Ferienjobber_2023.jpg","contentUrl":"https:\/\/static.krafthand-truck.de\/uploads\/2023\/03\/Daimler_Truck_Ferienjobber_2023.jpg","width":1200,"height":801},{"@type":"BreadcrumbList","@id":"https:\/\/www.krafthand.de\/truck\/artikel\/daimler-truck-sucht-rund-2-800-ferienjobber-in-deutschland-35675\/#breadcrumb","itemListElement":[{"@type":"ListItem","position":1,"name":"Krafthand-Truck","item":"https:\/\/www.krafthand.de\/truck\/"},{"@type":"ListItem","position":2,"name":"Nfz-Branche","item":"https:\/\/www.krafthand.de\/truck\/kategorie\/branche\/"},{"@type":"ListItem","position":3,"name":"Schulungen\/Bildung","item":"https:\/\/www.krafthand.de\/truck\/kategorie\/branche\/schulungen-bildung\/"},{"@type":"ListItem","position":4,"name":"Ferienjobs am laufenden Band: Daimler Truck sucht rund 2.800 Aushilfskr\u00e4fte"}]},{"@type":"WebSite","@id":"https:\/\/www.krafthand.de\/truck\/#website","url":"https:\/\/www.krafthand.de\/truck\/","name":"Krafthand-Truck","description":"","potentialAction":[{"@type":"SearchAction","target":{"@type":"EntryPoint","urlTemplate":"https:\/\/www.krafthand.de\/truck\/?s={search_term_string}"},"query-input":{"@type":"PropertyValueSpecification","valueRequired":true,"valueName":"search_term_string"}}],"inLanguage":"de"},{"@type":"Person","@id":"https:\/\/www.krafthand.de\/truck\/#\/schema\/person\/51fa80b1c57034c4bf63f9f988fc24ce","name":"georg.blenk@krafthand-medien.de","image":{"@type":"ImageObject","inLanguage":"de","@id":"https:\/\/secure.gravatar.com\/avatar\/93713c30affe0aa95d3a4130e499bb1abee2eb31adbdd9ce2aa1543538490215?s=96&d=mm&r=g","url":"https:\/\/secure.gravatar.com\/avatar\/93713c30affe0aa95d3a4130e499bb1abee2eb31adbdd9ce2aa1543538490215?s=96&d=mm&r=g","contentUrl":"https:\/\/secure.gravatar.com\/avatar\/93713c30affe0aa95d3a4130e499bb1abee2eb31adbdd9ce2aa1543538490215?s=96&d=mm&r=g","caption":"georg.blenk@krafthand-medien.de"}}]}},"_links":{"self":[{"href":"https:\/\/www.krafthand.de\/truck\/wp-json\/wp\/v2\/posts\/35675","targetHints":{"allow":["GET"]}}],"collection":[{"href":"https:\/\/www.krafthand.de\/truck\/wp-json\/wp\/v2\/posts"}],"about":[{"href":"https:\/\/www.krafthand.de\/truck\/wp-json\/wp\/v2\/types\/post"}],"author":[{"embeddable":true,"href":"https:\/\/www.krafthand.de\/truck\/wp-json\/wp\/v2\/users\/9"}],"replies":[{"embeddable":true,"href":"https:\/\/www.krafthand.de\/truck\/wp-json\/wp\/v2\/comments?post=35675"}],"version-history":[{"count":15,"href":"https:\/\/www.krafthand.de\/truck\/wp-json\/wp\/v2\/posts\/35675\/revisions"}],"predecessor-version":[{"id":35691,"href":"https:\/\/www.krafthand.de\/truck\/wp-json\/wp\/v2\/posts\/35675\/revisions\/35691"}],"wp:featuredmedia":[{"embeddable":true,"href":"https:\/\/www.krafthand.de\/truck\/wp-json\/wp\/v2\/media\/35680"}],"wp:attachment":[{"href":"https:\/\/www.krafthand.de\/truck\/wp-json\/wp\/v2\/media?parent=35675"}],"wp:term":[{"taxonomy":"category","embeddable":true,"href":"https:\/\/www.krafthand.de\/truck\/wp-json\/wp\/v2\/categories?post=35675"},{"taxonomy":"post_tag","embeddable":true,"href":"https:\/\/www.krafthand.de\/truck\/wp-json\/wp\/v2\/tags?post=35675"},{"taxonomy":"settings","embeddable":true,"href":"https:\/\/www.krafthand.de\/truck\/wp-json\/wp\/v2\/settings?post=35675"}],"curies":[{"name":"wp","href":"https:\/\/api.w.org\/{rel}","templated":true}]}}