{"id":35667,"date":"2023-03-22T07:49:32","date_gmt":"2023-03-22T06:49:32","guid":{"rendered":"https:\/\/www.krafthand.de\/truck\/?p=35667"},"modified":"2023-03-22T09:02:32","modified_gmt":"2023-03-22T08:02:32","slug":"daf-startet-durch-die-produktion-des-xd-und-xf-electric-laeuft-an","status":"publish","type":"post","link":"https:\/\/www.krafthand.de\/truck\/artikel\/daf-startet-durch-die-produktion-des-xd-und-xf-electric-laeuft-an-35667\/","title":{"rendered":"DAF startet durch &#8211; Die Produktion des XD- und XF-Electric l\u00e4uft an"},"content":{"rendered":"<p>DAF erweiterte seinen Produktionsstandort in Eindhoven um ein neues Montagewerk f\u00fcr Elektro-Lkw. Im Fr\u00fchjahr soll dort die Produktion des DAF XD Electric (Verteilerverkehr) und des XF Electric (Fernverkehr) der neuen Generation starten. Beide Lkw wurden im September 2022 auf der IAA-Transportation erstmals vorgestellt. Die vollelektrischen Fahrzeuge bieten laut DAF eine Reichweite von bis zu 500 emissionsfreien Kilometern. DAF geht davon aus, dass die Produktion in den n\u00e4chsten Jahren auf mehrere Tausend Fahrzeuge pro Jahr ansteigen wird, was der steigenden Nachfrage nach vollelektrischen Lkw entspr\u00e4che. Laut DAF liegen bereits Vorbestellungen in ganz Europa vor.<\/p>\n<h2>Gemeinsame Fahrgestellplattform<\/h2>\n<p>Die Grundlage f\u00fcr jeden DAF-Elektro-Lkw der neuen Generation ist ein sogenannter Gleiter, ein Fahrgestell mit Fahrerhaus aber ohne Antriebsstrang. Der Gleiter wird auf der <a href=\"https:\/\/www.daftrucks.de\/de-de\" target=\"_blank\" rel=\"noopener\">DAF<\/a>-Hauptproduktionslinie f\u00fcr Lkw hergestellt. Die 4\u00d72- und 6\u00d72-Sattelzugmaschinen und -Lkw werden dann in einem achtstufigen Prozess auf der Produktionslinie f\u00fcr XD und XF Electric-Lkw montiert.<\/p>\n<p>&nbsp;<\/p>\n<figure id=\"attachment_35669\" aria-describedby=\"caption-attachment-35669\" style=\"width: 800px\" class=\"wp-caption aligncenter\"><img fetchpriority=\"high\" decoding=\"async\" class=\"wp-image-35669\" src=\"https:\/\/static.krafthand-truck.de\/uploads\/2023\/03\/01_2023_028_2-300x166.jpg\" alt=\"\" width=\"800\" height=\"443\" srcset=\"https:\/\/static.krafthand-truck.de\/uploads\/2023\/03\/01_2023_028_2-300x166.jpg 300w, https:\/\/static.krafthand-truck.de\/uploads\/2023\/03\/01_2023_028_2-1024x567.jpg 1024w, https:\/\/static.krafthand-truck.de\/uploads\/2023\/03\/01_2023_028_2-768x425.jpg 768w, https:\/\/static.krafthand-truck.de\/uploads\/2023\/03\/01_2023_028_2-1320x731.jpg 1320w, https:\/\/static.krafthand-truck.de\/uploads\/2023\/03\/01_2023_028_2.jpg 1400w\" sizes=\"(max-width: 800px) 100vw, 800px\" \/><figcaption id=\"caption-attachment-35669\" class=\"wp-caption-text\">Der Bau des neuen Werks am Standort Eindhoven nahm achtzehn Monate in Anspruch. Bild: DAF<\/figcaption><\/figure>\n<h2>Zwei Montagelinien<\/h2>\n<p>Das neue Werk verf\u00fcgt \u00fcber zwei Montagelinien. Die Batteries\u00e4tze werden auf der untergeordneten Linie montiert, w\u00e4hrend alle Hochspannungskomponenten, einschlie\u00dflich Batterien und Antriebsstrang von <a href=\"https:\/\/www.paccar.com\" target=\"_blank\" rel=\"noopener\">Paccar<\/a>, auf der Hauptmontagelinie auf dem Fahrgestell montiert werden. An den letzten Stationen folgen Qualit\u00e4tskontrollen, um sicherzustellen, dass der Lkw in einwandfreiem Zustand ausgeliefert wird.<\/p>\n<h2>Individuelle L\u00f6sungen<\/h2>\n<p>Wie alle DAF-Fahrzeuge werden auch die XD und XF Electric auf die W\u00fcnsche jedes einzelnen Kunden zugeschnitten. Aus diesem Grund sind die elektrischen Antriebsstr\u00e4nge von Paccar modular aufgebaut. Zus\u00e4tzlich zu den beiden EX-Motoren (mit sechs verschiedenen Leistungsstufen) k\u00f6nnen die Batteries\u00e4tze je nach Kundenanforderung auch an verschiedenen Positionen am Fahrgestell montiert werden. Dies soll eine maximale Flexibilit\u00e4t f\u00fcr die Hersteller der Aufbauten gew\u00e4hrleisten.<\/p>\n<h2>Leistung und Reichweite<\/h2>\n<figure id=\"attachment_35670\" aria-describedby=\"caption-attachment-35670\" style=\"width: 320px\" class=\"wp-caption alignright\"><a href=\"https:\/\/static.krafthand-truck.de\/uploads\/2023\/03\/01_2023_028_3.jpg\" target=\"_blank\" rel=\"noopener\"><img decoding=\"async\" class=\"wp-image-35670\" src=\"https:\/\/static.krafthand-truck.de\/uploads\/2023\/03\/01_2023_028_3-300x169.jpg\" alt=\"\" width=\"320\" height=\"180\" srcset=\"https:\/\/static.krafthand-truck.de\/uploads\/2023\/03\/01_2023_028_3-300x169.jpg 300w, https:\/\/static.krafthand-truck.de\/uploads\/2023\/03\/01_2023_028_3-1024x576.jpg 1024w, https:\/\/static.krafthand-truck.de\/uploads\/2023\/03\/01_2023_028_3-768x432.jpg 768w, https:\/\/static.krafthand-truck.de\/uploads\/2023\/03\/01_2023_028_3-1320x743.jpg 1320w, https:\/\/static.krafthand-truck.de\/uploads\/2023\/03\/01_2023_028_3.jpg 1400w\" sizes=\"(max-width: 320px) 100vw, 320px\" \/><\/a><figcaption id=\"caption-attachment-35670\" class=\"wp-caption-text\">Leistungselektronik und Zentralsteuerung des DAF XD Electric. Bild: Georg Blenk<\/figcaption><\/figure>\n<p>Die vollelektrischen Antriebsstr\u00e4nge von Paccar liefern Leistungen zwischen 170 und 350 kW (210 bis 480 PS). DAF bietet auch eine Auswahl an Batteries\u00e4tzen mit modularem Ansatz an. Der kleinste Satz enth\u00e4lt zwei \u201aStr\u00e4nge\u2018, die zusammen eine Kapazit\u00e4t von 210 kWh haben und eine Reichweite von bis zu 200 Kilometern bieten. Die gr\u00f6\u00dfte Option verf\u00fcgt \u00fcber f\u00fcnf, mit einer Kapazit\u00e4t von 525 kWh. Das Fahrzeug kann so laut DAF eine Reichweite von \u00fcber 500 Kilometern erreichen. Die Elektro-Lkw sind zudem auf schnelles Aufladen vorbereitet. Selbst der gr\u00f6\u00dfte Batteriesatz kann DAF zufolge in knapp \u00fcber 45 Minuten von 0 auf 80 Prozent aufgeladen werden.<\/p>\n<p><i>Den Beitrag finden Sie auch in der Print-Ausgabe 1-2023 der <a href=\"https:\/\/www.krafthand.de\/truck\/magazin\/\" title=\"Zum Magazin\">Krafthand-Truck<\/a>.<\/i><\/p>\r\n\t\t\t\t<div class=\"post-author\">\r\n\t\t\t\t\t<div class=\"khm-cp-author clearfix\">\r\n\t\t\t\t\t\t<div class=\"khm-cp-author__content\">\r\n\t\t\t\t\t\t\t\tKontakt zum Autor:<br \/>\r\n\t\t\t\t\t\t\t\t<strong>Georg Blenk<\/strong>, 08247 \/ 3007-45 |  <a href=\"mailto:georg.blenk@krafthand-medien.de\">georg.blenk@krafthand-medien.de<\/a>\r\n\t\t\t\t\t\t\t<div class=\"khm-cp-author__image\">\r\n\t\t\t\t\t\t<img src=\"https:\/\/static.krafthand-truck.de\/uploads\/2021\/01\/Blenk_6104-250x300-1-removebg-preview.png\" class=\"img-responsive\">\r\n\t\t\t\t\t<\/div>\r\n\t\t\t\t\t\t<\/div>\r\n\t\t\t\t\t<\/div>\r\n\t\t\t\t<\/div>\r\n\t\t\t\t","protected":false},"excerpt":{"rendered":"<p>DAF erweiterte seinen Produktionsstandort in Eindhoven um ein neues Montagewerk f\u00fcr Elektro-Lkw. Im Fr\u00fchjahr soll dort die Produktion des DAF XD Electric (Verteilerverkehr) und des XF Electric (Fernverkehr) der neuen Generation starten. Laut DAF liegen bereits Vorbestellungen in ganz Europa vor. <span class=\"excerpt-more__dots\">&#8230;<\/span> <a class=\"excerpt-more__link\" href=\"https:\/\/www.krafthand.de\/truck\/artikel\/daf-startet-durch-die-produktion-des-xd-und-xf-electric-laeuft-an-35667\/\" >weiter<\/a><\/p>\n","protected":false},"author":9,"featured_media":35668,"comment_status":"closed","ping_status":"closed","sticky":false,"template":"","format":"standard","meta":{"footnotes":""},"categories":[4224,4915],"tags":[839,4177,5125,5567,5568],"settings":[3524,3523],"class_list":["post-35667","post","type-post","status-publish","format-standard","has-post-thumbnail","hentry","category-e-antrieb","category-neue-fahrzeuge","tag-daf","tag-e-lkw","tag-paccar","tag-xd-electric","tag-xf-electric"],"yoast_head":"<!-- This site is optimized with the Yoast SEO plugin v27.3 - https:\/\/yoast.com\/product\/yoast-seo-wordpress\/ -->\n<title>DAF startet durch - Die Produktion des XD- und XF-Electric l\u00e4uft an - Krafthand-Truck<\/title>\n<meta name=\"description\" content=\"DAF erweiterte seinen Produktionsstandort in Eindhoven um ein neues Montagewerk f\u00fcr E-Lkw. Dort wird der XD- und der XF-Electric produziert.\" \/>\n<meta name=\"robots\" content=\"index, follow, max-snippet:-1, max-image-preview:large, max-video-preview:-1\" \/>\n<link rel=\"canonical\" href=\"https:\/\/www.krafthand.de\/truck\/artikel\/daf-startet-durch-die-produktion-des-xd-und-xf-electric-laeuft-an-35667\/\" \/>\n<meta property=\"og:locale\" content=\"de_DE\" \/>\n<meta property=\"og:type\" content=\"article\" \/>\n<meta property=\"og:title\" content=\"DAF startet durch - Die Produktion des XD- und XF-Electric l\u00e4uft an - Krafthand-Truck\" \/>\n<meta property=\"og:description\" content=\"DAF erweiterte seinen Produktionsstandort in Eindhoven um ein neues Montagewerk f\u00fcr E-Lkw. Dort wird der XD- und der XF-Electric produziert.\" \/>\n<meta property=\"og:url\" content=\"https:\/\/www.krafthand-truck.de\/artikel\/daf-startet-durch-die-produktion-des-xd-und-xf-electric-laeuft-an-35667\/\" \/>\n<meta property=\"og:site_name\" content=\"Krafthand-Truck\" \/>\n<meta property=\"article:published_time\" content=\"2023-03-22T06:49:32+00:00\" \/>\n<meta property=\"article:modified_time\" content=\"2023-03-22T08:02:32+00:00\" \/>\n<meta property=\"og:image\" content=\"https:\/\/static.krafthand-truck.de\/uploads\/2023\/03\/01_2023_028_1.jpg\" \/>\n\t<meta property=\"og:image:width\" content=\"1400\" \/>\n\t<meta property=\"og:image:height\" content=\"933\" \/>\n\t<meta property=\"og:image:type\" content=\"image\/jpeg\" \/>\n<meta name=\"author\" content=\"georg.blenk@krafthand-medien.de\" \/>\n<meta name=\"twitter:card\" content=\"summary_large_image\" \/>\n<meta name=\"twitter:label1\" content=\"Verfasst von\" \/>\n\t<meta name=\"twitter:data1\" content=\"georg.blenk@krafthand-medien.de\" \/>\n\t<meta name=\"twitter:label2\" content=\"Gesch\u00e4tzte Lesezeit\" \/>\n\t<meta name=\"twitter:data2\" content=\"3\u00a0Minuten\" \/>\n<script type=\"application\/ld+json\" class=\"yoast-schema-graph\">{\"@context\":\"https:\\\/\\\/schema.org\",\"@graph\":[{\"@type\":\"Article\",\"@id\":\"https:\\\/\\\/www.krafthand.de\\\/truck\\\/artikel\\\/daf-startet-durch-die-produktion-des-xd-und-xf-electric-laeuft-an-35667\\\/#article\",\"isPartOf\":{\"@id\":\"https:\\\/\\\/www.krafthand.de\\\/truck\\\/artikel\\\/daf-startet-durch-die-produktion-des-xd-und-xf-electric-laeuft-an-35667\\\/\"},\"author\":{\"name\":\"georg.blenk@krafthand-medien.de\",\"@id\":\"https:\\\/\\\/www.krafthand.de\\\/truck\\\/#\\\/schema\\\/person\\\/51fa80b1c57034c4bf63f9f988fc24ce\"},\"headline\":\"DAF startet durch &#8211; Die Produktion des XD- und XF-Electric l\u00e4uft an\",\"datePublished\":\"2023-03-22T06:49:32+00:00\",\"dateModified\":\"2023-03-22T08:02:32+00:00\",\"mainEntityOfPage\":{\"@id\":\"https:\\\/\\\/www.krafthand.de\\\/truck\\\/artikel\\\/daf-startet-durch-die-produktion-des-xd-und-xf-electric-laeuft-an-35667\\\/\"},\"wordCount\":434,\"image\":{\"@id\":\"https:\\\/\\\/www.krafthand.de\\\/truck\\\/artikel\\\/daf-startet-durch-die-produktion-des-xd-und-xf-electric-laeuft-an-35667\\\/#primaryimage\"},\"thumbnailUrl\":\"https:\\\/\\\/static.krafthand-truck.de\\\/uploads\\\/2023\\\/03\\\/01_2023_028_1.jpg\",\"keywords\":[\"DAF\",\"E-Lkw\",\"Paccar\",\"XD Electric\",\"XF Electric\"],\"articleSection\":[\"E-Antrieb (BEV\\\/FCEV)\",\"Neue Fahrzeuge\"],\"inLanguage\":\"de\"},{\"@type\":\"WebPage\",\"@id\":\"https:\\\/\\\/www.krafthand.de\\\/truck\\\/artikel\\\/daf-startet-durch-die-produktion-des-xd-und-xf-electric-laeuft-an-35667\\\/\",\"url\":\"https:\\\/\\\/www.krafthand.de\\\/truck\\\/artikel\\\/daf-startet-durch-die-produktion-des-xd-und-xf-electric-laeuft-an-35667\\\/\",\"name\":\"DAF startet durch - Die Produktion des XD- und XF-Electric l\u00e4uft an - Krafthand-Truck\",\"isPartOf\":{\"@id\":\"https:\\\/\\\/www.krafthand.de\\\/truck\\\/#website\"},\"primaryImageOfPage\":{\"@id\":\"https:\\\/\\\/www.krafthand.de\\\/truck\\\/artikel\\\/daf-startet-durch-die-produktion-des-xd-und-xf-electric-laeuft-an-35667\\\/#primaryimage\"},\"image\":{\"@id\":\"https:\\\/\\\/www.krafthand.de\\\/truck\\\/artikel\\\/daf-startet-durch-die-produktion-des-xd-und-xf-electric-laeuft-an-35667\\\/#primaryimage\"},\"thumbnailUrl\":\"https:\\\/\\\/static.krafthand-truck.de\\\/uploads\\\/2023\\\/03\\\/01_2023_028_1.jpg\",\"datePublished\":\"2023-03-22T06:49:32+00:00\",\"dateModified\":\"2023-03-22T08:02:32+00:00\",\"author\":{\"@id\":\"https:\\\/\\\/www.krafthand.de\\\/truck\\\/#\\\/schema\\\/person\\\/51fa80b1c57034c4bf63f9f988fc24ce\"},\"description\":\"DAF erweiterte seinen Produktionsstandort in Eindhoven um ein neues Montagewerk f\u00fcr E-Lkw. Dort wird der XD- und der XF-Electric produziert.\",\"breadcrumb\":{\"@id\":\"https:\\\/\\\/www.krafthand.de\\\/truck\\\/artikel\\\/daf-startet-durch-die-produktion-des-xd-und-xf-electric-laeuft-an-35667\\\/#breadcrumb\"},\"inLanguage\":\"de\",\"potentialAction\":[{\"@type\":\"ReadAction\",\"target\":[\"https:\\\/\\\/www.krafthand.de\\\/truck\\\/artikel\\\/daf-startet-durch-die-produktion-des-xd-und-xf-electric-laeuft-an-35667\\\/\"]}]},{\"@type\":\"ImageObject\",\"inLanguage\":\"de\",\"@id\":\"https:\\\/\\\/www.krafthand.de\\\/truck\\\/artikel\\\/daf-startet-durch-die-produktion-des-xd-und-xf-electric-laeuft-an-35667\\\/#primaryimage\",\"url\":\"https:\\\/\\\/static.krafthand-truck.de\\\/uploads\\\/2023\\\/03\\\/01_2023_028_1.jpg\",\"contentUrl\":\"https:\\\/\\\/static.krafthand-truck.de\\\/uploads\\\/2023\\\/03\\\/01_2023_028_1.jpg\",\"width\":1400,\"height\":933,\"caption\":\"Produktion des DAF XD und XF Electric im neuen Montagewerk. Bild: DAF\"},{\"@type\":\"BreadcrumbList\",\"@id\":\"https:\\\/\\\/www.krafthand.de\\\/truck\\\/artikel\\\/daf-startet-durch-die-produktion-des-xd-und-xf-electric-laeuft-an-35667\\\/#breadcrumb\",\"itemListElement\":[{\"@type\":\"ListItem\",\"position\":1,\"name\":\"Krafthand-Truck\",\"item\":\"https:\\\/\\\/www.krafthand.de\\\/truck\\\/\"},{\"@type\":\"ListItem\",\"position\":2,\"name\":\"IT+Fuhrpark\",\"item\":\"https:\\\/\\\/www.krafthand.de\\\/truck\\\/kategorie\\\/fuhrpark\\\/\"},{\"@type\":\"ListItem\",\"position\":3,\"name\":\"Neue Fahrzeuge\",\"item\":\"https:\\\/\\\/www.krafthand.de\\\/truck\\\/kategorie\\\/fuhrpark\\\/neue-fahrzeuge\\\/\"},{\"@type\":\"ListItem\",\"position\":4,\"name\":\"DAF startet durch &#8211; Die Produktion des XD- und XF-Electric l\u00e4uft an\"}]},{\"@type\":\"WebSite\",\"@id\":\"https:\\\/\\\/www.krafthand.de\\\/truck\\\/#website\",\"url\":\"https:\\\/\\\/www.krafthand.de\\\/truck\\\/\",\"name\":\"Krafthand-Truck\",\"description\":\"\",\"potentialAction\":[{\"@type\":\"SearchAction\",\"target\":{\"@type\":\"EntryPoint\",\"urlTemplate\":\"https:\\\/\\\/www.krafthand.de\\\/truck\\\/?s={search_term_string}\"},\"query-input\":{\"@type\":\"PropertyValueSpecification\",\"valueRequired\":true,\"valueName\":\"search_term_string\"}}],\"inLanguage\":\"de\"},{\"@type\":\"Person\",\"@id\":\"https:\\\/\\\/www.krafthand.de\\\/truck\\\/#\\\/schema\\\/person\\\/51fa80b1c57034c4bf63f9f988fc24ce\",\"name\":\"georg.blenk@krafthand-medien.de\",\"image\":{\"@type\":\"ImageObject\",\"inLanguage\":\"de\",\"@id\":\"https:\\\/\\\/secure.gravatar.com\\\/avatar\\\/93713c30affe0aa95d3a4130e499bb1abee2eb31adbdd9ce2aa1543538490215?s=96&d=mm&r=g\",\"url\":\"https:\\\/\\\/secure.gravatar.com\\\/avatar\\\/93713c30affe0aa95d3a4130e499bb1abee2eb31adbdd9ce2aa1543538490215?s=96&d=mm&r=g\",\"contentUrl\":\"https:\\\/\\\/secure.gravatar.com\\\/avatar\\\/93713c30affe0aa95d3a4130e499bb1abee2eb31adbdd9ce2aa1543538490215?s=96&d=mm&r=g\",\"caption\":\"georg.blenk@krafthand-medien.de\"}}]}<\/script>\n<!-- \/ Yoast SEO plugin. -->","yoast_head_json":{"title":"DAF startet durch - Die Produktion des XD- und XF-Electric l\u00e4uft an - Krafthand-Truck","description":"DAF erweiterte seinen Produktionsstandort in Eindhoven um ein neues Montagewerk f\u00fcr E-Lkw. Dort wird der XD- und der XF-Electric produziert.","robots":{"index":"index","follow":"follow","max-snippet":"max-snippet:-1","max-image-preview":"max-image-preview:large","max-video-preview":"max-video-preview:-1"},"canonical":"https:\/\/www.krafthand.de\/truck\/artikel\/daf-startet-durch-die-produktion-des-xd-und-xf-electric-laeuft-an-35667\/","og_locale":"de_DE","og_type":"article","og_title":"DAF startet durch - Die Produktion des XD- und XF-Electric l\u00e4uft an - Krafthand-Truck","og_description":"DAF erweiterte seinen Produktionsstandort in Eindhoven um ein neues Montagewerk f\u00fcr E-Lkw. Dort wird der XD- und der XF-Electric produziert.","og_url":"https:\/\/www.krafthand-truck.de\/artikel\/daf-startet-durch-die-produktion-des-xd-und-xf-electric-laeuft-an-35667\/","og_site_name":"Krafthand-Truck","article_published_time":"2023-03-22T06:49:32+00:00","article_modified_time":"2023-03-22T08:02:32+00:00","og_image":[{"width":1400,"height":933,"url":"https:\/\/static.krafthand-truck.de\/uploads\/2023\/03\/01_2023_028_1.jpg","type":"image\/jpeg"}],"author":"georg.blenk@krafthand-medien.de","twitter_card":"summary_large_image","twitter_misc":{"Verfasst von":"georg.blenk@krafthand-medien.de","Gesch\u00e4tzte Lesezeit":"3\u00a0Minuten"},"schema":{"@context":"https:\/\/schema.org","@graph":[{"@type":"Article","@id":"https:\/\/www.krafthand.de\/truck\/artikel\/daf-startet-durch-die-produktion-des-xd-und-xf-electric-laeuft-an-35667\/#article","isPartOf":{"@id":"https:\/\/www.krafthand.de\/truck\/artikel\/daf-startet-durch-die-produktion-des-xd-und-xf-electric-laeuft-an-35667\/"},"author":{"name":"georg.blenk@krafthand-medien.de","@id":"https:\/\/www.krafthand.de\/truck\/#\/schema\/person\/51fa80b1c57034c4bf63f9f988fc24ce"},"headline":"DAF startet durch &#8211; Die Produktion des XD- und XF-Electric l\u00e4uft an","datePublished":"2023-03-22T06:49:32+00:00","dateModified":"2023-03-22T08:02:32+00:00","mainEntityOfPage":{"@id":"https:\/\/www.krafthand.de\/truck\/artikel\/daf-startet-durch-die-produktion-des-xd-und-xf-electric-laeuft-an-35667\/"},"wordCount":434,"image":{"@id":"https:\/\/www.krafthand.de\/truck\/artikel\/daf-startet-durch-die-produktion-des-xd-und-xf-electric-laeuft-an-35667\/#primaryimage"},"thumbnailUrl":"https:\/\/static.krafthand-truck.de\/uploads\/2023\/03\/01_2023_028_1.jpg","keywords":["DAF","E-Lkw","Paccar","XD Electric","XF Electric"],"articleSection":["E-Antrieb (BEV\/FCEV)","Neue Fahrzeuge"],"inLanguage":"de"},{"@type":"WebPage","@id":"https:\/\/www.krafthand.de\/truck\/artikel\/daf-startet-durch-die-produktion-des-xd-und-xf-electric-laeuft-an-35667\/","url":"https:\/\/www.krafthand.de\/truck\/artikel\/daf-startet-durch-die-produktion-des-xd-und-xf-electric-laeuft-an-35667\/","name":"DAF startet durch - Die Produktion des XD- und XF-Electric l\u00e4uft an - Krafthand-Truck","isPartOf":{"@id":"https:\/\/www.krafthand.de\/truck\/#website"},"primaryImageOfPage":{"@id":"https:\/\/www.krafthand.de\/truck\/artikel\/daf-startet-durch-die-produktion-des-xd-und-xf-electric-laeuft-an-35667\/#primaryimage"},"image":{"@id":"https:\/\/www.krafthand.de\/truck\/artikel\/daf-startet-durch-die-produktion-des-xd-und-xf-electric-laeuft-an-35667\/#primaryimage"},"thumbnailUrl":"https:\/\/static.krafthand-truck.de\/uploads\/2023\/03\/01_2023_028_1.jpg","datePublished":"2023-03-22T06:49:32+00:00","dateModified":"2023-03-22T08:02:32+00:00","author":{"@id":"https:\/\/www.krafthand.de\/truck\/#\/schema\/person\/51fa80b1c57034c4bf63f9f988fc24ce"},"description":"DAF erweiterte seinen Produktionsstandort in Eindhoven um ein neues Montagewerk f\u00fcr E-Lkw. Dort wird der XD- und der XF-Electric produziert.","breadcrumb":{"@id":"https:\/\/www.krafthand.de\/truck\/artikel\/daf-startet-durch-die-produktion-des-xd-und-xf-electric-laeuft-an-35667\/#breadcrumb"},"inLanguage":"de","potentialAction":[{"@type":"ReadAction","target":["https:\/\/www.krafthand.de\/truck\/artikel\/daf-startet-durch-die-produktion-des-xd-und-xf-electric-laeuft-an-35667\/"]}]},{"@type":"ImageObject","inLanguage":"de","@id":"https:\/\/www.krafthand.de\/truck\/artikel\/daf-startet-durch-die-produktion-des-xd-und-xf-electric-laeuft-an-35667\/#primaryimage","url":"https:\/\/static.krafthand-truck.de\/uploads\/2023\/03\/01_2023_028_1.jpg","contentUrl":"https:\/\/static.krafthand-truck.de\/uploads\/2023\/03\/01_2023_028_1.jpg","width":1400,"height":933,"caption":"Produktion des DAF XD und XF Electric im neuen Montagewerk. Bild: DAF"},{"@type":"BreadcrumbList","@id":"https:\/\/www.krafthand.de\/truck\/artikel\/daf-startet-durch-die-produktion-des-xd-und-xf-electric-laeuft-an-35667\/#breadcrumb","itemListElement":[{"@type":"ListItem","position":1,"name":"Krafthand-Truck","item":"https:\/\/www.krafthand.de\/truck\/"},{"@type":"ListItem","position":2,"name":"IT+Fuhrpark","item":"https:\/\/www.krafthand.de\/truck\/kategorie\/fuhrpark\/"},{"@type":"ListItem","position":3,"name":"Neue Fahrzeuge","item":"https:\/\/www.krafthand.de\/truck\/kategorie\/fuhrpark\/neue-fahrzeuge\/"},{"@type":"ListItem","position":4,"name":"DAF startet durch &#8211; Die Produktion des XD- und XF-Electric l\u00e4uft an"}]},{"@type":"WebSite","@id":"https:\/\/www.krafthand.de\/truck\/#website","url":"https:\/\/www.krafthand.de\/truck\/","name":"Krafthand-Truck","description":"","potentialAction":[{"@type":"SearchAction","target":{"@type":"EntryPoint","urlTemplate":"https:\/\/www.krafthand.de\/truck\/?s={search_term_string}"},"query-input":{"@type":"PropertyValueSpecification","valueRequired":true,"valueName":"search_term_string"}}],"inLanguage":"de"},{"@type":"Person","@id":"https:\/\/www.krafthand.de\/truck\/#\/schema\/person\/51fa80b1c57034c4bf63f9f988fc24ce","name":"georg.blenk@krafthand-medien.de","image":{"@type":"ImageObject","inLanguage":"de","@id":"https:\/\/secure.gravatar.com\/avatar\/93713c30affe0aa95d3a4130e499bb1abee2eb31adbdd9ce2aa1543538490215?s=96&d=mm&r=g","url":"https:\/\/secure.gravatar.com\/avatar\/93713c30affe0aa95d3a4130e499bb1abee2eb31adbdd9ce2aa1543538490215?s=96&d=mm&r=g","contentUrl":"https:\/\/secure.gravatar.com\/avatar\/93713c30affe0aa95d3a4130e499bb1abee2eb31adbdd9ce2aa1543538490215?s=96&d=mm&r=g","caption":"georg.blenk@krafthand-medien.de"}}]}},"_links":{"self":[{"href":"https:\/\/www.krafthand.de\/truck\/wp-json\/wp\/v2\/posts\/35667","targetHints":{"allow":["GET"]}}],"collection":[{"href":"https:\/\/www.krafthand.de\/truck\/wp-json\/wp\/v2\/posts"}],"about":[{"href":"https:\/\/www.krafthand.de\/truck\/wp-json\/wp\/v2\/types\/post"}],"author":[{"embeddable":true,"href":"https:\/\/www.krafthand.de\/truck\/wp-json\/wp\/v2\/users\/9"}],"replies":[{"embeddable":true,"href":"https:\/\/www.krafthand.de\/truck\/wp-json\/wp\/v2\/comments?post=35667"}],"version-history":[{"count":4,"href":"https:\/\/www.krafthand.de\/truck\/wp-json\/wp\/v2\/posts\/35667\/revisions"}],"predecessor-version":[{"id":35674,"href":"https:\/\/www.krafthand.de\/truck\/wp-json\/wp\/v2\/posts\/35667\/revisions\/35674"}],"wp:featuredmedia":[{"embeddable":true,"href":"https:\/\/www.krafthand.de\/truck\/wp-json\/wp\/v2\/media\/35668"}],"wp:attachment":[{"href":"https:\/\/www.krafthand.de\/truck\/wp-json\/wp\/v2\/media?parent=35667"}],"wp:term":[{"taxonomy":"category","embeddable":true,"href":"https:\/\/www.krafthand.de\/truck\/wp-json\/wp\/v2\/categories?post=35667"},{"taxonomy":"post_tag","embeddable":true,"href":"https:\/\/www.krafthand.de\/truck\/wp-json\/wp\/v2\/tags?post=35667"},{"taxonomy":"settings","embeddable":true,"href":"https:\/\/www.krafthand.de\/truck\/wp-json\/wp\/v2\/settings?post=35667"}],"curies":[{"name":"wp","href":"https:\/\/api.w.org\/{rel}","templated":true}]}}