{"id":35662,"date":"2023-03-22T07:04:21","date_gmt":"2023-03-22T06:04:21","guid":{"rendered":"https:\/\/www.krafthand.de\/truck\/?p=35662"},"modified":"2023-03-31T07:28:46","modified_gmt":"2023-03-31T05:28:46","slug":"sieben-neue-arbeitsleuchten","status":"publish","type":"post","link":"https:\/\/www.krafthand.de\/truck\/artikel\/sieben-neue-arbeitsleuchten-35662\/","title":{"rendered":"Sieben neue Arbeitsleuchten"},"content":{"rendered":"<p>Mit der neuen W-Serie hat der Solinger Pionier f\u00fcr portables LED-Licht Ledlenser, sieben neue Arbeitsleuchten f\u00fcr den t\u00e4glichen Einsatz in der Nfz-Werkstatt pr\u00e4sentiert. Ob enge, verwinkelte Bereiche oder gro\u00dfe Fl\u00e4chen, die neuen Modelle sollen allesamt durch Robustheit, Leistung und Handhabung \u00fcberzeugen. Beispielsweise ist die W5R-Work besonders leucht- und leistungsstark und zur Ausleuchtung gr\u00f6\u00dferer Arbeitsbereiche geeignet.<\/p>\n<p>Alle sieben Handlampen kombinieren eine hohe Leuchtst\u00e4rke mit langen Akku-Laufzeiten. Zudem sind sie mit robusten Kunststoffgeh\u00e4usen ausgestattet, die auch extremer Beanspruchung trotzen sollen. Dank genoppter Oberfl\u00e4che liegen die Lampen sicher in der Hand. Alternativ k\u00f6nnen sie \u2013 je nach Modell \u2013 per Clip, Haken, Standfu\u00df oder Magnet befestigt werden. Die Arbeitsleuchten sind mit aufladbaren Li-Ion-Akkus ausgestattet, die handliche Stiftlampe W2 Work ist batteriebetrieben. Dank Akku- und Ladestandsanzeige hat der Nutzer immer im Blick, wann die Arbeitsleuchte ans Netz muss. S\u00e4mtliche Modelle verf\u00fcgen zudem \u00fcber eine Transportsperre, die sie vor versehentlichem Einschalten sch\u00fctzt.<\/p>\n<p>Auf alle Lampen der neuen W-Serie gew\u00e4hrt <a href=\"https:\/\/ledlenser.com\/de-de\/\" target=\"_blank\" rel=\"noopener\">Ledlenser<\/a> sieben Jahre Garantie. Die W-Serie ist ab April 2023 im Fachhandel verf\u00fcgbar.<\/p>\n<p><i>Den Beitrag finden Sie auch in der Print-Ausgabe 1-2023 der <a href=\"https:\/\/www.krafthand.de\/truck\/magazin\/\" title=\"Zum Magazin\">Krafthand-Truck<\/a>.<\/i><\/p>","protected":false},"excerpt":{"rendered":"<p>Mit der neuen W-Serie hat der Solinger Pionier f\u00fcr portables LED-Licht Ledlenser, sieben neue Arbeitsleuchten f\u00fcr den t\u00e4glichen Einsatz in der Nfz-Werkstatt pr\u00e4sentiert. Ob enge, verwinkelte Bereiche oder gro\u00dfe Fl\u00e4chen, die neuen Modelle sollen allesamt durch Robustheit, Leistung und Handhabung \u00fcberzeugen. <span class=\"excerpt-more__dots\">&#8230;<\/span> <a class=\"excerpt-more__link\" href=\"https:\/\/www.krafthand.de\/truck\/artikel\/sieben-neue-arbeitsleuchten-35662\/\" >weiter<\/a><\/p>\n","protected":false},"author":9,"featured_media":35663,"comment_status":"closed","ping_status":"closed","sticky":false,"template":"","format":"standard","meta":{"footnotes":""},"categories":[4221],"tags":[3566,5002,264,4128],"settings":[3523],"class_list":["post-35662","post","type-post","status-publish","format-standard","has-post-thumbnail","hentry","category-werkzeuge","tag-arbeitslampe","tag-handlampe","tag-led","tag-ledlenser"],"yoast_head":"<!-- This site is optimized with the Yoast SEO plugin v27.3 - https:\/\/yoast.com\/product\/yoast-seo-wordpress\/ -->\n<title>Sieben neue Arbeitsleuchten - Krafthand-Truck<\/title>\n<meta name=\"description\" content=\"Das Solinger Unternehmen Ledlenser hat sieben neue Arbeitsleuchten f\u00fcr den t\u00e4glichen Einsatz in der Nfz-Werkstatt pr\u00e4sentiert.\" \/>\n<meta name=\"robots\" content=\"index, follow, max-snippet:-1, max-image-preview:large, max-video-preview:-1\" \/>\n<link rel=\"canonical\" href=\"https:\/\/www.krafthand.de\/truck\/artikel\/sieben-neue-arbeitsleuchten-35662\/\" \/>\n<meta property=\"og:locale\" content=\"de_DE\" \/>\n<meta property=\"og:type\" content=\"article\" \/>\n<meta property=\"og:title\" content=\"Sieben neue Arbeitsleuchten - Krafthand-Truck\" \/>\n<meta property=\"og:description\" content=\"Das Solinger Unternehmen Ledlenser hat sieben neue Arbeitsleuchten f\u00fcr den t\u00e4glichen Einsatz in der Nfz-Werkstatt pr\u00e4sentiert.\" \/>\n<meta property=\"og:url\" content=\"https:\/\/www.krafthand-truck.de\/artikel\/sieben-neue-arbeitsleuchten-35662\/\" \/>\n<meta property=\"og:site_name\" content=\"Krafthand-Truck\" \/>\n<meta property=\"article:published_time\" content=\"2023-03-22T06:04:21+00:00\" \/>\n<meta property=\"article:modified_time\" content=\"2023-03-31T05:28:46+00:00\" \/>\n<meta property=\"og:image\" content=\"https:\/\/static.krafthand-truck.de\/uploads\/2023\/03\/01_2023_027.jpg\" \/>\n\t<meta property=\"og:image:width\" content=\"1400\" \/>\n\t<meta property=\"og:image:height\" content=\"888\" \/>\n\t<meta property=\"og:image:type\" content=\"image\/jpeg\" \/>\n<meta name=\"author\" content=\"georg.blenk@krafthand-medien.de\" \/>\n<meta name=\"twitter:card\" content=\"summary_large_image\" \/>\n<meta name=\"twitter:label1\" content=\"Verfasst von\" \/>\n\t<meta name=\"twitter:data1\" content=\"georg.blenk@krafthand-medien.de\" \/>\n\t<meta name=\"twitter:label2\" content=\"Gesch\u00e4tzte Lesezeit\" \/>\n\t<meta name=\"twitter:data2\" content=\"1\u00a0Minute\" \/>\n<script type=\"application\/ld+json\" class=\"yoast-schema-graph\">{\"@context\":\"https:\\\/\\\/schema.org\",\"@graph\":[{\"@type\":\"Article\",\"@id\":\"https:\\\/\\\/www.krafthand.de\\\/truck\\\/artikel\\\/sieben-neue-arbeitsleuchten-35662\\\/#article\",\"isPartOf\":{\"@id\":\"https:\\\/\\\/www.krafthand.de\\\/truck\\\/artikel\\\/sieben-neue-arbeitsleuchten-35662\\\/\"},\"author\":{\"name\":\"georg.blenk@krafthand-medien.de\",\"@id\":\"https:\\\/\\\/www.krafthand.de\\\/truck\\\/#\\\/schema\\\/person\\\/51fa80b1c57034c4bf63f9f988fc24ce\"},\"headline\":\"Sieben neue Arbeitsleuchten\",\"datePublished\":\"2023-03-22T06:04:21+00:00\",\"dateModified\":\"2023-03-31T05:28:46+00:00\",\"mainEntityOfPage\":{\"@id\":\"https:\\\/\\\/www.krafthand.de\\\/truck\\\/artikel\\\/sieben-neue-arbeitsleuchten-35662\\\/\"},\"wordCount\":184,\"image\":{\"@id\":\"https:\\\/\\\/www.krafthand.de\\\/truck\\\/artikel\\\/sieben-neue-arbeitsleuchten-35662\\\/#primaryimage\"},\"thumbnailUrl\":\"https:\\\/\\\/static.krafthand-truck.de\\\/uploads\\\/2023\\\/03\\\/01_2023_027.jpg\",\"keywords\":[\"Arbeitslampe\",\"Handlampe\",\"LED\",\"Ledlenser\"],\"articleSection\":[\"Werkzeuge\\\/Tools\"],\"inLanguage\":\"de\"},{\"@type\":\"WebPage\",\"@id\":\"https:\\\/\\\/www.krafthand.de\\\/truck\\\/artikel\\\/sieben-neue-arbeitsleuchten-35662\\\/\",\"url\":\"https:\\\/\\\/www.krafthand.de\\\/truck\\\/artikel\\\/sieben-neue-arbeitsleuchten-35662\\\/\",\"name\":\"Sieben neue Arbeitsleuchten - Krafthand-Truck\",\"isPartOf\":{\"@id\":\"https:\\\/\\\/www.krafthand.de\\\/truck\\\/#website\"},\"primaryImageOfPage\":{\"@id\":\"https:\\\/\\\/www.krafthand.de\\\/truck\\\/artikel\\\/sieben-neue-arbeitsleuchten-35662\\\/#primaryimage\"},\"image\":{\"@id\":\"https:\\\/\\\/www.krafthand.de\\\/truck\\\/artikel\\\/sieben-neue-arbeitsleuchten-35662\\\/#primaryimage\"},\"thumbnailUrl\":\"https:\\\/\\\/static.krafthand-truck.de\\\/uploads\\\/2023\\\/03\\\/01_2023_027.jpg\",\"datePublished\":\"2023-03-22T06:04:21+00:00\",\"dateModified\":\"2023-03-31T05:28:46+00:00\",\"author\":{\"@id\":\"https:\\\/\\\/www.krafthand.de\\\/truck\\\/#\\\/schema\\\/person\\\/51fa80b1c57034c4bf63f9f988fc24ce\"},\"description\":\"Das Solinger Unternehmen Ledlenser hat sieben neue Arbeitsleuchten f\u00fcr den t\u00e4glichen Einsatz in der Nfz-Werkstatt pr\u00e4sentiert.\",\"breadcrumb\":{\"@id\":\"https:\\\/\\\/www.krafthand.de\\\/truck\\\/artikel\\\/sieben-neue-arbeitsleuchten-35662\\\/#breadcrumb\"},\"inLanguage\":\"de\",\"potentialAction\":[{\"@type\":\"ReadAction\",\"target\":[\"https:\\\/\\\/www.krafthand.de\\\/truck\\\/artikel\\\/sieben-neue-arbeitsleuchten-35662\\\/\"]}]},{\"@type\":\"ImageObject\",\"inLanguage\":\"de\",\"@id\":\"https:\\\/\\\/www.krafthand.de\\\/truck\\\/artikel\\\/sieben-neue-arbeitsleuchten-35662\\\/#primaryimage\",\"url\":\"https:\\\/\\\/static.krafthand-truck.de\\\/uploads\\\/2023\\\/03\\\/01_2023_027.jpg\",\"contentUrl\":\"https:\\\/\\\/static.krafthand-truck.de\\\/uploads\\\/2023\\\/03\\\/01_2023_027.jpg\",\"width\":1400,\"height\":888},{\"@type\":\"BreadcrumbList\",\"@id\":\"https:\\\/\\\/www.krafthand.de\\\/truck\\\/artikel\\\/sieben-neue-arbeitsleuchten-35662\\\/#breadcrumb\",\"itemListElement\":[{\"@type\":\"ListItem\",\"position\":1,\"name\":\"Krafthand-Truck\",\"item\":\"https:\\\/\\\/www.krafthand.de\\\/truck\\\/\"},{\"@type\":\"ListItem\",\"position\":2,\"name\":\"Nfz-Service\",\"item\":\"https:\\\/\\\/www.krafthand.de\\\/truck\\\/kategorie\\\/nfz-service\\\/\"},{\"@type\":\"ListItem\",\"position\":3,\"name\":\"Werkzeuge\\\/Tools\",\"item\":\"https:\\\/\\\/www.krafthand.de\\\/truck\\\/kategorie\\\/nfz-service\\\/werkzeuge\\\/\"},{\"@type\":\"ListItem\",\"position\":4,\"name\":\"Sieben neue Arbeitsleuchten\"}]},{\"@type\":\"WebSite\",\"@id\":\"https:\\\/\\\/www.krafthand.de\\\/truck\\\/#website\",\"url\":\"https:\\\/\\\/www.krafthand.de\\\/truck\\\/\",\"name\":\"Krafthand-Truck\",\"description\":\"\",\"potentialAction\":[{\"@type\":\"SearchAction\",\"target\":{\"@type\":\"EntryPoint\",\"urlTemplate\":\"https:\\\/\\\/www.krafthand.de\\\/truck\\\/?s={search_term_string}\"},\"query-input\":{\"@type\":\"PropertyValueSpecification\",\"valueRequired\":true,\"valueName\":\"search_term_string\"}}],\"inLanguage\":\"de\"},{\"@type\":\"Person\",\"@id\":\"https:\\\/\\\/www.krafthand.de\\\/truck\\\/#\\\/schema\\\/person\\\/51fa80b1c57034c4bf63f9f988fc24ce\",\"name\":\"georg.blenk@krafthand-medien.de\",\"image\":{\"@type\":\"ImageObject\",\"inLanguage\":\"de\",\"@id\":\"https:\\\/\\\/secure.gravatar.com\\\/avatar\\\/93713c30affe0aa95d3a4130e499bb1abee2eb31adbdd9ce2aa1543538490215?s=96&d=mm&r=g\",\"url\":\"https:\\\/\\\/secure.gravatar.com\\\/avatar\\\/93713c30affe0aa95d3a4130e499bb1abee2eb31adbdd9ce2aa1543538490215?s=96&d=mm&r=g\",\"contentUrl\":\"https:\\\/\\\/secure.gravatar.com\\\/avatar\\\/93713c30affe0aa95d3a4130e499bb1abee2eb31adbdd9ce2aa1543538490215?s=96&d=mm&r=g\",\"caption\":\"georg.blenk@krafthand-medien.de\"}}]}<\/script>\n<!-- \/ Yoast SEO plugin. -->","yoast_head_json":{"title":"Sieben neue Arbeitsleuchten - Krafthand-Truck","description":"Das Solinger Unternehmen Ledlenser hat sieben neue Arbeitsleuchten f\u00fcr den t\u00e4glichen Einsatz in der Nfz-Werkstatt pr\u00e4sentiert.","robots":{"index":"index","follow":"follow","max-snippet":"max-snippet:-1","max-image-preview":"max-image-preview:large","max-video-preview":"max-video-preview:-1"},"canonical":"https:\/\/www.krafthand.de\/truck\/artikel\/sieben-neue-arbeitsleuchten-35662\/","og_locale":"de_DE","og_type":"article","og_title":"Sieben neue Arbeitsleuchten - Krafthand-Truck","og_description":"Das Solinger Unternehmen Ledlenser hat sieben neue Arbeitsleuchten f\u00fcr den t\u00e4glichen Einsatz in der Nfz-Werkstatt pr\u00e4sentiert.","og_url":"https:\/\/www.krafthand-truck.de\/artikel\/sieben-neue-arbeitsleuchten-35662\/","og_site_name":"Krafthand-Truck","article_published_time":"2023-03-22T06:04:21+00:00","article_modified_time":"2023-03-31T05:28:46+00:00","og_image":[{"width":1400,"height":888,"url":"https:\/\/static.krafthand-truck.de\/uploads\/2023\/03\/01_2023_027.jpg","type":"image\/jpeg"}],"author":"georg.blenk@krafthand-medien.de","twitter_card":"summary_large_image","twitter_misc":{"Verfasst von":"georg.blenk@krafthand-medien.de","Gesch\u00e4tzte Lesezeit":"1\u00a0Minute"},"schema":{"@context":"https:\/\/schema.org","@graph":[{"@type":"Article","@id":"https:\/\/www.krafthand.de\/truck\/artikel\/sieben-neue-arbeitsleuchten-35662\/#article","isPartOf":{"@id":"https:\/\/www.krafthand.de\/truck\/artikel\/sieben-neue-arbeitsleuchten-35662\/"},"author":{"name":"georg.blenk@krafthand-medien.de","@id":"https:\/\/www.krafthand.de\/truck\/#\/schema\/person\/51fa80b1c57034c4bf63f9f988fc24ce"},"headline":"Sieben neue Arbeitsleuchten","datePublished":"2023-03-22T06:04:21+00:00","dateModified":"2023-03-31T05:28:46+00:00","mainEntityOfPage":{"@id":"https:\/\/www.krafthand.de\/truck\/artikel\/sieben-neue-arbeitsleuchten-35662\/"},"wordCount":184,"image":{"@id":"https:\/\/www.krafthand.de\/truck\/artikel\/sieben-neue-arbeitsleuchten-35662\/#primaryimage"},"thumbnailUrl":"https:\/\/static.krafthand-truck.de\/uploads\/2023\/03\/01_2023_027.jpg","keywords":["Arbeitslampe","Handlampe","LED","Ledlenser"],"articleSection":["Werkzeuge\/Tools"],"inLanguage":"de"},{"@type":"WebPage","@id":"https:\/\/www.krafthand.de\/truck\/artikel\/sieben-neue-arbeitsleuchten-35662\/","url":"https:\/\/www.krafthand.de\/truck\/artikel\/sieben-neue-arbeitsleuchten-35662\/","name":"Sieben neue Arbeitsleuchten - Krafthand-Truck","isPartOf":{"@id":"https:\/\/www.krafthand.de\/truck\/#website"},"primaryImageOfPage":{"@id":"https:\/\/www.krafthand.de\/truck\/artikel\/sieben-neue-arbeitsleuchten-35662\/#primaryimage"},"image":{"@id":"https:\/\/www.krafthand.de\/truck\/artikel\/sieben-neue-arbeitsleuchten-35662\/#primaryimage"},"thumbnailUrl":"https:\/\/static.krafthand-truck.de\/uploads\/2023\/03\/01_2023_027.jpg","datePublished":"2023-03-22T06:04:21+00:00","dateModified":"2023-03-31T05:28:46+00:00","author":{"@id":"https:\/\/www.krafthand.de\/truck\/#\/schema\/person\/51fa80b1c57034c4bf63f9f988fc24ce"},"description":"Das Solinger Unternehmen Ledlenser hat sieben neue Arbeitsleuchten f\u00fcr den t\u00e4glichen Einsatz in der Nfz-Werkstatt pr\u00e4sentiert.","breadcrumb":{"@id":"https:\/\/www.krafthand.de\/truck\/artikel\/sieben-neue-arbeitsleuchten-35662\/#breadcrumb"},"inLanguage":"de","potentialAction":[{"@type":"ReadAction","target":["https:\/\/www.krafthand.de\/truck\/artikel\/sieben-neue-arbeitsleuchten-35662\/"]}]},{"@type":"ImageObject","inLanguage":"de","@id":"https:\/\/www.krafthand.de\/truck\/artikel\/sieben-neue-arbeitsleuchten-35662\/#primaryimage","url":"https:\/\/static.krafthand-truck.de\/uploads\/2023\/03\/01_2023_027.jpg","contentUrl":"https:\/\/static.krafthand-truck.de\/uploads\/2023\/03\/01_2023_027.jpg","width":1400,"height":888},{"@type":"BreadcrumbList","@id":"https:\/\/www.krafthand.de\/truck\/artikel\/sieben-neue-arbeitsleuchten-35662\/#breadcrumb","itemListElement":[{"@type":"ListItem","position":1,"name":"Krafthand-Truck","item":"https:\/\/www.krafthand.de\/truck\/"},{"@type":"ListItem","position":2,"name":"Nfz-Service","item":"https:\/\/www.krafthand.de\/truck\/kategorie\/nfz-service\/"},{"@type":"ListItem","position":3,"name":"Werkzeuge\/Tools","item":"https:\/\/www.krafthand.de\/truck\/kategorie\/nfz-service\/werkzeuge\/"},{"@type":"ListItem","position":4,"name":"Sieben neue Arbeitsleuchten"}]},{"@type":"WebSite","@id":"https:\/\/www.krafthand.de\/truck\/#website","url":"https:\/\/www.krafthand.de\/truck\/","name":"Krafthand-Truck","description":"","potentialAction":[{"@type":"SearchAction","target":{"@type":"EntryPoint","urlTemplate":"https:\/\/www.krafthand.de\/truck\/?s={search_term_string}"},"query-input":{"@type":"PropertyValueSpecification","valueRequired":true,"valueName":"search_term_string"}}],"inLanguage":"de"},{"@type":"Person","@id":"https:\/\/www.krafthand.de\/truck\/#\/schema\/person\/51fa80b1c57034c4bf63f9f988fc24ce","name":"georg.blenk@krafthand-medien.de","image":{"@type":"ImageObject","inLanguage":"de","@id":"https:\/\/secure.gravatar.com\/avatar\/93713c30affe0aa95d3a4130e499bb1abee2eb31adbdd9ce2aa1543538490215?s=96&d=mm&r=g","url":"https:\/\/secure.gravatar.com\/avatar\/93713c30affe0aa95d3a4130e499bb1abee2eb31adbdd9ce2aa1543538490215?s=96&d=mm&r=g","contentUrl":"https:\/\/secure.gravatar.com\/avatar\/93713c30affe0aa95d3a4130e499bb1abee2eb31adbdd9ce2aa1543538490215?s=96&d=mm&r=g","caption":"georg.blenk@krafthand-medien.de"}}]}},"_links":{"self":[{"href":"https:\/\/www.krafthand.de\/truck\/wp-json\/wp\/v2\/posts\/35662","targetHints":{"allow":["GET"]}}],"collection":[{"href":"https:\/\/www.krafthand.de\/truck\/wp-json\/wp\/v2\/posts"}],"about":[{"href":"https:\/\/www.krafthand.de\/truck\/wp-json\/wp\/v2\/types\/post"}],"author":[{"embeddable":true,"href":"https:\/\/www.krafthand.de\/truck\/wp-json\/wp\/v2\/users\/9"}],"replies":[{"embeddable":true,"href":"https:\/\/www.krafthand.de\/truck\/wp-json\/wp\/v2\/comments?post=35662"}],"version-history":[{"count":3,"href":"https:\/\/www.krafthand.de\/truck\/wp-json\/wp\/v2\/posts\/35662\/revisions"}],"predecessor-version":[{"id":35666,"href":"https:\/\/www.krafthand.de\/truck\/wp-json\/wp\/v2\/posts\/35662\/revisions\/35666"}],"wp:featuredmedia":[{"embeddable":true,"href":"https:\/\/www.krafthand.de\/truck\/wp-json\/wp\/v2\/media\/35663"}],"wp:attachment":[{"href":"https:\/\/www.krafthand.de\/truck\/wp-json\/wp\/v2\/media?parent=35662"}],"wp:term":[{"taxonomy":"category","embeddable":true,"href":"https:\/\/www.krafthand.de\/truck\/wp-json\/wp\/v2\/categories?post=35662"},{"taxonomy":"post_tag","embeddable":true,"href":"https:\/\/www.krafthand.de\/truck\/wp-json\/wp\/v2\/tags?post=35662"},{"taxonomy":"settings","embeddable":true,"href":"https:\/\/www.krafthand.de\/truck\/wp-json\/wp\/v2\/settings?post=35662"}],"curies":[{"name":"wp","href":"https:\/\/api.w.org\/{rel}","templated":true}]}}