{"id":35612,"date":"2023-03-20T11:24:48","date_gmt":"2023-03-20T10:24:48","guid":{"rendered":"https:\/\/www.krafthand.de\/truck\/?p=35612"},"modified":"2023-03-20T11:50:19","modified_gmt":"2023-03-20T10:50:19","slug":"wir-sind-breit-aufgestellt-warum-antriebs-diversifizierung-im-nutzfahrzeugbereich-sinnvoll-ist","status":"publish","type":"post","link":"https:\/\/www.krafthand.de\/truck\/artikel\/wir-sind-breit-aufgestellt-warum-antriebs-diversifizierung-im-nutzfahrzeugbereich-sinnvoll-ist-35612\/","title":{"rendered":"&#8222;Wir sind breit aufgestellt&#8220; &#8211; Warum Antriebs-Diversifizierung im Nutzfahrzeugbereich sinnvoll ist."},"content":{"rendered":"<p>Im Rahmen der \u201aDestination-Zero-Strategie\u2018 hat sich der US-amerikanische Nutzfahrzeug-Motorenbauer Cummins auf die Fahne geschrieben, die Verbrennungsmotoren-Technologie weiter voranzutreiben und die Effizienz sowie die Kompatibilit\u00e4t mit alternativen Kraftstoffen zu verbessern. Gleichzeitig m\u00f6chte das Unternehmen emissionsfreie L\u00f6sungen wie die Brennstoffzellen- und Batterietechnologie weiterentwickeln, um die Evolution der Dekarbonisierung des Stra\u00dfeng\u00fcterverkehrs voranzutreiben.<\/p>\n<p>Krafthand-Truck hat mit Jens H\u00fcttner, Sales Director bei <a href=\"https:\/\/www.cummins.com\/de\/\" target=\"_blank\" rel=\"noopener\">Cummins Deutschland<\/a>, \u00fcber die komplement\u00e4re technologische Ausrichtung, die Potenziale von alternativen Kraftstoffen, von Wasserstoff-Verbrennungsmotoren sowie emissionsfreien Lkw (BEV\/FCEV) gesprochen. Ein weiterer Blick galt dem angeschlossenen Nfz-Service.<\/p>\n<p class=\"text-question\">Sehr geehrter Herr H\u00fcttner, Cummins m\u00f6chte sich als traditioneller Dieselmotorenbauer breiter aufstellen. Wie sieht die Strategie in Hinblick auf neue Antriebstechnologien aus?<\/p><p class=\"text-answer\"><\/p>\n<figure id=\"attachment_35618\" aria-describedby=\"caption-attachment-35618\" style=\"width: 320px\" class=\"wp-caption alignright\"><a href=\"https:\/\/static.krafthand-truck.de\/uploads\/2023\/03\/01_2023_006_06.jpg\" target=\"_blank\" rel=\"noopener\"><img fetchpriority=\"high\" decoding=\"async\" class=\"wp-image-35618\" src=\"https:\/\/static.krafthand-truck.de\/uploads\/2023\/03\/01_2023_006_06-300x191.jpg\" alt=\"\" width=\"320\" height=\"204\" srcset=\"https:\/\/static.krafthand-truck.de\/uploads\/2023\/03\/01_2023_006_06-300x191.jpg 300w, https:\/\/static.krafthand-truck.de\/uploads\/2023\/03\/01_2023_006_06-768x490.jpg 768w, https:\/\/static.krafthand-truck.de\/uploads\/2023\/03\/01_2023_006_06.jpg 913w\" sizes=\"(max-width: 320px) 100vw, 320px\" \/><\/a><figcaption id=\"caption-attachment-35618\" class=\"wp-caption-text\">Brennstoffzelle der vierten Generation auf der IAA Transportation 2022. Bild: Cummins<\/figcaption><\/figure>\n<p>Zur Durchsetzung der ambitionierten, globalen Klimaziele verfolgt Cummins einen technologieoffenen Ansatz was konventionelle und neuen Antriebstechnologien angeht. Wir bieten unseren Kunden schon heute eine breite Palette von unterschiedlichen Antriebstechnologien an. Angefangen bei konventionellen Dieselmotoren, die f\u00fcr die kommende Abgasstufe Euro-7 komplett neu entwickelt werden, \u00fcber batterieelektrische Antriebstechnologien (inklusive der kompletten elektrischen Antriebsachse), bis hin zu Brennstoffzellenantrieben. Gezielte Akquisitionen der vergangenen Jahre erlauben es Cummins, sich in dieser Bandreite aufzustellen.<\/p>\n<p class=\"text-question\">Ihre Kernkompetenz ist nach wie vor der Dieselmotor inklusive entsprechender Nebenaggregate. Unter welchen Umst\u00e4nden hat der Dieselmotor im Lkw eine Zukunftsperspektive?<\/p><p class=\"text-answer\"><\/p>\n<p>Betrachten wir den globalen Lkw-Markt, gibt es Wachstumsm\u00e4rkte, die von einer kompletten Dekarbonisierung noch weit entfernt sind. Diese M\u00e4rkte werden auch in den kommenden Jahren moderne und fortschrittliche Dieselmotoren ben\u00f6tigen. Genau hier werden wir mit unseren verbrauchsg\u00fcnstigen Motoren unterst\u00fctzen k\u00f6nnen. Die Effizienz und \u00d6konomie eines modernen Dieselmotors ist hervorragend. Auf der IAA-Transportation im vergangenen September konnten wir unser neues Motorenportfolio pr\u00e4sentieren. Die Aggregate k\u00f6nnen ma\u00dfgeblich zur Reduktion von NOx und PM (Ru\u00dfpartikel) beitragen.<\/p>\n<blockquote class=\"khm-quote\"><p>\u201eWir begr\u00fc\u00dfen als Unternehmen die neuen, strengen Abgasvorschriften Euro-7, die gerade im EU-Parlament diskutiert werden. Gemeinsam mit der nahenden Ver\u00f6ffentlichung der CO2-Zielvorgaben im Schwerlastverkehr werden wir eine signifikante Reduktion der Emissionen erzielen\u201c, so H\u00fcttner.<\/p><\/blockquote>\n<p>Diese modernen Dieselmotoren bilden aber auch die Basis unserer Fuel-Agnostic-Motorenbaureihen, die mit unterschiedlichen Kraftstoffarten betrieben werden k\u00f6nnen. Somit ist auch ein Betrieb mit gr\u00fcnem Wasserstoff m\u00f6glich, der einer vollst\u00e4ndigen Dekarbonisierung sehr nahekommt. In Indien haben wir in diesem Jahr die Kooperation mit Tata-Motors im Bereich der Wasserstoff-Verbrennungsmotoren (B6.7H) bekanntgegeben.<\/p>\n<p>&nbsp;<\/p>\n<div class=\"infobox box-grey\"><\/p>\n<p><figure id=\"attachment_35615\" aria-describedby=\"caption-attachment-35615\" style=\"width: 220px\" class=\"wp-caption alignright\"><a href=\"https:\/\/static.krafthand-truck.de\/uploads\/2023\/03\/KHT_01_2023_006_02.jpg\" target=\"_blank\" rel=\"noopener\"><img decoding=\"async\" class=\"wp-image-35615\" src=\"https:\/\/static.krafthand-truck.de\/uploads\/2023\/03\/KHT_01_2023_006_02-239x300.jpg\" alt=\"\" width=\"220\" height=\"276\" srcset=\"https:\/\/static.krafthand-truck.de\/uploads\/2023\/03\/KHT_01_2023_006_02-239x300.jpg 239w, https:\/\/static.krafthand-truck.de\/uploads\/2023\/03\/KHT_01_2023_006_02-816x1024.jpg 816w, https:\/\/static.krafthand-truck.de\/uploads\/2023\/03\/KHT_01_2023_006_02-768x964.jpg 768w, https:\/\/static.krafthand-truck.de\/uploads\/2023\/03\/KHT_01_2023_006_02.jpg 956w\" sizes=\"(max-width: 220px) 100vw, 220px\" \/><\/a><figcaption id=\"caption-attachment-35615\" class=\"wp-caption-text\">Jens H\u00fcttner. Bild: Cummins<\/figcaption><\/figure><\/p>\n<p>Jens H\u00fcttner ist seit 2021 bei der Cummins Deutschland GmbH Sales Director im On-Highway-Bereich. Zuvor war er bei verschiedenen Motorenherstellern in globalen Vertriebspositionen t\u00e4tig. H\u00fcttner vertritt das Unternehmen Cummins bei der <a href=\"https:\/\/allianz-wasserstoffmotor.de\/de\/startseite.html\" target=\"_blank\" rel=\"noopener\">Allianz Wasserstoffmotor<\/a>, einem Zusammenschluss verschiedener Industrieunternehmen und Forschungseinrichtungen.<\/div>\n<p>&nbsp;<\/p>\n<p class=\"text-question\">Wie sehen Sie den Einsatz von Biodiesel und hydriertem Pflanzen\u00f6l (HVO)? Es gibt ja durchaus Kritiker was die Verf\u00fcgbarkeit und die Umweltbilanz angeht.<\/p><p class=\"text-answer\"><\/p>\n<p>Cummins-Motoren sind heute schon f\u00fcr den Betrieb mit HVO (HVO100) und Biodiesel (B20) freigegeben. Wir betrachten dies als eine sinnvolle Erg\u00e4nzung im Bereich der gr\u00fcnen Kraftstoffe. In Zukunft wird es eine Vielzahl verschiedener Antriebskonzepte, Kraftstoffe und Technologien geben, die jeweils auf ihren Anwendungsfall, den regionalen Besonderheiten und den Kosten optimiert werden. Dieser Diversifikation was den Antriebsstrang betrifft und den dazugeh\u00f6rigen Kraftstoffen tragen wir mit unserem Angebot Rechnung.<\/p>\n<p class=\"text-question\">Interessant ist der Wasserstoff-Verbrennungsmotor. Die Anpassungen an den Aggregaten sind \u00fcberschaubar. Es sollte sich jedoch um \u201agr\u00fcnen\u2018 Wasserstoff handeln. Hinzu kommt die entsprechende Betankungs-Infrastruktur. Gibt es da nicht zu viele Abh\u00e4ngigkeiten?<\/p><p class=\"text-answer\"><\/p>\n<figure id=\"attachment_35614\" aria-describedby=\"caption-attachment-35614\" style=\"width: 420px\" class=\"wp-caption alignleft\"><a href=\"https:\/\/static.krafthand-truck.de\/uploads\/2023\/03\/KHT_01_2023_006_03.jpg\" target=\"_blank\" rel=\"noopener\"><img decoding=\"async\" class=\"wp-image-35614\" src=\"https:\/\/static.krafthand-truck.de\/uploads\/2023\/03\/KHT_01_2023_006_03-300x240.jpg\" alt=\"\" width=\"420\" height=\"335\" srcset=\"https:\/\/static.krafthand-truck.de\/uploads\/2023\/03\/KHT_01_2023_006_03-300x240.jpg 300w, https:\/\/static.krafthand-truck.de\/uploads\/2023\/03\/KHT_01_2023_006_03-1024x818.jpg 1024w, https:\/\/static.krafthand-truck.de\/uploads\/2023\/03\/KHT_01_2023_006_03-768x613.jpg 768w, https:\/\/static.krafthand-truck.de\/uploads\/2023\/03\/KHT_01_2023_006_03-1320x1054.jpg 1320w, https:\/\/static.krafthand-truck.de\/uploads\/2023\/03\/KHT_01_2023_006_03.jpg 1400w\" sizes=\"(max-width: 420px) 100vw, 420px\" \/><\/a><figcaption id=\"caption-attachment-35614\" class=\"wp-caption-text\">Wasserstoff-Verbrennungsmotor B6.7 Hydrogen mit angepassten Komponenten (wei\u00df dargestellt). Bild: Cummins<\/figcaption><\/figure>\n<p>In der Tat stellt die Wasserstoff-Infrastruktur im Moment global eine Herausforderung dar. Besonders in Europa sind wir aber auf einem guten Weg dieses Problem zu l\u00f6sen und eine fl\u00e4chendeckende Betankungsinfrastruktur bereit zu stellen. Schon in wenigen Jahren werden wir ein Netzwerk von Wasserstofftankstellen haben, das es erlauben wird, ein Fahrzeug ohne Nutzungseinschr\u00e4nkung, mit schnellen Betankungszyklen, zu betreiben. Um \u201aNetto-Null\u2018 zu erreichen, m\u00fcssen alle Parteien zusammenarbeiten. Die Regierungen m\u00fcssen Anreize f\u00fcr Null-Emissions-L\u00f6sungen schaffen, um deren Einf\u00fchrung zu f\u00f6rdern. Au\u00dferdem brauchen wir Investitionen f\u00fcr den Aufbau und die Dekarbonisierung der Infrastruktur, die f\u00fcr diese Null-Emissions-L\u00f6sungen erforderlich ist. Wir werden unsere Partnerschaften mit unseren Lieferanten, unseren Kunden und anderen Interessengruppen nutzen, um diesen Wandel herbeizuf\u00fchren. Daf\u00fcr bauen wir Kooperationen mit namhaften OEMs sowie Endkunden aus und t\u00e4tigen erhebliche Investitionen mit Fokus auf neue Technologien und Infrastrukturen. Zu diesem Zweck ist Cummins im vergangenen Jahr der Allianz Wasserstoffmotor beigetreten.<\/p>\n<blockquote class=\"khm-quote\"><p>\u201eIch sehe den Wasserstoffverbrenner komplement\u00e4r zur Brennstoffzelle, beide Technologien werden im Markt ben\u00f6tigt.\u201c<\/p><\/blockquote>\n<p>Gerade das Konzept des Wasserstoffverbrennungsmotor erf\u00e4hrt sehr viel Zuspruch von Flottenbetreibern und Endnutzern, weil es bestechend einfach und vergleichbar mit bestehenden Technologien ist. Dieses Momentum muss genutzt werden, um m\u00f6glichst schnell diese Technologie in den Markt zu bringen, damit das Henne-Ei-Problem der Infrastruktur gel\u00f6st werden und der Transportsektor seinen Beitrag zur Dekarbonisierung leisten kann. Insofern sehe ich den Wasserstoffverbrenner komplement\u00e4r zur Brennstoffzelle, beide Technologien werden im Markt ben\u00f6tigt.<\/p>\n<figure id=\"attachment_35616\" aria-describedby=\"caption-attachment-35616\" style=\"width: 380px\" class=\"wp-caption alignright\"><a href=\"https:\/\/static.krafthand-truck.de\/uploads\/2023\/03\/KHT_01_2023_006_04.jpg\" target=\"_blank\" rel=\"noopener\"><img loading=\"lazy\" decoding=\"async\" class=\"wp-image-35616\" src=\"https:\/\/static.krafthand-truck.de\/uploads\/2023\/03\/KHT_01_2023_006_04-300x165.jpg\" alt=\"\" width=\"380\" height=\"209\" srcset=\"https:\/\/static.krafthand-truck.de\/uploads\/2023\/03\/KHT_01_2023_006_04-300x165.jpg 300w, https:\/\/static.krafthand-truck.de\/uploads\/2023\/03\/KHT_01_2023_006_04-1024x562.jpg 1024w, https:\/\/static.krafthand-truck.de\/uploads\/2023\/03\/KHT_01_2023_006_04-768x422.jpg 768w, https:\/\/static.krafthand-truck.de\/uploads\/2023\/03\/KHT_01_2023_006_04-1320x725.jpg 1320w, https:\/\/static.krafthand-truck.de\/uploads\/2023\/03\/KHT_01_2023_006_04.jpg 1400w\" sizes=\"(max-width: 380px) 100vw, 380px\" \/><\/a><figcaption id=\"caption-attachment-35616\" class=\"wp-caption-text\">Wasserstoff-Tank aus Kohlefaser der Firma NPROXX. Bild: Georg Blenk<\/figcaption><\/figure>\n<p class=\"text-question\">Cummins ist auch im Bereich batterieelektrische Antriebe und Brennstoffzellen aktiv. Wie sieht das Engagement konkret aus?<\/p><p class=\"text-answer\"><\/p>\n<p>In den letzten zehn Jahren hat Cummins durch verschiedene Akquisitionen und Joint Ventures eine breite Expertise aufbauen k\u00f6nnen, welche den Weg zu null Emissionen unterst\u00fctzt. Schon 2019 hat das Unternehmen Hydrogenics aus Kanada \u00fcbernommen. Hydrogenics verf\u00fcgt am deutschen Standort Herten \u00fcber ein eigenes Werk in dem Brennstoffzellen in Serie gefertigt werden. Hier liegt das europ\u00e4ische Kompetenzzentrum f\u00fcr Brennstoffzellen von Cummins in Europa. Durch das seit 2020 bestehende Joint Venture mit der Firma NPROXX, erweitert Cummins zus\u00e4tzlich sein Produktportfolio um Karbonfasertanks zur Speicherung und zum Transport von Wasserstoff bis 700\u00a0bar. Am Standort Milton Keynes in Gro\u00dfbritannien befindet sich zudem ein Batterieentwicklungszentrum von Cummins. Dort werden Batteriel\u00f6sungen f\u00fcr den Schwerlastverkehr sowie den Off-Highway-Bereich entwickelt.<\/p>\n<p class=\"text-question\">Im August 2022 hat Cummins den Antriebstechnik-Spezialisten Meritor \u00fcbernommen. Was versprechen Sie sich mit der Akquisition?<\/p><p class=\"text-answer\"><\/p>\n<figure id=\"attachment_35619\" aria-describedby=\"caption-attachment-35619\" style=\"width: 380px\" class=\"wp-caption alignleft\"><img loading=\"lazy\" decoding=\"async\" class=\"wp-image-35619\" src=\"https:\/\/static.krafthand-truck.de\/uploads\/2023\/03\/01_2023_006_7-300x181.jpg\" alt=\"\" width=\"380\" height=\"229\" srcset=\"https:\/\/static.krafthand-truck.de\/uploads\/2023\/03\/01_2023_006_7-300x181.jpg 300w, https:\/\/static.krafthand-truck.de\/uploads\/2023\/03\/01_2023_006_7.jpg 438w\" sizes=\"(max-width: 380px) 100vw, 380px\" \/><figcaption id=\"caption-attachment-35619\" class=\"wp-caption-text\">E-Achse \u2018ePowertrain 17Xe\u2019 von Meritor mit Lithium-Eisenphosphat-Batteriepaket (LFP) von Cummins. Bild: Cummins<\/figcaption><\/figure>\n<p>Die Akquisition von Meritor ist ein logischer Schritt in der Erweiterung des Produktportfolios im Lkw-Segment. Wir wollen unseren OEM-Kunden die M\u00f6glichkeit bieten, unterschiedliche Komponenten aus einer Hand zu erwerben. Gleichzeitig werden die Komponenten besser aufeinander abgestimmt, sodass die Effizienz des gesamten Antriebsstrangs weiter zunimmt.<\/p>\n<p>Meritor ist hierf\u00fcr der ideale Partner, da das Unternehmen \u00fcber ein sehr gutes Portfolio an elektrifizierten Achsen verf\u00fcgt und diese sich hervorragend mit Brennstoffzellen und Batterien in einem Antriebsstrang kombinieren lassen. Insgesamt zahlt die Meritor-Akquisition auf Cummins Destination-Zero-Strategie ein, indem es Schl\u00fcsselkomponenten dem Portfolio hinzuf\u00fcgt, die f\u00fcr eine Net-Zero-Zukunft ben\u00f6tigt werden.<\/p>\n<p class=\"text-question\">Am Ende des Tages geht es den Nfz-Werkst\u00e4tten um die professionelle Handhabung der neuen Antriebstechnik, aber auch um die Teileversorgung. In wieweit unterst\u00fctzt Cummins zuk\u00fcnftig dahingehend die Betriebe?<\/p><p class=\"text-answer\"><\/p>\n<figure id=\"attachment_35620\" aria-describedby=\"caption-attachment-35620\" style=\"width: 300px\" class=\"wp-caption alignright\"><a href=\"https:\/\/static.krafthand-truck.de\/uploads\/2023\/03\/KHT_01_2023_006_08.jpg\" target=\"_blank\" rel=\"noopener\"><img loading=\"lazy\" decoding=\"async\" class=\"wp-image-35620 size-medium\" src=\"https:\/\/static.krafthand-truck.de\/uploads\/2023\/03\/KHT_01_2023_006_08-300x200.jpg\" alt=\"\" width=\"300\" height=\"200\" srcset=\"https:\/\/static.krafthand-truck.de\/uploads\/2023\/03\/KHT_01_2023_006_08-300x200.jpg 300w, https:\/\/static.krafthand-truck.de\/uploads\/2023\/03\/KHT_01_2023_006_08-1024x684.jpg 1024w, https:\/\/static.krafthand-truck.de\/uploads\/2023\/03\/KHT_01_2023_006_08-768x513.jpg 768w, https:\/\/static.krafthand-truck.de\/uploads\/2023\/03\/KHT_01_2023_006_08-1320x882.jpg 1320w, https:\/\/static.krafthand-truck.de\/uploads\/2023\/03\/KHT_01_2023_006_08.jpg 1400w\" sizes=\"(max-width: 300px) 100vw, 300px\" \/><\/a><figcaption id=\"caption-attachment-35620\" class=\"wp-caption-text\">Cummins verf\u00fcgt \u00fcber eine weltweite Ersatzteilelogistik und versorgt Nfz-Werkst\u00e4tten mit Motorenteilen. Bild: Cummins<\/figcaption><\/figure>\n<p>Cummins ist der weltweit gr\u00f6\u00dfte unabh\u00e4ngige Anbieter von Antriebsl\u00f6sungen, unter anderem f\u00fcr Nutzfahrzeuge. Dies geht einher mit einem leistungsf\u00e4higen After-Sales-Netzwerk und einer Ersatzteillogistik, die in jedem Winkel der Erde funktioniert. Alle Cummins-Motoren sind selbstverst\u00e4ndlich mit neuesten Telematikdiensten und Diagnoseschnittstellen ausgestattet, um einen reibungslosen Serviceablauf zu gew\u00e4hrleisten. Diese Features unterst\u00fctzen sowohl den Kunden wie auch die Nfz-Werkst\u00e4tten dabei den Wartungsaufwand zu minimieren und Standzeiten zu reduzieren.<\/p>\n<p class=\"text-question\">Geben Sie uns einen Ausblick auf das Jahr 2030. Wie wird aus Ihrer Sicht der optimale und vor allem realistische Antriebsmix f\u00fcr Nfz \u2013 was Deutschland und die EU angeht \u2013 aussehen?<\/p><p class=\"text-answer\"><\/p>\n<p>Die europ\u00e4ische CO2-Richtlinie wird ganz konkrete Vorgaben machen, wie der Mix an Antriebstechnologien aussehen wird. Diese Vorgaben m\u00fcssen von den OEMs eingehalten werden, da es anderenfalls zu Strafzahlungen kommt. Ich glaube wir werden im Jahr 2030 eine der modernsten Lkw-Flotten \u00fcberhaupt auf unseren Stra\u00dfen vorfinden. Der Anteil an ZEVs (Zero-Emission-Vehicles) wird sich signifikant erh\u00f6hen. Dies f\u00fchrt zu einem Innovationsschub in der gesamten Branche. Welche Antriebstechnologie am Ende die Nase vorne hat, wird der Markt entscheiden. Es gibt keine klaren Sieger, sondern ein stark auf die jeweiligen Bed\u00fcrfnisse abgestimmtes Kaufverhalten. Es ist spannend zu sehen, welche Signale vom Markt ausgesendet werden und inwiefern es eine Bereitschaft gibt, neue Technologien in die Flotten aufzunehmen. Cummins hat sich deshalb in allen strategischen Technologiefeldern und Schl\u00fcsselm\u00e4rkten aufgestellt. Wir m\u00f6chten jeweils die vom Markt nachgefragte Technologie anbieten k\u00f6nnen.<\/p>\n<p>&nbsp;<\/p>\n<p><i>Den Beitrag finden Sie auch in der Print-Ausgabe 1-2023 der <a href=\"https:\/\/www.krafthand.de\/truck\/magazin\/\" title=\"Zum Magazin\">Krafthand-Truck<\/a>.<\/i><\/p>\r\n\t\t\t\t<div class=\"post-author\">\r\n\t\t\t\t\t<div class=\"khm-cp-author clearfix\">\r\n\t\t\t\t\t\t<div class=\"khm-cp-author__content\">\r\n\t\t\t\t\t\t\t\tKontakt zum Autor:<br \/>\r\n\t\t\t\t\t\t\t\t<strong>Georg Blenk<\/strong>, 08247 \/ 3007-45 |  <a href=\"mailto:georg.blenk@krafthand-medien.de\">georg.blenk@krafthand-medien.de<\/a>\r\n\t\t\t\t\t\t\t<div class=\"khm-cp-author__image\">\r\n\t\t\t\t\t\t<img src=\"https:\/\/static.krafthand-truck.de\/uploads\/2021\/01\/Blenk_6104-250x300-1-removebg-preview.png\" class=\"img-responsive\">\r\n\t\t\t\t\t<\/div>\r\n\t\t\t\t\t\t<\/div>\r\n\t\t\t\t\t<\/div>\r\n\t\t\t\t<\/div>\r\n\t\t\t\t","protected":false},"excerpt":{"rendered":"<p>Im Rahmen der \u201aDestination-Zero-Strategie\u2018 hat sich der US-amerikanische Nutzfahrzeug-Motorenbauer Cummins auf die Fahne geschrieben, die Verbrennungsmotoren-Technologie weiter voranzutreiben und die Effizienz sowie die Kompatibilit\u00e4t mit alternativen Kraftstoffen zu verbessern. Gleichzeitig m\u00f6chte das Unternehmen emissionsfreie L\u00f6sungen wie die Brennstoffzellen- und Batterietechnologie weiterentwickeln. Krafthand-Truck hat mit Jens H\u00fcttner, Sales Director bei Cummins Deutschland, \u00fcber die komplement\u00e4re technologische Ausrichtung gesprochen.  <span class=\"excerpt-more__dots\">&#8230;<\/span> <a class=\"excerpt-more__link\" href=\"https:\/\/www.krafthand.de\/truck\/artikel\/wir-sind-breit-aufgestellt-warum-antriebs-diversifizierung-im-nutzfahrzeugbereich-sinnvoll-ist-35612\/\" >weiter<\/a><\/p>\n","protected":false},"author":9,"featured_media":35613,"comment_status":"closed","ping_status":"closed","sticky":false,"template":"","format":"standard","meta":{"footnotes":""},"categories":[4223,4224],"tags":[5357,4177,5565,4179],"settings":[3524,3523],"class_list":["post-35612","post","type-post","status-publish","format-standard","has-post-thumbnail","hentry","category-antrieb","category-e-antrieb","tag-cummins","tag-e-lkw","tag-jens-huettner","tag-wasserstoffmotor"],"yoast_head":"<!-- This site is optimized with the Yoast SEO plugin v27.3 - https:\/\/yoast.com\/product\/yoast-seo-wordpress\/ -->\n<title>&quot;Wir sind breit aufgestellt&quot; - Warum Antriebs-Diversifizierung im Nutzfahrzeugbereich sinnvoll ist. - Krafthand-Truck<\/title>\n<meta name=\"description\" content=\"Krafthand-Truck hat mit Jens H\u00fcttner, Sales Director bei Cummins Deutschland, \u00fcber die komplement\u00e4re technologische Ausrichtung gesprochen.\" \/>\n<meta name=\"robots\" content=\"index, follow, max-snippet:-1, max-image-preview:large, max-video-preview:-1\" \/>\n<link rel=\"canonical\" href=\"https:\/\/www.krafthand.de\/truck\/artikel\/wir-sind-breit-aufgestellt-warum-antriebs-diversifizierung-im-nutzfahrzeugbereich-sinnvoll-ist-35612\/\" \/>\n<meta property=\"og:locale\" content=\"de_DE\" \/>\n<meta property=\"og:type\" content=\"article\" \/>\n<meta property=\"og:title\" content=\"&quot;Wir sind breit aufgestellt&quot; - Warum Antriebs-Diversifizierung im Nutzfahrzeugbereich sinnvoll ist. - Krafthand-Truck\" \/>\n<meta property=\"og:description\" content=\"Krafthand-Truck hat mit Jens H\u00fcttner, Sales Director bei Cummins Deutschland, \u00fcber die komplement\u00e4re technologische Ausrichtung gesprochen.\" \/>\n<meta property=\"og:url\" content=\"https:\/\/www.krafthand-truck.de\/artikel\/wir-sind-breit-aufgestellt-warum-antriebs-diversifizierung-im-nutzfahrzeugbereich-sinnvoll-ist-35612\/\" \/>\n<meta property=\"og:site_name\" content=\"Krafthand-Truck\" \/>\n<meta property=\"article:published_time\" content=\"2023-03-20T10:24:48+00:00\" \/>\n<meta property=\"article:modified_time\" content=\"2023-03-20T10:50:19+00:00\" \/>\n<meta property=\"og:image\" content=\"https:\/\/static.krafthand-truck.de\/uploads\/2023\/03\/KHT_01_2023_006_01.jpg\" \/>\n\t<meta property=\"og:image:width\" content=\"1400\" \/>\n\t<meta property=\"og:image:height\" content=\"735\" \/>\n\t<meta property=\"og:image:type\" content=\"image\/jpeg\" \/>\n<meta name=\"author\" content=\"georg.blenk@krafthand-medien.de\" \/>\n<meta name=\"twitter:card\" content=\"summary_large_image\" \/>\n<meta name=\"twitter:label1\" content=\"Verfasst von\" \/>\n\t<meta name=\"twitter:data1\" content=\"georg.blenk@krafthand-medien.de\" \/>\n\t<meta name=\"twitter:label2\" content=\"Gesch\u00e4tzte Lesezeit\" \/>\n\t<meta name=\"twitter:data2\" content=\"9\u00a0Minuten\" \/>\n<script type=\"application\/ld+json\" class=\"yoast-schema-graph\">{\"@context\":\"https:\\\/\\\/schema.org\",\"@graph\":[{\"@type\":\"Article\",\"@id\":\"https:\\\/\\\/www.krafthand.de\\\/truck\\\/artikel\\\/wir-sind-breit-aufgestellt-warum-antriebs-diversifizierung-im-nutzfahrzeugbereich-sinnvoll-ist-35612\\\/#article\",\"isPartOf\":{\"@id\":\"https:\\\/\\\/www.krafthand.de\\\/truck\\\/artikel\\\/wir-sind-breit-aufgestellt-warum-antriebs-diversifizierung-im-nutzfahrzeugbereich-sinnvoll-ist-35612\\\/\"},\"author\":{\"name\":\"georg.blenk@krafthand-medien.de\",\"@id\":\"https:\\\/\\\/www.krafthand.de\\\/truck\\\/#\\\/schema\\\/person\\\/51fa80b1c57034c4bf63f9f988fc24ce\"},\"headline\":\"&#8222;Wir sind breit aufgestellt&#8220; &#8211; Warum Antriebs-Diversifizierung im Nutzfahrzeugbereich sinnvoll ist.\",\"datePublished\":\"2023-03-20T10:24:48+00:00\",\"dateModified\":\"2023-03-20T10:50:19+00:00\",\"mainEntityOfPage\":{\"@id\":\"https:\\\/\\\/www.krafthand.de\\\/truck\\\/artikel\\\/wir-sind-breit-aufgestellt-warum-antriebs-diversifizierung-im-nutzfahrzeugbereich-sinnvoll-ist-35612\\\/\"},\"wordCount\":1470,\"image\":{\"@id\":\"https:\\\/\\\/www.krafthand.de\\\/truck\\\/artikel\\\/wir-sind-breit-aufgestellt-warum-antriebs-diversifizierung-im-nutzfahrzeugbereich-sinnvoll-ist-35612\\\/#primaryimage\"},\"thumbnailUrl\":\"https:\\\/\\\/static.krafthand-truck.de\\\/uploads\\\/2023\\\/03\\\/KHT_01_2023_006_01.jpg\",\"keywords\":[\"Cummins\",\"E-Lkw\",\"Jens H\u00fcttner\",\"Wasserstoffmotor\"],\"articleSection\":[\"Antrieb (Motor\\\/Getriebe)\",\"E-Antrieb (BEV\\\/FCEV)\"],\"inLanguage\":\"de\"},{\"@type\":\"WebPage\",\"@id\":\"https:\\\/\\\/www.krafthand.de\\\/truck\\\/artikel\\\/wir-sind-breit-aufgestellt-warum-antriebs-diversifizierung-im-nutzfahrzeugbereich-sinnvoll-ist-35612\\\/\",\"url\":\"https:\\\/\\\/www.krafthand.de\\\/truck\\\/artikel\\\/wir-sind-breit-aufgestellt-warum-antriebs-diversifizierung-im-nutzfahrzeugbereich-sinnvoll-ist-35612\\\/\",\"name\":\"\\\"Wir sind breit aufgestellt\\\" - Warum Antriebs-Diversifizierung im Nutzfahrzeugbereich sinnvoll ist. - Krafthand-Truck\",\"isPartOf\":{\"@id\":\"https:\\\/\\\/www.krafthand.de\\\/truck\\\/#website\"},\"primaryImageOfPage\":{\"@id\":\"https:\\\/\\\/www.krafthand.de\\\/truck\\\/artikel\\\/wir-sind-breit-aufgestellt-warum-antriebs-diversifizierung-im-nutzfahrzeugbereich-sinnvoll-ist-35612\\\/#primaryimage\"},\"image\":{\"@id\":\"https:\\\/\\\/www.krafthand.de\\\/truck\\\/artikel\\\/wir-sind-breit-aufgestellt-warum-antriebs-diversifizierung-im-nutzfahrzeugbereich-sinnvoll-ist-35612\\\/#primaryimage\"},\"thumbnailUrl\":\"https:\\\/\\\/static.krafthand-truck.de\\\/uploads\\\/2023\\\/03\\\/KHT_01_2023_006_01.jpg\",\"datePublished\":\"2023-03-20T10:24:48+00:00\",\"dateModified\":\"2023-03-20T10:50:19+00:00\",\"author\":{\"@id\":\"https:\\\/\\\/www.krafthand.de\\\/truck\\\/#\\\/schema\\\/person\\\/51fa80b1c57034c4bf63f9f988fc24ce\"},\"description\":\"Krafthand-Truck hat mit Jens H\u00fcttner, Sales Director bei Cummins Deutschland, \u00fcber die komplement\u00e4re technologische Ausrichtung gesprochen.\",\"breadcrumb\":{\"@id\":\"https:\\\/\\\/www.krafthand.de\\\/truck\\\/artikel\\\/wir-sind-breit-aufgestellt-warum-antriebs-diversifizierung-im-nutzfahrzeugbereich-sinnvoll-ist-35612\\\/#breadcrumb\"},\"inLanguage\":\"de\",\"potentialAction\":[{\"@type\":\"ReadAction\",\"target\":[\"https:\\\/\\\/www.krafthand.de\\\/truck\\\/artikel\\\/wir-sind-breit-aufgestellt-warum-antriebs-diversifizierung-im-nutzfahrzeugbereich-sinnvoll-ist-35612\\\/\"]}]},{\"@type\":\"ImageObject\",\"inLanguage\":\"de\",\"@id\":\"https:\\\/\\\/www.krafthand.de\\\/truck\\\/artikel\\\/wir-sind-breit-aufgestellt-warum-antriebs-diversifizierung-im-nutzfahrzeugbereich-sinnvoll-ist-35612\\\/#primaryimage\",\"url\":\"https:\\\/\\\/static.krafthand-truck.de\\\/uploads\\\/2023\\\/03\\\/KHT_01_2023_006_01.jpg\",\"contentUrl\":\"https:\\\/\\\/static.krafthand-truck.de\\\/uploads\\\/2023\\\/03\\\/KHT_01_2023_006_01.jpg\",\"width\":1400,\"height\":735,\"caption\":\"Wasserstoff-Verbrennungsmotor von Cummins auf der IAA-Transportation 2022. Bild: Georg Blenk\"},{\"@type\":\"BreadcrumbList\",\"@id\":\"https:\\\/\\\/www.krafthand.de\\\/truck\\\/artikel\\\/wir-sind-breit-aufgestellt-warum-antriebs-diversifizierung-im-nutzfahrzeugbereich-sinnvoll-ist-35612\\\/#breadcrumb\",\"itemListElement\":[{\"@type\":\"ListItem\",\"position\":1,\"name\":\"Krafthand-Truck\",\"item\":\"https:\\\/\\\/www.krafthand.de\\\/truck\\\/\"},{\"@type\":\"ListItem\",\"position\":2,\"name\":\"Nfz-Technik\",\"item\":\"https:\\\/\\\/www.krafthand.de\\\/truck\\\/kategorie\\\/nfz-technik\\\/\"},{\"@type\":\"ListItem\",\"position\":3,\"name\":\"Antrieb (Motor\\\/Getriebe)\",\"item\":\"https:\\\/\\\/www.krafthand.de\\\/truck\\\/kategorie\\\/nfz-technik\\\/antrieb\\\/\"},{\"@type\":\"ListItem\",\"position\":4,\"name\":\"&#8222;Wir sind breit aufgestellt&#8220; &#8211; Warum Antriebs-Diversifizierung im Nutzfahrzeugbereich sinnvoll ist.\"}]},{\"@type\":\"WebSite\",\"@id\":\"https:\\\/\\\/www.krafthand.de\\\/truck\\\/#website\",\"url\":\"https:\\\/\\\/www.krafthand.de\\\/truck\\\/\",\"name\":\"Krafthand-Truck\",\"description\":\"\",\"potentialAction\":[{\"@type\":\"SearchAction\",\"target\":{\"@type\":\"EntryPoint\",\"urlTemplate\":\"https:\\\/\\\/www.krafthand.de\\\/truck\\\/?s={search_term_string}\"},\"query-input\":{\"@type\":\"PropertyValueSpecification\",\"valueRequired\":true,\"valueName\":\"search_term_string\"}}],\"inLanguage\":\"de\"},{\"@type\":\"Person\",\"@id\":\"https:\\\/\\\/www.krafthand.de\\\/truck\\\/#\\\/schema\\\/person\\\/51fa80b1c57034c4bf63f9f988fc24ce\",\"name\":\"georg.blenk@krafthand-medien.de\",\"image\":{\"@type\":\"ImageObject\",\"inLanguage\":\"de\",\"@id\":\"https:\\\/\\\/secure.gravatar.com\\\/avatar\\\/93713c30affe0aa95d3a4130e499bb1abee2eb31adbdd9ce2aa1543538490215?s=96&d=mm&r=g\",\"url\":\"https:\\\/\\\/secure.gravatar.com\\\/avatar\\\/93713c30affe0aa95d3a4130e499bb1abee2eb31adbdd9ce2aa1543538490215?s=96&d=mm&r=g\",\"contentUrl\":\"https:\\\/\\\/secure.gravatar.com\\\/avatar\\\/93713c30affe0aa95d3a4130e499bb1abee2eb31adbdd9ce2aa1543538490215?s=96&d=mm&r=g\",\"caption\":\"georg.blenk@krafthand-medien.de\"}}]}<\/script>\n<!-- \/ Yoast SEO plugin. -->","yoast_head_json":{"title":"\"Wir sind breit aufgestellt\" - Warum Antriebs-Diversifizierung im Nutzfahrzeugbereich sinnvoll ist. - Krafthand-Truck","description":"Krafthand-Truck hat mit Jens H\u00fcttner, Sales Director bei Cummins Deutschland, \u00fcber die komplement\u00e4re technologische Ausrichtung gesprochen.","robots":{"index":"index","follow":"follow","max-snippet":"max-snippet:-1","max-image-preview":"max-image-preview:large","max-video-preview":"max-video-preview:-1"},"canonical":"https:\/\/www.krafthand.de\/truck\/artikel\/wir-sind-breit-aufgestellt-warum-antriebs-diversifizierung-im-nutzfahrzeugbereich-sinnvoll-ist-35612\/","og_locale":"de_DE","og_type":"article","og_title":"\"Wir sind breit aufgestellt\" - Warum Antriebs-Diversifizierung im Nutzfahrzeugbereich sinnvoll ist. - Krafthand-Truck","og_description":"Krafthand-Truck hat mit Jens H\u00fcttner, Sales Director bei Cummins Deutschland, \u00fcber die komplement\u00e4re technologische Ausrichtung gesprochen.","og_url":"https:\/\/www.krafthand-truck.de\/artikel\/wir-sind-breit-aufgestellt-warum-antriebs-diversifizierung-im-nutzfahrzeugbereich-sinnvoll-ist-35612\/","og_site_name":"Krafthand-Truck","article_published_time":"2023-03-20T10:24:48+00:00","article_modified_time":"2023-03-20T10:50:19+00:00","og_image":[{"width":1400,"height":735,"url":"https:\/\/static.krafthand-truck.de\/uploads\/2023\/03\/KHT_01_2023_006_01.jpg","type":"image\/jpeg"}],"author":"georg.blenk@krafthand-medien.de","twitter_card":"summary_large_image","twitter_misc":{"Verfasst von":"georg.blenk@krafthand-medien.de","Gesch\u00e4tzte Lesezeit":"9\u00a0Minuten"},"schema":{"@context":"https:\/\/schema.org","@graph":[{"@type":"Article","@id":"https:\/\/www.krafthand.de\/truck\/artikel\/wir-sind-breit-aufgestellt-warum-antriebs-diversifizierung-im-nutzfahrzeugbereich-sinnvoll-ist-35612\/#article","isPartOf":{"@id":"https:\/\/www.krafthand.de\/truck\/artikel\/wir-sind-breit-aufgestellt-warum-antriebs-diversifizierung-im-nutzfahrzeugbereich-sinnvoll-ist-35612\/"},"author":{"name":"georg.blenk@krafthand-medien.de","@id":"https:\/\/www.krafthand.de\/truck\/#\/schema\/person\/51fa80b1c57034c4bf63f9f988fc24ce"},"headline":"&#8222;Wir sind breit aufgestellt&#8220; &#8211; Warum Antriebs-Diversifizierung im Nutzfahrzeugbereich sinnvoll ist.","datePublished":"2023-03-20T10:24:48+00:00","dateModified":"2023-03-20T10:50:19+00:00","mainEntityOfPage":{"@id":"https:\/\/www.krafthand.de\/truck\/artikel\/wir-sind-breit-aufgestellt-warum-antriebs-diversifizierung-im-nutzfahrzeugbereich-sinnvoll-ist-35612\/"},"wordCount":1470,"image":{"@id":"https:\/\/www.krafthand.de\/truck\/artikel\/wir-sind-breit-aufgestellt-warum-antriebs-diversifizierung-im-nutzfahrzeugbereich-sinnvoll-ist-35612\/#primaryimage"},"thumbnailUrl":"https:\/\/static.krafthand-truck.de\/uploads\/2023\/03\/KHT_01_2023_006_01.jpg","keywords":["Cummins","E-Lkw","Jens H\u00fcttner","Wasserstoffmotor"],"articleSection":["Antrieb (Motor\/Getriebe)","E-Antrieb (BEV\/FCEV)"],"inLanguage":"de"},{"@type":"WebPage","@id":"https:\/\/www.krafthand.de\/truck\/artikel\/wir-sind-breit-aufgestellt-warum-antriebs-diversifizierung-im-nutzfahrzeugbereich-sinnvoll-ist-35612\/","url":"https:\/\/www.krafthand.de\/truck\/artikel\/wir-sind-breit-aufgestellt-warum-antriebs-diversifizierung-im-nutzfahrzeugbereich-sinnvoll-ist-35612\/","name":"\"Wir sind breit aufgestellt\" - Warum Antriebs-Diversifizierung im Nutzfahrzeugbereich sinnvoll ist. - Krafthand-Truck","isPartOf":{"@id":"https:\/\/www.krafthand.de\/truck\/#website"},"primaryImageOfPage":{"@id":"https:\/\/www.krafthand.de\/truck\/artikel\/wir-sind-breit-aufgestellt-warum-antriebs-diversifizierung-im-nutzfahrzeugbereich-sinnvoll-ist-35612\/#primaryimage"},"image":{"@id":"https:\/\/www.krafthand.de\/truck\/artikel\/wir-sind-breit-aufgestellt-warum-antriebs-diversifizierung-im-nutzfahrzeugbereich-sinnvoll-ist-35612\/#primaryimage"},"thumbnailUrl":"https:\/\/static.krafthand-truck.de\/uploads\/2023\/03\/KHT_01_2023_006_01.jpg","datePublished":"2023-03-20T10:24:48+00:00","dateModified":"2023-03-20T10:50:19+00:00","author":{"@id":"https:\/\/www.krafthand.de\/truck\/#\/schema\/person\/51fa80b1c57034c4bf63f9f988fc24ce"},"description":"Krafthand-Truck hat mit Jens H\u00fcttner, Sales Director bei Cummins Deutschland, \u00fcber die komplement\u00e4re technologische Ausrichtung gesprochen.","breadcrumb":{"@id":"https:\/\/www.krafthand.de\/truck\/artikel\/wir-sind-breit-aufgestellt-warum-antriebs-diversifizierung-im-nutzfahrzeugbereich-sinnvoll-ist-35612\/#breadcrumb"},"inLanguage":"de","potentialAction":[{"@type":"ReadAction","target":["https:\/\/www.krafthand.de\/truck\/artikel\/wir-sind-breit-aufgestellt-warum-antriebs-diversifizierung-im-nutzfahrzeugbereich-sinnvoll-ist-35612\/"]}]},{"@type":"ImageObject","inLanguage":"de","@id":"https:\/\/www.krafthand.de\/truck\/artikel\/wir-sind-breit-aufgestellt-warum-antriebs-diversifizierung-im-nutzfahrzeugbereich-sinnvoll-ist-35612\/#primaryimage","url":"https:\/\/static.krafthand-truck.de\/uploads\/2023\/03\/KHT_01_2023_006_01.jpg","contentUrl":"https:\/\/static.krafthand-truck.de\/uploads\/2023\/03\/KHT_01_2023_006_01.jpg","width":1400,"height":735,"caption":"Wasserstoff-Verbrennungsmotor von Cummins auf der IAA-Transportation 2022. Bild: Georg Blenk"},{"@type":"BreadcrumbList","@id":"https:\/\/www.krafthand.de\/truck\/artikel\/wir-sind-breit-aufgestellt-warum-antriebs-diversifizierung-im-nutzfahrzeugbereich-sinnvoll-ist-35612\/#breadcrumb","itemListElement":[{"@type":"ListItem","position":1,"name":"Krafthand-Truck","item":"https:\/\/www.krafthand.de\/truck\/"},{"@type":"ListItem","position":2,"name":"Nfz-Technik","item":"https:\/\/www.krafthand.de\/truck\/kategorie\/nfz-technik\/"},{"@type":"ListItem","position":3,"name":"Antrieb (Motor\/Getriebe)","item":"https:\/\/www.krafthand.de\/truck\/kategorie\/nfz-technik\/antrieb\/"},{"@type":"ListItem","position":4,"name":"&#8222;Wir sind breit aufgestellt&#8220; &#8211; Warum Antriebs-Diversifizierung im Nutzfahrzeugbereich sinnvoll ist."}]},{"@type":"WebSite","@id":"https:\/\/www.krafthand.de\/truck\/#website","url":"https:\/\/www.krafthand.de\/truck\/","name":"Krafthand-Truck","description":"","potentialAction":[{"@type":"SearchAction","target":{"@type":"EntryPoint","urlTemplate":"https:\/\/www.krafthand.de\/truck\/?s={search_term_string}"},"query-input":{"@type":"PropertyValueSpecification","valueRequired":true,"valueName":"search_term_string"}}],"inLanguage":"de"},{"@type":"Person","@id":"https:\/\/www.krafthand.de\/truck\/#\/schema\/person\/51fa80b1c57034c4bf63f9f988fc24ce","name":"georg.blenk@krafthand-medien.de","image":{"@type":"ImageObject","inLanguage":"de","@id":"https:\/\/secure.gravatar.com\/avatar\/93713c30affe0aa95d3a4130e499bb1abee2eb31adbdd9ce2aa1543538490215?s=96&d=mm&r=g","url":"https:\/\/secure.gravatar.com\/avatar\/93713c30affe0aa95d3a4130e499bb1abee2eb31adbdd9ce2aa1543538490215?s=96&d=mm&r=g","contentUrl":"https:\/\/secure.gravatar.com\/avatar\/93713c30affe0aa95d3a4130e499bb1abee2eb31adbdd9ce2aa1543538490215?s=96&d=mm&r=g","caption":"georg.blenk@krafthand-medien.de"}}]}},"_links":{"self":[{"href":"https:\/\/www.krafthand.de\/truck\/wp-json\/wp\/v2\/posts\/35612","targetHints":{"allow":["GET"]}}],"collection":[{"href":"https:\/\/www.krafthand.de\/truck\/wp-json\/wp\/v2\/posts"}],"about":[{"href":"https:\/\/www.krafthand.de\/truck\/wp-json\/wp\/v2\/types\/post"}],"author":[{"embeddable":true,"href":"https:\/\/www.krafthand.de\/truck\/wp-json\/wp\/v2\/users\/9"}],"replies":[{"embeddable":true,"href":"https:\/\/www.krafthand.de\/truck\/wp-json\/wp\/v2\/comments?post=35612"}],"version-history":[{"count":14,"href":"https:\/\/www.krafthand.de\/truck\/wp-json\/wp\/v2\/posts\/35612\/revisions"}],"predecessor-version":[{"id":35634,"href":"https:\/\/www.krafthand.de\/truck\/wp-json\/wp\/v2\/posts\/35612\/revisions\/35634"}],"wp:featuredmedia":[{"embeddable":true,"href":"https:\/\/www.krafthand.de\/truck\/wp-json\/wp\/v2\/media\/35613"}],"wp:attachment":[{"href":"https:\/\/www.krafthand.de\/truck\/wp-json\/wp\/v2\/media?parent=35612"}],"wp:term":[{"taxonomy":"category","embeddable":true,"href":"https:\/\/www.krafthand.de\/truck\/wp-json\/wp\/v2\/categories?post=35612"},{"taxonomy":"post_tag","embeddable":true,"href":"https:\/\/www.krafthand.de\/truck\/wp-json\/wp\/v2\/tags?post=35612"},{"taxonomy":"settings","embeddable":true,"href":"https:\/\/www.krafthand.de\/truck\/wp-json\/wp\/v2\/settings?post=35612"}],"curies":[{"name":"wp","href":"https:\/\/api.w.org\/{rel}","templated":true}]}}