{"id":35557,"date":"2023-03-17T08:46:23","date_gmt":"2023-03-17T07:46:23","guid":{"rendered":"https:\/\/www.krafthand.de\/truck\/?p=35557"},"modified":"2025-12-02T11:13:50","modified_gmt":"2025-12-02T10:13:50","slug":"wir-reden-nicht-wir-machen","status":"publish","type":"post","link":"https:\/\/www.krafthand.de\/truck\/artikel\/wir-reden-nicht-wir-machen-35557\/","title":{"rendered":"&#8222;Wir reden nicht &#8211; wir machen!&#8220;"},"content":{"rendered":"<p>Die Paul Group, zu der neben der Paul Nutzfahrzeuge GmbH auch die Josef Paul GmbH &amp; Co. KG mit einem Nutzfahrzeug-Service-Center in Passau-Sperrwies geh\u00f6rt, befindet sich seit \u00fcber zwei Jahrhunderten in Familienbesitz. Zu Beginn war es eine einfache Dorfschmiede, heute besch\u00e4ftigt die Gruppe rund 500 Mitarbeiter(innen). Zum Kerngesch\u00e4ft geh\u00f6ren seit jeher Spezialumbauten, mittlerweile auch die Entwicklung und Produktion von batterieelektrischen und Wasserstoff-Brennstoffzellen-Lkw. Seit Juli 2021 wurde das Unternehmen von den zwei Gesch\u00e4ftsf\u00fchrern Josef Paul und Bernhard Wasner an der Spitze gef\u00fchrt. Seit Anfang M\u00e4rz 2023 erweitert Andreas Bartels die Gesch\u00e4ftsf\u00fchrung der Paul Group als CFO an der Seite von Bernhard Wasner. Der Familienunternehmer und Gesch\u00e4ftsf\u00fchrer Josef Paul hat sich aus dem operativen Gesch\u00e4ft zur\u00fcckgezogen. Wir haben mit CEO Bernhard Wasner \u00fcber die Unternehmensstrategie, die Zukunft der alternativen Antriebe sowie \u00fcber Pers\u00f6nliches gesprochen.<\/p>\n<p class=\"text-question\">Sehr geehrter Herr Wasner, die Paul Nutzfahrzeuge GmbH hat mit dem Sonderfahrzeugbau und der Entwicklung von Fahrzeugen mit alternativen Antrieben, zahlreiche, zumal hochkomplexe Bet\u00e4tigungsfelder. Wie bekommen Sie als mittelst\u00e4ndisches Unternehmen das alles unter einen Hut?<\/p><p class=\"text-answer\"><\/p>\n<p>Im Sonderfahrzeugbau haben wir seit langem gelernt, immer wieder neue, aktuelle Probleme zu l\u00f6sen. Und f\u00fcr uns als mittelst\u00e4ndisches Unternehmen geh\u00f6rt Transformation zu unser Unternehmensgeschichte. Derzeit gibt es im Automobil-, Transport- und Verkehrssektor umfassende neue Anforderungen und Umbr\u00fcche, insbesondere was klimaneutrale Antriebe und die Produktion betrifft. Die <a href=\"https:\/\/paul-nutzfahrzeuge.de\" target=\"_blank\" rel=\"noopener\">Paul Group<\/a> hat \u00fcber zehn Jahre Erfahrung in der Entwicklung von Elektromobilit\u00e4t f\u00fcr Nutzfahrzeuge. Bereits vor sechs Jahren haben wir zusammen mit dem Partner BPW und der eTransport-Antriebsachse, den Mercedes-Benz E-Vario realisiert. Daraus hat sich die gemeinsame Entwicklung des <a href=\"https:\/\/www.krafthand.de\/truck\/artikel\/elektrisch-auf-achse-der-bax-7-5-und-die-technik-dahinter-32746\/\" target=\"_blank\" rel=\"noopener\">BAX<\/a> ergeben, der erste vollelektrische E-Lkw aus Deutschland. Ab 2021 ist von uns der PH2P-Truck entwickelt worden \u2013 ein serienreifer, f\u00f6rderf\u00e4higer, mittelschwerer Wasserstoff-Brennstoffzellen-Lkw mit 24 Tonnen Zuggesamtgewicht und etwa 450 Kilometern Reichweite.<\/p>\n<blockquote class=\"khm-quote\"><p>Transformation geh\u00f6rt zu unserer Unternehmensgeschichte.<\/p><\/blockquote>\n<p>Im <a href=\"https:\/\/www.next-mobility.eu\" target=\"_blank\" rel=\"noopener\">\u201aNext Mobility Konsortium\u2018<\/a> bieten wir zudem gemeinsam mit <a href=\"https:\/\/www.shell.de\/geschaeftskunden\/mobilitaet\/e-mobilitaet.html\" target=\"_blank\" rel=\"noopener\">Shell<\/a> und <a href=\"https:\/\/www.maierkorduletsch.de\" target=\"_blank\" rel=\"noopener\">MaierKorduletsch<\/a> auch leistungsstarke Infrastruktur-L\u00f6sungen und Vermarktungsmodelle an. Unser Credo: Alles, was wir nicht allein machen k\u00f6nnen, setzen wir mit Partnern und Lieferanten um, die genauso kompetent, innovativ und auch pragmatisch schnell in der Umsetzung sind wie wir selbst.<\/p>\n<div class=\"gallery-container\"><div class=\"owl-carousel owl-theme\">\r\n        <div>\r\n        \t<img decoding=\"async\" src=\"https:\/\/static.krafthand-truck.de\/uploads\/2023\/03\/01_2023_009_2-1024x650.jpg\" alt=\"\" \/>\r\n          <a href=\"https:\/\/static.krafthand-truck.de\/uploads\/2023\/03\/01_2023_009_2-1024x650.jpg\" data-featherlight=\"gallery_69f54fe41b754\" class=\"gallery-expand\" data-title=\"Serienf\u00e4higer Wechselbr\u00fcckenhubwagen (Hofumsetzer) von Paul auf Basis des Mercedes-Benz Econic mit Parallelhubsystem.\"><i class=\"fa fa-expand\" aria-hidden=\"true\"><\/i><\/a>\r\n        \t<div class=\"gallery-caption wp-caption-text\"><p>Serienf\u00e4higer Wechselbr\u00fcckenhubwagen (Hofumsetzer) von Paul auf Basis des Mercedes-Benz Econic mit Parallelhubsystem.<\/p>\n<\/div>\r\n        <\/div>\r\n        <div>\r\n        \t<img decoding=\"async\" src=\"https:\/\/static.krafthand-truck.de\/uploads\/2023\/03\/01_2023_009_4-1024x528.jpg\" alt=\"\" \/>\r\n          <a href=\"https:\/\/static.krafthand-truck.de\/uploads\/2023\/03\/01_2023_009_4-1024x528.jpg\" data-featherlight=\"gallery_69f54fe41b754\" class=\"gallery-expand\" data-title=\"Der vollelektrische Lkw BAX 7.5 wurde in Zusammenarbeit mit BPW Bergische Achsen entwickelt.\"><i class=\"fa fa-expand\" aria-hidden=\"true\"><\/i><\/a>\r\n        \t<div class=\"gallery-caption wp-caption-text\"><p>Der vollelektrische Lkw BAX 7.5 wurde in Zusammenarbeit mit BPW Bergische Achsen entwickelt.<\/p>\n<\/div>\r\n        <\/div><\/div><\/div>\r\n\t<script>\r\n\t\tjQuery(document).ready(function($){\r\n      setTimeout(function(){\r\n  \t\t\t$(\".owl-carousel\").owlCarousel({\r\n  \t\t\t\tloop:true,\r\n    \t\t\tmargin:10,\r\n    \t\t\tresponsiveClass:true,\r\n    \t\t\titems:1,\r\n    \t\t\tautoHeight: true,\r\n          nav: true,\r\n          URLhashListener: true,\r\n          startPosition: \"URLHash\",\r\n          navText: [\r\n            \"<i class='fa fa-chevron-left'><\/i>\",\r\n            \"<i class='fa fa-chevron-right'><\/i>\"\r\n          ],\r\n  \t\t\t});\r\n      }, 2000);\r\n\t\t});\r\n\t<\/script>\r\n\t\n<p class=\"text-question\">Wie w\u00fcrden Sie vor diesem Hintergrund Ihren F\u00fchrungsstil beschreiben?<\/p><p class=\"text-answer\"><\/p>\n<p>Ich habe vor kurzem einen Post auf LinkedIn ver\u00f6ffentlicht, der sehr oft geklickt und geteilt wurde. Die \u00dcberschrift lautete \u201eWir bauen so geilen Schei\u00df hier!\u201c Ich habe beschrieben, wie gerne ich in diesem Unternehmen arbeite, unter anderem weil hier alle jeden Tag Au\u00dfergew\u00f6hnliches leisten. \u201eNicht reden. Machen!\u201c ist unser Motto. Zudem bin ich ein Freund der offenen Worte, sowohl was die Kritik angeht als auch die Wertsch\u00e4tzung. Als F\u00fchrungskraft fordere ich nicht nur, sondern lobe auch. Mir ist wichtig, immer respektvoll und verantwortungsbewusst mit allen Kolleginnen und Kollegen umzugehen. Zudem setzen wir bei der Paul Group auf flache Hierarchien, klare Ziele und Ansagen, auf ein direktes Feedback der jeweiligen Projektverantwortlichen, auf kurze Wege und pers\u00f6nliches Vertrauen.<br \/>\nAgiles Arbeiten ist nicht nur im Start-up m\u00f6glich \u2013 Sprints geh\u00f6ren bei uns ebenso zum Arbeitsalltag. Die Branche jammert oft, beschwert sich \u00fcber verfehlte Politik, schwierigste Lieferbedingungen und unklare F\u00f6rderma\u00dfnahmen. Nat\u00fcrlich gibt es viele Herausforderungen, die angegangen werden m\u00fcssen, keine Frage. Aber wir als Unternehmen konzentrieren uns auf das, was wir direkt beeinflussen k\u00f6nnen, arbeiten an neuen Wegen und gestalten aktiv unsere Zukunft mit. Um weiteres Wachstum zu erm\u00f6glichen, wird neben der neuen Firmenstruktur auch an den Menschen gearbeitet. Mit neuen Talenten und einer neuen Generation von Mitarbeitenden wird auch eine neue Arbeitskultur lebendig. Das erfordert gleichzeitig, dass die Unternehmenskultur laufend an diese Ver\u00e4nderungen angepasst wird.<\/p>\n<blockquote class=\"khm-quote\"><p>Wir konzentrieren uns auf das, was wir beeinflussen k\u00f6nnen.<\/p><\/blockquote>\n<p class=\"text-question\">Zusammen mit dem Spezialisten f\u00fcr Achssysteme BPW produzieren Sie am Standort Vilshofen den batterieelektrischen Lkw BAX 7.5 f\u00fcr die Kurzstrecke. Wie sieht die Zusammenarbeit aus und wie hoch ist die Fertigungstiefe auf ihrer Seite?<\/p><p class=\"text-answer\"><\/p>\n<p>Die Produktion auf Basis eines Glider-Chassis erfolgt bei Paul in Vilshofen. <a href=\"https:\/\/www.bpw.de\" target=\"_blank\" rel=\"noopener\">BPW<\/a> entwickelte neben der Antriebstechnik auch die Vernetzung und Systemintegration des Fahrzeugs. Wir \u00fcbernehmen die komplette Endfertigung, inklusive der mechanischen Integration s\u00e4mtlicher Antriebs-Komponenten sowie auch die Homologation f\u00fcr den gesamteurop\u00e4ischen Markt.<\/p>\n<p class=\"text-question\"><\/p><p class=\"text-answer\"><\/p>\n<figure id=\"attachment_35562\" aria-describedby=\"caption-attachment-35562\" style=\"width: 420px\" class=\"wp-caption alignleft\"><a href=\"https:\/\/static.krafthand-truck.de\/uploads\/2023\/03\/01_2023_009_5.jpg\" target=\"_blank\" rel=\"noopener\"><img fetchpriority=\"high\" decoding=\"async\" class=\"wp-image-35562\" src=\"https:\/\/static.krafthand-truck.de\/uploads\/2023\/03\/01_2023_009_5-300x200.jpg\" alt=\"\" width=\"420\" height=\"280\" srcset=\"https:\/\/static.krafthand-truck.de\/uploads\/2023\/03\/01_2023_009_5-300x200.jpg 300w, https:\/\/static.krafthand-truck.de\/uploads\/2023\/03\/01_2023_009_5-1024x683.jpg 1024w, https:\/\/static.krafthand-truck.de\/uploads\/2023\/03\/01_2023_009_5-768x512.jpg 768w, https:\/\/static.krafthand-truck.de\/uploads\/2023\/03\/01_2023_009_5-1320x881.jpg 1320w, https:\/\/static.krafthand-truck.de\/uploads\/2023\/03\/01_2023_009_5.jpg 1400w\" sizes=\"(max-width: 420px) 100vw, 420px\" \/><\/a><figcaption id=\"caption-attachment-35562\" class=\"wp-caption-text\">Der vollelektrische Fahrmischer von Paul auf Basis eines Mercedes-Benz Arocs.<\/figcaption><\/figure>\n<p>Ja, auch f\u00fcr den Battery-Electric Arocs ist Paul Fahrzeughersteller. Der von uns integrierte elektrische Antriebsstrang bietet eine Dauerleistung von mehr als 300 kW sowie eine Spitzenleistung von mehr als 400 kW. Wir statten das Fahrzeug, dessen Fahrgestell (8\u00d74) samt Kabine auf dem Arocs von Mercedes-Benz Trucks basiert, mit einer elektrischen Zentralmotorl\u00f6sung aus. So k\u00f6nnen die bew\u00e4hrten Au\u00dfenplanetenachsen des Arocs genutzt werden, um auch weiterhin die f\u00fcr den robusten Baustelleneinsatz ben\u00f6tigte Bodenfreiheit und Gel\u00e4ndeg\u00e4ngigkeit zu bieten. Der Battery-Electric Arocs, der \u00fcber ein zukunftsf\u00e4higes 800-V-Bordnetz verf\u00fcgt, kann mit sechs oder sieben Batteriepaketen mit jeweils 60\u00a0kWh nutzbarer Energie konfiguriert werden. Mit sieben Batteriepaketen sind nach ersten Berechnungen Reichweiten von deutlich \u00fcber 200 Kilometern mit Dauerbetrieb des Betonmischers auf der Baustelle m\u00f6glich.<\/p>\n<p class=\"text-question\">Mit dem PH2P-Truck haben Sie zus\u00e4tzlich einen mittelschweren, 16 Tonnen Brennstoffzellen-Lkw am Start. Das Fahrzeug soll eine Reichweite von 450 Kilometern haben. Verraten Sie uns technische Details?<\/p><p class=\"text-answer\"><\/p>\n<figure id=\"attachment_35563\" aria-describedby=\"caption-attachment-35563\" style=\"width: 300px\" class=\"wp-caption alignright\"><img decoding=\"async\" class=\"wp-image-35563\" src=\"https:\/\/static.krafthand-truck.de\/uploads\/2023\/03\/01_2023_009_6-300x175.jpg\" alt=\"\" width=\"300\" height=\"175\" srcset=\"https:\/\/static.krafthand-truck.de\/uploads\/2023\/03\/01_2023_009_6-300x175.jpg 300w, https:\/\/static.krafthand-truck.de\/uploads\/2023\/03\/01_2023_009_6.jpg 526w\" sizes=\"(max-width: 300px) 100vw, 300px\" \/><figcaption id=\"caption-attachment-35563\" class=\"wp-caption-text\">PH2P Truck: Technische Zeichnung mit waagerechter H2-Tankanordnung.<\/figcaption><\/figure>\n<p>Der PH2P-Truck ist ein f\u00f6rderf\u00e4higer, mittelschwerer 16\u00a0t Wasserstoff-Brennstoffzellen-Lkw mit 24\u00a0t Zuggesamtgewicht. Er wurde auf der IAA-Transportation 2022 serienfertig vorgestellt. Das horizontal verbaute Wasserstofftanksystem fasst 30 Kilogramm, das Fahrzeug verbraucht rund 6,5 Kilogramm Wasserstoff auf 100 Kilometer. Die H\u00f6chstgeschwindigkeit liegt bei 85 km\/h, die Dauerleistung bei 120 Kilowatt, die Spitzenleistung bei 300 Kilowatt. Wir haben PH2P auf einem Mercedes Atego 4\u00d72 Glider-Chassis aufgebaut. Der Truck mit Luftfederung an der Hinterachse, nutzt eine 80-kW-Brennstoffzelle von Toyota sowie einen einstufigen 120-kW-Antrieb von Voith mit einem Dauerdrehmoment von 2.800 Nm und zwei 60-kW-Batterien. Das Antriebsmanagement wurde in Kooperation mit Pepper-Motion umgesetzt, einem Hersteller und Entwickler innovativer, emissionsfreier Antriebssysteme, der auch die Software-Integration durchgef\u00fchrt hat.<\/p>\n<p class=\"text-question\">Die Nutzfahrzeugbranche leidet unter Fachkr\u00e4ftemangel. Dies f\u00e4ngt bei spezialisierten Ingenieuren(innen) an, geht \u00fcber Techniker(innen), Lkw-Mechatroniker(innen) bis hin zu Lkw-Fahrer(innen). Wie begegnen Sie bei Paul Nutzfahrzeuge dem Thema?<\/p><p class=\"text-answer\"><\/p>\n<p>Wir setzen hier vor allem auf die ganze Bandbreite der crossmedialen Ansprache. Wir wollen junge Nachwuchs-High-Potentials und talentierte Fachkr\u00e4fte \u00fcber die Kommunikation in Print- und Onlinemedien sowie Social-Media erreichen \u2013 hier insbesondere \u00fcber Meta. Zudem setzen wir Recruiter auf internationalen M\u00e4rkten ein, die uns hochqualifizierte Fachkr\u00e4fte aus dem Ausland vermitteln.<\/p>\n<p class=\"text-question\">Letztendlich m\u00fcssen die neuen Lkw mit neuer Antriebstechnik auch gewartet und repariert werden. Wie sieht (zuk\u00fcnftig) das Servicenetz aus?<\/p><p class=\"text-answer\"><\/p>\n<p>Die \u00dcberlegung von Paul ist hier unsere enge Partnerschaft mit Daimler-Truck zu nutzen. Bereits im Rahmen unseres Umbaugesch\u00e4fts, konnten wir die Sonderfahrzeuge bereits sehr gut servicieren lassen. F\u00fcr die neuen Antriebe bieten wir eine rechtskr\u00e4ftige Schulung sowohl f\u00fcr Hochvolt- als auch f\u00fcr Wasserstofffahrzeuge an. Hinzu kommen Schulungen zu Gasantrieben sowie das dazugeh\u00f6rige Sonderwerkzeug- und das Werkstattkonzept. Hierf\u00fcr haben wir eigens die Paul-Academy ins Leben gerufen, wo wir mit professionellen Trainern unsere Servicepartner qualifizieren. F\u00fcr den BAX ist beispielsweise BPW Generalunternehmer und vermarktet das Fahrzeug inklusive Aftersales und Service. Am ersten \u00f6ffentlichen H2-Mobility-Hub f\u00fcr Lkw auf dem Firmengel\u00e4nde von Paul in Passau servicieren wir die PH2P-Fahrzeuge selbst. Der weitere Ausbau des Servicenetzes mit Partnern wie Mercedes-Benz ist in Planung.<\/p>\n<p>&nbsp;<\/p>\n<div class=\"infobox box-grey\"><\/p>\n<h4>Zur Person<\/h4>\n<p><figure id=\"attachment_35567\" aria-describedby=\"caption-attachment-35567\" style=\"width: 160px\" class=\"wp-caption alignright\"><a href=\"https:\/\/static.krafthand-truck.de\/uploads\/2023\/03\/Paul_Nutzfahrzeuge_CEO_Bernhard_Wasner.jpg\" target=\"_blank\" rel=\"noopener\"><img decoding=\"async\" class=\"wp-image-35567\" src=\"https:\/\/static.krafthand-truck.de\/uploads\/2023\/03\/Paul_Nutzfahrzeuge_CEO_Bernhard_Wasner-218x300.jpg\" alt=\"\" width=\"160\" height=\"220\" srcset=\"https:\/\/static.krafthand-truck.de\/uploads\/2023\/03\/Paul_Nutzfahrzeuge_CEO_Bernhard_Wasner-218x300.jpg 218w, https:\/\/static.krafthand-truck.de\/uploads\/2023\/03\/Paul_Nutzfahrzeuge_CEO_Bernhard_Wasner-745x1024.jpg 745w, https:\/\/static.krafthand-truck.de\/uploads\/2023\/03\/Paul_Nutzfahrzeuge_CEO_Bernhard_Wasner-768x1055.jpg 768w, https:\/\/static.krafthand-truck.de\/uploads\/2023\/03\/Paul_Nutzfahrzeuge_CEO_Bernhard_Wasner.jpg 800w\" sizes=\"(max-width: 160px) 100vw, 160px\" \/><\/a><figcaption id=\"caption-attachment-35567\" class=\"wp-caption-text\">Bernhard Wasner.<\/figcaption><\/figure><\/p>\n<p>Bernhard Wasner begann nach Abschluss seiner Ausbildung zum <a href=\"https:\/\/www.krafthand.de\/truck\/artikel\/antrieb-und-wandel-das-neue-berufsbild-nfz-mechantronikerin-34430\/\" target=\"_blank\" rel=\"noopener\">Kfz-Mechatroniker<\/a> seine Karriere bei Paul. Nach Weiterbildung zum Meister wurde er 2008 als Betriebsleiter bestellt und ab 2016 zum Gesch\u00e4ftsf\u00fchrer der Josef Paul GmbH &amp; Co. KG. Er entwickelte das Unternehmen in den folgenden Jahren ma\u00dfgeblich weiter und ist seit 2021 Gesch\u00e4ftsf\u00fchrer der Unternehmensgruppe. Seinen Fokus legt er auf Zukunftsthemen und die langfristig strategische Ausrichtung. Dabei spielen Themen, wie die Digitalisierung, neue Antriebs- und Softwarel\u00f6sungen, die Prozessoptimierung und die Nachhaltigkeit eine wichtige Rolle.<\/p>\n<p>&nbsp;<\/p>\n<p><\/div>\n<p>&nbsp;<\/p>\n<p class=\"text-question\">Eine letzte, pers\u00f6nliche Frage: Wor\u00fcber haben Sie sich k\u00fcrzlich am meisten ge\u00e4rgert, \u00fcber was am meisten gefreut?<\/p><p class=\"text-answer\"><\/p>\n<p>Das gr\u00f6\u00dfte Fragezeichen sehen wir hinter der KSNL-F\u00f6rderung f\u00fcr klimafreundliche Nutzfahrzeuge. Das ist eindeutig kein Modus, der sowohl die Kunden als auch die Nutzfahrzeug-Hersteller gl\u00fccklich macht! Dass wir alle f\u00fcr den Markthochlauf von klimafreundlichen Nutzfahrzeugen Anschub in Form von F\u00f6rderung brauchen, ist klar. Es fehlen noch die entsprechenden Produktionsmengen f\u00fcr eine Kostenreduktion. Dazu braucht man auch eine zuverl\u00e4ssige und berechenbare F\u00f6rderung, die sowohl dem Nutzer, also dem Fuhrparkbetreiber, als auch dem Fahrzeughersteller einen realistisch planbaren Vorlauf erm\u00f6glicht. Ansonsten wird das nichts mit der Klimawende in Deutschland, denn dann haben wir uns mal wieder in einem Thema \u201everbeamtet\u201c. Dar\u00fcber hinaus \u00e4rgert mich die Vorgabe zur Gesamtl\u00e4nge von H2-Lkw, denn sie ist eine Erfolgsverhinderungs-Vorgabe des Bundes. Es werden weitere 90 Zentimeter Gesamtl\u00e4nge ben\u00f6tigt, um Wasserstofftanks hinter dem Fahrerhaus integrieren zu k\u00f6nnen. Wir f\u00fchren bereits Gespr\u00e4che auf vielen Ebenen hierzu. Zum Gl\u00fcck gibt es eine Menge Unterst\u00fctzer in der Politik, die diesen Weg ebnen wollen, um Wasserstoff-Lkw schnell und unkompliziert auf die Stra\u00dfe zu bringen. Dar\u00fcber freue ich mich sehr!<\/p>\n<p>&nbsp;<\/p>\n<div class=\"infobox box-grey\"><\/p>\n<h4>Unternehmensprofil<\/h4>\n<p>Die Paul Group vereint unter ihrem Dach marktf\u00fchrende und markttreibende Unternehmen im Automotive- und Nutzfahrzeug-Sektor, die sich der gemeinsamen Programmatik \u201aTransforming-Trucking\u2018 verpflichtet haben. Paul ist ein marktf\u00fchrendes Unternehmen im Sonderfahrzeugbau Europas und mit j\u00e4hrlich \u00fcber 1.000 Umbauten weltweit eines der gefragtesten Unternehmen. Seit 2010 ist Paul im e-Mobility-Gesch\u00e4ft t\u00e4tig, der Bereich Next-Mobility ist ein eigener Gesch\u00e4ftsbereich. Als treibender Partner hat Paul mit dem Next-Mobility-Konsortium zusammen mit Shell und dem Tankstellenbetreiber MaierKorduletsch eine skalierbare Plattform entlang der Wertsch\u00f6pfungskette f\u00fcr H2-Lkw geschaffen. Mit dem gr\u00f6\u00dften Nutzfahrzeug-Service-Center der Region Passau ist Paul zudem kompetenter Mehrmarken-Partner f\u00fcr Lkw, Transporter und Busse. Am Standort Passau ist das Unternehmen autorisierter Verkaufs- und Servicepartner von Mercedes-Benz f\u00fcr Nutzfahrzeuge und Pkw und seit 2020 auch Wohnmobil Vertriebs- und Fullservice-Anbieter der Hymer-Group. Am Standort Vilshofen ist man autorisierter Servicepartner f\u00fcr MAN-Nutzfahrzeuge. Der Paul IT-Dienstleister mit umfassendem Know-how im Bereich Digitale Transformation und Softwareentwicklung f\u00fcr Elektro- und Wasserstoffmobilit\u00e4t komplettiert die Unternehmensgruppe.<\/p>\n<p><\/div>\n<p>&nbsp;<\/p>\n<p><i>Den Beitrag finden Sie auch in der Print-Ausgabe 1-2023 der <a href=\"https:\/\/www.krafthand.de\/truck\/magazin\/\" title=\"Zum Magazin\">Krafthand-Truck<\/a>.<\/i><\/p>\r\n\t\t\t\t<div class=\"post-author\">\r\n\t\t\t\t\t<div class=\"khm-cp-author clearfix\">\r\n\t\t\t\t\t\t<div class=\"khm-cp-author__content\">\r\n\t\t\t\t\t\t\t\tKontakt zum Autor:<br \/>\r\n\t\t\t\t\t\t\t\t<strong>Georg Blenk<\/strong>, 08247 \/ 3007-45 |  <a href=\"mailto:georg.blenk@krafthand-medien.de\">georg.blenk@krafthand-medien.de<\/a>\r\n\t\t\t\t\t\t\t<div class=\"khm-cp-author__image\">\r\n\t\t\t\t\t\t<img src=\"https:\/\/static.krafthand-truck.de\/uploads\/2021\/01\/Blenk_6104-250x300-1-removebg-preview.png\" class=\"img-responsive\">\r\n\t\t\t\t\t<\/div>\r\n\t\t\t\t\t\t<\/div>\r\n\t\t\t\t\t<\/div>\r\n\t\t\t\t<\/div>\r\n\t\t\t\t","protected":false},"excerpt":{"rendered":"<p>Die Paul Group, zu der neben der Paul Nutzfahrzeuge GmbH auch die Josef Paul GmbH &#038; Co. KG mit einem Nutzfahrzeug-Service-Center in Passau geh\u00f6rt, hat sich auf Spezialumbauten und alternative Antriebe spezialisiert. Wir haben mit CEO Bernhard Wasner \u00fcber die Unternehmensstrategie, die Zukunft von BEV und FCEV sowie \u00fcber Pers\u00f6nliches gesprochen. <span class=\"excerpt-more__dots\">&#8230;<\/span> <a class=\"excerpt-more__link\" href=\"https:\/\/www.krafthand.de\/truck\/artikel\/wir-reden-nicht-wir-machen-35557\/\" >weiter<\/a><\/p>\n","protected":false},"author":11,"featured_media":35558,"comment_status":"closed","ping_status":"closed","sticky":false,"template":"","format":"standard","meta":{"footnotes":""},"categories":[4224,4238,6375,4235],"tags":[4815,5546,4814],"settings":[3524,4766,3523],"class_list":["post-35557","post","type-post","status-publish","format-standard","has-post-thumbnail","hentry","category-e-antrieb","category-koepfe","category-lade-tank-infrastruktur","category-unternehmen","tag-bax","tag-bernhard-wasner","tag-paul-nutzfahrzeuge"],"yoast_head":"<!-- This site is optimized with the Yoast SEO plugin v27.3 - https:\/\/yoast.com\/product\/yoast-seo-wordpress\/ -->\n<title>&quot;Wir reden nicht - wir machen!&quot; - Krafthand-Truck<\/title>\n<meta name=\"description\" content=\"Bernhard Wasner, CEO der Paul Group spricht \u00fcber die Unternehmensstrategie, die Zukunft von BEV und FCEV sowie \u00fcber Pers\u00f6nliches.\" \/>\n<meta name=\"robots\" content=\"index, follow, max-snippet:-1, max-image-preview:large, max-video-preview:-1\" \/>\n<link rel=\"canonical\" href=\"https:\/\/www.krafthand.de\/truck\/artikel\/wir-reden-nicht-wir-machen-35557\/\" \/>\n<meta property=\"og:locale\" content=\"de_DE\" \/>\n<meta property=\"og:type\" content=\"article\" \/>\n<meta property=\"og:title\" content=\"&quot;Wir reden nicht - wir machen!&quot; - Krafthand-Truck\" \/>\n<meta property=\"og:description\" content=\"Bernhard Wasner, CEO der Paul Group spricht \u00fcber die Unternehmensstrategie, die Zukunft von BEV und FCEV sowie \u00fcber Pers\u00f6nliches.\" \/>\n<meta property=\"og:url\" content=\"https:\/\/www.krafthand-truck.de\/artikel\/wir-reden-nicht-wir-machen-35557\/\" \/>\n<meta property=\"og:site_name\" content=\"Krafthand-Truck\" \/>\n<meta property=\"article:published_time\" content=\"2023-03-17T07:46:23+00:00\" \/>\n<meta property=\"article:modified_time\" content=\"2025-12-02T10:13:50+00:00\" \/>\n<meta property=\"og:image\" content=\"https:\/\/static.krafthand-truck.de\/uploads\/2023\/03\/01_2023_009_1.jpg\" \/>\n\t<meta property=\"og:image:width\" content=\"1400\" \/>\n\t<meta property=\"og:image:height\" content=\"758\" \/>\n\t<meta property=\"og:image:type\" content=\"image\/jpeg\" \/>\n<meta name=\"author\" content=\"Redaktion Truck\" \/>\n<meta name=\"twitter:card\" content=\"summary_large_image\" \/>\n<meta name=\"twitter:label1\" content=\"Verfasst von\" \/>\n\t<meta name=\"twitter:data1\" content=\"Redaktion Truck\" \/>\n\t<meta name=\"twitter:label2\" content=\"Gesch\u00e4tzte Lesezeit\" \/>\n\t<meta name=\"twitter:data2\" content=\"10\u00a0Minuten\" \/>\n<script type=\"application\/ld+json\" class=\"yoast-schema-graph\">{\"@context\":\"https:\\\/\\\/schema.org\",\"@graph\":[{\"@type\":\"Article\",\"@id\":\"https:\\\/\\\/www.krafthand.de\\\/truck\\\/artikel\\\/wir-reden-nicht-wir-machen-35557\\\/#article\",\"isPartOf\":{\"@id\":\"https:\\\/\\\/www.krafthand.de\\\/truck\\\/artikel\\\/wir-reden-nicht-wir-machen-35557\\\/\"},\"author\":{\"name\":\"Redaktion Truck\",\"@id\":\"https:\\\/\\\/www.krafthand.de\\\/truck\\\/#\\\/schema\\\/person\\\/5e47d727209575a4b89376746e24f02f\"},\"headline\":\"&#8222;Wir reden nicht &#8211; wir machen!&#8220;\",\"datePublished\":\"2023-03-17T07:46:23+00:00\",\"dateModified\":\"2025-12-02T10:13:50+00:00\",\"mainEntityOfPage\":{\"@id\":\"https:\\\/\\\/www.krafthand.de\\\/truck\\\/artikel\\\/wir-reden-nicht-wir-machen-35557\\\/\"},\"wordCount\":1776,\"image\":{\"@id\":\"https:\\\/\\\/www.krafthand.de\\\/truck\\\/artikel\\\/wir-reden-nicht-wir-machen-35557\\\/#primaryimage\"},\"thumbnailUrl\":\"https:\\\/\\\/static.krafthand-truck.de\\\/uploads\\\/2023\\\/03\\\/01_2023_009_1.jpg\",\"keywords\":[\"BAX\",\"Bernhard Wasner\",\"Paul Nutzfahrzeuge\"],\"articleSection\":[\"E-Antrieb (BEV\\\/FCEV)\",\"K\u00f6pfe\\\/Personen\",\"Lade-\\\/Tank-Infrastruktur\",\"Unternehmen\"],\"inLanguage\":\"de\"},{\"@type\":\"WebPage\",\"@id\":\"https:\\\/\\\/www.krafthand.de\\\/truck\\\/artikel\\\/wir-reden-nicht-wir-machen-35557\\\/\",\"url\":\"https:\\\/\\\/www.krafthand.de\\\/truck\\\/artikel\\\/wir-reden-nicht-wir-machen-35557\\\/\",\"name\":\"\\\"Wir reden nicht - wir machen!\\\" - Krafthand-Truck\",\"isPartOf\":{\"@id\":\"https:\\\/\\\/www.krafthand.de\\\/truck\\\/#website\"},\"primaryImageOfPage\":{\"@id\":\"https:\\\/\\\/www.krafthand.de\\\/truck\\\/artikel\\\/wir-reden-nicht-wir-machen-35557\\\/#primaryimage\"},\"image\":{\"@id\":\"https:\\\/\\\/www.krafthand.de\\\/truck\\\/artikel\\\/wir-reden-nicht-wir-machen-35557\\\/#primaryimage\"},\"thumbnailUrl\":\"https:\\\/\\\/static.krafthand-truck.de\\\/uploads\\\/2023\\\/03\\\/01_2023_009_1.jpg\",\"datePublished\":\"2023-03-17T07:46:23+00:00\",\"dateModified\":\"2025-12-02T10:13:50+00:00\",\"author\":{\"@id\":\"https:\\\/\\\/www.krafthand.de\\\/truck\\\/#\\\/schema\\\/person\\\/5e47d727209575a4b89376746e24f02f\"},\"description\":\"Bernhard Wasner, CEO der Paul Group spricht \u00fcber die Unternehmensstrategie, die Zukunft von BEV und FCEV sowie \u00fcber Pers\u00f6nliches.\",\"breadcrumb\":{\"@id\":\"https:\\\/\\\/www.krafthand.de\\\/truck\\\/artikel\\\/wir-reden-nicht-wir-machen-35557\\\/#breadcrumb\"},\"inLanguage\":\"de\",\"potentialAction\":[{\"@type\":\"ReadAction\",\"target\":[\"https:\\\/\\\/www.krafthand.de\\\/truck\\\/artikel\\\/wir-reden-nicht-wir-machen-35557\\\/\"]}]},{\"@type\":\"ImageObject\",\"inLanguage\":\"de\",\"@id\":\"https:\\\/\\\/www.krafthand.de\\\/truck\\\/artikel\\\/wir-reden-nicht-wir-machen-35557\\\/#primaryimage\",\"url\":\"https:\\\/\\\/static.krafthand-truck.de\\\/uploads\\\/2023\\\/03\\\/01_2023_009_1.jpg\",\"contentUrl\":\"https:\\\/\\\/static.krafthand-truck.de\\\/uploads\\\/2023\\\/03\\\/01_2023_009_1.jpg\",\"width\":1400,\"height\":758,\"caption\":\"Paul Hydrogen Power Truck-Testfahrt (PH2P) mit Silke Frank und Bernhard Wasner auf der PIN21 Clean-Trucking-Conference im Juni 2022 in Vilshofen. Bilder: Paul Group\"},{\"@type\":\"BreadcrumbList\",\"@id\":\"https:\\\/\\\/www.krafthand.de\\\/truck\\\/artikel\\\/wir-reden-nicht-wir-machen-35557\\\/#breadcrumb\",\"itemListElement\":[{\"@type\":\"ListItem\",\"position\":1,\"name\":\"Krafthand-Truck\",\"item\":\"https:\\\/\\\/www.krafthand.de\\\/truck\\\/\"},{\"@type\":\"ListItem\",\"position\":2,\"name\":\"Nfz-Branche\",\"item\":\"https:\\\/\\\/www.krafthand.de\\\/truck\\\/kategorie\\\/branche\\\/\"},{\"@type\":\"ListItem\",\"position\":3,\"name\":\"K\u00f6pfe\\\/Personen\",\"item\":\"https:\\\/\\\/www.krafthand.de\\\/truck\\\/kategorie\\\/branche\\\/koepfe\\\/\"},{\"@type\":\"ListItem\",\"position\":4,\"name\":\"&#8222;Wir reden nicht &#8211; wir machen!&#8220;\"}]},{\"@type\":\"WebSite\",\"@id\":\"https:\\\/\\\/www.krafthand.de\\\/truck\\\/#website\",\"url\":\"https:\\\/\\\/www.krafthand.de\\\/truck\\\/\",\"name\":\"Krafthand-Truck\",\"description\":\"\",\"potentialAction\":[{\"@type\":\"SearchAction\",\"target\":{\"@type\":\"EntryPoint\",\"urlTemplate\":\"https:\\\/\\\/www.krafthand.de\\\/truck\\\/?s={search_term_string}\"},\"query-input\":{\"@type\":\"PropertyValueSpecification\",\"valueRequired\":true,\"valueName\":\"search_term_string\"}}],\"inLanguage\":\"de\"},{\"@type\":\"Person\",\"@id\":\"https:\\\/\\\/www.krafthand.de\\\/truck\\\/#\\\/schema\\\/person\\\/5e47d727209575a4b89376746e24f02f\",\"name\":\"Redaktion Truck\",\"image\":{\"@type\":\"ImageObject\",\"inLanguage\":\"de\",\"@id\":\"https:\\\/\\\/secure.gravatar.com\\\/avatar\\\/64cedf5d293ad6eb6600c19e949d032ff0090f240174891ab1517d73ead05c87?s=96&d=mm&r=g\",\"url\":\"https:\\\/\\\/secure.gravatar.com\\\/avatar\\\/64cedf5d293ad6eb6600c19e949d032ff0090f240174891ab1517d73ead05c87?s=96&d=mm&r=g\",\"contentUrl\":\"https:\\\/\\\/secure.gravatar.com\\\/avatar\\\/64cedf5d293ad6eb6600c19e949d032ff0090f240174891ab1517d73ead05c87?s=96&d=mm&r=g\",\"caption\":\"Redaktion Truck\"}}]}<\/script>\n<!-- \/ Yoast SEO plugin. -->","yoast_head_json":{"title":"\"Wir reden nicht - wir machen!\" - Krafthand-Truck","description":"Bernhard Wasner, CEO der Paul Group spricht \u00fcber die Unternehmensstrategie, die Zukunft von BEV und FCEV sowie \u00fcber Pers\u00f6nliches.","robots":{"index":"index","follow":"follow","max-snippet":"max-snippet:-1","max-image-preview":"max-image-preview:large","max-video-preview":"max-video-preview:-1"},"canonical":"https:\/\/www.krafthand.de\/truck\/artikel\/wir-reden-nicht-wir-machen-35557\/","og_locale":"de_DE","og_type":"article","og_title":"\"Wir reden nicht - wir machen!\" - Krafthand-Truck","og_description":"Bernhard Wasner, CEO der Paul Group spricht \u00fcber die Unternehmensstrategie, die Zukunft von BEV und FCEV sowie \u00fcber Pers\u00f6nliches.","og_url":"https:\/\/www.krafthand-truck.de\/artikel\/wir-reden-nicht-wir-machen-35557\/","og_site_name":"Krafthand-Truck","article_published_time":"2023-03-17T07:46:23+00:00","article_modified_time":"2025-12-02T10:13:50+00:00","og_image":[{"width":1400,"height":758,"url":"https:\/\/static.krafthand-truck.de\/uploads\/2023\/03\/01_2023_009_1.jpg","type":"image\/jpeg"}],"author":"Redaktion Truck","twitter_card":"summary_large_image","twitter_misc":{"Verfasst von":"Redaktion Truck","Gesch\u00e4tzte Lesezeit":"10\u00a0Minuten"},"schema":{"@context":"https:\/\/schema.org","@graph":[{"@type":"Article","@id":"https:\/\/www.krafthand.de\/truck\/artikel\/wir-reden-nicht-wir-machen-35557\/#article","isPartOf":{"@id":"https:\/\/www.krafthand.de\/truck\/artikel\/wir-reden-nicht-wir-machen-35557\/"},"author":{"name":"Redaktion Truck","@id":"https:\/\/www.krafthand.de\/truck\/#\/schema\/person\/5e47d727209575a4b89376746e24f02f"},"headline":"&#8222;Wir reden nicht &#8211; wir machen!&#8220;","datePublished":"2023-03-17T07:46:23+00:00","dateModified":"2025-12-02T10:13:50+00:00","mainEntityOfPage":{"@id":"https:\/\/www.krafthand.de\/truck\/artikel\/wir-reden-nicht-wir-machen-35557\/"},"wordCount":1776,"image":{"@id":"https:\/\/www.krafthand.de\/truck\/artikel\/wir-reden-nicht-wir-machen-35557\/#primaryimage"},"thumbnailUrl":"https:\/\/static.krafthand-truck.de\/uploads\/2023\/03\/01_2023_009_1.jpg","keywords":["BAX","Bernhard Wasner","Paul Nutzfahrzeuge"],"articleSection":["E-Antrieb (BEV\/FCEV)","K\u00f6pfe\/Personen","Lade-\/Tank-Infrastruktur","Unternehmen"],"inLanguage":"de"},{"@type":"WebPage","@id":"https:\/\/www.krafthand.de\/truck\/artikel\/wir-reden-nicht-wir-machen-35557\/","url":"https:\/\/www.krafthand.de\/truck\/artikel\/wir-reden-nicht-wir-machen-35557\/","name":"\"Wir reden nicht - wir machen!\" - Krafthand-Truck","isPartOf":{"@id":"https:\/\/www.krafthand.de\/truck\/#website"},"primaryImageOfPage":{"@id":"https:\/\/www.krafthand.de\/truck\/artikel\/wir-reden-nicht-wir-machen-35557\/#primaryimage"},"image":{"@id":"https:\/\/www.krafthand.de\/truck\/artikel\/wir-reden-nicht-wir-machen-35557\/#primaryimage"},"thumbnailUrl":"https:\/\/static.krafthand-truck.de\/uploads\/2023\/03\/01_2023_009_1.jpg","datePublished":"2023-03-17T07:46:23+00:00","dateModified":"2025-12-02T10:13:50+00:00","author":{"@id":"https:\/\/www.krafthand.de\/truck\/#\/schema\/person\/5e47d727209575a4b89376746e24f02f"},"description":"Bernhard Wasner, CEO der Paul Group spricht \u00fcber die Unternehmensstrategie, die Zukunft von BEV und FCEV sowie \u00fcber Pers\u00f6nliches.","breadcrumb":{"@id":"https:\/\/www.krafthand.de\/truck\/artikel\/wir-reden-nicht-wir-machen-35557\/#breadcrumb"},"inLanguage":"de","potentialAction":[{"@type":"ReadAction","target":["https:\/\/www.krafthand.de\/truck\/artikel\/wir-reden-nicht-wir-machen-35557\/"]}]},{"@type":"ImageObject","inLanguage":"de","@id":"https:\/\/www.krafthand.de\/truck\/artikel\/wir-reden-nicht-wir-machen-35557\/#primaryimage","url":"https:\/\/static.krafthand-truck.de\/uploads\/2023\/03\/01_2023_009_1.jpg","contentUrl":"https:\/\/static.krafthand-truck.de\/uploads\/2023\/03\/01_2023_009_1.jpg","width":1400,"height":758,"caption":"Paul Hydrogen Power Truck-Testfahrt (PH2P) mit Silke Frank und Bernhard Wasner auf der PIN21 Clean-Trucking-Conference im Juni 2022 in Vilshofen. Bilder: Paul Group"},{"@type":"BreadcrumbList","@id":"https:\/\/www.krafthand.de\/truck\/artikel\/wir-reden-nicht-wir-machen-35557\/#breadcrumb","itemListElement":[{"@type":"ListItem","position":1,"name":"Krafthand-Truck","item":"https:\/\/www.krafthand.de\/truck\/"},{"@type":"ListItem","position":2,"name":"Nfz-Branche","item":"https:\/\/www.krafthand.de\/truck\/kategorie\/branche\/"},{"@type":"ListItem","position":3,"name":"K\u00f6pfe\/Personen","item":"https:\/\/www.krafthand.de\/truck\/kategorie\/branche\/koepfe\/"},{"@type":"ListItem","position":4,"name":"&#8222;Wir reden nicht &#8211; wir machen!&#8220;"}]},{"@type":"WebSite","@id":"https:\/\/www.krafthand.de\/truck\/#website","url":"https:\/\/www.krafthand.de\/truck\/","name":"Krafthand-Truck","description":"","potentialAction":[{"@type":"SearchAction","target":{"@type":"EntryPoint","urlTemplate":"https:\/\/www.krafthand.de\/truck\/?s={search_term_string}"},"query-input":{"@type":"PropertyValueSpecification","valueRequired":true,"valueName":"search_term_string"}}],"inLanguage":"de"},{"@type":"Person","@id":"https:\/\/www.krafthand.de\/truck\/#\/schema\/person\/5e47d727209575a4b89376746e24f02f","name":"Redaktion Truck","image":{"@type":"ImageObject","inLanguage":"de","@id":"https:\/\/secure.gravatar.com\/avatar\/64cedf5d293ad6eb6600c19e949d032ff0090f240174891ab1517d73ead05c87?s=96&d=mm&r=g","url":"https:\/\/secure.gravatar.com\/avatar\/64cedf5d293ad6eb6600c19e949d032ff0090f240174891ab1517d73ead05c87?s=96&d=mm&r=g","contentUrl":"https:\/\/secure.gravatar.com\/avatar\/64cedf5d293ad6eb6600c19e949d032ff0090f240174891ab1517d73ead05c87?s=96&d=mm&r=g","caption":"Redaktion Truck"}}]}},"_links":{"self":[{"href":"https:\/\/www.krafthand.de\/truck\/wp-json\/wp\/v2\/posts\/35557","targetHints":{"allow":["GET"]}}],"collection":[{"href":"https:\/\/www.krafthand.de\/truck\/wp-json\/wp\/v2\/posts"}],"about":[{"href":"https:\/\/www.krafthand.de\/truck\/wp-json\/wp\/v2\/types\/post"}],"author":[{"embeddable":true,"href":"https:\/\/www.krafthand.de\/truck\/wp-json\/wp\/v2\/users\/11"}],"replies":[{"embeddable":true,"href":"https:\/\/www.krafthand.de\/truck\/wp-json\/wp\/v2\/comments?post=35557"}],"version-history":[{"count":24,"href":"https:\/\/www.krafthand.de\/truck\/wp-json\/wp\/v2\/posts\/35557\/revisions"}],"predecessor-version":[{"id":35588,"href":"https:\/\/www.krafthand.de\/truck\/wp-json\/wp\/v2\/posts\/35557\/revisions\/35588"}],"wp:featuredmedia":[{"embeddable":true,"href":"https:\/\/www.krafthand.de\/truck\/wp-json\/wp\/v2\/media\/35558"}],"wp:attachment":[{"href":"https:\/\/www.krafthand.de\/truck\/wp-json\/wp\/v2\/media?parent=35557"}],"wp:term":[{"taxonomy":"category","embeddable":true,"href":"https:\/\/www.krafthand.de\/truck\/wp-json\/wp\/v2\/categories?post=35557"},{"taxonomy":"post_tag","embeddable":true,"href":"https:\/\/www.krafthand.de\/truck\/wp-json\/wp\/v2\/tags?post=35557"},{"taxonomy":"settings","embeddable":true,"href":"https:\/\/www.krafthand.de\/truck\/wp-json\/wp\/v2\/settings?post=35557"}],"curies":[{"name":"wp","href":"https:\/\/api.w.org\/{rel}","templated":true}]}}