{"id":35397,"date":"2023-03-13T12:17:04","date_gmt":"2023-03-13T11:17:04","guid":{"rendered":"https:\/\/www.krafthand.de\/truck\/?p=35397"},"modified":"2023-03-13T13:29:28","modified_gmt":"2023-03-13T12:29:28","slug":"carat-eroeffnet-neues-zentrallager-am-nuernberger-hafen","status":"publish","type":"post","link":"https:\/\/www.krafthand.de\/truck\/artikel\/carat-eroeffnet-neues-zentrallager-am-nuernberger-hafen-35397\/","title":{"rendered":"CARAT-Gruppe er\u00f6ffnet neues Lager am N\u00fcrnberger Hafen"},"content":{"rendered":"<p>Am Samstag den 11.3.2023 er\u00f6ffnete die <a href=\"https:\/\/www.carat-gruppe.de\" target=\"_blank\" rel=\"noopener\">CARAT-Gruppe<\/a> das neue Regionallager-S\u00fcd am Standort N\u00fcrnberg. Rund 150 G\u00e4ste und Gesch\u00e4ftspartner folgten der Einladung der Mannheimer Einkaufs-Kooperation. Der neue ad-Cargo-Standort am N\u00fcrnberger Hafen dient als Erg\u00e4nzung des Zentrallagers in Castrop-Rauxel.<\/p>\n<h3>Genug Fl\u00e4che<\/h3>\n<p>Das neue Lager bietet auf einer Fl\u00e4che von 5.026 Quadratmetern Platz f\u00fcr rund 46.000 Einzelpositionen. Dabei handelt es sich um eine viergeschossige Fachbodenanlage mit 2.700 Quadratmeter Lagerfl\u00e4che. Ein Palettenregal bietet zus\u00e4tzlich 1.500 Stellpl\u00e4tze, erg\u00e4nzt durch eine rund 119 Quadratmeter gro\u00dfe Blocklagerfl\u00e4che. Effiziente Lager- und Logistiksysteme sorgen f\u00fcr eine schnelle Abwicklung der Auftr\u00e4ge. Das neue ad-Cargo-Lager in N\u00fcrnberg wird dreimal pro Woche aus dem Zentrallager in Castrop-Rauxel beliefert. T\u00e4glich gehen zwischen 3-5 Lkw-Touren raus und versorgen die lokalen Teileh\u00e4ndler im S\u00fcddeutschen Raum, beispielsweise ab sofort auch H\u00e4ndler im Allg\u00e4u. Die Frequenz soll mittelfristig auf bis zu 9-13 Touren erweitert werden. Auch H\u00e4ndler in \u00d6sterreich und der Schweiz sollen beliefert werden.<\/p>\n<blockquote><p>&#8222;Wir wollen speziell den Mittelstand st\u00e4rken &#8211; dem Mittelstand geh\u00f6rt unser Herz&#8220;, so Christian Gabler.<\/p><\/blockquote>\n<div class=\"gallery-container\"><div class=\"owl-carousel owl-theme\">\r\n        <div>\r\n        \t<img decoding=\"async\" src=\"https:\/\/static.krafthand-truck.de\/uploads\/2023\/03\/Carat_ad_Cargo_Nuernberg_03-1024x668.jpg\" alt=\"\" \/>\r\n          <a href=\"https:\/\/static.krafthand-truck.de\/uploads\/2023\/03\/Carat_ad_Cargo_Nuernberg_03-1024x668.jpg\" data-featherlight=\"gallery_69f55236659c7\" class=\"gallery-expand\" data-title=\"Mit dem neuen ad-Cargo-Lager in N\u00fcrnberg m\u00f6chte die CARAT-Gruppe die Marktposition weiter st\u00e4rken.\"><i class=\"fa fa-expand\" aria-hidden=\"true\"><\/i><\/a>\r\n        \t<div class=\"gallery-caption wp-caption-text\"><p>Mit dem neuen ad-Cargo-Lager in N\u00fcrnberg m\u00f6chte die CARAT-Gruppe die Marktposition weiter st\u00e4rken.<\/p>\n<\/div>\r\n        <\/div>\r\n        <div>\r\n        \t<img decoding=\"async\" src=\"https:\/\/static.krafthand-truck.de\/uploads\/2023\/03\/Carat_ad_Cargo_Nuernberg_02-1024x688.jpg\" alt=\"\" \/>\r\n          <a href=\"https:\/\/static.krafthand-truck.de\/uploads\/2023\/03\/Carat_ad_Cargo_Nuernberg_02-1024x688.jpg\" data-featherlight=\"gallery_69f55236659c7\" class=\"gallery-expand\" data-title=\"Rund 5.000 Quadratmeter Lagerfl\u00e4che bietet das neuen viergeschossige Lager in N\u00fcrnberg.\"><i class=\"fa fa-expand\" aria-hidden=\"true\"><\/i><\/a>\r\n        \t<div class=\"gallery-caption wp-caption-text\"><p>Rund 5.000 Quadratmeter Lagerfl\u00e4che bietet das neuen viergeschossige Lager in N\u00fcrnberg.<\/p>\n<\/div>\r\n        <\/div>\r\n        <div>\r\n        \t<img decoding=\"async\" src=\"https:\/\/static.krafthand-truck.de\/uploads\/2023\/03\/Carat_ad_Cargo_Nuernberg_04-1024x665.jpg\" alt=\"\" \/>\r\n          <a href=\"https:\/\/static.krafthand-truck.de\/uploads\/2023\/03\/Carat_ad_Cargo_Nuernberg_04-1024x665.jpg\" data-featherlight=\"gallery_69f55236659c7\" class=\"gallery-expand\" data-title=\"Vom Flexrohr bis zur Lambdasonde: \u00dcber 46.000 Einzelpositionen finden in N\u00fcrnberg Platz.\"><i class=\"fa fa-expand\" aria-hidden=\"true\"><\/i><\/a>\r\n        \t<div class=\"gallery-caption wp-caption-text\"><p>Vom Flexrohr bis zur Lambdasonde: \u00dcber 46.000 Einzelpositionen finden in N\u00fcrnberg Platz.<\/p>\n<\/div>\r\n        <\/div>\r\n        <div>\r\n        \t<img decoding=\"async\" src=\"https:\/\/static.krafthand-truck.de\/uploads\/2023\/03\/Carat_Eigenmarke_Corexx_Lkw_Teile-1024x636.jpg\" alt=\"\" \/>\r\n          <a href=\"https:\/\/static.krafthand-truck.de\/uploads\/2023\/03\/Carat_Eigenmarke_Corexx_Lkw_Teile-1024x636.jpg\" data-featherlight=\"gallery_69f55236659c7\" class=\"gallery-expand\" data-title=\"Auch Pkw-\/Lkw-Teile der CARAT-Eigenmarke Corexx sind im Lager in N\u00fcrnberg eingelagert.\"><i class=\"fa fa-expand\" aria-hidden=\"true\"><\/i><\/a>\r\n        \t<div class=\"gallery-caption wp-caption-text\"><p>Auch Pkw-\/Lkw-Teile der CARAT-Eigenmarke Corexx sind im Lager in N\u00fcrnberg eingelagert.<\/p>\n<\/div>\r\n        <\/div><\/div><\/div>\r\n\t<script>\r\n\t\tjQuery(document).ready(function($){\r\n      setTimeout(function(){\r\n  \t\t\t$(\".owl-carousel\").owlCarousel({\r\n  \t\t\t\tloop:true,\r\n    \t\t\tmargin:10,\r\n    \t\t\tresponsiveClass:true,\r\n    \t\t\titems:1,\r\n    \t\t\tautoHeight: true,\r\n          nav: true,\r\n          URLhashListener: true,\r\n          startPosition: \"URLHash\",\r\n          navText: [\r\n            \"<i class='fa fa-chevron-left'><\/i>\",\r\n            \"<i class='fa fa-chevron-right'><\/i>\"\r\n          ],\r\n  \t\t\t});\r\n      }, 2000);\r\n\t\t});\r\n\t<\/script>\r\n\t\n<h3>Zus\u00e4tzlicher Fokus auf Nfz-Teile<\/h3>\n<p>Zuk\u00fcnftig wolle man auch verst\u00e4rkt den Fokus auf Nfz-Teile legen, so Christian Gabler. <em>&#8222;Unser einzigartiges Know-how in Sachen Nutzfahrzeuge und die M\u00f6glichkeit sehr individuelle und ma\u00dfgeschneiderte L\u00f6sungen anzubieten, machen die CARAT auch im Nfz-Bereich zu einem wertvollen und verl\u00e4sslichen Partner.&#8220;<\/em> So sei beispielsweise auch der Beitritt der <a href=\"https:\/\/www.bpw-aftermarket-group.com\/dealer\/germany\/\" target=\"_blank\" rel=\"noopener\">BPW Aftermarket-Group<\/a> ein wichtiger Schritt gewesen. Das Unternehmen ist ein wichtiger Partner in der Nutzfahrzeugbranche und bietet ein umfangreiches Sortiment an Ersatzteilen und L\u00f6sungen f\u00fcr Lkw, Trailer und Transporter. Zudem b\u00f6te das neue Zentrallager S\u00fcd auch Raum f\u00fcr zus\u00e4tzliche Lagerfl\u00e4chen.<\/p>\n<blockquote><p>&#8222;Durch den Beitritt der BPW Aftermarket-Group hat die CARAT-Gruppe nun im Nkw-Bereich einen Marktanteil in Deutschland von \u00fcber 60 Prozent.&#8220;<\/p><\/blockquote>\n<h3>Datenmanagement<\/h3>\n<p>Eine zentrale Herausforderung ist das Management der Artikeldaten. <em>&#8222;Die Konsolidierung s\u00e4mtlicher Artikelstammdaten gelang aufgrund der professionellen Zusammenarbeit mit den Spezialisten der CARAT und der Flexibilit\u00e4t aller Beteiligten in k\u00fcrzester Zeit&#8220;<\/em>, so Ralf J\u00f6rke, Mitglied der Gesch\u00e4ftsleitung bei der <a href=\"https:\/\/www.rhenus.group\/de\/de\/warehousing\/?utm_source=bing&amp;utm_medium=cpc&amp;utm_campaign=OMSAG%2FDACHL-DE%2FS%2FWarehousing&amp;utm_term=warehousing&amp;utm_content=P2_Recherche%2FWarehousing%20Logistik%20allgemein&amp;msclkid=f38d80644053156e51eae46b48bcc7d1\" target=\"_blank\" rel=\"noopener\">Rhenus Warehousing Solutions<\/a>, dem Vermieter und Dienstleister am Standort N\u00fcrnberg. Das Ziel sei s\u00e4mtliche logistische Herausforderungen flexibel, schnell und kosteng\u00fcnstig abzuwickeln. Was die Teiledaten angeht (inkl. RMI) arbeite man beispielsweise mit Dienstleister wie <a href=\"https:\/\/www.tecalliance.net\/de\/\" target=\"_blank\" rel=\"noopener\">TecDoc<\/a>, <a href=\"https:\/\/www.haynespro.com\/de\" target=\"_blank\" rel=\"noopener\">Haynes Pro<\/a> oder <a href=\"https:\/\/www.eucon.com\" target=\"_blank\" rel=\"noopener\">Eucon<\/a> zusammen.<\/p>\n<figure id=\"attachment_35457\" aria-describedby=\"caption-attachment-35457\" style=\"width: 380px\" class=\"wp-caption alignleft\"><a href=\"https:\/\/static.krafthand-truck.de\/uploads\/2023\/03\/Carat_Eigenmarke_Corexx_Lkw_Teile2.jpg\" target=\"_blank\" rel=\"noopener\"><img fetchpriority=\"high\" decoding=\"async\" class=\"wp-image-35457\" src=\"https:\/\/static.krafthand-truck.de\/uploads\/2023\/03\/Carat_Eigenmarke_Corexx_Lkw_Teile2-300x195.jpg\" alt=\"\" width=\"380\" height=\"247\" srcset=\"https:\/\/static.krafthand-truck.de\/uploads\/2023\/03\/Carat_Eigenmarke_Corexx_Lkw_Teile2-300x195.jpg 300w, https:\/\/static.krafthand-truck.de\/uploads\/2023\/03\/Carat_Eigenmarke_Corexx_Lkw_Teile2-1024x666.jpg 1024w, https:\/\/static.krafthand-truck.de\/uploads\/2023\/03\/Carat_Eigenmarke_Corexx_Lkw_Teile2-768x499.jpg 768w, https:\/\/static.krafthand-truck.de\/uploads\/2023\/03\/Carat_Eigenmarke_Corexx_Lkw_Teile2.jpg 1200w\" sizes=\"(max-width: 380px) 100vw, 380px\" \/><\/a><figcaption id=\"caption-attachment-35457\" class=\"wp-caption-text\">Das Management von rund 46.000 Einzelpositionen ist eine logistische Herausforderung.<\/figcaption><\/figure>\n<h3>Wachstum in \u00d6sterreich<\/h3>\n<p>K\u00fcrzlich ist auch die <a href=\"https:\/\/www.birner.at\" target=\"_blank\" rel=\"noopener\">Birner GmbH<\/a>, \u00f6sterreichischer Marktf\u00fchrer bei Kfz-Ersatzteilen und Autozubeh\u00f6r, als Gesellschafter in die CARAT Unternehmensgruppe eingetreten. Mit dem Beitritt des neuen Gesellschafters ist die Einkaufskooperation signifikant gewachsen. Das Netzwerk wird so\u00a0 auf den \u00f6sterreichischen Independent Aftermarket ausgeweitet.<\/p>\n<blockquote><p>\u201cWir freuen uns sehr, dass wir k\u00fcnftig gemeinsam mit der Firma Birner in \u00d6sterreich sowie in Deutschland den Markt gestalten und den mittelst\u00e4ndischen Teilehandel st\u00e4rken werden. Aufgrund unserer sehr \u00e4hnlichen Strukturen und Zielsetzungen werden wir viele Synergien in den Bereichen Einkauf, Marketing und IT realisieren k\u00f6nnen&#8220;, so Christian Gabler.<\/p><\/blockquote>\n<p>Das neue ad-Cargo-Lager S\u00fcd in N\u00fcrnberg wird zuk\u00fcnftig bei der Belieferung von Teileh\u00e4ndlern in \u00d6sterreich eine zentrale Rolle spielen.<\/p>\n<h3><\/h3>\n<h3>Station\u00e4rer Handel bietet Vorteile<\/h3>\n<p><em>&#8222;Der Handel mit Kfz- und Nfz-Teilen hat in den vergangenen Jahren einen Wandel durchlaufen, der vor allem durch den Online-Handel gepr\u00e4gt ist&#8220;<\/em>, so Christian Gabler. Trotzdem b\u00f6te der klassische, station\u00e4re Handel Vorteile, die kein Online-H\u00e4ndler bietet kann. So sei der pers\u00f6nliche Kontakt mit dem Kundenbetreuer f\u00fcr Werkstattbetriebe ein zentraler Faktor.<\/p>\n<blockquote><p><em>&#8222;Die individuelle Beratung und Information \u00fcber Neuerungen und Angebote ist essentiell. Dabei spielt eine vertrauensvolle Partnerschaft auf Augenh\u00f6he eine wichtige Rolle, die sich von einer reinen Verk\u00e4ufer-Kunden-Beziehung unterscheidet.&#8220;<\/em><\/p><\/blockquote>\n<p>Es bliebe spannend, wie sich der Markt in den kommenden Jahren entwickeln wird und welche Rolle der pers\u00f6nliche Kontakt dabei spiele, so Christian Gabler. Mit dem neuen Standort in N\u00fcrnberg ist die CARAT-Gruppe auf jeden Fall bestens ger\u00fcstet!<\/p>\n<p>&nbsp;<\/p>\n\r\n\t\t\t\t<div class=\"post-author\">\r\n\t\t\t\t\t<div class=\"khm-cp-author clearfix\">\r\n\t\t\t\t\t\t<div class=\"khm-cp-author__content\">\r\n\t\t\t\t\t\t\t\tKontakt zum Autor:<br \/>\r\n\t\t\t\t\t\t\t\t<strong>Georg Blenk<\/strong>, 08247 \/ 3007-45 |  <a href=\"mailto:georg.blenk@krafthand-medien.de\">georg.blenk@krafthand-medien.de<\/a>\r\n\t\t\t\t\t\t\t<div class=\"khm-cp-author__image\">\r\n\t\t\t\t\t\t<img src=\"https:\/\/static.krafthand-truck.de\/uploads\/2021\/01\/Blenk_6104-250x300-1-removebg-preview.png\" class=\"img-responsive\">\r\n\t\t\t\t\t<\/div>\r\n\t\t\t\t\t\t<\/div>\r\n\t\t\t\t\t<\/div>\r\n\t\t\t\t<\/div>\r\n\t\t\t\t","protected":false},"excerpt":{"rendered":"<p>Am Samstag den 11.3.2023 er\u00f6ffnete die CARAT-Gruppe das neue Regionallager-S\u00fcd am Standort N\u00fcrnberg. Rund 150 G\u00e4ste und Gesch\u00e4ftspartner folgten der Einladung der Mannheimer Einkaufs-Kooperation. Der neue ad-Cargo-Standort am N\u00fcrnberger Hafen dient als Erg\u00e4nzung des Zentrallagers in Castrop-Rauxel. <span class=\"excerpt-more__dots\">&#8230;<\/span> <a class=\"excerpt-more__link\" href=\"https:\/\/www.krafthand.de\/truck\/artikel\/carat-eroeffnet-neues-zentrallager-am-nuernberger-hafen-35397\/\" >weiter<\/a><\/p>\n","protected":false},"author":9,"featured_media":35447,"comment_status":"closed","ping_status":"closed","sticky":false,"template":"","format":"standard","meta":{"footnotes":""},"categories":[4912,4238,4235],"tags":[2822,5557,5518,5562,5561,5559,5560,2736,5558],"settings":[3524,4766,3523],"class_list":["post-35397","post","type-post","status-publish","format-standard","has-post-thumbnail","hentry","category-ersatzteile-zubehoer","category-koepfe","category-unternehmen","tag-ad-cargo","tag-carat-gruppe","tag-corexx","tag-eucon","tag-haynes-pro","tag-nuernberg","tag-rhenus","tag-tecdoc","tag-teilelager"],"yoast_head":"<!-- This site is optimized with the Yoast SEO plugin v27.3 - https:\/\/yoast.com\/product\/yoast-seo-wordpress\/ -->\n<title>CARAT-Gruppe er\u00f6ffnet neues Lager am N\u00fcrnberger Hafen - Krafthand-Truck<\/title>\n<meta name=\"description\" content=\"K\u00fcrzlich er\u00f6ffnete die CARAT-Gruppe das Regionallager-S\u00fcd in N\u00fcrnberg. Rund 150 G\u00e4ste folgten der Einladung der Teile-Einkaufs-Kooperation.\" \/>\n<meta name=\"robots\" content=\"index, follow, max-snippet:-1, max-image-preview:large, max-video-preview:-1\" \/>\n<link rel=\"canonical\" href=\"https:\/\/www.krafthand.de\/truck\/artikel\/carat-eroeffnet-neues-zentrallager-am-nuernberger-hafen-35397\/\" \/>\n<meta property=\"og:locale\" content=\"de_DE\" \/>\n<meta property=\"og:type\" content=\"article\" \/>\n<meta property=\"og:title\" content=\"CARAT-Gruppe er\u00f6ffnet neues Lager am N\u00fcrnberger Hafen - Krafthand-Truck\" \/>\n<meta property=\"og:description\" content=\"K\u00fcrzlich er\u00f6ffnete die CARAT-Gruppe das Regionallager-S\u00fcd in N\u00fcrnberg. Rund 150 G\u00e4ste folgten der Einladung der Teile-Einkaufs-Kooperation.\" \/>\n<meta property=\"og:url\" content=\"https:\/\/www.krafthand-truck.de\/artikel\/carat-eroeffnet-neues-zentrallager-am-nuernberger-hafen-35397\/\" \/>\n<meta property=\"og:site_name\" content=\"Krafthand-Truck\" \/>\n<meta property=\"article:published_time\" content=\"2023-03-13T11:17:04+00:00\" \/>\n<meta property=\"article:modified_time\" content=\"2023-03-13T12:29:28+00:00\" \/>\n<meta property=\"og:image\" content=\"https:\/\/static.krafthand-truck.de\/uploads\/2023\/03\/Carat_ad_Cargo_Nuernberg_01c-1.jpg\" \/>\n\t<meta property=\"og:image:width\" content=\"1200\" \/>\n\t<meta property=\"og:image:height\" content=\"656\" \/>\n\t<meta property=\"og:image:type\" content=\"image\/jpeg\" \/>\n<meta name=\"author\" content=\"georg.blenk@krafthand-medien.de\" \/>\n<meta name=\"twitter:card\" content=\"summary_large_image\" \/>\n<meta name=\"twitter:label1\" content=\"Verfasst von\" \/>\n\t<meta name=\"twitter:data1\" content=\"georg.blenk@krafthand-medien.de\" \/>\n\t<meta name=\"twitter:label2\" content=\"Gesch\u00e4tzte Lesezeit\" \/>\n\t<meta name=\"twitter:data2\" content=\"4\u00a0Minuten\" \/>\n<script type=\"application\/ld+json\" class=\"yoast-schema-graph\">{\"@context\":\"https:\\\/\\\/schema.org\",\"@graph\":[{\"@type\":\"Article\",\"@id\":\"https:\\\/\\\/www.krafthand.de\\\/truck\\\/artikel\\\/carat-eroeffnet-neues-zentrallager-am-nuernberger-hafen-35397\\\/#article\",\"isPartOf\":{\"@id\":\"https:\\\/\\\/www.krafthand.de\\\/truck\\\/artikel\\\/carat-eroeffnet-neues-zentrallager-am-nuernberger-hafen-35397\\\/\"},\"author\":{\"name\":\"georg.blenk@krafthand-medien.de\",\"@id\":\"https:\\\/\\\/www.krafthand.de\\\/truck\\\/#\\\/schema\\\/person\\\/51fa80b1c57034c4bf63f9f988fc24ce\"},\"headline\":\"CARAT-Gruppe er\u00f6ffnet neues Lager am N\u00fcrnberger Hafen\",\"datePublished\":\"2023-03-13T11:17:04+00:00\",\"dateModified\":\"2023-03-13T12:29:28+00:00\",\"mainEntityOfPage\":{\"@id\":\"https:\\\/\\\/www.krafthand.de\\\/truck\\\/artikel\\\/carat-eroeffnet-neues-zentrallager-am-nuernberger-hafen-35397\\\/\"},\"wordCount\":675,\"image\":{\"@id\":\"https:\\\/\\\/www.krafthand.de\\\/truck\\\/artikel\\\/carat-eroeffnet-neues-zentrallager-am-nuernberger-hafen-35397\\\/#primaryimage\"},\"thumbnailUrl\":\"https:\\\/\\\/static.krafthand-truck.de\\\/uploads\\\/2023\\\/03\\\/Carat_ad_Cargo_Nuernberg_01c-1.jpg\",\"keywords\":[\"ad-Cargo\",\"Carat-Gruppe\",\"Corexx\",\"Eucon\",\"Haynes Pro\",\"N\u00fcrnberg\",\"Rhenus\",\"TecDoc\",\"Teilelager\"],\"articleSection\":[\"Ersatzteile\\\/Zubeh\u00f6r\",\"K\u00f6pfe\\\/Personen\",\"Unternehmen\"],\"inLanguage\":\"de\"},{\"@type\":\"WebPage\",\"@id\":\"https:\\\/\\\/www.krafthand.de\\\/truck\\\/artikel\\\/carat-eroeffnet-neues-zentrallager-am-nuernberger-hafen-35397\\\/\",\"url\":\"https:\\\/\\\/www.krafthand.de\\\/truck\\\/artikel\\\/carat-eroeffnet-neues-zentrallager-am-nuernberger-hafen-35397\\\/\",\"name\":\"CARAT-Gruppe er\u00f6ffnet neues Lager am N\u00fcrnberger Hafen - Krafthand-Truck\",\"isPartOf\":{\"@id\":\"https:\\\/\\\/www.krafthand.de\\\/truck\\\/#website\"},\"primaryImageOfPage\":{\"@id\":\"https:\\\/\\\/www.krafthand.de\\\/truck\\\/artikel\\\/carat-eroeffnet-neues-zentrallager-am-nuernberger-hafen-35397\\\/#primaryimage\"},\"image\":{\"@id\":\"https:\\\/\\\/www.krafthand.de\\\/truck\\\/artikel\\\/carat-eroeffnet-neues-zentrallager-am-nuernberger-hafen-35397\\\/#primaryimage\"},\"thumbnailUrl\":\"https:\\\/\\\/static.krafthand-truck.de\\\/uploads\\\/2023\\\/03\\\/Carat_ad_Cargo_Nuernberg_01c-1.jpg\",\"datePublished\":\"2023-03-13T11:17:04+00:00\",\"dateModified\":\"2023-03-13T12:29:28+00:00\",\"author\":{\"@id\":\"https:\\\/\\\/www.krafthand.de\\\/truck\\\/#\\\/schema\\\/person\\\/51fa80b1c57034c4bf63f9f988fc24ce\"},\"description\":\"K\u00fcrzlich er\u00f6ffnete die CARAT-Gruppe das Regionallager-S\u00fcd in N\u00fcrnberg. Rund 150 G\u00e4ste folgten der Einladung der Teile-Einkaufs-Kooperation.\",\"breadcrumb\":{\"@id\":\"https:\\\/\\\/www.krafthand.de\\\/truck\\\/artikel\\\/carat-eroeffnet-neues-zentrallager-am-nuernberger-hafen-35397\\\/#breadcrumb\"},\"inLanguage\":\"de\",\"potentialAction\":[{\"@type\":\"ReadAction\",\"target\":[\"https:\\\/\\\/www.krafthand.de\\\/truck\\\/artikel\\\/carat-eroeffnet-neues-zentrallager-am-nuernberger-hafen-35397\\\/\"]}]},{\"@type\":\"ImageObject\",\"inLanguage\":\"de\",\"@id\":\"https:\\\/\\\/www.krafthand.de\\\/truck\\\/artikel\\\/carat-eroeffnet-neues-zentrallager-am-nuernberger-hafen-35397\\\/#primaryimage\",\"url\":\"https:\\\/\\\/static.krafthand-truck.de\\\/uploads\\\/2023\\\/03\\\/Carat_ad_Cargo_Nuernberg_01c-1.jpg\",\"contentUrl\":\"https:\\\/\\\/static.krafthand-truck.de\\\/uploads\\\/2023\\\/03\\\/Carat_ad_Cargo_Nuernberg_01c-1.jpg\",\"width\":1200,\"height\":656},{\"@type\":\"BreadcrumbList\",\"@id\":\"https:\\\/\\\/www.krafthand.de\\\/truck\\\/artikel\\\/carat-eroeffnet-neues-zentrallager-am-nuernberger-hafen-35397\\\/#breadcrumb\",\"itemListElement\":[{\"@type\":\"ListItem\",\"position\":1,\"name\":\"Krafthand-Truck\",\"item\":\"https:\\\/\\\/www.krafthand.de\\\/truck\\\/\"},{\"@type\":\"ListItem\",\"position\":2,\"name\":\"Nfz-Branche\",\"item\":\"https:\\\/\\\/www.krafthand.de\\\/truck\\\/kategorie\\\/branche\\\/\"},{\"@type\":\"ListItem\",\"position\":3,\"name\":\"K\u00f6pfe\\\/Personen\",\"item\":\"https:\\\/\\\/www.krafthand.de\\\/truck\\\/kategorie\\\/branche\\\/koepfe\\\/\"},{\"@type\":\"ListItem\",\"position\":4,\"name\":\"CARAT-Gruppe er\u00f6ffnet neues Lager am N\u00fcrnberger Hafen\"}]},{\"@type\":\"WebSite\",\"@id\":\"https:\\\/\\\/www.krafthand.de\\\/truck\\\/#website\",\"url\":\"https:\\\/\\\/www.krafthand.de\\\/truck\\\/\",\"name\":\"Krafthand-Truck\",\"description\":\"\",\"potentialAction\":[{\"@type\":\"SearchAction\",\"target\":{\"@type\":\"EntryPoint\",\"urlTemplate\":\"https:\\\/\\\/www.krafthand.de\\\/truck\\\/?s={search_term_string}\"},\"query-input\":{\"@type\":\"PropertyValueSpecification\",\"valueRequired\":true,\"valueName\":\"search_term_string\"}}],\"inLanguage\":\"de\"},{\"@type\":\"Person\",\"@id\":\"https:\\\/\\\/www.krafthand.de\\\/truck\\\/#\\\/schema\\\/person\\\/51fa80b1c57034c4bf63f9f988fc24ce\",\"name\":\"georg.blenk@krafthand-medien.de\",\"image\":{\"@type\":\"ImageObject\",\"inLanguage\":\"de\",\"@id\":\"https:\\\/\\\/secure.gravatar.com\\\/avatar\\\/93713c30affe0aa95d3a4130e499bb1abee2eb31adbdd9ce2aa1543538490215?s=96&d=mm&r=g\",\"url\":\"https:\\\/\\\/secure.gravatar.com\\\/avatar\\\/93713c30affe0aa95d3a4130e499bb1abee2eb31adbdd9ce2aa1543538490215?s=96&d=mm&r=g\",\"contentUrl\":\"https:\\\/\\\/secure.gravatar.com\\\/avatar\\\/93713c30affe0aa95d3a4130e499bb1abee2eb31adbdd9ce2aa1543538490215?s=96&d=mm&r=g\",\"caption\":\"georg.blenk@krafthand-medien.de\"}}]}<\/script>\n<!-- \/ Yoast SEO plugin. -->","yoast_head_json":{"title":"CARAT-Gruppe er\u00f6ffnet neues Lager am N\u00fcrnberger Hafen - Krafthand-Truck","description":"K\u00fcrzlich er\u00f6ffnete die CARAT-Gruppe das Regionallager-S\u00fcd in N\u00fcrnberg. Rund 150 G\u00e4ste folgten der Einladung der Teile-Einkaufs-Kooperation.","robots":{"index":"index","follow":"follow","max-snippet":"max-snippet:-1","max-image-preview":"max-image-preview:large","max-video-preview":"max-video-preview:-1"},"canonical":"https:\/\/www.krafthand.de\/truck\/artikel\/carat-eroeffnet-neues-zentrallager-am-nuernberger-hafen-35397\/","og_locale":"de_DE","og_type":"article","og_title":"CARAT-Gruppe er\u00f6ffnet neues Lager am N\u00fcrnberger Hafen - Krafthand-Truck","og_description":"K\u00fcrzlich er\u00f6ffnete die CARAT-Gruppe das Regionallager-S\u00fcd in N\u00fcrnberg. Rund 150 G\u00e4ste folgten der Einladung der Teile-Einkaufs-Kooperation.","og_url":"https:\/\/www.krafthand-truck.de\/artikel\/carat-eroeffnet-neues-zentrallager-am-nuernberger-hafen-35397\/","og_site_name":"Krafthand-Truck","article_published_time":"2023-03-13T11:17:04+00:00","article_modified_time":"2023-03-13T12:29:28+00:00","og_image":[{"width":1200,"height":656,"url":"https:\/\/static.krafthand-truck.de\/uploads\/2023\/03\/Carat_ad_Cargo_Nuernberg_01c-1.jpg","type":"image\/jpeg"}],"author":"georg.blenk@krafthand-medien.de","twitter_card":"summary_large_image","twitter_misc":{"Verfasst von":"georg.blenk@krafthand-medien.de","Gesch\u00e4tzte Lesezeit":"4\u00a0Minuten"},"schema":{"@context":"https:\/\/schema.org","@graph":[{"@type":"Article","@id":"https:\/\/www.krafthand.de\/truck\/artikel\/carat-eroeffnet-neues-zentrallager-am-nuernberger-hafen-35397\/#article","isPartOf":{"@id":"https:\/\/www.krafthand.de\/truck\/artikel\/carat-eroeffnet-neues-zentrallager-am-nuernberger-hafen-35397\/"},"author":{"name":"georg.blenk@krafthand-medien.de","@id":"https:\/\/www.krafthand.de\/truck\/#\/schema\/person\/51fa80b1c57034c4bf63f9f988fc24ce"},"headline":"CARAT-Gruppe er\u00f6ffnet neues Lager am N\u00fcrnberger Hafen","datePublished":"2023-03-13T11:17:04+00:00","dateModified":"2023-03-13T12:29:28+00:00","mainEntityOfPage":{"@id":"https:\/\/www.krafthand.de\/truck\/artikel\/carat-eroeffnet-neues-zentrallager-am-nuernberger-hafen-35397\/"},"wordCount":675,"image":{"@id":"https:\/\/www.krafthand.de\/truck\/artikel\/carat-eroeffnet-neues-zentrallager-am-nuernberger-hafen-35397\/#primaryimage"},"thumbnailUrl":"https:\/\/static.krafthand-truck.de\/uploads\/2023\/03\/Carat_ad_Cargo_Nuernberg_01c-1.jpg","keywords":["ad-Cargo","Carat-Gruppe","Corexx","Eucon","Haynes Pro","N\u00fcrnberg","Rhenus","TecDoc","Teilelager"],"articleSection":["Ersatzteile\/Zubeh\u00f6r","K\u00f6pfe\/Personen","Unternehmen"],"inLanguage":"de"},{"@type":"WebPage","@id":"https:\/\/www.krafthand.de\/truck\/artikel\/carat-eroeffnet-neues-zentrallager-am-nuernberger-hafen-35397\/","url":"https:\/\/www.krafthand.de\/truck\/artikel\/carat-eroeffnet-neues-zentrallager-am-nuernberger-hafen-35397\/","name":"CARAT-Gruppe er\u00f6ffnet neues Lager am N\u00fcrnberger Hafen - Krafthand-Truck","isPartOf":{"@id":"https:\/\/www.krafthand.de\/truck\/#website"},"primaryImageOfPage":{"@id":"https:\/\/www.krafthand.de\/truck\/artikel\/carat-eroeffnet-neues-zentrallager-am-nuernberger-hafen-35397\/#primaryimage"},"image":{"@id":"https:\/\/www.krafthand.de\/truck\/artikel\/carat-eroeffnet-neues-zentrallager-am-nuernberger-hafen-35397\/#primaryimage"},"thumbnailUrl":"https:\/\/static.krafthand-truck.de\/uploads\/2023\/03\/Carat_ad_Cargo_Nuernberg_01c-1.jpg","datePublished":"2023-03-13T11:17:04+00:00","dateModified":"2023-03-13T12:29:28+00:00","author":{"@id":"https:\/\/www.krafthand.de\/truck\/#\/schema\/person\/51fa80b1c57034c4bf63f9f988fc24ce"},"description":"K\u00fcrzlich er\u00f6ffnete die CARAT-Gruppe das Regionallager-S\u00fcd in N\u00fcrnberg. Rund 150 G\u00e4ste folgten der Einladung der Teile-Einkaufs-Kooperation.","breadcrumb":{"@id":"https:\/\/www.krafthand.de\/truck\/artikel\/carat-eroeffnet-neues-zentrallager-am-nuernberger-hafen-35397\/#breadcrumb"},"inLanguage":"de","potentialAction":[{"@type":"ReadAction","target":["https:\/\/www.krafthand.de\/truck\/artikel\/carat-eroeffnet-neues-zentrallager-am-nuernberger-hafen-35397\/"]}]},{"@type":"ImageObject","inLanguage":"de","@id":"https:\/\/www.krafthand.de\/truck\/artikel\/carat-eroeffnet-neues-zentrallager-am-nuernberger-hafen-35397\/#primaryimage","url":"https:\/\/static.krafthand-truck.de\/uploads\/2023\/03\/Carat_ad_Cargo_Nuernberg_01c-1.jpg","contentUrl":"https:\/\/static.krafthand-truck.de\/uploads\/2023\/03\/Carat_ad_Cargo_Nuernberg_01c-1.jpg","width":1200,"height":656},{"@type":"BreadcrumbList","@id":"https:\/\/www.krafthand.de\/truck\/artikel\/carat-eroeffnet-neues-zentrallager-am-nuernberger-hafen-35397\/#breadcrumb","itemListElement":[{"@type":"ListItem","position":1,"name":"Krafthand-Truck","item":"https:\/\/www.krafthand.de\/truck\/"},{"@type":"ListItem","position":2,"name":"Nfz-Branche","item":"https:\/\/www.krafthand.de\/truck\/kategorie\/branche\/"},{"@type":"ListItem","position":3,"name":"K\u00f6pfe\/Personen","item":"https:\/\/www.krafthand.de\/truck\/kategorie\/branche\/koepfe\/"},{"@type":"ListItem","position":4,"name":"CARAT-Gruppe er\u00f6ffnet neues Lager am N\u00fcrnberger Hafen"}]},{"@type":"WebSite","@id":"https:\/\/www.krafthand.de\/truck\/#website","url":"https:\/\/www.krafthand.de\/truck\/","name":"Krafthand-Truck","description":"","potentialAction":[{"@type":"SearchAction","target":{"@type":"EntryPoint","urlTemplate":"https:\/\/www.krafthand.de\/truck\/?s={search_term_string}"},"query-input":{"@type":"PropertyValueSpecification","valueRequired":true,"valueName":"search_term_string"}}],"inLanguage":"de"},{"@type":"Person","@id":"https:\/\/www.krafthand.de\/truck\/#\/schema\/person\/51fa80b1c57034c4bf63f9f988fc24ce","name":"georg.blenk@krafthand-medien.de","image":{"@type":"ImageObject","inLanguage":"de","@id":"https:\/\/secure.gravatar.com\/avatar\/93713c30affe0aa95d3a4130e499bb1abee2eb31adbdd9ce2aa1543538490215?s=96&d=mm&r=g","url":"https:\/\/secure.gravatar.com\/avatar\/93713c30affe0aa95d3a4130e499bb1abee2eb31adbdd9ce2aa1543538490215?s=96&d=mm&r=g","contentUrl":"https:\/\/secure.gravatar.com\/avatar\/93713c30affe0aa95d3a4130e499bb1abee2eb31adbdd9ce2aa1543538490215?s=96&d=mm&r=g","caption":"georg.blenk@krafthand-medien.de"}}]}},"_links":{"self":[{"href":"https:\/\/www.krafthand.de\/truck\/wp-json\/wp\/v2\/posts\/35397","targetHints":{"allow":["GET"]}}],"collection":[{"href":"https:\/\/www.krafthand.de\/truck\/wp-json\/wp\/v2\/posts"}],"about":[{"href":"https:\/\/www.krafthand.de\/truck\/wp-json\/wp\/v2\/types\/post"}],"author":[{"embeddable":true,"href":"https:\/\/www.krafthand.de\/truck\/wp-json\/wp\/v2\/users\/9"}],"replies":[{"embeddable":true,"href":"https:\/\/www.krafthand.de\/truck\/wp-json\/wp\/v2\/comments?post=35397"}],"version-history":[{"count":55,"href":"https:\/\/www.krafthand.de\/truck\/wp-json\/wp\/v2\/posts\/35397\/revisions"}],"predecessor-version":[{"id":35462,"href":"https:\/\/www.krafthand.de\/truck\/wp-json\/wp\/v2\/posts\/35397\/revisions\/35462"}],"wp:featuredmedia":[{"embeddable":true,"href":"https:\/\/www.krafthand.de\/truck\/wp-json\/wp\/v2\/media\/35447"}],"wp:attachment":[{"href":"https:\/\/www.krafthand.de\/truck\/wp-json\/wp\/v2\/media?parent=35397"}],"wp:term":[{"taxonomy":"category","embeddable":true,"href":"https:\/\/www.krafthand.de\/truck\/wp-json\/wp\/v2\/categories?post=35397"},{"taxonomy":"post_tag","embeddable":true,"href":"https:\/\/www.krafthand.de\/truck\/wp-json\/wp\/v2\/tags?post=35397"},{"taxonomy":"settings","embeddable":true,"href":"https:\/\/www.krafthand.de\/truck\/wp-json\/wp\/v2\/settings?post=35397"}],"curies":[{"name":"wp","href":"https:\/\/api.w.org\/{rel}","templated":true}]}}