{"id":35380,"date":"2023-03-10T07:36:26","date_gmt":"2023-03-10T06:36:26","guid":{"rendered":"https:\/\/www.krafthand.de\/truck\/?p=35380"},"modified":"2023-03-11T06:56:09","modified_gmt":"2023-03-11T05:56:09","slug":"mehr-aktive-standortpolitik-hildegard-mueller-besucht-quantron","status":"publish","type":"post","link":"https:\/\/www.krafthand.de\/truck\/artikel\/mehr-aktive-standortpolitik-hildegard-mueller-besucht-quantron-35380\/","title":{"rendered":"Mehr aktive Standortpolitik: Hildegard M\u00fcller besucht Quantron"},"content":{"rendered":"<p>Am 9. M\u00e4rz besuchte Hildegard M\u00fcller, Pr\u00e4sidentin des Verbands der Automobilindustrie (VDA), die <a href=\"https:\/\/www.quantron.net\" target=\"_blank\" rel=\"noopener\">Quantron AG<\/a> in Augsburg. W\u00e4hrend ihres Besuchs erhielt M\u00fcller einen Einblick in das Technologieunternehmen und diskutierte gemeinsam mit dem Vorstand die Entwicklung der deutschen Mobilit\u00e4tsbranche. Jorgo Chatzimarkakis, CEO von <a href=\"https:\/\/hydrogeneurope.eu\" target=\"_blank\" rel=\"noopener\">Hydrogen Europe<\/a>, und Alexander Peters, Managing Partner von <a href=\"https:\/\/www.neuman-esser.de\" target=\"_blank\" rel=\"noopener\">Neumann &amp; Esser<\/a>, nahmen ebenfalls \u00fcber eine Videozuschaltung an dem Treffen teil. M\u00fcller wies auf die fehlende Infrastruktur f\u00fcr batterie- und brennstoffzellen-elektrische Nutzfahrzeuge in Europa hin und fordert ein schnelleres und deutlich entschlosseneres Handeln der Politik.<\/p>\n<blockquote><p>&#8222;Damit ehrgeizige Ziele auch tats\u00e4chlich erreicht werden k\u00f6nnen, ist \u2013 neben einem ausreichenden Angebot von Fahrzeugen, zu dem wir uns verpflichten \u2013 vor allem ein ausreichend dichtes Netz von Elektrolade- und Wasserstofftankstellen f\u00fcr schwere Nutzfahrzeuge in ganz Europa notwendige Voraussetzung. Das ist aktuell noch nicht einmal ann\u00e4hernd vorhanden. Ohne ein ausreichendes \u00f6ffentlich zug\u00e4ngliches Lade- und Betankungsnetz f\u00fcr schwere Fahrzeugklassem im Fernverkehr, werden die angestrebten CO2-Reduktionsziele f\u00fcr schwere Nutzfahrzeuge schwierig umzusetzen&#8220;, so M\u00fcller.<\/p><\/blockquote>\n<h3>Schnelle Genehmigungsverfahren<\/h3>\n<p>Das Treffen bot eine Gelegenheit, \u00fcber die Zukunft der Transportbranche zu sprechen und nachhaltige L\u00f6sungsans\u00e4tze zu diskutieren. Wesentlich sind dabei vor allem einfachere und schnelle Planungs- und Genehmigungsverfahren und eine abgesicherte Energie- und Rohstoffversorgung. Vor allem fordert VDA-Pr\u00e4sidentin M\u00fcller von der Politik mehr Tempo und Entschlossenheit. Andernfalls drohe der Standort Deutschland sowie der Standort Europa international zunehmend den Anschluss zu verlieren.<\/p>\n<blockquote><p>\u201eBerlin und Br\u00fcssel m\u00fcssen Wettbewerbsf\u00e4higkeit durch eine ambitionierte Standortpolitik realisieren: Weniger B\u00fcrokratie, einfachere und schnelle Planungs- und Genehmigungsverfahren, eine abgesicherte Energie- und Rohstoffversorgung sind dabei genauso notwendig wie eine technologieoffene, marktwirtschaftliche Politik, die die Unternehmen und deren Innovationen entfesselt statt sie durch Regulierungen auszubremsen&#8220;, so M\u00fcller.<\/p><\/blockquote>\n<h3>Mehr Tempo und Entschlossenheit<\/h3>\n<p>M\u00fcller fordert in diesem Kontext von der Politik mehr Tempo und Entschlossenheit: <em>&#8222;Wir m\u00fcssen als Investitions-, Innovations- und Produktionsstandort attraktiv bleiben. Eine technologieoffene Innovationspolitik unter dem Leitgedanken des Klimaschutzes ist dabei Grundbedingung f\u00fcr eine gemeinsame Erfolgsgeschichte.&#8220;<\/em> Zudem verwies sie auf das Zukunftsfeld der Wasserstoff-Wirtschaft: <em>&#8222;Wasserstoff ist eine Schl\u00fcsseltechnologie, um unsere Klimaziele zu erreichen, nicht nur in Deutschland, sondern auch auf globaler Ebene. Die Politik muss jetzt die Rahmenbedingungen setzen, die uns erm\u00f6glichen, hier weltweit f\u00fchrend zu sein.&#8220;<\/em><\/p>\n<p>\u201eDie schnellere Einf\u00fchrung von Infrastrukturen f\u00fcr saubere Technologien, wie Wasserstoff in der Mobilit\u00e4t, ist von gr\u00f6\u00dfter Bedeutung, wenn wir unsere Klimaziele in Europa erreichen wollen. Vorreitern wie Quantron kommt eine unsch\u00e4tzbare Rolle zu, wenn es darum geht, den Weg f\u00fcr europaweite Bem\u00fchungen um eine emissionsfreie Mobilit\u00e4t zu ebnen&#8220;, so Jorgo Chatzimarkakis.<\/p>\n<figure id=\"attachment_35387\" aria-describedby=\"caption-attachment-35387\" style=\"width: 320px\" class=\"wp-caption alignleft\"><a href=\"https:\/\/static.krafthand-truck.de\/uploads\/2023\/03\/Quantron_Hildegard_Mueller_Testfahrt_FCEV.jpg\" target=\"_blank\" rel=\"noopener\"><img fetchpriority=\"high\" decoding=\"async\" class=\"wp-image-35387\" src=\"https:\/\/static.krafthand-truck.de\/uploads\/2023\/03\/Quantron_Hildegard_Mueller_Testfahrt_FCEV-300x213.jpg\" alt=\"\" width=\"320\" height=\"227\" srcset=\"https:\/\/static.krafthand-truck.de\/uploads\/2023\/03\/Quantron_Hildegard_Mueller_Testfahrt_FCEV-300x213.jpg 300w, https:\/\/static.krafthand-truck.de\/uploads\/2023\/03\/Quantron_Hildegard_Mueller_Testfahrt_FCEV-1024x727.jpg 1024w, https:\/\/static.krafthand-truck.de\/uploads\/2023\/03\/Quantron_Hildegard_Mueller_Testfahrt_FCEV-768x545.jpg 768w, https:\/\/static.krafthand-truck.de\/uploads\/2023\/03\/Quantron_Hildegard_Mueller_Testfahrt_FCEV.jpg 1200w\" sizes=\"(max-width: 320px) 100vw, 320px\" \/><\/a><figcaption id=\"caption-attachment-35387\" class=\"wp-caption-text\">Hildegard M\u00fcller bei einer Testfahrt mit dem Wasserstoff-Truck Quantron QHM FCEV. Bild: Quantron<\/figcaption><\/figure>\n<blockquote><p><em>\u201eDas Erreichen der Ziele der Energiewende speziell im Transportsektor kann nur gelingen, wenn mit ambitioniertem Tempo umfassende L\u00f6sungen zur Dekarbonisierung umgesetzt werden&#8220;,<\/em> so Alexander Peters.\u00a0Andreas Haller, Gr\u00fcnder und Vorstandsvorsitzender der Quantron AG erg\u00e4nzt: <em>&#8222;Wir teilen die Auffassung, dass die deutsche Automobilindustrie nicht auf politische Ma\u00dfnahmen warten kann, um die CO2-Grenzwerte der EU f\u00fcr den Verkehrssektor zu erreichen. Vielmehr m\u00fcssen wir bereits heute an einem tragf\u00e4higen Zukunftsbild arbeiten, das alle notwendigen Sektoren einbezieht.&#8220;<\/em><\/p><\/blockquote>\n<p>Der Austausch zwischen Hildegard M\u00fcller, Jorgo Chatzimarkakis, Alexander Peters und dem Vorstand der Quantron AG m\u00fcndete in der Erkenntnis, dass gerade auch junge, innovative Unternehmen wichtige Impulse zur Gestaltung der Zukunft setzen k\u00f6nnen. So konnte Hildegard M\u00fcller bei einer Probefahrt mit dem Heavy-Duty Truck Quantron QHM FCEV pers\u00f6nlich erleben, dass wasserstoffbetriebene Fahrzeuge f\u00fcr den emissionsfreien G\u00fctertransport bereits heute Realit\u00e4t sind.<\/p>\n","protected":false},"excerpt":{"rendered":"<p>Am 9. M\u00e4rz besuchte Hildegard M\u00fcller, Pr\u00e4sidentin des VDA, die Quantron AG in Augsburg. W\u00e4hrend ihres Besuchs erhielt M\u00fcller einen Einblick in das Technologieunternehmen und diskutierte gemeinsam mit dem Vorstand die Entwicklung der deutschen Mobilit\u00e4tsbranche. Jorgo Chatzimarkakis, CEO von Hydrogen Europe, und Alexander Peters, Managing Partner von Neumann &#038; Esser, waren per Videokonferenz zugeschaltet. <span class=\"excerpt-more__dots\">&#8230;<\/span> <a class=\"excerpt-more__link\" href=\"https:\/\/www.krafthand.de\/truck\/artikel\/mehr-aktive-standortpolitik-hildegard-mueller-besucht-quantron-35380\/\" >weiter<\/a><\/p>\n","protected":false},"author":9,"featured_media":35382,"comment_status":"closed","ping_status":"closed","sticky":false,"template":"","format":"standard","meta":{"footnotes":""},"categories":[4238,4235,4245],"tags":[4677,4727,4262,556],"settings":[3523],"class_list":["post-35380","post","type-post","status-publish","format-standard","has-post-thumbnail","hentry","category-koepfe","category-unternehmen","category-verbaende","tag-andreas-haller","tag-hildegard-mueller","tag-quantron","tag-vda"],"yoast_head":"<!-- This site is optimized with the Yoast SEO plugin v27.3 - https:\/\/yoast.com\/product\/yoast-seo-wordpress\/ -->\n<title>Mehr aktive Standortpolitik: Hildegard M\u00fcller besucht Quantron - Krafthand-Truck<\/title>\n<meta name=\"description\" content=\"Am 9. M\u00e4rz besuchte Hildegard M\u00fcller, Pr\u00e4sidentin des Verbands der Automobilindustrie (VDA), die Quantron AG in Augsburg.\" \/>\n<meta name=\"robots\" content=\"index, follow, max-snippet:-1, max-image-preview:large, max-video-preview:-1\" \/>\n<link rel=\"canonical\" href=\"https:\/\/www.krafthand.de\/truck\/artikel\/mehr-aktive-standortpolitik-hildegard-mueller-besucht-quantron-35380\/\" \/>\n<meta property=\"og:locale\" content=\"de_DE\" \/>\n<meta property=\"og:type\" content=\"article\" \/>\n<meta property=\"og:title\" content=\"Mehr aktive Standortpolitik: Hildegard M\u00fcller besucht Quantron - Krafthand-Truck\" \/>\n<meta property=\"og:description\" content=\"Am 9. M\u00e4rz besuchte Hildegard M\u00fcller, Pr\u00e4sidentin des Verbands der Automobilindustrie (VDA), die Quantron AG in Augsburg.\" \/>\n<meta property=\"og:url\" content=\"https:\/\/www.krafthand-truck.de\/artikel\/mehr-aktive-standortpolitik-hildegard-mueller-besucht-quantron-35380\/\" \/>\n<meta property=\"og:site_name\" content=\"Krafthand-Truck\" \/>\n<meta property=\"article:published_time\" content=\"2023-03-10T06:36:26+00:00\" \/>\n<meta property=\"article:modified_time\" content=\"2023-03-11T05:56:09+00:00\" \/>\n<meta property=\"og:image\" content=\"https:\/\/static.krafthand-truck.de\/uploads\/2023\/03\/Quantron_Hildegard_Mueller_VDA.jpg\" \/>\n\t<meta property=\"og:image:width\" content=\"1200\" \/>\n\t<meta property=\"og:image:height\" content=\"800\" \/>\n\t<meta property=\"og:image:type\" content=\"image\/jpeg\" \/>\n<meta name=\"author\" content=\"georg.blenk@krafthand-medien.de\" \/>\n<meta name=\"twitter:card\" content=\"summary_large_image\" \/>\n<meta name=\"twitter:label1\" content=\"Verfasst von\" \/>\n\t<meta name=\"twitter:data1\" content=\"georg.blenk@krafthand-medien.de\" \/>\n\t<meta name=\"twitter:label2\" content=\"Gesch\u00e4tzte Lesezeit\" \/>\n\t<meta name=\"twitter:data2\" content=\"4\u00a0Minuten\" \/>\n<script type=\"application\/ld+json\" class=\"yoast-schema-graph\">{\"@context\":\"https:\\\/\\\/schema.org\",\"@graph\":[{\"@type\":\"Article\",\"@id\":\"https:\\\/\\\/www.krafthand.de\\\/truck\\\/artikel\\\/mehr-aktive-standortpolitik-hildegard-mueller-besucht-quantron-35380\\\/#article\",\"isPartOf\":{\"@id\":\"https:\\\/\\\/www.krafthand.de\\\/truck\\\/artikel\\\/mehr-aktive-standortpolitik-hildegard-mueller-besucht-quantron-35380\\\/\"},\"author\":{\"name\":\"georg.blenk@krafthand-medien.de\",\"@id\":\"https:\\\/\\\/www.krafthand.de\\\/truck\\\/#\\\/schema\\\/person\\\/51fa80b1c57034c4bf63f9f988fc24ce\"},\"headline\":\"Mehr aktive Standortpolitik: Hildegard M\u00fcller besucht Quantron\",\"datePublished\":\"2023-03-10T06:36:26+00:00\",\"dateModified\":\"2023-03-11T05:56:09+00:00\",\"mainEntityOfPage\":{\"@id\":\"https:\\\/\\\/www.krafthand.de\\\/truck\\\/artikel\\\/mehr-aktive-standortpolitik-hildegard-mueller-besucht-quantron-35380\\\/\"},\"wordCount\":614,\"image\":{\"@id\":\"https:\\\/\\\/www.krafthand.de\\\/truck\\\/artikel\\\/mehr-aktive-standortpolitik-hildegard-mueller-besucht-quantron-35380\\\/#primaryimage\"},\"thumbnailUrl\":\"https:\\\/\\\/static.krafthand-truck.de\\\/uploads\\\/2023\\\/03\\\/Quantron_Hildegard_Mueller_VDA.jpg\",\"keywords\":[\"Andreas Haller\",\"Hildegard M\u00fcller\",\"Quantron\",\"VDA\"],\"articleSection\":[\"K\u00f6pfe\\\/Personen\",\"Unternehmen\",\"Verb\u00e4nde\\\/Politik\\\/Recht\"],\"inLanguage\":\"de\"},{\"@type\":\"WebPage\",\"@id\":\"https:\\\/\\\/www.krafthand.de\\\/truck\\\/artikel\\\/mehr-aktive-standortpolitik-hildegard-mueller-besucht-quantron-35380\\\/\",\"url\":\"https:\\\/\\\/www.krafthand.de\\\/truck\\\/artikel\\\/mehr-aktive-standortpolitik-hildegard-mueller-besucht-quantron-35380\\\/\",\"name\":\"Mehr aktive Standortpolitik: Hildegard M\u00fcller besucht Quantron - Krafthand-Truck\",\"isPartOf\":{\"@id\":\"https:\\\/\\\/www.krafthand.de\\\/truck\\\/#website\"},\"primaryImageOfPage\":{\"@id\":\"https:\\\/\\\/www.krafthand.de\\\/truck\\\/artikel\\\/mehr-aktive-standortpolitik-hildegard-mueller-besucht-quantron-35380\\\/#primaryimage\"},\"image\":{\"@id\":\"https:\\\/\\\/www.krafthand.de\\\/truck\\\/artikel\\\/mehr-aktive-standortpolitik-hildegard-mueller-besucht-quantron-35380\\\/#primaryimage\"},\"thumbnailUrl\":\"https:\\\/\\\/static.krafthand-truck.de\\\/uploads\\\/2023\\\/03\\\/Quantron_Hildegard_Mueller_VDA.jpg\",\"datePublished\":\"2023-03-10T06:36:26+00:00\",\"dateModified\":\"2023-03-11T05:56:09+00:00\",\"author\":{\"@id\":\"https:\\\/\\\/www.krafthand.de\\\/truck\\\/#\\\/schema\\\/person\\\/51fa80b1c57034c4bf63f9f988fc24ce\"},\"description\":\"Am 9. M\u00e4rz besuchte Hildegard M\u00fcller, Pr\u00e4sidentin des Verbands der Automobilindustrie (VDA), die Quantron AG in Augsburg.\",\"breadcrumb\":{\"@id\":\"https:\\\/\\\/www.krafthand.de\\\/truck\\\/artikel\\\/mehr-aktive-standortpolitik-hildegard-mueller-besucht-quantron-35380\\\/#breadcrumb\"},\"inLanguage\":\"de\",\"potentialAction\":[{\"@type\":\"ReadAction\",\"target\":[\"https:\\\/\\\/www.krafthand.de\\\/truck\\\/artikel\\\/mehr-aktive-standortpolitik-hildegard-mueller-besucht-quantron-35380\\\/\"]}]},{\"@type\":\"ImageObject\",\"inLanguage\":\"de\",\"@id\":\"https:\\\/\\\/www.krafthand.de\\\/truck\\\/artikel\\\/mehr-aktive-standortpolitik-hildegard-mueller-besucht-quantron-35380\\\/#primaryimage\",\"url\":\"https:\\\/\\\/static.krafthand-truck.de\\\/uploads\\\/2023\\\/03\\\/Quantron_Hildegard_Mueller_VDA.jpg\",\"contentUrl\":\"https:\\\/\\\/static.krafthand-truck.de\\\/uploads\\\/2023\\\/03\\\/Quantron_Hildegard_Mueller_VDA.jpg\",\"width\":1200,\"height\":800},{\"@type\":\"BreadcrumbList\",\"@id\":\"https:\\\/\\\/www.krafthand.de\\\/truck\\\/artikel\\\/mehr-aktive-standortpolitik-hildegard-mueller-besucht-quantron-35380\\\/#breadcrumb\",\"itemListElement\":[{\"@type\":\"ListItem\",\"position\":1,\"name\":\"Krafthand-Truck\",\"item\":\"https:\\\/\\\/www.krafthand.de\\\/truck\\\/\"},{\"@type\":\"ListItem\",\"position\":2,\"name\":\"Nfz-Branche\",\"item\":\"https:\\\/\\\/www.krafthand.de\\\/truck\\\/kategorie\\\/branche\\\/\"},{\"@type\":\"ListItem\",\"position\":3,\"name\":\"K\u00f6pfe\\\/Personen\",\"item\":\"https:\\\/\\\/www.krafthand.de\\\/truck\\\/kategorie\\\/branche\\\/koepfe\\\/\"},{\"@type\":\"ListItem\",\"position\":4,\"name\":\"Mehr aktive Standortpolitik: Hildegard M\u00fcller besucht Quantron\"}]},{\"@type\":\"WebSite\",\"@id\":\"https:\\\/\\\/www.krafthand.de\\\/truck\\\/#website\",\"url\":\"https:\\\/\\\/www.krafthand.de\\\/truck\\\/\",\"name\":\"Krafthand-Truck\",\"description\":\"\",\"potentialAction\":[{\"@type\":\"SearchAction\",\"target\":{\"@type\":\"EntryPoint\",\"urlTemplate\":\"https:\\\/\\\/www.krafthand.de\\\/truck\\\/?s={search_term_string}\"},\"query-input\":{\"@type\":\"PropertyValueSpecification\",\"valueRequired\":true,\"valueName\":\"search_term_string\"}}],\"inLanguage\":\"de\"},{\"@type\":\"Person\",\"@id\":\"https:\\\/\\\/www.krafthand.de\\\/truck\\\/#\\\/schema\\\/person\\\/51fa80b1c57034c4bf63f9f988fc24ce\",\"name\":\"georg.blenk@krafthand-medien.de\",\"image\":{\"@type\":\"ImageObject\",\"inLanguage\":\"de\",\"@id\":\"https:\\\/\\\/secure.gravatar.com\\\/avatar\\\/93713c30affe0aa95d3a4130e499bb1abee2eb31adbdd9ce2aa1543538490215?s=96&d=mm&r=g\",\"url\":\"https:\\\/\\\/secure.gravatar.com\\\/avatar\\\/93713c30affe0aa95d3a4130e499bb1abee2eb31adbdd9ce2aa1543538490215?s=96&d=mm&r=g\",\"contentUrl\":\"https:\\\/\\\/secure.gravatar.com\\\/avatar\\\/93713c30affe0aa95d3a4130e499bb1abee2eb31adbdd9ce2aa1543538490215?s=96&d=mm&r=g\",\"caption\":\"georg.blenk@krafthand-medien.de\"}}]}<\/script>\n<!-- \/ Yoast SEO plugin. -->","yoast_head_json":{"title":"Mehr aktive Standortpolitik: Hildegard M\u00fcller besucht Quantron - Krafthand-Truck","description":"Am 9. M\u00e4rz besuchte Hildegard M\u00fcller, Pr\u00e4sidentin des Verbands der Automobilindustrie (VDA), die Quantron AG in Augsburg.","robots":{"index":"index","follow":"follow","max-snippet":"max-snippet:-1","max-image-preview":"max-image-preview:large","max-video-preview":"max-video-preview:-1"},"canonical":"https:\/\/www.krafthand.de\/truck\/artikel\/mehr-aktive-standortpolitik-hildegard-mueller-besucht-quantron-35380\/","og_locale":"de_DE","og_type":"article","og_title":"Mehr aktive Standortpolitik: Hildegard M\u00fcller besucht Quantron - Krafthand-Truck","og_description":"Am 9. M\u00e4rz besuchte Hildegard M\u00fcller, Pr\u00e4sidentin des Verbands der Automobilindustrie (VDA), die Quantron AG in Augsburg.","og_url":"https:\/\/www.krafthand-truck.de\/artikel\/mehr-aktive-standortpolitik-hildegard-mueller-besucht-quantron-35380\/","og_site_name":"Krafthand-Truck","article_published_time":"2023-03-10T06:36:26+00:00","article_modified_time":"2023-03-11T05:56:09+00:00","og_image":[{"width":1200,"height":800,"url":"https:\/\/static.krafthand-truck.de\/uploads\/2023\/03\/Quantron_Hildegard_Mueller_VDA.jpg","type":"image\/jpeg"}],"author":"georg.blenk@krafthand-medien.de","twitter_card":"summary_large_image","twitter_misc":{"Verfasst von":"georg.blenk@krafthand-medien.de","Gesch\u00e4tzte Lesezeit":"4\u00a0Minuten"},"schema":{"@context":"https:\/\/schema.org","@graph":[{"@type":"Article","@id":"https:\/\/www.krafthand.de\/truck\/artikel\/mehr-aktive-standortpolitik-hildegard-mueller-besucht-quantron-35380\/#article","isPartOf":{"@id":"https:\/\/www.krafthand.de\/truck\/artikel\/mehr-aktive-standortpolitik-hildegard-mueller-besucht-quantron-35380\/"},"author":{"name":"georg.blenk@krafthand-medien.de","@id":"https:\/\/www.krafthand.de\/truck\/#\/schema\/person\/51fa80b1c57034c4bf63f9f988fc24ce"},"headline":"Mehr aktive Standortpolitik: Hildegard M\u00fcller besucht Quantron","datePublished":"2023-03-10T06:36:26+00:00","dateModified":"2023-03-11T05:56:09+00:00","mainEntityOfPage":{"@id":"https:\/\/www.krafthand.de\/truck\/artikel\/mehr-aktive-standortpolitik-hildegard-mueller-besucht-quantron-35380\/"},"wordCount":614,"image":{"@id":"https:\/\/www.krafthand.de\/truck\/artikel\/mehr-aktive-standortpolitik-hildegard-mueller-besucht-quantron-35380\/#primaryimage"},"thumbnailUrl":"https:\/\/static.krafthand-truck.de\/uploads\/2023\/03\/Quantron_Hildegard_Mueller_VDA.jpg","keywords":["Andreas Haller","Hildegard M\u00fcller","Quantron","VDA"],"articleSection":["K\u00f6pfe\/Personen","Unternehmen","Verb\u00e4nde\/Politik\/Recht"],"inLanguage":"de"},{"@type":"WebPage","@id":"https:\/\/www.krafthand.de\/truck\/artikel\/mehr-aktive-standortpolitik-hildegard-mueller-besucht-quantron-35380\/","url":"https:\/\/www.krafthand.de\/truck\/artikel\/mehr-aktive-standortpolitik-hildegard-mueller-besucht-quantron-35380\/","name":"Mehr aktive Standortpolitik: Hildegard M\u00fcller besucht Quantron - Krafthand-Truck","isPartOf":{"@id":"https:\/\/www.krafthand.de\/truck\/#website"},"primaryImageOfPage":{"@id":"https:\/\/www.krafthand.de\/truck\/artikel\/mehr-aktive-standortpolitik-hildegard-mueller-besucht-quantron-35380\/#primaryimage"},"image":{"@id":"https:\/\/www.krafthand.de\/truck\/artikel\/mehr-aktive-standortpolitik-hildegard-mueller-besucht-quantron-35380\/#primaryimage"},"thumbnailUrl":"https:\/\/static.krafthand-truck.de\/uploads\/2023\/03\/Quantron_Hildegard_Mueller_VDA.jpg","datePublished":"2023-03-10T06:36:26+00:00","dateModified":"2023-03-11T05:56:09+00:00","author":{"@id":"https:\/\/www.krafthand.de\/truck\/#\/schema\/person\/51fa80b1c57034c4bf63f9f988fc24ce"},"description":"Am 9. M\u00e4rz besuchte Hildegard M\u00fcller, Pr\u00e4sidentin des Verbands der Automobilindustrie (VDA), die Quantron AG in Augsburg.","breadcrumb":{"@id":"https:\/\/www.krafthand.de\/truck\/artikel\/mehr-aktive-standortpolitik-hildegard-mueller-besucht-quantron-35380\/#breadcrumb"},"inLanguage":"de","potentialAction":[{"@type":"ReadAction","target":["https:\/\/www.krafthand.de\/truck\/artikel\/mehr-aktive-standortpolitik-hildegard-mueller-besucht-quantron-35380\/"]}]},{"@type":"ImageObject","inLanguage":"de","@id":"https:\/\/www.krafthand.de\/truck\/artikel\/mehr-aktive-standortpolitik-hildegard-mueller-besucht-quantron-35380\/#primaryimage","url":"https:\/\/static.krafthand-truck.de\/uploads\/2023\/03\/Quantron_Hildegard_Mueller_VDA.jpg","contentUrl":"https:\/\/static.krafthand-truck.de\/uploads\/2023\/03\/Quantron_Hildegard_Mueller_VDA.jpg","width":1200,"height":800},{"@type":"BreadcrumbList","@id":"https:\/\/www.krafthand.de\/truck\/artikel\/mehr-aktive-standortpolitik-hildegard-mueller-besucht-quantron-35380\/#breadcrumb","itemListElement":[{"@type":"ListItem","position":1,"name":"Krafthand-Truck","item":"https:\/\/www.krafthand.de\/truck\/"},{"@type":"ListItem","position":2,"name":"Nfz-Branche","item":"https:\/\/www.krafthand.de\/truck\/kategorie\/branche\/"},{"@type":"ListItem","position":3,"name":"K\u00f6pfe\/Personen","item":"https:\/\/www.krafthand.de\/truck\/kategorie\/branche\/koepfe\/"},{"@type":"ListItem","position":4,"name":"Mehr aktive Standortpolitik: Hildegard M\u00fcller besucht Quantron"}]},{"@type":"WebSite","@id":"https:\/\/www.krafthand.de\/truck\/#website","url":"https:\/\/www.krafthand.de\/truck\/","name":"Krafthand-Truck","description":"","potentialAction":[{"@type":"SearchAction","target":{"@type":"EntryPoint","urlTemplate":"https:\/\/www.krafthand.de\/truck\/?s={search_term_string}"},"query-input":{"@type":"PropertyValueSpecification","valueRequired":true,"valueName":"search_term_string"}}],"inLanguage":"de"},{"@type":"Person","@id":"https:\/\/www.krafthand.de\/truck\/#\/schema\/person\/51fa80b1c57034c4bf63f9f988fc24ce","name":"georg.blenk@krafthand-medien.de","image":{"@type":"ImageObject","inLanguage":"de","@id":"https:\/\/secure.gravatar.com\/avatar\/93713c30affe0aa95d3a4130e499bb1abee2eb31adbdd9ce2aa1543538490215?s=96&d=mm&r=g","url":"https:\/\/secure.gravatar.com\/avatar\/93713c30affe0aa95d3a4130e499bb1abee2eb31adbdd9ce2aa1543538490215?s=96&d=mm&r=g","contentUrl":"https:\/\/secure.gravatar.com\/avatar\/93713c30affe0aa95d3a4130e499bb1abee2eb31adbdd9ce2aa1543538490215?s=96&d=mm&r=g","caption":"georg.blenk@krafthand-medien.de"}}]}},"_links":{"self":[{"href":"https:\/\/www.krafthand.de\/truck\/wp-json\/wp\/v2\/posts\/35380","targetHints":{"allow":["GET"]}}],"collection":[{"href":"https:\/\/www.krafthand.de\/truck\/wp-json\/wp\/v2\/posts"}],"about":[{"href":"https:\/\/www.krafthand.de\/truck\/wp-json\/wp\/v2\/types\/post"}],"author":[{"embeddable":true,"href":"https:\/\/www.krafthand.de\/truck\/wp-json\/wp\/v2\/users\/9"}],"replies":[{"embeddable":true,"href":"https:\/\/www.krafthand.de\/truck\/wp-json\/wp\/v2\/comments?post=35380"}],"version-history":[{"count":11,"href":"https:\/\/www.krafthand.de\/truck\/wp-json\/wp\/v2\/posts\/35380\/revisions"}],"predecessor-version":[{"id":35393,"href":"https:\/\/www.krafthand.de\/truck\/wp-json\/wp\/v2\/posts\/35380\/revisions\/35393"}],"wp:featuredmedia":[{"embeddable":true,"href":"https:\/\/www.krafthand.de\/truck\/wp-json\/wp\/v2\/media\/35382"}],"wp:attachment":[{"href":"https:\/\/www.krafthand.de\/truck\/wp-json\/wp\/v2\/media?parent=35380"}],"wp:term":[{"taxonomy":"category","embeddable":true,"href":"https:\/\/www.krafthand.de\/truck\/wp-json\/wp\/v2\/categories?post=35380"},{"taxonomy":"post_tag","embeddable":true,"href":"https:\/\/www.krafthand.de\/truck\/wp-json\/wp\/v2\/tags?post=35380"},{"taxonomy":"settings","embeddable":true,"href":"https:\/\/www.krafthand.de\/truck\/wp-json\/wp\/v2\/settings?post=35380"}],"curies":[{"name":"wp","href":"https:\/\/api.w.org\/{rel}","templated":true}]}}