{"id":35366,"date":"2023-03-09T11:14:59","date_gmt":"2023-03-09T10:14:59","guid":{"rendered":"https:\/\/www.krafthand.de\/truck\/?p=35366"},"modified":"2023-03-09T11:22:20","modified_gmt":"2023-03-09T10:22:20","slug":"volta-trucks-martin-hofmann-wird-chief-technology-and-information-officer","status":"publish","type":"post","link":"https:\/\/www.krafthand.de\/truck\/artikel\/volta-trucks-martin-hofmann-wird-chief-technology-and-information-officer-35366\/","title":{"rendered":"Volta-Trucks: Martin Hofmann wird Chief Technology and Information Officer"},"content":{"rendered":"<p>Volta-Trucks, Hersteller und Dienstleister f\u00fcr vollelektrische Nutzfahrzeuge hat Dr. Martin Hofmann mit Wirkung zum 1. Mai 2023 zum Chief Technology and Information Officer ernannt. Zuletzt war Hofmann Senior Vice President bei Salesforce. Davor bekleidete er als Group Chief Information Officer der Volkswagen Gruppe unterschiedliche Rollen.<\/p>\n<p>Unter Martin Hofmanns F\u00fchrung begann der Volkswagen-Konzern seine digitale Transformation und die Vernetzung von Fahrzeugen und Fabriken \u00fcber die Cloud. Martin Hofmann baute au\u00dferdem mehrere Softwareentwicklungs- und Technologiezentren f\u00fcr Volkswagen in Portugal, Spanien, Indien und im Silicon Valley auf. Unter seiner Leitung war Volkswagen das erste Unternehmen, das drei US-Patente im Bereich des angewandten Quanten-Computings erhielt, davon eines zur Mobilit\u00e4tsoptimierung.<\/p>\n<p>In seiner Funktion als Chief Technology and Information Officer berichtet Martin Hofmann zuk\u00fcnftig an den Chief Executive Officer von <a href=\"https:\/\/voltatrucks.com\/de\/\" target=\"_blank\" rel=\"noopener\">Volta Trucks<\/a>, Essa Al-Saleh. Zu seinen Aufgaben geh\u00f6rt unter anderem die strategische F\u00fchrung der Unternehmensvision f\u00fcr digitale Kundendienste und f\u00fcr den IT-Betrieb.<\/p>\n","protected":false},"excerpt":{"rendered":"<p>Volta-Trucks, Hersteller und Dienstleister f\u00fcr vollelektrische Nutzfahrzeuge hat Dr. Martin Hofmann mit Wirkung zum 1. Mai 2023 zum Chief Technology and Information Officer ernannt.\u00a0Zuletzt war Hofmann Senior Vice President bei Salesforce. Davor bekleidete er als Group Chief Information Officer der Volkswagen Gruppe unterschiedliche Rollen. <span class=\"excerpt-more__dots\">&#8230;<\/span> <a class=\"excerpt-more__link\" href=\"https:\/\/www.krafthand.de\/truck\/artikel\/volta-trucks-martin-hofmann-wird-chief-technology-and-information-officer-35366\/\" >weiter<\/a><\/p>\n","protected":false},"author":9,"featured_media":35368,"comment_status":"closed","ping_status":"closed","sticky":false,"template":"","format":"standard","meta":{"footnotes":""},"categories":[4238],"tags":[5556,4176],"settings":[],"class_list":["post-35366","post","type-post","status-publish","format-standard","has-post-thumbnail","hentry","category-koepfe","tag-martin-hofmann","tag-volta-trucks"],"yoast_head":"<!-- This site is optimized with the Yoast SEO plugin v27.3 - https:\/\/yoast.com\/product\/yoast-seo-wordpress\/ -->\n<title>Volta-Trucks: Martin Hofmann wird Chief Technology and Information Officer - Krafthand-Truck<\/title>\n<meta name=\"description\" content=\"Volta-Trucks hat Dr. Martin Hofmann mit Wirkung zum 1. Mai 2023 zum Chief Technology and Information Officer ernannt.\" \/>\n<meta name=\"robots\" content=\"index, follow, max-snippet:-1, max-image-preview:large, max-video-preview:-1\" \/>\n<link rel=\"canonical\" href=\"https:\/\/www.krafthand.de\/truck\/artikel\/volta-trucks-martin-hofmann-wird-chief-technology-and-information-officer-35366\/\" \/>\n<meta property=\"og:locale\" content=\"de_DE\" \/>\n<meta property=\"og:type\" content=\"article\" \/>\n<meta property=\"og:title\" content=\"Volta-Trucks: Martin Hofmann wird Chief Technology and Information Officer - Krafthand-Truck\" \/>\n<meta property=\"og:description\" content=\"Volta-Trucks hat Dr. Martin Hofmann mit Wirkung zum 1. Mai 2023 zum Chief Technology and Information Officer ernannt.\" \/>\n<meta property=\"og:url\" content=\"https:\/\/www.krafthand-truck.de\/artikel\/volta-trucks-martin-hofmann-wird-chief-technology-and-information-officer-35366\/\" \/>\n<meta property=\"og:site_name\" content=\"Krafthand-Truck\" \/>\n<meta property=\"article:published_time\" content=\"2023-03-09T10:14:59+00:00\" \/>\n<meta property=\"article:modified_time\" content=\"2023-03-09T10:22:20+00:00\" \/>\n<meta property=\"og:image\" content=\"https:\/\/static.krafthand-truck.de\/uploads\/2023\/03\/Volta_Trucks_Martin-Hofmann.jpg\" \/>\n\t<meta property=\"og:image:width\" content=\"800\" \/>\n\t<meta property=\"og:image:height\" content=\"752\" \/>\n\t<meta property=\"og:image:type\" content=\"image\/jpeg\" \/>\n<meta name=\"author\" content=\"georg.blenk@krafthand-medien.de\" \/>\n<meta name=\"twitter:card\" content=\"summary_large_image\" \/>\n<meta name=\"twitter:label1\" content=\"Verfasst von\" \/>\n\t<meta name=\"twitter:data1\" content=\"georg.blenk@krafthand-medien.de\" \/>\n\t<meta name=\"twitter:label2\" content=\"Gesch\u00e4tzte Lesezeit\" \/>\n\t<meta name=\"twitter:data2\" content=\"1\u00a0Minute\" \/>\n<script type=\"application\/ld+json\" class=\"yoast-schema-graph\">{\"@context\":\"https:\\\/\\\/schema.org\",\"@graph\":[{\"@type\":\"Article\",\"@id\":\"https:\\\/\\\/www.krafthand.de\\\/truck\\\/artikel\\\/volta-trucks-martin-hofmann-wird-chief-technology-and-information-officer-35366\\\/#article\",\"isPartOf\":{\"@id\":\"https:\\\/\\\/www.krafthand.de\\\/truck\\\/artikel\\\/volta-trucks-martin-hofmann-wird-chief-technology-and-information-officer-35366\\\/\"},\"author\":{\"name\":\"georg.blenk@krafthand-medien.de\",\"@id\":\"https:\\\/\\\/www.krafthand.de\\\/truck\\\/#\\\/schema\\\/person\\\/51fa80b1c57034c4bf63f9f988fc24ce\"},\"headline\":\"Volta-Trucks: Martin Hofmann wird Chief Technology and Information Officer\",\"datePublished\":\"2023-03-09T10:14:59+00:00\",\"dateModified\":\"2023-03-09T10:22:20+00:00\",\"mainEntityOfPage\":{\"@id\":\"https:\\\/\\\/www.krafthand.de\\\/truck\\\/artikel\\\/volta-trucks-martin-hofmann-wird-chief-technology-and-information-officer-35366\\\/\"},\"wordCount\":163,\"image\":{\"@id\":\"https:\\\/\\\/www.krafthand.de\\\/truck\\\/artikel\\\/volta-trucks-martin-hofmann-wird-chief-technology-and-information-officer-35366\\\/#primaryimage\"},\"thumbnailUrl\":\"https:\\\/\\\/static.krafthand-truck.de\\\/uploads\\\/2023\\\/03\\\/Volta_Trucks_Martin-Hofmann.jpg\",\"keywords\":[\"Martin Hofmann\",\"Volta-Trucks\"],\"articleSection\":[\"K\u00f6pfe\\\/Personen\"],\"inLanguage\":\"de\"},{\"@type\":\"WebPage\",\"@id\":\"https:\\\/\\\/www.krafthand.de\\\/truck\\\/artikel\\\/volta-trucks-martin-hofmann-wird-chief-technology-and-information-officer-35366\\\/\",\"url\":\"https:\\\/\\\/www.krafthand.de\\\/truck\\\/artikel\\\/volta-trucks-martin-hofmann-wird-chief-technology-and-information-officer-35366\\\/\",\"name\":\"Volta-Trucks: Martin Hofmann wird Chief Technology and Information Officer - Krafthand-Truck\",\"isPartOf\":{\"@id\":\"https:\\\/\\\/www.krafthand.de\\\/truck\\\/#website\"},\"primaryImageOfPage\":{\"@id\":\"https:\\\/\\\/www.krafthand.de\\\/truck\\\/artikel\\\/volta-trucks-martin-hofmann-wird-chief-technology-and-information-officer-35366\\\/#primaryimage\"},\"image\":{\"@id\":\"https:\\\/\\\/www.krafthand.de\\\/truck\\\/artikel\\\/volta-trucks-martin-hofmann-wird-chief-technology-and-information-officer-35366\\\/#primaryimage\"},\"thumbnailUrl\":\"https:\\\/\\\/static.krafthand-truck.de\\\/uploads\\\/2023\\\/03\\\/Volta_Trucks_Martin-Hofmann.jpg\",\"datePublished\":\"2023-03-09T10:14:59+00:00\",\"dateModified\":\"2023-03-09T10:22:20+00:00\",\"author\":{\"@id\":\"https:\\\/\\\/www.krafthand.de\\\/truck\\\/#\\\/schema\\\/person\\\/51fa80b1c57034c4bf63f9f988fc24ce\"},\"description\":\"Volta-Trucks hat Dr. Martin Hofmann mit Wirkung zum 1. Mai 2023 zum Chief Technology and Information Officer ernannt.\",\"breadcrumb\":{\"@id\":\"https:\\\/\\\/www.krafthand.de\\\/truck\\\/artikel\\\/volta-trucks-martin-hofmann-wird-chief-technology-and-information-officer-35366\\\/#breadcrumb\"},\"inLanguage\":\"de\",\"potentialAction\":[{\"@type\":\"ReadAction\",\"target\":[\"https:\\\/\\\/www.krafthand.de\\\/truck\\\/artikel\\\/volta-trucks-martin-hofmann-wird-chief-technology-and-information-officer-35366\\\/\"]}]},{\"@type\":\"ImageObject\",\"inLanguage\":\"de\",\"@id\":\"https:\\\/\\\/www.krafthand.de\\\/truck\\\/artikel\\\/volta-trucks-martin-hofmann-wird-chief-technology-and-information-officer-35366\\\/#primaryimage\",\"url\":\"https:\\\/\\\/static.krafthand-truck.de\\\/uploads\\\/2023\\\/03\\\/Volta_Trucks_Martin-Hofmann.jpg\",\"contentUrl\":\"https:\\\/\\\/static.krafthand-truck.de\\\/uploads\\\/2023\\\/03\\\/Volta_Trucks_Martin-Hofmann.jpg\",\"width\":800,\"height\":752},{\"@type\":\"BreadcrumbList\",\"@id\":\"https:\\\/\\\/www.krafthand.de\\\/truck\\\/artikel\\\/volta-trucks-martin-hofmann-wird-chief-technology-and-information-officer-35366\\\/#breadcrumb\",\"itemListElement\":[{\"@type\":\"ListItem\",\"position\":1,\"name\":\"Krafthand-Truck\",\"item\":\"https:\\\/\\\/www.krafthand.de\\\/truck\\\/\"},{\"@type\":\"ListItem\",\"position\":2,\"name\":\"Nfz-Branche\",\"item\":\"https:\\\/\\\/www.krafthand.de\\\/truck\\\/kategorie\\\/branche\\\/\"},{\"@type\":\"ListItem\",\"position\":3,\"name\":\"K\u00f6pfe\\\/Personen\",\"item\":\"https:\\\/\\\/www.krafthand.de\\\/truck\\\/kategorie\\\/branche\\\/koepfe\\\/\"},{\"@type\":\"ListItem\",\"position\":4,\"name\":\"Volta-Trucks: Martin Hofmann wird Chief Technology and Information Officer\"}]},{\"@type\":\"WebSite\",\"@id\":\"https:\\\/\\\/www.krafthand.de\\\/truck\\\/#website\",\"url\":\"https:\\\/\\\/www.krafthand.de\\\/truck\\\/\",\"name\":\"Krafthand-Truck\",\"description\":\"\",\"potentialAction\":[{\"@type\":\"SearchAction\",\"target\":{\"@type\":\"EntryPoint\",\"urlTemplate\":\"https:\\\/\\\/www.krafthand.de\\\/truck\\\/?s={search_term_string}\"},\"query-input\":{\"@type\":\"PropertyValueSpecification\",\"valueRequired\":true,\"valueName\":\"search_term_string\"}}],\"inLanguage\":\"de\"},{\"@type\":\"Person\",\"@id\":\"https:\\\/\\\/www.krafthand.de\\\/truck\\\/#\\\/schema\\\/person\\\/51fa80b1c57034c4bf63f9f988fc24ce\",\"name\":\"georg.blenk@krafthand-medien.de\",\"image\":{\"@type\":\"ImageObject\",\"inLanguage\":\"de\",\"@id\":\"https:\\\/\\\/secure.gravatar.com\\\/avatar\\\/93713c30affe0aa95d3a4130e499bb1abee2eb31adbdd9ce2aa1543538490215?s=96&d=mm&r=g\",\"url\":\"https:\\\/\\\/secure.gravatar.com\\\/avatar\\\/93713c30affe0aa95d3a4130e499bb1abee2eb31adbdd9ce2aa1543538490215?s=96&d=mm&r=g\",\"contentUrl\":\"https:\\\/\\\/secure.gravatar.com\\\/avatar\\\/93713c30affe0aa95d3a4130e499bb1abee2eb31adbdd9ce2aa1543538490215?s=96&d=mm&r=g\",\"caption\":\"georg.blenk@krafthand-medien.de\"}}]}<\/script>\n<!-- \/ Yoast SEO plugin. -->","yoast_head_json":{"title":"Volta-Trucks: Martin Hofmann wird Chief Technology and Information Officer - Krafthand-Truck","description":"Volta-Trucks hat Dr. Martin Hofmann mit Wirkung zum 1. Mai 2023 zum Chief Technology and Information Officer ernannt.","robots":{"index":"index","follow":"follow","max-snippet":"max-snippet:-1","max-image-preview":"max-image-preview:large","max-video-preview":"max-video-preview:-1"},"canonical":"https:\/\/www.krafthand.de\/truck\/artikel\/volta-trucks-martin-hofmann-wird-chief-technology-and-information-officer-35366\/","og_locale":"de_DE","og_type":"article","og_title":"Volta-Trucks: Martin Hofmann wird Chief Technology and Information Officer - Krafthand-Truck","og_description":"Volta-Trucks hat Dr. Martin Hofmann mit Wirkung zum 1. Mai 2023 zum Chief Technology and Information Officer ernannt.","og_url":"https:\/\/www.krafthand-truck.de\/artikel\/volta-trucks-martin-hofmann-wird-chief-technology-and-information-officer-35366\/","og_site_name":"Krafthand-Truck","article_published_time":"2023-03-09T10:14:59+00:00","article_modified_time":"2023-03-09T10:22:20+00:00","og_image":[{"width":800,"height":752,"url":"https:\/\/static.krafthand-truck.de\/uploads\/2023\/03\/Volta_Trucks_Martin-Hofmann.jpg","type":"image\/jpeg"}],"author":"georg.blenk@krafthand-medien.de","twitter_card":"summary_large_image","twitter_misc":{"Verfasst von":"georg.blenk@krafthand-medien.de","Gesch\u00e4tzte Lesezeit":"1\u00a0Minute"},"schema":{"@context":"https:\/\/schema.org","@graph":[{"@type":"Article","@id":"https:\/\/www.krafthand.de\/truck\/artikel\/volta-trucks-martin-hofmann-wird-chief-technology-and-information-officer-35366\/#article","isPartOf":{"@id":"https:\/\/www.krafthand.de\/truck\/artikel\/volta-trucks-martin-hofmann-wird-chief-technology-and-information-officer-35366\/"},"author":{"name":"georg.blenk@krafthand-medien.de","@id":"https:\/\/www.krafthand.de\/truck\/#\/schema\/person\/51fa80b1c57034c4bf63f9f988fc24ce"},"headline":"Volta-Trucks: Martin Hofmann wird Chief Technology and Information Officer","datePublished":"2023-03-09T10:14:59+00:00","dateModified":"2023-03-09T10:22:20+00:00","mainEntityOfPage":{"@id":"https:\/\/www.krafthand.de\/truck\/artikel\/volta-trucks-martin-hofmann-wird-chief-technology-and-information-officer-35366\/"},"wordCount":163,"image":{"@id":"https:\/\/www.krafthand.de\/truck\/artikel\/volta-trucks-martin-hofmann-wird-chief-technology-and-information-officer-35366\/#primaryimage"},"thumbnailUrl":"https:\/\/static.krafthand-truck.de\/uploads\/2023\/03\/Volta_Trucks_Martin-Hofmann.jpg","keywords":["Martin Hofmann","Volta-Trucks"],"articleSection":["K\u00f6pfe\/Personen"],"inLanguage":"de"},{"@type":"WebPage","@id":"https:\/\/www.krafthand.de\/truck\/artikel\/volta-trucks-martin-hofmann-wird-chief-technology-and-information-officer-35366\/","url":"https:\/\/www.krafthand.de\/truck\/artikel\/volta-trucks-martin-hofmann-wird-chief-technology-and-information-officer-35366\/","name":"Volta-Trucks: Martin Hofmann wird Chief Technology and Information Officer - Krafthand-Truck","isPartOf":{"@id":"https:\/\/www.krafthand.de\/truck\/#website"},"primaryImageOfPage":{"@id":"https:\/\/www.krafthand.de\/truck\/artikel\/volta-trucks-martin-hofmann-wird-chief-technology-and-information-officer-35366\/#primaryimage"},"image":{"@id":"https:\/\/www.krafthand.de\/truck\/artikel\/volta-trucks-martin-hofmann-wird-chief-technology-and-information-officer-35366\/#primaryimage"},"thumbnailUrl":"https:\/\/static.krafthand-truck.de\/uploads\/2023\/03\/Volta_Trucks_Martin-Hofmann.jpg","datePublished":"2023-03-09T10:14:59+00:00","dateModified":"2023-03-09T10:22:20+00:00","author":{"@id":"https:\/\/www.krafthand.de\/truck\/#\/schema\/person\/51fa80b1c57034c4bf63f9f988fc24ce"},"description":"Volta-Trucks hat Dr. Martin Hofmann mit Wirkung zum 1. Mai 2023 zum Chief Technology and Information Officer ernannt.","breadcrumb":{"@id":"https:\/\/www.krafthand.de\/truck\/artikel\/volta-trucks-martin-hofmann-wird-chief-technology-and-information-officer-35366\/#breadcrumb"},"inLanguage":"de","potentialAction":[{"@type":"ReadAction","target":["https:\/\/www.krafthand.de\/truck\/artikel\/volta-trucks-martin-hofmann-wird-chief-technology-and-information-officer-35366\/"]}]},{"@type":"ImageObject","inLanguage":"de","@id":"https:\/\/www.krafthand.de\/truck\/artikel\/volta-trucks-martin-hofmann-wird-chief-technology-and-information-officer-35366\/#primaryimage","url":"https:\/\/static.krafthand-truck.de\/uploads\/2023\/03\/Volta_Trucks_Martin-Hofmann.jpg","contentUrl":"https:\/\/static.krafthand-truck.de\/uploads\/2023\/03\/Volta_Trucks_Martin-Hofmann.jpg","width":800,"height":752},{"@type":"BreadcrumbList","@id":"https:\/\/www.krafthand.de\/truck\/artikel\/volta-trucks-martin-hofmann-wird-chief-technology-and-information-officer-35366\/#breadcrumb","itemListElement":[{"@type":"ListItem","position":1,"name":"Krafthand-Truck","item":"https:\/\/www.krafthand.de\/truck\/"},{"@type":"ListItem","position":2,"name":"Nfz-Branche","item":"https:\/\/www.krafthand.de\/truck\/kategorie\/branche\/"},{"@type":"ListItem","position":3,"name":"K\u00f6pfe\/Personen","item":"https:\/\/www.krafthand.de\/truck\/kategorie\/branche\/koepfe\/"},{"@type":"ListItem","position":4,"name":"Volta-Trucks: Martin Hofmann wird Chief Technology and Information Officer"}]},{"@type":"WebSite","@id":"https:\/\/www.krafthand.de\/truck\/#website","url":"https:\/\/www.krafthand.de\/truck\/","name":"Krafthand-Truck","description":"","potentialAction":[{"@type":"SearchAction","target":{"@type":"EntryPoint","urlTemplate":"https:\/\/www.krafthand.de\/truck\/?s={search_term_string}"},"query-input":{"@type":"PropertyValueSpecification","valueRequired":true,"valueName":"search_term_string"}}],"inLanguage":"de"},{"@type":"Person","@id":"https:\/\/www.krafthand.de\/truck\/#\/schema\/person\/51fa80b1c57034c4bf63f9f988fc24ce","name":"georg.blenk@krafthand-medien.de","image":{"@type":"ImageObject","inLanguage":"de","@id":"https:\/\/secure.gravatar.com\/avatar\/93713c30affe0aa95d3a4130e499bb1abee2eb31adbdd9ce2aa1543538490215?s=96&d=mm&r=g","url":"https:\/\/secure.gravatar.com\/avatar\/93713c30affe0aa95d3a4130e499bb1abee2eb31adbdd9ce2aa1543538490215?s=96&d=mm&r=g","contentUrl":"https:\/\/secure.gravatar.com\/avatar\/93713c30affe0aa95d3a4130e499bb1abee2eb31adbdd9ce2aa1543538490215?s=96&d=mm&r=g","caption":"georg.blenk@krafthand-medien.de"}}]}},"_links":{"self":[{"href":"https:\/\/www.krafthand.de\/truck\/wp-json\/wp\/v2\/posts\/35366","targetHints":{"allow":["GET"]}}],"collection":[{"href":"https:\/\/www.krafthand.de\/truck\/wp-json\/wp\/v2\/posts"}],"about":[{"href":"https:\/\/www.krafthand.de\/truck\/wp-json\/wp\/v2\/types\/post"}],"author":[{"embeddable":true,"href":"https:\/\/www.krafthand.de\/truck\/wp-json\/wp\/v2\/users\/9"}],"replies":[{"embeddable":true,"href":"https:\/\/www.krafthand.de\/truck\/wp-json\/wp\/v2\/comments?post=35366"}],"version-history":[{"count":4,"href":"https:\/\/www.krafthand.de\/truck\/wp-json\/wp\/v2\/posts\/35366\/revisions"}],"predecessor-version":[{"id":35371,"href":"https:\/\/www.krafthand.de\/truck\/wp-json\/wp\/v2\/posts\/35366\/revisions\/35371"}],"wp:featuredmedia":[{"embeddable":true,"href":"https:\/\/www.krafthand.de\/truck\/wp-json\/wp\/v2\/media\/35368"}],"wp:attachment":[{"href":"https:\/\/www.krafthand.de\/truck\/wp-json\/wp\/v2\/media?parent=35366"}],"wp:term":[{"taxonomy":"category","embeddable":true,"href":"https:\/\/www.krafthand.de\/truck\/wp-json\/wp\/v2\/categories?post=35366"},{"taxonomy":"post_tag","embeddable":true,"href":"https:\/\/www.krafthand.de\/truck\/wp-json\/wp\/v2\/tags?post=35366"},{"taxonomy":"settings","embeddable":true,"href":"https:\/\/www.krafthand.de\/truck\/wp-json\/wp\/v2\/settings?post=35366"}],"curies":[{"name":"wp","href":"https:\/\/api.w.org\/{rel}","templated":true}]}}