{"id":35350,"date":"2023-03-09T10:43:54","date_gmt":"2023-03-09T09:43:54","guid":{"rendered":"https:\/\/www.krafthand.de\/truck\/?p=35350"},"modified":"2023-03-17T12:34:10","modified_gmt":"2023-03-17T11:34:10","slug":"veraenderung-in-der-maha-geschaeftsfuehrung-stefan-fuchs-legt-amt-nieder","status":"publish","type":"post","link":"https:\/\/www.krafthand.de\/truck\/artikel\/veraenderung-in-der-maha-geschaeftsfuehrung-stefan-fuchs-legt-amt-nieder-35350\/","title":{"rendered":"MAHA: Stefan Fuchs legt Amt als Gesch\u00e4ftsf\u00fchrer nieder"},"content":{"rendered":"<p>Nach der letzten Beiratssitzung der MAHA-Group informierte Gesch\u00e4ftsf\u00fchrer Stefan Fuchs den Beirat sowie den Stiftungsrat dar\u00fcber, dass er seine Gesch\u00e4ftsf\u00fchrert\u00e4tigkeit mit Wirkung zum 12.04.2023 niederlegen wird.<\/p>\n<p>Fuchs habe die MAHA-Group nach Aufnahme seiner Gesch\u00e4ftsf\u00fchrert\u00e4tigkeit am 12. April 2018, in einer wirtschaftlich sehr schwierigen Situation erfolgreich konsolidiert und weiterentwickelt, so eine Unternehmenssprecherin. Anfangs habe er als alleiniger Gesch\u00e4ftsf\u00fchrer alle Bereiche verantwortet und notwendige Ver\u00e4nderungen eingeleitet und umgesetzt. Gemeinsam mit seinen Co-Gesch\u00e4ftsf\u00fchrern wurden diese Ma\u00dfnahmen laut <a href=\"https:\/\/www.maha.de\/de\" target=\"_blank\" rel=\"noopener\">MAHA<\/a> stetig optimiert. MAHA etablierte sich demnach wieder zu einem wirtschaftlich erfolgreichen Unternehmen.<\/p>\n<p>Schon bei seinem Amtsantritt betonte Fuchs, dass er die Gesch\u00e4ftsf\u00fchrert\u00e4tigkeit h\u00f6chstens f\u00fcnf Jahre aus\u00fcben m\u00f6chte. Die von Stefan Fuchs verantworteten Gesch\u00e4ftsbereiche werden auf die beiden Gesch\u00e4ftsf\u00fchrer Michael Amann und Dr. Peter Geigle \u00fcbertragen.<\/p>\n","protected":false},"excerpt":{"rendered":"<p>Nach der letzten Beiratssitzung der MAHA-Group informierte Gesch\u00e4ftsf\u00fchrer Stefan Fuchs den Beirat sowie den Stiftungsrat dar\u00fcber, dass er seine Gesch\u00e4ftsf\u00fchrert\u00e4tigkeit mit Wirkung zum 12.04.2023 niederlegen wird. <span class=\"excerpt-more__dots\">&#8230;<\/span> <a class=\"excerpt-more__link\" href=\"https:\/\/www.krafthand.de\/truck\/artikel\/veraenderung-in-der-maha-geschaeftsfuehrung-stefan-fuchs-legt-amt-nieder-35350\/\" >weiter<\/a><\/p>\n","protected":false},"author":9,"featured_media":35351,"comment_status":"closed","ping_status":"closed","sticky":false,"template":"","format":"standard","meta":{"footnotes":""},"categories":[4238],"tags":[395,5555],"settings":[3523],"class_list":["post-35350","post","type-post","status-publish","format-standard","has-post-thumbnail","hentry","category-koepfe","tag-maha","tag-stefan-fuchs"],"yoast_head":"<!-- This site is optimized with the Yoast SEO plugin v27.3 - https:\/\/yoast.com\/product\/yoast-seo-wordpress\/ -->\n<title>MAHA: Stefan Fuchs legt Amt als Gesch\u00e4ftsf\u00fchrer nieder - Krafthand-Truck<\/title>\n<meta name=\"description\" content=\"Stefan Fuchs legt seine Gesch\u00e4ftsf\u00fchrert\u00e4tigkeit bei der MAHA-Group mit Wirkung zum 12.04.2023 nieder.\" \/>\n<meta name=\"robots\" content=\"index, follow, max-snippet:-1, max-image-preview:large, max-video-preview:-1\" \/>\n<link rel=\"canonical\" href=\"https:\/\/www.krafthand.de\/truck\/artikel\/veraenderung-in-der-maha-geschaeftsfuehrung-stefan-fuchs-legt-amt-nieder-35350\/\" \/>\n<meta property=\"og:locale\" content=\"de_DE\" \/>\n<meta property=\"og:type\" content=\"article\" \/>\n<meta property=\"og:title\" content=\"MAHA: Stefan Fuchs legt Amt als Gesch\u00e4ftsf\u00fchrer nieder - Krafthand-Truck\" \/>\n<meta property=\"og:description\" content=\"Stefan Fuchs legt seine Gesch\u00e4ftsf\u00fchrert\u00e4tigkeit bei der MAHA-Group mit Wirkung zum 12.04.2023 nieder.\" \/>\n<meta property=\"og:url\" content=\"https:\/\/www.krafthand-truck.de\/artikel\/veraenderung-in-der-maha-geschaeftsfuehrung-stefan-fuchs-legt-amt-nieder-35350\/\" \/>\n<meta property=\"og:site_name\" content=\"Krafthand-Truck\" \/>\n<meta property=\"article:published_time\" content=\"2023-03-09T09:43:54+00:00\" \/>\n<meta property=\"article:modified_time\" content=\"2023-03-17T11:34:10+00:00\" \/>\n<meta property=\"og:image\" content=\"https:\/\/static.krafthand-truck.de\/uploads\/2023\/03\/Maha_Stefan_Fuchs.jpg\" \/>\n\t<meta property=\"og:image:width\" content=\"1200\" \/>\n\t<meta property=\"og:image:height\" content=\"786\" \/>\n\t<meta property=\"og:image:type\" content=\"image\/jpeg\" \/>\n<meta name=\"author\" content=\"georg.blenk@krafthand-medien.de\" \/>\n<meta name=\"twitter:card\" content=\"summary_large_image\" \/>\n<meta name=\"twitter:label1\" content=\"Verfasst von\" \/>\n\t<meta name=\"twitter:data1\" content=\"georg.blenk@krafthand-medien.de\" \/>\n\t<meta name=\"twitter:label2\" content=\"Gesch\u00e4tzte Lesezeit\" \/>\n\t<meta name=\"twitter:data2\" content=\"1\u00a0Minute\" \/>\n<script type=\"application\/ld+json\" class=\"yoast-schema-graph\">{\"@context\":\"https:\\\/\\\/schema.org\",\"@graph\":[{\"@type\":\"Article\",\"@id\":\"https:\\\/\\\/www.krafthand.de\\\/truck\\\/artikel\\\/veraenderung-in-der-maha-geschaeftsfuehrung-stefan-fuchs-legt-amt-nieder-35350\\\/#article\",\"isPartOf\":{\"@id\":\"https:\\\/\\\/www.krafthand.de\\\/truck\\\/artikel\\\/veraenderung-in-der-maha-geschaeftsfuehrung-stefan-fuchs-legt-amt-nieder-35350\\\/\"},\"author\":{\"name\":\"georg.blenk@krafthand-medien.de\",\"@id\":\"https:\\\/\\\/www.krafthand.de\\\/truck\\\/#\\\/schema\\\/person\\\/51fa80b1c57034c4bf63f9f988fc24ce\"},\"headline\":\"MAHA: Stefan Fuchs legt Amt als Gesch\u00e4ftsf\u00fchrer nieder\",\"datePublished\":\"2023-03-09T09:43:54+00:00\",\"dateModified\":\"2023-03-17T11:34:10+00:00\",\"mainEntityOfPage\":{\"@id\":\"https:\\\/\\\/www.krafthand.de\\\/truck\\\/artikel\\\/veraenderung-in-der-maha-geschaeftsfuehrung-stefan-fuchs-legt-amt-nieder-35350\\\/\"},\"wordCount\":152,\"image\":{\"@id\":\"https:\\\/\\\/www.krafthand.de\\\/truck\\\/artikel\\\/veraenderung-in-der-maha-geschaeftsfuehrung-stefan-fuchs-legt-amt-nieder-35350\\\/#primaryimage\"},\"thumbnailUrl\":\"https:\\\/\\\/static.krafthand-truck.de\\\/uploads\\\/2023\\\/03\\\/Maha_Stefan_Fuchs.jpg\",\"keywords\":[\"Maha\",\"Stefan Fuchs\"],\"articleSection\":[\"K\u00f6pfe\\\/Personen\"],\"inLanguage\":\"de\"},{\"@type\":\"WebPage\",\"@id\":\"https:\\\/\\\/www.krafthand.de\\\/truck\\\/artikel\\\/veraenderung-in-der-maha-geschaeftsfuehrung-stefan-fuchs-legt-amt-nieder-35350\\\/\",\"url\":\"https:\\\/\\\/www.krafthand.de\\\/truck\\\/artikel\\\/veraenderung-in-der-maha-geschaeftsfuehrung-stefan-fuchs-legt-amt-nieder-35350\\\/\",\"name\":\"MAHA: Stefan Fuchs legt Amt als Gesch\u00e4ftsf\u00fchrer nieder - Krafthand-Truck\",\"isPartOf\":{\"@id\":\"https:\\\/\\\/www.krafthand.de\\\/truck\\\/#website\"},\"primaryImageOfPage\":{\"@id\":\"https:\\\/\\\/www.krafthand.de\\\/truck\\\/artikel\\\/veraenderung-in-der-maha-geschaeftsfuehrung-stefan-fuchs-legt-amt-nieder-35350\\\/#primaryimage\"},\"image\":{\"@id\":\"https:\\\/\\\/www.krafthand.de\\\/truck\\\/artikel\\\/veraenderung-in-der-maha-geschaeftsfuehrung-stefan-fuchs-legt-amt-nieder-35350\\\/#primaryimage\"},\"thumbnailUrl\":\"https:\\\/\\\/static.krafthand-truck.de\\\/uploads\\\/2023\\\/03\\\/Maha_Stefan_Fuchs.jpg\",\"datePublished\":\"2023-03-09T09:43:54+00:00\",\"dateModified\":\"2023-03-17T11:34:10+00:00\",\"author\":{\"@id\":\"https:\\\/\\\/www.krafthand.de\\\/truck\\\/#\\\/schema\\\/person\\\/51fa80b1c57034c4bf63f9f988fc24ce\"},\"description\":\"Stefan Fuchs legt seine Gesch\u00e4ftsf\u00fchrert\u00e4tigkeit bei der MAHA-Group mit Wirkung zum 12.04.2023 nieder.\",\"breadcrumb\":{\"@id\":\"https:\\\/\\\/www.krafthand.de\\\/truck\\\/artikel\\\/veraenderung-in-der-maha-geschaeftsfuehrung-stefan-fuchs-legt-amt-nieder-35350\\\/#breadcrumb\"},\"inLanguage\":\"de\",\"potentialAction\":[{\"@type\":\"ReadAction\",\"target\":[\"https:\\\/\\\/www.krafthand.de\\\/truck\\\/artikel\\\/veraenderung-in-der-maha-geschaeftsfuehrung-stefan-fuchs-legt-amt-nieder-35350\\\/\"]}]},{\"@type\":\"ImageObject\",\"inLanguage\":\"de\",\"@id\":\"https:\\\/\\\/www.krafthand.de\\\/truck\\\/artikel\\\/veraenderung-in-der-maha-geschaeftsfuehrung-stefan-fuchs-legt-amt-nieder-35350\\\/#primaryimage\",\"url\":\"https:\\\/\\\/static.krafthand-truck.de\\\/uploads\\\/2023\\\/03\\\/Maha_Stefan_Fuchs.jpg\",\"contentUrl\":\"https:\\\/\\\/static.krafthand-truck.de\\\/uploads\\\/2023\\\/03\\\/Maha_Stefan_Fuchs.jpg\",\"width\":1200,\"height\":786},{\"@type\":\"BreadcrumbList\",\"@id\":\"https:\\\/\\\/www.krafthand.de\\\/truck\\\/artikel\\\/veraenderung-in-der-maha-geschaeftsfuehrung-stefan-fuchs-legt-amt-nieder-35350\\\/#breadcrumb\",\"itemListElement\":[{\"@type\":\"ListItem\",\"position\":1,\"name\":\"Krafthand-Truck\",\"item\":\"https:\\\/\\\/www.krafthand.de\\\/truck\\\/\"},{\"@type\":\"ListItem\",\"position\":2,\"name\":\"Nfz-Branche\",\"item\":\"https:\\\/\\\/www.krafthand.de\\\/truck\\\/kategorie\\\/branche\\\/\"},{\"@type\":\"ListItem\",\"position\":3,\"name\":\"K\u00f6pfe\\\/Personen\",\"item\":\"https:\\\/\\\/www.krafthand.de\\\/truck\\\/kategorie\\\/branche\\\/koepfe\\\/\"},{\"@type\":\"ListItem\",\"position\":4,\"name\":\"MAHA: Stefan Fuchs legt Amt als Gesch\u00e4ftsf\u00fchrer nieder\"}]},{\"@type\":\"WebSite\",\"@id\":\"https:\\\/\\\/www.krafthand.de\\\/truck\\\/#website\",\"url\":\"https:\\\/\\\/www.krafthand.de\\\/truck\\\/\",\"name\":\"Krafthand-Truck\",\"description\":\"\",\"potentialAction\":[{\"@type\":\"SearchAction\",\"target\":{\"@type\":\"EntryPoint\",\"urlTemplate\":\"https:\\\/\\\/www.krafthand.de\\\/truck\\\/?s={search_term_string}\"},\"query-input\":{\"@type\":\"PropertyValueSpecification\",\"valueRequired\":true,\"valueName\":\"search_term_string\"}}],\"inLanguage\":\"de\"},{\"@type\":\"Person\",\"@id\":\"https:\\\/\\\/www.krafthand.de\\\/truck\\\/#\\\/schema\\\/person\\\/51fa80b1c57034c4bf63f9f988fc24ce\",\"name\":\"georg.blenk@krafthand-medien.de\",\"image\":{\"@type\":\"ImageObject\",\"inLanguage\":\"de\",\"@id\":\"https:\\\/\\\/secure.gravatar.com\\\/avatar\\\/93713c30affe0aa95d3a4130e499bb1abee2eb31adbdd9ce2aa1543538490215?s=96&d=mm&r=g\",\"url\":\"https:\\\/\\\/secure.gravatar.com\\\/avatar\\\/93713c30affe0aa95d3a4130e499bb1abee2eb31adbdd9ce2aa1543538490215?s=96&d=mm&r=g\",\"contentUrl\":\"https:\\\/\\\/secure.gravatar.com\\\/avatar\\\/93713c30affe0aa95d3a4130e499bb1abee2eb31adbdd9ce2aa1543538490215?s=96&d=mm&r=g\",\"caption\":\"georg.blenk@krafthand-medien.de\"}}]}<\/script>\n<!-- \/ Yoast SEO plugin. -->","yoast_head_json":{"title":"MAHA: Stefan Fuchs legt Amt als Gesch\u00e4ftsf\u00fchrer nieder - Krafthand-Truck","description":"Stefan Fuchs legt seine Gesch\u00e4ftsf\u00fchrert\u00e4tigkeit bei der MAHA-Group mit Wirkung zum 12.04.2023 nieder.","robots":{"index":"index","follow":"follow","max-snippet":"max-snippet:-1","max-image-preview":"max-image-preview:large","max-video-preview":"max-video-preview:-1"},"canonical":"https:\/\/www.krafthand.de\/truck\/artikel\/veraenderung-in-der-maha-geschaeftsfuehrung-stefan-fuchs-legt-amt-nieder-35350\/","og_locale":"de_DE","og_type":"article","og_title":"MAHA: Stefan Fuchs legt Amt als Gesch\u00e4ftsf\u00fchrer nieder - Krafthand-Truck","og_description":"Stefan Fuchs legt seine Gesch\u00e4ftsf\u00fchrert\u00e4tigkeit bei der MAHA-Group mit Wirkung zum 12.04.2023 nieder.","og_url":"https:\/\/www.krafthand-truck.de\/artikel\/veraenderung-in-der-maha-geschaeftsfuehrung-stefan-fuchs-legt-amt-nieder-35350\/","og_site_name":"Krafthand-Truck","article_published_time":"2023-03-09T09:43:54+00:00","article_modified_time":"2023-03-17T11:34:10+00:00","og_image":[{"width":1200,"height":786,"url":"https:\/\/static.krafthand-truck.de\/uploads\/2023\/03\/Maha_Stefan_Fuchs.jpg","type":"image\/jpeg"}],"author":"georg.blenk@krafthand-medien.de","twitter_card":"summary_large_image","twitter_misc":{"Verfasst von":"georg.blenk@krafthand-medien.de","Gesch\u00e4tzte Lesezeit":"1\u00a0Minute"},"schema":{"@context":"https:\/\/schema.org","@graph":[{"@type":"Article","@id":"https:\/\/www.krafthand.de\/truck\/artikel\/veraenderung-in-der-maha-geschaeftsfuehrung-stefan-fuchs-legt-amt-nieder-35350\/#article","isPartOf":{"@id":"https:\/\/www.krafthand.de\/truck\/artikel\/veraenderung-in-der-maha-geschaeftsfuehrung-stefan-fuchs-legt-amt-nieder-35350\/"},"author":{"name":"georg.blenk@krafthand-medien.de","@id":"https:\/\/www.krafthand.de\/truck\/#\/schema\/person\/51fa80b1c57034c4bf63f9f988fc24ce"},"headline":"MAHA: Stefan Fuchs legt Amt als Gesch\u00e4ftsf\u00fchrer nieder","datePublished":"2023-03-09T09:43:54+00:00","dateModified":"2023-03-17T11:34:10+00:00","mainEntityOfPage":{"@id":"https:\/\/www.krafthand.de\/truck\/artikel\/veraenderung-in-der-maha-geschaeftsfuehrung-stefan-fuchs-legt-amt-nieder-35350\/"},"wordCount":152,"image":{"@id":"https:\/\/www.krafthand.de\/truck\/artikel\/veraenderung-in-der-maha-geschaeftsfuehrung-stefan-fuchs-legt-amt-nieder-35350\/#primaryimage"},"thumbnailUrl":"https:\/\/static.krafthand-truck.de\/uploads\/2023\/03\/Maha_Stefan_Fuchs.jpg","keywords":["Maha","Stefan Fuchs"],"articleSection":["K\u00f6pfe\/Personen"],"inLanguage":"de"},{"@type":"WebPage","@id":"https:\/\/www.krafthand.de\/truck\/artikel\/veraenderung-in-der-maha-geschaeftsfuehrung-stefan-fuchs-legt-amt-nieder-35350\/","url":"https:\/\/www.krafthand.de\/truck\/artikel\/veraenderung-in-der-maha-geschaeftsfuehrung-stefan-fuchs-legt-amt-nieder-35350\/","name":"MAHA: Stefan Fuchs legt Amt als Gesch\u00e4ftsf\u00fchrer nieder - Krafthand-Truck","isPartOf":{"@id":"https:\/\/www.krafthand.de\/truck\/#website"},"primaryImageOfPage":{"@id":"https:\/\/www.krafthand.de\/truck\/artikel\/veraenderung-in-der-maha-geschaeftsfuehrung-stefan-fuchs-legt-amt-nieder-35350\/#primaryimage"},"image":{"@id":"https:\/\/www.krafthand.de\/truck\/artikel\/veraenderung-in-der-maha-geschaeftsfuehrung-stefan-fuchs-legt-amt-nieder-35350\/#primaryimage"},"thumbnailUrl":"https:\/\/static.krafthand-truck.de\/uploads\/2023\/03\/Maha_Stefan_Fuchs.jpg","datePublished":"2023-03-09T09:43:54+00:00","dateModified":"2023-03-17T11:34:10+00:00","author":{"@id":"https:\/\/www.krafthand.de\/truck\/#\/schema\/person\/51fa80b1c57034c4bf63f9f988fc24ce"},"description":"Stefan Fuchs legt seine Gesch\u00e4ftsf\u00fchrert\u00e4tigkeit bei der MAHA-Group mit Wirkung zum 12.04.2023 nieder.","breadcrumb":{"@id":"https:\/\/www.krafthand.de\/truck\/artikel\/veraenderung-in-der-maha-geschaeftsfuehrung-stefan-fuchs-legt-amt-nieder-35350\/#breadcrumb"},"inLanguage":"de","potentialAction":[{"@type":"ReadAction","target":["https:\/\/www.krafthand.de\/truck\/artikel\/veraenderung-in-der-maha-geschaeftsfuehrung-stefan-fuchs-legt-amt-nieder-35350\/"]}]},{"@type":"ImageObject","inLanguage":"de","@id":"https:\/\/www.krafthand.de\/truck\/artikel\/veraenderung-in-der-maha-geschaeftsfuehrung-stefan-fuchs-legt-amt-nieder-35350\/#primaryimage","url":"https:\/\/static.krafthand-truck.de\/uploads\/2023\/03\/Maha_Stefan_Fuchs.jpg","contentUrl":"https:\/\/static.krafthand-truck.de\/uploads\/2023\/03\/Maha_Stefan_Fuchs.jpg","width":1200,"height":786},{"@type":"BreadcrumbList","@id":"https:\/\/www.krafthand.de\/truck\/artikel\/veraenderung-in-der-maha-geschaeftsfuehrung-stefan-fuchs-legt-amt-nieder-35350\/#breadcrumb","itemListElement":[{"@type":"ListItem","position":1,"name":"Krafthand-Truck","item":"https:\/\/www.krafthand.de\/truck\/"},{"@type":"ListItem","position":2,"name":"Nfz-Branche","item":"https:\/\/www.krafthand.de\/truck\/kategorie\/branche\/"},{"@type":"ListItem","position":3,"name":"K\u00f6pfe\/Personen","item":"https:\/\/www.krafthand.de\/truck\/kategorie\/branche\/koepfe\/"},{"@type":"ListItem","position":4,"name":"MAHA: Stefan Fuchs legt Amt als Gesch\u00e4ftsf\u00fchrer nieder"}]},{"@type":"WebSite","@id":"https:\/\/www.krafthand.de\/truck\/#website","url":"https:\/\/www.krafthand.de\/truck\/","name":"Krafthand-Truck","description":"","potentialAction":[{"@type":"SearchAction","target":{"@type":"EntryPoint","urlTemplate":"https:\/\/www.krafthand.de\/truck\/?s={search_term_string}"},"query-input":{"@type":"PropertyValueSpecification","valueRequired":true,"valueName":"search_term_string"}}],"inLanguage":"de"},{"@type":"Person","@id":"https:\/\/www.krafthand.de\/truck\/#\/schema\/person\/51fa80b1c57034c4bf63f9f988fc24ce","name":"georg.blenk@krafthand-medien.de","image":{"@type":"ImageObject","inLanguage":"de","@id":"https:\/\/secure.gravatar.com\/avatar\/93713c30affe0aa95d3a4130e499bb1abee2eb31adbdd9ce2aa1543538490215?s=96&d=mm&r=g","url":"https:\/\/secure.gravatar.com\/avatar\/93713c30affe0aa95d3a4130e499bb1abee2eb31adbdd9ce2aa1543538490215?s=96&d=mm&r=g","contentUrl":"https:\/\/secure.gravatar.com\/avatar\/93713c30affe0aa95d3a4130e499bb1abee2eb31adbdd9ce2aa1543538490215?s=96&d=mm&r=g","caption":"georg.blenk@krafthand-medien.de"}}]}},"_links":{"self":[{"href":"https:\/\/www.krafthand.de\/truck\/wp-json\/wp\/v2\/posts\/35350","targetHints":{"allow":["GET"]}}],"collection":[{"href":"https:\/\/www.krafthand.de\/truck\/wp-json\/wp\/v2\/posts"}],"about":[{"href":"https:\/\/www.krafthand.de\/truck\/wp-json\/wp\/v2\/types\/post"}],"author":[{"embeddable":true,"href":"https:\/\/www.krafthand.de\/truck\/wp-json\/wp\/v2\/users\/9"}],"replies":[{"embeddable":true,"href":"https:\/\/www.krafthand.de\/truck\/wp-json\/wp\/v2\/comments?post=35350"}],"version-history":[{"count":14,"href":"https:\/\/www.krafthand.de\/truck\/wp-json\/wp\/v2\/posts\/35350\/revisions"}],"predecessor-version":[{"id":35365,"href":"https:\/\/www.krafthand.de\/truck\/wp-json\/wp\/v2\/posts\/35350\/revisions\/35365"}],"wp:featuredmedia":[{"embeddable":true,"href":"https:\/\/www.krafthand.de\/truck\/wp-json\/wp\/v2\/media\/35351"}],"wp:attachment":[{"href":"https:\/\/www.krafthand.de\/truck\/wp-json\/wp\/v2\/media?parent=35350"}],"wp:term":[{"taxonomy":"category","embeddable":true,"href":"https:\/\/www.krafthand.de\/truck\/wp-json\/wp\/v2\/categories?post=35350"},{"taxonomy":"post_tag","embeddable":true,"href":"https:\/\/www.krafthand.de\/truck\/wp-json\/wp\/v2\/tags?post=35350"},{"taxonomy":"settings","embeddable":true,"href":"https:\/\/www.krafthand.de\/truck\/wp-json\/wp\/v2\/settings?post=35350"}],"curies":[{"name":"wp","href":"https:\/\/api.w.org\/{rel}","templated":true}]}}