{"id":35301,"date":"2023-03-07T09:14:01","date_gmt":"2023-03-07T08:14:01","guid":{"rendered":"https:\/\/www.krafthand.de\/truck\/?p=35301"},"modified":"2023-03-07T09:17:28","modified_gmt":"2023-03-07T08:17:28","slug":"neue-doppelspitze-bei-der-paul-group","status":"publish","type":"post","link":"https:\/\/www.krafthand.de\/truck\/artikel\/neue-doppelspitze-bei-der-paul-group-35301\/","title":{"rendered":"Neue Doppelspitze bei der Paul Group"},"content":{"rendered":"<p>Im M\u00e4rz 2023 stehen Ver\u00e4nderungen in der F\u00fchrungsspitze der Paul Group an: Der Familienunternehmer und Gesch\u00e4ftsf\u00fchrer Josef Paul zieht sich aus dem operativen Gesch\u00e4ft zur\u00fcck. An der Seite des CEO Bernhard Wasner erweitert Andreas Bartels die Gesch\u00e4ftsf\u00fchrung der Gruppe in der Rolle des CFO. Die Struktur einer Doppelspitze bleibt damit erhalten.<\/p>\n<h3>Neue Gesch\u00e4ftsfelder, dynamische Unternehmenskultur<\/h3>\n<p>Bernhard Wasner und Andreas Bartels wollen das profitable Wachstum der <a href=\"https:\/\/paul-nutzfahrzeuge.de\" target=\"_blank\" rel=\"noopener\">Paul Gruppe<\/a> nicht nur weiterhin gew\u00e4hrleisten, sondern verst\u00e4rkt ausbauen und strategisch neue Gesch\u00e4ftsfelder erschlie\u00dfen. Aktuell werden institutionelle Rahmenbedingungen und eine Unternehmensstruktur geschaffen, die eine moderne und dynamische Unternehmenskultur erm\u00f6glichen. Diese strukturellen und kulturellen Voraussetzungen br\u00e4uchte es, um ein nachhaltiges Wachstum der Unternehmensgruppe mit der laufenden Optimierung der Gesch\u00e4ftsprozesse und Entwicklung neuer Gesch\u00e4ftsmodelle zu gew\u00e4hrleisten. Neben dem Kerngesch\u00e4ft des Unternehmens im Sonderfahrzeugbau und dem Autohausgesch\u00e4ft mit Fahrzeughandel und Service (Paul Passau) sind dies Themen wie neue Mobilit\u00e4t durch alternative Antriebe, Digitale Services und nicht zuletzt die Paul Academy.<\/p>\n<h3>Strategische und operative Optimierung der Paul Group<\/h3>\n<p>Mit dem Einstieg von Andreas Bartels soll die Ausrichtung der Paul Group demnach strategisch und operativ optimiert werden. W\u00e4hrend Bartels schwerpunktm\u00e4\u00dfig die Verantwortung f\u00fcr die strategische Finanzplanung und die Entwicklung neuer Programme zur Optimierung und Transformation der Organisationsstruktur und Gesch\u00e4ftsprozesse \u00fcbernimmt, wird Bernhard Wasner als Motor und Impulsgeber f\u00fcr die strategische Ausrichtung der Unternehmensgruppe verantwortlich zeichnen.<\/p>\n<blockquote><p>\u201ePaul macht, was Paul machen muss: die Zukunft selbst in die Hand nehmen!&#8220;, so Bernhard Wasner.<\/p><\/blockquote>\n<div class=\"infobox box-grey\"><\/p>\n<p><strong>Andreas Bartes<\/strong><\/p>\n<p>Andreas Bartels ist Dipl.-Ing. Maschinenbau und MBA Betriebswirt mit mehr als 20 Jahren Berufserfahrung in der Automobil-, Nutzfahrzeug- und Off-Highway-Branche mit Schwerpunkt auf Unternehmensentwicklung, umfassender Transformation und Restrukturierungsmanagement. Er verf\u00fcgt zudem \u00fcber fundierte Kenntnisse von Wertsch\u00f6pfungsketten und deren Optimierung sowie von Markt- und Technologietrends in den Bereichen der alternativen Antriebe.<\/p>\n<p><\/div>\n<p>&nbsp;<\/p>\n<h3>Eindeutige Rollenverteilung<\/h3>\n<p>Das starke Wachstum der Paul Unternehmensgruppe und die geplante Holdingstruktur erforderten eine eindeutige Rollenverteilung zwischen Josef Paul als Gesellschafter und dem F\u00fchren des operativen Tagesgesch\u00e4fts. Vor diesem Hintergrund fokussiert Josef Paul sich auf seine Rolle als Gesellschafter. Die Paul Group ist bis heute zu einem Unternehmen mit knapp 500 Mitarbeitern gewachsen. In den vergangenen Jahren hat sie sich \u00fcber den klassischen Nutzfahrzeughandel und Service bei Paul Passau sowie mit Paul Nutzfahrzeuge von der marktf\u00fchrenden Position im Sonderfahrzeugbau in Europa zum Entwickler und Fahrzeughersteller von Nutzfahrzeugen mit klimaneutralen Antrieben \u2013 batterieelektrisch und mit Wasserstoff-Brennstoffzellen \u2013 entwickelt. Der Wiedereintritt von Josef Paul in die Gesch\u00e4ftsf\u00fchrung im Jahr 2021 war einem Unternehmenssprecher zufolge von Anfang an unter dem Aspekt geplant, die Gesch\u00e4ftsf\u00fchrung des Unternehmens mit externen Kompetenzen zu verst\u00e4rken und damit langfristig die Rollen von Gesch\u00e4ftsf\u00fchrung und Gesellschafter klar zu trennen.<\/p>\n<blockquote><p>\u201eIch schaue mit Stolz zur\u00fcck auf die au\u00dfergew\u00f6hnlich erfolgreiche Unternehmensentwicklung in den vergangenen Jahrzehnten bis heute. Gerade in den vergangenen zwei Jahren konnte ich das Unternehmen mit auf die neuen Markterfordernisse ausrichten, unter anderem durch die Nutzung und Entwicklung neuer Technologien und die strategische Ausrichtung vom Handwerksbetrieb zum digitalen Industrieunternehmen. Wir stehen weiterhin vor vielen Herausforderungen, denen sich die Paul Group mit der neu aufgestellten Gesch\u00e4ftsf\u00fchrung mit voller Kraft widmen wird&#8220;, so Josef Paul.<\/p><\/blockquote>\n","protected":false},"excerpt":{"rendered":"<p>Der Familienunternehmer und Gesch\u00e4ftsf\u00fchrer Josef Paul hat sich aus dem operativen Gesch\u00e4ft der Paul Group zur\u00fcckgezogen. An der Seite des CEO Bernhard Wasner erweitert ab jetzt Andreas Bartels die Gesch\u00e4ftsf\u00fchrung der Gruppe in der Rolle des CFO. Die Struktur einer Doppelspitze bleibt damit erhalten. <span class=\"excerpt-more__dots\">&#8230;<\/span> <a class=\"excerpt-more__link\" href=\"https:\/\/www.krafthand.de\/truck\/artikel\/neue-doppelspitze-bei-der-paul-group-35301\/\" >weiter<\/a><\/p>\n","protected":false},"author":9,"featured_media":35303,"comment_status":"closed","ping_status":"closed","sticky":false,"template":"","format":"standard","meta":{"footnotes":""},"categories":[4238,4235],"tags":[5547,4815,5546,5548,5545],"settings":[4766,3523],"class_list":["post-35301","post","type-post","status-publish","format-standard","has-post-thumbnail","hentry","category-koepfe","category-unternehmen","tag-andreas-bartels","tag-bax","tag-bernhard-wasner","tag-josef-paul","tag-paul-nutzfahzeuge"],"yoast_head":"<!-- This site is optimized with the Yoast SEO plugin v27.3 - https:\/\/yoast.com\/product\/yoast-seo-wordpress\/ -->\n<title>Neue Doppelspitze bei der Paul Group - Krafthand-Truck<\/title>\n<meta name=\"robots\" content=\"index, follow, max-snippet:-1, max-image-preview:large, max-video-preview:-1\" \/>\n<link rel=\"canonical\" href=\"https:\/\/www.krafthand.de\/truck\/artikel\/neue-doppelspitze-bei-der-paul-group-35301\/\" \/>\n<meta property=\"og:locale\" content=\"de_DE\" \/>\n<meta property=\"og:type\" content=\"article\" \/>\n<meta property=\"og:title\" content=\"Neue Doppelspitze bei der Paul Group - Krafthand-Truck\" \/>\n<meta property=\"og:description\" content=\"Der Familienunternehmer und Gesch\u00e4ftsf\u00fchrer Josef Paul hat sich aus dem operativen Gesch\u00e4ft der Paul Group zur\u00fcckgezogen. An der Seite des CEO Bernhard Wasner erweitert ab jetzt Andreas Bartels die Gesch\u00e4ftsf\u00fchrung der Gruppe in der Rolle des CFO. Die Struktur einer Doppelspitze bleibt damit erhalten. ... weiter\" \/>\n<meta property=\"og:url\" content=\"https:\/\/www.krafthand-truck.de\/artikel\/neue-doppelspitze-bei-der-paul-group-35301\/\" \/>\n<meta property=\"og:site_name\" content=\"Krafthand-Truck\" \/>\n<meta property=\"article:published_time\" content=\"2023-03-07T08:14:01+00:00\" \/>\n<meta property=\"article:modified_time\" content=\"2023-03-07T08:17:28+00:00\" \/>\n<meta property=\"og:image\" content=\"https:\/\/static.krafthand-truck.de\/uploads\/2023\/03\/Paul_Group_Bernhard_Wasner_Andreas_Bartels_Josef_Paul.jpg\" \/>\n\t<meta property=\"og:image:width\" content=\"1200\" \/>\n\t<meta property=\"og:image:height\" content=\"857\" \/>\n\t<meta property=\"og:image:type\" content=\"image\/jpeg\" \/>\n<meta name=\"author\" content=\"georg.blenk@krafthand-medien.de\" \/>\n<meta name=\"twitter:card\" content=\"summary_large_image\" \/>\n<meta name=\"twitter:label1\" content=\"Verfasst von\" \/>\n\t<meta name=\"twitter:data1\" content=\"georg.blenk@krafthand-medien.de\" \/>\n\t<meta name=\"twitter:label2\" content=\"Gesch\u00e4tzte Lesezeit\" \/>\n\t<meta name=\"twitter:data2\" content=\"3\u00a0Minuten\" \/>\n<script type=\"application\/ld+json\" class=\"yoast-schema-graph\">{\"@context\":\"https:\\\/\\\/schema.org\",\"@graph\":[{\"@type\":\"Article\",\"@id\":\"https:\\\/\\\/www.krafthand.de\\\/truck\\\/artikel\\\/neue-doppelspitze-bei-der-paul-group-35301\\\/#article\",\"isPartOf\":{\"@id\":\"https:\\\/\\\/www.krafthand.de\\\/truck\\\/artikel\\\/neue-doppelspitze-bei-der-paul-group-35301\\\/\"},\"author\":{\"name\":\"georg.blenk@krafthand-medien.de\",\"@id\":\"https:\\\/\\\/www.krafthand.de\\\/truck\\\/#\\\/schema\\\/person\\\/51fa80b1c57034c4bf63f9f988fc24ce\"},\"headline\":\"Neue Doppelspitze bei der Paul Group\",\"datePublished\":\"2023-03-07T08:14:01+00:00\",\"dateModified\":\"2023-03-07T08:17:28+00:00\",\"mainEntityOfPage\":{\"@id\":\"https:\\\/\\\/www.krafthand.de\\\/truck\\\/artikel\\\/neue-doppelspitze-bei-der-paul-group-35301\\\/\"},\"wordCount\":545,\"image\":{\"@id\":\"https:\\\/\\\/www.krafthand.de\\\/truck\\\/artikel\\\/neue-doppelspitze-bei-der-paul-group-35301\\\/#primaryimage\"},\"thumbnailUrl\":\"https:\\\/\\\/static.krafthand-truck.de\\\/uploads\\\/2023\\\/03\\\/Paul_Group_Bernhard_Wasner_Andreas_Bartels_Josef_Paul.jpg\",\"keywords\":[\"Andreas Bartels\",\"BAX\",\"Bernhard Wasner\",\"Josef Paul\",\"Paul Nutzfahzeuge\"],\"articleSection\":[\"K\u00f6pfe\\\/Personen\",\"Unternehmen\"],\"inLanguage\":\"de\"},{\"@type\":\"WebPage\",\"@id\":\"https:\\\/\\\/www.krafthand.de\\\/truck\\\/artikel\\\/neue-doppelspitze-bei-der-paul-group-35301\\\/\",\"url\":\"https:\\\/\\\/www.krafthand.de\\\/truck\\\/artikel\\\/neue-doppelspitze-bei-der-paul-group-35301\\\/\",\"name\":\"Neue Doppelspitze bei der Paul Group - Krafthand-Truck\",\"isPartOf\":{\"@id\":\"https:\\\/\\\/www.krafthand.de\\\/truck\\\/#website\"},\"primaryImageOfPage\":{\"@id\":\"https:\\\/\\\/www.krafthand.de\\\/truck\\\/artikel\\\/neue-doppelspitze-bei-der-paul-group-35301\\\/#primaryimage\"},\"image\":{\"@id\":\"https:\\\/\\\/www.krafthand.de\\\/truck\\\/artikel\\\/neue-doppelspitze-bei-der-paul-group-35301\\\/#primaryimage\"},\"thumbnailUrl\":\"https:\\\/\\\/static.krafthand-truck.de\\\/uploads\\\/2023\\\/03\\\/Paul_Group_Bernhard_Wasner_Andreas_Bartels_Josef_Paul.jpg\",\"datePublished\":\"2023-03-07T08:14:01+00:00\",\"dateModified\":\"2023-03-07T08:17:28+00:00\",\"author\":{\"@id\":\"https:\\\/\\\/www.krafthand.de\\\/truck\\\/#\\\/schema\\\/person\\\/51fa80b1c57034c4bf63f9f988fc24ce\"},\"breadcrumb\":{\"@id\":\"https:\\\/\\\/www.krafthand.de\\\/truck\\\/artikel\\\/neue-doppelspitze-bei-der-paul-group-35301\\\/#breadcrumb\"},\"inLanguage\":\"de\",\"potentialAction\":[{\"@type\":\"ReadAction\",\"target\":[\"https:\\\/\\\/www.krafthand.de\\\/truck\\\/artikel\\\/neue-doppelspitze-bei-der-paul-group-35301\\\/\"]}]},{\"@type\":\"ImageObject\",\"inLanguage\":\"de\",\"@id\":\"https:\\\/\\\/www.krafthand.de\\\/truck\\\/artikel\\\/neue-doppelspitze-bei-der-paul-group-35301\\\/#primaryimage\",\"url\":\"https:\\\/\\\/static.krafthand-truck.de\\\/uploads\\\/2023\\\/03\\\/Paul_Group_Bernhard_Wasner_Andreas_Bartels_Josef_Paul.jpg\",\"contentUrl\":\"https:\\\/\\\/static.krafthand-truck.de\\\/uploads\\\/2023\\\/03\\\/Paul_Group_Bernhard_Wasner_Andreas_Bartels_Josef_Paul.jpg\",\"width\":1200,\"height\":857},{\"@type\":\"BreadcrumbList\",\"@id\":\"https:\\\/\\\/www.krafthand.de\\\/truck\\\/artikel\\\/neue-doppelspitze-bei-der-paul-group-35301\\\/#breadcrumb\",\"itemListElement\":[{\"@type\":\"ListItem\",\"position\":1,\"name\":\"Krafthand-Truck\",\"item\":\"https:\\\/\\\/www.krafthand.de\\\/truck\\\/\"},{\"@type\":\"ListItem\",\"position\":2,\"name\":\"Nfz-Branche\",\"item\":\"https:\\\/\\\/www.krafthand.de\\\/truck\\\/kategorie\\\/branche\\\/\"},{\"@type\":\"ListItem\",\"position\":3,\"name\":\"K\u00f6pfe\\\/Personen\",\"item\":\"https:\\\/\\\/www.krafthand.de\\\/truck\\\/kategorie\\\/branche\\\/koepfe\\\/\"},{\"@type\":\"ListItem\",\"position\":4,\"name\":\"Neue Doppelspitze bei der Paul Group\"}]},{\"@type\":\"WebSite\",\"@id\":\"https:\\\/\\\/www.krafthand.de\\\/truck\\\/#website\",\"url\":\"https:\\\/\\\/www.krafthand.de\\\/truck\\\/\",\"name\":\"Krafthand-Truck\",\"description\":\"\",\"potentialAction\":[{\"@type\":\"SearchAction\",\"target\":{\"@type\":\"EntryPoint\",\"urlTemplate\":\"https:\\\/\\\/www.krafthand.de\\\/truck\\\/?s={search_term_string}\"},\"query-input\":{\"@type\":\"PropertyValueSpecification\",\"valueRequired\":true,\"valueName\":\"search_term_string\"}}],\"inLanguage\":\"de\"},{\"@type\":\"Person\",\"@id\":\"https:\\\/\\\/www.krafthand.de\\\/truck\\\/#\\\/schema\\\/person\\\/51fa80b1c57034c4bf63f9f988fc24ce\",\"name\":\"georg.blenk@krafthand-medien.de\",\"image\":{\"@type\":\"ImageObject\",\"inLanguage\":\"de\",\"@id\":\"https:\\\/\\\/secure.gravatar.com\\\/avatar\\\/93713c30affe0aa95d3a4130e499bb1abee2eb31adbdd9ce2aa1543538490215?s=96&d=mm&r=g\",\"url\":\"https:\\\/\\\/secure.gravatar.com\\\/avatar\\\/93713c30affe0aa95d3a4130e499bb1abee2eb31adbdd9ce2aa1543538490215?s=96&d=mm&r=g\",\"contentUrl\":\"https:\\\/\\\/secure.gravatar.com\\\/avatar\\\/93713c30affe0aa95d3a4130e499bb1abee2eb31adbdd9ce2aa1543538490215?s=96&d=mm&r=g\",\"caption\":\"georg.blenk@krafthand-medien.de\"}}]}<\/script>\n<!-- \/ Yoast SEO plugin. -->","yoast_head_json":{"title":"Neue Doppelspitze bei der Paul Group - Krafthand-Truck","robots":{"index":"index","follow":"follow","max-snippet":"max-snippet:-1","max-image-preview":"max-image-preview:large","max-video-preview":"max-video-preview:-1"},"canonical":"https:\/\/www.krafthand.de\/truck\/artikel\/neue-doppelspitze-bei-der-paul-group-35301\/","og_locale":"de_DE","og_type":"article","og_title":"Neue Doppelspitze bei der Paul Group - Krafthand-Truck","og_description":"Der Familienunternehmer und Gesch\u00e4ftsf\u00fchrer Josef Paul hat sich aus dem operativen Gesch\u00e4ft der Paul Group zur\u00fcckgezogen. An der Seite des CEO Bernhard Wasner erweitert ab jetzt Andreas Bartels die Gesch\u00e4ftsf\u00fchrung der Gruppe in der Rolle des CFO. Die Struktur einer Doppelspitze bleibt damit erhalten. ... weiter","og_url":"https:\/\/www.krafthand-truck.de\/artikel\/neue-doppelspitze-bei-der-paul-group-35301\/","og_site_name":"Krafthand-Truck","article_published_time":"2023-03-07T08:14:01+00:00","article_modified_time":"2023-03-07T08:17:28+00:00","og_image":[{"width":1200,"height":857,"url":"https:\/\/static.krafthand-truck.de\/uploads\/2023\/03\/Paul_Group_Bernhard_Wasner_Andreas_Bartels_Josef_Paul.jpg","type":"image\/jpeg"}],"author":"georg.blenk@krafthand-medien.de","twitter_card":"summary_large_image","twitter_misc":{"Verfasst von":"georg.blenk@krafthand-medien.de","Gesch\u00e4tzte Lesezeit":"3\u00a0Minuten"},"schema":{"@context":"https:\/\/schema.org","@graph":[{"@type":"Article","@id":"https:\/\/www.krafthand.de\/truck\/artikel\/neue-doppelspitze-bei-der-paul-group-35301\/#article","isPartOf":{"@id":"https:\/\/www.krafthand.de\/truck\/artikel\/neue-doppelspitze-bei-der-paul-group-35301\/"},"author":{"name":"georg.blenk@krafthand-medien.de","@id":"https:\/\/www.krafthand.de\/truck\/#\/schema\/person\/51fa80b1c57034c4bf63f9f988fc24ce"},"headline":"Neue Doppelspitze bei der Paul Group","datePublished":"2023-03-07T08:14:01+00:00","dateModified":"2023-03-07T08:17:28+00:00","mainEntityOfPage":{"@id":"https:\/\/www.krafthand.de\/truck\/artikel\/neue-doppelspitze-bei-der-paul-group-35301\/"},"wordCount":545,"image":{"@id":"https:\/\/www.krafthand.de\/truck\/artikel\/neue-doppelspitze-bei-der-paul-group-35301\/#primaryimage"},"thumbnailUrl":"https:\/\/static.krafthand-truck.de\/uploads\/2023\/03\/Paul_Group_Bernhard_Wasner_Andreas_Bartels_Josef_Paul.jpg","keywords":["Andreas Bartels","BAX","Bernhard Wasner","Josef Paul","Paul Nutzfahzeuge"],"articleSection":["K\u00f6pfe\/Personen","Unternehmen"],"inLanguage":"de"},{"@type":"WebPage","@id":"https:\/\/www.krafthand.de\/truck\/artikel\/neue-doppelspitze-bei-der-paul-group-35301\/","url":"https:\/\/www.krafthand.de\/truck\/artikel\/neue-doppelspitze-bei-der-paul-group-35301\/","name":"Neue Doppelspitze bei der Paul Group - Krafthand-Truck","isPartOf":{"@id":"https:\/\/www.krafthand.de\/truck\/#website"},"primaryImageOfPage":{"@id":"https:\/\/www.krafthand.de\/truck\/artikel\/neue-doppelspitze-bei-der-paul-group-35301\/#primaryimage"},"image":{"@id":"https:\/\/www.krafthand.de\/truck\/artikel\/neue-doppelspitze-bei-der-paul-group-35301\/#primaryimage"},"thumbnailUrl":"https:\/\/static.krafthand-truck.de\/uploads\/2023\/03\/Paul_Group_Bernhard_Wasner_Andreas_Bartels_Josef_Paul.jpg","datePublished":"2023-03-07T08:14:01+00:00","dateModified":"2023-03-07T08:17:28+00:00","author":{"@id":"https:\/\/www.krafthand.de\/truck\/#\/schema\/person\/51fa80b1c57034c4bf63f9f988fc24ce"},"breadcrumb":{"@id":"https:\/\/www.krafthand.de\/truck\/artikel\/neue-doppelspitze-bei-der-paul-group-35301\/#breadcrumb"},"inLanguage":"de","potentialAction":[{"@type":"ReadAction","target":["https:\/\/www.krafthand.de\/truck\/artikel\/neue-doppelspitze-bei-der-paul-group-35301\/"]}]},{"@type":"ImageObject","inLanguage":"de","@id":"https:\/\/www.krafthand.de\/truck\/artikel\/neue-doppelspitze-bei-der-paul-group-35301\/#primaryimage","url":"https:\/\/static.krafthand-truck.de\/uploads\/2023\/03\/Paul_Group_Bernhard_Wasner_Andreas_Bartels_Josef_Paul.jpg","contentUrl":"https:\/\/static.krafthand-truck.de\/uploads\/2023\/03\/Paul_Group_Bernhard_Wasner_Andreas_Bartels_Josef_Paul.jpg","width":1200,"height":857},{"@type":"BreadcrumbList","@id":"https:\/\/www.krafthand.de\/truck\/artikel\/neue-doppelspitze-bei-der-paul-group-35301\/#breadcrumb","itemListElement":[{"@type":"ListItem","position":1,"name":"Krafthand-Truck","item":"https:\/\/www.krafthand.de\/truck\/"},{"@type":"ListItem","position":2,"name":"Nfz-Branche","item":"https:\/\/www.krafthand.de\/truck\/kategorie\/branche\/"},{"@type":"ListItem","position":3,"name":"K\u00f6pfe\/Personen","item":"https:\/\/www.krafthand.de\/truck\/kategorie\/branche\/koepfe\/"},{"@type":"ListItem","position":4,"name":"Neue Doppelspitze bei der Paul Group"}]},{"@type":"WebSite","@id":"https:\/\/www.krafthand.de\/truck\/#website","url":"https:\/\/www.krafthand.de\/truck\/","name":"Krafthand-Truck","description":"","potentialAction":[{"@type":"SearchAction","target":{"@type":"EntryPoint","urlTemplate":"https:\/\/www.krafthand.de\/truck\/?s={search_term_string}"},"query-input":{"@type":"PropertyValueSpecification","valueRequired":true,"valueName":"search_term_string"}}],"inLanguage":"de"},{"@type":"Person","@id":"https:\/\/www.krafthand.de\/truck\/#\/schema\/person\/51fa80b1c57034c4bf63f9f988fc24ce","name":"georg.blenk@krafthand-medien.de","image":{"@type":"ImageObject","inLanguage":"de","@id":"https:\/\/secure.gravatar.com\/avatar\/93713c30affe0aa95d3a4130e499bb1abee2eb31adbdd9ce2aa1543538490215?s=96&d=mm&r=g","url":"https:\/\/secure.gravatar.com\/avatar\/93713c30affe0aa95d3a4130e499bb1abee2eb31adbdd9ce2aa1543538490215?s=96&d=mm&r=g","contentUrl":"https:\/\/secure.gravatar.com\/avatar\/93713c30affe0aa95d3a4130e499bb1abee2eb31adbdd9ce2aa1543538490215?s=96&d=mm&r=g","caption":"georg.blenk@krafthand-medien.de"}}]}},"_links":{"self":[{"href":"https:\/\/www.krafthand.de\/truck\/wp-json\/wp\/v2\/posts\/35301","targetHints":{"allow":["GET"]}}],"collection":[{"href":"https:\/\/www.krafthand.de\/truck\/wp-json\/wp\/v2\/posts"}],"about":[{"href":"https:\/\/www.krafthand.de\/truck\/wp-json\/wp\/v2\/types\/post"}],"author":[{"embeddable":true,"href":"https:\/\/www.krafthand.de\/truck\/wp-json\/wp\/v2\/users\/9"}],"replies":[{"embeddable":true,"href":"https:\/\/www.krafthand.de\/truck\/wp-json\/wp\/v2\/comments?post=35301"}],"version-history":[{"count":11,"href":"https:\/\/www.krafthand.de\/truck\/wp-json\/wp\/v2\/posts\/35301\/revisions"}],"predecessor-version":[{"id":35313,"href":"https:\/\/www.krafthand.de\/truck\/wp-json\/wp\/v2\/posts\/35301\/revisions\/35313"}],"wp:featuredmedia":[{"embeddable":true,"href":"https:\/\/www.krafthand.de\/truck\/wp-json\/wp\/v2\/media\/35303"}],"wp:attachment":[{"href":"https:\/\/www.krafthand.de\/truck\/wp-json\/wp\/v2\/media?parent=35301"}],"wp:term":[{"taxonomy":"category","embeddable":true,"href":"https:\/\/www.krafthand.de\/truck\/wp-json\/wp\/v2\/categories?post=35301"},{"taxonomy":"post_tag","embeddable":true,"href":"https:\/\/www.krafthand.de\/truck\/wp-json\/wp\/v2\/tags?post=35301"},{"taxonomy":"settings","embeddable":true,"href":"https:\/\/www.krafthand.de\/truck\/wp-json\/wp\/v2\/settings?post=35301"}],"curies":[{"name":"wp","href":"https:\/\/api.w.org\/{rel}","templated":true}]}}