{"id":35282,"date":"2023-03-04T08:09:57","date_gmt":"2023-03-04T07:09:57","guid":{"rendered":"https:\/\/www.krafthand.de\/truck\/?p=35282"},"modified":"2023-03-04T09:07:03","modified_gmt":"2023-03-04T08:07:03","slug":"geschaeftsklimaindex-zuversicht-feiert-ein-comeback-in-den-nfz-werkstaetten","status":"publish","type":"post","link":"https:\/\/www.krafthand.de\/truck\/artikel\/geschaeftsklimaindex-zuversicht-feiert-ein-comeback-in-den-nfz-werkstaetten-35282\/","title":{"rendered":"Berner-Gesch\u00e4ftsklimaindex: Zuversicht feiert Comeback in den Nfz-Werkst\u00e4tten"},"content":{"rendered":"<p>Nach zuletzt eher ged\u00e4mpfter Stimmung kehrt die Zuversicht in immer mehr Nfz-Werkst\u00e4tten zur\u00fcck. Das zeigt das neue Branchenbarometer der <a href=\"https:\/\/www.berner-group.com\" target=\"_blank\" rel=\"noopener\">Berner Group<\/a>, die daf\u00fcr europaweit 899 Entscheider aus dem Nutzfahrzeug-Bereich befragt hat. <em>\u201eDer Nfz-Gesch\u00e4ftsklimaindex hat sich insgesamt deutlich stabilisiert\u201c<\/em>, berichtet Florian Sommer, zust\u00e4ndiger Leiter des Mobility-Segments bei Berner. <em>\u201eDas liegt insbesondere daran, dass die Marktfaktoren f\u00fcr Nfz-Profis zurzeit g\u00fcnstiger sind als f\u00fcr Pkw-Betriebe.\u201c<\/em><\/p>\n<p>So bleibt der Wartungs- und Reparaturaufwand laut Sommer in den Nfz-Werkst\u00e4tten allein schon deshalb hoch, weil die Flottenbest\u00e4nde nach wie vor durch Verbrenner gepr\u00e4gt sind. \u201eGerade bei den laufleistungsstarken schweren Nutzfahrzeugen erwarten wir auf absehbare Zeit auch weiterhin eine klare Dominanz der traditionellen Antriebstechnologien\u201c, erkl\u00e4rt Florian Sommer.<\/p>\n<blockquote><p>\u201eNeben margenstarken Ums\u00e4tzen mit Ersatzteilen und \u00d6l profitieren Nfz-Profis ganz konkret von verrechenbaren Arbeitswerten, die in Folge der zunehmenden Elektrifizierung im Pkw-Bereich immer \u00f6fter entfallen.\u201c<\/p><\/blockquote>\n<figure id=\"attachment_35288\" aria-describedby=\"caption-attachment-35288\" style=\"width: 220px\" class=\"wp-caption alignright\"><a href=\"https:\/\/static.krafthand-truck.de\/uploads\/2023\/03\/Berner_Florian-Sommer_Leiter-Mobility.jpg\" target=\"_blank\" rel=\"noopener\"><img fetchpriority=\"high\" decoding=\"async\" class=\"wp-image-35288\" src=\"https:\/\/static.krafthand-truck.de\/uploads\/2023\/03\/Berner_Florian-Sommer_Leiter-Mobility-239x300.jpg\" alt=\"\" width=\"220\" height=\"276\" srcset=\"https:\/\/static.krafthand-truck.de\/uploads\/2023\/03\/Berner_Florian-Sommer_Leiter-Mobility-239x300.jpg 239w, https:\/\/static.krafthand-truck.de\/uploads\/2023\/03\/Berner_Florian-Sommer_Leiter-Mobility-768x964.jpg 768w, https:\/\/static.krafthand-truck.de\/uploads\/2023\/03\/Berner_Florian-Sommer_Leiter-Mobility.jpg 800w\" sizes=\"(max-width: 220px) 100vw, 220px\" \/><\/a><figcaption id=\"caption-attachment-35288\" class=\"wp-caption-text\">Florian Sommer.<\/figcaption><\/figure>\n<p>Anders als bei Autos werden Service- und Instandsetzungst\u00e4tigkeiten bei Transportern oder Nutzfahrzeugen zudem in der Regel nicht auf die lange Bank geschoben. <em>\u201eEin Lkw, der steht, verdient kein Geld\u201c<\/em>, so Sommer. <em>\u201eKein Unternehmer will gr\u00f6\u00dfere Sch\u00e4den und damit Ausfallzeiten riskieren. Das sorgt f\u00fcr eine konstante Auslastung in den Nfz-Werkst\u00e4tten.\u201c<\/em> Zumal der Stra\u00dfen-G\u00fcterverkehr w\u00e4chst. Sommer: <em>\u201eHier profitieren die Nfz-Betriebe nicht zuletzt vom boomenden Online-Handel, da die bestellten Waren nat\u00fcrlich ausgeliefert werden m\u00fcssen, was vor allem bei Kleintransportern die Laufleistung kr\u00e4ftig in die H\u00f6he treibt. Und damit den Verschlei\u00df der Fahrzeuge.\u201c<\/em><\/p>\n<h3>\u00d6sterreich plant mit konstanter Auslastung<\/h3>\n<p>Obwohl sich die Rahmenbedingungen \u00e4hneln, f\u00e4llt die Prognose f\u00fcr 2023 je nach Markt unterschiedlich optimistisch aus. So glauben beispielsweise gerade einmal 8% der \u00f6sterreichischen Nfz-Profis an ein Auftragsplus. <em>\u201eIm europ\u00e4ischen Vergleich lief das Werkstattgesch\u00e4ft in \u00d6sterreich in der zweiten H\u00e4lfte des Vorjahres \u00fcberdurchschnittlich gut\u201c<\/em>, berichtet Florian Sommer. <em>\u201eVor diesem Hintergrund verwundert es nicht, dass sich viele Betriebe jetzt erstmal etwas zur\u00fcckhaltender \u00e4u\u00dfern.\u201c<\/em> Die meisten Befragten (57%) planen entsprechend auch mit einer konstanten Auslastung.<\/p>\n<h3>Optimismus pur in Italien<\/h3>\n<p>Besonders gro\u00df ist die Zuversicht laut Berner-Branchenbarometer in Italien, wo fast jeder zweite Nfz-Betrieb (43%) eine \u201ebessere\u201c oder sogar \u201eviel bessere\u201c Auftragslage erwartet. Lediglich 14% bef\u00fcrchten einen R\u00fcckgang. In Frankreich sind 22% der Werkst\u00e4tten davon \u00fcberzeugt, dass sie 2023 mehr verdienen werden. Schlechter als im Vorjahr sch\u00e4tzen 17% ihre Gesch\u00e4ftschancen ein.<\/p>\n<h3>Deutsche Nfz-Profis weniger optimistisch<\/h3>\n<p>Und was sagen die Deutschen? Hierzulande gehen 16% der Nfz-Profis von einem Wachstum aus. Knapp ein Drittel (27%) rechnet 2023 mit weniger Umsatz. <em>\u201eDas etwas pessimistischere Stimmungsbild ist nur eine Momentaufnahme und kann sich angesichts der \u00fcberragenden Bedeutung, die die<\/em><br \/>\n<em>Industrieproduktion in Deutschland spielt, ganz schnell ins Positive drehen\u201c<\/em>, betont Mobility-Experte Sommer. Denn: <em>\u201eWenn der Wirtschaftsmotor wieder richtig anspringt, steigen die Frachtvolumina auf der Stra\u00dfe. Das macht sich direkt in den Werkst\u00e4tten bemerkbar, weil damit automatisch auch der Wartungs- und Reparaturbedarf im Nutzfahrzeugbereich steigt.\u201c<\/em><\/p>\n","protected":false},"excerpt":{"rendered":"<p>Nach zuletzt eher ged\u00e4mpfter Stimmung kehrt die Zuversicht in immer mehr Nfz-Werkst\u00e4tten zur\u00fcck. Das zeigt das neue Branchenbarometer der Berner Group, die daf\u00fcr europaweit 899 Entscheider aus dem Nutzfahrzeug-Bereich befragt hat. <span class=\"excerpt-more__dots\">&#8230;<\/span> <a class=\"excerpt-more__link\" href=\"https:\/\/www.krafthand.de\/truck\/artikel\/geschaeftsklimaindex-zuversicht-feiert-ein-comeback-in-den-nfz-werkstaetten-35282\/\" >weiter<\/a><\/p>\n","protected":false},"author":9,"featured_media":35290,"comment_status":"closed","ping_status":"closed","sticky":false,"template":"","format":"standard","meta":{"footnotes":""},"categories":[4237],"tags":[3674,5543,5544],"settings":[3524,4766,3523],"class_list":["post-35282","post","type-post","status-publish","format-standard","has-post-thumbnail","hentry","category-studien","tag-berner","tag-geschaeftsklimaindex","tag-werkstattauslastung"],"yoast_head":"<!-- This site is optimized with the Yoast SEO plugin v27.3 - https:\/\/yoast.com\/product\/yoast-seo-wordpress\/ -->\n<title>Berner-Gesch\u00e4ftsklimaindex: Zuversicht feiert Comeback in den Nfz-Werkst\u00e4tten - Krafthand-Truck<\/title>\n<meta name=\"description\" content=\"Nach eher ged\u00e4mpfter Stimmung kehrt die Zuversicht in den Nfz-Werkst\u00e4tten zur\u00fcck. Das zeigt das neuen Branchenbarometer der Berner Group.\" \/>\n<meta name=\"robots\" content=\"index, follow, max-snippet:-1, max-image-preview:large, max-video-preview:-1\" \/>\n<link rel=\"canonical\" href=\"https:\/\/www.krafthand.de\/truck\/artikel\/geschaeftsklimaindex-zuversicht-feiert-ein-comeback-in-den-nfz-werkstaetten-35282\/\" \/>\n<meta property=\"og:locale\" content=\"de_DE\" \/>\n<meta property=\"og:type\" content=\"article\" \/>\n<meta property=\"og:title\" content=\"Berner-Gesch\u00e4ftsklimaindex: Zuversicht feiert Comeback in den Nfz-Werkst\u00e4tten - Krafthand-Truck\" \/>\n<meta property=\"og:description\" content=\"Nach eher ged\u00e4mpfter Stimmung kehrt die Zuversicht in den Nfz-Werkst\u00e4tten zur\u00fcck. Das zeigt das neuen Branchenbarometer der Berner Group.\" \/>\n<meta property=\"og:url\" content=\"https:\/\/www.krafthand-truck.de\/artikel\/geschaeftsklimaindex-zuversicht-feiert-ein-comeback-in-den-nfz-werkstaetten-35282\/\" \/>\n<meta property=\"og:site_name\" content=\"Krafthand-Truck\" \/>\n<meta property=\"article:published_time\" content=\"2023-03-04T07:09:57+00:00\" \/>\n<meta property=\"article:modified_time\" content=\"2023-03-04T08:07:03+00:00\" \/>\n<meta property=\"og:image\" content=\"https:\/\/static.krafthand-truck.de\/uploads\/2023\/03\/Berner_Geschaeftsklimaindex_Nfz_Werkstatt.jpg\" \/>\n\t<meta property=\"og:image:width\" content=\"1200\" \/>\n\t<meta property=\"og:image:height\" content=\"616\" \/>\n\t<meta property=\"og:image:type\" content=\"image\/jpeg\" \/>\n<meta name=\"author\" content=\"georg.blenk@krafthand-medien.de\" \/>\n<meta name=\"twitter:card\" content=\"summary_large_image\" \/>\n<meta name=\"twitter:label1\" content=\"Verfasst von\" \/>\n\t<meta name=\"twitter:data1\" content=\"georg.blenk@krafthand-medien.de\" \/>\n\t<meta name=\"twitter:label2\" content=\"Gesch\u00e4tzte Lesezeit\" \/>\n\t<meta name=\"twitter:data2\" content=\"3\u00a0Minuten\" \/>\n<script type=\"application\/ld+json\" class=\"yoast-schema-graph\">{\"@context\":\"https:\\\/\\\/schema.org\",\"@graph\":[{\"@type\":\"Article\",\"@id\":\"https:\\\/\\\/www.krafthand.de\\\/truck\\\/artikel\\\/geschaeftsklimaindex-zuversicht-feiert-ein-comeback-in-den-nfz-werkstaetten-35282\\\/#article\",\"isPartOf\":{\"@id\":\"https:\\\/\\\/www.krafthand.de\\\/truck\\\/artikel\\\/geschaeftsklimaindex-zuversicht-feiert-ein-comeback-in-den-nfz-werkstaetten-35282\\\/\"},\"author\":{\"name\":\"georg.blenk@krafthand-medien.de\",\"@id\":\"https:\\\/\\\/www.krafthand.de\\\/truck\\\/#\\\/schema\\\/person\\\/51fa80b1c57034c4bf63f9f988fc24ce\"},\"headline\":\"Berner-Gesch\u00e4ftsklimaindex: Zuversicht feiert Comeback in den Nfz-Werkst\u00e4tten\",\"datePublished\":\"2023-03-04T07:09:57+00:00\",\"dateModified\":\"2023-03-04T08:07:03+00:00\",\"mainEntityOfPage\":{\"@id\":\"https:\\\/\\\/www.krafthand.de\\\/truck\\\/artikel\\\/geschaeftsklimaindex-zuversicht-feiert-ein-comeback-in-den-nfz-werkstaetten-35282\\\/\"},\"wordCount\":490,\"image\":{\"@id\":\"https:\\\/\\\/www.krafthand.de\\\/truck\\\/artikel\\\/geschaeftsklimaindex-zuversicht-feiert-ein-comeback-in-den-nfz-werkstaetten-35282\\\/#primaryimage\"},\"thumbnailUrl\":\"https:\\\/\\\/static.krafthand-truck.de\\\/uploads\\\/2023\\\/03\\\/Berner_Geschaeftsklimaindex_Nfz_Werkstatt.jpg\",\"keywords\":[\"Berner\",\"Gesch\u00e4ftsklimaindex\",\"Werkstattauslastung\"],\"articleSection\":[\"Studien\\\/F+E\"],\"inLanguage\":\"de\"},{\"@type\":\"WebPage\",\"@id\":\"https:\\\/\\\/www.krafthand.de\\\/truck\\\/artikel\\\/geschaeftsklimaindex-zuversicht-feiert-ein-comeback-in-den-nfz-werkstaetten-35282\\\/\",\"url\":\"https:\\\/\\\/www.krafthand.de\\\/truck\\\/artikel\\\/geschaeftsklimaindex-zuversicht-feiert-ein-comeback-in-den-nfz-werkstaetten-35282\\\/\",\"name\":\"Berner-Gesch\u00e4ftsklimaindex: Zuversicht feiert Comeback in den Nfz-Werkst\u00e4tten - Krafthand-Truck\",\"isPartOf\":{\"@id\":\"https:\\\/\\\/www.krafthand.de\\\/truck\\\/#website\"},\"primaryImageOfPage\":{\"@id\":\"https:\\\/\\\/www.krafthand.de\\\/truck\\\/artikel\\\/geschaeftsklimaindex-zuversicht-feiert-ein-comeback-in-den-nfz-werkstaetten-35282\\\/#primaryimage\"},\"image\":{\"@id\":\"https:\\\/\\\/www.krafthand.de\\\/truck\\\/artikel\\\/geschaeftsklimaindex-zuversicht-feiert-ein-comeback-in-den-nfz-werkstaetten-35282\\\/#primaryimage\"},\"thumbnailUrl\":\"https:\\\/\\\/static.krafthand-truck.de\\\/uploads\\\/2023\\\/03\\\/Berner_Geschaeftsklimaindex_Nfz_Werkstatt.jpg\",\"datePublished\":\"2023-03-04T07:09:57+00:00\",\"dateModified\":\"2023-03-04T08:07:03+00:00\",\"author\":{\"@id\":\"https:\\\/\\\/www.krafthand.de\\\/truck\\\/#\\\/schema\\\/person\\\/51fa80b1c57034c4bf63f9f988fc24ce\"},\"description\":\"Nach eher ged\u00e4mpfter Stimmung kehrt die Zuversicht in den Nfz-Werkst\u00e4tten zur\u00fcck. Das zeigt das neuen Branchenbarometer der Berner Group.\",\"breadcrumb\":{\"@id\":\"https:\\\/\\\/www.krafthand.de\\\/truck\\\/artikel\\\/geschaeftsklimaindex-zuversicht-feiert-ein-comeback-in-den-nfz-werkstaetten-35282\\\/#breadcrumb\"},\"inLanguage\":\"de\",\"potentialAction\":[{\"@type\":\"ReadAction\",\"target\":[\"https:\\\/\\\/www.krafthand.de\\\/truck\\\/artikel\\\/geschaeftsklimaindex-zuversicht-feiert-ein-comeback-in-den-nfz-werkstaetten-35282\\\/\"]}]},{\"@type\":\"ImageObject\",\"inLanguage\":\"de\",\"@id\":\"https:\\\/\\\/www.krafthand.de\\\/truck\\\/artikel\\\/geschaeftsklimaindex-zuversicht-feiert-ein-comeback-in-den-nfz-werkstaetten-35282\\\/#primaryimage\",\"url\":\"https:\\\/\\\/static.krafthand-truck.de\\\/uploads\\\/2023\\\/03\\\/Berner_Geschaeftsklimaindex_Nfz_Werkstatt.jpg\",\"contentUrl\":\"https:\\\/\\\/static.krafthand-truck.de\\\/uploads\\\/2023\\\/03\\\/Berner_Geschaeftsklimaindex_Nfz_Werkstatt.jpg\",\"width\":1200,\"height\":616},{\"@type\":\"BreadcrumbList\",\"@id\":\"https:\\\/\\\/www.krafthand.de\\\/truck\\\/artikel\\\/geschaeftsklimaindex-zuversicht-feiert-ein-comeback-in-den-nfz-werkstaetten-35282\\\/#breadcrumb\",\"itemListElement\":[{\"@type\":\"ListItem\",\"position\":1,\"name\":\"Krafthand-Truck\",\"item\":\"https:\\\/\\\/www.krafthand.de\\\/truck\\\/\"},{\"@type\":\"ListItem\",\"position\":2,\"name\":\"Nfz-Branche\",\"item\":\"https:\\\/\\\/www.krafthand.de\\\/truck\\\/kategorie\\\/branche\\\/\"},{\"@type\":\"ListItem\",\"position\":3,\"name\":\"Studien\\\/F+E\",\"item\":\"https:\\\/\\\/www.krafthand.de\\\/truck\\\/kategorie\\\/branche\\\/studien\\\/\"},{\"@type\":\"ListItem\",\"position\":4,\"name\":\"Berner-Gesch\u00e4ftsklimaindex: Zuversicht feiert Comeback in den Nfz-Werkst\u00e4tten\"}]},{\"@type\":\"WebSite\",\"@id\":\"https:\\\/\\\/www.krafthand.de\\\/truck\\\/#website\",\"url\":\"https:\\\/\\\/www.krafthand.de\\\/truck\\\/\",\"name\":\"Krafthand-Truck\",\"description\":\"\",\"potentialAction\":[{\"@type\":\"SearchAction\",\"target\":{\"@type\":\"EntryPoint\",\"urlTemplate\":\"https:\\\/\\\/www.krafthand.de\\\/truck\\\/?s={search_term_string}\"},\"query-input\":{\"@type\":\"PropertyValueSpecification\",\"valueRequired\":true,\"valueName\":\"search_term_string\"}}],\"inLanguage\":\"de\"},{\"@type\":\"Person\",\"@id\":\"https:\\\/\\\/www.krafthand.de\\\/truck\\\/#\\\/schema\\\/person\\\/51fa80b1c57034c4bf63f9f988fc24ce\",\"name\":\"georg.blenk@krafthand-medien.de\",\"image\":{\"@type\":\"ImageObject\",\"inLanguage\":\"de\",\"@id\":\"https:\\\/\\\/secure.gravatar.com\\\/avatar\\\/93713c30affe0aa95d3a4130e499bb1abee2eb31adbdd9ce2aa1543538490215?s=96&d=mm&r=g\",\"url\":\"https:\\\/\\\/secure.gravatar.com\\\/avatar\\\/93713c30affe0aa95d3a4130e499bb1abee2eb31adbdd9ce2aa1543538490215?s=96&d=mm&r=g\",\"contentUrl\":\"https:\\\/\\\/secure.gravatar.com\\\/avatar\\\/93713c30affe0aa95d3a4130e499bb1abee2eb31adbdd9ce2aa1543538490215?s=96&d=mm&r=g\",\"caption\":\"georg.blenk@krafthand-medien.de\"}}]}<\/script>\n<!-- \/ Yoast SEO plugin. -->","yoast_head_json":{"title":"Berner-Gesch\u00e4ftsklimaindex: Zuversicht feiert Comeback in den Nfz-Werkst\u00e4tten - Krafthand-Truck","description":"Nach eher ged\u00e4mpfter Stimmung kehrt die Zuversicht in den Nfz-Werkst\u00e4tten zur\u00fcck. Das zeigt das neuen Branchenbarometer der Berner Group.","robots":{"index":"index","follow":"follow","max-snippet":"max-snippet:-1","max-image-preview":"max-image-preview:large","max-video-preview":"max-video-preview:-1"},"canonical":"https:\/\/www.krafthand.de\/truck\/artikel\/geschaeftsklimaindex-zuversicht-feiert-ein-comeback-in-den-nfz-werkstaetten-35282\/","og_locale":"de_DE","og_type":"article","og_title":"Berner-Gesch\u00e4ftsklimaindex: Zuversicht feiert Comeback in den Nfz-Werkst\u00e4tten - Krafthand-Truck","og_description":"Nach eher ged\u00e4mpfter Stimmung kehrt die Zuversicht in den Nfz-Werkst\u00e4tten zur\u00fcck. Das zeigt das neuen Branchenbarometer der Berner Group.","og_url":"https:\/\/www.krafthand-truck.de\/artikel\/geschaeftsklimaindex-zuversicht-feiert-ein-comeback-in-den-nfz-werkstaetten-35282\/","og_site_name":"Krafthand-Truck","article_published_time":"2023-03-04T07:09:57+00:00","article_modified_time":"2023-03-04T08:07:03+00:00","og_image":[{"width":1200,"height":616,"url":"https:\/\/static.krafthand-truck.de\/uploads\/2023\/03\/Berner_Geschaeftsklimaindex_Nfz_Werkstatt.jpg","type":"image\/jpeg"}],"author":"georg.blenk@krafthand-medien.de","twitter_card":"summary_large_image","twitter_misc":{"Verfasst von":"georg.blenk@krafthand-medien.de","Gesch\u00e4tzte Lesezeit":"3\u00a0Minuten"},"schema":{"@context":"https:\/\/schema.org","@graph":[{"@type":"Article","@id":"https:\/\/www.krafthand.de\/truck\/artikel\/geschaeftsklimaindex-zuversicht-feiert-ein-comeback-in-den-nfz-werkstaetten-35282\/#article","isPartOf":{"@id":"https:\/\/www.krafthand.de\/truck\/artikel\/geschaeftsklimaindex-zuversicht-feiert-ein-comeback-in-den-nfz-werkstaetten-35282\/"},"author":{"name":"georg.blenk@krafthand-medien.de","@id":"https:\/\/www.krafthand.de\/truck\/#\/schema\/person\/51fa80b1c57034c4bf63f9f988fc24ce"},"headline":"Berner-Gesch\u00e4ftsklimaindex: Zuversicht feiert Comeback in den Nfz-Werkst\u00e4tten","datePublished":"2023-03-04T07:09:57+00:00","dateModified":"2023-03-04T08:07:03+00:00","mainEntityOfPage":{"@id":"https:\/\/www.krafthand.de\/truck\/artikel\/geschaeftsklimaindex-zuversicht-feiert-ein-comeback-in-den-nfz-werkstaetten-35282\/"},"wordCount":490,"image":{"@id":"https:\/\/www.krafthand.de\/truck\/artikel\/geschaeftsklimaindex-zuversicht-feiert-ein-comeback-in-den-nfz-werkstaetten-35282\/#primaryimage"},"thumbnailUrl":"https:\/\/static.krafthand-truck.de\/uploads\/2023\/03\/Berner_Geschaeftsklimaindex_Nfz_Werkstatt.jpg","keywords":["Berner","Gesch\u00e4ftsklimaindex","Werkstattauslastung"],"articleSection":["Studien\/F+E"],"inLanguage":"de"},{"@type":"WebPage","@id":"https:\/\/www.krafthand.de\/truck\/artikel\/geschaeftsklimaindex-zuversicht-feiert-ein-comeback-in-den-nfz-werkstaetten-35282\/","url":"https:\/\/www.krafthand.de\/truck\/artikel\/geschaeftsklimaindex-zuversicht-feiert-ein-comeback-in-den-nfz-werkstaetten-35282\/","name":"Berner-Gesch\u00e4ftsklimaindex: Zuversicht feiert Comeback in den Nfz-Werkst\u00e4tten - Krafthand-Truck","isPartOf":{"@id":"https:\/\/www.krafthand.de\/truck\/#website"},"primaryImageOfPage":{"@id":"https:\/\/www.krafthand.de\/truck\/artikel\/geschaeftsklimaindex-zuversicht-feiert-ein-comeback-in-den-nfz-werkstaetten-35282\/#primaryimage"},"image":{"@id":"https:\/\/www.krafthand.de\/truck\/artikel\/geschaeftsklimaindex-zuversicht-feiert-ein-comeback-in-den-nfz-werkstaetten-35282\/#primaryimage"},"thumbnailUrl":"https:\/\/static.krafthand-truck.de\/uploads\/2023\/03\/Berner_Geschaeftsklimaindex_Nfz_Werkstatt.jpg","datePublished":"2023-03-04T07:09:57+00:00","dateModified":"2023-03-04T08:07:03+00:00","author":{"@id":"https:\/\/www.krafthand.de\/truck\/#\/schema\/person\/51fa80b1c57034c4bf63f9f988fc24ce"},"description":"Nach eher ged\u00e4mpfter Stimmung kehrt die Zuversicht in den Nfz-Werkst\u00e4tten zur\u00fcck. Das zeigt das neuen Branchenbarometer der Berner Group.","breadcrumb":{"@id":"https:\/\/www.krafthand.de\/truck\/artikel\/geschaeftsklimaindex-zuversicht-feiert-ein-comeback-in-den-nfz-werkstaetten-35282\/#breadcrumb"},"inLanguage":"de","potentialAction":[{"@type":"ReadAction","target":["https:\/\/www.krafthand.de\/truck\/artikel\/geschaeftsklimaindex-zuversicht-feiert-ein-comeback-in-den-nfz-werkstaetten-35282\/"]}]},{"@type":"ImageObject","inLanguage":"de","@id":"https:\/\/www.krafthand.de\/truck\/artikel\/geschaeftsklimaindex-zuversicht-feiert-ein-comeback-in-den-nfz-werkstaetten-35282\/#primaryimage","url":"https:\/\/static.krafthand-truck.de\/uploads\/2023\/03\/Berner_Geschaeftsklimaindex_Nfz_Werkstatt.jpg","contentUrl":"https:\/\/static.krafthand-truck.de\/uploads\/2023\/03\/Berner_Geschaeftsklimaindex_Nfz_Werkstatt.jpg","width":1200,"height":616},{"@type":"BreadcrumbList","@id":"https:\/\/www.krafthand.de\/truck\/artikel\/geschaeftsklimaindex-zuversicht-feiert-ein-comeback-in-den-nfz-werkstaetten-35282\/#breadcrumb","itemListElement":[{"@type":"ListItem","position":1,"name":"Krafthand-Truck","item":"https:\/\/www.krafthand.de\/truck\/"},{"@type":"ListItem","position":2,"name":"Nfz-Branche","item":"https:\/\/www.krafthand.de\/truck\/kategorie\/branche\/"},{"@type":"ListItem","position":3,"name":"Studien\/F+E","item":"https:\/\/www.krafthand.de\/truck\/kategorie\/branche\/studien\/"},{"@type":"ListItem","position":4,"name":"Berner-Gesch\u00e4ftsklimaindex: Zuversicht feiert Comeback in den Nfz-Werkst\u00e4tten"}]},{"@type":"WebSite","@id":"https:\/\/www.krafthand.de\/truck\/#website","url":"https:\/\/www.krafthand.de\/truck\/","name":"Krafthand-Truck","description":"","potentialAction":[{"@type":"SearchAction","target":{"@type":"EntryPoint","urlTemplate":"https:\/\/www.krafthand.de\/truck\/?s={search_term_string}"},"query-input":{"@type":"PropertyValueSpecification","valueRequired":true,"valueName":"search_term_string"}}],"inLanguage":"de"},{"@type":"Person","@id":"https:\/\/www.krafthand.de\/truck\/#\/schema\/person\/51fa80b1c57034c4bf63f9f988fc24ce","name":"georg.blenk@krafthand-medien.de","image":{"@type":"ImageObject","inLanguage":"de","@id":"https:\/\/secure.gravatar.com\/avatar\/93713c30affe0aa95d3a4130e499bb1abee2eb31adbdd9ce2aa1543538490215?s=96&d=mm&r=g","url":"https:\/\/secure.gravatar.com\/avatar\/93713c30affe0aa95d3a4130e499bb1abee2eb31adbdd9ce2aa1543538490215?s=96&d=mm&r=g","contentUrl":"https:\/\/secure.gravatar.com\/avatar\/93713c30affe0aa95d3a4130e499bb1abee2eb31adbdd9ce2aa1543538490215?s=96&d=mm&r=g","caption":"georg.blenk@krafthand-medien.de"}}]}},"_links":{"self":[{"href":"https:\/\/www.krafthand.de\/truck\/wp-json\/wp\/v2\/posts\/35282","targetHints":{"allow":["GET"]}}],"collection":[{"href":"https:\/\/www.krafthand.de\/truck\/wp-json\/wp\/v2\/posts"}],"about":[{"href":"https:\/\/www.krafthand.de\/truck\/wp-json\/wp\/v2\/types\/post"}],"author":[{"embeddable":true,"href":"https:\/\/www.krafthand.de\/truck\/wp-json\/wp\/v2\/users\/9"}],"replies":[{"embeddable":true,"href":"https:\/\/www.krafthand.de\/truck\/wp-json\/wp\/v2\/comments?post=35282"}],"version-history":[{"count":10,"href":"https:\/\/www.krafthand.de\/truck\/wp-json\/wp\/v2\/posts\/35282\/revisions"}],"predecessor-version":[{"id":35296,"href":"https:\/\/www.krafthand.de\/truck\/wp-json\/wp\/v2\/posts\/35282\/revisions\/35296"}],"wp:featuredmedia":[{"embeddable":true,"href":"https:\/\/www.krafthand.de\/truck\/wp-json\/wp\/v2\/media\/35290"}],"wp:attachment":[{"href":"https:\/\/www.krafthand.de\/truck\/wp-json\/wp\/v2\/media?parent=35282"}],"wp:term":[{"taxonomy":"category","embeddable":true,"href":"https:\/\/www.krafthand.de\/truck\/wp-json\/wp\/v2\/categories?post=35282"},{"taxonomy":"post_tag","embeddable":true,"href":"https:\/\/www.krafthand.de\/truck\/wp-json\/wp\/v2\/tags?post=35282"},{"taxonomy":"settings","embeddable":true,"href":"https:\/\/www.krafthand.de\/truck\/wp-json\/wp\/v2\/settings?post=35282"}],"curies":[{"name":"wp","href":"https:\/\/api.w.org\/{rel}","templated":true}]}}