{"id":35253,"date":"2023-02-28T08:22:29","date_gmt":"2023-02-28T07:22:29","guid":{"rendered":"https:\/\/www.krafthand.de\/truck\/?p=35253"},"modified":"2023-02-28T11:40:54","modified_gmt":"2023-02-28T10:40:54","slug":"truck-as-a-service-volta-trucks-mit-neuem-service-standort-in-duisburg","status":"publish","type":"post","link":"https:\/\/www.krafthand.de\/truck\/artikel\/truck-as-a-service-volta-trucks-mit-neuem-service-standort-in-duisburg-35253\/","title":{"rendered":"Truck-as-a-Service: Volta-Trucks mit neuem Standort"},"content":{"rendered":"<p>Volta Trucks, Hersteller und Dienstleister f\u00fcr vollelektrische Nutzfahrzeuge, hat seinen ersten Truck-as-a-Service-Hub (kurz TaaS) in Deutschland er\u00f6ffnet. In Duisburg m\u00f6chte das Unternehmen wichtige Leistungen f\u00fcr die in der Region eingesetzten E-Lkw vom Typ Volta Zero b\u00fcndeln, darunter eine umfassende Kundenbetreuung, Schulungen sowie Wartung und Service.<\/p>\n<p>Das Areal umfasst 3.000 Quadratmeter und verf\u00fcgt \u00fcber acht Reparaturbuchten f\u00fcr die Routinewartungen der Volta Zero E-Lkw sowie \u00fcber zw\u00f6lf Lkw-Au\u00dfenstellpl\u00e4tze. Laut <a href=\"https:\/\/voltatrucks.com\/de\/\" target=\"_blank\" rel=\"noopener\">Volta-Trucks<\/a> ist zudem ein Ausstellungsraum, Verwaltungsb\u00fcros und Konferenzr\u00e4ume sowie ein Schulungszentrum geplant. Die sogenannte Volta Trucks Academy dient dem Training von Fahrern, Vertriebsteams, Fuhrparkleitern und Technikern, die an den Elektro-Lkw arbeiten. Volta Trucks m\u00f6chte das f\u00fcr den Duisburger Standort verantwortliche Team kontinuierlich ausbauen und <strong>ist auf der Suche nach qualifizierten Besch\u00e4ftigten.<\/strong><\/p>\n<h3>Truck-as-a-Service<\/h3>\n<p>Truck-as-a-Service wurde entwickelt, um die Einf\u00fchrung von elektrisch betriebenen Nutzfahrzeugen zu beschleunigen. Ziel ist es, eine Dienstleistung anzubieten, die Fuhrparkmanagern einen reibungslosen und unkomplizierten Umstieg auf eine elektrische Flotte erm\u00f6glicht und gleichzeitig das Umstellungsrisiko reduziert. Das Angebot ist laut Volta-Trucks dabei auf den jeweiligen Bedarf des Kunden zugeschnitten und unterst\u00fctzt jeden Schritt der Elektrifizierung: So wird nur eine einzige, erschwingliche monatliche Geb\u00fchr f\u00e4llig, die die Nutzung des vollelektrischen Volta Zero, die ben\u00f6tigte Ladeinfrastruktur und alle damit verbundenen Wartungs-, Instandhaltungs-, Versicherungs- und Schulungsanforderungen abdeckt.<\/p>\n<blockquote><p>\u201eDie Rhein-Ruhr-Region ist hochindustrialisiert und die Heimat vieler Logistikunternehmen. Als einer der gr\u00f6\u00dften Ballungsr\u00e4ume Europas mit zahlreichen Gro\u00dfst\u00e4dten bietet sie viele Chancen f\u00fcr die Last-Mile-Logistik \u2013 und somit auch f\u00fcr Volta Trucks\u201c, so Casper Norden, Chief Fleet Solutions Officer bei Volta Trucks.<\/p><\/blockquote>\n<p>Deutschland ist neben Spanien das dritte Land mit einem eigenen Volta-Trucks-Hub \u2013 und folgt damit auf die bereits bestehenden Einrichtungen in Bonneuil-sur-Marne, s\u00fcdlich von Paris, und Tottenham in London. Mit dem Netzwerk der Volta-Trucks-Hubs m\u00f6chte das Unternehmen gro\u00dfe Ballungsr\u00e4ume mit spezialisierten Service- und Wartungszentren abdecken und so einen wesentlichen Baustein f\u00fcr die Umsetzung des Truck-as-a-Service-Angebots schaffen.<\/p>\n<p><i>Den Beitrag finden Sie auch in der Print-Ausgabe 1-2023 der <a href=\"https:\/\/www.krafthand.de\/truck\/magazin\/\" title=\"Zum Magazin\">Krafthand-Truck<\/a>.<\/i><\/p>","protected":false},"excerpt":{"rendered":"<p>Volta Trucks hat seinen ersten Truck-as-a-Service-Hub (kurz TaaS) in Deutschland er\u00f6ffnet. In Duisburg m\u00f6chte das Unternehmen wichtige Leistungen f\u00fcr die in der Region eingesetzten E-Lkw vom Typ Volta Zero b\u00fcndeln, darunter eine umfassende Kundenbetreuung, Schulungen sowie Wartung und Service. <span class=\"excerpt-more__dots\">&#8230;<\/span> <a class=\"excerpt-more__link\" href=\"https:\/\/www.krafthand.de\/truck\/artikel\/truck-as-a-service-volta-trucks-mit-neuem-service-standort-in-duisburg-35253\/\" >weiter<\/a><\/p>\n","protected":false},"author":9,"featured_media":35257,"comment_status":"closed","ping_status":"closed","sticky":false,"template":"","format":"standard","meta":{"footnotes":""},"categories":[4224,4235],"tags":[5540,4176,199],"settings":[4766,3523],"class_list":["post-35253","post","type-post","status-publish","format-standard","has-post-thumbnail","hentry","category-e-antrieb","category-unternehmen","tag-service-hub","tag-volta-trucks","tag-werkstatt"],"yoast_head":"<!-- This site is optimized with the Yoast SEO plugin v27.3 - https:\/\/yoast.com\/product\/yoast-seo-wordpress\/ -->\n<title>Truck-as-a-Service: Volta-Trucks mit neuem Standort - Krafthand-Truck<\/title>\n<meta name=\"description\" content=\"Volta Trucks hat seinen ersten Truck-as-a-Service-Hub (kurz TaaS) f\u00fcr den Volta-Zero in Deutschland er\u00f6ffnet.\" \/>\n<meta name=\"robots\" content=\"index, follow, max-snippet:-1, max-image-preview:large, max-video-preview:-1\" \/>\n<link rel=\"canonical\" href=\"https:\/\/www.krafthand.de\/truck\/artikel\/truck-as-a-service-volta-trucks-mit-neuem-service-standort-in-duisburg-35253\/\" \/>\n<meta property=\"og:locale\" content=\"de_DE\" \/>\n<meta property=\"og:type\" content=\"article\" \/>\n<meta property=\"og:title\" content=\"Truck-as-a-Service: Volta-Trucks mit neuem Standort - Krafthand-Truck\" \/>\n<meta property=\"og:description\" content=\"Volta Trucks hat seinen ersten Truck-as-a-Service-Hub (kurz TaaS) f\u00fcr den Volta-Zero in Deutschland er\u00f6ffnet.\" \/>\n<meta property=\"og:url\" content=\"https:\/\/www.krafthand-truck.de\/artikel\/truck-as-a-service-volta-trucks-mit-neuem-service-standort-in-duisburg-35253\/\" \/>\n<meta property=\"og:site_name\" content=\"Krafthand-Truck\" \/>\n<meta property=\"article:published_time\" content=\"2023-02-28T07:22:29+00:00\" \/>\n<meta property=\"article:modified_time\" content=\"2023-02-28T10:40:54+00:00\" \/>\n<meta property=\"og:image\" content=\"https:\/\/static.krafthand-truck.de\/uploads\/2023\/02\/Volta-Trucks_Service_Hub_Duisburg.jpg\" \/>\n\t<meta property=\"og:image:width\" content=\"1200\" \/>\n\t<meta property=\"og:image:height\" content=\"660\" \/>\n\t<meta property=\"og:image:type\" content=\"image\/jpeg\" \/>\n<meta name=\"author\" content=\"georg.blenk@krafthand-medien.de\" \/>\n<meta name=\"twitter:card\" content=\"summary_large_image\" \/>\n<meta name=\"twitter:label1\" content=\"Verfasst von\" \/>\n\t<meta name=\"twitter:data1\" content=\"georg.blenk@krafthand-medien.de\" \/>\n\t<meta name=\"twitter:label2\" content=\"Gesch\u00e4tzte Lesezeit\" \/>\n\t<meta name=\"twitter:data2\" content=\"2\u00a0Minuten\" \/>\n<script type=\"application\/ld+json\" class=\"yoast-schema-graph\">{\"@context\":\"https:\\\/\\\/schema.org\",\"@graph\":[{\"@type\":\"Article\",\"@id\":\"https:\\\/\\\/www.krafthand.de\\\/truck\\\/artikel\\\/truck-as-a-service-volta-trucks-mit-neuem-service-standort-in-duisburg-35253\\\/#article\",\"isPartOf\":{\"@id\":\"https:\\\/\\\/www.krafthand.de\\\/truck\\\/artikel\\\/truck-as-a-service-volta-trucks-mit-neuem-service-standort-in-duisburg-35253\\\/\"},\"author\":{\"name\":\"georg.blenk@krafthand-medien.de\",\"@id\":\"https:\\\/\\\/www.krafthand.de\\\/truck\\\/#\\\/schema\\\/person\\\/51fa80b1c57034c4bf63f9f988fc24ce\"},\"headline\":\"Truck-as-a-Service: Volta-Trucks mit neuem Standort\",\"datePublished\":\"2023-02-28T07:22:29+00:00\",\"dateModified\":\"2023-02-28T10:40:54+00:00\",\"mainEntityOfPage\":{\"@id\":\"https:\\\/\\\/www.krafthand.de\\\/truck\\\/artikel\\\/truck-as-a-service-volta-trucks-mit-neuem-service-standort-in-duisburg-35253\\\/\"},\"wordCount\":334,\"image\":{\"@id\":\"https:\\\/\\\/www.krafthand.de\\\/truck\\\/artikel\\\/truck-as-a-service-volta-trucks-mit-neuem-service-standort-in-duisburg-35253\\\/#primaryimage\"},\"thumbnailUrl\":\"https:\\\/\\\/static.krafthand-truck.de\\\/uploads\\\/2023\\\/02\\\/Volta-Trucks_Service_Hub_Duisburg.jpg\",\"keywords\":[\"Service-Hub\",\"Volta-Trucks\",\"Werkstatt\"],\"articleSection\":[\"E-Antrieb (BEV\\\/FCEV)\",\"Unternehmen\"],\"inLanguage\":\"de\"},{\"@type\":\"WebPage\",\"@id\":\"https:\\\/\\\/www.krafthand.de\\\/truck\\\/artikel\\\/truck-as-a-service-volta-trucks-mit-neuem-service-standort-in-duisburg-35253\\\/\",\"url\":\"https:\\\/\\\/www.krafthand.de\\\/truck\\\/artikel\\\/truck-as-a-service-volta-trucks-mit-neuem-service-standort-in-duisburg-35253\\\/\",\"name\":\"Truck-as-a-Service: Volta-Trucks mit neuem Standort - Krafthand-Truck\",\"isPartOf\":{\"@id\":\"https:\\\/\\\/www.krafthand.de\\\/truck\\\/#website\"},\"primaryImageOfPage\":{\"@id\":\"https:\\\/\\\/www.krafthand.de\\\/truck\\\/artikel\\\/truck-as-a-service-volta-trucks-mit-neuem-service-standort-in-duisburg-35253\\\/#primaryimage\"},\"image\":{\"@id\":\"https:\\\/\\\/www.krafthand.de\\\/truck\\\/artikel\\\/truck-as-a-service-volta-trucks-mit-neuem-service-standort-in-duisburg-35253\\\/#primaryimage\"},\"thumbnailUrl\":\"https:\\\/\\\/static.krafthand-truck.de\\\/uploads\\\/2023\\\/02\\\/Volta-Trucks_Service_Hub_Duisburg.jpg\",\"datePublished\":\"2023-02-28T07:22:29+00:00\",\"dateModified\":\"2023-02-28T10:40:54+00:00\",\"author\":{\"@id\":\"https:\\\/\\\/www.krafthand.de\\\/truck\\\/#\\\/schema\\\/person\\\/51fa80b1c57034c4bf63f9f988fc24ce\"},\"description\":\"Volta Trucks hat seinen ersten Truck-as-a-Service-Hub (kurz TaaS) f\u00fcr den Volta-Zero in Deutschland er\u00f6ffnet.\",\"breadcrumb\":{\"@id\":\"https:\\\/\\\/www.krafthand.de\\\/truck\\\/artikel\\\/truck-as-a-service-volta-trucks-mit-neuem-service-standort-in-duisburg-35253\\\/#breadcrumb\"},\"inLanguage\":\"de\",\"potentialAction\":[{\"@type\":\"ReadAction\",\"target\":[\"https:\\\/\\\/www.krafthand.de\\\/truck\\\/artikel\\\/truck-as-a-service-volta-trucks-mit-neuem-service-standort-in-duisburg-35253\\\/\"]}]},{\"@type\":\"ImageObject\",\"inLanguage\":\"de\",\"@id\":\"https:\\\/\\\/www.krafthand.de\\\/truck\\\/artikel\\\/truck-as-a-service-volta-trucks-mit-neuem-service-standort-in-duisburg-35253\\\/#primaryimage\",\"url\":\"https:\\\/\\\/static.krafthand-truck.de\\\/uploads\\\/2023\\\/02\\\/Volta-Trucks_Service_Hub_Duisburg.jpg\",\"contentUrl\":\"https:\\\/\\\/static.krafthand-truck.de\\\/uploads\\\/2023\\\/02\\\/Volta-Trucks_Service_Hub_Duisburg.jpg\",\"width\":1200,\"height\":660},{\"@type\":\"BreadcrumbList\",\"@id\":\"https:\\\/\\\/www.krafthand.de\\\/truck\\\/artikel\\\/truck-as-a-service-volta-trucks-mit-neuem-service-standort-in-duisburg-35253\\\/#breadcrumb\",\"itemListElement\":[{\"@type\":\"ListItem\",\"position\":1,\"name\":\"Krafthand-Truck\",\"item\":\"https:\\\/\\\/www.krafthand.de\\\/truck\\\/\"},{\"@type\":\"ListItem\",\"position\":2,\"name\":\"Nfz-Branche\",\"item\":\"https:\\\/\\\/www.krafthand.de\\\/truck\\\/kategorie\\\/branche\\\/\"},{\"@type\":\"ListItem\",\"position\":3,\"name\":\"Unternehmen\",\"item\":\"https:\\\/\\\/www.krafthand.de\\\/truck\\\/kategorie\\\/branche\\\/unternehmen\\\/\"},{\"@type\":\"ListItem\",\"position\":4,\"name\":\"Truck-as-a-Service: Volta-Trucks mit neuem Standort\"}]},{\"@type\":\"WebSite\",\"@id\":\"https:\\\/\\\/www.krafthand.de\\\/truck\\\/#website\",\"url\":\"https:\\\/\\\/www.krafthand.de\\\/truck\\\/\",\"name\":\"Krafthand-Truck\",\"description\":\"\",\"potentialAction\":[{\"@type\":\"SearchAction\",\"target\":{\"@type\":\"EntryPoint\",\"urlTemplate\":\"https:\\\/\\\/www.krafthand.de\\\/truck\\\/?s={search_term_string}\"},\"query-input\":{\"@type\":\"PropertyValueSpecification\",\"valueRequired\":true,\"valueName\":\"search_term_string\"}}],\"inLanguage\":\"de\"},{\"@type\":\"Person\",\"@id\":\"https:\\\/\\\/www.krafthand.de\\\/truck\\\/#\\\/schema\\\/person\\\/51fa80b1c57034c4bf63f9f988fc24ce\",\"name\":\"georg.blenk@krafthand-medien.de\",\"image\":{\"@type\":\"ImageObject\",\"inLanguage\":\"de\",\"@id\":\"https:\\\/\\\/secure.gravatar.com\\\/avatar\\\/93713c30affe0aa95d3a4130e499bb1abee2eb31adbdd9ce2aa1543538490215?s=96&d=mm&r=g\",\"url\":\"https:\\\/\\\/secure.gravatar.com\\\/avatar\\\/93713c30affe0aa95d3a4130e499bb1abee2eb31adbdd9ce2aa1543538490215?s=96&d=mm&r=g\",\"contentUrl\":\"https:\\\/\\\/secure.gravatar.com\\\/avatar\\\/93713c30affe0aa95d3a4130e499bb1abee2eb31adbdd9ce2aa1543538490215?s=96&d=mm&r=g\",\"caption\":\"georg.blenk@krafthand-medien.de\"}}]}<\/script>\n<!-- \/ Yoast SEO plugin. -->","yoast_head_json":{"title":"Truck-as-a-Service: Volta-Trucks mit neuem Standort - Krafthand-Truck","description":"Volta Trucks hat seinen ersten Truck-as-a-Service-Hub (kurz TaaS) f\u00fcr den Volta-Zero in Deutschland er\u00f6ffnet.","robots":{"index":"index","follow":"follow","max-snippet":"max-snippet:-1","max-image-preview":"max-image-preview:large","max-video-preview":"max-video-preview:-1"},"canonical":"https:\/\/www.krafthand.de\/truck\/artikel\/truck-as-a-service-volta-trucks-mit-neuem-service-standort-in-duisburg-35253\/","og_locale":"de_DE","og_type":"article","og_title":"Truck-as-a-Service: Volta-Trucks mit neuem Standort - Krafthand-Truck","og_description":"Volta Trucks hat seinen ersten Truck-as-a-Service-Hub (kurz TaaS) f\u00fcr den Volta-Zero in Deutschland er\u00f6ffnet.","og_url":"https:\/\/www.krafthand-truck.de\/artikel\/truck-as-a-service-volta-trucks-mit-neuem-service-standort-in-duisburg-35253\/","og_site_name":"Krafthand-Truck","article_published_time":"2023-02-28T07:22:29+00:00","article_modified_time":"2023-02-28T10:40:54+00:00","og_image":[{"width":1200,"height":660,"url":"https:\/\/static.krafthand-truck.de\/uploads\/2023\/02\/Volta-Trucks_Service_Hub_Duisburg.jpg","type":"image\/jpeg"}],"author":"georg.blenk@krafthand-medien.de","twitter_card":"summary_large_image","twitter_misc":{"Verfasst von":"georg.blenk@krafthand-medien.de","Gesch\u00e4tzte Lesezeit":"2\u00a0Minuten"},"schema":{"@context":"https:\/\/schema.org","@graph":[{"@type":"Article","@id":"https:\/\/www.krafthand.de\/truck\/artikel\/truck-as-a-service-volta-trucks-mit-neuem-service-standort-in-duisburg-35253\/#article","isPartOf":{"@id":"https:\/\/www.krafthand.de\/truck\/artikel\/truck-as-a-service-volta-trucks-mit-neuem-service-standort-in-duisburg-35253\/"},"author":{"name":"georg.blenk@krafthand-medien.de","@id":"https:\/\/www.krafthand.de\/truck\/#\/schema\/person\/51fa80b1c57034c4bf63f9f988fc24ce"},"headline":"Truck-as-a-Service: Volta-Trucks mit neuem Standort","datePublished":"2023-02-28T07:22:29+00:00","dateModified":"2023-02-28T10:40:54+00:00","mainEntityOfPage":{"@id":"https:\/\/www.krafthand.de\/truck\/artikel\/truck-as-a-service-volta-trucks-mit-neuem-service-standort-in-duisburg-35253\/"},"wordCount":334,"image":{"@id":"https:\/\/www.krafthand.de\/truck\/artikel\/truck-as-a-service-volta-trucks-mit-neuem-service-standort-in-duisburg-35253\/#primaryimage"},"thumbnailUrl":"https:\/\/static.krafthand-truck.de\/uploads\/2023\/02\/Volta-Trucks_Service_Hub_Duisburg.jpg","keywords":["Service-Hub","Volta-Trucks","Werkstatt"],"articleSection":["E-Antrieb (BEV\/FCEV)","Unternehmen"],"inLanguage":"de"},{"@type":"WebPage","@id":"https:\/\/www.krafthand.de\/truck\/artikel\/truck-as-a-service-volta-trucks-mit-neuem-service-standort-in-duisburg-35253\/","url":"https:\/\/www.krafthand.de\/truck\/artikel\/truck-as-a-service-volta-trucks-mit-neuem-service-standort-in-duisburg-35253\/","name":"Truck-as-a-Service: Volta-Trucks mit neuem Standort - Krafthand-Truck","isPartOf":{"@id":"https:\/\/www.krafthand.de\/truck\/#website"},"primaryImageOfPage":{"@id":"https:\/\/www.krafthand.de\/truck\/artikel\/truck-as-a-service-volta-trucks-mit-neuem-service-standort-in-duisburg-35253\/#primaryimage"},"image":{"@id":"https:\/\/www.krafthand.de\/truck\/artikel\/truck-as-a-service-volta-trucks-mit-neuem-service-standort-in-duisburg-35253\/#primaryimage"},"thumbnailUrl":"https:\/\/static.krafthand-truck.de\/uploads\/2023\/02\/Volta-Trucks_Service_Hub_Duisburg.jpg","datePublished":"2023-02-28T07:22:29+00:00","dateModified":"2023-02-28T10:40:54+00:00","author":{"@id":"https:\/\/www.krafthand.de\/truck\/#\/schema\/person\/51fa80b1c57034c4bf63f9f988fc24ce"},"description":"Volta Trucks hat seinen ersten Truck-as-a-Service-Hub (kurz TaaS) f\u00fcr den Volta-Zero in Deutschland er\u00f6ffnet.","breadcrumb":{"@id":"https:\/\/www.krafthand.de\/truck\/artikel\/truck-as-a-service-volta-trucks-mit-neuem-service-standort-in-duisburg-35253\/#breadcrumb"},"inLanguage":"de","potentialAction":[{"@type":"ReadAction","target":["https:\/\/www.krafthand.de\/truck\/artikel\/truck-as-a-service-volta-trucks-mit-neuem-service-standort-in-duisburg-35253\/"]}]},{"@type":"ImageObject","inLanguage":"de","@id":"https:\/\/www.krafthand.de\/truck\/artikel\/truck-as-a-service-volta-trucks-mit-neuem-service-standort-in-duisburg-35253\/#primaryimage","url":"https:\/\/static.krafthand-truck.de\/uploads\/2023\/02\/Volta-Trucks_Service_Hub_Duisburg.jpg","contentUrl":"https:\/\/static.krafthand-truck.de\/uploads\/2023\/02\/Volta-Trucks_Service_Hub_Duisburg.jpg","width":1200,"height":660},{"@type":"BreadcrumbList","@id":"https:\/\/www.krafthand.de\/truck\/artikel\/truck-as-a-service-volta-trucks-mit-neuem-service-standort-in-duisburg-35253\/#breadcrumb","itemListElement":[{"@type":"ListItem","position":1,"name":"Krafthand-Truck","item":"https:\/\/www.krafthand.de\/truck\/"},{"@type":"ListItem","position":2,"name":"Nfz-Branche","item":"https:\/\/www.krafthand.de\/truck\/kategorie\/branche\/"},{"@type":"ListItem","position":3,"name":"Unternehmen","item":"https:\/\/www.krafthand.de\/truck\/kategorie\/branche\/unternehmen\/"},{"@type":"ListItem","position":4,"name":"Truck-as-a-Service: Volta-Trucks mit neuem Standort"}]},{"@type":"WebSite","@id":"https:\/\/www.krafthand.de\/truck\/#website","url":"https:\/\/www.krafthand.de\/truck\/","name":"Krafthand-Truck","description":"","potentialAction":[{"@type":"SearchAction","target":{"@type":"EntryPoint","urlTemplate":"https:\/\/www.krafthand.de\/truck\/?s={search_term_string}"},"query-input":{"@type":"PropertyValueSpecification","valueRequired":true,"valueName":"search_term_string"}}],"inLanguage":"de"},{"@type":"Person","@id":"https:\/\/www.krafthand.de\/truck\/#\/schema\/person\/51fa80b1c57034c4bf63f9f988fc24ce","name":"georg.blenk@krafthand-medien.de","image":{"@type":"ImageObject","inLanguage":"de","@id":"https:\/\/secure.gravatar.com\/avatar\/93713c30affe0aa95d3a4130e499bb1abee2eb31adbdd9ce2aa1543538490215?s=96&d=mm&r=g","url":"https:\/\/secure.gravatar.com\/avatar\/93713c30affe0aa95d3a4130e499bb1abee2eb31adbdd9ce2aa1543538490215?s=96&d=mm&r=g","contentUrl":"https:\/\/secure.gravatar.com\/avatar\/93713c30affe0aa95d3a4130e499bb1abee2eb31adbdd9ce2aa1543538490215?s=96&d=mm&r=g","caption":"georg.blenk@krafthand-medien.de"}}]}},"_links":{"self":[{"href":"https:\/\/www.krafthand.de\/truck\/wp-json\/wp\/v2\/posts\/35253","targetHints":{"allow":["GET"]}}],"collection":[{"href":"https:\/\/www.krafthand.de\/truck\/wp-json\/wp\/v2\/posts"}],"about":[{"href":"https:\/\/www.krafthand.de\/truck\/wp-json\/wp\/v2\/types\/post"}],"author":[{"embeddable":true,"href":"https:\/\/www.krafthand.de\/truck\/wp-json\/wp\/v2\/users\/9"}],"replies":[{"embeddable":true,"href":"https:\/\/www.krafthand.de\/truck\/wp-json\/wp\/v2\/comments?post=35253"}],"version-history":[{"count":13,"href":"https:\/\/www.krafthand.de\/truck\/wp-json\/wp\/v2\/posts\/35253\/revisions"}],"predecessor-version":[{"id":35267,"href":"https:\/\/www.krafthand.de\/truck\/wp-json\/wp\/v2\/posts\/35253\/revisions\/35267"}],"wp:featuredmedia":[{"embeddable":true,"href":"https:\/\/www.krafthand.de\/truck\/wp-json\/wp\/v2\/media\/35257"}],"wp:attachment":[{"href":"https:\/\/www.krafthand.de\/truck\/wp-json\/wp\/v2\/media?parent=35253"}],"wp:term":[{"taxonomy":"category","embeddable":true,"href":"https:\/\/www.krafthand.de\/truck\/wp-json\/wp\/v2\/categories?post=35253"},{"taxonomy":"post_tag","embeddable":true,"href":"https:\/\/www.krafthand.de\/truck\/wp-json\/wp\/v2\/tags?post=35253"},{"taxonomy":"settings","embeddable":true,"href":"https:\/\/www.krafthand.de\/truck\/wp-json\/wp\/v2\/settings?post=35253"}],"curies":[{"name":"wp","href":"https:\/\/api.w.org\/{rel}","templated":true}]}}