{"id":35215,"date":"2023-02-20T11:11:57","date_gmt":"2023-02-20T10:11:57","guid":{"rendered":"https:\/\/www.krafthand.de\/truck\/?p=35215"},"modified":"2023-02-20T16:19:48","modified_gmt":"2023-02-20T15:19:48","slug":"werkstattwagen-professional-plus-mit-kleinteilefach","status":"publish","type":"post","link":"https:\/\/www.krafthand.de\/truck\/artikel\/werkstattwagen-professional-plus-mit-kleinteilefach-35215\/","title":{"rendered":"Werkstattwagen Professional Plus mit Kleinteilefach"},"content":{"rendered":"<p>Der Spezialist f\u00fcr Nfz-Teile und Werkstattausr\u00fcstung Hofmeister &amp; Meincke, ein Tochterunternehmen der Wilhelm Fricke SE, bietet seit kurzem auch das Werkzeugsortiment der Marke Stabus an. So auch den neuen Werkstattwagen Professional Plus. Interessant: Neben den sieben Standardschubladen verf\u00fcgt der Wagen \u00fcber eine gro\u00dfe Schublade f\u00fcr Kleinteile inklusive 18 Lagerk\u00e4sten.<\/p>\n<figure id=\"attachment_35220\" aria-describedby=\"caption-attachment-35220\" style=\"width: 360px\" class=\"wp-caption alignright\"><a href=\"https:\/\/static.krafthand-truck.de\/uploads\/2023\/02\/Hofmeister_Meincke_Stabus_Werkstattwagen_02.jpg\" target=\"_blank\" rel=\"noopener\"><img fetchpriority=\"high\" decoding=\"async\" class=\"wp-image-35220\" src=\"https:\/\/static.krafthand-truck.de\/uploads\/2023\/02\/Hofmeister_Meincke_Stabus_Werkstattwagen_02-300x216.jpg\" alt=\"\" width=\"360\" height=\"260\" srcset=\"https:\/\/static.krafthand-truck.de\/uploads\/2023\/02\/Hofmeister_Meincke_Stabus_Werkstattwagen_02-300x216.jpg 300w, https:\/\/static.krafthand-truck.de\/uploads\/2023\/02\/Hofmeister_Meincke_Stabus_Werkstattwagen_02-1024x738.jpg 1024w, https:\/\/static.krafthand-truck.de\/uploads\/2023\/02\/Hofmeister_Meincke_Stabus_Werkstattwagen_02-768x554.jpg 768w, https:\/\/static.krafthand-truck.de\/uploads\/2023\/02\/Hofmeister_Meincke_Stabus_Werkstattwagen_02.jpg 1200w\" sizes=\"(max-width: 360px) 100vw, 360px\" \/><\/a><figcaption id=\"caption-attachment-35220\" class=\"wp-caption-text\">Der Werkstattwagen verf\u00fcgt \u00fcber eine Schublade mit 18 Lagerk\u00e4sten. Sie hat eine Tragkraft von 40 kg.<\/figcaption><\/figure>\n<p>Der Wagen (1108,5 mm x 482 mm x 1010 mm) soll durch seine hochwertige Stahlblechkonstruktion \u00fcber eine gute Standfestigkeit verf\u00fcgen. Die kugelgelagerten Schubladenf\u00fchrungen k\u00f6nnen bis zu 380mm herausgezogen werden, passend dazu gibt es entsprechende Einlagen-Sets. Zus\u00e4tzliche Features wie eine Putzpapierhaltestange, ein Papierkorb-Fach sowie ein Dokumentenhalter sollen den Alltag in der Nfz-Werkstatt erleichtern. Dar\u00fcber hinaus verf\u00fcgt der &#8218;Professional Plus&#8216; \u00fcber eine Zentralverriegelung mit Zylinderschloss, eine Arbeitsplatte aus Edelstahl, einen robusten Handgriff zum sicheren Schieben des Werkstattwagens sowie zwei je 2 Lenk- und Bockrollen mit 125 mm Durchmesser. Die Gesamtgewichtskapazit\u00e4t des pulverbeschichteten Werkstattwagens liegt bei 260 kg.<\/p>\n<p>Das aktuelle Sortiment ist unter <a href=\"https:\/\/www.hofmei.de\" target=\"_blank\" rel=\"noopener\">www.hofmei.de<\/a> verf\u00fcgbar.<\/p>\n<p><i>Den Beitrag finden Sie auch in der Print-Ausgabe 1-2023 der <a href=\"https:\/\/www.krafthand.de\/truck\/magazin\/\" title=\"Zum Magazin\">Krafthand-Truck<\/a>.<\/i><\/p>","protected":false},"excerpt":{"rendered":"<p>Der Spezialist f\u00fcr Nfz-Teile und Werkstattausr\u00fcstung Hofmeister &#038; Meincke bietet seit kurzem auch das Werkzeugsortiment der Marke Stabus an. So auch den neuen Werkstattwagen Professional Plus. Der Wagen verf\u00fcgt zus\u00e4tzlich \u00fcber eine gro\u00dfe Schublade f\u00fcr Kleinteile inklusive 18 Lagerk\u00e4sten. <span class=\"excerpt-more__dots\">&#8230;<\/span> <a class=\"excerpt-more__link\" href=\"https:\/\/www.krafthand.de\/truck\/artikel\/werkstattwagen-professional-plus-mit-kleinteilefach-35215\/\" >weiter<\/a><\/p>\n","protected":false},"author":9,"featured_media":35219,"comment_status":"closed","ping_status":"closed","sticky":false,"template":"","format":"standard","meta":{"footnotes":""},"categories":[4220],"tags":[5533,709,5532,4503],"settings":[4766,3523],"class_list":["post-35215","post","type-post","status-publish","format-standard","has-post-thumbnail","hentry","category-werkstattausruestung","tag-fricke","tag-hofmeister-meincke","tag-stabus","tag-werkstattwagen"],"yoast_head":"<!-- This site is optimized with the Yoast SEO plugin v27.3 - https:\/\/yoast.com\/product\/yoast-seo-wordpress\/ -->\n<title>Werkstattwagen Professional Plus mit Kleinteilefach - Krafthand-Truck<\/title>\n<meta name=\"description\" content=\"Hofmeister &amp; Meincke bietet seit kurzem auch das Werkzeugsortiment der Firma Stabus an. So auch den neuen Werkstattwagen Professional Plus.\" \/>\n<meta name=\"robots\" content=\"index, follow, max-snippet:-1, max-image-preview:large, max-video-preview:-1\" \/>\n<link rel=\"canonical\" href=\"https:\/\/www.krafthand.de\/truck\/artikel\/werkstattwagen-professional-plus-mit-kleinteilefach-35215\/\" \/>\n<meta property=\"og:locale\" content=\"de_DE\" \/>\n<meta property=\"og:type\" content=\"article\" \/>\n<meta property=\"og:title\" content=\"Werkstattwagen Professional Plus mit Kleinteilefach - Krafthand-Truck\" \/>\n<meta property=\"og:description\" content=\"Hofmeister &amp; Meincke bietet seit kurzem auch das Werkzeugsortiment der Firma Stabus an. So auch den neuen Werkstattwagen Professional Plus.\" \/>\n<meta property=\"og:url\" content=\"https:\/\/www.krafthand-truck.de\/artikel\/werkstattwagen-professional-plus-mit-kleinteilefach-35215\/\" \/>\n<meta property=\"og:site_name\" content=\"Krafthand-Truck\" \/>\n<meta property=\"article:published_time\" content=\"2023-02-20T10:11:57+00:00\" \/>\n<meta property=\"article:modified_time\" content=\"2023-02-20T15:19:48+00:00\" \/>\n<meta property=\"og:image\" content=\"https:\/\/static.krafthand-truck.de\/uploads\/2023\/02\/Hofmeister_Meincke_Stabus_Werkstattwagen_01.jpg\" \/>\n\t<meta property=\"og:image:width\" content=\"1200\" \/>\n\t<meta property=\"og:image:height\" content=\"800\" \/>\n\t<meta property=\"og:image:type\" content=\"image\/jpeg\" \/>\n<meta name=\"author\" content=\"georg.blenk@krafthand-medien.de\" \/>\n<meta name=\"twitter:card\" content=\"summary_large_image\" \/>\n<meta name=\"twitter:label1\" content=\"Verfasst von\" \/>\n\t<meta name=\"twitter:data1\" content=\"georg.blenk@krafthand-medien.de\" \/>\n\t<meta name=\"twitter:label2\" content=\"Gesch\u00e4tzte Lesezeit\" \/>\n\t<meta name=\"twitter:data2\" content=\"2\u00a0Minuten\" \/>\n<script type=\"application\/ld+json\" class=\"yoast-schema-graph\">{\"@context\":\"https:\\\/\\\/schema.org\",\"@graph\":[{\"@type\":\"Article\",\"@id\":\"https:\\\/\\\/www.krafthand.de\\\/truck\\\/artikel\\\/werkstattwagen-professional-plus-mit-kleinteilefach-35215\\\/#article\",\"isPartOf\":{\"@id\":\"https:\\\/\\\/www.krafthand.de\\\/truck\\\/artikel\\\/werkstattwagen-professional-plus-mit-kleinteilefach-35215\\\/\"},\"author\":{\"name\":\"georg.blenk@krafthand-medien.de\",\"@id\":\"https:\\\/\\\/www.krafthand.de\\\/truck\\\/#\\\/schema\\\/person\\\/51fa80b1c57034c4bf63f9f988fc24ce\"},\"headline\":\"Werkstattwagen Professional Plus mit Kleinteilefach\",\"datePublished\":\"2023-02-20T10:11:57+00:00\",\"dateModified\":\"2023-02-20T15:19:48+00:00\",\"mainEntityOfPage\":{\"@id\":\"https:\\\/\\\/www.krafthand.de\\\/truck\\\/artikel\\\/werkstattwagen-professional-plus-mit-kleinteilefach-35215\\\/\"},\"wordCount\":188,\"image\":{\"@id\":\"https:\\\/\\\/www.krafthand.de\\\/truck\\\/artikel\\\/werkstattwagen-professional-plus-mit-kleinteilefach-35215\\\/#primaryimage\"},\"thumbnailUrl\":\"https:\\\/\\\/static.krafthand-truck.de\\\/uploads\\\/2023\\\/02\\\/Hofmeister_Meincke_Stabus_Werkstattwagen_01.jpg\",\"keywords\":[\"Fricke\",\"Hofmeister &amp; Meincke\",\"Stabus\",\"Werkstattwagen\"],\"articleSection\":[\"Werkstattausr\u00fcstung\"],\"inLanguage\":\"de\"},{\"@type\":\"WebPage\",\"@id\":\"https:\\\/\\\/www.krafthand.de\\\/truck\\\/artikel\\\/werkstattwagen-professional-plus-mit-kleinteilefach-35215\\\/\",\"url\":\"https:\\\/\\\/www.krafthand.de\\\/truck\\\/artikel\\\/werkstattwagen-professional-plus-mit-kleinteilefach-35215\\\/\",\"name\":\"Werkstattwagen Professional Plus mit Kleinteilefach - Krafthand-Truck\",\"isPartOf\":{\"@id\":\"https:\\\/\\\/www.krafthand.de\\\/truck\\\/#website\"},\"primaryImageOfPage\":{\"@id\":\"https:\\\/\\\/www.krafthand.de\\\/truck\\\/artikel\\\/werkstattwagen-professional-plus-mit-kleinteilefach-35215\\\/#primaryimage\"},\"image\":{\"@id\":\"https:\\\/\\\/www.krafthand.de\\\/truck\\\/artikel\\\/werkstattwagen-professional-plus-mit-kleinteilefach-35215\\\/#primaryimage\"},\"thumbnailUrl\":\"https:\\\/\\\/static.krafthand-truck.de\\\/uploads\\\/2023\\\/02\\\/Hofmeister_Meincke_Stabus_Werkstattwagen_01.jpg\",\"datePublished\":\"2023-02-20T10:11:57+00:00\",\"dateModified\":\"2023-02-20T15:19:48+00:00\",\"author\":{\"@id\":\"https:\\\/\\\/www.krafthand.de\\\/truck\\\/#\\\/schema\\\/person\\\/51fa80b1c57034c4bf63f9f988fc24ce\"},\"description\":\"Hofmeister & Meincke bietet seit kurzem auch das Werkzeugsortiment der Firma Stabus an. So auch den neuen Werkstattwagen Professional Plus.\",\"breadcrumb\":{\"@id\":\"https:\\\/\\\/www.krafthand.de\\\/truck\\\/artikel\\\/werkstattwagen-professional-plus-mit-kleinteilefach-35215\\\/#breadcrumb\"},\"inLanguage\":\"de\",\"potentialAction\":[{\"@type\":\"ReadAction\",\"target\":[\"https:\\\/\\\/www.krafthand.de\\\/truck\\\/artikel\\\/werkstattwagen-professional-plus-mit-kleinteilefach-35215\\\/\"]}]},{\"@type\":\"ImageObject\",\"inLanguage\":\"de\",\"@id\":\"https:\\\/\\\/www.krafthand.de\\\/truck\\\/artikel\\\/werkstattwagen-professional-plus-mit-kleinteilefach-35215\\\/#primaryimage\",\"url\":\"https:\\\/\\\/static.krafthand-truck.de\\\/uploads\\\/2023\\\/02\\\/Hofmeister_Meincke_Stabus_Werkstattwagen_01.jpg\",\"contentUrl\":\"https:\\\/\\\/static.krafthand-truck.de\\\/uploads\\\/2023\\\/02\\\/Hofmeister_Meincke_Stabus_Werkstattwagen_01.jpg\",\"width\":1200,\"height\":800},{\"@type\":\"BreadcrumbList\",\"@id\":\"https:\\\/\\\/www.krafthand.de\\\/truck\\\/artikel\\\/werkstattwagen-professional-plus-mit-kleinteilefach-35215\\\/#breadcrumb\",\"itemListElement\":[{\"@type\":\"ListItem\",\"position\":1,\"name\":\"Krafthand-Truck\",\"item\":\"https:\\\/\\\/www.krafthand.de\\\/truck\\\/\"},{\"@type\":\"ListItem\",\"position\":2,\"name\":\"Nfz-Service\",\"item\":\"https:\\\/\\\/www.krafthand.de\\\/truck\\\/kategorie\\\/nfz-service\\\/\"},{\"@type\":\"ListItem\",\"position\":3,\"name\":\"Werkstattausr\u00fcstung\",\"item\":\"https:\\\/\\\/www.krafthand.de\\\/truck\\\/kategorie\\\/nfz-service\\\/werkstattausruestung\\\/\"},{\"@type\":\"ListItem\",\"position\":4,\"name\":\"Werkstattwagen Professional Plus mit Kleinteilefach\"}]},{\"@type\":\"WebSite\",\"@id\":\"https:\\\/\\\/www.krafthand.de\\\/truck\\\/#website\",\"url\":\"https:\\\/\\\/www.krafthand.de\\\/truck\\\/\",\"name\":\"Krafthand-Truck\",\"description\":\"\",\"potentialAction\":[{\"@type\":\"SearchAction\",\"target\":{\"@type\":\"EntryPoint\",\"urlTemplate\":\"https:\\\/\\\/www.krafthand.de\\\/truck\\\/?s={search_term_string}\"},\"query-input\":{\"@type\":\"PropertyValueSpecification\",\"valueRequired\":true,\"valueName\":\"search_term_string\"}}],\"inLanguage\":\"de\"},{\"@type\":\"Person\",\"@id\":\"https:\\\/\\\/www.krafthand.de\\\/truck\\\/#\\\/schema\\\/person\\\/51fa80b1c57034c4bf63f9f988fc24ce\",\"name\":\"georg.blenk@krafthand-medien.de\",\"image\":{\"@type\":\"ImageObject\",\"inLanguage\":\"de\",\"@id\":\"https:\\\/\\\/secure.gravatar.com\\\/avatar\\\/93713c30affe0aa95d3a4130e499bb1abee2eb31adbdd9ce2aa1543538490215?s=96&d=mm&r=g\",\"url\":\"https:\\\/\\\/secure.gravatar.com\\\/avatar\\\/93713c30affe0aa95d3a4130e499bb1abee2eb31adbdd9ce2aa1543538490215?s=96&d=mm&r=g\",\"contentUrl\":\"https:\\\/\\\/secure.gravatar.com\\\/avatar\\\/93713c30affe0aa95d3a4130e499bb1abee2eb31adbdd9ce2aa1543538490215?s=96&d=mm&r=g\",\"caption\":\"georg.blenk@krafthand-medien.de\"}}]}<\/script>\n<!-- \/ Yoast SEO plugin. -->","yoast_head_json":{"title":"Werkstattwagen Professional Plus mit Kleinteilefach - Krafthand-Truck","description":"Hofmeister & Meincke bietet seit kurzem auch das Werkzeugsortiment der Firma Stabus an. So auch den neuen Werkstattwagen Professional Plus.","robots":{"index":"index","follow":"follow","max-snippet":"max-snippet:-1","max-image-preview":"max-image-preview:large","max-video-preview":"max-video-preview:-1"},"canonical":"https:\/\/www.krafthand.de\/truck\/artikel\/werkstattwagen-professional-plus-mit-kleinteilefach-35215\/","og_locale":"de_DE","og_type":"article","og_title":"Werkstattwagen Professional Plus mit Kleinteilefach - Krafthand-Truck","og_description":"Hofmeister & Meincke bietet seit kurzem auch das Werkzeugsortiment der Firma Stabus an. So auch den neuen Werkstattwagen Professional Plus.","og_url":"https:\/\/www.krafthand-truck.de\/artikel\/werkstattwagen-professional-plus-mit-kleinteilefach-35215\/","og_site_name":"Krafthand-Truck","article_published_time":"2023-02-20T10:11:57+00:00","article_modified_time":"2023-02-20T15:19:48+00:00","og_image":[{"width":1200,"height":800,"url":"https:\/\/static.krafthand-truck.de\/uploads\/2023\/02\/Hofmeister_Meincke_Stabus_Werkstattwagen_01.jpg","type":"image\/jpeg"}],"author":"georg.blenk@krafthand-medien.de","twitter_card":"summary_large_image","twitter_misc":{"Verfasst von":"georg.blenk@krafthand-medien.de","Gesch\u00e4tzte Lesezeit":"2\u00a0Minuten"},"schema":{"@context":"https:\/\/schema.org","@graph":[{"@type":"Article","@id":"https:\/\/www.krafthand.de\/truck\/artikel\/werkstattwagen-professional-plus-mit-kleinteilefach-35215\/#article","isPartOf":{"@id":"https:\/\/www.krafthand.de\/truck\/artikel\/werkstattwagen-professional-plus-mit-kleinteilefach-35215\/"},"author":{"name":"georg.blenk@krafthand-medien.de","@id":"https:\/\/www.krafthand.de\/truck\/#\/schema\/person\/51fa80b1c57034c4bf63f9f988fc24ce"},"headline":"Werkstattwagen Professional Plus mit Kleinteilefach","datePublished":"2023-02-20T10:11:57+00:00","dateModified":"2023-02-20T15:19:48+00:00","mainEntityOfPage":{"@id":"https:\/\/www.krafthand.de\/truck\/artikel\/werkstattwagen-professional-plus-mit-kleinteilefach-35215\/"},"wordCount":188,"image":{"@id":"https:\/\/www.krafthand.de\/truck\/artikel\/werkstattwagen-professional-plus-mit-kleinteilefach-35215\/#primaryimage"},"thumbnailUrl":"https:\/\/static.krafthand-truck.de\/uploads\/2023\/02\/Hofmeister_Meincke_Stabus_Werkstattwagen_01.jpg","keywords":["Fricke","Hofmeister &amp; Meincke","Stabus","Werkstattwagen"],"articleSection":["Werkstattausr\u00fcstung"],"inLanguage":"de"},{"@type":"WebPage","@id":"https:\/\/www.krafthand.de\/truck\/artikel\/werkstattwagen-professional-plus-mit-kleinteilefach-35215\/","url":"https:\/\/www.krafthand.de\/truck\/artikel\/werkstattwagen-professional-plus-mit-kleinteilefach-35215\/","name":"Werkstattwagen Professional Plus mit Kleinteilefach - Krafthand-Truck","isPartOf":{"@id":"https:\/\/www.krafthand.de\/truck\/#website"},"primaryImageOfPage":{"@id":"https:\/\/www.krafthand.de\/truck\/artikel\/werkstattwagen-professional-plus-mit-kleinteilefach-35215\/#primaryimage"},"image":{"@id":"https:\/\/www.krafthand.de\/truck\/artikel\/werkstattwagen-professional-plus-mit-kleinteilefach-35215\/#primaryimage"},"thumbnailUrl":"https:\/\/static.krafthand-truck.de\/uploads\/2023\/02\/Hofmeister_Meincke_Stabus_Werkstattwagen_01.jpg","datePublished":"2023-02-20T10:11:57+00:00","dateModified":"2023-02-20T15:19:48+00:00","author":{"@id":"https:\/\/www.krafthand.de\/truck\/#\/schema\/person\/51fa80b1c57034c4bf63f9f988fc24ce"},"description":"Hofmeister & Meincke bietet seit kurzem auch das Werkzeugsortiment der Firma Stabus an. So auch den neuen Werkstattwagen Professional Plus.","breadcrumb":{"@id":"https:\/\/www.krafthand.de\/truck\/artikel\/werkstattwagen-professional-plus-mit-kleinteilefach-35215\/#breadcrumb"},"inLanguage":"de","potentialAction":[{"@type":"ReadAction","target":["https:\/\/www.krafthand.de\/truck\/artikel\/werkstattwagen-professional-plus-mit-kleinteilefach-35215\/"]}]},{"@type":"ImageObject","inLanguage":"de","@id":"https:\/\/www.krafthand.de\/truck\/artikel\/werkstattwagen-professional-plus-mit-kleinteilefach-35215\/#primaryimage","url":"https:\/\/static.krafthand-truck.de\/uploads\/2023\/02\/Hofmeister_Meincke_Stabus_Werkstattwagen_01.jpg","contentUrl":"https:\/\/static.krafthand-truck.de\/uploads\/2023\/02\/Hofmeister_Meincke_Stabus_Werkstattwagen_01.jpg","width":1200,"height":800},{"@type":"BreadcrumbList","@id":"https:\/\/www.krafthand.de\/truck\/artikel\/werkstattwagen-professional-plus-mit-kleinteilefach-35215\/#breadcrumb","itemListElement":[{"@type":"ListItem","position":1,"name":"Krafthand-Truck","item":"https:\/\/www.krafthand.de\/truck\/"},{"@type":"ListItem","position":2,"name":"Nfz-Service","item":"https:\/\/www.krafthand.de\/truck\/kategorie\/nfz-service\/"},{"@type":"ListItem","position":3,"name":"Werkstattausr\u00fcstung","item":"https:\/\/www.krafthand.de\/truck\/kategorie\/nfz-service\/werkstattausruestung\/"},{"@type":"ListItem","position":4,"name":"Werkstattwagen Professional Plus mit Kleinteilefach"}]},{"@type":"WebSite","@id":"https:\/\/www.krafthand.de\/truck\/#website","url":"https:\/\/www.krafthand.de\/truck\/","name":"Krafthand-Truck","description":"","potentialAction":[{"@type":"SearchAction","target":{"@type":"EntryPoint","urlTemplate":"https:\/\/www.krafthand.de\/truck\/?s={search_term_string}"},"query-input":{"@type":"PropertyValueSpecification","valueRequired":true,"valueName":"search_term_string"}}],"inLanguage":"de"},{"@type":"Person","@id":"https:\/\/www.krafthand.de\/truck\/#\/schema\/person\/51fa80b1c57034c4bf63f9f988fc24ce","name":"georg.blenk@krafthand-medien.de","image":{"@type":"ImageObject","inLanguage":"de","@id":"https:\/\/secure.gravatar.com\/avatar\/93713c30affe0aa95d3a4130e499bb1abee2eb31adbdd9ce2aa1543538490215?s=96&d=mm&r=g","url":"https:\/\/secure.gravatar.com\/avatar\/93713c30affe0aa95d3a4130e499bb1abee2eb31adbdd9ce2aa1543538490215?s=96&d=mm&r=g","contentUrl":"https:\/\/secure.gravatar.com\/avatar\/93713c30affe0aa95d3a4130e499bb1abee2eb31adbdd9ce2aa1543538490215?s=96&d=mm&r=g","caption":"georg.blenk@krafthand-medien.de"}}]}},"_links":{"self":[{"href":"https:\/\/www.krafthand.de\/truck\/wp-json\/wp\/v2\/posts\/35215","targetHints":{"allow":["GET"]}}],"collection":[{"href":"https:\/\/www.krafthand.de\/truck\/wp-json\/wp\/v2\/posts"}],"about":[{"href":"https:\/\/www.krafthand.de\/truck\/wp-json\/wp\/v2\/types\/post"}],"author":[{"embeddable":true,"href":"https:\/\/www.krafthand.de\/truck\/wp-json\/wp\/v2\/users\/9"}],"replies":[{"embeddable":true,"href":"https:\/\/www.krafthand.de\/truck\/wp-json\/wp\/v2\/comments?post=35215"}],"version-history":[{"count":10,"href":"https:\/\/www.krafthand.de\/truck\/wp-json\/wp\/v2\/posts\/35215\/revisions"}],"predecessor-version":[{"id":35227,"href":"https:\/\/www.krafthand.de\/truck\/wp-json\/wp\/v2\/posts\/35215\/revisions\/35227"}],"wp:featuredmedia":[{"embeddable":true,"href":"https:\/\/www.krafthand.de\/truck\/wp-json\/wp\/v2\/media\/35219"}],"wp:attachment":[{"href":"https:\/\/www.krafthand.de\/truck\/wp-json\/wp\/v2\/media?parent=35215"}],"wp:term":[{"taxonomy":"category","embeddable":true,"href":"https:\/\/www.krafthand.de\/truck\/wp-json\/wp\/v2\/categories?post=35215"},{"taxonomy":"post_tag","embeddable":true,"href":"https:\/\/www.krafthand.de\/truck\/wp-json\/wp\/v2\/tags?post=35215"},{"taxonomy":"settings","embeddable":true,"href":"https:\/\/www.krafthand.de\/truck\/wp-json\/wp\/v2\/settings?post=35215"}],"curies":[{"name":"wp","href":"https:\/\/api.w.org\/{rel}","templated":true}]}}