{"id":35169,"date":"2023-02-15T10:19:25","date_gmt":"2023-02-15T09:19:25","guid":{"rendered":"https:\/\/www.krafthand.de\/truck\/?p=35169"},"modified":"2023-02-20T08:00:03","modified_gmt":"2023-02-20T07:00:03","slug":"nationaler-wasserstoffrat-ermittelt-h2-bedarfe-fuer-lkw-bis-2035","status":"publish","type":"post","link":"https:\/\/www.krafthand.de\/truck\/artikel\/nationaler-wasserstoffrat-ermittelt-h2-bedarfe-fuer-lkw-bis-2035-35169\/","title":{"rendered":"Nationaler Wasserstoffrat ermittelt H2-Bedarfe f\u00fcr Lkw bis 2035"},"content":{"rendered":"<p>Um f\u00fcr die kommenden Jahre und Jahrzehnte ein m\u00f6glichst realistisches Bild der Wasserstoffbedarfe in Deutschland zu erhalten, hat der <a href=\"https:\/\/www.wasserstoffrat.de\" target=\"_blank\" rel=\"noopener\">Nationale Wasserstoffrat<\/a> eine Datensammlung vorgenommen und im vorliegenden Papier analysiert. Die Bedarfe basieren auf Angaben der Branchen aus Prozessindustrie, Verkehrs- und Transportsektor und W\u00e4rmemarkt und wurden anschlie\u00dfend durch den NWR plausibilisiert. Die Analyse gibt somit einen groben, aber validen \u00dcberblick \u00fcber zu erwartende Mengen, die in Deutschland produziert oder importiert werden m\u00fcssen. Allein f\u00fcr das Jahr 2030 erwartet der NWR einen Bedarf in H\u00f6he von insgesamt 53-90 TWh der \u00fcberwiegende Teil davon f\u00fcr die Stahlindustrie und den Schwerlastverkehr.<\/p>\n<p>Die Analyse des NWR vergleicht zudem den relativen CO2-Vermeidungshebel beim Einsatz von Wasserstoff in unterschiedlichen Branchen. Dabei best\u00e4tigt die Datenanalyse, dass klimaneutraler Wasserstoff und klimaneutral hergestellte Wasserstoff-Derivate f\u00fcr das Erreichen der Klimaziele unverzichtbar sind.<\/p>\n<p>Das vorliegende Grundlagenpapier <a href=\"https:\/\/static.krafthand-truck.de\/uploads\/2023\/02\/NWR_Grundlagenpapier_H2-Bedarfe_Lkw.pdf\" target=\"_blank\" rel=\"noopener\">&#8218;Treibhausgaseinsparungen und der damit verbundene Wasserstoffbedarf in Deutschland&#8216;<\/a> wurde vom NWR dabei so konzipiert, dass zuk\u00fcnftige \u00c4nderungen der Rahmenbedingungen und entsprechende Auswirkungen auf die H2-Bedarfe im Dokument aktualisiert werden k\u00f6nnen.<\/p>\n<p>&nbsp;<\/p>\n<figure id=\"attachment_35170\" aria-describedby=\"caption-attachment-35170\" style=\"width: 800px\" class=\"wp-caption aligncenter\"><img fetchpriority=\"high\" decoding=\"async\" class=\"wp-image-35170\" src=\"https:\/\/static.krafthand-truck.de\/uploads\/2023\/02\/NWR_Verbrauch_Wasserstoff_Lkw_2030-300x158.jpg\" alt=\"\" width=\"800\" height=\"421\" srcset=\"https:\/\/static.krafthand-truck.de\/uploads\/2023\/02\/NWR_Verbrauch_Wasserstoff_Lkw_2030-300x158.jpg 300w, https:\/\/static.krafthand-truck.de\/uploads\/2023\/02\/NWR_Verbrauch_Wasserstoff_Lkw_2030-1024x538.jpg 1024w, https:\/\/static.krafthand-truck.de\/uploads\/2023\/02\/NWR_Verbrauch_Wasserstoff_Lkw_2030-768x404.jpg 768w, https:\/\/static.krafthand-truck.de\/uploads\/2023\/02\/NWR_Verbrauch_Wasserstoff_Lkw_2030.jpg 1200w\" sizes=\"(max-width: 800px) 100vw, 800px\" \/><figcaption id=\"caption-attachment-35170\" class=\"wp-caption-text\">Entwicklung des Wasserstoffbedarfs der verschiedenen Verkehrstr\u00e4ger. Bis 2030 werden 0,5 Millionen Tonnen prognostiziert, bei rund 38.000 zugelassenen H2-Lkw. Grafik: NWR<\/figcaption><\/figure>\n<h3>38.000 H2-Lkw reichen nicht aus<\/h3>\n<p>F\u00fcr hohe Reichweiten haben einige Lkw-Hersteller bereits Brennstoffzellenfahrzeuge angek\u00fcndigt oder schon auf den Markt gebracht. Die f\u00fcr 2030 prognostizierte Menge von knapp 0,5 Mio. t H2 (16 TWh) basiert laut NWR auf der Annahme, dass erg\u00e4nzend zum H2-Einsatz in Raffinerien dann ca. 38.000 Heavy-Duty-Vehicle mit Brennstoffzellen in Deutschland zugelassen sein werden.<br \/>\nDie Europ\u00e4ische Kommission \u00fcberarbeitet gerade die CO2-Ziele f\u00fcr schwere Nutzfahrzeuge. Sollten dabei sch\u00e4rfere Vorgaben formuliert und im parlamentarischen Prozess best\u00e4tigt werden, dann werden auch diese 38.000 Lkw nicht ausreichen, um diese Ziele zu erf\u00fcllen.<\/p>\n<p>&nbsp;<\/p>\n<div class=\"infobox box-grey\"><\/p>\n<p><strong>Der Nationale Wasserstoffrat<\/strong><br \/>\nMit der Verabschiedung der Nationalen Wasserstoffstrategie hat die Bundesregierung am 10. Juni 2020 den Nationalen Wasserstoffrat berufen. Der Rat besteht aus 26 hochrangigen Expertinnen und Experten der Wirtschaft, Wissenschaft und Zivilgesellschaft, die nicht Teil der \u00f6ffentlichen Verwaltung sind. Die Mitglieder des Wasserstoffrats verf\u00fcgen \u00fcber Expertise in den Bereichen Erzeugung, Forschung und Innovation, Dekarbonisierung von Industrie, Verkehr und Geb\u00e4ude\/W\u00e4rme, Infrastruktur, internationale Partnerschaften sowie Klima und Nachhaltigkeit. Der Nationale Wasserstoffrat wird geleitet durch Katherina Reiche, Parlamentarische Staatssekret\u00e4rin a. D.<br \/>\nAufgabe des Nationalen Wasserstoffrats ist es, den Staatssekret\u00e4rsausschuss f\u00fcr Wasserstoff durch Vorschl\u00e4ge und Handlungsempfehlungen bei der Umsetzung und Weiterentwicklung der Wasserstoffstrategie zu beraten und zu unterst\u00fctzen.<\/p>\n<p><\/div>\n<p>&nbsp;<\/p>\n\r\n\t\t\t\t<div class=\"post-author\">\r\n\t\t\t\t\t<div class=\"khm-cp-author clearfix\">\r\n\t\t\t\t\t\t<div class=\"khm-cp-author__content\">\r\n\t\t\t\t\t\t\t\tKontakt zum Autor:<br \/>\r\n\t\t\t\t\t\t\t\t<strong>Georg Blenk<\/strong>, 08247 \/ 3007-45 |  <a href=\"mailto:georg.blenk@krafthand-medien.de\">georg.blenk@krafthand-medien.de<\/a>\r\n\t\t\t\t\t\t\t<div class=\"khm-cp-author__image\">\r\n\t\t\t\t\t\t<img src=\"https:\/\/static.krafthand-truck.de\/uploads\/2021\/01\/Blenk_6104-250x300-1-removebg-preview.png\" class=\"img-responsive\">\r\n\t\t\t\t\t<\/div>\r\n\t\t\t\t\t\t<\/div>\r\n\t\t\t\t\t<\/div>\r\n\t\t\t\t<\/div>\r\n\t\t\t\t","protected":false},"excerpt":{"rendered":"<p>Um f\u00fcr die kommenden Jahre ein m\u00f6glichst realistisches Bild der Wasserstoffbedarfe in Deutschland zu erhalten, hat der Nationale Wasserstoffrat eine Datensammlung und Analyse vorgenommen. Die Bedarfe basieren auf Angaben der Branchen aus Prozessindustrie, Verkehrs- und Transportsektor und W\u00e4rmemarkt und wurden anschlie\u00dfend durch den NWR plausibilisiert. <span class=\"excerpt-more__dots\">&#8230;<\/span> <a class=\"excerpt-more__link\" href=\"https:\/\/www.krafthand.de\/truck\/artikel\/nationaler-wasserstoffrat-ermittelt-h2-bedarfe-fuer-lkw-bis-2035-35169\/\" >weiter<\/a><\/p>\n","protected":false},"author":9,"featured_media":35179,"comment_status":"closed","ping_status":"closed","sticky":false,"template":"","format":"standard","meta":{"footnotes":""},"categories":[4237,4245],"tags":[4209,5470,5527,4181],"settings":[3524,4766,3523],"class_list":["post-35169","post","type-post","status-publish","format-standard","has-post-thumbnail","hentry","category-studien","category-verbaende","tag-brennstoffzelle","tag-dena","tag-nwr","tag-wasserstoff"],"yoast_head":"<!-- This site is optimized with the Yoast SEO plugin v27.3 - https:\/\/yoast.com\/product\/yoast-seo-wordpress\/ -->\n<title>Nationaler Wasserstoffrat ermittelt H2-Bedarfe f\u00fcr Lkw bis 2035 - Krafthand-Truck<\/title>\n<meta name=\"description\" content=\"Um f\u00fcr die kommenden Jahre ein Bild der Wasserstoffbedarfe zu erhalten, hat der Nationale Wasserstoffrat eine Analyse vorgenommen.\" \/>\n<meta name=\"robots\" content=\"index, follow, max-snippet:-1, max-image-preview:large, max-video-preview:-1\" \/>\n<link rel=\"canonical\" href=\"https:\/\/www.krafthand.de\/truck\/artikel\/nationaler-wasserstoffrat-ermittelt-h2-bedarfe-fuer-lkw-bis-2035-35169\/\" \/>\n<meta property=\"og:locale\" content=\"de_DE\" \/>\n<meta property=\"og:type\" content=\"article\" \/>\n<meta property=\"og:title\" content=\"Nationaler Wasserstoffrat ermittelt H2-Bedarfe f\u00fcr Lkw bis 2035 - Krafthand-Truck\" \/>\n<meta property=\"og:description\" content=\"Um f\u00fcr die kommenden Jahre ein Bild der Wasserstoffbedarfe zu erhalten, hat der Nationale Wasserstoffrat eine Analyse vorgenommen.\" \/>\n<meta property=\"og:url\" content=\"https:\/\/www.krafthand-truck.de\/artikel\/nationaler-wasserstoffrat-ermittelt-h2-bedarfe-fuer-lkw-bis-2035-35169\/\" \/>\n<meta property=\"og:site_name\" content=\"Krafthand-Truck\" \/>\n<meta property=\"article:published_time\" content=\"2023-02-15T09:19:25+00:00\" \/>\n<meta property=\"article:modified_time\" content=\"2023-02-20T07:00:03+00:00\" \/>\n<meta property=\"og:image\" content=\"https:\/\/static.krafthand-truck.de\/uploads\/2023\/02\/NWR_Bedarf_Wasserstoff_2035_Lkw_Aufmacher.jpg\" \/>\n\t<meta property=\"og:image:width\" content=\"1200\" \/>\n\t<meta property=\"og:image:height\" content=\"654\" \/>\n\t<meta property=\"og:image:type\" content=\"image\/jpeg\" \/>\n<meta name=\"author\" content=\"georg.blenk@krafthand-medien.de\" \/>\n<meta name=\"twitter:card\" content=\"summary_large_image\" \/>\n<meta name=\"twitter:label1\" content=\"Verfasst von\" \/>\n\t<meta name=\"twitter:data1\" content=\"georg.blenk@krafthand-medien.de\" \/>\n\t<meta name=\"twitter:label2\" content=\"Gesch\u00e4tzte Lesezeit\" \/>\n\t<meta name=\"twitter:data2\" content=\"3\u00a0Minuten\" \/>\n<script type=\"application\/ld+json\" class=\"yoast-schema-graph\">{\"@context\":\"https:\\\/\\\/schema.org\",\"@graph\":[{\"@type\":\"Article\",\"@id\":\"https:\\\/\\\/www.krafthand.de\\\/truck\\\/artikel\\\/nationaler-wasserstoffrat-ermittelt-h2-bedarfe-fuer-lkw-bis-2035-35169\\\/#article\",\"isPartOf\":{\"@id\":\"https:\\\/\\\/www.krafthand.de\\\/truck\\\/artikel\\\/nationaler-wasserstoffrat-ermittelt-h2-bedarfe-fuer-lkw-bis-2035-35169\\\/\"},\"author\":{\"name\":\"georg.blenk@krafthand-medien.de\",\"@id\":\"https:\\\/\\\/www.krafthand.de\\\/truck\\\/#\\\/schema\\\/person\\\/51fa80b1c57034c4bf63f9f988fc24ce\"},\"headline\":\"Nationaler Wasserstoffrat ermittelt H2-Bedarfe f\u00fcr Lkw bis 2035\",\"datePublished\":\"2023-02-15T09:19:25+00:00\",\"dateModified\":\"2023-02-20T07:00:03+00:00\",\"mainEntityOfPage\":{\"@id\":\"https:\\\/\\\/www.krafthand.de\\\/truck\\\/artikel\\\/nationaler-wasserstoffrat-ermittelt-h2-bedarfe-fuer-lkw-bis-2035-35169\\\/\"},\"wordCount\":425,\"image\":{\"@id\":\"https:\\\/\\\/www.krafthand.de\\\/truck\\\/artikel\\\/nationaler-wasserstoffrat-ermittelt-h2-bedarfe-fuer-lkw-bis-2035-35169\\\/#primaryimage\"},\"thumbnailUrl\":\"https:\\\/\\\/static.krafthand-truck.de\\\/uploads\\\/2023\\\/02\\\/NWR_Bedarf_Wasserstoff_2035_Lkw_Aufmacher.jpg\",\"keywords\":[\"Brennstoffzelle\",\"Dena\",\"NWR\",\"Wasserstoff\"],\"articleSection\":[\"Studien\\\/F+E\",\"Verb\u00e4nde\\\/Politik\\\/Recht\"],\"inLanguage\":\"de\"},{\"@type\":\"WebPage\",\"@id\":\"https:\\\/\\\/www.krafthand.de\\\/truck\\\/artikel\\\/nationaler-wasserstoffrat-ermittelt-h2-bedarfe-fuer-lkw-bis-2035-35169\\\/\",\"url\":\"https:\\\/\\\/www.krafthand.de\\\/truck\\\/artikel\\\/nationaler-wasserstoffrat-ermittelt-h2-bedarfe-fuer-lkw-bis-2035-35169\\\/\",\"name\":\"Nationaler Wasserstoffrat ermittelt H2-Bedarfe f\u00fcr Lkw bis 2035 - Krafthand-Truck\",\"isPartOf\":{\"@id\":\"https:\\\/\\\/www.krafthand.de\\\/truck\\\/#website\"},\"primaryImageOfPage\":{\"@id\":\"https:\\\/\\\/www.krafthand.de\\\/truck\\\/artikel\\\/nationaler-wasserstoffrat-ermittelt-h2-bedarfe-fuer-lkw-bis-2035-35169\\\/#primaryimage\"},\"image\":{\"@id\":\"https:\\\/\\\/www.krafthand.de\\\/truck\\\/artikel\\\/nationaler-wasserstoffrat-ermittelt-h2-bedarfe-fuer-lkw-bis-2035-35169\\\/#primaryimage\"},\"thumbnailUrl\":\"https:\\\/\\\/static.krafthand-truck.de\\\/uploads\\\/2023\\\/02\\\/NWR_Bedarf_Wasserstoff_2035_Lkw_Aufmacher.jpg\",\"datePublished\":\"2023-02-15T09:19:25+00:00\",\"dateModified\":\"2023-02-20T07:00:03+00:00\",\"author\":{\"@id\":\"https:\\\/\\\/www.krafthand.de\\\/truck\\\/#\\\/schema\\\/person\\\/51fa80b1c57034c4bf63f9f988fc24ce\"},\"description\":\"Um f\u00fcr die kommenden Jahre ein Bild der Wasserstoffbedarfe zu erhalten, hat der Nationale Wasserstoffrat eine Analyse vorgenommen.\",\"breadcrumb\":{\"@id\":\"https:\\\/\\\/www.krafthand.de\\\/truck\\\/artikel\\\/nationaler-wasserstoffrat-ermittelt-h2-bedarfe-fuer-lkw-bis-2035-35169\\\/#breadcrumb\"},\"inLanguage\":\"de\",\"potentialAction\":[{\"@type\":\"ReadAction\",\"target\":[\"https:\\\/\\\/www.krafthand.de\\\/truck\\\/artikel\\\/nationaler-wasserstoffrat-ermittelt-h2-bedarfe-fuer-lkw-bis-2035-35169\\\/\"]}]},{\"@type\":\"ImageObject\",\"inLanguage\":\"de\",\"@id\":\"https:\\\/\\\/www.krafthand.de\\\/truck\\\/artikel\\\/nationaler-wasserstoffrat-ermittelt-h2-bedarfe-fuer-lkw-bis-2035-35169\\\/#primaryimage\",\"url\":\"https:\\\/\\\/static.krafthand-truck.de\\\/uploads\\\/2023\\\/02\\\/NWR_Bedarf_Wasserstoff_2035_Lkw_Aufmacher.jpg\",\"contentUrl\":\"https:\\\/\\\/static.krafthand-truck.de\\\/uploads\\\/2023\\\/02\\\/NWR_Bedarf_Wasserstoff_2035_Lkw_Aufmacher.jpg\",\"width\":1200,\"height\":654},{\"@type\":\"BreadcrumbList\",\"@id\":\"https:\\\/\\\/www.krafthand.de\\\/truck\\\/artikel\\\/nationaler-wasserstoffrat-ermittelt-h2-bedarfe-fuer-lkw-bis-2035-35169\\\/#breadcrumb\",\"itemListElement\":[{\"@type\":\"ListItem\",\"position\":1,\"name\":\"Krafthand-Truck\",\"item\":\"https:\\\/\\\/www.krafthand.de\\\/truck\\\/\"},{\"@type\":\"ListItem\",\"position\":2,\"name\":\"Nfz-Branche\",\"item\":\"https:\\\/\\\/www.krafthand.de\\\/truck\\\/kategorie\\\/branche\\\/\"},{\"@type\":\"ListItem\",\"position\":3,\"name\":\"Studien\\\/F+E\",\"item\":\"https:\\\/\\\/www.krafthand.de\\\/truck\\\/kategorie\\\/branche\\\/studien\\\/\"},{\"@type\":\"ListItem\",\"position\":4,\"name\":\"Nationaler Wasserstoffrat ermittelt H2-Bedarfe f\u00fcr Lkw bis 2035\"}]},{\"@type\":\"WebSite\",\"@id\":\"https:\\\/\\\/www.krafthand.de\\\/truck\\\/#website\",\"url\":\"https:\\\/\\\/www.krafthand.de\\\/truck\\\/\",\"name\":\"Krafthand-Truck\",\"description\":\"\",\"potentialAction\":[{\"@type\":\"SearchAction\",\"target\":{\"@type\":\"EntryPoint\",\"urlTemplate\":\"https:\\\/\\\/www.krafthand.de\\\/truck\\\/?s={search_term_string}\"},\"query-input\":{\"@type\":\"PropertyValueSpecification\",\"valueRequired\":true,\"valueName\":\"search_term_string\"}}],\"inLanguage\":\"de\"},{\"@type\":\"Person\",\"@id\":\"https:\\\/\\\/www.krafthand.de\\\/truck\\\/#\\\/schema\\\/person\\\/51fa80b1c57034c4bf63f9f988fc24ce\",\"name\":\"georg.blenk@krafthand-medien.de\",\"image\":{\"@type\":\"ImageObject\",\"inLanguage\":\"de\",\"@id\":\"https:\\\/\\\/secure.gravatar.com\\\/avatar\\\/93713c30affe0aa95d3a4130e499bb1abee2eb31adbdd9ce2aa1543538490215?s=96&d=mm&r=g\",\"url\":\"https:\\\/\\\/secure.gravatar.com\\\/avatar\\\/93713c30affe0aa95d3a4130e499bb1abee2eb31adbdd9ce2aa1543538490215?s=96&d=mm&r=g\",\"contentUrl\":\"https:\\\/\\\/secure.gravatar.com\\\/avatar\\\/93713c30affe0aa95d3a4130e499bb1abee2eb31adbdd9ce2aa1543538490215?s=96&d=mm&r=g\",\"caption\":\"georg.blenk@krafthand-medien.de\"}}]}<\/script>\n<!-- \/ Yoast SEO plugin. -->","yoast_head_json":{"title":"Nationaler Wasserstoffrat ermittelt H2-Bedarfe f\u00fcr Lkw bis 2035 - Krafthand-Truck","description":"Um f\u00fcr die kommenden Jahre ein Bild der Wasserstoffbedarfe zu erhalten, hat der Nationale Wasserstoffrat eine Analyse vorgenommen.","robots":{"index":"index","follow":"follow","max-snippet":"max-snippet:-1","max-image-preview":"max-image-preview:large","max-video-preview":"max-video-preview:-1"},"canonical":"https:\/\/www.krafthand.de\/truck\/artikel\/nationaler-wasserstoffrat-ermittelt-h2-bedarfe-fuer-lkw-bis-2035-35169\/","og_locale":"de_DE","og_type":"article","og_title":"Nationaler Wasserstoffrat ermittelt H2-Bedarfe f\u00fcr Lkw bis 2035 - Krafthand-Truck","og_description":"Um f\u00fcr die kommenden Jahre ein Bild der Wasserstoffbedarfe zu erhalten, hat der Nationale Wasserstoffrat eine Analyse vorgenommen.","og_url":"https:\/\/www.krafthand-truck.de\/artikel\/nationaler-wasserstoffrat-ermittelt-h2-bedarfe-fuer-lkw-bis-2035-35169\/","og_site_name":"Krafthand-Truck","article_published_time":"2023-02-15T09:19:25+00:00","article_modified_time":"2023-02-20T07:00:03+00:00","og_image":[{"width":1200,"height":654,"url":"https:\/\/static.krafthand-truck.de\/uploads\/2023\/02\/NWR_Bedarf_Wasserstoff_2035_Lkw_Aufmacher.jpg","type":"image\/jpeg"}],"author":"georg.blenk@krafthand-medien.de","twitter_card":"summary_large_image","twitter_misc":{"Verfasst von":"georg.blenk@krafthand-medien.de","Gesch\u00e4tzte Lesezeit":"3\u00a0Minuten"},"schema":{"@context":"https:\/\/schema.org","@graph":[{"@type":"Article","@id":"https:\/\/www.krafthand.de\/truck\/artikel\/nationaler-wasserstoffrat-ermittelt-h2-bedarfe-fuer-lkw-bis-2035-35169\/#article","isPartOf":{"@id":"https:\/\/www.krafthand.de\/truck\/artikel\/nationaler-wasserstoffrat-ermittelt-h2-bedarfe-fuer-lkw-bis-2035-35169\/"},"author":{"name":"georg.blenk@krafthand-medien.de","@id":"https:\/\/www.krafthand.de\/truck\/#\/schema\/person\/51fa80b1c57034c4bf63f9f988fc24ce"},"headline":"Nationaler Wasserstoffrat ermittelt H2-Bedarfe f\u00fcr Lkw bis 2035","datePublished":"2023-02-15T09:19:25+00:00","dateModified":"2023-02-20T07:00:03+00:00","mainEntityOfPage":{"@id":"https:\/\/www.krafthand.de\/truck\/artikel\/nationaler-wasserstoffrat-ermittelt-h2-bedarfe-fuer-lkw-bis-2035-35169\/"},"wordCount":425,"image":{"@id":"https:\/\/www.krafthand.de\/truck\/artikel\/nationaler-wasserstoffrat-ermittelt-h2-bedarfe-fuer-lkw-bis-2035-35169\/#primaryimage"},"thumbnailUrl":"https:\/\/static.krafthand-truck.de\/uploads\/2023\/02\/NWR_Bedarf_Wasserstoff_2035_Lkw_Aufmacher.jpg","keywords":["Brennstoffzelle","Dena","NWR","Wasserstoff"],"articleSection":["Studien\/F+E","Verb\u00e4nde\/Politik\/Recht"],"inLanguage":"de"},{"@type":"WebPage","@id":"https:\/\/www.krafthand.de\/truck\/artikel\/nationaler-wasserstoffrat-ermittelt-h2-bedarfe-fuer-lkw-bis-2035-35169\/","url":"https:\/\/www.krafthand.de\/truck\/artikel\/nationaler-wasserstoffrat-ermittelt-h2-bedarfe-fuer-lkw-bis-2035-35169\/","name":"Nationaler Wasserstoffrat ermittelt H2-Bedarfe f\u00fcr Lkw bis 2035 - Krafthand-Truck","isPartOf":{"@id":"https:\/\/www.krafthand.de\/truck\/#website"},"primaryImageOfPage":{"@id":"https:\/\/www.krafthand.de\/truck\/artikel\/nationaler-wasserstoffrat-ermittelt-h2-bedarfe-fuer-lkw-bis-2035-35169\/#primaryimage"},"image":{"@id":"https:\/\/www.krafthand.de\/truck\/artikel\/nationaler-wasserstoffrat-ermittelt-h2-bedarfe-fuer-lkw-bis-2035-35169\/#primaryimage"},"thumbnailUrl":"https:\/\/static.krafthand-truck.de\/uploads\/2023\/02\/NWR_Bedarf_Wasserstoff_2035_Lkw_Aufmacher.jpg","datePublished":"2023-02-15T09:19:25+00:00","dateModified":"2023-02-20T07:00:03+00:00","author":{"@id":"https:\/\/www.krafthand.de\/truck\/#\/schema\/person\/51fa80b1c57034c4bf63f9f988fc24ce"},"description":"Um f\u00fcr die kommenden Jahre ein Bild der Wasserstoffbedarfe zu erhalten, hat der Nationale Wasserstoffrat eine Analyse vorgenommen.","breadcrumb":{"@id":"https:\/\/www.krafthand.de\/truck\/artikel\/nationaler-wasserstoffrat-ermittelt-h2-bedarfe-fuer-lkw-bis-2035-35169\/#breadcrumb"},"inLanguage":"de","potentialAction":[{"@type":"ReadAction","target":["https:\/\/www.krafthand.de\/truck\/artikel\/nationaler-wasserstoffrat-ermittelt-h2-bedarfe-fuer-lkw-bis-2035-35169\/"]}]},{"@type":"ImageObject","inLanguage":"de","@id":"https:\/\/www.krafthand.de\/truck\/artikel\/nationaler-wasserstoffrat-ermittelt-h2-bedarfe-fuer-lkw-bis-2035-35169\/#primaryimage","url":"https:\/\/static.krafthand-truck.de\/uploads\/2023\/02\/NWR_Bedarf_Wasserstoff_2035_Lkw_Aufmacher.jpg","contentUrl":"https:\/\/static.krafthand-truck.de\/uploads\/2023\/02\/NWR_Bedarf_Wasserstoff_2035_Lkw_Aufmacher.jpg","width":1200,"height":654},{"@type":"BreadcrumbList","@id":"https:\/\/www.krafthand.de\/truck\/artikel\/nationaler-wasserstoffrat-ermittelt-h2-bedarfe-fuer-lkw-bis-2035-35169\/#breadcrumb","itemListElement":[{"@type":"ListItem","position":1,"name":"Krafthand-Truck","item":"https:\/\/www.krafthand.de\/truck\/"},{"@type":"ListItem","position":2,"name":"Nfz-Branche","item":"https:\/\/www.krafthand.de\/truck\/kategorie\/branche\/"},{"@type":"ListItem","position":3,"name":"Studien\/F+E","item":"https:\/\/www.krafthand.de\/truck\/kategorie\/branche\/studien\/"},{"@type":"ListItem","position":4,"name":"Nationaler Wasserstoffrat ermittelt H2-Bedarfe f\u00fcr Lkw bis 2035"}]},{"@type":"WebSite","@id":"https:\/\/www.krafthand.de\/truck\/#website","url":"https:\/\/www.krafthand.de\/truck\/","name":"Krafthand-Truck","description":"","potentialAction":[{"@type":"SearchAction","target":{"@type":"EntryPoint","urlTemplate":"https:\/\/www.krafthand.de\/truck\/?s={search_term_string}"},"query-input":{"@type":"PropertyValueSpecification","valueRequired":true,"valueName":"search_term_string"}}],"inLanguage":"de"},{"@type":"Person","@id":"https:\/\/www.krafthand.de\/truck\/#\/schema\/person\/51fa80b1c57034c4bf63f9f988fc24ce","name":"georg.blenk@krafthand-medien.de","image":{"@type":"ImageObject","inLanguage":"de","@id":"https:\/\/secure.gravatar.com\/avatar\/93713c30affe0aa95d3a4130e499bb1abee2eb31adbdd9ce2aa1543538490215?s=96&d=mm&r=g","url":"https:\/\/secure.gravatar.com\/avatar\/93713c30affe0aa95d3a4130e499bb1abee2eb31adbdd9ce2aa1543538490215?s=96&d=mm&r=g","contentUrl":"https:\/\/secure.gravatar.com\/avatar\/93713c30affe0aa95d3a4130e499bb1abee2eb31adbdd9ce2aa1543538490215?s=96&d=mm&r=g","caption":"georg.blenk@krafthand-medien.de"}}]}},"_links":{"self":[{"href":"https:\/\/www.krafthand.de\/truck\/wp-json\/wp\/v2\/posts\/35169","targetHints":{"allow":["GET"]}}],"collection":[{"href":"https:\/\/www.krafthand.de\/truck\/wp-json\/wp\/v2\/posts"}],"about":[{"href":"https:\/\/www.krafthand.de\/truck\/wp-json\/wp\/v2\/types\/post"}],"author":[{"embeddable":true,"href":"https:\/\/www.krafthand.de\/truck\/wp-json\/wp\/v2\/users\/9"}],"replies":[{"embeddable":true,"href":"https:\/\/www.krafthand.de\/truck\/wp-json\/wp\/v2\/comments?post=35169"}],"version-history":[{"count":11,"href":"https:\/\/www.krafthand.de\/truck\/wp-json\/wp\/v2\/posts\/35169\/revisions"}],"predecessor-version":[{"id":35184,"href":"https:\/\/www.krafthand.de\/truck\/wp-json\/wp\/v2\/posts\/35169\/revisions\/35184"}],"wp:featuredmedia":[{"embeddable":true,"href":"https:\/\/www.krafthand.de\/truck\/wp-json\/wp\/v2\/media\/35179"}],"wp:attachment":[{"href":"https:\/\/www.krafthand.de\/truck\/wp-json\/wp\/v2\/media?parent=35169"}],"wp:term":[{"taxonomy":"category","embeddable":true,"href":"https:\/\/www.krafthand.de\/truck\/wp-json\/wp\/v2\/categories?post=35169"},{"taxonomy":"post_tag","embeddable":true,"href":"https:\/\/www.krafthand.de\/truck\/wp-json\/wp\/v2\/tags?post=35169"},{"taxonomy":"settings","embeddable":true,"href":"https:\/\/www.krafthand.de\/truck\/wp-json\/wp\/v2\/settings?post=35169"}],"curies":[{"name":"wp","href":"https:\/\/api.w.org\/{rel}","templated":true}]}}