{"id":35150,"date":"2023-02-14T12:17:53","date_gmt":"2023-02-14T11:17:53","guid":{"rendered":"https:\/\/www.krafthand.de\/truck\/?p=35150"},"modified":"2023-02-15T10:33:19","modified_gmt":"2023-02-15T09:33:19","slug":"koegel-eroeffnet-ersten-servicebetrieb-an-der-a8","status":"publish","type":"post","link":"https:\/\/www.krafthand.de\/truck\/artikel\/koegel-eroeffnet-ersten-servicebetrieb-an-der-a8-35150\/","title":{"rendered":"K\u00f6gel er\u00f6ffnet neuen Servicebetrieb in Burtenbach"},"content":{"rendered":"<p>Der Trailerspezialist <a href=\"https:\/\/www.koegel.com\" target=\"_blank\" rel=\"noopener\">K\u00f6gel<\/a> er\u00f6ffnete am Hauptsitz in Burtenbach, nahe der Autobahn A8, einen eigenen Service-Betrieb. Kunden k\u00f6nnen dort ab sofort alle wesentlichen Serviceleistungen wie gesetzlich vorgeschriebene Pr\u00fcfungen oder auch komplette Unfallinstandsetzungen rund um Auflieger und Anh\u00e4nger aller Marken in Anspruch nehmen.<\/p>\n<p>F\u00fcr Transporteure birgt der K\u00f6gel-eigene Servicebetrieb zus\u00e4tzliche Vorteile. Das Know-how von K\u00f6gel erlaubt es auch anspruchsvollste Reparaturen durchzuf\u00fchren. <em>\u201eKomplexe Arbeiten wie das Richten von Rahmen sowie von Planen-, Koffer- oder Kippaufbauten \u00fcberlassen andere Servicebetriebe lieber uns\u201c<\/em>, berichtet K\u00f6gel-Werkstattleiter Markus Wolf.\u00a0 Zudem besitze die neue Werkstatt die M\u00f6glichkeit, ganze Bauteile im KTL-Verfahren zu beschichten und zu lackieren beziehungsweise eine Pulverbeschichtung aufzubringen, so dass der Korrosionsschutz des instandgesetzten Aufliegers mit dem des Neufahrzeugs vergleichbar ist.<\/p>\n<blockquote><p>\u201eEin eigener Servicebetrieb am Werk geh\u00f6rt einfach dazu, wenn ein Fahrzeughersteller Kundenn\u00e4he verspricht\u201c, erkl\u00e4rt Anton Bigelmaier, Leiter des Gesch\u00e4ftsbereichs After Market bei K\u00f6gel.<\/p><\/blockquote>\n<figure id=\"attachment_35164\" aria-describedby=\"caption-attachment-35164\" style=\"width: 420px\" class=\"wp-caption alignleft\"><a href=\"https:\/\/static.krafthand-truck.de\/uploads\/2023\/02\/Koegel_Service_Betrieb_Innenansicht.jpg\" target=\"_blank\" rel=\"noopener\"><img fetchpriority=\"high\" decoding=\"async\" class=\"wp-image-35164\" src=\"https:\/\/static.krafthand-truck.de\/uploads\/2023\/02\/Koegel_Service_Betrieb_Innenansicht-300x200.jpg\" alt=\"\" width=\"420\" height=\"280\" srcset=\"https:\/\/static.krafthand-truck.de\/uploads\/2023\/02\/Koegel_Service_Betrieb_Innenansicht-300x200.jpg 300w, https:\/\/static.krafthand-truck.de\/uploads\/2023\/02\/Koegel_Service_Betrieb_Innenansicht-1024x683.jpg 1024w, https:\/\/static.krafthand-truck.de\/uploads\/2023\/02\/Koegel_Service_Betrieb_Innenansicht-768x512.jpg 768w, https:\/\/static.krafthand-truck.de\/uploads\/2023\/02\/Koegel_Service_Betrieb_Innenansicht.jpg 1200w\" sizes=\"(max-width: 420px) 100vw, 420px\" \/><\/a><figcaption id=\"caption-attachment-35164\" class=\"wp-caption-text\">Die neue, hochmoderne Werkstatt von K\u00f6gel erlaubt es s\u00e4mtliche Reparaturen an Trailern durchzuf\u00fchren.<\/figcaption><\/figure>\n<p>Zu den weiteren Leistungen des K\u00f6gel Betriebs z\u00e4hlen die Achsvermessung und -Justage, Arbeiten an der Hydraulik von Kippfahrzeugen, das Nachr\u00fcsten von Ausr\u00fcstungsoptionen wie Ladebordw\u00e4nde und Einrichtungen zur Ladungssicherung einschlie\u00dflich der Erstellung von Ladungssicherungszertifikaten. Zus\u00e4tzlich biete die N\u00e4he zum Stammwerk die M\u00f6glichkeit auch \u00fcberdimensionierte Ersatzteile und Baugruppen die weniger nachgefragt sind, umgehend zur Verf\u00fcgung zu stellen.\u00a0Au\u00dferdem unterh\u00e4lt K\u00f6gel Servicepartnerschaften zu allen Lieferanten der Erstausr\u00fcstung. Dazu z\u00e4hlen die f\u00fchrenden Hersteller von Trailerachsen ebenso wie die Anbieter des Trailer-EBS.<\/p>\n<p>Mit der eigenen Werkstatt erg\u00e4nzt K\u00f6gel sein Werkstattnetzwerk von europaweit 1.000 Standorten, wovon sich rund 500 in Deutschland befinden. Die Werkstatt teilt sich das insgesamt 2.600 Quadratmeter gro\u00dfe Geb\u00e4ude unter anderem mit der ebenfalls neuen SKD-Verladung (Semi-Knocked-Down), wo Bauteils\u00e4tze f\u00fcr den Transport zu den europ\u00e4ischen Montagewerken von K\u00f6gel vorbereitet werden. Der Betrieb befindet sich in der N\u00e4he der Autobahn A 8 und damit an der wichtigen Ost-West-Verbindung im S\u00fcden von Deutschland. Daher wird der neue K\u00f6gel-Servicebetrieb auch Teil der Pannennothilfe sein.<\/p>\n<p><i>Den Beitrag finden Sie auch in der Print-Ausgabe 1-2023 der <a href=\"https:\/\/www.krafthand.de\/truck\/magazin\/\" title=\"Zum Magazin\">Krafthand-Truck<\/a>.<\/i><\/p>","protected":false},"excerpt":{"rendered":"<p>Der Trailerspezialist K\u00f6gel er\u00f6ffnete am Hauptsitz in Burtenbach, nahe der Autobahn A8, einen eigenen Service-Betrieb. Kunden k\u00f6nnen dort ab sofort alle wesentlichen Serviceleistungen wie gesetzlich vorgeschriebene Pr\u00fcfungen oder komplette Unfallinstandsetzungen rund um Auflieger und Anh\u00e4nger aller Marken in Anspruch nehmen. <span class=\"excerpt-more__dots\">&#8230;<\/span> <a class=\"excerpt-more__link\" href=\"https:\/\/www.krafthand.de\/truck\/artikel\/koegel-eroeffnet-ersten-servicebetrieb-an-der-a8-35150\/\" >weiter<\/a><\/p>\n","protected":false},"author":9,"featured_media":35154,"comment_status":"closed","ping_status":"closed","sticky":false,"template":"","format":"standard","meta":{"footnotes":""},"categories":[4235],"tags":[5525,202,5526,599,199],"settings":[4766,3523],"class_list":["post-35150","post","type-post","status-publish","format-standard","has-post-thumbnail","hentry","category-unternehmen","tag-burtenbach","tag-koegel","tag-service-betrieb","tag-trailer","tag-werkstatt"],"yoast_head":"<!-- This site is optimized with the Yoast SEO plugin v27.3 - https:\/\/yoast.com\/product\/yoast-seo-wordpress\/ -->\n<title>K\u00f6gel er\u00f6ffnet neuen Servicebetrieb in Burtenbach - Krafthand-Truck<\/title>\n<meta name=\"description\" content=\"Der Trailerspezialist K\u00f6gel er\u00f6ffnete am Hauptsitz in Burtenbach, nahe der Autobahn A8, einen eigenen Service-Betrieb.\" \/>\n<meta name=\"robots\" content=\"index, follow, max-snippet:-1, max-image-preview:large, max-video-preview:-1\" \/>\n<link rel=\"canonical\" href=\"https:\/\/www.krafthand.de\/truck\/artikel\/koegel-eroeffnet-ersten-servicebetrieb-an-der-a8-35150\/\" \/>\n<meta property=\"og:locale\" content=\"de_DE\" \/>\n<meta property=\"og:type\" content=\"article\" \/>\n<meta property=\"og:title\" content=\"K\u00f6gel er\u00f6ffnet neuen Servicebetrieb in Burtenbach - Krafthand-Truck\" \/>\n<meta property=\"og:description\" content=\"Der Trailerspezialist K\u00f6gel er\u00f6ffnete am Hauptsitz in Burtenbach, nahe der Autobahn A8, einen eigenen Service-Betrieb.\" \/>\n<meta property=\"og:url\" content=\"https:\/\/www.krafthand-truck.de\/artikel\/koegel-eroeffnet-ersten-servicebetrieb-an-der-a8-35150\/\" \/>\n<meta property=\"og:site_name\" content=\"Krafthand-Truck\" \/>\n<meta property=\"article:published_time\" content=\"2023-02-14T11:17:53+00:00\" \/>\n<meta property=\"article:modified_time\" content=\"2023-02-15T09:33:19+00:00\" \/>\n<meta property=\"og:image\" content=\"https:\/\/static.krafthand-truck.de\/uploads\/2023\/02\/Koegel_Trailer_Service_Werkstatt_Burtenbach.jpg\" \/>\n\t<meta property=\"og:image:width\" content=\"1080\" \/>\n\t<meta property=\"og:image:height\" content=\"608\" \/>\n\t<meta property=\"og:image:type\" content=\"image\/jpeg\" \/>\n<meta name=\"author\" content=\"georg.blenk@krafthand-medien.de\" \/>\n<meta name=\"twitter:card\" content=\"summary_large_image\" \/>\n<meta name=\"twitter:label1\" content=\"Verfasst von\" \/>\n\t<meta name=\"twitter:data1\" content=\"georg.blenk@krafthand-medien.de\" \/>\n\t<meta name=\"twitter:label2\" content=\"Gesch\u00e4tzte Lesezeit\" \/>\n\t<meta name=\"twitter:data2\" content=\"2\u00a0Minuten\" \/>\n<script type=\"application\/ld+json\" class=\"yoast-schema-graph\">{\"@context\":\"https:\\\/\\\/schema.org\",\"@graph\":[{\"@type\":\"Article\",\"@id\":\"https:\\\/\\\/www.krafthand.de\\\/truck\\\/artikel\\\/koegel-eroeffnet-ersten-servicebetrieb-an-der-a8-35150\\\/#article\",\"isPartOf\":{\"@id\":\"https:\\\/\\\/www.krafthand.de\\\/truck\\\/artikel\\\/koegel-eroeffnet-ersten-servicebetrieb-an-der-a8-35150\\\/\"},\"author\":{\"name\":\"georg.blenk@krafthand-medien.de\",\"@id\":\"https:\\\/\\\/www.krafthand.de\\\/truck\\\/#\\\/schema\\\/person\\\/51fa80b1c57034c4bf63f9f988fc24ce\"},\"headline\":\"K\u00f6gel er\u00f6ffnet neuen Servicebetrieb in Burtenbach\",\"datePublished\":\"2023-02-14T11:17:53+00:00\",\"dateModified\":\"2023-02-15T09:33:19+00:00\",\"mainEntityOfPage\":{\"@id\":\"https:\\\/\\\/www.krafthand.de\\\/truck\\\/artikel\\\/koegel-eroeffnet-ersten-servicebetrieb-an-der-a8-35150\\\/\"},\"wordCount\":366,\"image\":{\"@id\":\"https:\\\/\\\/www.krafthand.de\\\/truck\\\/artikel\\\/koegel-eroeffnet-ersten-servicebetrieb-an-der-a8-35150\\\/#primaryimage\"},\"thumbnailUrl\":\"https:\\\/\\\/static.krafthand-truck.de\\\/uploads\\\/2023\\\/02\\\/Koegel_Trailer_Service_Werkstatt_Burtenbach.jpg\",\"keywords\":[\"Burtenbach\",\"K\u00f6gel\",\"Service-Betrieb\",\"Trailer\",\"Werkstatt\"],\"articleSection\":[\"Unternehmen\"],\"inLanguage\":\"de\"},{\"@type\":\"WebPage\",\"@id\":\"https:\\\/\\\/www.krafthand.de\\\/truck\\\/artikel\\\/koegel-eroeffnet-ersten-servicebetrieb-an-der-a8-35150\\\/\",\"url\":\"https:\\\/\\\/www.krafthand.de\\\/truck\\\/artikel\\\/koegel-eroeffnet-ersten-servicebetrieb-an-der-a8-35150\\\/\",\"name\":\"K\u00f6gel er\u00f6ffnet neuen Servicebetrieb in Burtenbach - Krafthand-Truck\",\"isPartOf\":{\"@id\":\"https:\\\/\\\/www.krafthand.de\\\/truck\\\/#website\"},\"primaryImageOfPage\":{\"@id\":\"https:\\\/\\\/www.krafthand.de\\\/truck\\\/artikel\\\/koegel-eroeffnet-ersten-servicebetrieb-an-der-a8-35150\\\/#primaryimage\"},\"image\":{\"@id\":\"https:\\\/\\\/www.krafthand.de\\\/truck\\\/artikel\\\/koegel-eroeffnet-ersten-servicebetrieb-an-der-a8-35150\\\/#primaryimage\"},\"thumbnailUrl\":\"https:\\\/\\\/static.krafthand-truck.de\\\/uploads\\\/2023\\\/02\\\/Koegel_Trailer_Service_Werkstatt_Burtenbach.jpg\",\"datePublished\":\"2023-02-14T11:17:53+00:00\",\"dateModified\":\"2023-02-15T09:33:19+00:00\",\"author\":{\"@id\":\"https:\\\/\\\/www.krafthand.de\\\/truck\\\/#\\\/schema\\\/person\\\/51fa80b1c57034c4bf63f9f988fc24ce\"},\"description\":\"Der Trailerspezialist K\u00f6gel er\u00f6ffnete am Hauptsitz in Burtenbach, nahe der Autobahn A8, einen eigenen Service-Betrieb.\",\"breadcrumb\":{\"@id\":\"https:\\\/\\\/www.krafthand.de\\\/truck\\\/artikel\\\/koegel-eroeffnet-ersten-servicebetrieb-an-der-a8-35150\\\/#breadcrumb\"},\"inLanguage\":\"de\",\"potentialAction\":[{\"@type\":\"ReadAction\",\"target\":[\"https:\\\/\\\/www.krafthand.de\\\/truck\\\/artikel\\\/koegel-eroeffnet-ersten-servicebetrieb-an-der-a8-35150\\\/\"]}]},{\"@type\":\"ImageObject\",\"inLanguage\":\"de\",\"@id\":\"https:\\\/\\\/www.krafthand.de\\\/truck\\\/artikel\\\/koegel-eroeffnet-ersten-servicebetrieb-an-der-a8-35150\\\/#primaryimage\",\"url\":\"https:\\\/\\\/static.krafthand-truck.de\\\/uploads\\\/2023\\\/02\\\/Koegel_Trailer_Service_Werkstatt_Burtenbach.jpg\",\"contentUrl\":\"https:\\\/\\\/static.krafthand-truck.de\\\/uploads\\\/2023\\\/02\\\/Koegel_Trailer_Service_Werkstatt_Burtenbach.jpg\",\"width\":1080,\"height\":608},{\"@type\":\"BreadcrumbList\",\"@id\":\"https:\\\/\\\/www.krafthand.de\\\/truck\\\/artikel\\\/koegel-eroeffnet-ersten-servicebetrieb-an-der-a8-35150\\\/#breadcrumb\",\"itemListElement\":[{\"@type\":\"ListItem\",\"position\":1,\"name\":\"Krafthand-Truck\",\"item\":\"https:\\\/\\\/www.krafthand.de\\\/truck\\\/\"},{\"@type\":\"ListItem\",\"position\":2,\"name\":\"Nfz-Branche\",\"item\":\"https:\\\/\\\/www.krafthand.de\\\/truck\\\/kategorie\\\/branche\\\/\"},{\"@type\":\"ListItem\",\"position\":3,\"name\":\"Unternehmen\",\"item\":\"https:\\\/\\\/www.krafthand.de\\\/truck\\\/kategorie\\\/branche\\\/unternehmen\\\/\"},{\"@type\":\"ListItem\",\"position\":4,\"name\":\"K\u00f6gel er\u00f6ffnet neuen Servicebetrieb in Burtenbach\"}]},{\"@type\":\"WebSite\",\"@id\":\"https:\\\/\\\/www.krafthand.de\\\/truck\\\/#website\",\"url\":\"https:\\\/\\\/www.krafthand.de\\\/truck\\\/\",\"name\":\"Krafthand-Truck\",\"description\":\"\",\"potentialAction\":[{\"@type\":\"SearchAction\",\"target\":{\"@type\":\"EntryPoint\",\"urlTemplate\":\"https:\\\/\\\/www.krafthand.de\\\/truck\\\/?s={search_term_string}\"},\"query-input\":{\"@type\":\"PropertyValueSpecification\",\"valueRequired\":true,\"valueName\":\"search_term_string\"}}],\"inLanguage\":\"de\"},{\"@type\":\"Person\",\"@id\":\"https:\\\/\\\/www.krafthand.de\\\/truck\\\/#\\\/schema\\\/person\\\/51fa80b1c57034c4bf63f9f988fc24ce\",\"name\":\"georg.blenk@krafthand-medien.de\",\"image\":{\"@type\":\"ImageObject\",\"inLanguage\":\"de\",\"@id\":\"https:\\\/\\\/secure.gravatar.com\\\/avatar\\\/93713c30affe0aa95d3a4130e499bb1abee2eb31adbdd9ce2aa1543538490215?s=96&d=mm&r=g\",\"url\":\"https:\\\/\\\/secure.gravatar.com\\\/avatar\\\/93713c30affe0aa95d3a4130e499bb1abee2eb31adbdd9ce2aa1543538490215?s=96&d=mm&r=g\",\"contentUrl\":\"https:\\\/\\\/secure.gravatar.com\\\/avatar\\\/93713c30affe0aa95d3a4130e499bb1abee2eb31adbdd9ce2aa1543538490215?s=96&d=mm&r=g\",\"caption\":\"georg.blenk@krafthand-medien.de\"}}]}<\/script>\n<!-- \/ Yoast SEO plugin. -->","yoast_head_json":{"title":"K\u00f6gel er\u00f6ffnet neuen Servicebetrieb in Burtenbach - Krafthand-Truck","description":"Der Trailerspezialist K\u00f6gel er\u00f6ffnete am Hauptsitz in Burtenbach, nahe der Autobahn A8, einen eigenen Service-Betrieb.","robots":{"index":"index","follow":"follow","max-snippet":"max-snippet:-1","max-image-preview":"max-image-preview:large","max-video-preview":"max-video-preview:-1"},"canonical":"https:\/\/www.krafthand.de\/truck\/artikel\/koegel-eroeffnet-ersten-servicebetrieb-an-der-a8-35150\/","og_locale":"de_DE","og_type":"article","og_title":"K\u00f6gel er\u00f6ffnet neuen Servicebetrieb in Burtenbach - Krafthand-Truck","og_description":"Der Trailerspezialist K\u00f6gel er\u00f6ffnete am Hauptsitz in Burtenbach, nahe der Autobahn A8, einen eigenen Service-Betrieb.","og_url":"https:\/\/www.krafthand-truck.de\/artikel\/koegel-eroeffnet-ersten-servicebetrieb-an-der-a8-35150\/","og_site_name":"Krafthand-Truck","article_published_time":"2023-02-14T11:17:53+00:00","article_modified_time":"2023-02-15T09:33:19+00:00","og_image":[{"width":1080,"height":608,"url":"https:\/\/static.krafthand-truck.de\/uploads\/2023\/02\/Koegel_Trailer_Service_Werkstatt_Burtenbach.jpg","type":"image\/jpeg"}],"author":"georg.blenk@krafthand-medien.de","twitter_card":"summary_large_image","twitter_misc":{"Verfasst von":"georg.blenk@krafthand-medien.de","Gesch\u00e4tzte Lesezeit":"2\u00a0Minuten"},"schema":{"@context":"https:\/\/schema.org","@graph":[{"@type":"Article","@id":"https:\/\/www.krafthand.de\/truck\/artikel\/koegel-eroeffnet-ersten-servicebetrieb-an-der-a8-35150\/#article","isPartOf":{"@id":"https:\/\/www.krafthand.de\/truck\/artikel\/koegel-eroeffnet-ersten-servicebetrieb-an-der-a8-35150\/"},"author":{"name":"georg.blenk@krafthand-medien.de","@id":"https:\/\/www.krafthand.de\/truck\/#\/schema\/person\/51fa80b1c57034c4bf63f9f988fc24ce"},"headline":"K\u00f6gel er\u00f6ffnet neuen Servicebetrieb in Burtenbach","datePublished":"2023-02-14T11:17:53+00:00","dateModified":"2023-02-15T09:33:19+00:00","mainEntityOfPage":{"@id":"https:\/\/www.krafthand.de\/truck\/artikel\/koegel-eroeffnet-ersten-servicebetrieb-an-der-a8-35150\/"},"wordCount":366,"image":{"@id":"https:\/\/www.krafthand.de\/truck\/artikel\/koegel-eroeffnet-ersten-servicebetrieb-an-der-a8-35150\/#primaryimage"},"thumbnailUrl":"https:\/\/static.krafthand-truck.de\/uploads\/2023\/02\/Koegel_Trailer_Service_Werkstatt_Burtenbach.jpg","keywords":["Burtenbach","K\u00f6gel","Service-Betrieb","Trailer","Werkstatt"],"articleSection":["Unternehmen"],"inLanguage":"de"},{"@type":"WebPage","@id":"https:\/\/www.krafthand.de\/truck\/artikel\/koegel-eroeffnet-ersten-servicebetrieb-an-der-a8-35150\/","url":"https:\/\/www.krafthand.de\/truck\/artikel\/koegel-eroeffnet-ersten-servicebetrieb-an-der-a8-35150\/","name":"K\u00f6gel er\u00f6ffnet neuen Servicebetrieb in Burtenbach - Krafthand-Truck","isPartOf":{"@id":"https:\/\/www.krafthand.de\/truck\/#website"},"primaryImageOfPage":{"@id":"https:\/\/www.krafthand.de\/truck\/artikel\/koegel-eroeffnet-ersten-servicebetrieb-an-der-a8-35150\/#primaryimage"},"image":{"@id":"https:\/\/www.krafthand.de\/truck\/artikel\/koegel-eroeffnet-ersten-servicebetrieb-an-der-a8-35150\/#primaryimage"},"thumbnailUrl":"https:\/\/static.krafthand-truck.de\/uploads\/2023\/02\/Koegel_Trailer_Service_Werkstatt_Burtenbach.jpg","datePublished":"2023-02-14T11:17:53+00:00","dateModified":"2023-02-15T09:33:19+00:00","author":{"@id":"https:\/\/www.krafthand.de\/truck\/#\/schema\/person\/51fa80b1c57034c4bf63f9f988fc24ce"},"description":"Der Trailerspezialist K\u00f6gel er\u00f6ffnete am Hauptsitz in Burtenbach, nahe der Autobahn A8, einen eigenen Service-Betrieb.","breadcrumb":{"@id":"https:\/\/www.krafthand.de\/truck\/artikel\/koegel-eroeffnet-ersten-servicebetrieb-an-der-a8-35150\/#breadcrumb"},"inLanguage":"de","potentialAction":[{"@type":"ReadAction","target":["https:\/\/www.krafthand.de\/truck\/artikel\/koegel-eroeffnet-ersten-servicebetrieb-an-der-a8-35150\/"]}]},{"@type":"ImageObject","inLanguage":"de","@id":"https:\/\/www.krafthand.de\/truck\/artikel\/koegel-eroeffnet-ersten-servicebetrieb-an-der-a8-35150\/#primaryimage","url":"https:\/\/static.krafthand-truck.de\/uploads\/2023\/02\/Koegel_Trailer_Service_Werkstatt_Burtenbach.jpg","contentUrl":"https:\/\/static.krafthand-truck.de\/uploads\/2023\/02\/Koegel_Trailer_Service_Werkstatt_Burtenbach.jpg","width":1080,"height":608},{"@type":"BreadcrumbList","@id":"https:\/\/www.krafthand.de\/truck\/artikel\/koegel-eroeffnet-ersten-servicebetrieb-an-der-a8-35150\/#breadcrumb","itemListElement":[{"@type":"ListItem","position":1,"name":"Krafthand-Truck","item":"https:\/\/www.krafthand.de\/truck\/"},{"@type":"ListItem","position":2,"name":"Nfz-Branche","item":"https:\/\/www.krafthand.de\/truck\/kategorie\/branche\/"},{"@type":"ListItem","position":3,"name":"Unternehmen","item":"https:\/\/www.krafthand.de\/truck\/kategorie\/branche\/unternehmen\/"},{"@type":"ListItem","position":4,"name":"K\u00f6gel er\u00f6ffnet neuen Servicebetrieb in Burtenbach"}]},{"@type":"WebSite","@id":"https:\/\/www.krafthand.de\/truck\/#website","url":"https:\/\/www.krafthand.de\/truck\/","name":"Krafthand-Truck","description":"","potentialAction":[{"@type":"SearchAction","target":{"@type":"EntryPoint","urlTemplate":"https:\/\/www.krafthand.de\/truck\/?s={search_term_string}"},"query-input":{"@type":"PropertyValueSpecification","valueRequired":true,"valueName":"search_term_string"}}],"inLanguage":"de"},{"@type":"Person","@id":"https:\/\/www.krafthand.de\/truck\/#\/schema\/person\/51fa80b1c57034c4bf63f9f988fc24ce","name":"georg.blenk@krafthand-medien.de","image":{"@type":"ImageObject","inLanguage":"de","@id":"https:\/\/secure.gravatar.com\/avatar\/93713c30affe0aa95d3a4130e499bb1abee2eb31adbdd9ce2aa1543538490215?s=96&d=mm&r=g","url":"https:\/\/secure.gravatar.com\/avatar\/93713c30affe0aa95d3a4130e499bb1abee2eb31adbdd9ce2aa1543538490215?s=96&d=mm&r=g","contentUrl":"https:\/\/secure.gravatar.com\/avatar\/93713c30affe0aa95d3a4130e499bb1abee2eb31adbdd9ce2aa1543538490215?s=96&d=mm&r=g","caption":"georg.blenk@krafthand-medien.de"}}]}},"_links":{"self":[{"href":"https:\/\/www.krafthand.de\/truck\/wp-json\/wp\/v2\/posts\/35150","targetHints":{"allow":["GET"]}}],"collection":[{"href":"https:\/\/www.krafthand.de\/truck\/wp-json\/wp\/v2\/posts"}],"about":[{"href":"https:\/\/www.krafthand.de\/truck\/wp-json\/wp\/v2\/types\/post"}],"author":[{"embeddable":true,"href":"https:\/\/www.krafthand.de\/truck\/wp-json\/wp\/v2\/users\/9"}],"replies":[{"embeddable":true,"href":"https:\/\/www.krafthand.de\/truck\/wp-json\/wp\/v2\/comments?post=35150"}],"version-history":[{"count":17,"href":"https:\/\/www.krafthand.de\/truck\/wp-json\/wp\/v2\/posts\/35150\/revisions"}],"predecessor-version":[{"id":35185,"href":"https:\/\/www.krafthand.de\/truck\/wp-json\/wp\/v2\/posts\/35150\/revisions\/35185"}],"wp:featuredmedia":[{"embeddable":true,"href":"https:\/\/www.krafthand.de\/truck\/wp-json\/wp\/v2\/media\/35154"}],"wp:attachment":[{"href":"https:\/\/www.krafthand.de\/truck\/wp-json\/wp\/v2\/media?parent=35150"}],"wp:term":[{"taxonomy":"category","embeddable":true,"href":"https:\/\/www.krafthand.de\/truck\/wp-json\/wp\/v2\/categories?post=35150"},{"taxonomy":"post_tag","embeddable":true,"href":"https:\/\/www.krafthand.de\/truck\/wp-json\/wp\/v2\/tags?post=35150"},{"taxonomy":"settings","embeddable":true,"href":"https:\/\/www.krafthand.de\/truck\/wp-json\/wp\/v2\/settings?post=35150"}],"curies":[{"name":"wp","href":"https:\/\/api.w.org\/{rel}","templated":true}]}}