{"id":35090,"date":"2023-02-10T10:02:58","date_gmt":"2023-02-10T09:02:58","guid":{"rendered":"https:\/\/www.krafthand.de\/truck\/?p=35090"},"modified":"2023-02-10T10:17:23","modified_gmt":"2023-02-10T09:17:23","slug":"autopstenhoj-neue-zwei-saeulen-hebebuehne-maestro-mit-5-und-6-tonnen","status":"publish","type":"post","link":"https:\/\/www.krafthand.de\/truck\/artikel\/autopstenhoj-neue-zwei-saeulen-hebebuehne-maestro-mit-5-und-6-tonnen-35090\/","title":{"rendered":"Autopstenhoj: Neue Zwei-S\u00e4ulen-Hebeb\u00fchnen Maestro NxT mit 5 und 6 Tonnen Tragkraft"},"content":{"rendered":"<p>Der Spezialist f\u00fcr Pr\u00fcf- und Hebetechnik <a href=\"https:\/\/www.autopstenhoj.com\/de\/\" target=\"_blank\" rel=\"noopener\">Autopstenhoj<\/a> erweitert sein Hebeb\u00fchnenprogramm &#8218;NxT-Generation&#8216; um die elektromechanischen Zwei-S\u00e4ulen-Hebeb\u00fchnen Maestro 2.50 NxT und Maestro 2.60 NxT. Die beiden B\u00fchnen verf\u00fcgen \u00fcber einen optimierten Aufnahmebereich, eine neu konzipierte und optimierte Bodenplatte und eine angepasste und verbesserte niedrigere Unterschwenkh\u00f6he.<\/p>\n<p>Das S\u00e4ulenprofil der Zwei-S\u00e4ulen-Hebeb\u00fchnen vom Typ Maestro 2.xx NxT zeichnet sich laut Autopstenhoj durch ein extrem starkes und seit Jahrzehnten am Markt bew\u00e4hrtes S\u00e4ulenprofil aus. Der Hubstuhl der B\u00fchnen wird auf Stahlrollen gef\u00fchrt, mit vorgelagertem, innenliegendem Schwenkarmlager, so dass die Schwenkarme bis auf den Boden fahren k\u00f6nnen. Die beiden B\u00fchnen erreichen eine Unterschwenkh\u00f6he von nur 112 mm bei einer Tragf\u00e4higkeit von f\u00fcnf beziehungsweise sechs Tonnen.<\/p>\n<p>Die Maestro 2.50 NxT und 2.60 NxT k\u00f6nnen je nach Gegebenheiten vor Ort mit Portal oder Unterflurverkabelung installiert werden. Auch die Aufstellbreite ist je nach Anforderungen variabel.<\/p>\n<p><i>Den Beitrag finden Sie auch in der Print-Ausgabe 1-2023 der <a href=\"https:\/\/www.krafthand.de\/truck\/magazin\/\" title=\"Zum Magazin\">Krafthand-Truck<\/a>.<\/i><\/p>","protected":false},"excerpt":{"rendered":"<p>Der Spezialist f\u00fcr Hebetechnik Autopstenhoj erweitert sein Hebeb\u00fchnenprogramm &#8218;NxT-Generation&#8216; um die elektromechanischen Zwei-S\u00e4ulen-Hebeb\u00fchnen Maestro 2.50 NxT und Maestro 2.60 NxT. Die beiden B\u00fchnen verf\u00fcgen \u00fcber einen optimierten Aufnahmebereich, eine neu konzipierte und optimierte Bodenplatte und eine angepasste und verbesserte niedrigere Unterschwenkh\u00f6he. <span class=\"excerpt-more__dots\">&#8230;<\/span> <a class=\"excerpt-more__link\" href=\"https:\/\/www.krafthand.de\/truck\/artikel\/autopstenhoj-neue-zwei-saeulen-hebebuehne-maestro-mit-5-und-6-tonnen-35090\/\" >weiter<\/a><\/p>\n","protected":false},"author":9,"featured_media":35095,"comment_status":"closed","ping_status":"closed","sticky":false,"template":"","format":"standard","meta":{"footnotes":""},"categories":[4220],"tags":[3018,3289,4322],"settings":[4766,3523],"class_list":["post-35090","post","type-post","status-publish","format-standard","has-post-thumbnail","hentry","category-werkstattausruestung","tag-autopstenhoj","tag-hebebuehne","tag-maestro"],"yoast_head":"<!-- This site is optimized with the Yoast SEO plugin v27.3 - https:\/\/yoast.com\/product\/yoast-seo-wordpress\/ -->\n<title>Autopstenhoj: Neue Zwei-S\u00e4ulen-Hebeb\u00fchnen Maestro NxT mit 5 und 6 Tonnen Tragkraft - Krafthand-Truck<\/title>\n<meta name=\"description\" content=\"Autopstenhoj erweitert sein Hebeb\u00fchnenprogramm &#039;NxT-Generation&#039; um die Zwei-S\u00e4ulen-Hebeb\u00fchnen Maestro 2.50 NxT und 2.60 NxT.\" \/>\n<meta name=\"robots\" content=\"index, follow, max-snippet:-1, max-image-preview:large, max-video-preview:-1\" \/>\n<link rel=\"canonical\" href=\"https:\/\/www.krafthand.de\/truck\/artikel\/autopstenhoj-neue-zwei-saeulen-hebebuehne-maestro-mit-5-und-6-tonnen-35090\/\" \/>\n<meta property=\"og:locale\" content=\"de_DE\" \/>\n<meta property=\"og:type\" content=\"article\" \/>\n<meta property=\"og:title\" content=\"Autopstenhoj: Neue Zwei-S\u00e4ulen-Hebeb\u00fchnen Maestro NxT mit 5 und 6 Tonnen Tragkraft - Krafthand-Truck\" \/>\n<meta property=\"og:description\" content=\"Autopstenhoj erweitert sein Hebeb\u00fchnenprogramm &#039;NxT-Generation&#039; um die Zwei-S\u00e4ulen-Hebeb\u00fchnen Maestro 2.50 NxT und 2.60 NxT.\" \/>\n<meta property=\"og:url\" content=\"https:\/\/www.krafthand-truck.de\/artikel\/autopstenhoj-neue-zwei-saeulen-hebebuehne-maestro-mit-5-und-6-tonnen-35090\/\" \/>\n<meta property=\"og:site_name\" content=\"Krafthand-Truck\" \/>\n<meta property=\"article:published_time\" content=\"2023-02-10T09:02:58+00:00\" \/>\n<meta property=\"article:modified_time\" content=\"2023-02-10T09:17:23+00:00\" \/>\n<meta property=\"og:image\" content=\"https:\/\/static.krafthand-truck.de\/uploads\/2023\/02\/Autopstenhoj_Maestro-2.60-NxT_Hebebuehne_Transporter.jpg\" \/>\n\t<meta property=\"og:image:width\" content=\"1200\" \/>\n\t<meta property=\"og:image:height\" content=\"964\" \/>\n\t<meta property=\"og:image:type\" content=\"image\/jpeg\" \/>\n<meta name=\"author\" content=\"georg.blenk@krafthand-medien.de\" \/>\n<meta name=\"twitter:card\" content=\"summary_large_image\" \/>\n<meta name=\"twitter:label1\" content=\"Verfasst von\" \/>\n\t<meta name=\"twitter:data1\" content=\"georg.blenk@krafthand-medien.de\" \/>\n\t<meta name=\"twitter:label2\" content=\"Gesch\u00e4tzte Lesezeit\" \/>\n\t<meta name=\"twitter:data2\" content=\"1\u00a0Minute\" \/>\n<script type=\"application\/ld+json\" class=\"yoast-schema-graph\">{\"@context\":\"https:\\\/\\\/schema.org\",\"@graph\":[{\"@type\":\"Article\",\"@id\":\"https:\\\/\\\/www.krafthand.de\\\/truck\\\/artikel\\\/autopstenhoj-neue-zwei-saeulen-hebebuehne-maestro-mit-5-und-6-tonnen-35090\\\/#article\",\"isPartOf\":{\"@id\":\"https:\\\/\\\/www.krafthand.de\\\/truck\\\/artikel\\\/autopstenhoj-neue-zwei-saeulen-hebebuehne-maestro-mit-5-und-6-tonnen-35090\\\/\"},\"author\":{\"name\":\"georg.blenk@krafthand-medien.de\",\"@id\":\"https:\\\/\\\/www.krafthand.de\\\/truck\\\/#\\\/schema\\\/person\\\/51fa80b1c57034c4bf63f9f988fc24ce\"},\"headline\":\"Autopstenhoj: Neue Zwei-S\u00e4ulen-Hebeb\u00fchnen Maestro NxT mit 5 und 6 Tonnen Tragkraft\",\"datePublished\":\"2023-02-10T09:02:58+00:00\",\"dateModified\":\"2023-02-10T09:17:23+00:00\",\"mainEntityOfPage\":{\"@id\":\"https:\\\/\\\/www.krafthand.de\\\/truck\\\/artikel\\\/autopstenhoj-neue-zwei-saeulen-hebebuehne-maestro-mit-5-und-6-tonnen-35090\\\/\"},\"wordCount\":162,\"image\":{\"@id\":\"https:\\\/\\\/www.krafthand.de\\\/truck\\\/artikel\\\/autopstenhoj-neue-zwei-saeulen-hebebuehne-maestro-mit-5-und-6-tonnen-35090\\\/#primaryimage\"},\"thumbnailUrl\":\"https:\\\/\\\/static.krafthand-truck.de\\\/uploads\\\/2023\\\/02\\\/Autopstenhoj_Maestro-2.60-NxT_Hebebuehne_Transporter.jpg\",\"keywords\":[\"Autopstenhoj\",\"Hebeb\u00fchne\",\"Maestro\"],\"articleSection\":[\"Werkstattausr\u00fcstung\"],\"inLanguage\":\"de\"},{\"@type\":\"WebPage\",\"@id\":\"https:\\\/\\\/www.krafthand.de\\\/truck\\\/artikel\\\/autopstenhoj-neue-zwei-saeulen-hebebuehne-maestro-mit-5-und-6-tonnen-35090\\\/\",\"url\":\"https:\\\/\\\/www.krafthand.de\\\/truck\\\/artikel\\\/autopstenhoj-neue-zwei-saeulen-hebebuehne-maestro-mit-5-und-6-tonnen-35090\\\/\",\"name\":\"Autopstenhoj: Neue Zwei-S\u00e4ulen-Hebeb\u00fchnen Maestro NxT mit 5 und 6 Tonnen Tragkraft - Krafthand-Truck\",\"isPartOf\":{\"@id\":\"https:\\\/\\\/www.krafthand.de\\\/truck\\\/#website\"},\"primaryImageOfPage\":{\"@id\":\"https:\\\/\\\/www.krafthand.de\\\/truck\\\/artikel\\\/autopstenhoj-neue-zwei-saeulen-hebebuehne-maestro-mit-5-und-6-tonnen-35090\\\/#primaryimage\"},\"image\":{\"@id\":\"https:\\\/\\\/www.krafthand.de\\\/truck\\\/artikel\\\/autopstenhoj-neue-zwei-saeulen-hebebuehne-maestro-mit-5-und-6-tonnen-35090\\\/#primaryimage\"},\"thumbnailUrl\":\"https:\\\/\\\/static.krafthand-truck.de\\\/uploads\\\/2023\\\/02\\\/Autopstenhoj_Maestro-2.60-NxT_Hebebuehne_Transporter.jpg\",\"datePublished\":\"2023-02-10T09:02:58+00:00\",\"dateModified\":\"2023-02-10T09:17:23+00:00\",\"author\":{\"@id\":\"https:\\\/\\\/www.krafthand.de\\\/truck\\\/#\\\/schema\\\/person\\\/51fa80b1c57034c4bf63f9f988fc24ce\"},\"description\":\"Autopstenhoj erweitert sein Hebeb\u00fchnenprogramm 'NxT-Generation' um die Zwei-S\u00e4ulen-Hebeb\u00fchnen Maestro 2.50 NxT und 2.60 NxT.\",\"breadcrumb\":{\"@id\":\"https:\\\/\\\/www.krafthand.de\\\/truck\\\/artikel\\\/autopstenhoj-neue-zwei-saeulen-hebebuehne-maestro-mit-5-und-6-tonnen-35090\\\/#breadcrumb\"},\"inLanguage\":\"de\",\"potentialAction\":[{\"@type\":\"ReadAction\",\"target\":[\"https:\\\/\\\/www.krafthand.de\\\/truck\\\/artikel\\\/autopstenhoj-neue-zwei-saeulen-hebebuehne-maestro-mit-5-und-6-tonnen-35090\\\/\"]}]},{\"@type\":\"ImageObject\",\"inLanguage\":\"de\",\"@id\":\"https:\\\/\\\/www.krafthand.de\\\/truck\\\/artikel\\\/autopstenhoj-neue-zwei-saeulen-hebebuehne-maestro-mit-5-und-6-tonnen-35090\\\/#primaryimage\",\"url\":\"https:\\\/\\\/static.krafthand-truck.de\\\/uploads\\\/2023\\\/02\\\/Autopstenhoj_Maestro-2.60-NxT_Hebebuehne_Transporter.jpg\",\"contentUrl\":\"https:\\\/\\\/static.krafthand-truck.de\\\/uploads\\\/2023\\\/02\\\/Autopstenhoj_Maestro-2.60-NxT_Hebebuehne_Transporter.jpg\",\"width\":1200,\"height\":964},{\"@type\":\"BreadcrumbList\",\"@id\":\"https:\\\/\\\/www.krafthand.de\\\/truck\\\/artikel\\\/autopstenhoj-neue-zwei-saeulen-hebebuehne-maestro-mit-5-und-6-tonnen-35090\\\/#breadcrumb\",\"itemListElement\":[{\"@type\":\"ListItem\",\"position\":1,\"name\":\"Krafthand-Truck\",\"item\":\"https:\\\/\\\/www.krafthand.de\\\/truck\\\/\"},{\"@type\":\"ListItem\",\"position\":2,\"name\":\"Nfz-Service\",\"item\":\"https:\\\/\\\/www.krafthand.de\\\/truck\\\/kategorie\\\/nfz-service\\\/\"},{\"@type\":\"ListItem\",\"position\":3,\"name\":\"Werkstattausr\u00fcstung\",\"item\":\"https:\\\/\\\/www.krafthand.de\\\/truck\\\/kategorie\\\/nfz-service\\\/werkstattausruestung\\\/\"},{\"@type\":\"ListItem\",\"position\":4,\"name\":\"Autopstenhoj: Neue Zwei-S\u00e4ulen-Hebeb\u00fchnen Maestro NxT mit 5 und 6 Tonnen Tragkraft\"}]},{\"@type\":\"WebSite\",\"@id\":\"https:\\\/\\\/www.krafthand.de\\\/truck\\\/#website\",\"url\":\"https:\\\/\\\/www.krafthand.de\\\/truck\\\/\",\"name\":\"Krafthand-Truck\",\"description\":\"\",\"potentialAction\":[{\"@type\":\"SearchAction\",\"target\":{\"@type\":\"EntryPoint\",\"urlTemplate\":\"https:\\\/\\\/www.krafthand.de\\\/truck\\\/?s={search_term_string}\"},\"query-input\":{\"@type\":\"PropertyValueSpecification\",\"valueRequired\":true,\"valueName\":\"search_term_string\"}}],\"inLanguage\":\"de\"},{\"@type\":\"Person\",\"@id\":\"https:\\\/\\\/www.krafthand.de\\\/truck\\\/#\\\/schema\\\/person\\\/51fa80b1c57034c4bf63f9f988fc24ce\",\"name\":\"georg.blenk@krafthand-medien.de\",\"image\":{\"@type\":\"ImageObject\",\"inLanguage\":\"de\",\"@id\":\"https:\\\/\\\/secure.gravatar.com\\\/avatar\\\/93713c30affe0aa95d3a4130e499bb1abee2eb31adbdd9ce2aa1543538490215?s=96&d=mm&r=g\",\"url\":\"https:\\\/\\\/secure.gravatar.com\\\/avatar\\\/93713c30affe0aa95d3a4130e499bb1abee2eb31adbdd9ce2aa1543538490215?s=96&d=mm&r=g\",\"contentUrl\":\"https:\\\/\\\/secure.gravatar.com\\\/avatar\\\/93713c30affe0aa95d3a4130e499bb1abee2eb31adbdd9ce2aa1543538490215?s=96&d=mm&r=g\",\"caption\":\"georg.blenk@krafthand-medien.de\"}}]}<\/script>\n<!-- \/ Yoast SEO plugin. -->","yoast_head_json":{"title":"Autopstenhoj: Neue Zwei-S\u00e4ulen-Hebeb\u00fchnen Maestro NxT mit 5 und 6 Tonnen Tragkraft - Krafthand-Truck","description":"Autopstenhoj erweitert sein Hebeb\u00fchnenprogramm 'NxT-Generation' um die Zwei-S\u00e4ulen-Hebeb\u00fchnen Maestro 2.50 NxT und 2.60 NxT.","robots":{"index":"index","follow":"follow","max-snippet":"max-snippet:-1","max-image-preview":"max-image-preview:large","max-video-preview":"max-video-preview:-1"},"canonical":"https:\/\/www.krafthand.de\/truck\/artikel\/autopstenhoj-neue-zwei-saeulen-hebebuehne-maestro-mit-5-und-6-tonnen-35090\/","og_locale":"de_DE","og_type":"article","og_title":"Autopstenhoj: Neue Zwei-S\u00e4ulen-Hebeb\u00fchnen Maestro NxT mit 5 und 6 Tonnen Tragkraft - Krafthand-Truck","og_description":"Autopstenhoj erweitert sein Hebeb\u00fchnenprogramm 'NxT-Generation' um die Zwei-S\u00e4ulen-Hebeb\u00fchnen Maestro 2.50 NxT und 2.60 NxT.","og_url":"https:\/\/www.krafthand-truck.de\/artikel\/autopstenhoj-neue-zwei-saeulen-hebebuehne-maestro-mit-5-und-6-tonnen-35090\/","og_site_name":"Krafthand-Truck","article_published_time":"2023-02-10T09:02:58+00:00","article_modified_time":"2023-02-10T09:17:23+00:00","og_image":[{"width":1200,"height":964,"url":"https:\/\/static.krafthand-truck.de\/uploads\/2023\/02\/Autopstenhoj_Maestro-2.60-NxT_Hebebuehne_Transporter.jpg","type":"image\/jpeg"}],"author":"georg.blenk@krafthand-medien.de","twitter_card":"summary_large_image","twitter_misc":{"Verfasst von":"georg.blenk@krafthand-medien.de","Gesch\u00e4tzte Lesezeit":"1\u00a0Minute"},"schema":{"@context":"https:\/\/schema.org","@graph":[{"@type":"Article","@id":"https:\/\/www.krafthand.de\/truck\/artikel\/autopstenhoj-neue-zwei-saeulen-hebebuehne-maestro-mit-5-und-6-tonnen-35090\/#article","isPartOf":{"@id":"https:\/\/www.krafthand.de\/truck\/artikel\/autopstenhoj-neue-zwei-saeulen-hebebuehne-maestro-mit-5-und-6-tonnen-35090\/"},"author":{"name":"georg.blenk@krafthand-medien.de","@id":"https:\/\/www.krafthand.de\/truck\/#\/schema\/person\/51fa80b1c57034c4bf63f9f988fc24ce"},"headline":"Autopstenhoj: Neue Zwei-S\u00e4ulen-Hebeb\u00fchnen Maestro NxT mit 5 und 6 Tonnen Tragkraft","datePublished":"2023-02-10T09:02:58+00:00","dateModified":"2023-02-10T09:17:23+00:00","mainEntityOfPage":{"@id":"https:\/\/www.krafthand.de\/truck\/artikel\/autopstenhoj-neue-zwei-saeulen-hebebuehne-maestro-mit-5-und-6-tonnen-35090\/"},"wordCount":162,"image":{"@id":"https:\/\/www.krafthand.de\/truck\/artikel\/autopstenhoj-neue-zwei-saeulen-hebebuehne-maestro-mit-5-und-6-tonnen-35090\/#primaryimage"},"thumbnailUrl":"https:\/\/static.krafthand-truck.de\/uploads\/2023\/02\/Autopstenhoj_Maestro-2.60-NxT_Hebebuehne_Transporter.jpg","keywords":["Autopstenhoj","Hebeb\u00fchne","Maestro"],"articleSection":["Werkstattausr\u00fcstung"],"inLanguage":"de"},{"@type":"WebPage","@id":"https:\/\/www.krafthand.de\/truck\/artikel\/autopstenhoj-neue-zwei-saeulen-hebebuehne-maestro-mit-5-und-6-tonnen-35090\/","url":"https:\/\/www.krafthand.de\/truck\/artikel\/autopstenhoj-neue-zwei-saeulen-hebebuehne-maestro-mit-5-und-6-tonnen-35090\/","name":"Autopstenhoj: Neue Zwei-S\u00e4ulen-Hebeb\u00fchnen Maestro NxT mit 5 und 6 Tonnen Tragkraft - Krafthand-Truck","isPartOf":{"@id":"https:\/\/www.krafthand.de\/truck\/#website"},"primaryImageOfPage":{"@id":"https:\/\/www.krafthand.de\/truck\/artikel\/autopstenhoj-neue-zwei-saeulen-hebebuehne-maestro-mit-5-und-6-tonnen-35090\/#primaryimage"},"image":{"@id":"https:\/\/www.krafthand.de\/truck\/artikel\/autopstenhoj-neue-zwei-saeulen-hebebuehne-maestro-mit-5-und-6-tonnen-35090\/#primaryimage"},"thumbnailUrl":"https:\/\/static.krafthand-truck.de\/uploads\/2023\/02\/Autopstenhoj_Maestro-2.60-NxT_Hebebuehne_Transporter.jpg","datePublished":"2023-02-10T09:02:58+00:00","dateModified":"2023-02-10T09:17:23+00:00","author":{"@id":"https:\/\/www.krafthand.de\/truck\/#\/schema\/person\/51fa80b1c57034c4bf63f9f988fc24ce"},"description":"Autopstenhoj erweitert sein Hebeb\u00fchnenprogramm 'NxT-Generation' um die Zwei-S\u00e4ulen-Hebeb\u00fchnen Maestro 2.50 NxT und 2.60 NxT.","breadcrumb":{"@id":"https:\/\/www.krafthand.de\/truck\/artikel\/autopstenhoj-neue-zwei-saeulen-hebebuehne-maestro-mit-5-und-6-tonnen-35090\/#breadcrumb"},"inLanguage":"de","potentialAction":[{"@type":"ReadAction","target":["https:\/\/www.krafthand.de\/truck\/artikel\/autopstenhoj-neue-zwei-saeulen-hebebuehne-maestro-mit-5-und-6-tonnen-35090\/"]}]},{"@type":"ImageObject","inLanguage":"de","@id":"https:\/\/www.krafthand.de\/truck\/artikel\/autopstenhoj-neue-zwei-saeulen-hebebuehne-maestro-mit-5-und-6-tonnen-35090\/#primaryimage","url":"https:\/\/static.krafthand-truck.de\/uploads\/2023\/02\/Autopstenhoj_Maestro-2.60-NxT_Hebebuehne_Transporter.jpg","contentUrl":"https:\/\/static.krafthand-truck.de\/uploads\/2023\/02\/Autopstenhoj_Maestro-2.60-NxT_Hebebuehne_Transporter.jpg","width":1200,"height":964},{"@type":"BreadcrumbList","@id":"https:\/\/www.krafthand.de\/truck\/artikel\/autopstenhoj-neue-zwei-saeulen-hebebuehne-maestro-mit-5-und-6-tonnen-35090\/#breadcrumb","itemListElement":[{"@type":"ListItem","position":1,"name":"Krafthand-Truck","item":"https:\/\/www.krafthand.de\/truck\/"},{"@type":"ListItem","position":2,"name":"Nfz-Service","item":"https:\/\/www.krafthand.de\/truck\/kategorie\/nfz-service\/"},{"@type":"ListItem","position":3,"name":"Werkstattausr\u00fcstung","item":"https:\/\/www.krafthand.de\/truck\/kategorie\/nfz-service\/werkstattausruestung\/"},{"@type":"ListItem","position":4,"name":"Autopstenhoj: Neue Zwei-S\u00e4ulen-Hebeb\u00fchnen Maestro NxT mit 5 und 6 Tonnen Tragkraft"}]},{"@type":"WebSite","@id":"https:\/\/www.krafthand.de\/truck\/#website","url":"https:\/\/www.krafthand.de\/truck\/","name":"Krafthand-Truck","description":"","potentialAction":[{"@type":"SearchAction","target":{"@type":"EntryPoint","urlTemplate":"https:\/\/www.krafthand.de\/truck\/?s={search_term_string}"},"query-input":{"@type":"PropertyValueSpecification","valueRequired":true,"valueName":"search_term_string"}}],"inLanguage":"de"},{"@type":"Person","@id":"https:\/\/www.krafthand.de\/truck\/#\/schema\/person\/51fa80b1c57034c4bf63f9f988fc24ce","name":"georg.blenk@krafthand-medien.de","image":{"@type":"ImageObject","inLanguage":"de","@id":"https:\/\/secure.gravatar.com\/avatar\/93713c30affe0aa95d3a4130e499bb1abee2eb31adbdd9ce2aa1543538490215?s=96&d=mm&r=g","url":"https:\/\/secure.gravatar.com\/avatar\/93713c30affe0aa95d3a4130e499bb1abee2eb31adbdd9ce2aa1543538490215?s=96&d=mm&r=g","contentUrl":"https:\/\/secure.gravatar.com\/avatar\/93713c30affe0aa95d3a4130e499bb1abee2eb31adbdd9ce2aa1543538490215?s=96&d=mm&r=g","caption":"georg.blenk@krafthand-medien.de"}}]}},"_links":{"self":[{"href":"https:\/\/www.krafthand.de\/truck\/wp-json\/wp\/v2\/posts\/35090","targetHints":{"allow":["GET"]}}],"collection":[{"href":"https:\/\/www.krafthand.de\/truck\/wp-json\/wp\/v2\/posts"}],"about":[{"href":"https:\/\/www.krafthand.de\/truck\/wp-json\/wp\/v2\/types\/post"}],"author":[{"embeddable":true,"href":"https:\/\/www.krafthand.de\/truck\/wp-json\/wp\/v2\/users\/9"}],"replies":[{"embeddable":true,"href":"https:\/\/www.krafthand.de\/truck\/wp-json\/wp\/v2\/comments?post=35090"}],"version-history":[{"count":9,"href":"https:\/\/www.krafthand.de\/truck\/wp-json\/wp\/v2\/posts\/35090\/revisions"}],"predecessor-version":[{"id":35100,"href":"https:\/\/www.krafthand.de\/truck\/wp-json\/wp\/v2\/posts\/35090\/revisions\/35100"}],"wp:featuredmedia":[{"embeddable":true,"href":"https:\/\/www.krafthand.de\/truck\/wp-json\/wp\/v2\/media\/35095"}],"wp:attachment":[{"href":"https:\/\/www.krafthand.de\/truck\/wp-json\/wp\/v2\/media?parent=35090"}],"wp:term":[{"taxonomy":"category","embeddable":true,"href":"https:\/\/www.krafthand.de\/truck\/wp-json\/wp\/v2\/categories?post=35090"},{"taxonomy":"post_tag","embeddable":true,"href":"https:\/\/www.krafthand.de\/truck\/wp-json\/wp\/v2\/tags?post=35090"},{"taxonomy":"settings","embeddable":true,"href":"https:\/\/www.krafthand.de\/truck\/wp-json\/wp\/v2\/settings?post=35090"}],"curies":[{"name":"wp","href":"https:\/\/api.w.org\/{rel}","templated":true}]}}