{"id":35081,"date":"2023-02-08T09:42:42","date_gmt":"2023-02-08T08:42:42","guid":{"rendered":"https:\/\/www.krafthand.de\/truck\/?p=35081"},"modified":"2023-02-08T10:01:28","modified_gmt":"2023-02-08T09:01:28","slug":"corexx-neue-membranzylinder-nutzfahrzeuge","status":"publish","type":"post","link":"https:\/\/www.krafthand.de\/truck\/artikel\/corexx-neue-membranzylinder-nutzfahrzeuge-35081\/","title":{"rendered":"Corexx: Neue Membranzylinder f\u00fcr Nutzfahrzeuge"},"content":{"rendered":"<p>Membranzylinder sind ein zentrales Bauteil f\u00fcr Druckluftbremsen von Lkws und Trailern. Ihre Aufgabe ist es, den Systemdruck gezielt zu \u00fcbersetzen und in eine mechanische Bewegung umzuwandeln. Als Element der Bremsanlage sind sie dabei h\u00f6chst sicherheitsrelevant und m\u00fcssen neben verl\u00e4sslicher Dichtigkeit und Robustheit auch ein H\u00f6chstma\u00df an Langlebigkeit aufweisen.<\/p>\n<p>Die neuen Membran- und Doppelmembranzylinder des Teilespezialisten <a href=\"https:\/\/corexx.eu\" target=\"_blank\" rel=\"noopener\">Corexx<\/a> sollen diesen hohen Anspr\u00fcchen gerecht werden. Ihre Qualit\u00e4t wird durch umfangreiche Tests und regelm\u00e4\u00dfige Kontrollen permanent best\u00e4tigt. Die Membranzylinder entsprechen ferner Erstausr\u00fcster-Qualit\u00e4t. Das Portfolio von Corexx deckt eine Vielzahl von Lkw und Trailern ab.<\/p>\n<p>Aufgrund der hohen Ersatzteilverf\u00fcgbarkeit, der Teilevergleichsnummern anderer Hersteller und des umfangreichen und intuitiv zu bedienenden Online-Katalogs sparen Nfz-Werkst\u00e4tten bei Ersatzteilbestellung und Reparatur laut Corexx wertvolle Zeit. Das Sortiment an Membran- und Doppelmembranzylinder wird zudem permanent erweitert.<\/p>\n<p><i>Den Beitrag finden Sie auch in der Print-Ausgabe 1-2023 der <a href=\"https:\/\/www.krafthand.de\/truck\/magazin\/\" title=\"Zum Magazin\">Krafthand-Truck<\/a>.<\/i><\/p>","protected":false},"excerpt":{"rendered":"<p>Membran- und Doppelmembranzylinder sind ein zentrales Bauteil f\u00fcr Druckluftbremsen von Lkws und Trailern. Der Teilespezialist Corexx hat jetzt ein umfangreiches Portfolio im Programm. <span class=\"excerpt-more__dots\">&#8230;<\/span> <a class=\"excerpt-more__link\" href=\"https:\/\/www.krafthand.de\/truck\/artikel\/corexx-neue-membranzylinder-nutzfahrzeuge-35081\/\" >weiter<\/a><\/p>\n","protected":false},"author":9,"featured_media":35084,"comment_status":"closed","ping_status":"closed","sticky":false,"template":"","format":"standard","meta":{"footnotes":""},"categories":[4912,4227],"tags":[227,5518,5519],"settings":[4766,3523],"class_list":["post-35081","post","type-post","status-publish","format-standard","has-post-thumbnail","hentry","category-ersatzteile-zubehoer","category-rad-reifen-bremse","tag-bremse","tag-corexx","tag-membranzylinder"],"yoast_head":"<!-- This site is optimized with the Yoast SEO plugin v27.3 - https:\/\/yoast.com\/product\/yoast-seo-wordpress\/ -->\n<title>Corexx: Neue Membranzylinder f\u00fcr Nutzfahrzeuge - Krafthand-Truck<\/title>\n<meta name=\"description\" content=\"Membranzylinder sind ein zentrales Bauteil f\u00fcr Druckluftbremsen von Nfz. Corexx hat jetzt ein umfangreiches Portfolio im Programm.\" \/>\n<meta name=\"robots\" content=\"index, follow, max-snippet:-1, max-image-preview:large, max-video-preview:-1\" \/>\n<link rel=\"canonical\" href=\"https:\/\/www.krafthand.de\/truck\/artikel\/corexx-neue-membranzylinder-nutzfahrzeuge-35081\/\" \/>\n<meta property=\"og:locale\" content=\"de_DE\" \/>\n<meta property=\"og:type\" content=\"article\" \/>\n<meta property=\"og:title\" content=\"Corexx: Neue Membranzylinder f\u00fcr Nutzfahrzeuge - Krafthand-Truck\" \/>\n<meta property=\"og:description\" content=\"Membranzylinder sind ein zentrales Bauteil f\u00fcr Druckluftbremsen von Nfz. Corexx hat jetzt ein umfangreiches Portfolio im Programm.\" \/>\n<meta property=\"og:url\" content=\"https:\/\/www.krafthand-truck.de\/artikel\/corexx-neue-membranzylinder-nutzfahrzeuge-35081\/\" \/>\n<meta property=\"og:site_name\" content=\"Krafthand-Truck\" \/>\n<meta property=\"article:published_time\" content=\"2023-02-08T08:42:42+00:00\" \/>\n<meta property=\"article:modified_time\" content=\"2023-02-08T09:01:28+00:00\" \/>\n<meta property=\"og:image\" content=\"https:\/\/static.krafthand-truck.de\/uploads\/2023\/02\/Corexx_Membranzylinder_Lkw_Bremse.jpg\" \/>\n\t<meta property=\"og:image:width\" content=\"1200\" \/>\n\t<meta property=\"og:image:height\" content=\"828\" \/>\n\t<meta property=\"og:image:type\" content=\"image\/jpeg\" \/>\n<meta name=\"author\" content=\"georg.blenk@krafthand-medien.de\" \/>\n<meta name=\"twitter:card\" content=\"summary_large_image\" \/>\n<meta name=\"twitter:label1\" content=\"Verfasst von\" \/>\n\t<meta name=\"twitter:data1\" content=\"georg.blenk@krafthand-medien.de\" \/>\n\t<meta name=\"twitter:label2\" content=\"Gesch\u00e4tzte Lesezeit\" \/>\n\t<meta name=\"twitter:data2\" content=\"1\u00a0Minute\" \/>\n<script type=\"application\/ld+json\" class=\"yoast-schema-graph\">{\"@context\":\"https:\\\/\\\/schema.org\",\"@graph\":[{\"@type\":\"Article\",\"@id\":\"https:\\\/\\\/www.krafthand.de\\\/truck\\\/artikel\\\/corexx-neue-membranzylinder-nutzfahrzeuge-35081\\\/#article\",\"isPartOf\":{\"@id\":\"https:\\\/\\\/www.krafthand.de\\\/truck\\\/artikel\\\/corexx-neue-membranzylinder-nutzfahrzeuge-35081\\\/\"},\"author\":{\"name\":\"georg.blenk@krafthand-medien.de\",\"@id\":\"https:\\\/\\\/www.krafthand.de\\\/truck\\\/#\\\/schema\\\/person\\\/51fa80b1c57034c4bf63f9f988fc24ce\"},\"headline\":\"Corexx: Neue Membranzylinder f\u00fcr Nutzfahrzeuge\",\"datePublished\":\"2023-02-08T08:42:42+00:00\",\"dateModified\":\"2023-02-08T09:01:28+00:00\",\"mainEntityOfPage\":{\"@id\":\"https:\\\/\\\/www.krafthand.de\\\/truck\\\/artikel\\\/corexx-neue-membranzylinder-nutzfahrzeuge-35081\\\/\"},\"wordCount\":145,\"image\":{\"@id\":\"https:\\\/\\\/www.krafthand.de\\\/truck\\\/artikel\\\/corexx-neue-membranzylinder-nutzfahrzeuge-35081\\\/#primaryimage\"},\"thumbnailUrl\":\"https:\\\/\\\/static.krafthand-truck.de\\\/uploads\\\/2023\\\/02\\\/Corexx_Membranzylinder_Lkw_Bremse.jpg\",\"keywords\":[\"Bremse\",\"Corexx\",\"Membranzylinder\"],\"articleSection\":[\"Ersatzteile\\\/Zubeh\u00f6r\",\"Rad\\\/Reifen\\\/Bremse\"],\"inLanguage\":\"de\"},{\"@type\":\"WebPage\",\"@id\":\"https:\\\/\\\/www.krafthand.de\\\/truck\\\/artikel\\\/corexx-neue-membranzylinder-nutzfahrzeuge-35081\\\/\",\"url\":\"https:\\\/\\\/www.krafthand.de\\\/truck\\\/artikel\\\/corexx-neue-membranzylinder-nutzfahrzeuge-35081\\\/\",\"name\":\"Corexx: Neue Membranzylinder f\u00fcr Nutzfahrzeuge - Krafthand-Truck\",\"isPartOf\":{\"@id\":\"https:\\\/\\\/www.krafthand.de\\\/truck\\\/#website\"},\"primaryImageOfPage\":{\"@id\":\"https:\\\/\\\/www.krafthand.de\\\/truck\\\/artikel\\\/corexx-neue-membranzylinder-nutzfahrzeuge-35081\\\/#primaryimage\"},\"image\":{\"@id\":\"https:\\\/\\\/www.krafthand.de\\\/truck\\\/artikel\\\/corexx-neue-membranzylinder-nutzfahrzeuge-35081\\\/#primaryimage\"},\"thumbnailUrl\":\"https:\\\/\\\/static.krafthand-truck.de\\\/uploads\\\/2023\\\/02\\\/Corexx_Membranzylinder_Lkw_Bremse.jpg\",\"datePublished\":\"2023-02-08T08:42:42+00:00\",\"dateModified\":\"2023-02-08T09:01:28+00:00\",\"author\":{\"@id\":\"https:\\\/\\\/www.krafthand.de\\\/truck\\\/#\\\/schema\\\/person\\\/51fa80b1c57034c4bf63f9f988fc24ce\"},\"description\":\"Membranzylinder sind ein zentrales Bauteil f\u00fcr Druckluftbremsen von Nfz. Corexx hat jetzt ein umfangreiches Portfolio im Programm.\",\"breadcrumb\":{\"@id\":\"https:\\\/\\\/www.krafthand.de\\\/truck\\\/artikel\\\/corexx-neue-membranzylinder-nutzfahrzeuge-35081\\\/#breadcrumb\"},\"inLanguage\":\"de\",\"potentialAction\":[{\"@type\":\"ReadAction\",\"target\":[\"https:\\\/\\\/www.krafthand.de\\\/truck\\\/artikel\\\/corexx-neue-membranzylinder-nutzfahrzeuge-35081\\\/\"]}]},{\"@type\":\"ImageObject\",\"inLanguage\":\"de\",\"@id\":\"https:\\\/\\\/www.krafthand.de\\\/truck\\\/artikel\\\/corexx-neue-membranzylinder-nutzfahrzeuge-35081\\\/#primaryimage\",\"url\":\"https:\\\/\\\/static.krafthand-truck.de\\\/uploads\\\/2023\\\/02\\\/Corexx_Membranzylinder_Lkw_Bremse.jpg\",\"contentUrl\":\"https:\\\/\\\/static.krafthand-truck.de\\\/uploads\\\/2023\\\/02\\\/Corexx_Membranzylinder_Lkw_Bremse.jpg\",\"width\":1200,\"height\":828},{\"@type\":\"BreadcrumbList\",\"@id\":\"https:\\\/\\\/www.krafthand.de\\\/truck\\\/artikel\\\/corexx-neue-membranzylinder-nutzfahrzeuge-35081\\\/#breadcrumb\",\"itemListElement\":[{\"@type\":\"ListItem\",\"position\":1,\"name\":\"Krafthand-Truck\",\"item\":\"https:\\\/\\\/www.krafthand.de\\\/truck\\\/\"},{\"@type\":\"ListItem\",\"position\":2,\"name\":\"Nfz-Service\",\"item\":\"https:\\\/\\\/www.krafthand.de\\\/truck\\\/kategorie\\\/nfz-service\\\/\"},{\"@type\":\"ListItem\",\"position\":3,\"name\":\"Ersatzteile\\\/Zubeh\u00f6r\",\"item\":\"https:\\\/\\\/www.krafthand.de\\\/truck\\\/kategorie\\\/nfz-service\\\/ersatzteile-zubehoer\\\/\"},{\"@type\":\"ListItem\",\"position\":4,\"name\":\"Corexx: Neue Membranzylinder f\u00fcr Nutzfahrzeuge\"}]},{\"@type\":\"WebSite\",\"@id\":\"https:\\\/\\\/www.krafthand.de\\\/truck\\\/#website\",\"url\":\"https:\\\/\\\/www.krafthand.de\\\/truck\\\/\",\"name\":\"Krafthand-Truck\",\"description\":\"\",\"potentialAction\":[{\"@type\":\"SearchAction\",\"target\":{\"@type\":\"EntryPoint\",\"urlTemplate\":\"https:\\\/\\\/www.krafthand.de\\\/truck\\\/?s={search_term_string}\"},\"query-input\":{\"@type\":\"PropertyValueSpecification\",\"valueRequired\":true,\"valueName\":\"search_term_string\"}}],\"inLanguage\":\"de\"},{\"@type\":\"Person\",\"@id\":\"https:\\\/\\\/www.krafthand.de\\\/truck\\\/#\\\/schema\\\/person\\\/51fa80b1c57034c4bf63f9f988fc24ce\",\"name\":\"georg.blenk@krafthand-medien.de\",\"image\":{\"@type\":\"ImageObject\",\"inLanguage\":\"de\",\"@id\":\"https:\\\/\\\/secure.gravatar.com\\\/avatar\\\/93713c30affe0aa95d3a4130e499bb1abee2eb31adbdd9ce2aa1543538490215?s=96&d=mm&r=g\",\"url\":\"https:\\\/\\\/secure.gravatar.com\\\/avatar\\\/93713c30affe0aa95d3a4130e499bb1abee2eb31adbdd9ce2aa1543538490215?s=96&d=mm&r=g\",\"contentUrl\":\"https:\\\/\\\/secure.gravatar.com\\\/avatar\\\/93713c30affe0aa95d3a4130e499bb1abee2eb31adbdd9ce2aa1543538490215?s=96&d=mm&r=g\",\"caption\":\"georg.blenk@krafthand-medien.de\"}}]}<\/script>\n<!-- \/ Yoast SEO plugin. -->","yoast_head_json":{"title":"Corexx: Neue Membranzylinder f\u00fcr Nutzfahrzeuge - Krafthand-Truck","description":"Membranzylinder sind ein zentrales Bauteil f\u00fcr Druckluftbremsen von Nfz. Corexx hat jetzt ein umfangreiches Portfolio im Programm.","robots":{"index":"index","follow":"follow","max-snippet":"max-snippet:-1","max-image-preview":"max-image-preview:large","max-video-preview":"max-video-preview:-1"},"canonical":"https:\/\/www.krafthand.de\/truck\/artikel\/corexx-neue-membranzylinder-nutzfahrzeuge-35081\/","og_locale":"de_DE","og_type":"article","og_title":"Corexx: Neue Membranzylinder f\u00fcr Nutzfahrzeuge - Krafthand-Truck","og_description":"Membranzylinder sind ein zentrales Bauteil f\u00fcr Druckluftbremsen von Nfz. Corexx hat jetzt ein umfangreiches Portfolio im Programm.","og_url":"https:\/\/www.krafthand-truck.de\/artikel\/corexx-neue-membranzylinder-nutzfahrzeuge-35081\/","og_site_name":"Krafthand-Truck","article_published_time":"2023-02-08T08:42:42+00:00","article_modified_time":"2023-02-08T09:01:28+00:00","og_image":[{"width":1200,"height":828,"url":"https:\/\/static.krafthand-truck.de\/uploads\/2023\/02\/Corexx_Membranzylinder_Lkw_Bremse.jpg","type":"image\/jpeg"}],"author":"georg.blenk@krafthand-medien.de","twitter_card":"summary_large_image","twitter_misc":{"Verfasst von":"georg.blenk@krafthand-medien.de","Gesch\u00e4tzte Lesezeit":"1\u00a0Minute"},"schema":{"@context":"https:\/\/schema.org","@graph":[{"@type":"Article","@id":"https:\/\/www.krafthand.de\/truck\/artikel\/corexx-neue-membranzylinder-nutzfahrzeuge-35081\/#article","isPartOf":{"@id":"https:\/\/www.krafthand.de\/truck\/artikel\/corexx-neue-membranzylinder-nutzfahrzeuge-35081\/"},"author":{"name":"georg.blenk@krafthand-medien.de","@id":"https:\/\/www.krafthand.de\/truck\/#\/schema\/person\/51fa80b1c57034c4bf63f9f988fc24ce"},"headline":"Corexx: Neue Membranzylinder f\u00fcr Nutzfahrzeuge","datePublished":"2023-02-08T08:42:42+00:00","dateModified":"2023-02-08T09:01:28+00:00","mainEntityOfPage":{"@id":"https:\/\/www.krafthand.de\/truck\/artikel\/corexx-neue-membranzylinder-nutzfahrzeuge-35081\/"},"wordCount":145,"image":{"@id":"https:\/\/www.krafthand.de\/truck\/artikel\/corexx-neue-membranzylinder-nutzfahrzeuge-35081\/#primaryimage"},"thumbnailUrl":"https:\/\/static.krafthand-truck.de\/uploads\/2023\/02\/Corexx_Membranzylinder_Lkw_Bremse.jpg","keywords":["Bremse","Corexx","Membranzylinder"],"articleSection":["Ersatzteile\/Zubeh\u00f6r","Rad\/Reifen\/Bremse"],"inLanguage":"de"},{"@type":"WebPage","@id":"https:\/\/www.krafthand.de\/truck\/artikel\/corexx-neue-membranzylinder-nutzfahrzeuge-35081\/","url":"https:\/\/www.krafthand.de\/truck\/artikel\/corexx-neue-membranzylinder-nutzfahrzeuge-35081\/","name":"Corexx: Neue Membranzylinder f\u00fcr Nutzfahrzeuge - Krafthand-Truck","isPartOf":{"@id":"https:\/\/www.krafthand.de\/truck\/#website"},"primaryImageOfPage":{"@id":"https:\/\/www.krafthand.de\/truck\/artikel\/corexx-neue-membranzylinder-nutzfahrzeuge-35081\/#primaryimage"},"image":{"@id":"https:\/\/www.krafthand.de\/truck\/artikel\/corexx-neue-membranzylinder-nutzfahrzeuge-35081\/#primaryimage"},"thumbnailUrl":"https:\/\/static.krafthand-truck.de\/uploads\/2023\/02\/Corexx_Membranzylinder_Lkw_Bremse.jpg","datePublished":"2023-02-08T08:42:42+00:00","dateModified":"2023-02-08T09:01:28+00:00","author":{"@id":"https:\/\/www.krafthand.de\/truck\/#\/schema\/person\/51fa80b1c57034c4bf63f9f988fc24ce"},"description":"Membranzylinder sind ein zentrales Bauteil f\u00fcr Druckluftbremsen von Nfz. Corexx hat jetzt ein umfangreiches Portfolio im Programm.","breadcrumb":{"@id":"https:\/\/www.krafthand.de\/truck\/artikel\/corexx-neue-membranzylinder-nutzfahrzeuge-35081\/#breadcrumb"},"inLanguage":"de","potentialAction":[{"@type":"ReadAction","target":["https:\/\/www.krafthand.de\/truck\/artikel\/corexx-neue-membranzylinder-nutzfahrzeuge-35081\/"]}]},{"@type":"ImageObject","inLanguage":"de","@id":"https:\/\/www.krafthand.de\/truck\/artikel\/corexx-neue-membranzylinder-nutzfahrzeuge-35081\/#primaryimage","url":"https:\/\/static.krafthand-truck.de\/uploads\/2023\/02\/Corexx_Membranzylinder_Lkw_Bremse.jpg","contentUrl":"https:\/\/static.krafthand-truck.de\/uploads\/2023\/02\/Corexx_Membranzylinder_Lkw_Bremse.jpg","width":1200,"height":828},{"@type":"BreadcrumbList","@id":"https:\/\/www.krafthand.de\/truck\/artikel\/corexx-neue-membranzylinder-nutzfahrzeuge-35081\/#breadcrumb","itemListElement":[{"@type":"ListItem","position":1,"name":"Krafthand-Truck","item":"https:\/\/www.krafthand.de\/truck\/"},{"@type":"ListItem","position":2,"name":"Nfz-Service","item":"https:\/\/www.krafthand.de\/truck\/kategorie\/nfz-service\/"},{"@type":"ListItem","position":3,"name":"Ersatzteile\/Zubeh\u00f6r","item":"https:\/\/www.krafthand.de\/truck\/kategorie\/nfz-service\/ersatzteile-zubehoer\/"},{"@type":"ListItem","position":4,"name":"Corexx: Neue Membranzylinder f\u00fcr Nutzfahrzeuge"}]},{"@type":"WebSite","@id":"https:\/\/www.krafthand.de\/truck\/#website","url":"https:\/\/www.krafthand.de\/truck\/","name":"Krafthand-Truck","description":"","potentialAction":[{"@type":"SearchAction","target":{"@type":"EntryPoint","urlTemplate":"https:\/\/www.krafthand.de\/truck\/?s={search_term_string}"},"query-input":{"@type":"PropertyValueSpecification","valueRequired":true,"valueName":"search_term_string"}}],"inLanguage":"de"},{"@type":"Person","@id":"https:\/\/www.krafthand.de\/truck\/#\/schema\/person\/51fa80b1c57034c4bf63f9f988fc24ce","name":"georg.blenk@krafthand-medien.de","image":{"@type":"ImageObject","inLanguage":"de","@id":"https:\/\/secure.gravatar.com\/avatar\/93713c30affe0aa95d3a4130e499bb1abee2eb31adbdd9ce2aa1543538490215?s=96&d=mm&r=g","url":"https:\/\/secure.gravatar.com\/avatar\/93713c30affe0aa95d3a4130e499bb1abee2eb31adbdd9ce2aa1543538490215?s=96&d=mm&r=g","contentUrl":"https:\/\/secure.gravatar.com\/avatar\/93713c30affe0aa95d3a4130e499bb1abee2eb31adbdd9ce2aa1543538490215?s=96&d=mm&r=g","caption":"georg.blenk@krafthand-medien.de"}}]}},"_links":{"self":[{"href":"https:\/\/www.krafthand.de\/truck\/wp-json\/wp\/v2\/posts\/35081","targetHints":{"allow":["GET"]}}],"collection":[{"href":"https:\/\/www.krafthand.de\/truck\/wp-json\/wp\/v2\/posts"}],"about":[{"href":"https:\/\/www.krafthand.de\/truck\/wp-json\/wp\/v2\/types\/post"}],"author":[{"embeddable":true,"href":"https:\/\/www.krafthand.de\/truck\/wp-json\/wp\/v2\/users\/9"}],"replies":[{"embeddable":true,"href":"https:\/\/www.krafthand.de\/truck\/wp-json\/wp\/v2\/comments?post=35081"}],"version-history":[{"count":6,"href":"https:\/\/www.krafthand.de\/truck\/wp-json\/wp\/v2\/posts\/35081\/revisions"}],"predecessor-version":[{"id":35088,"href":"https:\/\/www.krafthand.de\/truck\/wp-json\/wp\/v2\/posts\/35081\/revisions\/35088"}],"wp:featuredmedia":[{"embeddable":true,"href":"https:\/\/www.krafthand.de\/truck\/wp-json\/wp\/v2\/media\/35084"}],"wp:attachment":[{"href":"https:\/\/www.krafthand.de\/truck\/wp-json\/wp\/v2\/media?parent=35081"}],"wp:term":[{"taxonomy":"category","embeddable":true,"href":"https:\/\/www.krafthand.de\/truck\/wp-json\/wp\/v2\/categories?post=35081"},{"taxonomy":"post_tag","embeddable":true,"href":"https:\/\/www.krafthand.de\/truck\/wp-json\/wp\/v2\/tags?post=35081"},{"taxonomy":"settings","embeddable":true,"href":"https:\/\/www.krafthand.de\/truck\/wp-json\/wp\/v2\/settings?post=35081"}],"curies":[{"name":"wp","href":"https:\/\/api.w.org\/{rel}","templated":true}]}}