{"id":35011,"date":"2023-02-01T12:19:59","date_gmt":"2023-02-01T11:19:59","guid":{"rendered":"https:\/\/www.krafthand.de\/truck\/?p=35011"},"modified":"2023-02-01T12:32:07","modified_gmt":"2023-02-01T11:32:07","slug":"iveco-und-plus-starten-test-mit-hochautomatisiertem-lkw-auf-oeffentlichen-strassen","status":"publish","type":"post","link":"https:\/\/www.krafthand.de\/truck\/artikel\/iveco-und-plus-starten-test-mit-hochautomatisiertem-lkw-auf-oeffentlichen-strassen-35011\/","title":{"rendered":"IVECO und Plus starten Test mit hochautomatisiertem Lkw auf \u00f6ffentlichen Stra\u00dfen"},"content":{"rendered":"<p>Der Nutzfahrzeughersteller <a href=\"https:\/\/www.iveco.com\/Germany\/Pages\/Home-page.aspx\" target=\"_blank\" rel=\"noopener\">IVECO<\/a> und <a href=\"https:\/\/plus.ai\" target=\"_blank\" rel=\"noopener\">Plus<\/a>, ein Anbieter von L\u00f6sungen f\u00fcr autonomes Fahren, gaben heute bekannt, dass sie noch im Februar auf \u00f6ffentlichen Stra\u00dfen in Deutschland mit Tests ihrer gemeinsam entwickelten hochautomatisierten Sattelzugmaschine beginnen m\u00f6chten.<\/p>\n<p>Die beiden Unternehmen m\u00f6chte quasi im Realbetrieb Stra\u00dfendaten zur Validierung der autonom fahrenden Sattelzugmaschine gewinnen. Die Planung der potenziellen Serienproduktion habe laut IVECO bereits begonnen. Der PlusDrive-f\u00e4hige <strong>IVECO S-WAY<\/strong> wurde entwickelt, um die Sicherheit, Effizienz und das Fahrerlebnis zu verbessern und eine nachhaltige Option f\u00fcr Flotten zu bieten.<\/p>\n<blockquote><p>\u201eDeutschland ist f\u00fchrend und richtungsweisend im Bereich des autonomen Fahrens. Daher freuen wir uns, unser \u00f6ffentliches Testprogramm in einem Land zu starten, das seit Langem technologische Innovationen und revolutionierende Sicherheitsl\u00f6sungen wie hochautomatisierte Lkw begr\u00fc\u00dft. Dies ist eine wichtige Phase in unseren Pl\u00e4nen, hochautomatisierte Lkw auf den Markt zu bringen&#8220;, sagt Marco Liccardo, Chief Technology &amp; Digital Officer der Iveco Group.<\/p><\/blockquote>\n<h3>Unterschiedliche Fahrbedingungen<\/h3>\n<p>Die Tests auf \u00f6ffentlichen Stra\u00dfen werden in den kommenden Monaten auch auf \u00d6sterreich, Italien und die Schweiz ausgeweitet. Um die hochautomatisierten Lkw unterschiedlichsten Gel\u00e4ndeformationen, Stra\u00dfenneigungen, Wetterbedingungen und Fahrszenarien auszusetzen, kommen sie auf den charakteristischen Stra\u00dfen und unter den verschiedenen Fahrbedingungen der einzelnen L\u00e4nder zum Einsatz. Das soll dazu beitragen, dass sich die F\u00e4higkeiten und Funktionen der autonomen Plus-Fahrtechnologie kontinuierlich erweitern.<\/p>\n<blockquote><p>\u201eErfahrungen aus der realen Welt sind ein unsch\u00e4tzbarer Teil der Erprobung und Validierung unserer Technologie, w\u00e4hrend wir unser Produkt f\u00fcr autonomes Fahren f\u00fcr den kommerziellen Einsatz in Europa vorbereiten. Flotten in der Region haben mit einigen Herausforderungen zu k\u00e4mpfen. Angesichts der Tatsache, dass allein in Deutschland 60.000 Lkw-Fahrer fehlen, wird unsere hochautomatisierte PlusDrive-Fahrl\u00f6sung dazu beitragen, die Verkehrssicherheit, die Nachhaltigkeit und die Einstellung und Bindung von Fahrern zu verbessern&#8220;, so Shawn Kerrigan, COO und Mitbegr\u00fcnder von Plus.<\/p><\/blockquote>\n\r\n\t\t\t\t<div class=\"post-author\">\r\n\t\t\t\t\t<div class=\"khm-cp-author clearfix\">\r\n\t\t\t\t\t\t<div class=\"khm-cp-author__content\">\r\n\t\t\t\t\t\t\t\tKontakt zum Autor:<br \/>\r\n\t\t\t\t\t\t\t\t<strong>Georg Blenk<\/strong>, 08247 \/ 3007-45 |  <a href=\"mailto:georg.blenk@krafthand-medien.de\">georg.blenk@krafthand-medien.de<\/a>\r\n\t\t\t\t\t\t\t<div class=\"khm-cp-author__image\">\r\n\t\t\t\t\t\t<img src=\"https:\/\/static.krafthand-truck.de\/uploads\/2021\/01\/Blenk_6104-250x300-1-removebg-preview.png\" class=\"img-responsive\">\r\n\t\t\t\t\t<\/div>\r\n\t\t\t\t\t\t<\/div>\r\n\t\t\t\t\t<\/div>\r\n\t\t\t\t<\/div>\r\n\t\t\t\t","protected":false},"excerpt":{"rendered":"<p>IVECO und Plus, ein Anbieter von L\u00f6sungen f\u00fcr autonomes Fahren, gaben heute bekannt, dass sie noch im Februar auf \u00f6ffentlichen Stra\u00dfen in Deutschland mit Tests ihrer gemeinsam entwickelten hochautomatisierten Sattelzugmaschine, einem IVECO S-Way, beginnen m\u00f6chten. <span class=\"excerpt-more__dots\">&#8230;<\/span> <a class=\"excerpt-more__link\" href=\"https:\/\/www.krafthand.de\/truck\/artikel\/iveco-und-plus-starten-test-mit-hochautomatisiertem-lkw-auf-oeffentlichen-strassen-35011\/\" >weiter<\/a><\/p>\n","protected":false},"author":9,"featured_media":35017,"comment_status":"closed","ping_status":"closed","sticky":false,"template":"","format":"standard","meta":{"footnotes":""},"categories":[4225],"tags":[4301,1237,29,4981],"settings":[3524,3523],"class_list":["post-35011","post","type-post","status-publish","format-standard","has-post-thumbnail","hentry","category-ssistenzsysteme","tag-assistenzsysteme","tag-autonomes-fahren","tag-iveco","tag-plus"],"yoast_head":"<!-- This site is optimized with the Yoast SEO plugin v27.3 - https:\/\/yoast.com\/product\/yoast-seo-wordpress\/ -->\n<title>IVECO und Plus starten Test mit hochautomatisiertem Lkw auf \u00f6ffentlichen Stra\u00dfen - Krafthand-Truck<\/title>\n<meta name=\"description\" content=\"IVECO und Plus starten mit Tests mit hochautomatisierter Sattelzugmaschine S-Way auf \u00f6ffentlichen Stra\u00dfen in Deutschland.\" \/>\n<meta name=\"robots\" content=\"index, follow, max-snippet:-1, max-image-preview:large, max-video-preview:-1\" \/>\n<link rel=\"canonical\" href=\"https:\/\/www.krafthand.de\/truck\/artikel\/iveco-und-plus-starten-test-mit-hochautomatisiertem-lkw-auf-oeffentlichen-strassen-35011\/\" \/>\n<meta property=\"og:locale\" content=\"de_DE\" \/>\n<meta property=\"og:type\" content=\"article\" \/>\n<meta property=\"og:title\" content=\"IVECO und Plus starten Test mit hochautomatisiertem Lkw auf \u00f6ffentlichen Stra\u00dfen - Krafthand-Truck\" \/>\n<meta property=\"og:description\" content=\"IVECO und Plus starten mit Tests mit hochautomatisierter Sattelzugmaschine S-Way auf \u00f6ffentlichen Stra\u00dfen in Deutschland.\" \/>\n<meta property=\"og:url\" content=\"https:\/\/www.krafthand-truck.de\/artikel\/iveco-und-plus-starten-test-mit-hochautomatisiertem-lkw-auf-oeffentlichen-strassen-35011\/\" \/>\n<meta property=\"og:site_name\" content=\"Krafthand-Truck\" \/>\n<meta property=\"article:published_time\" content=\"2023-02-01T11:19:59+00:00\" \/>\n<meta property=\"article:modified_time\" content=\"2023-02-01T11:32:07+00:00\" \/>\n<meta property=\"og:image\" content=\"https:\/\/static.krafthand-truck.de\/uploads\/2023\/02\/Iveco_Plus_Truck_Autonomes_Fahren_Lkw_Krafthand_Truck.jpg\" \/>\n\t<meta property=\"og:image:width\" content=\"1200\" \/>\n\t<meta property=\"og:image:height\" content=\"653\" \/>\n\t<meta property=\"og:image:type\" content=\"image\/jpeg\" \/>\n<meta name=\"author\" content=\"georg.blenk@krafthand-medien.de\" \/>\n<meta name=\"twitter:card\" content=\"summary_large_image\" \/>\n<meta name=\"twitter:label1\" content=\"Verfasst von\" \/>\n\t<meta name=\"twitter:data1\" content=\"georg.blenk@krafthand-medien.de\" \/>\n\t<meta name=\"twitter:label2\" content=\"Gesch\u00e4tzte Lesezeit\" \/>\n\t<meta name=\"twitter:data2\" content=\"2\u00a0Minuten\" \/>\n<script type=\"application\/ld+json\" class=\"yoast-schema-graph\">{\"@context\":\"https:\\\/\\\/schema.org\",\"@graph\":[{\"@type\":\"Article\",\"@id\":\"https:\\\/\\\/www.krafthand.de\\\/truck\\\/artikel\\\/iveco-und-plus-starten-test-mit-hochautomatisiertem-lkw-auf-oeffentlichen-strassen-35011\\\/#article\",\"isPartOf\":{\"@id\":\"https:\\\/\\\/www.krafthand.de\\\/truck\\\/artikel\\\/iveco-und-plus-starten-test-mit-hochautomatisiertem-lkw-auf-oeffentlichen-strassen-35011\\\/\"},\"author\":{\"name\":\"georg.blenk@krafthand-medien.de\",\"@id\":\"https:\\\/\\\/www.krafthand.de\\\/truck\\\/#\\\/schema\\\/person\\\/51fa80b1c57034c4bf63f9f988fc24ce\"},\"headline\":\"IVECO und Plus starten Test mit hochautomatisiertem Lkw auf \u00f6ffentlichen Stra\u00dfen\",\"datePublished\":\"2023-02-01T11:19:59+00:00\",\"dateModified\":\"2023-02-01T11:32:07+00:00\",\"mainEntityOfPage\":{\"@id\":\"https:\\\/\\\/www.krafthand.de\\\/truck\\\/artikel\\\/iveco-und-plus-starten-test-mit-hochautomatisiertem-lkw-auf-oeffentlichen-strassen-35011\\\/\"},\"wordCount\":316,\"image\":{\"@id\":\"https:\\\/\\\/www.krafthand.de\\\/truck\\\/artikel\\\/iveco-und-plus-starten-test-mit-hochautomatisiertem-lkw-auf-oeffentlichen-strassen-35011\\\/#primaryimage\"},\"thumbnailUrl\":\"https:\\\/\\\/static.krafthand-truck.de\\\/uploads\\\/2023\\\/02\\\/Iveco_Plus_Truck_Autonomes_Fahren_Lkw_Krafthand_Truck.jpg\",\"keywords\":[\"Assistenzsysteme\",\"Autonomes Fahren\",\"Iveco\",\"Plus\"],\"articleSection\":[\"Assistenzsysteme\"],\"inLanguage\":\"de\"},{\"@type\":\"WebPage\",\"@id\":\"https:\\\/\\\/www.krafthand.de\\\/truck\\\/artikel\\\/iveco-und-plus-starten-test-mit-hochautomatisiertem-lkw-auf-oeffentlichen-strassen-35011\\\/\",\"url\":\"https:\\\/\\\/www.krafthand.de\\\/truck\\\/artikel\\\/iveco-und-plus-starten-test-mit-hochautomatisiertem-lkw-auf-oeffentlichen-strassen-35011\\\/\",\"name\":\"IVECO und Plus starten Test mit hochautomatisiertem Lkw auf \u00f6ffentlichen Stra\u00dfen - Krafthand-Truck\",\"isPartOf\":{\"@id\":\"https:\\\/\\\/www.krafthand.de\\\/truck\\\/#website\"},\"primaryImageOfPage\":{\"@id\":\"https:\\\/\\\/www.krafthand.de\\\/truck\\\/artikel\\\/iveco-und-plus-starten-test-mit-hochautomatisiertem-lkw-auf-oeffentlichen-strassen-35011\\\/#primaryimage\"},\"image\":{\"@id\":\"https:\\\/\\\/www.krafthand.de\\\/truck\\\/artikel\\\/iveco-und-plus-starten-test-mit-hochautomatisiertem-lkw-auf-oeffentlichen-strassen-35011\\\/#primaryimage\"},\"thumbnailUrl\":\"https:\\\/\\\/static.krafthand-truck.de\\\/uploads\\\/2023\\\/02\\\/Iveco_Plus_Truck_Autonomes_Fahren_Lkw_Krafthand_Truck.jpg\",\"datePublished\":\"2023-02-01T11:19:59+00:00\",\"dateModified\":\"2023-02-01T11:32:07+00:00\",\"author\":{\"@id\":\"https:\\\/\\\/www.krafthand.de\\\/truck\\\/#\\\/schema\\\/person\\\/51fa80b1c57034c4bf63f9f988fc24ce\"},\"description\":\"IVECO und Plus starten mit Tests mit hochautomatisierter Sattelzugmaschine S-Way auf \u00f6ffentlichen Stra\u00dfen in Deutschland.\",\"breadcrumb\":{\"@id\":\"https:\\\/\\\/www.krafthand.de\\\/truck\\\/artikel\\\/iveco-und-plus-starten-test-mit-hochautomatisiertem-lkw-auf-oeffentlichen-strassen-35011\\\/#breadcrumb\"},\"inLanguage\":\"de\",\"potentialAction\":[{\"@type\":\"ReadAction\",\"target\":[\"https:\\\/\\\/www.krafthand.de\\\/truck\\\/artikel\\\/iveco-und-plus-starten-test-mit-hochautomatisiertem-lkw-auf-oeffentlichen-strassen-35011\\\/\"]}]},{\"@type\":\"ImageObject\",\"inLanguage\":\"de\",\"@id\":\"https:\\\/\\\/www.krafthand.de\\\/truck\\\/artikel\\\/iveco-und-plus-starten-test-mit-hochautomatisiertem-lkw-auf-oeffentlichen-strassen-35011\\\/#primaryimage\",\"url\":\"https:\\\/\\\/static.krafthand-truck.de\\\/uploads\\\/2023\\\/02\\\/Iveco_Plus_Truck_Autonomes_Fahren_Lkw_Krafthand_Truck.jpg\",\"contentUrl\":\"https:\\\/\\\/static.krafthand-truck.de\\\/uploads\\\/2023\\\/02\\\/Iveco_Plus_Truck_Autonomes_Fahren_Lkw_Krafthand_Truck.jpg\",\"width\":1200,\"height\":653},{\"@type\":\"BreadcrumbList\",\"@id\":\"https:\\\/\\\/www.krafthand.de\\\/truck\\\/artikel\\\/iveco-und-plus-starten-test-mit-hochautomatisiertem-lkw-auf-oeffentlichen-strassen-35011\\\/#breadcrumb\",\"itemListElement\":[{\"@type\":\"ListItem\",\"position\":1,\"name\":\"Krafthand-Truck\",\"item\":\"https:\\\/\\\/www.krafthand.de\\\/truck\\\/\"},{\"@type\":\"ListItem\",\"position\":2,\"name\":\"Nfz-Technik\",\"item\":\"https:\\\/\\\/www.krafthand.de\\\/truck\\\/kategorie\\\/nfz-technik\\\/\"},{\"@type\":\"ListItem\",\"position\":3,\"name\":\"Assistenzsysteme\",\"item\":\"https:\\\/\\\/www.krafthand.de\\\/truck\\\/kategorie\\\/nfz-technik\\\/ssistenzsysteme\\\/\"},{\"@type\":\"ListItem\",\"position\":4,\"name\":\"IVECO und Plus starten Test mit hochautomatisiertem Lkw auf \u00f6ffentlichen Stra\u00dfen\"}]},{\"@type\":\"WebSite\",\"@id\":\"https:\\\/\\\/www.krafthand.de\\\/truck\\\/#website\",\"url\":\"https:\\\/\\\/www.krafthand.de\\\/truck\\\/\",\"name\":\"Krafthand-Truck\",\"description\":\"\",\"potentialAction\":[{\"@type\":\"SearchAction\",\"target\":{\"@type\":\"EntryPoint\",\"urlTemplate\":\"https:\\\/\\\/www.krafthand.de\\\/truck\\\/?s={search_term_string}\"},\"query-input\":{\"@type\":\"PropertyValueSpecification\",\"valueRequired\":true,\"valueName\":\"search_term_string\"}}],\"inLanguage\":\"de\"},{\"@type\":\"Person\",\"@id\":\"https:\\\/\\\/www.krafthand.de\\\/truck\\\/#\\\/schema\\\/person\\\/51fa80b1c57034c4bf63f9f988fc24ce\",\"name\":\"georg.blenk@krafthand-medien.de\",\"image\":{\"@type\":\"ImageObject\",\"inLanguage\":\"de\",\"@id\":\"https:\\\/\\\/secure.gravatar.com\\\/avatar\\\/93713c30affe0aa95d3a4130e499bb1abee2eb31adbdd9ce2aa1543538490215?s=96&d=mm&r=g\",\"url\":\"https:\\\/\\\/secure.gravatar.com\\\/avatar\\\/93713c30affe0aa95d3a4130e499bb1abee2eb31adbdd9ce2aa1543538490215?s=96&d=mm&r=g\",\"contentUrl\":\"https:\\\/\\\/secure.gravatar.com\\\/avatar\\\/93713c30affe0aa95d3a4130e499bb1abee2eb31adbdd9ce2aa1543538490215?s=96&d=mm&r=g\",\"caption\":\"georg.blenk@krafthand-medien.de\"}}]}<\/script>\n<!-- \/ Yoast SEO plugin. -->","yoast_head_json":{"title":"IVECO und Plus starten Test mit hochautomatisiertem Lkw auf \u00f6ffentlichen Stra\u00dfen - Krafthand-Truck","description":"IVECO und Plus starten mit Tests mit hochautomatisierter Sattelzugmaschine S-Way auf \u00f6ffentlichen Stra\u00dfen in Deutschland.","robots":{"index":"index","follow":"follow","max-snippet":"max-snippet:-1","max-image-preview":"max-image-preview:large","max-video-preview":"max-video-preview:-1"},"canonical":"https:\/\/www.krafthand.de\/truck\/artikel\/iveco-und-plus-starten-test-mit-hochautomatisiertem-lkw-auf-oeffentlichen-strassen-35011\/","og_locale":"de_DE","og_type":"article","og_title":"IVECO und Plus starten Test mit hochautomatisiertem Lkw auf \u00f6ffentlichen Stra\u00dfen - Krafthand-Truck","og_description":"IVECO und Plus starten mit Tests mit hochautomatisierter Sattelzugmaschine S-Way auf \u00f6ffentlichen Stra\u00dfen in Deutschland.","og_url":"https:\/\/www.krafthand-truck.de\/artikel\/iveco-und-plus-starten-test-mit-hochautomatisiertem-lkw-auf-oeffentlichen-strassen-35011\/","og_site_name":"Krafthand-Truck","article_published_time":"2023-02-01T11:19:59+00:00","article_modified_time":"2023-02-01T11:32:07+00:00","og_image":[{"width":1200,"height":653,"url":"https:\/\/static.krafthand-truck.de\/uploads\/2023\/02\/Iveco_Plus_Truck_Autonomes_Fahren_Lkw_Krafthand_Truck.jpg","type":"image\/jpeg"}],"author":"georg.blenk@krafthand-medien.de","twitter_card":"summary_large_image","twitter_misc":{"Verfasst von":"georg.blenk@krafthand-medien.de","Gesch\u00e4tzte Lesezeit":"2\u00a0Minuten"},"schema":{"@context":"https:\/\/schema.org","@graph":[{"@type":"Article","@id":"https:\/\/www.krafthand.de\/truck\/artikel\/iveco-und-plus-starten-test-mit-hochautomatisiertem-lkw-auf-oeffentlichen-strassen-35011\/#article","isPartOf":{"@id":"https:\/\/www.krafthand.de\/truck\/artikel\/iveco-und-plus-starten-test-mit-hochautomatisiertem-lkw-auf-oeffentlichen-strassen-35011\/"},"author":{"name":"georg.blenk@krafthand-medien.de","@id":"https:\/\/www.krafthand.de\/truck\/#\/schema\/person\/51fa80b1c57034c4bf63f9f988fc24ce"},"headline":"IVECO und Plus starten Test mit hochautomatisiertem Lkw auf \u00f6ffentlichen Stra\u00dfen","datePublished":"2023-02-01T11:19:59+00:00","dateModified":"2023-02-01T11:32:07+00:00","mainEntityOfPage":{"@id":"https:\/\/www.krafthand.de\/truck\/artikel\/iveco-und-plus-starten-test-mit-hochautomatisiertem-lkw-auf-oeffentlichen-strassen-35011\/"},"wordCount":316,"image":{"@id":"https:\/\/www.krafthand.de\/truck\/artikel\/iveco-und-plus-starten-test-mit-hochautomatisiertem-lkw-auf-oeffentlichen-strassen-35011\/#primaryimage"},"thumbnailUrl":"https:\/\/static.krafthand-truck.de\/uploads\/2023\/02\/Iveco_Plus_Truck_Autonomes_Fahren_Lkw_Krafthand_Truck.jpg","keywords":["Assistenzsysteme","Autonomes Fahren","Iveco","Plus"],"articleSection":["Assistenzsysteme"],"inLanguage":"de"},{"@type":"WebPage","@id":"https:\/\/www.krafthand.de\/truck\/artikel\/iveco-und-plus-starten-test-mit-hochautomatisiertem-lkw-auf-oeffentlichen-strassen-35011\/","url":"https:\/\/www.krafthand.de\/truck\/artikel\/iveco-und-plus-starten-test-mit-hochautomatisiertem-lkw-auf-oeffentlichen-strassen-35011\/","name":"IVECO und Plus starten Test mit hochautomatisiertem Lkw auf \u00f6ffentlichen Stra\u00dfen - Krafthand-Truck","isPartOf":{"@id":"https:\/\/www.krafthand.de\/truck\/#website"},"primaryImageOfPage":{"@id":"https:\/\/www.krafthand.de\/truck\/artikel\/iveco-und-plus-starten-test-mit-hochautomatisiertem-lkw-auf-oeffentlichen-strassen-35011\/#primaryimage"},"image":{"@id":"https:\/\/www.krafthand.de\/truck\/artikel\/iveco-und-plus-starten-test-mit-hochautomatisiertem-lkw-auf-oeffentlichen-strassen-35011\/#primaryimage"},"thumbnailUrl":"https:\/\/static.krafthand-truck.de\/uploads\/2023\/02\/Iveco_Plus_Truck_Autonomes_Fahren_Lkw_Krafthand_Truck.jpg","datePublished":"2023-02-01T11:19:59+00:00","dateModified":"2023-02-01T11:32:07+00:00","author":{"@id":"https:\/\/www.krafthand.de\/truck\/#\/schema\/person\/51fa80b1c57034c4bf63f9f988fc24ce"},"description":"IVECO und Plus starten mit Tests mit hochautomatisierter Sattelzugmaschine S-Way auf \u00f6ffentlichen Stra\u00dfen in Deutschland.","breadcrumb":{"@id":"https:\/\/www.krafthand.de\/truck\/artikel\/iveco-und-plus-starten-test-mit-hochautomatisiertem-lkw-auf-oeffentlichen-strassen-35011\/#breadcrumb"},"inLanguage":"de","potentialAction":[{"@type":"ReadAction","target":["https:\/\/www.krafthand.de\/truck\/artikel\/iveco-und-plus-starten-test-mit-hochautomatisiertem-lkw-auf-oeffentlichen-strassen-35011\/"]}]},{"@type":"ImageObject","inLanguage":"de","@id":"https:\/\/www.krafthand.de\/truck\/artikel\/iveco-und-plus-starten-test-mit-hochautomatisiertem-lkw-auf-oeffentlichen-strassen-35011\/#primaryimage","url":"https:\/\/static.krafthand-truck.de\/uploads\/2023\/02\/Iveco_Plus_Truck_Autonomes_Fahren_Lkw_Krafthand_Truck.jpg","contentUrl":"https:\/\/static.krafthand-truck.de\/uploads\/2023\/02\/Iveco_Plus_Truck_Autonomes_Fahren_Lkw_Krafthand_Truck.jpg","width":1200,"height":653},{"@type":"BreadcrumbList","@id":"https:\/\/www.krafthand.de\/truck\/artikel\/iveco-und-plus-starten-test-mit-hochautomatisiertem-lkw-auf-oeffentlichen-strassen-35011\/#breadcrumb","itemListElement":[{"@type":"ListItem","position":1,"name":"Krafthand-Truck","item":"https:\/\/www.krafthand.de\/truck\/"},{"@type":"ListItem","position":2,"name":"Nfz-Technik","item":"https:\/\/www.krafthand.de\/truck\/kategorie\/nfz-technik\/"},{"@type":"ListItem","position":3,"name":"Assistenzsysteme","item":"https:\/\/www.krafthand.de\/truck\/kategorie\/nfz-technik\/ssistenzsysteme\/"},{"@type":"ListItem","position":4,"name":"IVECO und Plus starten Test mit hochautomatisiertem Lkw auf \u00f6ffentlichen Stra\u00dfen"}]},{"@type":"WebSite","@id":"https:\/\/www.krafthand.de\/truck\/#website","url":"https:\/\/www.krafthand.de\/truck\/","name":"Krafthand-Truck","description":"","potentialAction":[{"@type":"SearchAction","target":{"@type":"EntryPoint","urlTemplate":"https:\/\/www.krafthand.de\/truck\/?s={search_term_string}"},"query-input":{"@type":"PropertyValueSpecification","valueRequired":true,"valueName":"search_term_string"}}],"inLanguage":"de"},{"@type":"Person","@id":"https:\/\/www.krafthand.de\/truck\/#\/schema\/person\/51fa80b1c57034c4bf63f9f988fc24ce","name":"georg.blenk@krafthand-medien.de","image":{"@type":"ImageObject","inLanguage":"de","@id":"https:\/\/secure.gravatar.com\/avatar\/93713c30affe0aa95d3a4130e499bb1abee2eb31adbdd9ce2aa1543538490215?s=96&d=mm&r=g","url":"https:\/\/secure.gravatar.com\/avatar\/93713c30affe0aa95d3a4130e499bb1abee2eb31adbdd9ce2aa1543538490215?s=96&d=mm&r=g","contentUrl":"https:\/\/secure.gravatar.com\/avatar\/93713c30affe0aa95d3a4130e499bb1abee2eb31adbdd9ce2aa1543538490215?s=96&d=mm&r=g","caption":"georg.blenk@krafthand-medien.de"}}]}},"_links":{"self":[{"href":"https:\/\/www.krafthand.de\/truck\/wp-json\/wp\/v2\/posts\/35011","targetHints":{"allow":["GET"]}}],"collection":[{"href":"https:\/\/www.krafthand.de\/truck\/wp-json\/wp\/v2\/posts"}],"about":[{"href":"https:\/\/www.krafthand.de\/truck\/wp-json\/wp\/v2\/types\/post"}],"author":[{"embeddable":true,"href":"https:\/\/www.krafthand.de\/truck\/wp-json\/wp\/v2\/users\/9"}],"replies":[{"embeddable":true,"href":"https:\/\/www.krafthand.de\/truck\/wp-json\/wp\/v2\/comments?post=35011"}],"version-history":[{"count":10,"href":"https:\/\/www.krafthand.de\/truck\/wp-json\/wp\/v2\/posts\/35011\/revisions"}],"predecessor-version":[{"id":35022,"href":"https:\/\/www.krafthand.de\/truck\/wp-json\/wp\/v2\/posts\/35011\/revisions\/35022"}],"wp:featuredmedia":[{"embeddable":true,"href":"https:\/\/www.krafthand.de\/truck\/wp-json\/wp\/v2\/media\/35017"}],"wp:attachment":[{"href":"https:\/\/www.krafthand.de\/truck\/wp-json\/wp\/v2\/media?parent=35011"}],"wp:term":[{"taxonomy":"category","embeddable":true,"href":"https:\/\/www.krafthand.de\/truck\/wp-json\/wp\/v2\/categories?post=35011"},{"taxonomy":"post_tag","embeddable":true,"href":"https:\/\/www.krafthand.de\/truck\/wp-json\/wp\/v2\/tags?post=35011"},{"taxonomy":"settings","embeddable":true,"href":"https:\/\/www.krafthand.de\/truck\/wp-json\/wp\/v2\/settings?post=35011"}],"curies":[{"name":"wp","href":"https:\/\/api.w.org\/{rel}","templated":true}]}}