{"id":34935,"date":"2023-01-25T10:46:02","date_gmt":"2023-01-25T09:46:02","guid":{"rendered":"https:\/\/www.krafthand.de\/truck\/?p=34935"},"modified":"2023-01-26T12:21:55","modified_gmt":"2023-01-26T11:21:55","slug":"neuer-vw-amarok-ist-ab-sofort-bestellbar","status":"publish","type":"post","link":"https:\/\/www.krafthand.de\/truck\/artikel\/neuer-vw-amarok-ist-ab-sofort-bestellbar-34935\/","title":{"rendered":"Neuer VW-Amarok ab sofort bestellbar"},"content":{"rendered":"<p>Der neue Pick-up von Volkswagen-Nutzfahrzeuge (VWN) ist jetzt in Deutschland bestellbar. Zu Preisen ab 39.598 Euro netto ist der neue Amarok in der Basisausstattung erh\u00e4ltlich. Ausger\u00fcstet mit 125 kW und 405 Newtonmetern Drehmoment starkem TDI-Motor, Sechsgang-Handschaltung und zuschaltbarem 4MOTION-Allradantrieb, soll diese Variante den Einstieg in das Pick-up-Segment bei <a href=\"https:\/\/www.volkswagen-nutzfahrzeuge.de\" target=\"_blank\" rel=\"noopener\">Volkswagen Nutzfahrzeuge<\/a> darstellen.<\/p>\n<p>Der neue Pick-Up von Volkswagen hat eine Zuladung von 1,19 Tonnen meistert eine Anh\u00e4ngelast\u00a0 von 3,5 Tonnen Anh\u00e4ngelast. Eine Cargobox erg\u00e4nzt die Ausstattung f\u00fcr den gewerblichen Einsatz. An Bord des neuen Amarok sollen &#8211; je nach Ausstattung &#8211; mehr als 25 Assistenzsysteme, Displays mit bis zu 12,3 Zoll Bildschirmdiagonale, eine praxisorientierte Mischung aus digitalen und analogen Bedienelementen sowie hochwertige Materialien f\u00fcr neue Standards im Segment leichter Nutzfahrzeuge mit Pritschen sorgen.<\/p>\n<h3>Motorisierung<\/h3>\n<p>Im neue Amarok arbeiten wahlweise zwei TDI-Vierzylinder-Motoren mit 125 kW oder 151 kW sowie ein Sechszylinder-Turbodiesel-Motor mit einer Leistung von 177 kW. Dank Drehmomenten von 405, 500 oder 600 Newtonmetern (Nm), letztere im V6, liefern die TDI-Aggregate die f\u00fcr berufliche und private Aufgaben notwendige Durchzugskraft. Zur Wahl stehen \u2013 motorenabh\u00e4ngig \u2013 Sechsgang-Handschaltgetriebe (f\u00fcr 125 und 151 kW) oder Zehngang-Automatikgetriebe (f\u00fcr 151 und 177 kW).<\/p>\n<h3>F\u00fcnf Ausstattungsvarianten<\/h3>\n<figure id=\"attachment_34937\" aria-describedby=\"caption-attachment-34937\" style=\"width: 420px\" class=\"wp-caption alignright\"><a href=\"https:\/\/static.krafthand-truck.de\/uploads\/2023\/01\/Volkswagen_Amarok_2023_02.jpg\" target=\"_blank\" rel=\"noopener\"><img fetchpriority=\"high\" decoding=\"async\" class=\"wp-image-34937\" src=\"https:\/\/static.krafthand-truck.de\/uploads\/2023\/01\/Volkswagen_Amarok_2023_02-300x197.jpg\" alt=\"\" width=\"420\" height=\"276\" srcset=\"https:\/\/static.krafthand-truck.de\/uploads\/2023\/01\/Volkswagen_Amarok_2023_02-300x197.jpg 300w, https:\/\/static.krafthand-truck.de\/uploads\/2023\/01\/Volkswagen_Amarok_2023_02-1024x672.jpg 1024w, https:\/\/static.krafthand-truck.de\/uploads\/2023\/01\/Volkswagen_Amarok_2023_02-768x504.jpg 768w, https:\/\/static.krafthand-truck.de\/uploads\/2023\/01\/Volkswagen_Amarok_2023_02.jpg 1200w\" sizes=\"(max-width: 420px) 100vw, 420px\" \/><\/a><figcaption id=\"caption-attachment-34937\" class=\"wp-caption-text\">Der neue Amarok von Volkswagen Nutzfahrzeuge, hier als Top-Modelle PanAmericana ( Off-Road-Variante, links) und als Lifestyle-Version Amarok Aventura.<\/figcaption><\/figure>\n<p>Angeboten wird der neue Amarok in f\u00fcnf Ausstattungsversionen: als \u201eAmarok\u201c, \u201eLife\u201c und \u201eStyle\u201c sowie in den Topversionen \u201ePanAmericana\u201c (Offroad-Styling) und \u201eAventura\u201c (Onroad-Styling). Konzipiert wurde der neue Amarok f\u00fcr Europa als viert\u00fcriger Pick-up mit Doppelkabine (\u201eDoubleCab\u201c).<\/p>\n<h3>Serienm\u00e4\u00dfiger Allradantrieb<\/h3>\n<p>In Deutschland, im restlichen Europa und vielen weiteren L\u00e4ndern wird der neue Pick-up von VWN serienm\u00e4\u00dfig mit Allradantrieb (4MOTION) und Sperrdifferential an der Hinterachse ausgeliefert. Je nach Motorversion kommen beim neuen Amarok zwei verschiedene 4MOTION-Systeme zum Einsatz: ein zuschaltbarer Allradantrieb mit drei Antriebsarten (2H,4H, 4L) sowie eine Topversion mit vier Antriebsarten (2H,4H, 4L und 4A). 2H bedeutet im Amarok Eco-Mode, also ein reiner Hinterradantrieb f\u00fcr den Stra\u00dfenbetrieb, 4H ist ein starrer Allradantrieb nur f\u00fcr lose Untergr\u00fcnde wie Sand oder Schnee, die mit h\u00f6heren Geschwindigkeiten gefahren werden k\u00f6nnen. 4L ist eine Untersetzung f\u00fcr ein langsames Durchqueren schwierigeren Offroad-Gel\u00e4ndes. Dabei wird bei niedrigen Geschwindigkeiten mehr Kraft auf die Antriebswellen gegeben. Als zus\u00e4tzlichen vierten Modus (4A, variabler Allrad) bietet die Topversion via zus\u00e4tzlicher Lamellenkupplung in einem anderen Verteilergetriebe eine variable und damit automatische Kraftverteilung zwischen Vorder- und Hinterachse, technisch ist das ein sogenannter \u201eerweiterter zuschaltbarer Allrad\u201c.<br \/>\nDie Differentialsperre und intelligente \u201eDrive Modes\u201c sollen die Allradeigenschaften perfektionieren. Mit diesen Einstellungen haben Amarok-Nutzer und Amarok-Nutzerinnen nun deutlich mehr Einflussm\u00f6glichkeiten bei der Wahl des Allradantriebs. Die w\u00e4hlbaren \u201eDrive Modes\u201c helfen beim optimalen Vortrieb und erm\u00f6glichen die besten Einstellungen f\u00fcr den Amarok, egal wo man unterwegs ist, etwa \u201eon the road\u201c, also auf Stra\u00dfen, oder \u201eoffroad\u201c bzw. jenseits befestigter Wege.<\/p>\n<h5>*(Neuer Amarok (125-177 kW): Kraftstoffverbrauch kombiniert in l\/100 km: 8,5-10,5; CO2-Emissionen kombiniert in g\/km: 222-274; f\u00fcr das Fahrzeug liegen nur noch Verbrauchs- und Emissionswerte nach WLTP und nicht nach NEFZ vor.<\/h5>\n","protected":false},"excerpt":{"rendered":"<p>Der neue Pick-up von Volkswagen-Nutzfahrzeuge (VWN) ist jetzt in Deutschland bestellbar. Zu Preisen ab 39.598 Euro netto ist der neue Amarok in der Basisausstattung erh\u00e4ltlich. Ausger\u00fcstet mit 125 kW und 405 Newtonmetern Drehmoment starkem TDI-Motor, Sechsgang-Handschaltung und zuschaltbarem 4MOTION-Allradantrieb, soll diese Variante den Einstieg in das Pick-up-Segment bei Volkswagen Nutzfahrzeuge darstellen. <span class=\"excerpt-more__dots\">&#8230;<\/span> <a class=\"excerpt-more__link\" href=\"https:\/\/www.krafthand.de\/truck\/artikel\/neuer-vw-amarok-ist-ab-sofort-bestellbar-34935\/\" >weiter<\/a><\/p>\n","protected":false},"author":9,"featured_media":34939,"comment_status":"closed","ping_status":"closed","sticky":false,"template":"","format":"standard","meta":{"footnotes":""},"categories":[4915],"tags":[5502,518],"settings":[3524,3523],"class_list":["post-34935","post","type-post","status-publish","format-standard","has-post-thumbnail","hentry","category-neue-fahrzeuge","tag-amarok","tag-volkswagen"],"yoast_head":"<!-- This site is optimized with the Yoast SEO plugin v27.3 - https:\/\/yoast.com\/product\/yoast-seo-wordpress\/ -->\n<title>Neuer VW-Amarok ab sofort bestellbar - Krafthand-Truck<\/title>\n<meta name=\"description\" content=\"Der Amarok von Volkswagen-Nutzfahrzeuge ist jetzt in Deutschland bestellbar. Ab 39.598 Euro netto gibt es den Amarok in der Basisausstattung.\" \/>\n<meta name=\"robots\" content=\"index, follow, max-snippet:-1, max-image-preview:large, max-video-preview:-1\" \/>\n<link rel=\"canonical\" href=\"https:\/\/www.krafthand.de\/truck\/artikel\/neuer-vw-amarok-ist-ab-sofort-bestellbar-34935\/\" \/>\n<meta property=\"og:locale\" content=\"de_DE\" \/>\n<meta property=\"og:type\" content=\"article\" \/>\n<meta property=\"og:title\" content=\"Neuer VW-Amarok ab sofort bestellbar - Krafthand-Truck\" \/>\n<meta property=\"og:description\" content=\"Der Amarok von Volkswagen-Nutzfahrzeuge ist jetzt in Deutschland bestellbar. Ab 39.598 Euro netto gibt es den Amarok in der Basisausstattung.\" \/>\n<meta property=\"og:url\" content=\"https:\/\/www.krafthand-truck.de\/artikel\/neuer-vw-amarok-ist-ab-sofort-bestellbar-34935\/\" \/>\n<meta property=\"og:site_name\" content=\"Krafthand-Truck\" \/>\n<meta property=\"article:published_time\" content=\"2023-01-25T09:46:02+00:00\" \/>\n<meta property=\"article:modified_time\" content=\"2023-01-26T11:21:55+00:00\" \/>\n<meta property=\"og:image\" content=\"https:\/\/static.krafthand-truck.de\/uploads\/2023\/01\/Volkswagen_Amarok_2023_01.jpg\" \/>\n\t<meta property=\"og:image:width\" content=\"1200\" \/>\n\t<meta property=\"og:image:height\" content=\"626\" \/>\n\t<meta property=\"og:image:type\" content=\"image\/jpeg\" \/>\n<meta name=\"author\" content=\"georg.blenk@krafthand-medien.de\" \/>\n<meta name=\"twitter:card\" content=\"summary_large_image\" \/>\n<meta name=\"twitter:label1\" content=\"Verfasst von\" \/>\n\t<meta name=\"twitter:data1\" content=\"georg.blenk@krafthand-medien.de\" \/>\n\t<meta name=\"twitter:label2\" content=\"Gesch\u00e4tzte Lesezeit\" \/>\n\t<meta name=\"twitter:data2\" content=\"3\u00a0Minuten\" \/>\n<script type=\"application\/ld+json\" class=\"yoast-schema-graph\">{\"@context\":\"https:\\\/\\\/schema.org\",\"@graph\":[{\"@type\":\"Article\",\"@id\":\"https:\\\/\\\/www.krafthand.de\\\/truck\\\/artikel\\\/neuer-vw-amarok-ist-ab-sofort-bestellbar-34935\\\/#article\",\"isPartOf\":{\"@id\":\"https:\\\/\\\/www.krafthand.de\\\/truck\\\/artikel\\\/neuer-vw-amarok-ist-ab-sofort-bestellbar-34935\\\/\"},\"author\":{\"name\":\"georg.blenk@krafthand-medien.de\",\"@id\":\"https:\\\/\\\/www.krafthand.de\\\/truck\\\/#\\\/schema\\\/person\\\/51fa80b1c57034c4bf63f9f988fc24ce\"},\"headline\":\"Neuer VW-Amarok ab sofort bestellbar\",\"datePublished\":\"2023-01-25T09:46:02+00:00\",\"dateModified\":\"2023-01-26T11:21:55+00:00\",\"mainEntityOfPage\":{\"@id\":\"https:\\\/\\\/www.krafthand.de\\\/truck\\\/artikel\\\/neuer-vw-amarok-ist-ab-sofort-bestellbar-34935\\\/\"},\"wordCount\":507,\"image\":{\"@id\":\"https:\\\/\\\/www.krafthand.de\\\/truck\\\/artikel\\\/neuer-vw-amarok-ist-ab-sofort-bestellbar-34935\\\/#primaryimage\"},\"thumbnailUrl\":\"https:\\\/\\\/static.krafthand-truck.de\\\/uploads\\\/2023\\\/01\\\/Volkswagen_Amarok_2023_01.jpg\",\"keywords\":[\"Amarok\",\"Volkswagen\"],\"articleSection\":[\"Neue Fahrzeuge\"],\"inLanguage\":\"de\"},{\"@type\":\"WebPage\",\"@id\":\"https:\\\/\\\/www.krafthand.de\\\/truck\\\/artikel\\\/neuer-vw-amarok-ist-ab-sofort-bestellbar-34935\\\/\",\"url\":\"https:\\\/\\\/www.krafthand.de\\\/truck\\\/artikel\\\/neuer-vw-amarok-ist-ab-sofort-bestellbar-34935\\\/\",\"name\":\"Neuer VW-Amarok ab sofort bestellbar - Krafthand-Truck\",\"isPartOf\":{\"@id\":\"https:\\\/\\\/www.krafthand.de\\\/truck\\\/#website\"},\"primaryImageOfPage\":{\"@id\":\"https:\\\/\\\/www.krafthand.de\\\/truck\\\/artikel\\\/neuer-vw-amarok-ist-ab-sofort-bestellbar-34935\\\/#primaryimage\"},\"image\":{\"@id\":\"https:\\\/\\\/www.krafthand.de\\\/truck\\\/artikel\\\/neuer-vw-amarok-ist-ab-sofort-bestellbar-34935\\\/#primaryimage\"},\"thumbnailUrl\":\"https:\\\/\\\/static.krafthand-truck.de\\\/uploads\\\/2023\\\/01\\\/Volkswagen_Amarok_2023_01.jpg\",\"datePublished\":\"2023-01-25T09:46:02+00:00\",\"dateModified\":\"2023-01-26T11:21:55+00:00\",\"author\":{\"@id\":\"https:\\\/\\\/www.krafthand.de\\\/truck\\\/#\\\/schema\\\/person\\\/51fa80b1c57034c4bf63f9f988fc24ce\"},\"description\":\"Der Amarok von Volkswagen-Nutzfahrzeuge ist jetzt in Deutschland bestellbar. Ab 39.598 Euro netto gibt es den Amarok in der Basisausstattung.\",\"breadcrumb\":{\"@id\":\"https:\\\/\\\/www.krafthand.de\\\/truck\\\/artikel\\\/neuer-vw-amarok-ist-ab-sofort-bestellbar-34935\\\/#breadcrumb\"},\"inLanguage\":\"de\",\"potentialAction\":[{\"@type\":\"ReadAction\",\"target\":[\"https:\\\/\\\/www.krafthand.de\\\/truck\\\/artikel\\\/neuer-vw-amarok-ist-ab-sofort-bestellbar-34935\\\/\"]}]},{\"@type\":\"ImageObject\",\"inLanguage\":\"de\",\"@id\":\"https:\\\/\\\/www.krafthand.de\\\/truck\\\/artikel\\\/neuer-vw-amarok-ist-ab-sofort-bestellbar-34935\\\/#primaryimage\",\"url\":\"https:\\\/\\\/static.krafthand-truck.de\\\/uploads\\\/2023\\\/01\\\/Volkswagen_Amarok_2023_01.jpg\",\"contentUrl\":\"https:\\\/\\\/static.krafthand-truck.de\\\/uploads\\\/2023\\\/01\\\/Volkswagen_Amarok_2023_01.jpg\",\"width\":1200,\"height\":626},{\"@type\":\"BreadcrumbList\",\"@id\":\"https:\\\/\\\/www.krafthand.de\\\/truck\\\/artikel\\\/neuer-vw-amarok-ist-ab-sofort-bestellbar-34935\\\/#breadcrumb\",\"itemListElement\":[{\"@type\":\"ListItem\",\"position\":1,\"name\":\"Krafthand-Truck\",\"item\":\"https:\\\/\\\/www.krafthand.de\\\/truck\\\/\"},{\"@type\":\"ListItem\",\"position\":2,\"name\":\"IT+Fuhrpark\",\"item\":\"https:\\\/\\\/www.krafthand.de\\\/truck\\\/kategorie\\\/fuhrpark\\\/\"},{\"@type\":\"ListItem\",\"position\":3,\"name\":\"Neue Fahrzeuge\",\"item\":\"https:\\\/\\\/www.krafthand.de\\\/truck\\\/kategorie\\\/fuhrpark\\\/neue-fahrzeuge\\\/\"},{\"@type\":\"ListItem\",\"position\":4,\"name\":\"Neuer VW-Amarok ab sofort bestellbar\"}]},{\"@type\":\"WebSite\",\"@id\":\"https:\\\/\\\/www.krafthand.de\\\/truck\\\/#website\",\"url\":\"https:\\\/\\\/www.krafthand.de\\\/truck\\\/\",\"name\":\"Krafthand-Truck\",\"description\":\"\",\"potentialAction\":[{\"@type\":\"SearchAction\",\"target\":{\"@type\":\"EntryPoint\",\"urlTemplate\":\"https:\\\/\\\/www.krafthand.de\\\/truck\\\/?s={search_term_string}\"},\"query-input\":{\"@type\":\"PropertyValueSpecification\",\"valueRequired\":true,\"valueName\":\"search_term_string\"}}],\"inLanguage\":\"de\"},{\"@type\":\"Person\",\"@id\":\"https:\\\/\\\/www.krafthand.de\\\/truck\\\/#\\\/schema\\\/person\\\/51fa80b1c57034c4bf63f9f988fc24ce\",\"name\":\"georg.blenk@krafthand-medien.de\",\"image\":{\"@type\":\"ImageObject\",\"inLanguage\":\"de\",\"@id\":\"https:\\\/\\\/secure.gravatar.com\\\/avatar\\\/93713c30affe0aa95d3a4130e499bb1abee2eb31adbdd9ce2aa1543538490215?s=96&d=mm&r=g\",\"url\":\"https:\\\/\\\/secure.gravatar.com\\\/avatar\\\/93713c30affe0aa95d3a4130e499bb1abee2eb31adbdd9ce2aa1543538490215?s=96&d=mm&r=g\",\"contentUrl\":\"https:\\\/\\\/secure.gravatar.com\\\/avatar\\\/93713c30affe0aa95d3a4130e499bb1abee2eb31adbdd9ce2aa1543538490215?s=96&d=mm&r=g\",\"caption\":\"georg.blenk@krafthand-medien.de\"}}]}<\/script>\n<!-- \/ Yoast SEO plugin. -->","yoast_head_json":{"title":"Neuer VW-Amarok ab sofort bestellbar - Krafthand-Truck","description":"Der Amarok von Volkswagen-Nutzfahrzeuge ist jetzt in Deutschland bestellbar. Ab 39.598 Euro netto gibt es den Amarok in der Basisausstattung.","robots":{"index":"index","follow":"follow","max-snippet":"max-snippet:-1","max-image-preview":"max-image-preview:large","max-video-preview":"max-video-preview:-1"},"canonical":"https:\/\/www.krafthand.de\/truck\/artikel\/neuer-vw-amarok-ist-ab-sofort-bestellbar-34935\/","og_locale":"de_DE","og_type":"article","og_title":"Neuer VW-Amarok ab sofort bestellbar - Krafthand-Truck","og_description":"Der Amarok von Volkswagen-Nutzfahrzeuge ist jetzt in Deutschland bestellbar. Ab 39.598 Euro netto gibt es den Amarok in der Basisausstattung.","og_url":"https:\/\/www.krafthand-truck.de\/artikel\/neuer-vw-amarok-ist-ab-sofort-bestellbar-34935\/","og_site_name":"Krafthand-Truck","article_published_time":"2023-01-25T09:46:02+00:00","article_modified_time":"2023-01-26T11:21:55+00:00","og_image":[{"width":1200,"height":626,"url":"https:\/\/static.krafthand-truck.de\/uploads\/2023\/01\/Volkswagen_Amarok_2023_01.jpg","type":"image\/jpeg"}],"author":"georg.blenk@krafthand-medien.de","twitter_card":"summary_large_image","twitter_misc":{"Verfasst von":"georg.blenk@krafthand-medien.de","Gesch\u00e4tzte Lesezeit":"3\u00a0Minuten"},"schema":{"@context":"https:\/\/schema.org","@graph":[{"@type":"Article","@id":"https:\/\/www.krafthand.de\/truck\/artikel\/neuer-vw-amarok-ist-ab-sofort-bestellbar-34935\/#article","isPartOf":{"@id":"https:\/\/www.krafthand.de\/truck\/artikel\/neuer-vw-amarok-ist-ab-sofort-bestellbar-34935\/"},"author":{"name":"georg.blenk@krafthand-medien.de","@id":"https:\/\/www.krafthand.de\/truck\/#\/schema\/person\/51fa80b1c57034c4bf63f9f988fc24ce"},"headline":"Neuer VW-Amarok ab sofort bestellbar","datePublished":"2023-01-25T09:46:02+00:00","dateModified":"2023-01-26T11:21:55+00:00","mainEntityOfPage":{"@id":"https:\/\/www.krafthand.de\/truck\/artikel\/neuer-vw-amarok-ist-ab-sofort-bestellbar-34935\/"},"wordCount":507,"image":{"@id":"https:\/\/www.krafthand.de\/truck\/artikel\/neuer-vw-amarok-ist-ab-sofort-bestellbar-34935\/#primaryimage"},"thumbnailUrl":"https:\/\/static.krafthand-truck.de\/uploads\/2023\/01\/Volkswagen_Amarok_2023_01.jpg","keywords":["Amarok","Volkswagen"],"articleSection":["Neue Fahrzeuge"],"inLanguage":"de"},{"@type":"WebPage","@id":"https:\/\/www.krafthand.de\/truck\/artikel\/neuer-vw-amarok-ist-ab-sofort-bestellbar-34935\/","url":"https:\/\/www.krafthand.de\/truck\/artikel\/neuer-vw-amarok-ist-ab-sofort-bestellbar-34935\/","name":"Neuer VW-Amarok ab sofort bestellbar - Krafthand-Truck","isPartOf":{"@id":"https:\/\/www.krafthand.de\/truck\/#website"},"primaryImageOfPage":{"@id":"https:\/\/www.krafthand.de\/truck\/artikel\/neuer-vw-amarok-ist-ab-sofort-bestellbar-34935\/#primaryimage"},"image":{"@id":"https:\/\/www.krafthand.de\/truck\/artikel\/neuer-vw-amarok-ist-ab-sofort-bestellbar-34935\/#primaryimage"},"thumbnailUrl":"https:\/\/static.krafthand-truck.de\/uploads\/2023\/01\/Volkswagen_Amarok_2023_01.jpg","datePublished":"2023-01-25T09:46:02+00:00","dateModified":"2023-01-26T11:21:55+00:00","author":{"@id":"https:\/\/www.krafthand.de\/truck\/#\/schema\/person\/51fa80b1c57034c4bf63f9f988fc24ce"},"description":"Der Amarok von Volkswagen-Nutzfahrzeuge ist jetzt in Deutschland bestellbar. Ab 39.598 Euro netto gibt es den Amarok in der Basisausstattung.","breadcrumb":{"@id":"https:\/\/www.krafthand.de\/truck\/artikel\/neuer-vw-amarok-ist-ab-sofort-bestellbar-34935\/#breadcrumb"},"inLanguage":"de","potentialAction":[{"@type":"ReadAction","target":["https:\/\/www.krafthand.de\/truck\/artikel\/neuer-vw-amarok-ist-ab-sofort-bestellbar-34935\/"]}]},{"@type":"ImageObject","inLanguage":"de","@id":"https:\/\/www.krafthand.de\/truck\/artikel\/neuer-vw-amarok-ist-ab-sofort-bestellbar-34935\/#primaryimage","url":"https:\/\/static.krafthand-truck.de\/uploads\/2023\/01\/Volkswagen_Amarok_2023_01.jpg","contentUrl":"https:\/\/static.krafthand-truck.de\/uploads\/2023\/01\/Volkswagen_Amarok_2023_01.jpg","width":1200,"height":626},{"@type":"BreadcrumbList","@id":"https:\/\/www.krafthand.de\/truck\/artikel\/neuer-vw-amarok-ist-ab-sofort-bestellbar-34935\/#breadcrumb","itemListElement":[{"@type":"ListItem","position":1,"name":"Krafthand-Truck","item":"https:\/\/www.krafthand.de\/truck\/"},{"@type":"ListItem","position":2,"name":"IT+Fuhrpark","item":"https:\/\/www.krafthand.de\/truck\/kategorie\/fuhrpark\/"},{"@type":"ListItem","position":3,"name":"Neue Fahrzeuge","item":"https:\/\/www.krafthand.de\/truck\/kategorie\/fuhrpark\/neue-fahrzeuge\/"},{"@type":"ListItem","position":4,"name":"Neuer VW-Amarok ab sofort bestellbar"}]},{"@type":"WebSite","@id":"https:\/\/www.krafthand.de\/truck\/#website","url":"https:\/\/www.krafthand.de\/truck\/","name":"Krafthand-Truck","description":"","potentialAction":[{"@type":"SearchAction","target":{"@type":"EntryPoint","urlTemplate":"https:\/\/www.krafthand.de\/truck\/?s={search_term_string}"},"query-input":{"@type":"PropertyValueSpecification","valueRequired":true,"valueName":"search_term_string"}}],"inLanguage":"de"},{"@type":"Person","@id":"https:\/\/www.krafthand.de\/truck\/#\/schema\/person\/51fa80b1c57034c4bf63f9f988fc24ce","name":"georg.blenk@krafthand-medien.de","image":{"@type":"ImageObject","inLanguage":"de","@id":"https:\/\/secure.gravatar.com\/avatar\/93713c30affe0aa95d3a4130e499bb1abee2eb31adbdd9ce2aa1543538490215?s=96&d=mm&r=g","url":"https:\/\/secure.gravatar.com\/avatar\/93713c30affe0aa95d3a4130e499bb1abee2eb31adbdd9ce2aa1543538490215?s=96&d=mm&r=g","contentUrl":"https:\/\/secure.gravatar.com\/avatar\/93713c30affe0aa95d3a4130e499bb1abee2eb31adbdd9ce2aa1543538490215?s=96&d=mm&r=g","caption":"georg.blenk@krafthand-medien.de"}}]}},"_links":{"self":[{"href":"https:\/\/www.krafthand.de\/truck\/wp-json\/wp\/v2\/posts\/34935","targetHints":{"allow":["GET"]}}],"collection":[{"href":"https:\/\/www.krafthand.de\/truck\/wp-json\/wp\/v2\/posts"}],"about":[{"href":"https:\/\/www.krafthand.de\/truck\/wp-json\/wp\/v2\/types\/post"}],"author":[{"embeddable":true,"href":"https:\/\/www.krafthand.de\/truck\/wp-json\/wp\/v2\/users\/9"}],"replies":[{"embeddable":true,"href":"https:\/\/www.krafthand.de\/truck\/wp-json\/wp\/v2\/comments?post=34935"}],"version-history":[{"count":7,"href":"https:\/\/www.krafthand.de\/truck\/wp-json\/wp\/v2\/posts\/34935\/revisions"}],"predecessor-version":[{"id":34944,"href":"https:\/\/www.krafthand.de\/truck\/wp-json\/wp\/v2\/posts\/34935\/revisions\/34944"}],"wp:featuredmedia":[{"embeddable":true,"href":"https:\/\/www.krafthand.de\/truck\/wp-json\/wp\/v2\/media\/34939"}],"wp:attachment":[{"href":"https:\/\/www.krafthand.de\/truck\/wp-json\/wp\/v2\/media?parent=34935"}],"wp:term":[{"taxonomy":"category","embeddable":true,"href":"https:\/\/www.krafthand.de\/truck\/wp-json\/wp\/v2\/categories?post=34935"},{"taxonomy":"post_tag","embeddable":true,"href":"https:\/\/www.krafthand.de\/truck\/wp-json\/wp\/v2\/tags?post=34935"},{"taxonomy":"settings","embeddable":true,"href":"https:\/\/www.krafthand.de\/truck\/wp-json\/wp\/v2\/settings?post=34935"}],"curies":[{"name":"wp","href":"https:\/\/api.w.org\/{rel}","templated":true}]}}