{"id":34917,"date":"2023-01-20T09:30:13","date_gmt":"2023-01-20T08:30:13","guid":{"rendered":"https:\/\/www.krafthand.de\/truck\/?p=34917"},"modified":"2023-01-20T10:21:41","modified_gmt":"2023-01-20T09:21:41","slug":"firestone-industrial-products-wird-umbenannt-in-firestone-airide","status":"publish","type":"post","link":"https:\/\/www.krafthand.de\/truck\/artikel\/firestone-industrial-products-wird-umbenannt-in-firestone-airide-34917\/","title":{"rendered":"Firestone Industrial Products wird umbenannt in Firestone Airide"},"content":{"rendered":"<p>Die Firestone Industrial Products Company ist eine Tochtergesellschaft von Bridgestone Americas und weltweiter Hersteller und Lieferant von Luftfedern. Das Unternehmen hat jetzt die Umbenennung in &#8218;Firestone Airide&#8216; verk\u00fcndet, was das Thema Luftfedern deutlicher widerspiegeln soll. Mit der neuen Marke soll ferner die Breite und Tiefe des gesamten Firestone-Luftfeder-Portfolios (Automotive, Heavy Duty, Commercial und Off-Highway)\u00a0 besser dargestellt werden.<\/p>\n<p>Die neue Marke &#8218;Airide&#8216; steht laut Angaben f\u00fcr Tradition und Best\u00e4ndigkeit von Firestone und gleichzeitig f\u00fcr die technologischen Eigenschaften der Produkte, sowohl in Bezug auf die Isolierung von Vibrationen, als auch auf die Nivellierung. Airide war tats\u00e4chlich auch das erste Luftfederprodukt von Firestone auf dem Markt. Es wurde bereits 1938 patentiert.<\/p>\n<p>Heute ist Firestone Airide einer der gr\u00f6\u00dften Anbieter von Luftfedern f\u00fcr Lastkraftwagen, Anh\u00e4nger, Busse und Automobile. Als einer der gr\u00f6\u00dften Lieferanten von Luftfedern f\u00fcr die Elektrofahrzeugindustrie stimmt die neue Markenausrichtung mit den Partnern von Firestone und deren Nachhaltigkeitszielen \u00fcberein, einschlie\u00dflich der Anwendungen in einigen der meistverkauften Elektroautos und SUVs.<\/p>\n<blockquote>\n<figure id=\"attachment_34920\" aria-describedby=\"caption-attachment-34920\" style=\"width: 222px\" class=\"wp-caption alignright\"><a href=\"https:\/\/static.krafthand-truck.de\/uploads\/2023\/01\/Firestone-Airide-Justin-Monaghan.jpg\" target=\"_blank\" rel=\"noopener\"><img fetchpriority=\"high\" decoding=\"async\" class=\"wp-image-34920 size-medium\" src=\"https:\/\/static.krafthand-truck.de\/uploads\/2023\/01\/Firestone-Airide-Justin-Monaghan-222x300.jpg\" alt=\"\" width=\"222\" height=\"300\" srcset=\"https:\/\/static.krafthand-truck.de\/uploads\/2023\/01\/Firestone-Airide-Justin-Monaghan-222x300.jpg 222w, https:\/\/static.krafthand-truck.de\/uploads\/2023\/01\/Firestone-Airide-Justin-Monaghan-757x1024.jpg 757w, https:\/\/static.krafthand-truck.de\/uploads\/2023\/01\/Firestone-Airide-Justin-Monaghan-768x1039.jpg 768w, https:\/\/static.krafthand-truck.de\/uploads\/2023\/01\/Firestone-Airide-Justin-Monaghan.jpg 800w\" sizes=\"(max-width: 222px) 100vw, 222px\" \/><\/a><figcaption id=\"caption-attachment-34920\" class=\"wp-caption-text\">Justin Monaghan<\/figcaption><\/figure>\n<p>\u201eBridgestone beschleunigt seine Entwicklung hin zu einem Unternehmen f\u00fcr nachhaltige L\u00f6sungen, und Firestone Airide spielt eine entscheidende Rolle als Wegbereiter einer neuen Mobilit\u00e4t. Wir freuen uns, unsere neue Marke zu lancieren, nicht nur als ad\u00e4quate Weiterentwicklung unseres Unternehmens, sondern auch als Zeugnis f\u00fcr die Tradition und den Wert des Namens Airide&#8220;, sagte Justin Monaghan, Pr\u00e4sident von Firestone Airide.<\/p><\/blockquote>\n<p>Firestone Airide ist ein weltweit t\u00e4tiges Unternehmen mit Produktionsst\u00e4tten in den USA, Brasilien, Costa Rica, China und Polen sowie Forschungs- und Entwicklungseinrichtungen in den USA und den Niederlanden. Firestone Airide verf\u00fcgt \u00fcber ein breit gef\u00e4chertes Produktportfolio, das vor allem in der Erstausr\u00fcstung zum Einsatz kommt &#8211; von leichten Nutzfahrzeugen und gro\u00dfen Lastkraftwagen und Bussen f\u00fcr den Stra\u00dfenverkehr bis hin zu Off-Highway-Fahrzeugen wie Z\u00fcgen, schweren Bau- und Bergbaumaschinen und industriellen Anwendungen wie F\u00f6rderanlagen. Firestone Airide ist zudem auf dem Ersatzteilmarkt stark vertreten. Weitere Informationen \u00fcber Firestone Airide sind <a href=\"https:\/\/www.firestoneairide.com\" target=\"_blank\" rel=\"noopener\">hier<\/a> zu finden.<\/p>\n","protected":false},"excerpt":{"rendered":"<p>Die Firestone Industrial Products Company ist eine Tochtergesellschaft von Bridgestone Americas und weltweiter Hersteller und Lieferant von Luftfedern. Das Unternehmen hat jetzt die Umbenennung in &#8218;Firestone Airide&#8216; verk\u00fcndet, was das Thema Luftfedern deutlicher widerspiegeln soll. <span class=\"excerpt-more__dots\">&#8230;<\/span> <a class=\"excerpt-more__link\" href=\"https:\/\/www.krafthand.de\/truck\/artikel\/firestone-industrial-products-wird-umbenannt-in-firestone-airide-34917\/\" >weiter<\/a><\/p>\n","protected":false},"author":9,"featured_media":34919,"comment_status":"closed","ping_status":"closed","sticky":false,"template":"","format":"standard","meta":{"footnotes":""},"categories":[4226,4235],"tags":[5500,288,4087,5499],"settings":[4766,3523],"class_list":["post-34917","post","type-post","status-publish","format-standard","has-post-thumbnail","hentry","category-fahrwerk","category-unternehmen","tag-airride","tag-bridgestone","tag-firestone","tag-luftfedern"],"yoast_head":"<!-- This site is optimized with the Yoast SEO plugin v27.3 - https:\/\/yoast.com\/product\/yoast-seo-wordpress\/ -->\n<title>Firestone Industrial Products wird umbenannt in Firestone Airide - Krafthand-Truck<\/title>\n<meta name=\"description\" content=\"Firestone Industrial Products hat die Umbenennung in &#039;Firestone Airride&#039; verk\u00fcndet, was das Thema Luftfedern deutlicher widerspiegeln soll.\" \/>\n<meta name=\"robots\" content=\"index, follow, max-snippet:-1, max-image-preview:large, max-video-preview:-1\" \/>\n<link rel=\"canonical\" href=\"https:\/\/www.krafthand.de\/truck\/artikel\/firestone-industrial-products-wird-umbenannt-in-firestone-airide-34917\/\" \/>\n<meta property=\"og:locale\" content=\"de_DE\" \/>\n<meta property=\"og:type\" content=\"article\" \/>\n<meta property=\"og:title\" content=\"Firestone Industrial Products wird umbenannt in Firestone Airide - Krafthand-Truck\" \/>\n<meta property=\"og:description\" content=\"Firestone Industrial Products hat die Umbenennung in &#039;Firestone Airride&#039; verk\u00fcndet, was das Thema Luftfedern deutlicher widerspiegeln soll.\" \/>\n<meta property=\"og:url\" content=\"https:\/\/www.krafthand-truck.de\/artikel\/firestone-industrial-products-wird-umbenannt-in-firestone-airide-34917\/\" \/>\n<meta property=\"og:site_name\" content=\"Krafthand-Truck\" \/>\n<meta property=\"article:published_time\" content=\"2023-01-20T08:30:13+00:00\" \/>\n<meta property=\"article:modified_time\" content=\"2023-01-20T09:21:41+00:00\" \/>\n<meta property=\"og:image\" content=\"https:\/\/static.krafthand-truck.de\/uploads\/2023\/01\/Firestone_Airide_Luftfedern_Logo.jpg\" \/>\n\t<meta property=\"og:image:width\" content=\"1200\" \/>\n\t<meta property=\"og:image:height\" content=\"679\" \/>\n\t<meta property=\"og:image:type\" content=\"image\/jpeg\" \/>\n<meta name=\"author\" content=\"georg.blenk@krafthand-medien.de\" \/>\n<meta name=\"twitter:card\" content=\"summary_large_image\" \/>\n<meta name=\"twitter:label1\" content=\"Verfasst von\" \/>\n\t<meta name=\"twitter:data1\" content=\"georg.blenk@krafthand-medien.de\" \/>\n\t<meta name=\"twitter:label2\" content=\"Gesch\u00e4tzte Lesezeit\" \/>\n\t<meta name=\"twitter:data2\" content=\"2\u00a0Minuten\" \/>\n<script type=\"application\/ld+json\" class=\"yoast-schema-graph\">{\"@context\":\"https:\\\/\\\/schema.org\",\"@graph\":[{\"@type\":\"Article\",\"@id\":\"https:\\\/\\\/www.krafthand.de\\\/truck\\\/artikel\\\/firestone-industrial-products-wird-umbenannt-in-firestone-airide-34917\\\/#article\",\"isPartOf\":{\"@id\":\"https:\\\/\\\/www.krafthand.de\\\/truck\\\/artikel\\\/firestone-industrial-products-wird-umbenannt-in-firestone-airide-34917\\\/\"},\"author\":{\"name\":\"georg.blenk@krafthand-medien.de\",\"@id\":\"https:\\\/\\\/www.krafthand.de\\\/truck\\\/#\\\/schema\\\/person\\\/51fa80b1c57034c4bf63f9f988fc24ce\"},\"headline\":\"Firestone Industrial Products wird umbenannt in Firestone Airide\",\"datePublished\":\"2023-01-20T08:30:13+00:00\",\"dateModified\":\"2023-01-20T09:21:41+00:00\",\"mainEntityOfPage\":{\"@id\":\"https:\\\/\\\/www.krafthand.de\\\/truck\\\/artikel\\\/firestone-industrial-products-wird-umbenannt-in-firestone-airide-34917\\\/\"},\"wordCount\":348,\"image\":{\"@id\":\"https:\\\/\\\/www.krafthand.de\\\/truck\\\/artikel\\\/firestone-industrial-products-wird-umbenannt-in-firestone-airide-34917\\\/#primaryimage\"},\"thumbnailUrl\":\"https:\\\/\\\/static.krafthand-truck.de\\\/uploads\\\/2023\\\/01\\\/Firestone_Airide_Luftfedern_Logo.jpg\",\"keywords\":[\"Airride\",\"Bridgestone\",\"Firestone\",\"Luftfedern\"],\"articleSection\":[\"Fahrwerk\\\/D\u00e4mpfung\",\"Unternehmen\"],\"inLanguage\":\"de\"},{\"@type\":\"WebPage\",\"@id\":\"https:\\\/\\\/www.krafthand.de\\\/truck\\\/artikel\\\/firestone-industrial-products-wird-umbenannt-in-firestone-airide-34917\\\/\",\"url\":\"https:\\\/\\\/www.krafthand.de\\\/truck\\\/artikel\\\/firestone-industrial-products-wird-umbenannt-in-firestone-airide-34917\\\/\",\"name\":\"Firestone Industrial Products wird umbenannt in Firestone Airide - Krafthand-Truck\",\"isPartOf\":{\"@id\":\"https:\\\/\\\/www.krafthand.de\\\/truck\\\/#website\"},\"primaryImageOfPage\":{\"@id\":\"https:\\\/\\\/www.krafthand.de\\\/truck\\\/artikel\\\/firestone-industrial-products-wird-umbenannt-in-firestone-airide-34917\\\/#primaryimage\"},\"image\":{\"@id\":\"https:\\\/\\\/www.krafthand.de\\\/truck\\\/artikel\\\/firestone-industrial-products-wird-umbenannt-in-firestone-airide-34917\\\/#primaryimage\"},\"thumbnailUrl\":\"https:\\\/\\\/static.krafthand-truck.de\\\/uploads\\\/2023\\\/01\\\/Firestone_Airide_Luftfedern_Logo.jpg\",\"datePublished\":\"2023-01-20T08:30:13+00:00\",\"dateModified\":\"2023-01-20T09:21:41+00:00\",\"author\":{\"@id\":\"https:\\\/\\\/www.krafthand.de\\\/truck\\\/#\\\/schema\\\/person\\\/51fa80b1c57034c4bf63f9f988fc24ce\"},\"description\":\"Firestone Industrial Products hat die Umbenennung in 'Firestone Airride' verk\u00fcndet, was das Thema Luftfedern deutlicher widerspiegeln soll.\",\"breadcrumb\":{\"@id\":\"https:\\\/\\\/www.krafthand.de\\\/truck\\\/artikel\\\/firestone-industrial-products-wird-umbenannt-in-firestone-airide-34917\\\/#breadcrumb\"},\"inLanguage\":\"de\",\"potentialAction\":[{\"@type\":\"ReadAction\",\"target\":[\"https:\\\/\\\/www.krafthand.de\\\/truck\\\/artikel\\\/firestone-industrial-products-wird-umbenannt-in-firestone-airide-34917\\\/\"]}]},{\"@type\":\"ImageObject\",\"inLanguage\":\"de\",\"@id\":\"https:\\\/\\\/www.krafthand.de\\\/truck\\\/artikel\\\/firestone-industrial-products-wird-umbenannt-in-firestone-airide-34917\\\/#primaryimage\",\"url\":\"https:\\\/\\\/static.krafthand-truck.de\\\/uploads\\\/2023\\\/01\\\/Firestone_Airide_Luftfedern_Logo.jpg\",\"contentUrl\":\"https:\\\/\\\/static.krafthand-truck.de\\\/uploads\\\/2023\\\/01\\\/Firestone_Airide_Luftfedern_Logo.jpg\",\"width\":1200,\"height\":679},{\"@type\":\"BreadcrumbList\",\"@id\":\"https:\\\/\\\/www.krafthand.de\\\/truck\\\/artikel\\\/firestone-industrial-products-wird-umbenannt-in-firestone-airide-34917\\\/#breadcrumb\",\"itemListElement\":[{\"@type\":\"ListItem\",\"position\":1,\"name\":\"Krafthand-Truck\",\"item\":\"https:\\\/\\\/www.krafthand.de\\\/truck\\\/\"},{\"@type\":\"ListItem\",\"position\":2,\"name\":\"Nfz-Technik\",\"item\":\"https:\\\/\\\/www.krafthand.de\\\/truck\\\/kategorie\\\/nfz-technik\\\/\"},{\"@type\":\"ListItem\",\"position\":3,\"name\":\"Fahrwerk\\\/D\u00e4mpfung\",\"item\":\"https:\\\/\\\/www.krafthand.de\\\/truck\\\/kategorie\\\/nfz-technik\\\/fahrwerk\\\/\"},{\"@type\":\"ListItem\",\"position\":4,\"name\":\"Firestone Industrial Products wird umbenannt in Firestone Airide\"}]},{\"@type\":\"WebSite\",\"@id\":\"https:\\\/\\\/www.krafthand.de\\\/truck\\\/#website\",\"url\":\"https:\\\/\\\/www.krafthand.de\\\/truck\\\/\",\"name\":\"Krafthand-Truck\",\"description\":\"\",\"potentialAction\":[{\"@type\":\"SearchAction\",\"target\":{\"@type\":\"EntryPoint\",\"urlTemplate\":\"https:\\\/\\\/www.krafthand.de\\\/truck\\\/?s={search_term_string}\"},\"query-input\":{\"@type\":\"PropertyValueSpecification\",\"valueRequired\":true,\"valueName\":\"search_term_string\"}}],\"inLanguage\":\"de\"},{\"@type\":\"Person\",\"@id\":\"https:\\\/\\\/www.krafthand.de\\\/truck\\\/#\\\/schema\\\/person\\\/51fa80b1c57034c4bf63f9f988fc24ce\",\"name\":\"georg.blenk@krafthand-medien.de\",\"image\":{\"@type\":\"ImageObject\",\"inLanguage\":\"de\",\"@id\":\"https:\\\/\\\/secure.gravatar.com\\\/avatar\\\/93713c30affe0aa95d3a4130e499bb1abee2eb31adbdd9ce2aa1543538490215?s=96&d=mm&r=g\",\"url\":\"https:\\\/\\\/secure.gravatar.com\\\/avatar\\\/93713c30affe0aa95d3a4130e499bb1abee2eb31adbdd9ce2aa1543538490215?s=96&d=mm&r=g\",\"contentUrl\":\"https:\\\/\\\/secure.gravatar.com\\\/avatar\\\/93713c30affe0aa95d3a4130e499bb1abee2eb31adbdd9ce2aa1543538490215?s=96&d=mm&r=g\",\"caption\":\"georg.blenk@krafthand-medien.de\"}}]}<\/script>\n<!-- \/ Yoast SEO plugin. -->","yoast_head_json":{"title":"Firestone Industrial Products wird umbenannt in Firestone Airide - Krafthand-Truck","description":"Firestone Industrial Products hat die Umbenennung in 'Firestone Airride' verk\u00fcndet, was das Thema Luftfedern deutlicher widerspiegeln soll.","robots":{"index":"index","follow":"follow","max-snippet":"max-snippet:-1","max-image-preview":"max-image-preview:large","max-video-preview":"max-video-preview:-1"},"canonical":"https:\/\/www.krafthand.de\/truck\/artikel\/firestone-industrial-products-wird-umbenannt-in-firestone-airide-34917\/","og_locale":"de_DE","og_type":"article","og_title":"Firestone Industrial Products wird umbenannt in Firestone Airide - Krafthand-Truck","og_description":"Firestone Industrial Products hat die Umbenennung in 'Firestone Airride' verk\u00fcndet, was das Thema Luftfedern deutlicher widerspiegeln soll.","og_url":"https:\/\/www.krafthand-truck.de\/artikel\/firestone-industrial-products-wird-umbenannt-in-firestone-airide-34917\/","og_site_name":"Krafthand-Truck","article_published_time":"2023-01-20T08:30:13+00:00","article_modified_time":"2023-01-20T09:21:41+00:00","og_image":[{"width":1200,"height":679,"url":"https:\/\/static.krafthand-truck.de\/uploads\/2023\/01\/Firestone_Airide_Luftfedern_Logo.jpg","type":"image\/jpeg"}],"author":"georg.blenk@krafthand-medien.de","twitter_card":"summary_large_image","twitter_misc":{"Verfasst von":"georg.blenk@krafthand-medien.de","Gesch\u00e4tzte Lesezeit":"2\u00a0Minuten"},"schema":{"@context":"https:\/\/schema.org","@graph":[{"@type":"Article","@id":"https:\/\/www.krafthand.de\/truck\/artikel\/firestone-industrial-products-wird-umbenannt-in-firestone-airide-34917\/#article","isPartOf":{"@id":"https:\/\/www.krafthand.de\/truck\/artikel\/firestone-industrial-products-wird-umbenannt-in-firestone-airide-34917\/"},"author":{"name":"georg.blenk@krafthand-medien.de","@id":"https:\/\/www.krafthand.de\/truck\/#\/schema\/person\/51fa80b1c57034c4bf63f9f988fc24ce"},"headline":"Firestone Industrial Products wird umbenannt in Firestone Airide","datePublished":"2023-01-20T08:30:13+00:00","dateModified":"2023-01-20T09:21:41+00:00","mainEntityOfPage":{"@id":"https:\/\/www.krafthand.de\/truck\/artikel\/firestone-industrial-products-wird-umbenannt-in-firestone-airide-34917\/"},"wordCount":348,"image":{"@id":"https:\/\/www.krafthand.de\/truck\/artikel\/firestone-industrial-products-wird-umbenannt-in-firestone-airide-34917\/#primaryimage"},"thumbnailUrl":"https:\/\/static.krafthand-truck.de\/uploads\/2023\/01\/Firestone_Airide_Luftfedern_Logo.jpg","keywords":["Airride","Bridgestone","Firestone","Luftfedern"],"articleSection":["Fahrwerk\/D\u00e4mpfung","Unternehmen"],"inLanguage":"de"},{"@type":"WebPage","@id":"https:\/\/www.krafthand.de\/truck\/artikel\/firestone-industrial-products-wird-umbenannt-in-firestone-airide-34917\/","url":"https:\/\/www.krafthand.de\/truck\/artikel\/firestone-industrial-products-wird-umbenannt-in-firestone-airide-34917\/","name":"Firestone Industrial Products wird umbenannt in Firestone Airide - Krafthand-Truck","isPartOf":{"@id":"https:\/\/www.krafthand.de\/truck\/#website"},"primaryImageOfPage":{"@id":"https:\/\/www.krafthand.de\/truck\/artikel\/firestone-industrial-products-wird-umbenannt-in-firestone-airide-34917\/#primaryimage"},"image":{"@id":"https:\/\/www.krafthand.de\/truck\/artikel\/firestone-industrial-products-wird-umbenannt-in-firestone-airide-34917\/#primaryimage"},"thumbnailUrl":"https:\/\/static.krafthand-truck.de\/uploads\/2023\/01\/Firestone_Airide_Luftfedern_Logo.jpg","datePublished":"2023-01-20T08:30:13+00:00","dateModified":"2023-01-20T09:21:41+00:00","author":{"@id":"https:\/\/www.krafthand.de\/truck\/#\/schema\/person\/51fa80b1c57034c4bf63f9f988fc24ce"},"description":"Firestone Industrial Products hat die Umbenennung in 'Firestone Airride' verk\u00fcndet, was das Thema Luftfedern deutlicher widerspiegeln soll.","breadcrumb":{"@id":"https:\/\/www.krafthand.de\/truck\/artikel\/firestone-industrial-products-wird-umbenannt-in-firestone-airide-34917\/#breadcrumb"},"inLanguage":"de","potentialAction":[{"@type":"ReadAction","target":["https:\/\/www.krafthand.de\/truck\/artikel\/firestone-industrial-products-wird-umbenannt-in-firestone-airide-34917\/"]}]},{"@type":"ImageObject","inLanguage":"de","@id":"https:\/\/www.krafthand.de\/truck\/artikel\/firestone-industrial-products-wird-umbenannt-in-firestone-airide-34917\/#primaryimage","url":"https:\/\/static.krafthand-truck.de\/uploads\/2023\/01\/Firestone_Airide_Luftfedern_Logo.jpg","contentUrl":"https:\/\/static.krafthand-truck.de\/uploads\/2023\/01\/Firestone_Airide_Luftfedern_Logo.jpg","width":1200,"height":679},{"@type":"BreadcrumbList","@id":"https:\/\/www.krafthand.de\/truck\/artikel\/firestone-industrial-products-wird-umbenannt-in-firestone-airide-34917\/#breadcrumb","itemListElement":[{"@type":"ListItem","position":1,"name":"Krafthand-Truck","item":"https:\/\/www.krafthand.de\/truck\/"},{"@type":"ListItem","position":2,"name":"Nfz-Technik","item":"https:\/\/www.krafthand.de\/truck\/kategorie\/nfz-technik\/"},{"@type":"ListItem","position":3,"name":"Fahrwerk\/D\u00e4mpfung","item":"https:\/\/www.krafthand.de\/truck\/kategorie\/nfz-technik\/fahrwerk\/"},{"@type":"ListItem","position":4,"name":"Firestone Industrial Products wird umbenannt in Firestone Airide"}]},{"@type":"WebSite","@id":"https:\/\/www.krafthand.de\/truck\/#website","url":"https:\/\/www.krafthand.de\/truck\/","name":"Krafthand-Truck","description":"","potentialAction":[{"@type":"SearchAction","target":{"@type":"EntryPoint","urlTemplate":"https:\/\/www.krafthand.de\/truck\/?s={search_term_string}"},"query-input":{"@type":"PropertyValueSpecification","valueRequired":true,"valueName":"search_term_string"}}],"inLanguage":"de"},{"@type":"Person","@id":"https:\/\/www.krafthand.de\/truck\/#\/schema\/person\/51fa80b1c57034c4bf63f9f988fc24ce","name":"georg.blenk@krafthand-medien.de","image":{"@type":"ImageObject","inLanguage":"de","@id":"https:\/\/secure.gravatar.com\/avatar\/93713c30affe0aa95d3a4130e499bb1abee2eb31adbdd9ce2aa1543538490215?s=96&d=mm&r=g","url":"https:\/\/secure.gravatar.com\/avatar\/93713c30affe0aa95d3a4130e499bb1abee2eb31adbdd9ce2aa1543538490215?s=96&d=mm&r=g","contentUrl":"https:\/\/secure.gravatar.com\/avatar\/93713c30affe0aa95d3a4130e499bb1abee2eb31adbdd9ce2aa1543538490215?s=96&d=mm&r=g","caption":"georg.blenk@krafthand-medien.de"}}]}},"_links":{"self":[{"href":"https:\/\/www.krafthand.de\/truck\/wp-json\/wp\/v2\/posts\/34917","targetHints":{"allow":["GET"]}}],"collection":[{"href":"https:\/\/www.krafthand.de\/truck\/wp-json\/wp\/v2\/posts"}],"about":[{"href":"https:\/\/www.krafthand.de\/truck\/wp-json\/wp\/v2\/types\/post"}],"author":[{"embeddable":true,"href":"https:\/\/www.krafthand.de\/truck\/wp-json\/wp\/v2\/users\/9"}],"replies":[{"embeddable":true,"href":"https:\/\/www.krafthand.de\/truck\/wp-json\/wp\/v2\/comments?post=34917"}],"version-history":[{"count":6,"href":"https:\/\/www.krafthand.de\/truck\/wp-json\/wp\/v2\/posts\/34917\/revisions"}],"predecessor-version":[{"id":34925,"href":"https:\/\/www.krafthand.de\/truck\/wp-json\/wp\/v2\/posts\/34917\/revisions\/34925"}],"wp:featuredmedia":[{"embeddable":true,"href":"https:\/\/www.krafthand.de\/truck\/wp-json\/wp\/v2\/media\/34919"}],"wp:attachment":[{"href":"https:\/\/www.krafthand.de\/truck\/wp-json\/wp\/v2\/media?parent=34917"}],"wp:term":[{"taxonomy":"category","embeddable":true,"href":"https:\/\/www.krafthand.de\/truck\/wp-json\/wp\/v2\/categories?post=34917"},{"taxonomy":"post_tag","embeddable":true,"href":"https:\/\/www.krafthand.de\/truck\/wp-json\/wp\/v2\/tags?post=34917"},{"taxonomy":"settings","embeddable":true,"href":"https:\/\/www.krafthand.de\/truck\/wp-json\/wp\/v2\/settings?post=34917"}],"curies":[{"name":"wp","href":"https:\/\/api.w.org\/{rel}","templated":true}]}}