{"id":34889,"date":"2023-01-17T12:08:46","date_gmt":"2023-01-17T11:08:46","guid":{"rendered":"https:\/\/www.krafthand.de\/truck\/?p=34889"},"modified":"2023-01-17T12:08:46","modified_gmt":"2023-01-17T11:08:46","slug":"knecht-filter-fuer-nfz-werden-ab-jetzt-unter-der-marke-mahle-verkauft","status":"publish","type":"post","link":"https:\/\/www.krafthand.de\/truck\/artikel\/knecht-filter-fuer-nfz-werden-ab-jetzt-unter-der-marke-mahle-verkauft-34889\/","title":{"rendered":"KNECHT-Filter f\u00fcr Nfz werden ab jetzt unter der Marke MAHLE verkauft."},"content":{"rendered":"<p>Das Filtersortiment f\u00fcr Nutzfahrzeuge von Mahle wurde bislang parallel unter den Marken MAHLE und der Vertriebsmarke KNECHT<br \/>\nangeboten. F\u00fcr Nutzfahrzeuge wie Lkw, Busse, landwirtschaftliche Fahrzeuge oder Baumaschinen gibt es diese Produkte zuk\u00fcnftig ausschlie\u00dflich von MAHLE.<\/p>\n<p>Die Nutzfahrzeuge-Filter der Marken <a href=\"https:\/\/www.mahle.com\/de\/products-and-services\/aftermarket\/\" target=\"_blank\" rel=\"noopener\">MAHLE<\/a> und KNECHT wurden bereits bisher in gleicher Qualit\u00e4t gefertigt und lediglich unterschiedlich verpackt. Ab sofort verzichtet Mahle darauf, das identische Produkt unter zwei verschiedenen Marken anzubieten. Wer also bislang auf Nfz-Filter der Vertriebsmarke KNECHT gesetzt hat, bekommt mit MAHLE Filtern identische Produkte, die sich laut Mahle lediglich durch die Verpackung unterscheiden.<\/p>\n","protected":false},"excerpt":{"rendered":"<p>Das Filtersortiment f\u00fcr Nutzfahrzeuge von Mahle wurde bislang parallel unter den Marken MAHLE und der Vertriebsmarke KNECHT angeboten. F\u00fcr Nutzfahrzeuge wie Lkw, Busse, landwirtschaftliche Fahrzeuge oder Baumaschinen gibt es diese Produkte zuk\u00fcnftig ausschlie\u00dflich von MAHLE. <span class=\"excerpt-more__dots\">&#8230;<\/span> <a class=\"excerpt-more__link\" href=\"https:\/\/www.krafthand.de\/truck\/artikel\/knecht-filter-fuer-nfz-werden-ab-jetzt-unter-der-marke-mahle-verkauft-34889\/\" >weiter<\/a><\/p>\n","protected":false},"author":9,"featured_media":34891,"comment_status":"closed","ping_status":"closed","sticky":false,"template":"","format":"standard","meta":{"footnotes":""},"categories":[4912],"tags":[357,5496,1401],"settings":[4766,3523],"class_list":["post-34889","post","type-post","status-publish","format-standard","has-post-thumbnail","hentry","category-ersatzteile-zubehoer","tag-filter","tag-knecht","tag-mahle"],"yoast_head":"<!-- This site is optimized with the Yoast SEO plugin v27.3 - https:\/\/yoast.com\/product\/yoast-seo-wordpress\/ -->\n<title>KNECHT-Filter f\u00fcr Nfz werden ab jetzt unter der Marke MAHLE verkauft. - Krafthand-Truck<\/title>\n<meta name=\"description\" content=\"Das Filtersortiment f\u00fcr Nutzfahrzeuge von Mahle wurde bislang parallel unter den Marken MAHLE und der Vertriebsmarke KNECHT angeboten.\" \/>\n<meta name=\"robots\" content=\"index, follow, max-snippet:-1, max-image-preview:large, max-video-preview:-1\" \/>\n<link rel=\"canonical\" href=\"https:\/\/www.krafthand.de\/truck\/artikel\/knecht-filter-fuer-nfz-werden-ab-jetzt-unter-der-marke-mahle-verkauft-34889\/\" \/>\n<meta property=\"og:locale\" content=\"de_DE\" \/>\n<meta property=\"og:type\" content=\"article\" \/>\n<meta property=\"og:title\" content=\"KNECHT-Filter f\u00fcr Nfz werden ab jetzt unter der Marke MAHLE verkauft. - Krafthand-Truck\" \/>\n<meta property=\"og:description\" content=\"Das Filtersortiment f\u00fcr Nutzfahrzeuge von Mahle wurde bislang parallel unter den Marken MAHLE und der Vertriebsmarke KNECHT angeboten.\" \/>\n<meta property=\"og:url\" content=\"https:\/\/www.krafthand-truck.de\/artikel\/knecht-filter-fuer-nfz-werden-ab-jetzt-unter-der-marke-mahle-verkauft-34889\/\" \/>\n<meta property=\"og:site_name\" content=\"Krafthand-Truck\" \/>\n<meta property=\"article:published_time\" content=\"2023-01-17T11:08:46+00:00\" \/>\n<meta property=\"og:image\" content=\"https:\/\/static.krafthand-truck.de\/uploads\/2023\/01\/Mahle_Knecht_Filter_Lkw.jpg\" \/>\n\t<meta property=\"og:image:width\" content=\"1200\" \/>\n\t<meta property=\"og:image:height\" content=\"617\" \/>\n\t<meta property=\"og:image:type\" content=\"image\/jpeg\" \/>\n<meta name=\"author\" content=\"georg.blenk@krafthand-medien.de\" \/>\n<meta name=\"twitter:card\" content=\"summary_large_image\" \/>\n<meta name=\"twitter:label1\" content=\"Verfasst von\" \/>\n\t<meta name=\"twitter:data1\" content=\"georg.blenk@krafthand-medien.de\" \/>\n\t<meta name=\"twitter:label2\" content=\"Gesch\u00e4tzte Lesezeit\" \/>\n\t<meta name=\"twitter:data2\" content=\"1\u00a0Minute\" \/>\n<script type=\"application\/ld+json\" class=\"yoast-schema-graph\">{\"@context\":\"https:\\\/\\\/schema.org\",\"@graph\":[{\"@type\":\"Article\",\"@id\":\"https:\\\/\\\/www.krafthand.de\\\/truck\\\/artikel\\\/knecht-filter-fuer-nfz-werden-ab-jetzt-unter-der-marke-mahle-verkauft-34889\\\/#article\",\"isPartOf\":{\"@id\":\"https:\\\/\\\/www.krafthand.de\\\/truck\\\/artikel\\\/knecht-filter-fuer-nfz-werden-ab-jetzt-unter-der-marke-mahle-verkauft-34889\\\/\"},\"author\":{\"name\":\"georg.blenk@krafthand-medien.de\",\"@id\":\"https:\\\/\\\/www.krafthand.de\\\/truck\\\/#\\\/schema\\\/person\\\/51fa80b1c57034c4bf63f9f988fc24ce\"},\"headline\":\"KNECHT-Filter f\u00fcr Nfz werden ab jetzt unter der Marke MAHLE verkauft.\",\"datePublished\":\"2023-01-17T11:08:46+00:00\",\"mainEntityOfPage\":{\"@id\":\"https:\\\/\\\/www.krafthand.de\\\/truck\\\/artikel\\\/knecht-filter-fuer-nfz-werden-ab-jetzt-unter-der-marke-mahle-verkauft-34889\\\/\"},\"wordCount\":108,\"image\":{\"@id\":\"https:\\\/\\\/www.krafthand.de\\\/truck\\\/artikel\\\/knecht-filter-fuer-nfz-werden-ab-jetzt-unter-der-marke-mahle-verkauft-34889\\\/#primaryimage\"},\"thumbnailUrl\":\"https:\\\/\\\/static.krafthand-truck.de\\\/uploads\\\/2023\\\/01\\\/Mahle_Knecht_Filter_Lkw.jpg\",\"keywords\":[\"Filter\",\"Knecht\",\"Mahle\"],\"articleSection\":[\"Ersatzteile\\\/Zubeh\u00f6r\"],\"inLanguage\":\"de\"},{\"@type\":\"WebPage\",\"@id\":\"https:\\\/\\\/www.krafthand.de\\\/truck\\\/artikel\\\/knecht-filter-fuer-nfz-werden-ab-jetzt-unter-der-marke-mahle-verkauft-34889\\\/\",\"url\":\"https:\\\/\\\/www.krafthand.de\\\/truck\\\/artikel\\\/knecht-filter-fuer-nfz-werden-ab-jetzt-unter-der-marke-mahle-verkauft-34889\\\/\",\"name\":\"KNECHT-Filter f\u00fcr Nfz werden ab jetzt unter der Marke MAHLE verkauft. - Krafthand-Truck\",\"isPartOf\":{\"@id\":\"https:\\\/\\\/www.krafthand.de\\\/truck\\\/#website\"},\"primaryImageOfPage\":{\"@id\":\"https:\\\/\\\/www.krafthand.de\\\/truck\\\/artikel\\\/knecht-filter-fuer-nfz-werden-ab-jetzt-unter-der-marke-mahle-verkauft-34889\\\/#primaryimage\"},\"image\":{\"@id\":\"https:\\\/\\\/www.krafthand.de\\\/truck\\\/artikel\\\/knecht-filter-fuer-nfz-werden-ab-jetzt-unter-der-marke-mahle-verkauft-34889\\\/#primaryimage\"},\"thumbnailUrl\":\"https:\\\/\\\/static.krafthand-truck.de\\\/uploads\\\/2023\\\/01\\\/Mahle_Knecht_Filter_Lkw.jpg\",\"datePublished\":\"2023-01-17T11:08:46+00:00\",\"author\":{\"@id\":\"https:\\\/\\\/www.krafthand.de\\\/truck\\\/#\\\/schema\\\/person\\\/51fa80b1c57034c4bf63f9f988fc24ce\"},\"description\":\"Das Filtersortiment f\u00fcr Nutzfahrzeuge von Mahle wurde bislang parallel unter den Marken MAHLE und der Vertriebsmarke KNECHT angeboten.\",\"breadcrumb\":{\"@id\":\"https:\\\/\\\/www.krafthand.de\\\/truck\\\/artikel\\\/knecht-filter-fuer-nfz-werden-ab-jetzt-unter-der-marke-mahle-verkauft-34889\\\/#breadcrumb\"},\"inLanguage\":\"de\",\"potentialAction\":[{\"@type\":\"ReadAction\",\"target\":[\"https:\\\/\\\/www.krafthand.de\\\/truck\\\/artikel\\\/knecht-filter-fuer-nfz-werden-ab-jetzt-unter-der-marke-mahle-verkauft-34889\\\/\"]}]},{\"@type\":\"ImageObject\",\"inLanguage\":\"de\",\"@id\":\"https:\\\/\\\/www.krafthand.de\\\/truck\\\/artikel\\\/knecht-filter-fuer-nfz-werden-ab-jetzt-unter-der-marke-mahle-verkauft-34889\\\/#primaryimage\",\"url\":\"https:\\\/\\\/static.krafthand-truck.de\\\/uploads\\\/2023\\\/01\\\/Mahle_Knecht_Filter_Lkw.jpg\",\"contentUrl\":\"https:\\\/\\\/static.krafthand-truck.de\\\/uploads\\\/2023\\\/01\\\/Mahle_Knecht_Filter_Lkw.jpg\",\"width\":1200,\"height\":617},{\"@type\":\"BreadcrumbList\",\"@id\":\"https:\\\/\\\/www.krafthand.de\\\/truck\\\/artikel\\\/knecht-filter-fuer-nfz-werden-ab-jetzt-unter-der-marke-mahle-verkauft-34889\\\/#breadcrumb\",\"itemListElement\":[{\"@type\":\"ListItem\",\"position\":1,\"name\":\"Krafthand-Truck\",\"item\":\"https:\\\/\\\/www.krafthand.de\\\/truck\\\/\"},{\"@type\":\"ListItem\",\"position\":2,\"name\":\"Nfz-Service\",\"item\":\"https:\\\/\\\/www.krafthand.de\\\/truck\\\/kategorie\\\/nfz-service\\\/\"},{\"@type\":\"ListItem\",\"position\":3,\"name\":\"Ersatzteile\\\/Zubeh\u00f6r\",\"item\":\"https:\\\/\\\/www.krafthand.de\\\/truck\\\/kategorie\\\/nfz-service\\\/ersatzteile-zubehoer\\\/\"},{\"@type\":\"ListItem\",\"position\":4,\"name\":\"KNECHT-Filter f\u00fcr Nfz werden ab jetzt unter der Marke MAHLE verkauft.\"}]},{\"@type\":\"WebSite\",\"@id\":\"https:\\\/\\\/www.krafthand.de\\\/truck\\\/#website\",\"url\":\"https:\\\/\\\/www.krafthand.de\\\/truck\\\/\",\"name\":\"Krafthand-Truck\",\"description\":\"\",\"potentialAction\":[{\"@type\":\"SearchAction\",\"target\":{\"@type\":\"EntryPoint\",\"urlTemplate\":\"https:\\\/\\\/www.krafthand.de\\\/truck\\\/?s={search_term_string}\"},\"query-input\":{\"@type\":\"PropertyValueSpecification\",\"valueRequired\":true,\"valueName\":\"search_term_string\"}}],\"inLanguage\":\"de\"},{\"@type\":\"Person\",\"@id\":\"https:\\\/\\\/www.krafthand.de\\\/truck\\\/#\\\/schema\\\/person\\\/51fa80b1c57034c4bf63f9f988fc24ce\",\"name\":\"georg.blenk@krafthand-medien.de\",\"image\":{\"@type\":\"ImageObject\",\"inLanguage\":\"de\",\"@id\":\"https:\\\/\\\/secure.gravatar.com\\\/avatar\\\/93713c30affe0aa95d3a4130e499bb1abee2eb31adbdd9ce2aa1543538490215?s=96&d=mm&r=g\",\"url\":\"https:\\\/\\\/secure.gravatar.com\\\/avatar\\\/93713c30affe0aa95d3a4130e499bb1abee2eb31adbdd9ce2aa1543538490215?s=96&d=mm&r=g\",\"contentUrl\":\"https:\\\/\\\/secure.gravatar.com\\\/avatar\\\/93713c30affe0aa95d3a4130e499bb1abee2eb31adbdd9ce2aa1543538490215?s=96&d=mm&r=g\",\"caption\":\"georg.blenk@krafthand-medien.de\"}}]}<\/script>\n<!-- \/ Yoast SEO plugin. -->","yoast_head_json":{"title":"KNECHT-Filter f\u00fcr Nfz werden ab jetzt unter der Marke MAHLE verkauft. - Krafthand-Truck","description":"Das Filtersortiment f\u00fcr Nutzfahrzeuge von Mahle wurde bislang parallel unter den Marken MAHLE und der Vertriebsmarke KNECHT angeboten.","robots":{"index":"index","follow":"follow","max-snippet":"max-snippet:-1","max-image-preview":"max-image-preview:large","max-video-preview":"max-video-preview:-1"},"canonical":"https:\/\/www.krafthand.de\/truck\/artikel\/knecht-filter-fuer-nfz-werden-ab-jetzt-unter-der-marke-mahle-verkauft-34889\/","og_locale":"de_DE","og_type":"article","og_title":"KNECHT-Filter f\u00fcr Nfz werden ab jetzt unter der Marke MAHLE verkauft. - Krafthand-Truck","og_description":"Das Filtersortiment f\u00fcr Nutzfahrzeuge von Mahle wurde bislang parallel unter den Marken MAHLE und der Vertriebsmarke KNECHT angeboten.","og_url":"https:\/\/www.krafthand-truck.de\/artikel\/knecht-filter-fuer-nfz-werden-ab-jetzt-unter-der-marke-mahle-verkauft-34889\/","og_site_name":"Krafthand-Truck","article_published_time":"2023-01-17T11:08:46+00:00","og_image":[{"width":1200,"height":617,"url":"https:\/\/static.krafthand-truck.de\/uploads\/2023\/01\/Mahle_Knecht_Filter_Lkw.jpg","type":"image\/jpeg"}],"author":"georg.blenk@krafthand-medien.de","twitter_card":"summary_large_image","twitter_misc":{"Verfasst von":"georg.blenk@krafthand-medien.de","Gesch\u00e4tzte Lesezeit":"1\u00a0Minute"},"schema":{"@context":"https:\/\/schema.org","@graph":[{"@type":"Article","@id":"https:\/\/www.krafthand.de\/truck\/artikel\/knecht-filter-fuer-nfz-werden-ab-jetzt-unter-der-marke-mahle-verkauft-34889\/#article","isPartOf":{"@id":"https:\/\/www.krafthand.de\/truck\/artikel\/knecht-filter-fuer-nfz-werden-ab-jetzt-unter-der-marke-mahle-verkauft-34889\/"},"author":{"name":"georg.blenk@krafthand-medien.de","@id":"https:\/\/www.krafthand.de\/truck\/#\/schema\/person\/51fa80b1c57034c4bf63f9f988fc24ce"},"headline":"KNECHT-Filter f\u00fcr Nfz werden ab jetzt unter der Marke MAHLE verkauft.","datePublished":"2023-01-17T11:08:46+00:00","mainEntityOfPage":{"@id":"https:\/\/www.krafthand.de\/truck\/artikel\/knecht-filter-fuer-nfz-werden-ab-jetzt-unter-der-marke-mahle-verkauft-34889\/"},"wordCount":108,"image":{"@id":"https:\/\/www.krafthand.de\/truck\/artikel\/knecht-filter-fuer-nfz-werden-ab-jetzt-unter-der-marke-mahle-verkauft-34889\/#primaryimage"},"thumbnailUrl":"https:\/\/static.krafthand-truck.de\/uploads\/2023\/01\/Mahle_Knecht_Filter_Lkw.jpg","keywords":["Filter","Knecht","Mahle"],"articleSection":["Ersatzteile\/Zubeh\u00f6r"],"inLanguage":"de"},{"@type":"WebPage","@id":"https:\/\/www.krafthand.de\/truck\/artikel\/knecht-filter-fuer-nfz-werden-ab-jetzt-unter-der-marke-mahle-verkauft-34889\/","url":"https:\/\/www.krafthand.de\/truck\/artikel\/knecht-filter-fuer-nfz-werden-ab-jetzt-unter-der-marke-mahle-verkauft-34889\/","name":"KNECHT-Filter f\u00fcr Nfz werden ab jetzt unter der Marke MAHLE verkauft. - Krafthand-Truck","isPartOf":{"@id":"https:\/\/www.krafthand.de\/truck\/#website"},"primaryImageOfPage":{"@id":"https:\/\/www.krafthand.de\/truck\/artikel\/knecht-filter-fuer-nfz-werden-ab-jetzt-unter-der-marke-mahle-verkauft-34889\/#primaryimage"},"image":{"@id":"https:\/\/www.krafthand.de\/truck\/artikel\/knecht-filter-fuer-nfz-werden-ab-jetzt-unter-der-marke-mahle-verkauft-34889\/#primaryimage"},"thumbnailUrl":"https:\/\/static.krafthand-truck.de\/uploads\/2023\/01\/Mahle_Knecht_Filter_Lkw.jpg","datePublished":"2023-01-17T11:08:46+00:00","author":{"@id":"https:\/\/www.krafthand.de\/truck\/#\/schema\/person\/51fa80b1c57034c4bf63f9f988fc24ce"},"description":"Das Filtersortiment f\u00fcr Nutzfahrzeuge von Mahle wurde bislang parallel unter den Marken MAHLE und der Vertriebsmarke KNECHT angeboten.","breadcrumb":{"@id":"https:\/\/www.krafthand.de\/truck\/artikel\/knecht-filter-fuer-nfz-werden-ab-jetzt-unter-der-marke-mahle-verkauft-34889\/#breadcrumb"},"inLanguage":"de","potentialAction":[{"@type":"ReadAction","target":["https:\/\/www.krafthand.de\/truck\/artikel\/knecht-filter-fuer-nfz-werden-ab-jetzt-unter-der-marke-mahle-verkauft-34889\/"]}]},{"@type":"ImageObject","inLanguage":"de","@id":"https:\/\/www.krafthand.de\/truck\/artikel\/knecht-filter-fuer-nfz-werden-ab-jetzt-unter-der-marke-mahle-verkauft-34889\/#primaryimage","url":"https:\/\/static.krafthand-truck.de\/uploads\/2023\/01\/Mahle_Knecht_Filter_Lkw.jpg","contentUrl":"https:\/\/static.krafthand-truck.de\/uploads\/2023\/01\/Mahle_Knecht_Filter_Lkw.jpg","width":1200,"height":617},{"@type":"BreadcrumbList","@id":"https:\/\/www.krafthand.de\/truck\/artikel\/knecht-filter-fuer-nfz-werden-ab-jetzt-unter-der-marke-mahle-verkauft-34889\/#breadcrumb","itemListElement":[{"@type":"ListItem","position":1,"name":"Krafthand-Truck","item":"https:\/\/www.krafthand.de\/truck\/"},{"@type":"ListItem","position":2,"name":"Nfz-Service","item":"https:\/\/www.krafthand.de\/truck\/kategorie\/nfz-service\/"},{"@type":"ListItem","position":3,"name":"Ersatzteile\/Zubeh\u00f6r","item":"https:\/\/www.krafthand.de\/truck\/kategorie\/nfz-service\/ersatzteile-zubehoer\/"},{"@type":"ListItem","position":4,"name":"KNECHT-Filter f\u00fcr Nfz werden ab jetzt unter der Marke MAHLE verkauft."}]},{"@type":"WebSite","@id":"https:\/\/www.krafthand.de\/truck\/#website","url":"https:\/\/www.krafthand.de\/truck\/","name":"Krafthand-Truck","description":"","potentialAction":[{"@type":"SearchAction","target":{"@type":"EntryPoint","urlTemplate":"https:\/\/www.krafthand.de\/truck\/?s={search_term_string}"},"query-input":{"@type":"PropertyValueSpecification","valueRequired":true,"valueName":"search_term_string"}}],"inLanguage":"de"},{"@type":"Person","@id":"https:\/\/www.krafthand.de\/truck\/#\/schema\/person\/51fa80b1c57034c4bf63f9f988fc24ce","name":"georg.blenk@krafthand-medien.de","image":{"@type":"ImageObject","inLanguage":"de","@id":"https:\/\/secure.gravatar.com\/avatar\/93713c30affe0aa95d3a4130e499bb1abee2eb31adbdd9ce2aa1543538490215?s=96&d=mm&r=g","url":"https:\/\/secure.gravatar.com\/avatar\/93713c30affe0aa95d3a4130e499bb1abee2eb31adbdd9ce2aa1543538490215?s=96&d=mm&r=g","contentUrl":"https:\/\/secure.gravatar.com\/avatar\/93713c30affe0aa95d3a4130e499bb1abee2eb31adbdd9ce2aa1543538490215?s=96&d=mm&r=g","caption":"georg.blenk@krafthand-medien.de"}}]}},"_links":{"self":[{"href":"https:\/\/www.krafthand.de\/truck\/wp-json\/wp\/v2\/posts\/34889","targetHints":{"allow":["GET"]}}],"collection":[{"href":"https:\/\/www.krafthand.de\/truck\/wp-json\/wp\/v2\/posts"}],"about":[{"href":"https:\/\/www.krafthand.de\/truck\/wp-json\/wp\/v2\/types\/post"}],"author":[{"embeddable":true,"href":"https:\/\/www.krafthand.de\/truck\/wp-json\/wp\/v2\/users\/9"}],"replies":[{"embeddable":true,"href":"https:\/\/www.krafthand.de\/truck\/wp-json\/wp\/v2\/comments?post=34889"}],"version-history":[{"count":2,"href":"https:\/\/www.krafthand.de\/truck\/wp-json\/wp\/v2\/posts\/34889\/revisions"}],"predecessor-version":[{"id":34892,"href":"https:\/\/www.krafthand.de\/truck\/wp-json\/wp\/v2\/posts\/34889\/revisions\/34892"}],"wp:featuredmedia":[{"embeddable":true,"href":"https:\/\/www.krafthand.de\/truck\/wp-json\/wp\/v2\/media\/34891"}],"wp:attachment":[{"href":"https:\/\/www.krafthand.de\/truck\/wp-json\/wp\/v2\/media?parent=34889"}],"wp:term":[{"taxonomy":"category","embeddable":true,"href":"https:\/\/www.krafthand.de\/truck\/wp-json\/wp\/v2\/categories?post=34889"},{"taxonomy":"post_tag","embeddable":true,"href":"https:\/\/www.krafthand.de\/truck\/wp-json\/wp\/v2\/tags?post=34889"},{"taxonomy":"settings","embeddable":true,"href":"https:\/\/www.krafthand.de\/truck\/wp-json\/wp\/v2\/settings?post=34889"}],"curies":[{"name":"wp","href":"https:\/\/api.w.org\/{rel}","templated":true}]}}