{"id":34810,"date":"2023-01-09T08:46:30","date_gmt":"2023-01-09T07:46:30","guid":{"rendered":"https:\/\/www.krafthand.de\/truck\/?p=34810"},"modified":"2023-01-09T15:42:47","modified_gmt":"2023-01-09T14:42:47","slug":"die-foerderung-von-klimafreundlichen-nfz-wird-bis-2026-verlaengert","status":"publish","type":"post","link":"https:\/\/www.krafthand.de\/truck\/artikel\/die-foerderung-von-klimafreundlichen-nfz-wird-bis-2026-verlaengert-34810\/","title":{"rendered":"Die F\u00f6rderung von klimafreundlichen Nfz wird bis 2026 verl\u00e4ngert"},"content":{"rendered":"<p>Die Richtlinie \u00fcber die F\u00f6rderung von Nutzfahrzeugen mit alternativen, klimaschonenden Antrieben und dazugeh\u00f6riger Tank- und Ladeinfrastruktur (KsNI-Richtlinie) des Bundesministeriums f\u00fcr Digitales und Verkehr (BMDV) wird nach der erneuten Genehmigung durch die Europ\u00e4ische Kommission in gr\u00f6\u00dferem Umfang fortgesetzt.<\/p>\n<p>Die Laufzeit des F\u00f6rderprogramms wird von Ende 2024 bis zum Ende des Jahres 2026 verl\u00e4ngert. Dadurch soll die Planungssicherheit f\u00fcr Anwender und Hersteller verbessert werden. Zudem wird die Gesamtmittelausstattung der Richtlinie erh\u00f6ht, damit auch k\u00fcnftig die hohe Nachfrage bedient werden kann.<\/p>\n<p>Bereits im zweiten F\u00f6rderaufruf wurden etwa viermal mehr Antr\u00e4ge auf F\u00f6rderung von Fahrzeugen, dazugeh\u00f6riger Infrastruktur und Machbarkeitsstudien eingereicht als im ersten Aufruf. Schlie\u00dflich wird der maximal bewilligungsf\u00e4hige Zuwendungsh\u00f6chstbetrag f\u00fcr Fahrzeuge, Infrastruktur und f\u00fcr Machbarkeitsstudien pro Antragsteller erh\u00f6ht.<\/p>\n<p>Die Richtlinie wurde im Jahr 2021 durch die Europ\u00e4ische Kommission erstmals genehmigt und ver\u00f6ffentlicht. Das BMDV stellt bis zum Jahr 2025 insgesamt rund 1,3 Milliarden Euro f\u00fcr die F\u00f6rderung der Anschaffung klimafreundlicher Nutzfahrzeuge zur Verf\u00fcgung. Zus\u00e4tzlich stehen bis 2025 rund 6,3 Milliarden Euro f\u00fcr den Aufbau oder die Erweiterung von Tank- und Ladeinfrastruktur f\u00fcr Pkw und Lkw bereit.<\/p>\n<p>Weitere Informationen rund um die F\u00f6rderrichtlinie finden Sie hier:\u00a0<a href=\"http:\/\/www.klimafreundliche-nutzfahrzeuge.de\" target=\"_blank\" rel=\"noopener\">www.klimafreundliche-nutzfahrzeuge.de<\/a> oder <a href=\"http:\/\/www.bag.bund.de\/DE\/Foerderprogramme\/KlimaschutzundMobilitaet\/KSNI\/Ksni_node.html\" target=\"_blank\" rel=\"noopener\">hier<\/a>.<\/p>\n","protected":false},"excerpt":{"rendered":"<p>Die Richtlinie \u00fcber die F\u00f6rderung von Nutzfahrzeugen mit alternativen, klimaschonenden Antrieben und dazugeh\u00f6riger Tank- und Ladeinfrastruktur (KsNI-Richtlinie) des Bundesministeriums f\u00fcr Digitales und Verkehr (BMDV) wird nach der erneuten Genehmigung durch die Europ\u00e4ische Kommission in gr\u00f6\u00dferem Umfang fortgesetzt. <span class=\"excerpt-more__dots\">&#8230;<\/span> <a class=\"excerpt-more__link\" href=\"https:\/\/www.krafthand.de\/truck\/artikel\/die-foerderung-von-klimafreundlichen-nfz-wird-bis-2026-verlaengert-34810\/\" >weiter<\/a><\/p>\n","protected":false},"author":9,"featured_media":34813,"comment_status":"closed","ping_status":"closed","sticky":false,"template":"","format":"standard","meta":{"footnotes":""},"categories":[5,4245],"tags":[5017,4308],"settings":[3524,4766,3523],"class_list":["post-34810","post","type-post","status-publish","format-standard","has-post-thumbnail","hentry","category-branche","category-verbaende","tag-bmdv","tag-foerderung"],"yoast_head":"<!-- This site is optimized with the Yoast SEO plugin v27.3 - https:\/\/yoast.com\/product\/yoast-seo-wordpress\/ -->\n<title>Die F\u00f6rderung von klimafreundlichen Nfz wird bis 2026 verl\u00e4ngert - Krafthand-Truck<\/title>\n<meta name=\"description\" content=\"Die Richtlinie \u00fcber die F\u00f6rderung von Nutzfahrzeugen mit alternativen, klimaschonenden Antrieben wird in gr\u00f6\u00dferem Umfang fortgesetzt.\" \/>\n<meta name=\"robots\" content=\"index, follow, max-snippet:-1, max-image-preview:large, max-video-preview:-1\" \/>\n<link rel=\"canonical\" href=\"https:\/\/www.krafthand.de\/truck\/artikel\/die-foerderung-von-klimafreundlichen-nfz-wird-bis-2026-verlaengert-34810\/\" \/>\n<meta property=\"og:locale\" content=\"de_DE\" \/>\n<meta property=\"og:type\" content=\"article\" \/>\n<meta property=\"og:title\" content=\"Die F\u00f6rderung von klimafreundlichen Nfz wird bis 2026 verl\u00e4ngert - Krafthand-Truck\" \/>\n<meta property=\"og:description\" content=\"Die Richtlinie \u00fcber die F\u00f6rderung von Nutzfahrzeugen mit alternativen, klimaschonenden Antrieben wird in gr\u00f6\u00dferem Umfang fortgesetzt.\" \/>\n<meta property=\"og:url\" content=\"https:\/\/www.krafthand-truck.de\/artikel\/die-foerderung-von-klimafreundlichen-nfz-wird-bis-2026-verlaengert-34810\/\" \/>\n<meta property=\"og:site_name\" content=\"Krafthand-Truck\" \/>\n<meta property=\"article:published_time\" content=\"2023-01-09T07:46:30+00:00\" \/>\n<meta property=\"article:modified_time\" content=\"2023-01-09T14:42:47+00:00\" \/>\n<meta property=\"og:image\" content=\"https:\/\/static.krafthand-truck.de\/uploads\/2023\/01\/Foerderung_Nfz_Klimafreundlich.jpg\" \/>\n\t<meta property=\"og:image:width\" content=\"1200\" \/>\n\t<meta property=\"og:image:height\" content=\"675\" \/>\n\t<meta property=\"og:image:type\" content=\"image\/jpeg\" \/>\n<meta name=\"author\" content=\"georg.blenk@krafthand-medien.de\" \/>\n<meta name=\"twitter:card\" content=\"summary_large_image\" \/>\n<meta name=\"twitter:label1\" content=\"Verfasst von\" \/>\n\t<meta name=\"twitter:data1\" content=\"georg.blenk@krafthand-medien.de\" \/>\n\t<meta name=\"twitter:label2\" content=\"Gesch\u00e4tzte Lesezeit\" \/>\n\t<meta name=\"twitter:data2\" content=\"2\u00a0Minuten\" \/>\n<script type=\"application\/ld+json\" class=\"yoast-schema-graph\">{\"@context\":\"https:\\\/\\\/schema.org\",\"@graph\":[{\"@type\":\"Article\",\"@id\":\"https:\\\/\\\/www.krafthand.de\\\/truck\\\/artikel\\\/die-foerderung-von-klimafreundlichen-nfz-wird-bis-2026-verlaengert-34810\\\/#article\",\"isPartOf\":{\"@id\":\"https:\\\/\\\/www.krafthand.de\\\/truck\\\/artikel\\\/die-foerderung-von-klimafreundlichen-nfz-wird-bis-2026-verlaengert-34810\\\/\"},\"author\":{\"name\":\"georg.blenk@krafthand-medien.de\",\"@id\":\"https:\\\/\\\/www.krafthand.de\\\/truck\\\/#\\\/schema\\\/person\\\/51fa80b1c57034c4bf63f9f988fc24ce\"},\"headline\":\"Die F\u00f6rderung von klimafreundlichen Nfz wird bis 2026 verl\u00e4ngert\",\"datePublished\":\"2023-01-09T07:46:30+00:00\",\"dateModified\":\"2023-01-09T14:42:47+00:00\",\"mainEntityOfPage\":{\"@id\":\"https:\\\/\\\/www.krafthand.de\\\/truck\\\/artikel\\\/die-foerderung-von-klimafreundlichen-nfz-wird-bis-2026-verlaengert-34810\\\/\"},\"wordCount\":219,\"image\":{\"@id\":\"https:\\\/\\\/www.krafthand.de\\\/truck\\\/artikel\\\/die-foerderung-von-klimafreundlichen-nfz-wird-bis-2026-verlaengert-34810\\\/#primaryimage\"},\"thumbnailUrl\":\"https:\\\/\\\/static.krafthand-truck.de\\\/uploads\\\/2023\\\/01\\\/Foerderung_Nfz_Klimafreundlich.jpg\",\"keywords\":[\"BMDV\",\"F\u00f6rderung\"],\"articleSection\":[\"Nfz-Branche\",\"Verb\u00e4nde\\\/Politik\\\/Recht\"],\"inLanguage\":\"de\"},{\"@type\":\"WebPage\",\"@id\":\"https:\\\/\\\/www.krafthand.de\\\/truck\\\/artikel\\\/die-foerderung-von-klimafreundlichen-nfz-wird-bis-2026-verlaengert-34810\\\/\",\"url\":\"https:\\\/\\\/www.krafthand.de\\\/truck\\\/artikel\\\/die-foerderung-von-klimafreundlichen-nfz-wird-bis-2026-verlaengert-34810\\\/\",\"name\":\"Die F\u00f6rderung von klimafreundlichen Nfz wird bis 2026 verl\u00e4ngert - Krafthand-Truck\",\"isPartOf\":{\"@id\":\"https:\\\/\\\/www.krafthand.de\\\/truck\\\/#website\"},\"primaryImageOfPage\":{\"@id\":\"https:\\\/\\\/www.krafthand.de\\\/truck\\\/artikel\\\/die-foerderung-von-klimafreundlichen-nfz-wird-bis-2026-verlaengert-34810\\\/#primaryimage\"},\"image\":{\"@id\":\"https:\\\/\\\/www.krafthand.de\\\/truck\\\/artikel\\\/die-foerderung-von-klimafreundlichen-nfz-wird-bis-2026-verlaengert-34810\\\/#primaryimage\"},\"thumbnailUrl\":\"https:\\\/\\\/static.krafthand-truck.de\\\/uploads\\\/2023\\\/01\\\/Foerderung_Nfz_Klimafreundlich.jpg\",\"datePublished\":\"2023-01-09T07:46:30+00:00\",\"dateModified\":\"2023-01-09T14:42:47+00:00\",\"author\":{\"@id\":\"https:\\\/\\\/www.krafthand.de\\\/truck\\\/#\\\/schema\\\/person\\\/51fa80b1c57034c4bf63f9f988fc24ce\"},\"description\":\"Die Richtlinie \u00fcber die F\u00f6rderung von Nutzfahrzeugen mit alternativen, klimaschonenden Antrieben wird in gr\u00f6\u00dferem Umfang fortgesetzt.\",\"breadcrumb\":{\"@id\":\"https:\\\/\\\/www.krafthand.de\\\/truck\\\/artikel\\\/die-foerderung-von-klimafreundlichen-nfz-wird-bis-2026-verlaengert-34810\\\/#breadcrumb\"},\"inLanguage\":\"de\",\"potentialAction\":[{\"@type\":\"ReadAction\",\"target\":[\"https:\\\/\\\/www.krafthand.de\\\/truck\\\/artikel\\\/die-foerderung-von-klimafreundlichen-nfz-wird-bis-2026-verlaengert-34810\\\/\"]}]},{\"@type\":\"ImageObject\",\"inLanguage\":\"de\",\"@id\":\"https:\\\/\\\/www.krafthand.de\\\/truck\\\/artikel\\\/die-foerderung-von-klimafreundlichen-nfz-wird-bis-2026-verlaengert-34810\\\/#primaryimage\",\"url\":\"https:\\\/\\\/static.krafthand-truck.de\\\/uploads\\\/2023\\\/01\\\/Foerderung_Nfz_Klimafreundlich.jpg\",\"contentUrl\":\"https:\\\/\\\/static.krafthand-truck.de\\\/uploads\\\/2023\\\/01\\\/Foerderung_Nfz_Klimafreundlich.jpg\",\"width\":1200,\"height\":675},{\"@type\":\"BreadcrumbList\",\"@id\":\"https:\\\/\\\/www.krafthand.de\\\/truck\\\/artikel\\\/die-foerderung-von-klimafreundlichen-nfz-wird-bis-2026-verlaengert-34810\\\/#breadcrumb\",\"itemListElement\":[{\"@type\":\"ListItem\",\"position\":1,\"name\":\"Krafthand-Truck\",\"item\":\"https:\\\/\\\/www.krafthand.de\\\/truck\\\/\"},{\"@type\":\"ListItem\",\"position\":2,\"name\":\"Nfz-Branche\",\"item\":\"https:\\\/\\\/www.krafthand.de\\\/truck\\\/kategorie\\\/branche\\\/\"},{\"@type\":\"ListItem\",\"position\":3,\"name\":\"Die F\u00f6rderung von klimafreundlichen Nfz wird bis 2026 verl\u00e4ngert\"}]},{\"@type\":\"WebSite\",\"@id\":\"https:\\\/\\\/www.krafthand.de\\\/truck\\\/#website\",\"url\":\"https:\\\/\\\/www.krafthand.de\\\/truck\\\/\",\"name\":\"Krafthand-Truck\",\"description\":\"\",\"potentialAction\":[{\"@type\":\"SearchAction\",\"target\":{\"@type\":\"EntryPoint\",\"urlTemplate\":\"https:\\\/\\\/www.krafthand.de\\\/truck\\\/?s={search_term_string}\"},\"query-input\":{\"@type\":\"PropertyValueSpecification\",\"valueRequired\":true,\"valueName\":\"search_term_string\"}}],\"inLanguage\":\"de\"},{\"@type\":\"Person\",\"@id\":\"https:\\\/\\\/www.krafthand.de\\\/truck\\\/#\\\/schema\\\/person\\\/51fa80b1c57034c4bf63f9f988fc24ce\",\"name\":\"georg.blenk@krafthand-medien.de\",\"image\":{\"@type\":\"ImageObject\",\"inLanguage\":\"de\",\"@id\":\"https:\\\/\\\/secure.gravatar.com\\\/avatar\\\/93713c30affe0aa95d3a4130e499bb1abee2eb31adbdd9ce2aa1543538490215?s=96&d=mm&r=g\",\"url\":\"https:\\\/\\\/secure.gravatar.com\\\/avatar\\\/93713c30affe0aa95d3a4130e499bb1abee2eb31adbdd9ce2aa1543538490215?s=96&d=mm&r=g\",\"contentUrl\":\"https:\\\/\\\/secure.gravatar.com\\\/avatar\\\/93713c30affe0aa95d3a4130e499bb1abee2eb31adbdd9ce2aa1543538490215?s=96&d=mm&r=g\",\"caption\":\"georg.blenk@krafthand-medien.de\"}}]}<\/script>\n<!-- \/ Yoast SEO plugin. -->","yoast_head_json":{"title":"Die F\u00f6rderung von klimafreundlichen Nfz wird bis 2026 verl\u00e4ngert - Krafthand-Truck","description":"Die Richtlinie \u00fcber die F\u00f6rderung von Nutzfahrzeugen mit alternativen, klimaschonenden Antrieben wird in gr\u00f6\u00dferem Umfang fortgesetzt.","robots":{"index":"index","follow":"follow","max-snippet":"max-snippet:-1","max-image-preview":"max-image-preview:large","max-video-preview":"max-video-preview:-1"},"canonical":"https:\/\/www.krafthand.de\/truck\/artikel\/die-foerderung-von-klimafreundlichen-nfz-wird-bis-2026-verlaengert-34810\/","og_locale":"de_DE","og_type":"article","og_title":"Die F\u00f6rderung von klimafreundlichen Nfz wird bis 2026 verl\u00e4ngert - Krafthand-Truck","og_description":"Die Richtlinie \u00fcber die F\u00f6rderung von Nutzfahrzeugen mit alternativen, klimaschonenden Antrieben wird in gr\u00f6\u00dferem Umfang fortgesetzt.","og_url":"https:\/\/www.krafthand-truck.de\/artikel\/die-foerderung-von-klimafreundlichen-nfz-wird-bis-2026-verlaengert-34810\/","og_site_name":"Krafthand-Truck","article_published_time":"2023-01-09T07:46:30+00:00","article_modified_time":"2023-01-09T14:42:47+00:00","og_image":[{"width":1200,"height":675,"url":"https:\/\/static.krafthand-truck.de\/uploads\/2023\/01\/Foerderung_Nfz_Klimafreundlich.jpg","type":"image\/jpeg"}],"author":"georg.blenk@krafthand-medien.de","twitter_card":"summary_large_image","twitter_misc":{"Verfasst von":"georg.blenk@krafthand-medien.de","Gesch\u00e4tzte Lesezeit":"2\u00a0Minuten"},"schema":{"@context":"https:\/\/schema.org","@graph":[{"@type":"Article","@id":"https:\/\/www.krafthand.de\/truck\/artikel\/die-foerderung-von-klimafreundlichen-nfz-wird-bis-2026-verlaengert-34810\/#article","isPartOf":{"@id":"https:\/\/www.krafthand.de\/truck\/artikel\/die-foerderung-von-klimafreundlichen-nfz-wird-bis-2026-verlaengert-34810\/"},"author":{"name":"georg.blenk@krafthand-medien.de","@id":"https:\/\/www.krafthand.de\/truck\/#\/schema\/person\/51fa80b1c57034c4bf63f9f988fc24ce"},"headline":"Die F\u00f6rderung von klimafreundlichen Nfz wird bis 2026 verl\u00e4ngert","datePublished":"2023-01-09T07:46:30+00:00","dateModified":"2023-01-09T14:42:47+00:00","mainEntityOfPage":{"@id":"https:\/\/www.krafthand.de\/truck\/artikel\/die-foerderung-von-klimafreundlichen-nfz-wird-bis-2026-verlaengert-34810\/"},"wordCount":219,"image":{"@id":"https:\/\/www.krafthand.de\/truck\/artikel\/die-foerderung-von-klimafreundlichen-nfz-wird-bis-2026-verlaengert-34810\/#primaryimage"},"thumbnailUrl":"https:\/\/static.krafthand-truck.de\/uploads\/2023\/01\/Foerderung_Nfz_Klimafreundlich.jpg","keywords":["BMDV","F\u00f6rderung"],"articleSection":["Nfz-Branche","Verb\u00e4nde\/Politik\/Recht"],"inLanguage":"de"},{"@type":"WebPage","@id":"https:\/\/www.krafthand.de\/truck\/artikel\/die-foerderung-von-klimafreundlichen-nfz-wird-bis-2026-verlaengert-34810\/","url":"https:\/\/www.krafthand.de\/truck\/artikel\/die-foerderung-von-klimafreundlichen-nfz-wird-bis-2026-verlaengert-34810\/","name":"Die F\u00f6rderung von klimafreundlichen Nfz wird bis 2026 verl\u00e4ngert - Krafthand-Truck","isPartOf":{"@id":"https:\/\/www.krafthand.de\/truck\/#website"},"primaryImageOfPage":{"@id":"https:\/\/www.krafthand.de\/truck\/artikel\/die-foerderung-von-klimafreundlichen-nfz-wird-bis-2026-verlaengert-34810\/#primaryimage"},"image":{"@id":"https:\/\/www.krafthand.de\/truck\/artikel\/die-foerderung-von-klimafreundlichen-nfz-wird-bis-2026-verlaengert-34810\/#primaryimage"},"thumbnailUrl":"https:\/\/static.krafthand-truck.de\/uploads\/2023\/01\/Foerderung_Nfz_Klimafreundlich.jpg","datePublished":"2023-01-09T07:46:30+00:00","dateModified":"2023-01-09T14:42:47+00:00","author":{"@id":"https:\/\/www.krafthand.de\/truck\/#\/schema\/person\/51fa80b1c57034c4bf63f9f988fc24ce"},"description":"Die Richtlinie \u00fcber die F\u00f6rderung von Nutzfahrzeugen mit alternativen, klimaschonenden Antrieben wird in gr\u00f6\u00dferem Umfang fortgesetzt.","breadcrumb":{"@id":"https:\/\/www.krafthand.de\/truck\/artikel\/die-foerderung-von-klimafreundlichen-nfz-wird-bis-2026-verlaengert-34810\/#breadcrumb"},"inLanguage":"de","potentialAction":[{"@type":"ReadAction","target":["https:\/\/www.krafthand.de\/truck\/artikel\/die-foerderung-von-klimafreundlichen-nfz-wird-bis-2026-verlaengert-34810\/"]}]},{"@type":"ImageObject","inLanguage":"de","@id":"https:\/\/www.krafthand.de\/truck\/artikel\/die-foerderung-von-klimafreundlichen-nfz-wird-bis-2026-verlaengert-34810\/#primaryimage","url":"https:\/\/static.krafthand-truck.de\/uploads\/2023\/01\/Foerderung_Nfz_Klimafreundlich.jpg","contentUrl":"https:\/\/static.krafthand-truck.de\/uploads\/2023\/01\/Foerderung_Nfz_Klimafreundlich.jpg","width":1200,"height":675},{"@type":"BreadcrumbList","@id":"https:\/\/www.krafthand.de\/truck\/artikel\/die-foerderung-von-klimafreundlichen-nfz-wird-bis-2026-verlaengert-34810\/#breadcrumb","itemListElement":[{"@type":"ListItem","position":1,"name":"Krafthand-Truck","item":"https:\/\/www.krafthand.de\/truck\/"},{"@type":"ListItem","position":2,"name":"Nfz-Branche","item":"https:\/\/www.krafthand.de\/truck\/kategorie\/branche\/"},{"@type":"ListItem","position":3,"name":"Die F\u00f6rderung von klimafreundlichen Nfz wird bis 2026 verl\u00e4ngert"}]},{"@type":"WebSite","@id":"https:\/\/www.krafthand.de\/truck\/#website","url":"https:\/\/www.krafthand.de\/truck\/","name":"Krafthand-Truck","description":"","potentialAction":[{"@type":"SearchAction","target":{"@type":"EntryPoint","urlTemplate":"https:\/\/www.krafthand.de\/truck\/?s={search_term_string}"},"query-input":{"@type":"PropertyValueSpecification","valueRequired":true,"valueName":"search_term_string"}}],"inLanguage":"de"},{"@type":"Person","@id":"https:\/\/www.krafthand.de\/truck\/#\/schema\/person\/51fa80b1c57034c4bf63f9f988fc24ce","name":"georg.blenk@krafthand-medien.de","image":{"@type":"ImageObject","inLanguage":"de","@id":"https:\/\/secure.gravatar.com\/avatar\/93713c30affe0aa95d3a4130e499bb1abee2eb31adbdd9ce2aa1543538490215?s=96&d=mm&r=g","url":"https:\/\/secure.gravatar.com\/avatar\/93713c30affe0aa95d3a4130e499bb1abee2eb31adbdd9ce2aa1543538490215?s=96&d=mm&r=g","contentUrl":"https:\/\/secure.gravatar.com\/avatar\/93713c30affe0aa95d3a4130e499bb1abee2eb31adbdd9ce2aa1543538490215?s=96&d=mm&r=g","caption":"georg.blenk@krafthand-medien.de"}}]}},"_links":{"self":[{"href":"https:\/\/www.krafthand.de\/truck\/wp-json\/wp\/v2\/posts\/34810","targetHints":{"allow":["GET"]}}],"collection":[{"href":"https:\/\/www.krafthand.de\/truck\/wp-json\/wp\/v2\/posts"}],"about":[{"href":"https:\/\/www.krafthand.de\/truck\/wp-json\/wp\/v2\/types\/post"}],"author":[{"embeddable":true,"href":"https:\/\/www.krafthand.de\/truck\/wp-json\/wp\/v2\/users\/9"}],"replies":[{"embeddable":true,"href":"https:\/\/www.krafthand.de\/truck\/wp-json\/wp\/v2\/comments?post=34810"}],"version-history":[{"count":4,"href":"https:\/\/www.krafthand.de\/truck\/wp-json\/wp\/v2\/posts\/34810\/revisions"}],"predecessor-version":[{"id":34816,"href":"https:\/\/www.krafthand.de\/truck\/wp-json\/wp\/v2\/posts\/34810\/revisions\/34816"}],"wp:featuredmedia":[{"embeddable":true,"href":"https:\/\/www.krafthand.de\/truck\/wp-json\/wp\/v2\/media\/34813"}],"wp:attachment":[{"href":"https:\/\/www.krafthand.de\/truck\/wp-json\/wp\/v2\/media?parent=34810"}],"wp:term":[{"taxonomy":"category","embeddable":true,"href":"https:\/\/www.krafthand.de\/truck\/wp-json\/wp\/v2\/categories?post=34810"},{"taxonomy":"post_tag","embeddable":true,"href":"https:\/\/www.krafthand.de\/truck\/wp-json\/wp\/v2\/tags?post=34810"},{"taxonomy":"settings","embeddable":true,"href":"https:\/\/www.krafthand.de\/truck\/wp-json\/wp\/v2\/settings?post=34810"}],"curies":[{"name":"wp","href":"https:\/\/api.w.org\/{rel}","templated":true}]}}