{"id":34738,"date":"2022-12-14T16:45:05","date_gmt":"2022-12-14T15:45:05","guid":{"rendered":"https:\/\/www.krafthand.de\/truck\/?p=34738"},"modified":"2025-12-02T11:07:21","modified_gmt":"2025-12-02T10:07:21","slug":"dena-10-punkte-plan-fuer-nachhaltigen-schwerlastverkehr","status":"publish","type":"post","link":"https:\/\/www.krafthand.de\/truck\/artikel\/dena-10-punkte-plan-fuer-nachhaltigen-schwerlastverkehr-34738\/","title":{"rendered":"Dena: 10-Punkte-Plan f\u00fcr nachhaltigen Schwerlastverkehr"},"content":{"rendered":"<p>Bei einem Treffen mit dem Koordinator der Bundesregierung f\u00fcr G\u00fcterverkehr und Logistik, Oliver Luksic, im Bundesministerium f\u00fcr Digitales und Verkehr (BMDV) \u00fcbergab Kristina Haverkamp, Gesch\u00e4ftsf\u00fchrerin der Deutschen Energie-Agentur (<a href=\"https:\/\/www.dena.de\/startseite\/\" target=\"_blank\" rel=\"noopener\">Dena<\/a>), heute den 10-Punkte-Plan der Plattform Nachhaltiger Schwerlastverkehr.<\/p>\n<h3>Technologieoffener Ansatz<\/h3>\n<p>Die Treibhausgasemissionen des Stra\u00dfeng\u00fcterverkehrs steigen kontinuierlich. In ihrem Positionspapier nennt die Plattform Nachhaltiger Schwerlastverkehr 10 Punkte, die adressiert werden sollten, um diesen Trend umzukehren. Zentral ist ein <strong>technologieoffener Ansatz<\/strong>. Laut <strong>10-Punkte-Plan<\/strong> muss das Potenzial s\u00e4mtlicher klimafreundlichen Antriebstechnologien und erneuerbaren Kraftstoffe ausgesch\u00f6pft werden, um die Treibhausgasemissionen im Schwerlastverkehr z\u00fcgig zu senken. Die Partner der Plattform unterstreichen, dass sich mit biogenen und strombasierten Kraftstoffen <strong>kurz- bis mittelfristig sp\u00fcrbare CO2-Einsparungen<\/strong> realisieren lie\u00dfen und pl\u00e4dieren unter anderem f\u00fcr ein Mautsystem ab 2024, das die reale CO2-Intensit\u00e4t (Well-to-Wheel) sowohl von alternativen Antrieben als auch von erneuerbaren Kraftstoffen ber\u00fccksichtigt.<\/p>\n<h3>Tank- und Ladeinfrastruktur<\/h3>\n<p>Ein weiterer zentraler Baustein f\u00fcr einen nachhaltigen Schwerlastverkehr auf der Stra\u00dfe ist ein ehrgeiziger und schneller Aufbau einer Tank- und Ladeinfrastruktur f\u00fcr schwere Nutzfahrzeuge &#8211; insbesondere entlang der Hauptverkehrsrouten der Logistik. Die Partner der Plattform fordern deshalb von der EU ambitionierte Vorgaben zu Leistungsf\u00e4higkeit und Dichte der Infrastruktur in der Verordnung zur Infrastruktur f\u00fcr alternative Kraftstoffe, die gerade in Br\u00fcssel verhandelt wird. Der 10-Punkte-Plan stellt au\u00dferdem fest, dass die Anforderungen an den Infrastrukturausbau f\u00fcr alle verf\u00fcgbaren und zuk\u00fcnftigen Antriebs- und Kraftstoffoptionen besser aufeinander abgestimmt, Genehmigungsprozesse vereinfacht und b\u00fcrokratische H\u00fcrden abgebaut werden m\u00fcssen, damit der Infrastrukturausbau so z\u00fcgig wie erforderlich vorankommt.<\/p>\n<blockquote><p>\u201eOb Batterie, Wasserstoff-Brennstoffzelle, strombasierte oder Biokraftstoffe \u2013 um die CO2-Emissionen im Schwerlastverkehr z\u00fcgig zu senken, m\u00fcssen wir alle Optionen nutzen, sobald sie verf\u00fcgbar sind. Wichtig deshalb: Technologieoffenheit, ein sehr schneller und koordinierter Ausbau der der Betankungs- und Ladeinfrastrukturen sowie \u2013 nicht zuletzt &#8211; Planungs- und Investitionssicherheit f\u00fcr alle diejenigen, die die Wende hin zu einem nachhaltigen Schwerlastverkehr auf der Stra\u00dfe aktiv mitgestalten wollen&#8220;, so Kristina Haverkamp, Gesch\u00e4ftsf\u00fchrerin der Dena.<\/p><\/blockquote>\n<p>Oliver Luksic, parlamentarischer Staatssekret\u00e4r und Koordinator der Bundesregierung f\u00fcr G\u00fcterverkehr und Logistik erg\u00e4nzt: <em>\u201eZur Dekarbonisierung des G\u00fcterverkehrs brauchen wir neben dem Ausbau der Schiene mehr Investitionen in alternative Antriebe, erneuerbare Kraftstoffe und den Infrastrukturausbau f\u00fcr Nutzfahrzeuge. Es ist daher sehr zu begr\u00fc\u00dfen, wenn sich Unternehmen und Verb\u00e4nde aus den unterschiedlichen Branchensektoren in einer Initiative zusammenschlie\u00dfen und die Dekarbonisierung des Schwerlastverkehrs gemeinsam vorantreiben.\u201c<\/em><\/p>\n<div class=\"infobox box-grey\"><\/p>\n<p><strong>Hintergrund: Die Plattform Nachhaltiger Schwerlastverkehr<\/strong><\/p>\n<p>Die <a href=\"https:\/\/plattform-nachhaltiger-schwerlastverkehr.de.\" target=\"_blank\" rel=\"noopener\">Plattform Nachhaltiger Schwerlastverkehr<\/a> ist eine branchen\u00fcbergreifende Allianz f\u00fcr den Schwerlastverkehr auf der Stra\u00dfe, die den Markthochlauf alternativer Antriebs- und Kraftstoffoptionen sowie den Ausbau notwendiger Infrastrukturen technologieoffen vorantreibt. Die von der Deutschen Energie-Agentur (dena) und dem Deutschen Verein des Gas- und Wasserfaches (DVGW) koordinierte Plattform bringt in einem technologieoffenen und ganzheitlichen Ansatz Akteure aus den Bereichen Technologie, Infrastruktur, Kraftstoff, Energie und Fahrzeugindustrie, aus dem Einzelhandel sowie aus der Transport- und Logistikbranche zusammen.<\/p>\n<p><\/div>\n","protected":false},"excerpt":{"rendered":"<p>Bei einem Treffen mit dem Koordinator der Bundesregierung f\u00fcr G\u00fcterverkehr und Logistik, Oliver Luksic, im Bundesministerium f\u00fcr Digitales und Verkehr (BMDV) \u00fcbergab Kristina Haverkamp, Gesch\u00e4ftsf\u00fchrerin der Deutschen Energie-Agentur (dena), heute den 10-Punkte-Plan der Plattform Nachhaltiger Schwerlastverkehr. <span class=\"excerpt-more__dots\">&#8230;<\/span> <a class=\"excerpt-more__link\" href=\"https:\/\/www.krafthand.de\/truck\/artikel\/dena-10-punkte-plan-fuer-nachhaltigen-schwerlastverkehr-34738\/\" >weiter<\/a><\/p>\n","protected":false},"author":9,"featured_media":34740,"comment_status":"closed","ping_status":"closed","sticky":false,"template":"","format":"standard","meta":{"footnotes":""},"categories":[6375,4245],"tags":[5017,5470,5472,5471],"settings":[4766,3523],"class_list":["post-34738","post","type-post","status-publish","format-standard","has-post-thumbnail","hentry","category-lade-tank-infrastruktur","category-verbaende","tag-bmdv","tag-dena","tag-oliver-luksic","tag-plattform-nachhaltiger-strassengueterverkehr"],"yoast_head":"<!-- This site is optimized with the Yoast SEO plugin v27.3 - https:\/\/yoast.com\/product\/yoast-seo-wordpress\/ -->\n<title>Dena: 10-Punkte-Plan f\u00fcr nachhaltigen Schwerlastverkehr - Krafthand-Truck<\/title>\n<meta name=\"robots\" content=\"index, follow, max-snippet:-1, max-image-preview:large, max-video-preview:-1\" \/>\n<link rel=\"canonical\" href=\"https:\/\/www.krafthand.de\/truck\/artikel\/dena-10-punkte-plan-fuer-nachhaltigen-schwerlastverkehr-34738\/\" \/>\n<meta property=\"og:locale\" content=\"de_DE\" \/>\n<meta property=\"og:type\" content=\"article\" \/>\n<meta property=\"og:title\" content=\"Dena: 10-Punkte-Plan f\u00fcr nachhaltigen Schwerlastverkehr - Krafthand-Truck\" \/>\n<meta property=\"og:description\" content=\"Bei einem Treffen mit dem Koordinator der Bundesregierung f\u00fcr G\u00fcterverkehr und Logistik, Oliver Luksic, im Bundesministerium f\u00fcr Digitales und Verkehr (BMDV) \u00fcbergab Kristina Haverkamp, Gesch\u00e4ftsf\u00fchrerin der Deutschen Energie-Agentur (dena), heute den 10-Punkte-Plan der Plattform Nachhaltiger Schwerlastverkehr. ... weiter\" \/>\n<meta property=\"og:url\" content=\"https:\/\/www.krafthand-truck.de\/artikel\/dena-10-punkte-plan-fuer-nachhaltigen-schwerlastverkehr-34738\/\" \/>\n<meta property=\"og:site_name\" content=\"Krafthand-Truck\" \/>\n<meta property=\"article:published_time\" content=\"2022-12-14T15:45:05+00:00\" \/>\n<meta property=\"article:modified_time\" content=\"2025-12-02T10:07:21+00:00\" \/>\n<meta property=\"og:image\" content=\"https:\/\/static.krafthand-truck.de\/uploads\/2022\/12\/Dena_Haverkamp_Luksic.jpg\" \/>\n\t<meta property=\"og:image:width\" content=\"1200\" \/>\n\t<meta property=\"og:image:height\" content=\"800\" \/>\n\t<meta property=\"og:image:type\" content=\"image\/jpeg\" \/>\n<meta name=\"author\" content=\"georg.blenk@krafthand-medien.de\" \/>\n<meta name=\"twitter:card\" content=\"summary_large_image\" \/>\n<meta name=\"twitter:label1\" content=\"Verfasst von\" \/>\n\t<meta name=\"twitter:data1\" content=\"georg.blenk@krafthand-medien.de\" \/>\n\t<meta name=\"twitter:label2\" content=\"Gesch\u00e4tzte Lesezeit\" \/>\n\t<meta name=\"twitter:data2\" content=\"3\u00a0Minuten\" \/>\n<script type=\"application\/ld+json\" class=\"yoast-schema-graph\">{\"@context\":\"https:\\\/\\\/schema.org\",\"@graph\":[{\"@type\":\"Article\",\"@id\":\"https:\\\/\\\/www.krafthand.de\\\/truck\\\/artikel\\\/dena-10-punkte-plan-fuer-nachhaltigen-schwerlastverkehr-34738\\\/#article\",\"isPartOf\":{\"@id\":\"https:\\\/\\\/www.krafthand.de\\\/truck\\\/artikel\\\/dena-10-punkte-plan-fuer-nachhaltigen-schwerlastverkehr-34738\\\/\"},\"author\":{\"name\":\"georg.blenk@krafthand-medien.de\",\"@id\":\"https:\\\/\\\/www.krafthand.de\\\/truck\\\/#\\\/schema\\\/person\\\/51fa80b1c57034c4bf63f9f988fc24ce\"},\"headline\":\"Dena: 10-Punkte-Plan f\u00fcr nachhaltigen Schwerlastverkehr\",\"datePublished\":\"2022-12-14T15:45:05+00:00\",\"dateModified\":\"2025-12-02T10:07:21+00:00\",\"mainEntityOfPage\":{\"@id\":\"https:\\\/\\\/www.krafthand.de\\\/truck\\\/artikel\\\/dena-10-punkte-plan-fuer-nachhaltigen-schwerlastverkehr-34738\\\/\"},\"wordCount\":498,\"image\":{\"@id\":\"https:\\\/\\\/www.krafthand.de\\\/truck\\\/artikel\\\/dena-10-punkte-plan-fuer-nachhaltigen-schwerlastverkehr-34738\\\/#primaryimage\"},\"thumbnailUrl\":\"https:\\\/\\\/static.krafthand-truck.de\\\/uploads\\\/2022\\\/12\\\/Dena_Haverkamp_Luksic.jpg\",\"keywords\":[\"BMDV\",\"Dena\",\"Oliver Luksic\",\"Plattform nachhaltiger Stra\u00dfeng\u00fcterverkehr\"],\"articleSection\":[\"Lade-\\\/Tank-Infrastruktur\",\"Verb\u00e4nde\\\/Politik\\\/Recht\"],\"inLanguage\":\"de\"},{\"@type\":\"WebPage\",\"@id\":\"https:\\\/\\\/www.krafthand.de\\\/truck\\\/artikel\\\/dena-10-punkte-plan-fuer-nachhaltigen-schwerlastverkehr-34738\\\/\",\"url\":\"https:\\\/\\\/www.krafthand.de\\\/truck\\\/artikel\\\/dena-10-punkte-plan-fuer-nachhaltigen-schwerlastverkehr-34738\\\/\",\"name\":\"Dena: 10-Punkte-Plan f\u00fcr nachhaltigen Schwerlastverkehr - Krafthand-Truck\",\"isPartOf\":{\"@id\":\"https:\\\/\\\/www.krafthand.de\\\/truck\\\/#website\"},\"primaryImageOfPage\":{\"@id\":\"https:\\\/\\\/www.krafthand.de\\\/truck\\\/artikel\\\/dena-10-punkte-plan-fuer-nachhaltigen-schwerlastverkehr-34738\\\/#primaryimage\"},\"image\":{\"@id\":\"https:\\\/\\\/www.krafthand.de\\\/truck\\\/artikel\\\/dena-10-punkte-plan-fuer-nachhaltigen-schwerlastverkehr-34738\\\/#primaryimage\"},\"thumbnailUrl\":\"https:\\\/\\\/static.krafthand-truck.de\\\/uploads\\\/2022\\\/12\\\/Dena_Haverkamp_Luksic.jpg\",\"datePublished\":\"2022-12-14T15:45:05+00:00\",\"dateModified\":\"2025-12-02T10:07:21+00:00\",\"author\":{\"@id\":\"https:\\\/\\\/www.krafthand.de\\\/truck\\\/#\\\/schema\\\/person\\\/51fa80b1c57034c4bf63f9f988fc24ce\"},\"breadcrumb\":{\"@id\":\"https:\\\/\\\/www.krafthand.de\\\/truck\\\/artikel\\\/dena-10-punkte-plan-fuer-nachhaltigen-schwerlastverkehr-34738\\\/#breadcrumb\"},\"inLanguage\":\"de\",\"potentialAction\":[{\"@type\":\"ReadAction\",\"target\":[\"https:\\\/\\\/www.krafthand.de\\\/truck\\\/artikel\\\/dena-10-punkte-plan-fuer-nachhaltigen-schwerlastverkehr-34738\\\/\"]}]},{\"@type\":\"ImageObject\",\"inLanguage\":\"de\",\"@id\":\"https:\\\/\\\/www.krafthand.de\\\/truck\\\/artikel\\\/dena-10-punkte-plan-fuer-nachhaltigen-schwerlastverkehr-34738\\\/#primaryimage\",\"url\":\"https:\\\/\\\/static.krafthand-truck.de\\\/uploads\\\/2022\\\/12\\\/Dena_Haverkamp_Luksic.jpg\",\"contentUrl\":\"https:\\\/\\\/static.krafthand-truck.de\\\/uploads\\\/2022\\\/12\\\/Dena_Haverkamp_Luksic.jpg\",\"width\":1200,\"height\":800},{\"@type\":\"BreadcrumbList\",\"@id\":\"https:\\\/\\\/www.krafthand.de\\\/truck\\\/artikel\\\/dena-10-punkte-plan-fuer-nachhaltigen-schwerlastverkehr-34738\\\/#breadcrumb\",\"itemListElement\":[{\"@type\":\"ListItem\",\"position\":1,\"name\":\"Krafthand-Truck\",\"item\":\"https:\\\/\\\/www.krafthand.de\\\/truck\\\/\"},{\"@type\":\"ListItem\",\"position\":2,\"name\":\"Nfz-Branche\",\"item\":\"https:\\\/\\\/www.krafthand.de\\\/truck\\\/kategorie\\\/branche\\\/\"},{\"@type\":\"ListItem\",\"position\":3,\"name\":\"Verb\u00e4nde\\\/Politik\\\/Recht\",\"item\":\"https:\\\/\\\/www.krafthand.de\\\/truck\\\/kategorie\\\/branche\\\/verbaende\\\/\"},{\"@type\":\"ListItem\",\"position\":4,\"name\":\"Dena: 10-Punkte-Plan f\u00fcr nachhaltigen Schwerlastverkehr\"}]},{\"@type\":\"WebSite\",\"@id\":\"https:\\\/\\\/www.krafthand.de\\\/truck\\\/#website\",\"url\":\"https:\\\/\\\/www.krafthand.de\\\/truck\\\/\",\"name\":\"Krafthand-Truck\",\"description\":\"\",\"potentialAction\":[{\"@type\":\"SearchAction\",\"target\":{\"@type\":\"EntryPoint\",\"urlTemplate\":\"https:\\\/\\\/www.krafthand.de\\\/truck\\\/?s={search_term_string}\"},\"query-input\":{\"@type\":\"PropertyValueSpecification\",\"valueRequired\":true,\"valueName\":\"search_term_string\"}}],\"inLanguage\":\"de\"},{\"@type\":\"Person\",\"@id\":\"https:\\\/\\\/www.krafthand.de\\\/truck\\\/#\\\/schema\\\/person\\\/51fa80b1c57034c4bf63f9f988fc24ce\",\"name\":\"georg.blenk@krafthand-medien.de\",\"image\":{\"@type\":\"ImageObject\",\"inLanguage\":\"de\",\"@id\":\"https:\\\/\\\/secure.gravatar.com\\\/avatar\\\/93713c30affe0aa95d3a4130e499bb1abee2eb31adbdd9ce2aa1543538490215?s=96&d=mm&r=g\",\"url\":\"https:\\\/\\\/secure.gravatar.com\\\/avatar\\\/93713c30affe0aa95d3a4130e499bb1abee2eb31adbdd9ce2aa1543538490215?s=96&d=mm&r=g\",\"contentUrl\":\"https:\\\/\\\/secure.gravatar.com\\\/avatar\\\/93713c30affe0aa95d3a4130e499bb1abee2eb31adbdd9ce2aa1543538490215?s=96&d=mm&r=g\",\"caption\":\"georg.blenk@krafthand-medien.de\"}}]}<\/script>\n<!-- \/ Yoast SEO plugin. -->","yoast_head_json":{"title":"Dena: 10-Punkte-Plan f\u00fcr nachhaltigen Schwerlastverkehr - Krafthand-Truck","robots":{"index":"index","follow":"follow","max-snippet":"max-snippet:-1","max-image-preview":"max-image-preview:large","max-video-preview":"max-video-preview:-1"},"canonical":"https:\/\/www.krafthand.de\/truck\/artikel\/dena-10-punkte-plan-fuer-nachhaltigen-schwerlastverkehr-34738\/","og_locale":"de_DE","og_type":"article","og_title":"Dena: 10-Punkte-Plan f\u00fcr nachhaltigen Schwerlastverkehr - Krafthand-Truck","og_description":"Bei einem Treffen mit dem Koordinator der Bundesregierung f\u00fcr G\u00fcterverkehr und Logistik, Oliver Luksic, im Bundesministerium f\u00fcr Digitales und Verkehr (BMDV) \u00fcbergab Kristina Haverkamp, Gesch\u00e4ftsf\u00fchrerin der Deutschen Energie-Agentur (dena), heute den 10-Punkte-Plan der Plattform Nachhaltiger Schwerlastverkehr. ... weiter","og_url":"https:\/\/www.krafthand-truck.de\/artikel\/dena-10-punkte-plan-fuer-nachhaltigen-schwerlastverkehr-34738\/","og_site_name":"Krafthand-Truck","article_published_time":"2022-12-14T15:45:05+00:00","article_modified_time":"2025-12-02T10:07:21+00:00","og_image":[{"width":1200,"height":800,"url":"https:\/\/static.krafthand-truck.de\/uploads\/2022\/12\/Dena_Haverkamp_Luksic.jpg","type":"image\/jpeg"}],"author":"georg.blenk@krafthand-medien.de","twitter_card":"summary_large_image","twitter_misc":{"Verfasst von":"georg.blenk@krafthand-medien.de","Gesch\u00e4tzte Lesezeit":"3\u00a0Minuten"},"schema":{"@context":"https:\/\/schema.org","@graph":[{"@type":"Article","@id":"https:\/\/www.krafthand.de\/truck\/artikel\/dena-10-punkte-plan-fuer-nachhaltigen-schwerlastverkehr-34738\/#article","isPartOf":{"@id":"https:\/\/www.krafthand.de\/truck\/artikel\/dena-10-punkte-plan-fuer-nachhaltigen-schwerlastverkehr-34738\/"},"author":{"name":"georg.blenk@krafthand-medien.de","@id":"https:\/\/www.krafthand.de\/truck\/#\/schema\/person\/51fa80b1c57034c4bf63f9f988fc24ce"},"headline":"Dena: 10-Punkte-Plan f\u00fcr nachhaltigen Schwerlastverkehr","datePublished":"2022-12-14T15:45:05+00:00","dateModified":"2025-12-02T10:07:21+00:00","mainEntityOfPage":{"@id":"https:\/\/www.krafthand.de\/truck\/artikel\/dena-10-punkte-plan-fuer-nachhaltigen-schwerlastverkehr-34738\/"},"wordCount":498,"image":{"@id":"https:\/\/www.krafthand.de\/truck\/artikel\/dena-10-punkte-plan-fuer-nachhaltigen-schwerlastverkehr-34738\/#primaryimage"},"thumbnailUrl":"https:\/\/static.krafthand-truck.de\/uploads\/2022\/12\/Dena_Haverkamp_Luksic.jpg","keywords":["BMDV","Dena","Oliver Luksic","Plattform nachhaltiger Stra\u00dfeng\u00fcterverkehr"],"articleSection":["Lade-\/Tank-Infrastruktur","Verb\u00e4nde\/Politik\/Recht"],"inLanguage":"de"},{"@type":"WebPage","@id":"https:\/\/www.krafthand.de\/truck\/artikel\/dena-10-punkte-plan-fuer-nachhaltigen-schwerlastverkehr-34738\/","url":"https:\/\/www.krafthand.de\/truck\/artikel\/dena-10-punkte-plan-fuer-nachhaltigen-schwerlastverkehr-34738\/","name":"Dena: 10-Punkte-Plan f\u00fcr nachhaltigen Schwerlastverkehr - Krafthand-Truck","isPartOf":{"@id":"https:\/\/www.krafthand.de\/truck\/#website"},"primaryImageOfPage":{"@id":"https:\/\/www.krafthand.de\/truck\/artikel\/dena-10-punkte-plan-fuer-nachhaltigen-schwerlastverkehr-34738\/#primaryimage"},"image":{"@id":"https:\/\/www.krafthand.de\/truck\/artikel\/dena-10-punkte-plan-fuer-nachhaltigen-schwerlastverkehr-34738\/#primaryimage"},"thumbnailUrl":"https:\/\/static.krafthand-truck.de\/uploads\/2022\/12\/Dena_Haverkamp_Luksic.jpg","datePublished":"2022-12-14T15:45:05+00:00","dateModified":"2025-12-02T10:07:21+00:00","author":{"@id":"https:\/\/www.krafthand.de\/truck\/#\/schema\/person\/51fa80b1c57034c4bf63f9f988fc24ce"},"breadcrumb":{"@id":"https:\/\/www.krafthand.de\/truck\/artikel\/dena-10-punkte-plan-fuer-nachhaltigen-schwerlastverkehr-34738\/#breadcrumb"},"inLanguage":"de","potentialAction":[{"@type":"ReadAction","target":["https:\/\/www.krafthand.de\/truck\/artikel\/dena-10-punkte-plan-fuer-nachhaltigen-schwerlastverkehr-34738\/"]}]},{"@type":"ImageObject","inLanguage":"de","@id":"https:\/\/www.krafthand.de\/truck\/artikel\/dena-10-punkte-plan-fuer-nachhaltigen-schwerlastverkehr-34738\/#primaryimage","url":"https:\/\/static.krafthand-truck.de\/uploads\/2022\/12\/Dena_Haverkamp_Luksic.jpg","contentUrl":"https:\/\/static.krafthand-truck.de\/uploads\/2022\/12\/Dena_Haverkamp_Luksic.jpg","width":1200,"height":800},{"@type":"BreadcrumbList","@id":"https:\/\/www.krafthand.de\/truck\/artikel\/dena-10-punkte-plan-fuer-nachhaltigen-schwerlastverkehr-34738\/#breadcrumb","itemListElement":[{"@type":"ListItem","position":1,"name":"Krafthand-Truck","item":"https:\/\/www.krafthand.de\/truck\/"},{"@type":"ListItem","position":2,"name":"Nfz-Branche","item":"https:\/\/www.krafthand.de\/truck\/kategorie\/branche\/"},{"@type":"ListItem","position":3,"name":"Verb\u00e4nde\/Politik\/Recht","item":"https:\/\/www.krafthand.de\/truck\/kategorie\/branche\/verbaende\/"},{"@type":"ListItem","position":4,"name":"Dena: 10-Punkte-Plan f\u00fcr nachhaltigen Schwerlastverkehr"}]},{"@type":"WebSite","@id":"https:\/\/www.krafthand.de\/truck\/#website","url":"https:\/\/www.krafthand.de\/truck\/","name":"Krafthand-Truck","description":"","potentialAction":[{"@type":"SearchAction","target":{"@type":"EntryPoint","urlTemplate":"https:\/\/www.krafthand.de\/truck\/?s={search_term_string}"},"query-input":{"@type":"PropertyValueSpecification","valueRequired":true,"valueName":"search_term_string"}}],"inLanguage":"de"},{"@type":"Person","@id":"https:\/\/www.krafthand.de\/truck\/#\/schema\/person\/51fa80b1c57034c4bf63f9f988fc24ce","name":"georg.blenk@krafthand-medien.de","image":{"@type":"ImageObject","inLanguage":"de","@id":"https:\/\/secure.gravatar.com\/avatar\/93713c30affe0aa95d3a4130e499bb1abee2eb31adbdd9ce2aa1543538490215?s=96&d=mm&r=g","url":"https:\/\/secure.gravatar.com\/avatar\/93713c30affe0aa95d3a4130e499bb1abee2eb31adbdd9ce2aa1543538490215?s=96&d=mm&r=g","contentUrl":"https:\/\/secure.gravatar.com\/avatar\/93713c30affe0aa95d3a4130e499bb1abee2eb31adbdd9ce2aa1543538490215?s=96&d=mm&r=g","caption":"georg.blenk@krafthand-medien.de"}}]}},"_links":{"self":[{"href":"https:\/\/www.krafthand.de\/truck\/wp-json\/wp\/v2\/posts\/34738","targetHints":{"allow":["GET"]}}],"collection":[{"href":"https:\/\/www.krafthand.de\/truck\/wp-json\/wp\/v2\/posts"}],"about":[{"href":"https:\/\/www.krafthand.de\/truck\/wp-json\/wp\/v2\/types\/post"}],"author":[{"embeddable":true,"href":"https:\/\/www.krafthand.de\/truck\/wp-json\/wp\/v2\/users\/9"}],"replies":[{"embeddable":true,"href":"https:\/\/www.krafthand.de\/truck\/wp-json\/wp\/v2\/comments?post=34738"}],"version-history":[{"count":2,"href":"https:\/\/www.krafthand.de\/truck\/wp-json\/wp\/v2\/posts\/34738\/revisions"}],"predecessor-version":[{"id":34741,"href":"https:\/\/www.krafthand.de\/truck\/wp-json\/wp\/v2\/posts\/34738\/revisions\/34741"}],"wp:featuredmedia":[{"embeddable":true,"href":"https:\/\/www.krafthand.de\/truck\/wp-json\/wp\/v2\/media\/34740"}],"wp:attachment":[{"href":"https:\/\/www.krafthand.de\/truck\/wp-json\/wp\/v2\/media?parent=34738"}],"wp:term":[{"taxonomy":"category","embeddable":true,"href":"https:\/\/www.krafthand.de\/truck\/wp-json\/wp\/v2\/categories?post=34738"},{"taxonomy":"post_tag","embeddable":true,"href":"https:\/\/www.krafthand.de\/truck\/wp-json\/wp\/v2\/tags?post=34738"},{"taxonomy":"settings","embeddable":true,"href":"https:\/\/www.krafthand.de\/truck\/wp-json\/wp\/v2\/settings?post=34738"}],"curies":[{"name":"wp","href":"https:\/\/api.w.org\/{rel}","templated":true}]}}