{"id":34637,"date":"2022-12-09T10:03:03","date_gmt":"2022-12-09T09:03:03","guid":{"rendered":"https:\/\/www.krafthand.de\/truck\/?p=34637"},"modified":"2022-12-09T10:21:17","modified_gmt":"2022-12-09T09:21:17","slug":"schweden-power-der-volvo-fh-electric","status":"publish","type":"post","link":"https:\/\/www.krafthand.de\/truck\/artikel\/schweden-power-der-volvo-fh-electric-34637\/","title":{"rendered":"Schweden-Power: Der Volvo FH Electric"},"content":{"rendered":"<p>Volvo hat im September mit der Serienproduktion des Volvo FH Electric f\u00fcr den Fernverkehr im Tuve-Werk in G\u00f6teborg begonnen. Im n\u00e4chsten Jahr soll das Werk in Gent, Belgien, folgen. Die Schweden produzieren den Elektro-Lkw auf der gleichen Produktionslinie wie die der konventionellen Lkw, was eine hohe Produktionsflexibilit\u00e4t und Effizienzsteigerung erm\u00f6glichen soll. Die Batterien werden von dem neuen Batteriemontagewerk von <a href=\"https:\/\/www.volvotrucks.de\/de-de\/\" target=\"_blank\" rel=\"noopener\">Volvo Trucks<\/a> in Gent geliefert. Der Verkauf des Fahrzeugs in Europa (wie auch der des FM und FMX Electric) ist bereits angelaufen. Zwanzig FH Electric werden beispielsweise bis Ende des Jahres an Amazon-Deutschland geliefert.<\/p>\n<figure id=\"attachment_34639\" aria-describedby=\"caption-attachment-34639\" style=\"width: 420px\" class=\"wp-caption alignleft\"><a href=\"https:\/\/static.krafthand-truck.de\/uploads\/2022\/12\/04_2022_022_2.jpg\" target=\"_blank\" rel=\"noopener\"><img fetchpriority=\"high\" decoding=\"async\" class=\"wp-image-34639\" src=\"https:\/\/static.krafthand-truck.de\/uploads\/2022\/12\/04_2022_022_2-300x189.jpg\" alt=\"\" width=\"420\" height=\"264\" srcset=\"https:\/\/static.krafthand-truck.de\/uploads\/2022\/12\/04_2022_022_2-300x189.jpg 300w, https:\/\/static.krafthand-truck.de\/uploads\/2022\/12\/04_2022_022_2-1024x644.jpg 1024w, https:\/\/static.krafthand-truck.de\/uploads\/2022\/12\/04_2022_022_2-768x483.jpg 768w, https:\/\/static.krafthand-truck.de\/uploads\/2022\/12\/04_2022_022_2-1320x830.jpg 1320w, https:\/\/static.krafthand-truck.de\/uploads\/2022\/12\/04_2022_022_2.jpg 1400w\" sizes=\"(max-width: 420px) 100vw, 420px\" \/><\/a><figcaption id=\"caption-attachment-34639\" class=\"wp-caption-text\">Volvo zeigte eine FH Electric 4&#215;2 Sattelzugmaschine auf der IAA Transportation in Hannover. Bild: Georg Blenk<\/figcaption><\/figure>\n<h2>Der Antrieb<\/h2>\n<p>Zwei oder wahlweise drei Elektromotoren sollen in Kombination mit einem an die Bed\u00fcrfnisse der Elektromobilit\u00e4t angepassten I-Shift-Getriebe beim FH Electric f\u00fcr ein geschmeidiges und leistungsstarkes Fahrverhalten sorgen. Die Leistung von bis zu 490 kW beziehungsweise satten 666 PS wird von einer Traktionskontrolle auf die Stra\u00dfe gebracht, die auch f\u00fcr rutschige Oberfl\u00e4chen geeignet ist. F\u00fcr Leistungsf\u00e4higkeit, Komfort und Energieverbrauch nach Wunsch stehen verschiedene Fahrmodi zur Verf\u00fcgung. Die sechs Batteriepakete liefern bis zu 540 kWh und gew\u00e4hrleisten so laut Volvo eine ausreichende Reichweite f\u00fcr eine Vielzahl regionaler Transportaufgaben. Die E-Achse ist laut Benjamin Schiebler, Manager E-Mobility bei Volvo-Trucks, eine Eigenentwicklung. Einzelne Komponenten wie zum Beispiel die Elektromotoren k\u00f6nnen dabei Zulieferprodukte sein.<\/p>\n<p>Im \u00dcbrigen: Auf der IAA Transportation hat Volvo zudem eine v\u00f6llig neue, vollelektrische Hinterachse vorgestellt. Die neue E-Achse soll mehr Platz f\u00fcr mehr Batterien schaffen und so in einigen Jahren f\u00fcr eine noch gr\u00f6\u00dfere Reichweite der batteriebetriebenen Lkw von Volvo sorgen.<\/p>\n<figure id=\"attachment_34640\" aria-describedby=\"caption-attachment-34640\" style=\"width: 380px\" class=\"wp-caption alignright\"><a href=\"https:\/\/static.krafthand-truck.de\/uploads\/2022\/12\/04_2022_022_3.jpg\" target=\"_blank\" rel=\"noopener\"><img decoding=\"async\" class=\"wp-image-34640\" src=\"https:\/\/static.krafthand-truck.de\/uploads\/2022\/12\/04_2022_022_3-300x242.jpg\" alt=\"\" width=\"380\" height=\"306\" srcset=\"https:\/\/static.krafthand-truck.de\/uploads\/2022\/12\/04_2022_022_3-300x242.jpg 300w, https:\/\/static.krafthand-truck.de\/uploads\/2022\/12\/04_2022_022_3-1024x825.jpg 1024w, https:\/\/static.krafthand-truck.de\/uploads\/2022\/12\/04_2022_022_3-768x619.jpg 768w, https:\/\/static.krafthand-truck.de\/uploads\/2022\/12\/04_2022_022_3-1320x1063.jpg 1320w, https:\/\/static.krafthand-truck.de\/uploads\/2022\/12\/04_2022_022_3.jpg 1341w\" sizes=\"(max-width: 380px) 100vw, 380px\" \/><\/a><figcaption id=\"caption-attachment-34640\" class=\"wp-caption-text\">Neben den Volvo FH Electric werden auch die beiden kleineren, vollelektrischen Schwestermodelle, der FM f\u00fcr den Fern- und Regionalverkehr und der FMX f\u00fcr das Bausegment im Tuve-Werk in G\u00f6teborg gefertigt. Bild: Volvo-Trucks<\/figcaption><\/figure>\n<h2>Die Batteriezellen<\/h2>\n<p>F\u00fcr den FH Electric werden die Batteriezellen von Samsung SDI geliefert und im Batteriewerk von Volvo-Trucks in Belgien zu Batteriemodulen montiert. F\u00fcr die Zukunft plant Volvo Trucks eine eigene Zellfertigung in Schweden.<\/p>\n<p>Die Batteriekapazit\u00e4t gibt Volvo je nach Konfiguration mit 180\u2013540 kWh, bei 2\u20136 Batterien an. Die Maximale Reichweite betr\u00e4gt bis zu 300 km. Die Dauer des Ladevorgangs (vollst\u00e4ndige Aufladung) Betr\u00e4gt 9,5 h mit Wechselstrom (43 kW) und 2,5 h mit Gleichstrom (250 kW). Die Batterien von Samsung SDI sind laut Volvo so konzipiert, dass sie sp\u00e4ter wiederaufbereitet und wiederverwendet werden k\u00f6nnen.<\/p>\n<h2>Vielf\u00e4ltige Kombinationen<\/h2>\n<p>Was die Konfigurierbarkeit des FH Electric angeht, so stehen vielf\u00e4ltige Optionen zur Verf\u00fcgung. So liefert Volvo die Sattelzugmaschine in den Achskonfigurationen 4\u00d72, 6\u00d72, 6\u00d74, das Fahrgestell in den Varianten 4\u00d72, 6\u00d72, 6\u00d74, 8\u00d72 oder 8\u00d74 aus. Radst\u00e4nde von 3.800 bis 6.700 mm sind m\u00f6glich. Die Achsen sind luftgefedert. Das Fahrgestell ist f\u00fcr verschiedene Aufbauten geeignet und verf\u00fcgt optional \u00fcber drei Nebenantriebe (elektrisch, mechanisch und \u00fcber das Getriebe). Das Fahrerhaus kommt wahlweise mit einer FH-Schlafkabine mit niedrigem Dach, einer FH-Schlafkabine, einem FH-Globetrotter-Fahrerhaus oder einem FH-Globetrotter XL-Fahrerhaus daher. Das Gesamtzuggewicht betr\u00e4gt bis zu 44 Tonnen.<\/p>\n<figure id=\"attachment_34641\" aria-describedby=\"caption-attachment-34641\" style=\"width: 380px\" class=\"wp-caption alignleft\"><a href=\"https:\/\/static.krafthand-truck.de\/uploads\/2022\/12\/04_2022_022_4.jpg\" target=\"_blank\" rel=\"noopener\"><img decoding=\"async\" class=\"wp-image-34641\" src=\"https:\/\/static.krafthand-truck.de\/uploads\/2022\/12\/04_2022_022_4-300x195.jpg\" alt=\"\" width=\"380\" height=\"247\" srcset=\"https:\/\/static.krafthand-truck.de\/uploads\/2022\/12\/04_2022_022_4-300x195.jpg 300w, https:\/\/static.krafthand-truck.de\/uploads\/2022\/12\/04_2022_022_4-1024x665.jpg 1024w, https:\/\/static.krafthand-truck.de\/uploads\/2022\/12\/04_2022_022_4-768x499.jpg 768w, https:\/\/static.krafthand-truck.de\/uploads\/2022\/12\/04_2022_022_4-1320x857.jpg 1320w, https:\/\/static.krafthand-truck.de\/uploads\/2022\/12\/04_2022_022_4.jpg 1400w\" sizes=\"(max-width: 380px) 100vw, 380px\" \/><\/a><figcaption id=\"caption-attachment-34641\" class=\"wp-caption-text\">In einigen Jahren soll auch die neue, hintere E-Achse in Serien-Lkw kommen. Bild: Volvo-Trucks<\/figcaption><\/figure>\n<h2>Service + Wartung<\/h2>\n<p>Volvo bereitet seine Werkstattbetriebe parallel entsprechend auf die Elektromobilit\u00e4t vor. Dabei st\u00fcnden die Sicherheitsanforderungen und entsprechende weiterf\u00fchrende Trainings der Mitarbeiter im Vordergrund. Laut Volvo wird eine Vernetzung des Fahrzeuges und damit eine vorausschauende, proaktive Wartung auch beim Volvo FH Electric eine immer gr\u00f6\u00dfere Rolle spielen. Wichtig dabei sei die Zertifizierung aller Volvo-Werkstattpartner. \u201eDie gr\u00f6\u00dfte Herausforderung liegt in der derzeitigen Pionierarbeit, die wir gerade leisten, da wir der Lkw-Hersteller mit einer kompletten Palette an elektrischen Fahrzeugen sind\u201c, so Peter Str\u00f6m, Gesch\u00e4ftsf\u00fchrer bei Volvo-Trucks Deutschland.<\/p>\n<h3>600 Kilometer von Berlin nach M\u00fcnchen<\/h3>\n<p>Volvo Trucks hat k\u00fcrzlich bei der sogenannten Miles Challenge den CO2-Emissionen auch auf langer Strecke getrotzt. Die von der <a href=\"https:\/\/www.dekra.de\/de\/startseite\/\" target=\"_blank\" rel=\"noopener\">DEKRA<\/a> verifizierte Challenge bewies, dass der Volvo FH Electric im Alltagstest mit einer Zwischenladung problemlos die Strecke von M\u00fcnchen nach Berlin schafft. <em>\u201eDass wir \u00fcber 600 km mit dem Volvo FH Electric schaffen, bringt uns ein gro\u00dfes St\u00fcck n\u00e4her Richtung Zukunft und unserem Ziel von Zero Emissions, also null Emissionen im Betrieb\u201d<\/em>, sagt Christoph Fitz, Director New Vehicle Sales bei Volvo Trucks. \u201e<em>Mit der Miles Challenge zeigen wir, dass wir technologisch alle Bereiche abdecken k\u00f6nnen und den Technologiewandel vorantreiben.\u201d<\/em><\/p>\n<p>&nbsp;<\/p>\n<div class=\"infobox box-grey\"><\/p>\n<p><figure id=\"attachment_34644\" aria-describedby=\"caption-attachment-34644\" style=\"width: 300px\" class=\"wp-caption alignleft\"><a href=\"https:\/\/static.krafthand-truck.de\/uploads\/2022\/12\/04_2022_022_5-e1670574579961.jpg\" target=\"_blank\" rel=\"noopener\"><img loading=\"lazy\" decoding=\"async\" class=\"wp-image-34644 size-medium\" src=\"https:\/\/static.krafthand-truck.de\/uploads\/2022\/12\/04_2022_022_5-e1670574579961-300x189.jpg\" alt=\"\" width=\"300\" height=\"189\" srcset=\"https:\/\/static.krafthand-truck.de\/uploads\/2022\/12\/04_2022_022_5-e1670574579961-300x189.jpg 300w, https:\/\/static.krafthand-truck.de\/uploads\/2022\/12\/04_2022_022_5-e1670574579961-768x484.jpg 768w, https:\/\/static.krafthand-truck.de\/uploads\/2022\/12\/04_2022_022_5-e1670574579961.jpg 1019w\" sizes=\"(max-width: 300px) 100vw, 300px\" \/><\/a><figcaption id=\"caption-attachment-34644\" class=\"wp-caption-text\">Die Rahmenschienen des FH Electric sind aus fossilfreiem Stahl gefertigt. Bild: Volvo-Trucks.<\/figcaption><\/figure><\/p>\n<p><strong>Fossilfreier Stahl<\/strong><\/p>\n<p>Den Angaben zufolge f\u00fchrte Volvo bei seinen batterieelektrischen Lkws als erster Lkw-Hersteller der Welt fossilfreien Stahl ein. Der Stahl vom schwedischen Unternehmen SSAB wird laut Volvo mit einer v\u00f6llig neuen Technologie hergestellt, welche auf Wasserstoff basiert. Das Ergebnis sei eine geringere Klimabelastung als bei konventionell hergestelltem Stahl. In kleinem Ma\u00dfe wird das Material bereits in den schweren Elektro-Lkw von Volvo eingesetzt. \u201eWir werden den Einsatz fossilfreier Materialien in all unseren Lkw erh\u00f6hen, um sie nicht nur im Betrieb, sondern auch bei den Materialien, aus denen sie gebaut sind, klimaneutral zu machen\u201d, so Jessica Sandstr\u00f6m, Senior Vice President Product Management bei Volvo-Trucks.<\/p>\n<p><\/div>\n<p>&nbsp;<\/p>\n<p><i>Den Beitrag finden Sie auch in der Print-Ausgabe 4-2022 der <a href=\"https:\/\/www.krafthand.de\/truck\/magazin\/\" title=\"Zum Magazin\">Krafthand-Truck<\/a>.<\/i><\/p>\r\n\t\t\t\t<div class=\"post-author\">\r\n\t\t\t\t\t<div class=\"khm-cp-author clearfix\">\r\n\t\t\t\t\t\t<div class=\"khm-cp-author__content\">\r\n\t\t\t\t\t\t\t\tKontakt zum Autor:<br \/>\r\n\t\t\t\t\t\t\t\t<strong>Georg Blenk<\/strong>, 08247 \/ 3007-45 |  <a href=\"mailto:georg.blenk@krafthand-medien.de\">georg.blenk@krafthand-medien.de<\/a>\r\n\t\t\t\t\t\t\t<div class=\"khm-cp-author__image\">\r\n\t\t\t\t\t\t<img src=\"https:\/\/static.krafthand-truck.de\/uploads\/2021\/01\/Blenk_6104-250x300-1-removebg-preview.png\" class=\"img-responsive\">\r\n\t\t\t\t\t<\/div>\r\n\t\t\t\t\t\t<\/div>\r\n\t\t\t\t\t<\/div>\r\n\t\t\t\t<\/div>\r\n\t\t\t\t","protected":false},"excerpt":{"rendered":"<p>Volvo hat im September mit der Serienproduktion des Volvo FH Electric f\u00fcr den Fernverkehr im Tuve-Werk in G\u00f6teborg begonnen. Im n\u00e4chsten Jahr soll das Werk in Gent, Belgien, folgen. Krafthand-Truck stellt den E-Truck und die Technik vor. <span class=\"excerpt-more__dots\">&#8230;<\/span> <a class=\"excerpt-more__link\" href=\"https:\/\/www.krafthand.de\/truck\/artikel\/schweden-power-der-volvo-fh-electric-34637\/\" >weiter<\/a><\/p>\n","protected":false},"author":11,"featured_media":34638,"comment_status":"closed","ping_status":"closed","sticky":false,"template":"","format":"standard","meta":{"footnotes":""},"categories":[4224,4915],"tags":[5140,4177,4966,752],"settings":[3524,4766,3523],"class_list":["post-34637","post","type-post","status-publish","format-standard","has-post-thumbnail","hentry","category-e-antrieb","category-neue-fahrzeuge","tag-e-achse","tag-e-lkw","tag-fh-electric","tag-volvo"],"yoast_head":"<!-- This site is optimized with the Yoast SEO plugin v27.3 - https:\/\/yoast.com\/product\/yoast-seo-wordpress\/ -->\n<title>Schweden-Power: Der Volvo FH Electric - Krafthand-Truck<\/title>\n<meta name=\"description\" content=\"Volvo hat k\u00fcrzlich mit der Serienproduktion des Volvo FH Electric im Tuve-Werk in G\u00f6teborg begonnen. Krafthand-Truck stellt den E-Truck vor.\" \/>\n<meta name=\"robots\" content=\"index, follow, max-snippet:-1, max-image-preview:large, max-video-preview:-1\" \/>\n<link rel=\"canonical\" href=\"https:\/\/www.krafthand.de\/truck\/artikel\/schweden-power-der-volvo-fh-electric-34637\/\" \/>\n<meta property=\"og:locale\" content=\"de_DE\" \/>\n<meta property=\"og:type\" content=\"article\" \/>\n<meta property=\"og:title\" content=\"Schweden-Power: Der Volvo FH Electric - Krafthand-Truck\" \/>\n<meta property=\"og:description\" content=\"Volvo hat k\u00fcrzlich mit der Serienproduktion des Volvo FH Electric im Tuve-Werk in G\u00f6teborg begonnen. Krafthand-Truck stellt den E-Truck vor.\" \/>\n<meta property=\"og:url\" content=\"https:\/\/www.krafthand-truck.de\/artikel\/schweden-power-der-volvo-fh-electric-34637\/\" \/>\n<meta property=\"og:site_name\" content=\"Krafthand-Truck\" \/>\n<meta property=\"article:published_time\" content=\"2022-12-09T09:03:03+00:00\" \/>\n<meta property=\"article:modified_time\" content=\"2022-12-09T09:21:17+00:00\" \/>\n<meta property=\"og:image\" content=\"https:\/\/static.krafthand-truck.de\/uploads\/2022\/12\/04_2022_022_1.jpg\" \/>\n\t<meta property=\"og:image:width\" content=\"1400\" \/>\n\t<meta property=\"og:image:height\" content=\"896\" \/>\n\t<meta property=\"og:image:type\" content=\"image\/jpeg\" \/>\n<meta name=\"author\" content=\"Redaktion Truck\" \/>\n<meta name=\"twitter:card\" content=\"summary_large_image\" \/>\n<meta name=\"twitter:label1\" content=\"Verfasst von\" \/>\n\t<meta name=\"twitter:data1\" content=\"Redaktion Truck\" \/>\n\t<meta name=\"twitter:label2\" content=\"Gesch\u00e4tzte Lesezeit\" \/>\n\t<meta name=\"twitter:data2\" content=\"6\u00a0Minuten\" \/>\n<script type=\"application\/ld+json\" class=\"yoast-schema-graph\">{\"@context\":\"https:\\\/\\\/schema.org\",\"@graph\":[{\"@type\":\"Article\",\"@id\":\"https:\\\/\\\/www.krafthand.de\\\/truck\\\/artikel\\\/schweden-power-der-volvo-fh-electric-34637\\\/#article\",\"isPartOf\":{\"@id\":\"https:\\\/\\\/www.krafthand.de\\\/truck\\\/artikel\\\/schweden-power-der-volvo-fh-electric-34637\\\/\"},\"author\":{\"name\":\"Redaktion Truck\",\"@id\":\"https:\\\/\\\/www.krafthand.de\\\/truck\\\/#\\\/schema\\\/person\\\/5e47d727209575a4b89376746e24f02f\"},\"headline\":\"Schweden-Power: Der Volvo FH Electric\",\"datePublished\":\"2022-12-09T09:03:03+00:00\",\"dateModified\":\"2022-12-09T09:21:17+00:00\",\"mainEntityOfPage\":{\"@id\":\"https:\\\/\\\/www.krafthand.de\\\/truck\\\/artikel\\\/schweden-power-der-volvo-fh-electric-34637\\\/\"},\"wordCount\":875,\"image\":{\"@id\":\"https:\\\/\\\/www.krafthand.de\\\/truck\\\/artikel\\\/schweden-power-der-volvo-fh-electric-34637\\\/#primaryimage\"},\"thumbnailUrl\":\"https:\\\/\\\/static.krafthand-truck.de\\\/uploads\\\/2022\\\/12\\\/04_2022_022_1.jpg\",\"keywords\":[\"e-Achse\",\"E-Lkw\",\"FH Electric\",\"Volvo\"],\"articleSection\":[\"E-Antrieb (BEV\\\/FCEV)\",\"Neue Fahrzeuge\"],\"inLanguage\":\"de\"},{\"@type\":\"WebPage\",\"@id\":\"https:\\\/\\\/www.krafthand.de\\\/truck\\\/artikel\\\/schweden-power-der-volvo-fh-electric-34637\\\/\",\"url\":\"https:\\\/\\\/www.krafthand.de\\\/truck\\\/artikel\\\/schweden-power-der-volvo-fh-electric-34637\\\/\",\"name\":\"Schweden-Power: Der Volvo FH Electric - Krafthand-Truck\",\"isPartOf\":{\"@id\":\"https:\\\/\\\/www.krafthand.de\\\/truck\\\/#website\"},\"primaryImageOfPage\":{\"@id\":\"https:\\\/\\\/www.krafthand.de\\\/truck\\\/artikel\\\/schweden-power-der-volvo-fh-electric-34637\\\/#primaryimage\"},\"image\":{\"@id\":\"https:\\\/\\\/www.krafthand.de\\\/truck\\\/artikel\\\/schweden-power-der-volvo-fh-electric-34637\\\/#primaryimage\"},\"thumbnailUrl\":\"https:\\\/\\\/static.krafthand-truck.de\\\/uploads\\\/2022\\\/12\\\/04_2022_022_1.jpg\",\"datePublished\":\"2022-12-09T09:03:03+00:00\",\"dateModified\":\"2022-12-09T09:21:17+00:00\",\"author\":{\"@id\":\"https:\\\/\\\/www.krafthand.de\\\/truck\\\/#\\\/schema\\\/person\\\/5e47d727209575a4b89376746e24f02f\"},\"description\":\"Volvo hat k\u00fcrzlich mit der Serienproduktion des Volvo FH Electric im Tuve-Werk in G\u00f6teborg begonnen. Krafthand-Truck stellt den E-Truck vor.\",\"breadcrumb\":{\"@id\":\"https:\\\/\\\/www.krafthand.de\\\/truck\\\/artikel\\\/schweden-power-der-volvo-fh-electric-34637\\\/#breadcrumb\"},\"inLanguage\":\"de\",\"potentialAction\":[{\"@type\":\"ReadAction\",\"target\":[\"https:\\\/\\\/www.krafthand.de\\\/truck\\\/artikel\\\/schweden-power-der-volvo-fh-electric-34637\\\/\"]}]},{\"@type\":\"ImageObject\",\"inLanguage\":\"de\",\"@id\":\"https:\\\/\\\/www.krafthand.de\\\/truck\\\/artikel\\\/schweden-power-der-volvo-fh-electric-34637\\\/#primaryimage\",\"url\":\"https:\\\/\\\/static.krafthand-truck.de\\\/uploads\\\/2022\\\/12\\\/04_2022_022_1.jpg\",\"contentUrl\":\"https:\\\/\\\/static.krafthand-truck.de\\\/uploads\\\/2022\\\/12\\\/04_2022_022_1.jpg\",\"width\":1400,\"height\":896,\"caption\":\"Der Volvo FH Electric wird seit Kurzen in Serie gebaut. Bild: Volvo-Trucks\"},{\"@type\":\"BreadcrumbList\",\"@id\":\"https:\\\/\\\/www.krafthand.de\\\/truck\\\/artikel\\\/schweden-power-der-volvo-fh-electric-34637\\\/#breadcrumb\",\"itemListElement\":[{\"@type\":\"ListItem\",\"position\":1,\"name\":\"Krafthand-Truck\",\"item\":\"https:\\\/\\\/www.krafthand.de\\\/truck\\\/\"},{\"@type\":\"ListItem\",\"position\":2,\"name\":\"IT+Fuhrpark\",\"item\":\"https:\\\/\\\/www.krafthand.de\\\/truck\\\/kategorie\\\/fuhrpark\\\/\"},{\"@type\":\"ListItem\",\"position\":3,\"name\":\"Neue Fahrzeuge\",\"item\":\"https:\\\/\\\/www.krafthand.de\\\/truck\\\/kategorie\\\/fuhrpark\\\/neue-fahrzeuge\\\/\"},{\"@type\":\"ListItem\",\"position\":4,\"name\":\"Schweden-Power: Der Volvo FH Electric\"}]},{\"@type\":\"WebSite\",\"@id\":\"https:\\\/\\\/www.krafthand.de\\\/truck\\\/#website\",\"url\":\"https:\\\/\\\/www.krafthand.de\\\/truck\\\/\",\"name\":\"Krafthand-Truck\",\"description\":\"\",\"potentialAction\":[{\"@type\":\"SearchAction\",\"target\":{\"@type\":\"EntryPoint\",\"urlTemplate\":\"https:\\\/\\\/www.krafthand.de\\\/truck\\\/?s={search_term_string}\"},\"query-input\":{\"@type\":\"PropertyValueSpecification\",\"valueRequired\":true,\"valueName\":\"search_term_string\"}}],\"inLanguage\":\"de\"},{\"@type\":\"Person\",\"@id\":\"https:\\\/\\\/www.krafthand.de\\\/truck\\\/#\\\/schema\\\/person\\\/5e47d727209575a4b89376746e24f02f\",\"name\":\"Redaktion Truck\",\"image\":{\"@type\":\"ImageObject\",\"inLanguage\":\"de\",\"@id\":\"https:\\\/\\\/secure.gravatar.com\\\/avatar\\\/64cedf5d293ad6eb6600c19e949d032ff0090f240174891ab1517d73ead05c87?s=96&d=mm&r=g\",\"url\":\"https:\\\/\\\/secure.gravatar.com\\\/avatar\\\/64cedf5d293ad6eb6600c19e949d032ff0090f240174891ab1517d73ead05c87?s=96&d=mm&r=g\",\"contentUrl\":\"https:\\\/\\\/secure.gravatar.com\\\/avatar\\\/64cedf5d293ad6eb6600c19e949d032ff0090f240174891ab1517d73ead05c87?s=96&d=mm&r=g\",\"caption\":\"Redaktion Truck\"}}]}<\/script>\n<!-- \/ Yoast SEO plugin. -->","yoast_head_json":{"title":"Schweden-Power: Der Volvo FH Electric - Krafthand-Truck","description":"Volvo hat k\u00fcrzlich mit der Serienproduktion des Volvo FH Electric im Tuve-Werk in G\u00f6teborg begonnen. Krafthand-Truck stellt den E-Truck vor.","robots":{"index":"index","follow":"follow","max-snippet":"max-snippet:-1","max-image-preview":"max-image-preview:large","max-video-preview":"max-video-preview:-1"},"canonical":"https:\/\/www.krafthand.de\/truck\/artikel\/schweden-power-der-volvo-fh-electric-34637\/","og_locale":"de_DE","og_type":"article","og_title":"Schweden-Power: Der Volvo FH Electric - Krafthand-Truck","og_description":"Volvo hat k\u00fcrzlich mit der Serienproduktion des Volvo FH Electric im Tuve-Werk in G\u00f6teborg begonnen. Krafthand-Truck stellt den E-Truck vor.","og_url":"https:\/\/www.krafthand-truck.de\/artikel\/schweden-power-der-volvo-fh-electric-34637\/","og_site_name":"Krafthand-Truck","article_published_time":"2022-12-09T09:03:03+00:00","article_modified_time":"2022-12-09T09:21:17+00:00","og_image":[{"width":1400,"height":896,"url":"https:\/\/static.krafthand-truck.de\/uploads\/2022\/12\/04_2022_022_1.jpg","type":"image\/jpeg"}],"author":"Redaktion Truck","twitter_card":"summary_large_image","twitter_misc":{"Verfasst von":"Redaktion Truck","Gesch\u00e4tzte Lesezeit":"6\u00a0Minuten"},"schema":{"@context":"https:\/\/schema.org","@graph":[{"@type":"Article","@id":"https:\/\/www.krafthand.de\/truck\/artikel\/schweden-power-der-volvo-fh-electric-34637\/#article","isPartOf":{"@id":"https:\/\/www.krafthand.de\/truck\/artikel\/schweden-power-der-volvo-fh-electric-34637\/"},"author":{"name":"Redaktion Truck","@id":"https:\/\/www.krafthand.de\/truck\/#\/schema\/person\/5e47d727209575a4b89376746e24f02f"},"headline":"Schweden-Power: Der Volvo FH Electric","datePublished":"2022-12-09T09:03:03+00:00","dateModified":"2022-12-09T09:21:17+00:00","mainEntityOfPage":{"@id":"https:\/\/www.krafthand.de\/truck\/artikel\/schweden-power-der-volvo-fh-electric-34637\/"},"wordCount":875,"image":{"@id":"https:\/\/www.krafthand.de\/truck\/artikel\/schweden-power-der-volvo-fh-electric-34637\/#primaryimage"},"thumbnailUrl":"https:\/\/static.krafthand-truck.de\/uploads\/2022\/12\/04_2022_022_1.jpg","keywords":["e-Achse","E-Lkw","FH Electric","Volvo"],"articleSection":["E-Antrieb (BEV\/FCEV)","Neue Fahrzeuge"],"inLanguage":"de"},{"@type":"WebPage","@id":"https:\/\/www.krafthand.de\/truck\/artikel\/schweden-power-der-volvo-fh-electric-34637\/","url":"https:\/\/www.krafthand.de\/truck\/artikel\/schweden-power-der-volvo-fh-electric-34637\/","name":"Schweden-Power: Der Volvo FH Electric - Krafthand-Truck","isPartOf":{"@id":"https:\/\/www.krafthand.de\/truck\/#website"},"primaryImageOfPage":{"@id":"https:\/\/www.krafthand.de\/truck\/artikel\/schweden-power-der-volvo-fh-electric-34637\/#primaryimage"},"image":{"@id":"https:\/\/www.krafthand.de\/truck\/artikel\/schweden-power-der-volvo-fh-electric-34637\/#primaryimage"},"thumbnailUrl":"https:\/\/static.krafthand-truck.de\/uploads\/2022\/12\/04_2022_022_1.jpg","datePublished":"2022-12-09T09:03:03+00:00","dateModified":"2022-12-09T09:21:17+00:00","author":{"@id":"https:\/\/www.krafthand.de\/truck\/#\/schema\/person\/5e47d727209575a4b89376746e24f02f"},"description":"Volvo hat k\u00fcrzlich mit der Serienproduktion des Volvo FH Electric im Tuve-Werk in G\u00f6teborg begonnen. Krafthand-Truck stellt den E-Truck vor.","breadcrumb":{"@id":"https:\/\/www.krafthand.de\/truck\/artikel\/schweden-power-der-volvo-fh-electric-34637\/#breadcrumb"},"inLanguage":"de","potentialAction":[{"@type":"ReadAction","target":["https:\/\/www.krafthand.de\/truck\/artikel\/schweden-power-der-volvo-fh-electric-34637\/"]}]},{"@type":"ImageObject","inLanguage":"de","@id":"https:\/\/www.krafthand.de\/truck\/artikel\/schweden-power-der-volvo-fh-electric-34637\/#primaryimage","url":"https:\/\/static.krafthand-truck.de\/uploads\/2022\/12\/04_2022_022_1.jpg","contentUrl":"https:\/\/static.krafthand-truck.de\/uploads\/2022\/12\/04_2022_022_1.jpg","width":1400,"height":896,"caption":"Der Volvo FH Electric wird seit Kurzen in Serie gebaut. Bild: Volvo-Trucks"},{"@type":"BreadcrumbList","@id":"https:\/\/www.krafthand.de\/truck\/artikel\/schweden-power-der-volvo-fh-electric-34637\/#breadcrumb","itemListElement":[{"@type":"ListItem","position":1,"name":"Krafthand-Truck","item":"https:\/\/www.krafthand.de\/truck\/"},{"@type":"ListItem","position":2,"name":"IT+Fuhrpark","item":"https:\/\/www.krafthand.de\/truck\/kategorie\/fuhrpark\/"},{"@type":"ListItem","position":3,"name":"Neue Fahrzeuge","item":"https:\/\/www.krafthand.de\/truck\/kategorie\/fuhrpark\/neue-fahrzeuge\/"},{"@type":"ListItem","position":4,"name":"Schweden-Power: Der Volvo FH Electric"}]},{"@type":"WebSite","@id":"https:\/\/www.krafthand.de\/truck\/#website","url":"https:\/\/www.krafthand.de\/truck\/","name":"Krafthand-Truck","description":"","potentialAction":[{"@type":"SearchAction","target":{"@type":"EntryPoint","urlTemplate":"https:\/\/www.krafthand.de\/truck\/?s={search_term_string}"},"query-input":{"@type":"PropertyValueSpecification","valueRequired":true,"valueName":"search_term_string"}}],"inLanguage":"de"},{"@type":"Person","@id":"https:\/\/www.krafthand.de\/truck\/#\/schema\/person\/5e47d727209575a4b89376746e24f02f","name":"Redaktion Truck","image":{"@type":"ImageObject","inLanguage":"de","@id":"https:\/\/secure.gravatar.com\/avatar\/64cedf5d293ad6eb6600c19e949d032ff0090f240174891ab1517d73ead05c87?s=96&d=mm&r=g","url":"https:\/\/secure.gravatar.com\/avatar\/64cedf5d293ad6eb6600c19e949d032ff0090f240174891ab1517d73ead05c87?s=96&d=mm&r=g","contentUrl":"https:\/\/secure.gravatar.com\/avatar\/64cedf5d293ad6eb6600c19e949d032ff0090f240174891ab1517d73ead05c87?s=96&d=mm&r=g","caption":"Redaktion Truck"}}]}},"_links":{"self":[{"href":"https:\/\/www.krafthand.de\/truck\/wp-json\/wp\/v2\/posts\/34637","targetHints":{"allow":["GET"]}}],"collection":[{"href":"https:\/\/www.krafthand.de\/truck\/wp-json\/wp\/v2\/posts"}],"about":[{"href":"https:\/\/www.krafthand.de\/truck\/wp-json\/wp\/v2\/types\/post"}],"author":[{"embeddable":true,"href":"https:\/\/www.krafthand.de\/truck\/wp-json\/wp\/v2\/users\/11"}],"replies":[{"embeddable":true,"href":"https:\/\/www.krafthand.de\/truck\/wp-json\/wp\/v2\/comments?post=34637"}],"version-history":[{"count":11,"href":"https:\/\/www.krafthand.de\/truck\/wp-json\/wp\/v2\/posts\/34637\/revisions"}],"predecessor-version":[{"id":34655,"href":"https:\/\/www.krafthand.de\/truck\/wp-json\/wp\/v2\/posts\/34637\/revisions\/34655"}],"wp:featuredmedia":[{"embeddable":true,"href":"https:\/\/www.krafthand.de\/truck\/wp-json\/wp\/v2\/media\/34638"}],"wp:attachment":[{"href":"https:\/\/www.krafthand.de\/truck\/wp-json\/wp\/v2\/media?parent=34637"}],"wp:term":[{"taxonomy":"category","embeddable":true,"href":"https:\/\/www.krafthand.de\/truck\/wp-json\/wp\/v2\/categories?post=34637"},{"taxonomy":"post_tag","embeddable":true,"href":"https:\/\/www.krafthand.de\/truck\/wp-json\/wp\/v2\/tags?post=34637"},{"taxonomy":"settings","embeddable":true,"href":"https:\/\/www.krafthand.de\/truck\/wp-json\/wp\/v2\/settings?post=34637"}],"curies":[{"name":"wp","href":"https:\/\/api.w.org\/{rel}","templated":true}]}}