{"id":34618,"date":"2022-12-07T09:28:45","date_gmt":"2022-12-07T08:28:45","guid":{"rendered":"https:\/\/www.krafthand.de\/truck\/?p=34618"},"modified":"2022-12-07T09:32:18","modified_gmt":"2022-12-07T08:32:18","slug":"20-jahre-unimog-produktion-in-woerth","status":"publish","type":"post","link":"https:\/\/www.krafthand.de\/truck\/artikel\/20-jahre-unimog-produktion-in-woerth-34618\/","title":{"rendered":"20 Jahre Unimog-Produktion in W\u00f6rth"},"content":{"rendered":"<p>Das Mercedes-Benz Werk W\u00f6rth feierte k\u00fcrzlich ein besonderes Jubil\u00e4um: Seit 20 Jahren wird hier der Unimog produziert. Nachdem das Fahrzeug \u00fcber viele Jahre im Schwesterwerk Gaggenau gefertigt wurde, zog die Produktion des Universal-Motor-Ger\u00e4ts im Jahr 2002 von Gaggenau in das Werk W\u00f6rth um. Als sogenannter Special-Truck wird der Unimog seitdem im gr\u00f6\u00dften Werk f\u00fcr Mercedes-Benz Lkw mit hohen Anteilen an manueller Montage produziert, was eine besonders hohe Flexibilit\u00e4t in den Abl\u00e4ufen erm\u00f6glicht.<\/p>\n<figure id=\"attachment_34621\" aria-describedby=\"caption-attachment-34621\" style=\"width: 420px\" class=\"wp-caption alignright\"><a href=\"https:\/\/static.krafthand-truck.de\/uploads\/2022\/12\/Unimog_Fertigung_Woerth_2009.jpg\" target=\"_blank\" rel=\"noopener\"><img fetchpriority=\"high\" decoding=\"async\" class=\"wp-image-34621\" src=\"https:\/\/static.krafthand-truck.de\/uploads\/2022\/12\/Unimog_Fertigung_Woerth_2009-300x193.jpg\" alt=\"\" width=\"420\" height=\"270\" srcset=\"https:\/\/static.krafthand-truck.de\/uploads\/2022\/12\/Unimog_Fertigung_Woerth_2009-300x193.jpg 300w, https:\/\/static.krafthand-truck.de\/uploads\/2022\/12\/Unimog_Fertigung_Woerth_2009-1024x657.jpg 1024w, https:\/\/static.krafthand-truck.de\/uploads\/2022\/12\/Unimog_Fertigung_Woerth_2009-768x493.jpg 768w, https:\/\/static.krafthand-truck.de\/uploads\/2022\/12\/Unimog_Fertigung_Woerth_2009.jpg 1151w\" sizes=\"(max-width: 420px) 100vw, 420px\" \/><\/a><figcaption id=\"caption-attachment-34621\" class=\"wp-caption-text\">Historischer Einblick in die Produktion von Mai 2009 in W\u00f6rth.<\/figcaption><\/figure>\n<p>Der <a href=\"https:\/\/www.mercedes-benz-trucks.com\/de_DE\/models\/unimog-off-road.html\" target=\"_blank\" rel=\"noopener\">Unimog<\/a> ist bis heute noch immer mit dem Werk Gaggenau verbunden, wo er \u00fcber 50 Jahre hinweg produziert wurde. In Gaggenau werden nach wie vor die Unimog-spezifischen Portalachsen, Getriebe sowie zahlreiche andere Komponenten gefertigt. In der N\u00e4he der ehemaligen Produktionsst\u00e4tte befindet sich heute auch das Unimog-Museum. Seit dem Produktionsstart im Jahr 1951 sind bisher \u00fcber <strong>370.000 Unimogs<\/strong> in den Werken Gaggenau und W\u00f6rth vom Band gerollt.<\/p>\n<p>Die Kunden setzen ihre Unimog-Modelle so vielf\u00e4ltig ein wie kaum ein anderes Fahrzeug. So r\u00e4umt der Allesk\u00f6nner unter den Nutzfahrzeugen unter anderem bei Verkehrsbetrieben Schnee von den Gleisen und schleppt liegengebliebene Z\u00fcge ab, er wird zur Pflege von Gr\u00fcnbest\u00e4nden genutzt und ist als Rettungswagen in schwierigstem Gel\u00e4nde unterwegs. Mit der Befahrung des h\u00f6chsten Vulkans der Welt h\u00e4lt der Unimog au\u00dferdem den H\u00f6henweltrekord f\u00fcr Radfahrzeuge.<\/p>\n<h3>Das Mercedes-Benz Werk W\u00f6rth<\/h3>\n<p>Das Mercedes-Benz Werk W\u00f6rth wurde 1963 gegr\u00fcndet und produziert die Mercedes-Benz Lkw Baureihen Actros, Arocs und Atego. Auch die Mercedes-Benz Special Trucks Econic und Zetros werden hier neben dem Unimog gebaut. Im Oktober 2021 startete die Serienproduktion des batterieelektrisch angetriebenen Mercedes-Benz <a href=\"https:\/\/www.krafthand.de\/truck\/artikel\/produktionsstart-eactros-im-mercedes-benz-werk-woerth-29678\/\" target=\"_blank\" rel=\"noopener\">eActros<\/a>, im Juli 2022 folgte bereits der zweite Elektro-Serien-Lkw Mercedes-Benz eEconic. Der Standort am Rhein ist das Kompetenzzentrum f\u00fcr Mercedes-Benz Lkw im weltweiten Produktionsverbund und mit rund 10.000 Mitarbeiterinnen und Mitarbeitern zweitgr\u00f6\u00dfter Arbeitgeber in Rheinland-Pfalz.<\/p>\n\r\n\t\t\t\t<div class=\"post-author\">\r\n\t\t\t\t\t<div class=\"khm-cp-author clearfix\">\r\n\t\t\t\t\t\t<div class=\"khm-cp-author__content\">\r\n\t\t\t\t\t\t\t\tKontakt zum Autor:<br \/>\r\n\t\t\t\t\t\t\t\t<strong>Georg Blenk<\/strong>, 08247 \/ 3007-45 |  <a href=\"mailto:georg.blenk@krafthand-medien.de\">georg.blenk@krafthand-medien.de<\/a>\r\n\t\t\t\t\t\t\t<div class=\"khm-cp-author__image\">\r\n\t\t\t\t\t\t<img src=\"https:\/\/static.krafthand-truck.de\/uploads\/2021\/01\/Blenk_6104-250x300-1-removebg-preview.png\" class=\"img-responsive\">\r\n\t\t\t\t\t<\/div>\r\n\t\t\t\t\t\t<\/div>\r\n\t\t\t\t\t<\/div>\r\n\t\t\t\t<\/div>\r\n\t\t\t\t","protected":false},"excerpt":{"rendered":"<p>Das Mercedes-Benz Werk W\u00f6rth feierte k\u00fcrzlich ein besonderes Jubil\u00e4um: Seit 20 Jahren wird hier der Unimog produziert. Nachdem das Fahrzeug \u00fcber viele Jahre im Schwesterwerk Gaggenau gefertigt wurde, zog die Produktion des Universal-Motor-Ger\u00e4ts im Jahr 2002 von Gaggenau in das Werk W\u00f6rth um. <span class=\"excerpt-more__dots\">&#8230;<\/span> <a class=\"excerpt-more__link\" href=\"https:\/\/www.krafthand.de\/truck\/artikel\/20-jahre-unimog-produktion-in-woerth-34618\/\" >weiter<\/a><\/p>\n","protected":false},"author":9,"featured_media":34622,"comment_status":"closed","ping_status":"closed","sticky":false,"template":"","format":"standard","meta":{"footnotes":""},"categories":[4235],"tags":[5454,3589,2069],"settings":[3524,3523],"class_list":["post-34618","post","type-post","status-publish","format-standard","has-post-thumbnail","hentry","category-unternehmen","tag-gaggenau","tag-unimog","tag-woerth"],"yoast_head":"<!-- This site is optimized with the Yoast SEO plugin v27.3 - https:\/\/yoast.com\/product\/yoast-seo-wordpress\/ -->\n<title>20 Jahre Unimog-Produktion in W\u00f6rth - Krafthand-Truck<\/title>\n<meta name=\"description\" content=\"Das Mercedes-Benz Werk W\u00f6rth feierte k\u00fcrzlich ein besonderes Jubil\u00e4um: Seit 20 Jahren wird hier der Unimog produziert.\" \/>\n<meta name=\"robots\" content=\"index, follow, max-snippet:-1, max-image-preview:large, max-video-preview:-1\" \/>\n<link rel=\"canonical\" href=\"https:\/\/www.krafthand.de\/truck\/artikel\/20-jahre-unimog-produktion-in-woerth-34618\/\" \/>\n<meta property=\"og:locale\" content=\"de_DE\" \/>\n<meta property=\"og:type\" content=\"article\" \/>\n<meta property=\"og:title\" content=\"20 Jahre Unimog-Produktion in W\u00f6rth - Krafthand-Truck\" \/>\n<meta property=\"og:description\" content=\"Das Mercedes-Benz Werk W\u00f6rth feierte k\u00fcrzlich ein besonderes Jubil\u00e4um: Seit 20 Jahren wird hier der Unimog produziert.\" \/>\n<meta property=\"og:url\" content=\"https:\/\/www.krafthand-truck.de\/artikel\/20-jahre-unimog-produktion-in-woerth-34618\/\" \/>\n<meta property=\"og:site_name\" content=\"Krafthand-Truck\" \/>\n<meta property=\"article:published_time\" content=\"2022-12-07T08:28:45+00:00\" \/>\n<meta property=\"article:modified_time\" content=\"2022-12-07T08:32:18+00:00\" \/>\n<meta property=\"og:image\" content=\"https:\/\/static.krafthand-truck.de\/uploads\/2022\/12\/Unimog_Produktion_Woerth_Mercedes_Benz.jpg\" \/>\n\t<meta property=\"og:image:width\" content=\"1280\" \/>\n\t<meta property=\"og:image:height\" content=\"767\" \/>\n\t<meta property=\"og:image:type\" content=\"image\/jpeg\" \/>\n<meta name=\"author\" content=\"georg.blenk@krafthand-medien.de\" \/>\n<meta name=\"twitter:card\" content=\"summary_large_image\" \/>\n<meta name=\"twitter:label1\" content=\"Verfasst von\" \/>\n\t<meta name=\"twitter:data1\" content=\"georg.blenk@krafthand-medien.de\" \/>\n\t<meta name=\"twitter:label2\" content=\"Gesch\u00e4tzte Lesezeit\" \/>\n\t<meta name=\"twitter:data2\" content=\"2\u00a0Minuten\" \/>\n<script type=\"application\/ld+json\" class=\"yoast-schema-graph\">{\"@context\":\"https:\\\/\\\/schema.org\",\"@graph\":[{\"@type\":\"Article\",\"@id\":\"https:\\\/\\\/www.krafthand.de\\\/truck\\\/artikel\\\/20-jahre-unimog-produktion-in-woerth-34618\\\/#article\",\"isPartOf\":{\"@id\":\"https:\\\/\\\/www.krafthand.de\\\/truck\\\/artikel\\\/20-jahre-unimog-produktion-in-woerth-34618\\\/\"},\"author\":{\"name\":\"georg.blenk@krafthand-medien.de\",\"@id\":\"https:\\\/\\\/www.krafthand.de\\\/truck\\\/#\\\/schema\\\/person\\\/51fa80b1c57034c4bf63f9f988fc24ce\"},\"headline\":\"20 Jahre Unimog-Produktion in W\u00f6rth\",\"datePublished\":\"2022-12-07T08:28:45+00:00\",\"dateModified\":\"2022-12-07T08:32:18+00:00\",\"mainEntityOfPage\":{\"@id\":\"https:\\\/\\\/www.krafthand.de\\\/truck\\\/artikel\\\/20-jahre-unimog-produktion-in-woerth-34618\\\/\"},\"wordCount\":326,\"image\":{\"@id\":\"https:\\\/\\\/www.krafthand.de\\\/truck\\\/artikel\\\/20-jahre-unimog-produktion-in-woerth-34618\\\/#primaryimage\"},\"thumbnailUrl\":\"https:\\\/\\\/static.krafthand-truck.de\\\/uploads\\\/2022\\\/12\\\/Unimog_Produktion_Woerth_Mercedes_Benz.jpg\",\"keywords\":[\"Gaggenau\",\"Unimog\",\"W\u00f6rth\"],\"articleSection\":[\"Unternehmen\"],\"inLanguage\":\"de\"},{\"@type\":\"WebPage\",\"@id\":\"https:\\\/\\\/www.krafthand.de\\\/truck\\\/artikel\\\/20-jahre-unimog-produktion-in-woerth-34618\\\/\",\"url\":\"https:\\\/\\\/www.krafthand.de\\\/truck\\\/artikel\\\/20-jahre-unimog-produktion-in-woerth-34618\\\/\",\"name\":\"20 Jahre Unimog-Produktion in W\u00f6rth - Krafthand-Truck\",\"isPartOf\":{\"@id\":\"https:\\\/\\\/www.krafthand.de\\\/truck\\\/#website\"},\"primaryImageOfPage\":{\"@id\":\"https:\\\/\\\/www.krafthand.de\\\/truck\\\/artikel\\\/20-jahre-unimog-produktion-in-woerth-34618\\\/#primaryimage\"},\"image\":{\"@id\":\"https:\\\/\\\/www.krafthand.de\\\/truck\\\/artikel\\\/20-jahre-unimog-produktion-in-woerth-34618\\\/#primaryimage\"},\"thumbnailUrl\":\"https:\\\/\\\/static.krafthand-truck.de\\\/uploads\\\/2022\\\/12\\\/Unimog_Produktion_Woerth_Mercedes_Benz.jpg\",\"datePublished\":\"2022-12-07T08:28:45+00:00\",\"dateModified\":\"2022-12-07T08:32:18+00:00\",\"author\":{\"@id\":\"https:\\\/\\\/www.krafthand.de\\\/truck\\\/#\\\/schema\\\/person\\\/51fa80b1c57034c4bf63f9f988fc24ce\"},\"description\":\"Das Mercedes-Benz Werk W\u00f6rth feierte k\u00fcrzlich ein besonderes Jubil\u00e4um: Seit 20 Jahren wird hier der Unimog produziert.\",\"breadcrumb\":{\"@id\":\"https:\\\/\\\/www.krafthand.de\\\/truck\\\/artikel\\\/20-jahre-unimog-produktion-in-woerth-34618\\\/#breadcrumb\"},\"inLanguage\":\"de\",\"potentialAction\":[{\"@type\":\"ReadAction\",\"target\":[\"https:\\\/\\\/www.krafthand.de\\\/truck\\\/artikel\\\/20-jahre-unimog-produktion-in-woerth-34618\\\/\"]}]},{\"@type\":\"ImageObject\",\"inLanguage\":\"de\",\"@id\":\"https:\\\/\\\/www.krafthand.de\\\/truck\\\/artikel\\\/20-jahre-unimog-produktion-in-woerth-34618\\\/#primaryimage\",\"url\":\"https:\\\/\\\/static.krafthand-truck.de\\\/uploads\\\/2022\\\/12\\\/Unimog_Produktion_Woerth_Mercedes_Benz.jpg\",\"contentUrl\":\"https:\\\/\\\/static.krafthand-truck.de\\\/uploads\\\/2022\\\/12\\\/Unimog_Produktion_Woerth_Mercedes_Benz.jpg\",\"width\":1280,\"height\":767},{\"@type\":\"BreadcrumbList\",\"@id\":\"https:\\\/\\\/www.krafthand.de\\\/truck\\\/artikel\\\/20-jahre-unimog-produktion-in-woerth-34618\\\/#breadcrumb\",\"itemListElement\":[{\"@type\":\"ListItem\",\"position\":1,\"name\":\"Krafthand-Truck\",\"item\":\"https:\\\/\\\/www.krafthand.de\\\/truck\\\/\"},{\"@type\":\"ListItem\",\"position\":2,\"name\":\"Nfz-Branche\",\"item\":\"https:\\\/\\\/www.krafthand.de\\\/truck\\\/kategorie\\\/branche\\\/\"},{\"@type\":\"ListItem\",\"position\":3,\"name\":\"Unternehmen\",\"item\":\"https:\\\/\\\/www.krafthand.de\\\/truck\\\/kategorie\\\/branche\\\/unternehmen\\\/\"},{\"@type\":\"ListItem\",\"position\":4,\"name\":\"20 Jahre Unimog-Produktion in W\u00f6rth\"}]},{\"@type\":\"WebSite\",\"@id\":\"https:\\\/\\\/www.krafthand.de\\\/truck\\\/#website\",\"url\":\"https:\\\/\\\/www.krafthand.de\\\/truck\\\/\",\"name\":\"Krafthand-Truck\",\"description\":\"\",\"potentialAction\":[{\"@type\":\"SearchAction\",\"target\":{\"@type\":\"EntryPoint\",\"urlTemplate\":\"https:\\\/\\\/www.krafthand.de\\\/truck\\\/?s={search_term_string}\"},\"query-input\":{\"@type\":\"PropertyValueSpecification\",\"valueRequired\":true,\"valueName\":\"search_term_string\"}}],\"inLanguage\":\"de\"},{\"@type\":\"Person\",\"@id\":\"https:\\\/\\\/www.krafthand.de\\\/truck\\\/#\\\/schema\\\/person\\\/51fa80b1c57034c4bf63f9f988fc24ce\",\"name\":\"georg.blenk@krafthand-medien.de\",\"image\":{\"@type\":\"ImageObject\",\"inLanguage\":\"de\",\"@id\":\"https:\\\/\\\/secure.gravatar.com\\\/avatar\\\/93713c30affe0aa95d3a4130e499bb1abee2eb31adbdd9ce2aa1543538490215?s=96&d=mm&r=g\",\"url\":\"https:\\\/\\\/secure.gravatar.com\\\/avatar\\\/93713c30affe0aa95d3a4130e499bb1abee2eb31adbdd9ce2aa1543538490215?s=96&d=mm&r=g\",\"contentUrl\":\"https:\\\/\\\/secure.gravatar.com\\\/avatar\\\/93713c30affe0aa95d3a4130e499bb1abee2eb31adbdd9ce2aa1543538490215?s=96&d=mm&r=g\",\"caption\":\"georg.blenk@krafthand-medien.de\"}}]}<\/script>\n<!-- \/ Yoast SEO plugin. -->","yoast_head_json":{"title":"20 Jahre Unimog-Produktion in W\u00f6rth - Krafthand-Truck","description":"Das Mercedes-Benz Werk W\u00f6rth feierte k\u00fcrzlich ein besonderes Jubil\u00e4um: Seit 20 Jahren wird hier der Unimog produziert.","robots":{"index":"index","follow":"follow","max-snippet":"max-snippet:-1","max-image-preview":"max-image-preview:large","max-video-preview":"max-video-preview:-1"},"canonical":"https:\/\/www.krafthand.de\/truck\/artikel\/20-jahre-unimog-produktion-in-woerth-34618\/","og_locale":"de_DE","og_type":"article","og_title":"20 Jahre Unimog-Produktion in W\u00f6rth - Krafthand-Truck","og_description":"Das Mercedes-Benz Werk W\u00f6rth feierte k\u00fcrzlich ein besonderes Jubil\u00e4um: Seit 20 Jahren wird hier der Unimog produziert.","og_url":"https:\/\/www.krafthand-truck.de\/artikel\/20-jahre-unimog-produktion-in-woerth-34618\/","og_site_name":"Krafthand-Truck","article_published_time":"2022-12-07T08:28:45+00:00","article_modified_time":"2022-12-07T08:32:18+00:00","og_image":[{"width":1280,"height":767,"url":"https:\/\/static.krafthand-truck.de\/uploads\/2022\/12\/Unimog_Produktion_Woerth_Mercedes_Benz.jpg","type":"image\/jpeg"}],"author":"georg.blenk@krafthand-medien.de","twitter_card":"summary_large_image","twitter_misc":{"Verfasst von":"georg.blenk@krafthand-medien.de","Gesch\u00e4tzte Lesezeit":"2\u00a0Minuten"},"schema":{"@context":"https:\/\/schema.org","@graph":[{"@type":"Article","@id":"https:\/\/www.krafthand.de\/truck\/artikel\/20-jahre-unimog-produktion-in-woerth-34618\/#article","isPartOf":{"@id":"https:\/\/www.krafthand.de\/truck\/artikel\/20-jahre-unimog-produktion-in-woerth-34618\/"},"author":{"name":"georg.blenk@krafthand-medien.de","@id":"https:\/\/www.krafthand.de\/truck\/#\/schema\/person\/51fa80b1c57034c4bf63f9f988fc24ce"},"headline":"20 Jahre Unimog-Produktion in W\u00f6rth","datePublished":"2022-12-07T08:28:45+00:00","dateModified":"2022-12-07T08:32:18+00:00","mainEntityOfPage":{"@id":"https:\/\/www.krafthand.de\/truck\/artikel\/20-jahre-unimog-produktion-in-woerth-34618\/"},"wordCount":326,"image":{"@id":"https:\/\/www.krafthand.de\/truck\/artikel\/20-jahre-unimog-produktion-in-woerth-34618\/#primaryimage"},"thumbnailUrl":"https:\/\/static.krafthand-truck.de\/uploads\/2022\/12\/Unimog_Produktion_Woerth_Mercedes_Benz.jpg","keywords":["Gaggenau","Unimog","W\u00f6rth"],"articleSection":["Unternehmen"],"inLanguage":"de"},{"@type":"WebPage","@id":"https:\/\/www.krafthand.de\/truck\/artikel\/20-jahre-unimog-produktion-in-woerth-34618\/","url":"https:\/\/www.krafthand.de\/truck\/artikel\/20-jahre-unimog-produktion-in-woerth-34618\/","name":"20 Jahre Unimog-Produktion in W\u00f6rth - Krafthand-Truck","isPartOf":{"@id":"https:\/\/www.krafthand.de\/truck\/#website"},"primaryImageOfPage":{"@id":"https:\/\/www.krafthand.de\/truck\/artikel\/20-jahre-unimog-produktion-in-woerth-34618\/#primaryimage"},"image":{"@id":"https:\/\/www.krafthand.de\/truck\/artikel\/20-jahre-unimog-produktion-in-woerth-34618\/#primaryimage"},"thumbnailUrl":"https:\/\/static.krafthand-truck.de\/uploads\/2022\/12\/Unimog_Produktion_Woerth_Mercedes_Benz.jpg","datePublished":"2022-12-07T08:28:45+00:00","dateModified":"2022-12-07T08:32:18+00:00","author":{"@id":"https:\/\/www.krafthand.de\/truck\/#\/schema\/person\/51fa80b1c57034c4bf63f9f988fc24ce"},"description":"Das Mercedes-Benz Werk W\u00f6rth feierte k\u00fcrzlich ein besonderes Jubil\u00e4um: Seit 20 Jahren wird hier der Unimog produziert.","breadcrumb":{"@id":"https:\/\/www.krafthand.de\/truck\/artikel\/20-jahre-unimog-produktion-in-woerth-34618\/#breadcrumb"},"inLanguage":"de","potentialAction":[{"@type":"ReadAction","target":["https:\/\/www.krafthand.de\/truck\/artikel\/20-jahre-unimog-produktion-in-woerth-34618\/"]}]},{"@type":"ImageObject","inLanguage":"de","@id":"https:\/\/www.krafthand.de\/truck\/artikel\/20-jahre-unimog-produktion-in-woerth-34618\/#primaryimage","url":"https:\/\/static.krafthand-truck.de\/uploads\/2022\/12\/Unimog_Produktion_Woerth_Mercedes_Benz.jpg","contentUrl":"https:\/\/static.krafthand-truck.de\/uploads\/2022\/12\/Unimog_Produktion_Woerth_Mercedes_Benz.jpg","width":1280,"height":767},{"@type":"BreadcrumbList","@id":"https:\/\/www.krafthand.de\/truck\/artikel\/20-jahre-unimog-produktion-in-woerth-34618\/#breadcrumb","itemListElement":[{"@type":"ListItem","position":1,"name":"Krafthand-Truck","item":"https:\/\/www.krafthand.de\/truck\/"},{"@type":"ListItem","position":2,"name":"Nfz-Branche","item":"https:\/\/www.krafthand.de\/truck\/kategorie\/branche\/"},{"@type":"ListItem","position":3,"name":"Unternehmen","item":"https:\/\/www.krafthand.de\/truck\/kategorie\/branche\/unternehmen\/"},{"@type":"ListItem","position":4,"name":"20 Jahre Unimog-Produktion in W\u00f6rth"}]},{"@type":"WebSite","@id":"https:\/\/www.krafthand.de\/truck\/#website","url":"https:\/\/www.krafthand.de\/truck\/","name":"Krafthand-Truck","description":"","potentialAction":[{"@type":"SearchAction","target":{"@type":"EntryPoint","urlTemplate":"https:\/\/www.krafthand.de\/truck\/?s={search_term_string}"},"query-input":{"@type":"PropertyValueSpecification","valueRequired":true,"valueName":"search_term_string"}}],"inLanguage":"de"},{"@type":"Person","@id":"https:\/\/www.krafthand.de\/truck\/#\/schema\/person\/51fa80b1c57034c4bf63f9f988fc24ce","name":"georg.blenk@krafthand-medien.de","image":{"@type":"ImageObject","inLanguage":"de","@id":"https:\/\/secure.gravatar.com\/avatar\/93713c30affe0aa95d3a4130e499bb1abee2eb31adbdd9ce2aa1543538490215?s=96&d=mm&r=g","url":"https:\/\/secure.gravatar.com\/avatar\/93713c30affe0aa95d3a4130e499bb1abee2eb31adbdd9ce2aa1543538490215?s=96&d=mm&r=g","contentUrl":"https:\/\/secure.gravatar.com\/avatar\/93713c30affe0aa95d3a4130e499bb1abee2eb31adbdd9ce2aa1543538490215?s=96&d=mm&r=g","caption":"georg.blenk@krafthand-medien.de"}}]}},"_links":{"self":[{"href":"https:\/\/www.krafthand.de\/truck\/wp-json\/wp\/v2\/posts\/34618","targetHints":{"allow":["GET"]}}],"collection":[{"href":"https:\/\/www.krafthand.de\/truck\/wp-json\/wp\/v2\/posts"}],"about":[{"href":"https:\/\/www.krafthand.de\/truck\/wp-json\/wp\/v2\/types\/post"}],"author":[{"embeddable":true,"href":"https:\/\/www.krafthand.de\/truck\/wp-json\/wp\/v2\/users\/9"}],"replies":[{"embeddable":true,"href":"https:\/\/www.krafthand.de\/truck\/wp-json\/wp\/v2\/comments?post=34618"}],"version-history":[{"count":7,"href":"https:\/\/www.krafthand.de\/truck\/wp-json\/wp\/v2\/posts\/34618\/revisions"}],"predecessor-version":[{"id":34627,"href":"https:\/\/www.krafthand.de\/truck\/wp-json\/wp\/v2\/posts\/34618\/revisions\/34627"}],"wp:featuredmedia":[{"embeddable":true,"href":"https:\/\/www.krafthand.de\/truck\/wp-json\/wp\/v2\/media\/34622"}],"wp:attachment":[{"href":"https:\/\/www.krafthand.de\/truck\/wp-json\/wp\/v2\/media?parent=34618"}],"wp:term":[{"taxonomy":"category","embeddable":true,"href":"https:\/\/www.krafthand.de\/truck\/wp-json\/wp\/v2\/categories?post=34618"},{"taxonomy":"post_tag","embeddable":true,"href":"https:\/\/www.krafthand.de\/truck\/wp-json\/wp\/v2\/tags?post=34618"},{"taxonomy":"settings","embeddable":true,"href":"https:\/\/www.krafthand.de\/truck\/wp-json\/wp\/v2\/settings?post=34618"}],"curies":[{"name":"wp","href":"https:\/\/api.w.org\/{rel}","templated":true}]}}