{"id":34555,"date":"2022-12-02T12:13:27","date_gmt":"2022-12-02T11:13:27","guid":{"rendered":"https:\/\/www.krafthand.de\/truck\/?p=34555"},"modified":"2022-12-02T12:17:05","modified_gmt":"2022-12-02T11:17:05","slug":"schwarzmueller-ersatzteilversorgung-staerker-auf-kunden-ausgerichtet","status":"publish","type":"post","link":"https:\/\/www.krafthand.de\/truck\/artikel\/schwarzmueller-ersatzteilversorgung-staerker-auf-kunden-ausgerichtet-34555\/","title":{"rendered":"Schwarzm\u00fcller: Ersatzteilversorgung st\u00e4rker auf Kunden ausgerichtet."},"content":{"rendered":"<p>Die <a href=\"https:\/\/www.schwarzmueller.com\/de\/home\" target=\"_blank\" rel=\"noopener\">Schwarzm\u00fcller-Gruppe<\/a> m\u00f6chte das Management von Ersatzteilen in \u00d6sterreich und Deutschland weiter ausbauen. Jeder der f\u00fcnf \u00f6sterreichischen Schwarzm\u00fcller-Servicestandorte h\u00e4lt jene Teile vor, die er f\u00fcr seine Serviceschwerpunkte regelm\u00e4\u00dfig ben\u00f6tigt. <em>\u201eDer Weg zum Kunden wird dadurch noch k\u00fcrzer. Spezifischen Bed\u00fcrfnisse werden noch schneller bedient\u201c<\/em>, erl\u00e4uterte CEO Roland Hartwig am Unternehmenssitz Hanzing in Freinberg bei Sch\u00e4rding (O\u00d6).<\/p>\n<p>Das bisher extern betriebene Zentrallager in Linz wurde aufgelassen. In \u00d6sterreich ist das neue System bereits ausgerollt. Hier fungiert der steierische Standort Lieboch als \u00fcbergeordnetes Ersatzteillager. Die vier weiteren Niederlassungen bilden jeweils einen bedarfsorientierten Lagerschwerpunkt und bedienen in diesem Bereich die \u00fcbrigen Standorte. Zum Beispiel spezialisiert sich Wels auf Tankfahrzeuge, die dort h\u00e4ufig serviciert werden. Der Bedarf an Ersatzteilen ist entsprechend hoch.<\/p>\n<figure id=\"attachment_34558\" aria-describedby=\"caption-attachment-34558\" style=\"width: 218px\" class=\"wp-caption alignleft\"><a href=\"https:\/\/static.krafthand-truck.de\/uploads\/2022\/12\/Schwarzmueller_RolandHartwig_CEO_DET0959_kPR_B30.jpg\" target=\"_blank\" rel=\"noopener\"><img fetchpriority=\"high\" decoding=\"async\" class=\"wp-image-34558 size-medium\" src=\"https:\/\/static.krafthand-truck.de\/uploads\/2022\/12\/Schwarzmueller_RolandHartwig_CEO_DET0959_kPR_B30-218x300.jpg\" alt=\"\" width=\"218\" height=\"300\" srcset=\"https:\/\/static.krafthand-truck.de\/uploads\/2022\/12\/Schwarzmueller_RolandHartwig_CEO_DET0959_kPR_B30-218x300.jpg 218w, https:\/\/static.krafthand-truck.de\/uploads\/2022\/12\/Schwarzmueller_RolandHartwig_CEO_DET0959_kPR_B30-743x1024.jpg 743w, https:\/\/static.krafthand-truck.de\/uploads\/2022\/12\/Schwarzmueller_RolandHartwig_CEO_DET0959_kPR_B30-768x1058.jpg 768w, https:\/\/static.krafthand-truck.de\/uploads\/2022\/12\/Schwarzmueller_RolandHartwig_CEO_DET0959_kPR_B30.jpg 800w\" sizes=\"(max-width: 218px) 100vw, 218px\" \/><\/a><figcaption id=\"caption-attachment-34558\" class=\"wp-caption-text\">Roland Hartwig leitet die Schwarzm\u00fcller-Gruppe seit 2016 und baut seither die Kundenservices systematisch aus.<\/figcaption><\/figure>\n<h3>Umsetzung auch in Deutschland angelaufen<\/h3>\n<p>In Deutschland ist f\u00fcr das Ersatzteilmanagement zus\u00e4tzlich zum fr\u00e4nkischen Eltmann ein zweites Lager beim Tochterunternehmen H\u00fcffermann in Brandenburg eingerichtet worden, von wo aus auch Polen betreut wird. Im \u00dcbrigen Ost- und S\u00fcdosteuropa plant man die Ausrollung zumindest dort, wo Schwarzm\u00fcller wie in Tschechien, Ungarn oder der Slowakei Marktf\u00fchrer ist. Mit marken\u00fcbergreifenden Ersatzteilen beliefert werden neben den eigenen Standorten rund 350 internationale Servicepartner und alle Kunden, die direkt bestellen.<\/p>\n<blockquote><p>\u201eWir verstehen uns nicht als Ersatzteilh\u00e4ndler, sondern stellen den Kundenservice in den Mittelpunkt. Sofort disponible Ersatzteile sind die Voraussetzung, um die Stehzeiten bei Wartung oder Reparatur zu verk\u00fcrzen\u201c, erl\u00e4uterte CEO Hartwig.<\/p><\/blockquote>\n<p>Durch die dezentrale, aber bedarfsorientierte Struktur der Ersatzteill\u00e4ger werde die Verf\u00fcgbarkeit verbessert. <em>\u201eUnser Ziel ist, das richtige Teil zum richtigen Zeitpunkt am richtigen Ort zu haben.\u201c<\/em><\/p>\n<h3>Neue Wartungskonzepte<\/h3>\n<p>Bei Schwarzm\u00fcller entstehen auf der Grundlage der Ersatzteil-Bewirtschaftung neue Wartungskonzepte. In vielen Transportunternehmen sinken aufgrund der demografischen Entwicklung die Kapazit\u00e4ten f\u00fcr die effiziente Wartung der eigenen Flotte. Hier springt Schwarzm\u00fcller ein und erledigt die anfallenden Arbeiten termintreu und effizient. In Kombination mit SWIT Schwarzm\u00fcller Intelligent Telematics wird daraus ein System vorausschauender Wartung, in dem alle Eingriffe im Voraus geplant werden. <em>\u201eAuf diese Weise erf\u00fcllen wir auch bei den Services unser zentrales <\/em><em>Versprechen: Den Kunden mehr Nutzen zu erm\u00f6glichen. Zum Beispiel durch die Reduktion von Stehzeiten\u201c<\/em>, ist Hartwig \u00fcberzeugt.<\/p>\n\r\n\t\t\t\t<div class=\"post-author\">\r\n\t\t\t\t\t<div class=\"khm-cp-author clearfix\">\r\n\t\t\t\t\t\t<div class=\"khm-cp-author__content\">\r\n\t\t\t\t\t\t\t\tKontakt zum Autor:<br \/>\r\n\t\t\t\t\t\t\t\t<strong>Georg Blenk<\/strong>, 08247 \/ 3007-45 |  <a href=\"mailto:georg.blenk@krafthand-medien.de\">georg.blenk@krafthand-medien.de<\/a>\r\n\t\t\t\t\t\t\t<div class=\"khm-cp-author__image\">\r\n\t\t\t\t\t\t<img src=\"https:\/\/static.krafthand-truck.de\/uploads\/2021\/01\/Blenk_6104-250x300-1-removebg-preview.png\" class=\"img-responsive\">\r\n\t\t\t\t\t<\/div>\r\n\t\t\t\t\t\t<\/div>\r\n\t\t\t\t\t<\/div>\r\n\t\t\t\t<\/div>\r\n\t\t\t\t","protected":false},"excerpt":{"rendered":"<p>Die Schwarzm\u00fcller Gruppe m\u00f6chte das Management von Ersatzteilen in \u00d6sterreich und Deutschland weiter ausbauen. Jeder der f\u00fcnf \u00f6sterreichischen Schwarzm\u00fcller Servicestandorte h\u00e4lt jene Teile vor, die er f\u00fcr seine Serviceschwerpunkte regelm\u00e4\u00dfig ben\u00f6tigt. <span class=\"excerpt-more__dots\">&#8230;<\/span> <a class=\"excerpt-more__link\" href=\"https:\/\/www.krafthand.de\/truck\/artikel\/schwarzmueller-ersatzteilversorgung-staerker-auf-kunden-ausgerichtet-34555\/\" >weiter<\/a><\/p>\n","protected":false},"author":9,"featured_media":34557,"comment_status":"closed","ping_status":"closed","sticky":false,"template":"","format":"standard","meta":{"footnotes":""},"categories":[4912,4229,4914],"tags":[510,3881,599],"settings":[3524,4766,3523],"class_list":["post-34555","post","type-post","status-publish","format-standard","has-post-thumbnail","hentry","category-ersatzteile-zubehoer","category-nfz-teile-systeme","category-trailer-aufbauten","tag-ersatzteile","tag-schwarzmueller","tag-trailer"],"yoast_head":"<!-- This site is optimized with the Yoast SEO plugin v27.3 - https:\/\/yoast.com\/product\/yoast-seo-wordpress\/ -->\n<title>Schwarzm\u00fcller: Ersatzteilversorgung st\u00e4rker auf Kunden ausgerichtet. - Krafthand-Truck<\/title>\n<meta name=\"description\" content=\"Die Schwarzm\u00fcller Gruppe m\u00f6chte das Management von Trailer-Ersatzteilen in \u00d6sterreich und Deutschland weiter ausbauen.\" \/>\n<meta name=\"robots\" content=\"index, follow, max-snippet:-1, max-image-preview:large, max-video-preview:-1\" \/>\n<link rel=\"canonical\" href=\"https:\/\/www.krafthand.de\/truck\/artikel\/schwarzmueller-ersatzteilversorgung-staerker-auf-kunden-ausgerichtet-34555\/\" \/>\n<meta property=\"og:locale\" content=\"de_DE\" \/>\n<meta property=\"og:type\" content=\"article\" \/>\n<meta property=\"og:title\" content=\"Schwarzm\u00fcller: Ersatzteilversorgung st\u00e4rker auf Kunden ausgerichtet. - Krafthand-Truck\" \/>\n<meta property=\"og:description\" content=\"Die Schwarzm\u00fcller Gruppe m\u00f6chte das Management von Trailer-Ersatzteilen in \u00d6sterreich und Deutschland weiter ausbauen.\" \/>\n<meta property=\"og:url\" content=\"https:\/\/www.krafthand-truck.de\/artikel\/schwarzmueller-ersatzteilversorgung-staerker-auf-kunden-ausgerichtet-34555\/\" \/>\n<meta property=\"og:site_name\" content=\"Krafthand-Truck\" \/>\n<meta property=\"article:published_time\" content=\"2022-12-02T11:13:27+00:00\" \/>\n<meta property=\"article:modified_time\" content=\"2022-12-02T11:17:05+00:00\" \/>\n<meta property=\"og:image\" content=\"https:\/\/static.krafthand-truck.de\/uploads\/2022\/12\/Schwarzmueller__Monatgegrube_rot_L1007524_K.jpg\" \/>\n\t<meta property=\"og:image:width\" content=\"1200\" \/>\n\t<meta property=\"og:image:height\" content=\"798\" \/>\n\t<meta property=\"og:image:type\" content=\"image\/jpeg\" \/>\n<meta name=\"author\" content=\"georg.blenk@krafthand-medien.de\" \/>\n<meta name=\"twitter:card\" content=\"summary_large_image\" \/>\n<meta name=\"twitter:label1\" content=\"Verfasst von\" \/>\n\t<meta name=\"twitter:data1\" content=\"georg.blenk@krafthand-medien.de\" \/>\n\t<meta name=\"twitter:label2\" content=\"Gesch\u00e4tzte Lesezeit\" \/>\n\t<meta name=\"twitter:data2\" content=\"3\u00a0Minuten\" \/>\n<script type=\"application\/ld+json\" class=\"yoast-schema-graph\">{\"@context\":\"https:\\\/\\\/schema.org\",\"@graph\":[{\"@type\":\"Article\",\"@id\":\"https:\\\/\\\/www.krafthand.de\\\/truck\\\/artikel\\\/schwarzmueller-ersatzteilversorgung-staerker-auf-kunden-ausgerichtet-34555\\\/#article\",\"isPartOf\":{\"@id\":\"https:\\\/\\\/www.krafthand.de\\\/truck\\\/artikel\\\/schwarzmueller-ersatzteilversorgung-staerker-auf-kunden-ausgerichtet-34555\\\/\"},\"author\":{\"name\":\"georg.blenk@krafthand-medien.de\",\"@id\":\"https:\\\/\\\/www.krafthand.de\\\/truck\\\/#\\\/schema\\\/person\\\/51fa80b1c57034c4bf63f9f988fc24ce\"},\"headline\":\"Schwarzm\u00fcller: Ersatzteilversorgung st\u00e4rker auf Kunden ausgerichtet.\",\"datePublished\":\"2022-12-02T11:13:27+00:00\",\"dateModified\":\"2022-12-02T11:17:05+00:00\",\"mainEntityOfPage\":{\"@id\":\"https:\\\/\\\/www.krafthand.de\\\/truck\\\/artikel\\\/schwarzmueller-ersatzteilversorgung-staerker-auf-kunden-ausgerichtet-34555\\\/\"},\"wordCount\":398,\"image\":{\"@id\":\"https:\\\/\\\/www.krafthand.de\\\/truck\\\/artikel\\\/schwarzmueller-ersatzteilversorgung-staerker-auf-kunden-ausgerichtet-34555\\\/#primaryimage\"},\"thumbnailUrl\":\"https:\\\/\\\/static.krafthand-truck.de\\\/uploads\\\/2022\\\/12\\\/Schwarzmueller__Monatgegrube_rot_L1007524_K.jpg\",\"keywords\":[\"Ersatzteile\",\"Schwarzm\u00fcller\",\"Trailer\"],\"articleSection\":[\"Ersatzteile\\\/Zubeh\u00f6r\",\"Nfz-Teile\\\/Systeme\",\"Trailer\\\/Aufbauten\"],\"inLanguage\":\"de\"},{\"@type\":\"WebPage\",\"@id\":\"https:\\\/\\\/www.krafthand.de\\\/truck\\\/artikel\\\/schwarzmueller-ersatzteilversorgung-staerker-auf-kunden-ausgerichtet-34555\\\/\",\"url\":\"https:\\\/\\\/www.krafthand.de\\\/truck\\\/artikel\\\/schwarzmueller-ersatzteilversorgung-staerker-auf-kunden-ausgerichtet-34555\\\/\",\"name\":\"Schwarzm\u00fcller: Ersatzteilversorgung st\u00e4rker auf Kunden ausgerichtet. - Krafthand-Truck\",\"isPartOf\":{\"@id\":\"https:\\\/\\\/www.krafthand.de\\\/truck\\\/#website\"},\"primaryImageOfPage\":{\"@id\":\"https:\\\/\\\/www.krafthand.de\\\/truck\\\/artikel\\\/schwarzmueller-ersatzteilversorgung-staerker-auf-kunden-ausgerichtet-34555\\\/#primaryimage\"},\"image\":{\"@id\":\"https:\\\/\\\/www.krafthand.de\\\/truck\\\/artikel\\\/schwarzmueller-ersatzteilversorgung-staerker-auf-kunden-ausgerichtet-34555\\\/#primaryimage\"},\"thumbnailUrl\":\"https:\\\/\\\/static.krafthand-truck.de\\\/uploads\\\/2022\\\/12\\\/Schwarzmueller__Monatgegrube_rot_L1007524_K.jpg\",\"datePublished\":\"2022-12-02T11:13:27+00:00\",\"dateModified\":\"2022-12-02T11:17:05+00:00\",\"author\":{\"@id\":\"https:\\\/\\\/www.krafthand.de\\\/truck\\\/#\\\/schema\\\/person\\\/51fa80b1c57034c4bf63f9f988fc24ce\"},\"description\":\"Die Schwarzm\u00fcller Gruppe m\u00f6chte das Management von Trailer-Ersatzteilen in \u00d6sterreich und Deutschland weiter ausbauen.\",\"breadcrumb\":{\"@id\":\"https:\\\/\\\/www.krafthand.de\\\/truck\\\/artikel\\\/schwarzmueller-ersatzteilversorgung-staerker-auf-kunden-ausgerichtet-34555\\\/#breadcrumb\"},\"inLanguage\":\"de\",\"potentialAction\":[{\"@type\":\"ReadAction\",\"target\":[\"https:\\\/\\\/www.krafthand.de\\\/truck\\\/artikel\\\/schwarzmueller-ersatzteilversorgung-staerker-auf-kunden-ausgerichtet-34555\\\/\"]}]},{\"@type\":\"ImageObject\",\"inLanguage\":\"de\",\"@id\":\"https:\\\/\\\/www.krafthand.de\\\/truck\\\/artikel\\\/schwarzmueller-ersatzteilversorgung-staerker-auf-kunden-ausgerichtet-34555\\\/#primaryimage\",\"url\":\"https:\\\/\\\/static.krafthand-truck.de\\\/uploads\\\/2022\\\/12\\\/Schwarzmueller__Monatgegrube_rot_L1007524_K.jpg\",\"contentUrl\":\"https:\\\/\\\/static.krafthand-truck.de\\\/uploads\\\/2022\\\/12\\\/Schwarzmueller__Monatgegrube_rot_L1007524_K.jpg\",\"width\":1200,\"height\":798,\"caption\":\"Ersatzteile werden bei Schwarzm\u00fcller bedarfsorientiert und dezentral verwaltet, um f\u00fcr Wartung und Reparatur sofort zur Verf\u00fcgung zu stehen. Bilder: Schwarzm\u00fcller\"},{\"@type\":\"BreadcrumbList\",\"@id\":\"https:\\\/\\\/www.krafthand.de\\\/truck\\\/artikel\\\/schwarzmueller-ersatzteilversorgung-staerker-auf-kunden-ausgerichtet-34555\\\/#breadcrumb\",\"itemListElement\":[{\"@type\":\"ListItem\",\"position\":1,\"name\":\"Krafthand-Truck\",\"item\":\"https:\\\/\\\/www.krafthand.de\\\/truck\\\/\"},{\"@type\":\"ListItem\",\"position\":2,\"name\":\"Nfz-Service\",\"item\":\"https:\\\/\\\/www.krafthand.de\\\/truck\\\/kategorie\\\/nfz-service\\\/\"},{\"@type\":\"ListItem\",\"position\":3,\"name\":\"Ersatzteile\\\/Zubeh\u00f6r\",\"item\":\"https:\\\/\\\/www.krafthand.de\\\/truck\\\/kategorie\\\/nfz-service\\\/ersatzteile-zubehoer\\\/\"},{\"@type\":\"ListItem\",\"position\":4,\"name\":\"Schwarzm\u00fcller: Ersatzteilversorgung st\u00e4rker auf Kunden ausgerichtet.\"}]},{\"@type\":\"WebSite\",\"@id\":\"https:\\\/\\\/www.krafthand.de\\\/truck\\\/#website\",\"url\":\"https:\\\/\\\/www.krafthand.de\\\/truck\\\/\",\"name\":\"Krafthand-Truck\",\"description\":\"\",\"potentialAction\":[{\"@type\":\"SearchAction\",\"target\":{\"@type\":\"EntryPoint\",\"urlTemplate\":\"https:\\\/\\\/www.krafthand.de\\\/truck\\\/?s={search_term_string}\"},\"query-input\":{\"@type\":\"PropertyValueSpecification\",\"valueRequired\":true,\"valueName\":\"search_term_string\"}}],\"inLanguage\":\"de\"},{\"@type\":\"Person\",\"@id\":\"https:\\\/\\\/www.krafthand.de\\\/truck\\\/#\\\/schema\\\/person\\\/51fa80b1c57034c4bf63f9f988fc24ce\",\"name\":\"georg.blenk@krafthand-medien.de\",\"image\":{\"@type\":\"ImageObject\",\"inLanguage\":\"de\",\"@id\":\"https:\\\/\\\/secure.gravatar.com\\\/avatar\\\/93713c30affe0aa95d3a4130e499bb1abee2eb31adbdd9ce2aa1543538490215?s=96&d=mm&r=g\",\"url\":\"https:\\\/\\\/secure.gravatar.com\\\/avatar\\\/93713c30affe0aa95d3a4130e499bb1abee2eb31adbdd9ce2aa1543538490215?s=96&d=mm&r=g\",\"contentUrl\":\"https:\\\/\\\/secure.gravatar.com\\\/avatar\\\/93713c30affe0aa95d3a4130e499bb1abee2eb31adbdd9ce2aa1543538490215?s=96&d=mm&r=g\",\"caption\":\"georg.blenk@krafthand-medien.de\"}}]}<\/script>\n<!-- \/ Yoast SEO plugin. -->","yoast_head_json":{"title":"Schwarzm\u00fcller: Ersatzteilversorgung st\u00e4rker auf Kunden ausgerichtet. - Krafthand-Truck","description":"Die Schwarzm\u00fcller Gruppe m\u00f6chte das Management von Trailer-Ersatzteilen in \u00d6sterreich und Deutschland weiter ausbauen.","robots":{"index":"index","follow":"follow","max-snippet":"max-snippet:-1","max-image-preview":"max-image-preview:large","max-video-preview":"max-video-preview:-1"},"canonical":"https:\/\/www.krafthand.de\/truck\/artikel\/schwarzmueller-ersatzteilversorgung-staerker-auf-kunden-ausgerichtet-34555\/","og_locale":"de_DE","og_type":"article","og_title":"Schwarzm\u00fcller: Ersatzteilversorgung st\u00e4rker auf Kunden ausgerichtet. - Krafthand-Truck","og_description":"Die Schwarzm\u00fcller Gruppe m\u00f6chte das Management von Trailer-Ersatzteilen in \u00d6sterreich und Deutschland weiter ausbauen.","og_url":"https:\/\/www.krafthand-truck.de\/artikel\/schwarzmueller-ersatzteilversorgung-staerker-auf-kunden-ausgerichtet-34555\/","og_site_name":"Krafthand-Truck","article_published_time":"2022-12-02T11:13:27+00:00","article_modified_time":"2022-12-02T11:17:05+00:00","og_image":[{"width":1200,"height":798,"url":"https:\/\/static.krafthand-truck.de\/uploads\/2022\/12\/Schwarzmueller__Monatgegrube_rot_L1007524_K.jpg","type":"image\/jpeg"}],"author":"georg.blenk@krafthand-medien.de","twitter_card":"summary_large_image","twitter_misc":{"Verfasst von":"georg.blenk@krafthand-medien.de","Gesch\u00e4tzte Lesezeit":"3\u00a0Minuten"},"schema":{"@context":"https:\/\/schema.org","@graph":[{"@type":"Article","@id":"https:\/\/www.krafthand.de\/truck\/artikel\/schwarzmueller-ersatzteilversorgung-staerker-auf-kunden-ausgerichtet-34555\/#article","isPartOf":{"@id":"https:\/\/www.krafthand.de\/truck\/artikel\/schwarzmueller-ersatzteilversorgung-staerker-auf-kunden-ausgerichtet-34555\/"},"author":{"name":"georg.blenk@krafthand-medien.de","@id":"https:\/\/www.krafthand.de\/truck\/#\/schema\/person\/51fa80b1c57034c4bf63f9f988fc24ce"},"headline":"Schwarzm\u00fcller: Ersatzteilversorgung st\u00e4rker auf Kunden ausgerichtet.","datePublished":"2022-12-02T11:13:27+00:00","dateModified":"2022-12-02T11:17:05+00:00","mainEntityOfPage":{"@id":"https:\/\/www.krafthand.de\/truck\/artikel\/schwarzmueller-ersatzteilversorgung-staerker-auf-kunden-ausgerichtet-34555\/"},"wordCount":398,"image":{"@id":"https:\/\/www.krafthand.de\/truck\/artikel\/schwarzmueller-ersatzteilversorgung-staerker-auf-kunden-ausgerichtet-34555\/#primaryimage"},"thumbnailUrl":"https:\/\/static.krafthand-truck.de\/uploads\/2022\/12\/Schwarzmueller__Monatgegrube_rot_L1007524_K.jpg","keywords":["Ersatzteile","Schwarzm\u00fcller","Trailer"],"articleSection":["Ersatzteile\/Zubeh\u00f6r","Nfz-Teile\/Systeme","Trailer\/Aufbauten"],"inLanguage":"de"},{"@type":"WebPage","@id":"https:\/\/www.krafthand.de\/truck\/artikel\/schwarzmueller-ersatzteilversorgung-staerker-auf-kunden-ausgerichtet-34555\/","url":"https:\/\/www.krafthand.de\/truck\/artikel\/schwarzmueller-ersatzteilversorgung-staerker-auf-kunden-ausgerichtet-34555\/","name":"Schwarzm\u00fcller: Ersatzteilversorgung st\u00e4rker auf Kunden ausgerichtet. - Krafthand-Truck","isPartOf":{"@id":"https:\/\/www.krafthand.de\/truck\/#website"},"primaryImageOfPage":{"@id":"https:\/\/www.krafthand.de\/truck\/artikel\/schwarzmueller-ersatzteilversorgung-staerker-auf-kunden-ausgerichtet-34555\/#primaryimage"},"image":{"@id":"https:\/\/www.krafthand.de\/truck\/artikel\/schwarzmueller-ersatzteilversorgung-staerker-auf-kunden-ausgerichtet-34555\/#primaryimage"},"thumbnailUrl":"https:\/\/static.krafthand-truck.de\/uploads\/2022\/12\/Schwarzmueller__Monatgegrube_rot_L1007524_K.jpg","datePublished":"2022-12-02T11:13:27+00:00","dateModified":"2022-12-02T11:17:05+00:00","author":{"@id":"https:\/\/www.krafthand.de\/truck\/#\/schema\/person\/51fa80b1c57034c4bf63f9f988fc24ce"},"description":"Die Schwarzm\u00fcller Gruppe m\u00f6chte das Management von Trailer-Ersatzteilen in \u00d6sterreich und Deutschland weiter ausbauen.","breadcrumb":{"@id":"https:\/\/www.krafthand.de\/truck\/artikel\/schwarzmueller-ersatzteilversorgung-staerker-auf-kunden-ausgerichtet-34555\/#breadcrumb"},"inLanguage":"de","potentialAction":[{"@type":"ReadAction","target":["https:\/\/www.krafthand.de\/truck\/artikel\/schwarzmueller-ersatzteilversorgung-staerker-auf-kunden-ausgerichtet-34555\/"]}]},{"@type":"ImageObject","inLanguage":"de","@id":"https:\/\/www.krafthand.de\/truck\/artikel\/schwarzmueller-ersatzteilversorgung-staerker-auf-kunden-ausgerichtet-34555\/#primaryimage","url":"https:\/\/static.krafthand-truck.de\/uploads\/2022\/12\/Schwarzmueller__Monatgegrube_rot_L1007524_K.jpg","contentUrl":"https:\/\/static.krafthand-truck.de\/uploads\/2022\/12\/Schwarzmueller__Monatgegrube_rot_L1007524_K.jpg","width":1200,"height":798,"caption":"Ersatzteile werden bei Schwarzm\u00fcller bedarfsorientiert und dezentral verwaltet, um f\u00fcr Wartung und Reparatur sofort zur Verf\u00fcgung zu stehen. Bilder: Schwarzm\u00fcller"},{"@type":"BreadcrumbList","@id":"https:\/\/www.krafthand.de\/truck\/artikel\/schwarzmueller-ersatzteilversorgung-staerker-auf-kunden-ausgerichtet-34555\/#breadcrumb","itemListElement":[{"@type":"ListItem","position":1,"name":"Krafthand-Truck","item":"https:\/\/www.krafthand.de\/truck\/"},{"@type":"ListItem","position":2,"name":"Nfz-Service","item":"https:\/\/www.krafthand.de\/truck\/kategorie\/nfz-service\/"},{"@type":"ListItem","position":3,"name":"Ersatzteile\/Zubeh\u00f6r","item":"https:\/\/www.krafthand.de\/truck\/kategorie\/nfz-service\/ersatzteile-zubehoer\/"},{"@type":"ListItem","position":4,"name":"Schwarzm\u00fcller: Ersatzteilversorgung st\u00e4rker auf Kunden ausgerichtet."}]},{"@type":"WebSite","@id":"https:\/\/www.krafthand.de\/truck\/#website","url":"https:\/\/www.krafthand.de\/truck\/","name":"Krafthand-Truck","description":"","potentialAction":[{"@type":"SearchAction","target":{"@type":"EntryPoint","urlTemplate":"https:\/\/www.krafthand.de\/truck\/?s={search_term_string}"},"query-input":{"@type":"PropertyValueSpecification","valueRequired":true,"valueName":"search_term_string"}}],"inLanguage":"de"},{"@type":"Person","@id":"https:\/\/www.krafthand.de\/truck\/#\/schema\/person\/51fa80b1c57034c4bf63f9f988fc24ce","name":"georg.blenk@krafthand-medien.de","image":{"@type":"ImageObject","inLanguage":"de","@id":"https:\/\/secure.gravatar.com\/avatar\/93713c30affe0aa95d3a4130e499bb1abee2eb31adbdd9ce2aa1543538490215?s=96&d=mm&r=g","url":"https:\/\/secure.gravatar.com\/avatar\/93713c30affe0aa95d3a4130e499bb1abee2eb31adbdd9ce2aa1543538490215?s=96&d=mm&r=g","contentUrl":"https:\/\/secure.gravatar.com\/avatar\/93713c30affe0aa95d3a4130e499bb1abee2eb31adbdd9ce2aa1543538490215?s=96&d=mm&r=g","caption":"georg.blenk@krafthand-medien.de"}}]}},"_links":{"self":[{"href":"https:\/\/www.krafthand.de\/truck\/wp-json\/wp\/v2\/posts\/34555","targetHints":{"allow":["GET"]}}],"collection":[{"href":"https:\/\/www.krafthand.de\/truck\/wp-json\/wp\/v2\/posts"}],"about":[{"href":"https:\/\/www.krafthand.de\/truck\/wp-json\/wp\/v2\/types\/post"}],"author":[{"embeddable":true,"href":"https:\/\/www.krafthand.de\/truck\/wp-json\/wp\/v2\/users\/9"}],"replies":[{"embeddable":true,"href":"https:\/\/www.krafthand.de\/truck\/wp-json\/wp\/v2\/comments?post=34555"}],"version-history":[{"count":7,"href":"https:\/\/www.krafthand.de\/truck\/wp-json\/wp\/v2\/posts\/34555\/revisions"}],"predecessor-version":[{"id":34564,"href":"https:\/\/www.krafthand.de\/truck\/wp-json\/wp\/v2\/posts\/34555\/revisions\/34564"}],"wp:featuredmedia":[{"embeddable":true,"href":"https:\/\/www.krafthand.de\/truck\/wp-json\/wp\/v2\/media\/34557"}],"wp:attachment":[{"href":"https:\/\/www.krafthand.de\/truck\/wp-json\/wp\/v2\/media?parent=34555"}],"wp:term":[{"taxonomy":"category","embeddable":true,"href":"https:\/\/www.krafthand.de\/truck\/wp-json\/wp\/v2\/categories?post=34555"},{"taxonomy":"post_tag","embeddable":true,"href":"https:\/\/www.krafthand.de\/truck\/wp-json\/wp\/v2\/tags?post=34555"},{"taxonomy":"settings","embeddable":true,"href":"https:\/\/www.krafthand.de\/truck\/wp-json\/wp\/v2\/settings?post=34555"}],"curies":[{"name":"wp","href":"https:\/\/api.w.org\/{rel}","templated":true}]}}