{"id":34523,"date":"2022-11-30T13:09:53","date_gmt":"2022-11-30T12:09:53","guid":{"rendered":"https:\/\/www.krafthand.de\/truck\/?p=34523"},"modified":"2022-12-03T05:27:46","modified_gmt":"2022-12-03T04:27:46","slug":"wir-haben-eine-grosse-verantwortung","status":"publish","type":"post","link":"https:\/\/www.krafthand.de\/truck\/artikel\/wir-haben-eine-grosse-verantwortung-34523\/","title":{"rendered":"&#8222;Wir haben eine gro\u00dfe Verantwortung&#8220;"},"content":{"rendered":"<p>Jochen M\u00e4hlmann hat eine Doppelfunktion. Er ist Leiter Konzernstrategie-Nutzfahrzeuge bei der Bernhard Krone Holding sowie seit Januar 2022 Managing Director beim Start-Up Trailer Dynamics. Er erg\u00e4nzt im jungen Eschweiler Unternehmen das Management-Team rund um Abdullah Jaber und Michael W. Nimtsch. <a href=\"https:\/\/www.krone-trailer.com\" target=\"_blank\" rel=\"noopener\">Krone<\/a> ist einer der weltweit f\u00fchrenden Unternehmen im Trailerbau. <a href=\"https:\/\/www.trailerdynamics.de\" target=\"_blank\" rel=\"noopener\">Trailer Dynamics<\/a> hat sich auf die Fahnen geschrieben, den Trailer neu zu definieren \u2013 weg von der rein gezogenen Einheit, mit dem eTrailer hin zu einem aktiv eingebundenen Transportsystem. Das Ziel: Eine deutliche Senkung der Schadstoffemissionen und die Steigerung der Gesamtperformance. Krafthand-Truck hat mit Jochen M\u00e4hlmann \u00fcber die G\u00fcterverkehrsbranche, die Technik und den \u201aMenschen\u2018 gesprochen.<\/p>\n<p class=\"text-question\">Sehr geehrter Herr M\u00e4hlmann, wie sieht Ihre Bilanz nach der IAA-Transportation aus?<\/p><p class=\"text-answer\"><\/p>\n<p>Der gro\u00dfe Andrang w\u00e4hrend der Messe und die damit verbundene hohe Zahl an Reservierungen, haben den technisch innovativen und wirtschaftlich sinnvollen Charakter des eTrailers voll best\u00e4tigt.<\/p>\n<p class=\"text-question\">Ein zentraler Schwerpunkt auf der Messe waren ehedem die alternativen Antriebe. Es gab quasi ein Feuerwerk an Neuvorstellungen. Dennoch bleiben viele Fragen offen, beispielsweise zur Ladeinfrastruktur oder zur Produktion von gr\u00fcnem Strom. Wie sehen Sie die weitere Entwicklung?<\/p><p class=\"text-answer\"><\/p>\n<p>Die technologieoffene Herangehensweise hat zu einer Vielzahl an Neuvorstellungen alternativer Antriebe gef\u00fchrt. Diese Entwicklung begr\u00fc\u00dfe ich sehr. Der Ausbau der Ladeinfrastruktur wird jedoch weiterhin der Engpass, was die Skalierung der L\u00f6sungen angeht, bleiben. In unseren Gespr\u00e4chen mit den Kunden evaluieren wir gemeinsam genau, auf welcher Strecke welcher eTrailer in der richtigen Konfiguration sinnvoll einsetzbar ist. Hierf\u00fcr haben wir ein fundiertes Analyse-Tool auf der IAA eingesetzt, um die eTrailer-Konfiguration mit der vorhandenen Ladeinfrastruktur und dem Use Case unserer Kunden zu synchronisieren.<\/p>\n<p>&nbsp;<\/p>\n<div class=\"infobox box-grey\"><\/p>\n<p><figure id=\"attachment_34524\" aria-describedby=\"caption-attachment-34524\" style=\"width: 160px\" class=\"wp-caption alignright\"><a href=\"https:\/\/static.krafthand-truck.de\/uploads\/2022\/11\/04_2022_004_1.jpg\" target=\"_blank\" rel=\"noopener\"><img decoding=\"async\" class=\"wp-image-34524\" src=\"https:\/\/static.krafthand-truck.de\/uploads\/2022\/11\/04_2022_004_1-225x300.jpg\" alt=\"\" width=\"160\" height=\"214\" srcset=\"https:\/\/static.krafthand-truck.de\/uploads\/2022\/11\/04_2022_004_1-225x300.jpg 225w, https:\/\/static.krafthand-truck.de\/uploads\/2022\/11\/04_2022_004_1-766x1024.jpg 766w, https:\/\/static.krafthand-truck.de\/uploads\/2022\/11\/04_2022_004_1-768x1026.jpg 768w, https:\/\/static.krafthand-truck.de\/uploads\/2022\/11\/04_2022_004_1.jpg 898w\" sizes=\"(max-width: 160px) 100vw, 160px\" \/><\/a><figcaption id=\"caption-attachment-34524\" class=\"wp-caption-text\">Jochen M\u00e4hlmann auf der IAA Transportation.<\/figcaption><\/figure><\/p>\n<h3>Zur Person<\/h3>\n<p>Jochen M\u00e4hlmann (40) ist studierter Wirtschaftsingenieur. Nach Stationen bei ZF in China und Claas startete er 2006 bei Krone. Hier leitete er kurz darauf die Logistik der gesamten Nutzfahrzeug Gruppe. Heute ist M\u00e4hlmann, der als gut vernetzt gilt, Leiter der Konzernstrategie Nutzfahrzeuge. Auf der einen Seite richtet er gemeinsam mit dem Krone-Vorstand die Nutzfahrzeug-Gruppe strategisch auf die Zukunft aus und f\u00e4delt auf der anderen Seite strategische Partnerschaften ein. Im Fall von Trailer Dynamics begleitet er auch die Partnerschaft in der Umsetzung. Jochen M\u00e4hlmann ist verheiratet und hat zwei Kinder.<\/p>\n<p><\/div>\n<p>&nbsp;<\/p>\n<p class=\"text-question\">Wie w\u00fcrden Sie Ihren eigenen, beruflichen Antrieb beschreiben?<\/p><p class=\"text-answer\"><\/p>\n<p>Ich freue mich in einer Zeit zu leben, in der die Bedeutung der Nachhaltigkeit auf technologische L\u00f6sungen trifft, die es erm\u00f6glichen einen Weg zur CO2-armen Logistik zu gestalten. Dadurch hat insbesondere meine Generation aktuell eine sehr gro\u00dfe Verantwortung entsprechende L\u00f6sungen auch umzusetzen, um einen wesentlichen gesellschaftlichen Beitrag zu leisten. In der Strategie von Krone forcieren wir stark die Themen Digitalisierung, Automatisierung und Elektrifizierung. Am Beispiel Trailer Dynamics bedeutet dies operationalisiert: Jeder eTrailer spart gegen\u00fcber einem konventionellen Trailer in Verbindung mit einer Dieselsattelzugmaschine, mindestens 20t CO2 im Jahr ein. Durch den Markthochlauf des eTrailers reduzieren sich so die Mengen an CO2 signifikant.<\/p>\n<p class=\"text-question\">Privat stellen Sie sich ebenfalls hohen Herausforderungen, sie sind leidenschaftlicher Kletterer. Gibt es Parallelen zum Berufsleben?<\/p><p class=\"text-answer\"><\/p>\n<p>Ja, es gibt viele Parallelen. Die wichtigste Erkenntnis f\u00fcr mich ist, dass eine gute Planung wichtig ist und vieles im Vorfeld absichert. Dennoch muss man flexibel bleiben, um beispielsweise auf unvorhersehbare Wetterumschw\u00fcnge reagieren zu k\u00f6nnen. Genauso wichtig wie die Planung ist einfach anzufangen und die offenen Fragen zu kl\u00e4ren.<\/p>\n<blockquote class=\"khm-quote\"><p>Es ist wichtig einfach anzufangen und offene Fragen zu kl\u00e4ren.<\/p><\/blockquote>\n<p class=\"text-question\">Wie gelingt Ihnen in Ihren Positionen im Tagesgesch\u00e4ft der Spagat zwischen einem Gro\u00dfunternehmen wie Krone und dem \u201aStart-up\u2018 Trailer Dynamics?<\/p><p class=\"text-answer\"><\/p>\n<p>Wir haben uns bei Krone bewusst daf\u00fcr entschieden bei wichtigen Themen in einer Art dualem Betriebssystem zu arbeiten. Das managementgesteuerte Gro\u00dfunternehmen sichert dabei vieles ab und ist stark in der industriellen Skalierung. Das Schnellboot \u2013 hier das \u201aStart-up\u2018 Trailer Dynamics \u2013 nimmt die Abk\u00fcrzungen und geht auch mal bewusst Risiken ein. Beide Systeme haben ihre Relevanz und m\u00fcssen an der Schnittstelle gesteuert werden. Im \u00dcbrigen: Diese Art der Zusammenarbeit macht die Kooperation Krone und Trailer Dynamics so erfolgreich.<\/p>\n<p class=\"text-question\">Der eTrailer dient mit seiner e-Achse als Range-Extender f\u00fcr Diesel- und E-Lkw (BEV\/FCEV), kann beispielsweise ein elektrisches K\u00fchlaggregat versorgen oder als Energiespeicher verwendet werden. Aber der eTrailer darf (noch) nicht aktiv f\u00fcr zus\u00e4tzlichen Vortrieb des Gespanns sorgen?<\/p><p class=\"text-answer\"><\/p>\n<p>Genau richtig. Der eTrailer besitzt einen nachgelagerten Antriebsstrang und unterst\u00fctzt die Sattelzugmaschine, er schiebt die Sattelzugmaschine aber nicht an. Alle regulatorischen Einordnungen f\u00fcr den Stra\u00dfenbetrieb und auch unsere Entwicklung fokussieren sich voll auf dieses Sze-<br \/>\nnario. Perspektivisch entstehen nat\u00fcrlich durch den Antriebsstrang im eTrailer neue M\u00f6glichkeiten des Rangierens auf nicht \u00f6ffentlichen Betriebsh\u00f6fen.<\/p>\n<p>&nbsp;<\/p>\n<figure id=\"attachment_34526\" aria-describedby=\"caption-attachment-34526\" style=\"width: 800px\" class=\"wp-caption aligncenter\"><img fetchpriority=\"high\" decoding=\"async\" class=\"wp-image-34526\" src=\"https:\/\/static.krafthand-truck.de\/uploads\/2022\/11\/04_2022_004_3-300x158.jpg\" alt=\"\" width=\"800\" height=\"422\" srcset=\"https:\/\/static.krafthand-truck.de\/uploads\/2022\/11\/04_2022_004_3-300x158.jpg 300w, https:\/\/static.krafthand-truck.de\/uploads\/2022\/11\/04_2022_004_3-1024x540.jpg 1024w, https:\/\/static.krafthand-truck.de\/uploads\/2022\/11\/04_2022_004_3-768x405.jpg 768w, https:\/\/static.krafthand-truck.de\/uploads\/2022\/11\/04_2022_004_3-1320x696.jpg 1320w, https:\/\/static.krafthand-truck.de\/uploads\/2022\/11\/04_2022_004_3.jpg 1400w\" sizes=\"(max-width: 800px) 100vw, 800px\" \/><figcaption id=\"caption-attachment-34526\" class=\"wp-caption-text\">Das modulare Batteriesystem (Lithium-Eisen-Phosphat) ist zentral unter dem Leiterrahmen des eTrailers platziert.<\/figcaption><\/figure>\n<p>&nbsp;<\/p>\n<p class=\"text-question\">K\u00fcrzlich ist Trailer Dynamics eine Kooperation mit dem chinesischen Batteriehersteller CATL eingegangen. Wie sieht die zuk\u00fcnftige Zusammenarbeit aus?<\/p><p class=\"text-answer\"><\/p>\n<p><a href=\"https:\/\/www.catl.com\/en\/enterpriseinfoGermany\/\" target=\"_blank\" rel=\"noopener\">CATL<\/a> ist f\u00fcr Trailer Dynamics ein strategisch sehr wichtiger Partner. Vor allem beim Anlauf der Serienproduktion gilt es, jeden Schritt eng abzustimmen. Zus\u00e4tzlich werden wir die Auswirkungen bei der Entwicklung der Batterietechnologie f\u00fcr den eTrailer eruieren. Zudem m\u00f6chten wir die M\u00f6glichkeiten von Batterie-Swapping f\u00fcr eTrailer validieren.<\/p>\n<p>&nbsp;<\/p>\n<div class=\"infobox box-grey\"><\/p>\n<h3>Battery-Swapping<\/h3>\n<p>Battery-Swapping bezeichnet eine Vorgehensweise, bei der eine entladene Batterie an einer lokalen Batterie-Wechselstation gegen eine voll aufgeladene Batterie ausgetauscht wird. Es entf\u00e4llt der Schnellladevorgang, die Batterie kann schonender wieder aufgeladen werden. Damit verl\u00e4ngert sich die Lebensdauer, der Lkw ist mit geladener Austausch-Batterie sofort wieder einsatzbereit.<\/p>\n<p><\/div>\n<p>&nbsp;<\/p>\n<p class=\"text-question\">Eine weitere, zentrale Herausforderung der Stra\u00dfeng\u00fcterverkehrs-Branche ist der Mangel an Nachwuchskr\u00e4ften. Ich denke hier an Lastkraftfahrer(innen) und Nfz-Mechatroniker(innen). Wie begegnen Sie dem Thema bei Krone und Trailer Dynamics?<\/p><p class=\"text-answer\"><\/p>\n<p>Auf der einen Seite m\u00fcssen diese Berufe attraktiver gemacht werden. Auf der anderen Seite werden die Automatisierung und Digitalisierung die Auswirkungen des Fahrermangels abfedern. Daher haben Krone und Fernride eine strategische Kooperation vereinbart. Um den Service der Zukunft durch Nfz-Mechatroniker sicherzustellen, tauschen sich Krone und Trailer Dynamics eng zu den Anforderungen der Mitarbeiter aus.<\/p>\n<blockquote class=\"khm-quote\"><p>Krone richtet schon jetzt sein Servicenetz, welches auch Trailer Dynamics zur Verf\u00fcgung steht, auf die Zukunft aus.<\/p><\/blockquote>\n<p class=\"text-question\">Abschlie\u00dfend sei mir noch eine pers\u00f6nliche Frage erlaubt: \u00dcber was haben Sie sich k\u00fcrzlich am meisten ge\u00e4rgert, \u00fcber was am meisten gefreut?<\/p><p class=\"text-answer\"><\/p>\n<p>Eigentlich \u00e4rgere ich mich sehr wenig. Als Imker war ich jedoch k\u00fcrzlich etwas ver\u00e4rgert, als Wespen eins von meinen Bienenv\u00f6lkern \u00fcberfallen wollten. Das Bienenvolk war jedoch so stark, dass sie den \u00dcberfall letztlich gut abwehren konnten. Am meisten gefreut habe ich mich vor kurzem, als ich nach der wirklich erfolgreichen IAA Transportation, mit einem tollen Kundenfeedback, wieder meine Familie sehen konnte.<\/p>\n<p>&nbsp;<\/p>\n<div class=\"infobox box-grey\"><\/p>\n<h3>Hintergrund: Die Kooperation zwischen Krone und Fernride<\/h3>\n<p>Um die Automatisierung von Logistik- und Transportl\u00f6sungen, vor allem im Bereich der Trailer voranzutreiben, haben der Nutzfahrzeugspezialist Krone und <a href=\"https:\/\/www.fernride.com\/home-de\" target=\"_blank\" rel=\"noopener\">Fernride<\/a>, ein Innovationstreiber f\u00fcr autonome und teleoperierte Transportl\u00f6sungen, k\u00fcrzlich eine strategische Partnerschaft vereinbart. Im Rahmen dieser Zusammenarbeit soll ein automatisierter Trailer entwickelt werden, der zun\u00e4chst die wichtigen Sekund\u00e4rfunktionen, wie etwa den Kuppelvorgang, das Schlie\u00dfen von T\u00fcren oder die sensorische Umfeldanalyse automatisch umsetzt. Ein speziell ausgebildeter Teleoperator kann sich im Transportprozess zuk\u00fcnftig somit ganz auf die Betreuung der ihm zugewiesenen autonomen Zugfahrzeuge konzentrieren. Wohlgemerkt: Das ganze l\u00e4uft auf dem Betriebshof.<\/p>\n<p><\/div>\n<p>&nbsp;<\/p>\n<p><i>Den Beitrag finden Sie auch in der Print-Ausgabe 4-2022 der <a href=\"https:\/\/www.krafthand.de\/truck\/magazin\/\" title=\"Zum Magazin\">Krafthand-Truck<\/a>.<\/i><\/p>\r\n\t\t\t\t<div class=\"post-author\">\r\n\t\t\t\t\t<div class=\"khm-cp-author clearfix\">\r\n\t\t\t\t\t\t<div class=\"khm-cp-author__content\">\r\n\t\t\t\t\t\t\t\tKontakt zum Autor:<br \/>\r\n\t\t\t\t\t\t\t\t<strong>Georg Blenk<\/strong>, 08247 \/ 3007-45 |  <a href=\"mailto:georg.blenk@krafthand-medien.de\">georg.blenk@krafthand-medien.de<\/a>\r\n\t\t\t\t\t\t\t<div class=\"khm-cp-author__image\">\r\n\t\t\t\t\t\t<img src=\"https:\/\/static.krafthand-truck.de\/uploads\/2021\/01\/Blenk_6104-250x300-1-removebg-preview.png\" class=\"img-responsive\">\r\n\t\t\t\t\t<\/div>\r\n\t\t\t\t\t\t<\/div>\r\n\t\t\t\t\t<\/div>\r\n\t\t\t\t<\/div>\r\n\t\t\t\t","protected":false},"excerpt":{"rendered":"<p>Jochen M\u00e4hlmann hat eine Doppelfunktion. Er ist Leiter Konzernstrategie-Nutzfahrzeuge bei der Bernhard Krone Holding sowie seit Januar 2022 Managing Director beim Start-Up Trailer Dynamics. Krafthand-Truck hat mit Jochen M\u00e4hlmann \u00fcber die G\u00fcterverkehrsbranche, die Technik und den \u201aMenschen\u2018 gesprochen. <span class=\"excerpt-more__dots\">&#8230;<\/span> <a class=\"excerpt-more__link\" href=\"https:\/\/www.krafthand.de\/truck\/artikel\/wir-haben-eine-grosse-verantwortung-34523\/\" >weiter<\/a><\/p>\n","protected":false},"author":9,"featured_media":34525,"comment_status":"closed","ping_status":"closed","sticky":false,"template":"","format":"standard","meta":{"footnotes":""},"categories":[4224,4238,4915,4914],"tags":[5305,5010,5449,5304,388,5306,5012],"settings":[3524,4766,3523],"class_list":["post-34523","post","type-post","status-publish","format-standard","has-post-thumbnail","hentry","category-e-antrieb","category-koepfe","category-neue-fahrzeuge","category-trailer-aufbauten","tag-abdullah-jaber","tag-etrailer","tag-fernride","tag-jochen-maehlmann","tag-krone","tag-michael-nimtsch","tag-trailer-dynamics"],"yoast_head":"<!-- This site is optimized with the Yoast SEO plugin v27.3 - https:\/\/yoast.com\/product\/yoast-seo-wordpress\/ -->\n<title>Interview: Jochen M\u00e4hlmann, Trailer Dynamics, Krafthand-Truck<\/title>\n<meta name=\"description\" content=\"Georg Blenk hat mit Jochen M\u00e4hlmann \/ Trailer Dynamics, \u00fcber die G\u00fcterverkehrsbranche, die Technik und den \u201aMenschen\u2018 gesprochen.\" \/>\n<meta name=\"robots\" content=\"index, follow, max-snippet:-1, max-image-preview:large, max-video-preview:-1\" \/>\n<link rel=\"canonical\" href=\"https:\/\/www.krafthand.de\/truck\/artikel\/wir-haben-eine-grosse-verantwortung-34523\/\" \/>\n<meta property=\"og:locale\" content=\"de_DE\" \/>\n<meta property=\"og:type\" content=\"article\" \/>\n<meta property=\"og:title\" content=\"Interview: Jochen M\u00e4hlmann, Trailer Dynamics, Krafthand-Truck\" \/>\n<meta property=\"og:description\" content=\"Georg Blenk hat mit Jochen M\u00e4hlmann \/ Trailer Dynamics, \u00fcber die G\u00fcterverkehrsbranche, die Technik und den \u201aMenschen\u2018 gesprochen.\" \/>\n<meta property=\"og:url\" content=\"https:\/\/www.krafthand-truck.de\/artikel\/wir-haben-eine-grosse-verantwortung-34523\/\" \/>\n<meta property=\"og:site_name\" content=\"Krafthand-Truck\" \/>\n<meta property=\"article:published_time\" content=\"2022-11-30T12:09:53+00:00\" \/>\n<meta property=\"article:modified_time\" content=\"2022-12-03T04:27:46+00:00\" \/>\n<meta property=\"og:image\" content=\"https:\/\/static.krafthand-truck.de\/uploads\/2022\/11\/04_2022_004_2.jpg\" \/>\n\t<meta property=\"og:image:width\" content=\"1400\" \/>\n\t<meta property=\"og:image:height\" content=\"824\" \/>\n\t<meta property=\"og:image:type\" content=\"image\/jpeg\" \/>\n<meta name=\"author\" content=\"georg.blenk@krafthand-medien.de\" \/>\n<meta name=\"twitter:card\" content=\"summary_large_image\" \/>\n<meta name=\"twitter:label1\" content=\"Verfasst von\" \/>\n\t<meta name=\"twitter:data1\" content=\"georg.blenk@krafthand-medien.de\" \/>\n\t<meta name=\"twitter:label2\" content=\"Gesch\u00e4tzte Lesezeit\" \/>\n\t<meta name=\"twitter:data2\" content=\"7\u00a0Minuten\" \/>\n<script type=\"application\/ld+json\" class=\"yoast-schema-graph\">{\"@context\":\"https:\\\/\\\/schema.org\",\"@graph\":[{\"@type\":\"Article\",\"@id\":\"https:\\\/\\\/www.krafthand.de\\\/truck\\\/artikel\\\/wir-haben-eine-grosse-verantwortung-34523\\\/#article\",\"isPartOf\":{\"@id\":\"https:\\\/\\\/www.krafthand.de\\\/truck\\\/artikel\\\/wir-haben-eine-grosse-verantwortung-34523\\\/\"},\"author\":{\"name\":\"georg.blenk@krafthand-medien.de\",\"@id\":\"https:\\\/\\\/www.krafthand.de\\\/truck\\\/#\\\/schema\\\/person\\\/51fa80b1c57034c4bf63f9f988fc24ce\"},\"headline\":\"&#8222;Wir haben eine gro\u00dfe Verantwortung&#8220;\",\"datePublished\":\"2022-11-30T12:09:53+00:00\",\"dateModified\":\"2022-12-03T04:27:46+00:00\",\"mainEntityOfPage\":{\"@id\":\"https:\\\/\\\/www.krafthand.de\\\/truck\\\/artikel\\\/wir-haben-eine-grosse-verantwortung-34523\\\/\"},\"wordCount\":1260,\"image\":{\"@id\":\"https:\\\/\\\/www.krafthand.de\\\/truck\\\/artikel\\\/wir-haben-eine-grosse-verantwortung-34523\\\/#primaryimage\"},\"thumbnailUrl\":\"https:\\\/\\\/static.krafthand-truck.de\\\/uploads\\\/2022\\\/11\\\/04_2022_004_2.jpg\",\"keywords\":[\"Abdullah Jaber\",\"eTrailer\",\"Fernride\",\"Jochen M\u00e4hlmann\",\"Krone\",\"Michael Nimtsch\",\"Trailer-Dynamics\"],\"articleSection\":[\"E-Antrieb (BEV\\\/FCEV)\",\"K\u00f6pfe\\\/Personen\",\"Neue Fahrzeuge\",\"Trailer\\\/Aufbauten\"],\"inLanguage\":\"de\"},{\"@type\":\"WebPage\",\"@id\":\"https:\\\/\\\/www.krafthand.de\\\/truck\\\/artikel\\\/wir-haben-eine-grosse-verantwortung-34523\\\/\",\"url\":\"https:\\\/\\\/www.krafthand.de\\\/truck\\\/artikel\\\/wir-haben-eine-grosse-verantwortung-34523\\\/\",\"name\":\"Interview: Jochen M\u00e4hlmann, Trailer Dynamics, Krafthand-Truck\",\"isPartOf\":{\"@id\":\"https:\\\/\\\/www.krafthand.de\\\/truck\\\/#website\"},\"primaryImageOfPage\":{\"@id\":\"https:\\\/\\\/www.krafthand.de\\\/truck\\\/artikel\\\/wir-haben-eine-grosse-verantwortung-34523\\\/#primaryimage\"},\"image\":{\"@id\":\"https:\\\/\\\/www.krafthand.de\\\/truck\\\/artikel\\\/wir-haben-eine-grosse-verantwortung-34523\\\/#primaryimage\"},\"thumbnailUrl\":\"https:\\\/\\\/static.krafthand-truck.de\\\/uploads\\\/2022\\\/11\\\/04_2022_004_2.jpg\",\"datePublished\":\"2022-11-30T12:09:53+00:00\",\"dateModified\":\"2022-12-03T04:27:46+00:00\",\"author\":{\"@id\":\"https:\\\/\\\/www.krafthand.de\\\/truck\\\/#\\\/schema\\\/person\\\/51fa80b1c57034c4bf63f9f988fc24ce\"},\"description\":\"Georg Blenk hat mit Jochen M\u00e4hlmann \\\/ Trailer Dynamics, \u00fcber die G\u00fcterverkehrsbranche, die Technik und den \u201aMenschen\u2018 gesprochen.\",\"breadcrumb\":{\"@id\":\"https:\\\/\\\/www.krafthand.de\\\/truck\\\/artikel\\\/wir-haben-eine-grosse-verantwortung-34523\\\/#breadcrumb\"},\"inLanguage\":\"de\",\"potentialAction\":[{\"@type\":\"ReadAction\",\"target\":[\"https:\\\/\\\/www.krafthand.de\\\/truck\\\/artikel\\\/wir-haben-eine-grosse-verantwortung-34523\\\/\"]}]},{\"@type\":\"ImageObject\",\"inLanguage\":\"de\",\"@id\":\"https:\\\/\\\/www.krafthand.de\\\/truck\\\/artikel\\\/wir-haben-eine-grosse-verantwortung-34523\\\/#primaryimage\",\"url\":\"https:\\\/\\\/static.krafthand-truck.de\\\/uploads\\\/2022\\\/11\\\/04_2022_004_2.jpg\",\"contentUrl\":\"https:\\\/\\\/static.krafthand-truck.de\\\/uploads\\\/2022\\\/11\\\/04_2022_004_2.jpg\",\"width\":1400,\"height\":824,\"caption\":\"Der eTrailer von Trailer Dynamics (im Bild der Krone eCool-Liner, inklusive Celsioneo e-Aggregat) verf\u00fcgt \u00fcber eine eigene, intelligente eAchse. Sie rekuperiert und sorgt f\u00fcr zus\u00e4tzliche Energie. Bilder: Georg\"},{\"@type\":\"BreadcrumbList\",\"@id\":\"https:\\\/\\\/www.krafthand.de\\\/truck\\\/artikel\\\/wir-haben-eine-grosse-verantwortung-34523\\\/#breadcrumb\",\"itemListElement\":[{\"@type\":\"ListItem\",\"position\":1,\"name\":\"Krafthand-Truck\",\"item\":\"https:\\\/\\\/www.krafthand.de\\\/truck\\\/\"},{\"@type\":\"ListItem\",\"position\":2,\"name\":\"IT+Fuhrpark\",\"item\":\"https:\\\/\\\/www.krafthand.de\\\/truck\\\/kategorie\\\/fuhrpark\\\/\"},{\"@type\":\"ListItem\",\"position\":3,\"name\":\"Neue Fahrzeuge\",\"item\":\"https:\\\/\\\/www.krafthand.de\\\/truck\\\/kategorie\\\/fuhrpark\\\/neue-fahrzeuge\\\/\"},{\"@type\":\"ListItem\",\"position\":4,\"name\":\"&#8222;Wir haben eine gro\u00dfe Verantwortung&#8220;\"}]},{\"@type\":\"WebSite\",\"@id\":\"https:\\\/\\\/www.krafthand.de\\\/truck\\\/#website\",\"url\":\"https:\\\/\\\/www.krafthand.de\\\/truck\\\/\",\"name\":\"Krafthand-Truck\",\"description\":\"\",\"potentialAction\":[{\"@type\":\"SearchAction\",\"target\":{\"@type\":\"EntryPoint\",\"urlTemplate\":\"https:\\\/\\\/www.krafthand.de\\\/truck\\\/?s={search_term_string}\"},\"query-input\":{\"@type\":\"PropertyValueSpecification\",\"valueRequired\":true,\"valueName\":\"search_term_string\"}}],\"inLanguage\":\"de\"},{\"@type\":\"Person\",\"@id\":\"https:\\\/\\\/www.krafthand.de\\\/truck\\\/#\\\/schema\\\/person\\\/51fa80b1c57034c4bf63f9f988fc24ce\",\"name\":\"georg.blenk@krafthand-medien.de\",\"image\":{\"@type\":\"ImageObject\",\"inLanguage\":\"de\",\"@id\":\"https:\\\/\\\/secure.gravatar.com\\\/avatar\\\/93713c30affe0aa95d3a4130e499bb1abee2eb31adbdd9ce2aa1543538490215?s=96&d=mm&r=g\",\"url\":\"https:\\\/\\\/secure.gravatar.com\\\/avatar\\\/93713c30affe0aa95d3a4130e499bb1abee2eb31adbdd9ce2aa1543538490215?s=96&d=mm&r=g\",\"contentUrl\":\"https:\\\/\\\/secure.gravatar.com\\\/avatar\\\/93713c30affe0aa95d3a4130e499bb1abee2eb31adbdd9ce2aa1543538490215?s=96&d=mm&r=g\",\"caption\":\"georg.blenk@krafthand-medien.de\"}}]}<\/script>\n<!-- \/ Yoast SEO plugin. -->","yoast_head_json":{"title":"Interview: Jochen M\u00e4hlmann, Trailer Dynamics, Krafthand-Truck","description":"Georg Blenk hat mit Jochen M\u00e4hlmann \/ Trailer Dynamics, \u00fcber die G\u00fcterverkehrsbranche, die Technik und den \u201aMenschen\u2018 gesprochen.","robots":{"index":"index","follow":"follow","max-snippet":"max-snippet:-1","max-image-preview":"max-image-preview:large","max-video-preview":"max-video-preview:-1"},"canonical":"https:\/\/www.krafthand.de\/truck\/artikel\/wir-haben-eine-grosse-verantwortung-34523\/","og_locale":"de_DE","og_type":"article","og_title":"Interview: Jochen M\u00e4hlmann, Trailer Dynamics, Krafthand-Truck","og_description":"Georg Blenk hat mit Jochen M\u00e4hlmann \/ Trailer Dynamics, \u00fcber die G\u00fcterverkehrsbranche, die Technik und den \u201aMenschen\u2018 gesprochen.","og_url":"https:\/\/www.krafthand-truck.de\/artikel\/wir-haben-eine-grosse-verantwortung-34523\/","og_site_name":"Krafthand-Truck","article_published_time":"2022-11-30T12:09:53+00:00","article_modified_time":"2022-12-03T04:27:46+00:00","og_image":[{"width":1400,"height":824,"url":"https:\/\/static.krafthand-truck.de\/uploads\/2022\/11\/04_2022_004_2.jpg","type":"image\/jpeg"}],"author":"georg.blenk@krafthand-medien.de","twitter_card":"summary_large_image","twitter_misc":{"Verfasst von":"georg.blenk@krafthand-medien.de","Gesch\u00e4tzte Lesezeit":"7\u00a0Minuten"},"schema":{"@context":"https:\/\/schema.org","@graph":[{"@type":"Article","@id":"https:\/\/www.krafthand.de\/truck\/artikel\/wir-haben-eine-grosse-verantwortung-34523\/#article","isPartOf":{"@id":"https:\/\/www.krafthand.de\/truck\/artikel\/wir-haben-eine-grosse-verantwortung-34523\/"},"author":{"name":"georg.blenk@krafthand-medien.de","@id":"https:\/\/www.krafthand.de\/truck\/#\/schema\/person\/51fa80b1c57034c4bf63f9f988fc24ce"},"headline":"&#8222;Wir haben eine gro\u00dfe Verantwortung&#8220;","datePublished":"2022-11-30T12:09:53+00:00","dateModified":"2022-12-03T04:27:46+00:00","mainEntityOfPage":{"@id":"https:\/\/www.krafthand.de\/truck\/artikel\/wir-haben-eine-grosse-verantwortung-34523\/"},"wordCount":1260,"image":{"@id":"https:\/\/www.krafthand.de\/truck\/artikel\/wir-haben-eine-grosse-verantwortung-34523\/#primaryimage"},"thumbnailUrl":"https:\/\/static.krafthand-truck.de\/uploads\/2022\/11\/04_2022_004_2.jpg","keywords":["Abdullah Jaber","eTrailer","Fernride","Jochen M\u00e4hlmann","Krone","Michael Nimtsch","Trailer-Dynamics"],"articleSection":["E-Antrieb (BEV\/FCEV)","K\u00f6pfe\/Personen","Neue Fahrzeuge","Trailer\/Aufbauten"],"inLanguage":"de"},{"@type":"WebPage","@id":"https:\/\/www.krafthand.de\/truck\/artikel\/wir-haben-eine-grosse-verantwortung-34523\/","url":"https:\/\/www.krafthand.de\/truck\/artikel\/wir-haben-eine-grosse-verantwortung-34523\/","name":"Interview: Jochen M\u00e4hlmann, Trailer Dynamics, Krafthand-Truck","isPartOf":{"@id":"https:\/\/www.krafthand.de\/truck\/#website"},"primaryImageOfPage":{"@id":"https:\/\/www.krafthand.de\/truck\/artikel\/wir-haben-eine-grosse-verantwortung-34523\/#primaryimage"},"image":{"@id":"https:\/\/www.krafthand.de\/truck\/artikel\/wir-haben-eine-grosse-verantwortung-34523\/#primaryimage"},"thumbnailUrl":"https:\/\/static.krafthand-truck.de\/uploads\/2022\/11\/04_2022_004_2.jpg","datePublished":"2022-11-30T12:09:53+00:00","dateModified":"2022-12-03T04:27:46+00:00","author":{"@id":"https:\/\/www.krafthand.de\/truck\/#\/schema\/person\/51fa80b1c57034c4bf63f9f988fc24ce"},"description":"Georg Blenk hat mit Jochen M\u00e4hlmann \/ Trailer Dynamics, \u00fcber die G\u00fcterverkehrsbranche, die Technik und den \u201aMenschen\u2018 gesprochen.","breadcrumb":{"@id":"https:\/\/www.krafthand.de\/truck\/artikel\/wir-haben-eine-grosse-verantwortung-34523\/#breadcrumb"},"inLanguage":"de","potentialAction":[{"@type":"ReadAction","target":["https:\/\/www.krafthand.de\/truck\/artikel\/wir-haben-eine-grosse-verantwortung-34523\/"]}]},{"@type":"ImageObject","inLanguage":"de","@id":"https:\/\/www.krafthand.de\/truck\/artikel\/wir-haben-eine-grosse-verantwortung-34523\/#primaryimage","url":"https:\/\/static.krafthand-truck.de\/uploads\/2022\/11\/04_2022_004_2.jpg","contentUrl":"https:\/\/static.krafthand-truck.de\/uploads\/2022\/11\/04_2022_004_2.jpg","width":1400,"height":824,"caption":"Der eTrailer von Trailer Dynamics (im Bild der Krone eCool-Liner, inklusive Celsioneo e-Aggregat) verf\u00fcgt \u00fcber eine eigene, intelligente eAchse. Sie rekuperiert und sorgt f\u00fcr zus\u00e4tzliche Energie. Bilder: Georg"},{"@type":"BreadcrumbList","@id":"https:\/\/www.krafthand.de\/truck\/artikel\/wir-haben-eine-grosse-verantwortung-34523\/#breadcrumb","itemListElement":[{"@type":"ListItem","position":1,"name":"Krafthand-Truck","item":"https:\/\/www.krafthand.de\/truck\/"},{"@type":"ListItem","position":2,"name":"IT+Fuhrpark","item":"https:\/\/www.krafthand.de\/truck\/kategorie\/fuhrpark\/"},{"@type":"ListItem","position":3,"name":"Neue Fahrzeuge","item":"https:\/\/www.krafthand.de\/truck\/kategorie\/fuhrpark\/neue-fahrzeuge\/"},{"@type":"ListItem","position":4,"name":"&#8222;Wir haben eine gro\u00dfe Verantwortung&#8220;"}]},{"@type":"WebSite","@id":"https:\/\/www.krafthand.de\/truck\/#website","url":"https:\/\/www.krafthand.de\/truck\/","name":"Krafthand-Truck","description":"","potentialAction":[{"@type":"SearchAction","target":{"@type":"EntryPoint","urlTemplate":"https:\/\/www.krafthand.de\/truck\/?s={search_term_string}"},"query-input":{"@type":"PropertyValueSpecification","valueRequired":true,"valueName":"search_term_string"}}],"inLanguage":"de"},{"@type":"Person","@id":"https:\/\/www.krafthand.de\/truck\/#\/schema\/person\/51fa80b1c57034c4bf63f9f988fc24ce","name":"georg.blenk@krafthand-medien.de","image":{"@type":"ImageObject","inLanguage":"de","@id":"https:\/\/secure.gravatar.com\/avatar\/93713c30affe0aa95d3a4130e499bb1abee2eb31adbdd9ce2aa1543538490215?s=96&d=mm&r=g","url":"https:\/\/secure.gravatar.com\/avatar\/93713c30affe0aa95d3a4130e499bb1abee2eb31adbdd9ce2aa1543538490215?s=96&d=mm&r=g","contentUrl":"https:\/\/secure.gravatar.com\/avatar\/93713c30affe0aa95d3a4130e499bb1abee2eb31adbdd9ce2aa1543538490215?s=96&d=mm&r=g","caption":"georg.blenk@krafthand-medien.de"}}]}},"_links":{"self":[{"href":"https:\/\/www.krafthand.de\/truck\/wp-json\/wp\/v2\/posts\/34523","targetHints":{"allow":["GET"]}}],"collection":[{"href":"https:\/\/www.krafthand.de\/truck\/wp-json\/wp\/v2\/posts"}],"about":[{"href":"https:\/\/www.krafthand.de\/truck\/wp-json\/wp\/v2\/types\/post"}],"author":[{"embeddable":true,"href":"https:\/\/www.krafthand.de\/truck\/wp-json\/wp\/v2\/users\/9"}],"replies":[{"embeddable":true,"href":"https:\/\/www.krafthand.de\/truck\/wp-json\/wp\/v2\/comments?post=34523"}],"version-history":[{"count":27,"href":"https:\/\/www.krafthand.de\/truck\/wp-json\/wp\/v2\/posts\/34523\/revisions"}],"predecessor-version":[{"id":34553,"href":"https:\/\/www.krafthand.de\/truck\/wp-json\/wp\/v2\/posts\/34523\/revisions\/34553"}],"wp:featuredmedia":[{"embeddable":true,"href":"https:\/\/www.krafthand.de\/truck\/wp-json\/wp\/v2\/media\/34525"}],"wp:attachment":[{"href":"https:\/\/www.krafthand.de\/truck\/wp-json\/wp\/v2\/media?parent=34523"}],"wp:term":[{"taxonomy":"category","embeddable":true,"href":"https:\/\/www.krafthand.de\/truck\/wp-json\/wp\/v2\/categories?post=34523"},{"taxonomy":"post_tag","embeddable":true,"href":"https:\/\/www.krafthand.de\/truck\/wp-json\/wp\/v2\/tags?post=34523"},{"taxonomy":"settings","embeddable":true,"href":"https:\/\/www.krafthand.de\/truck\/wp-json\/wp\/v2\/settings?post=34523"}],"curies":[{"name":"wp","href":"https:\/\/api.w.org\/{rel}","templated":true}]}}