{"id":34430,"date":"2022-12-17T07:33:41","date_gmt":"2022-12-17T06:33:41","guid":{"rendered":"https:\/\/www.krafthand.de\/truck\/?p=34430"},"modified":"2023-02-11T00:04:11","modified_gmt":"2023-02-10T23:04:11","slug":"antrieb-und-wandel-das-neue-berufsbild-nfz-mechantronikerin","status":"publish","type":"post","link":"https:\/\/www.krafthand.de\/truck\/artikel\/antrieb-und-wandel-das-neue-berufsbild-nfz-mechantronikerin-34430\/","title":{"rendered":"Antrieb und Wandel &#8211; Das (neue) Berufsbild Nfz-Mechantroniker(in)"},"content":{"rendered":"<p>Im September stand die <strong>IAA Transportation<\/strong> ganz im Zeichen von alternativen Antrieben, von Assistenzsystemen, der Digitalisierung. Eine Innovation folgte der anderen. Was f\u00fcr spannende Zeiten! Kommt am Ende die Euphorie, die Aufbruchstimmung auch in den Nfz-Werkst\u00e4tten an? Vor welchen Herausforderungen stehen die Mechatroniker(innen) mit Schwerpunkt Nfz-Technik? Wird es genug qualifiziertes Personal geben? Tr\u00e4gt die aktuelle Ausbildung den neuen Anforderungen Rechnung? Letztendlich stellt sich auch die Frage, inwieweit es gelingt, dem Berufsbild ein neues, modernes Image zu verpassen, inwieweit man die Mechatroniker(innen) mitnimmt und f\u00fcr neue Aufgaben begeistert. Krafthand-Truck hat sich mit Branchenvertretern unterhalten.<\/p>\n<div class=\"gallery-container\"><div class=\"owl-carousel owl-theme\">\r\n        <div>\r\n        \t<img decoding=\"async\" src=\"https:\/\/static.krafthand-truck.de\/uploads\/2022\/11\/04_2022_011_2-1024x527.jpg\" alt=\"\" \/>\r\n          <a href=\"https:\/\/static.krafthand-truck.de\/uploads\/2022\/11\/04_2022_011_2-1024x527.jpg\" data-featherlight=\"gallery_69f54a401d02b\" class=\"gallery-expand\" data-title=\"Arbeiten am Antriebsstrang erfordern spezifische Kenntnisse: Im Bild zu sehen ist die e-Maschine (Dana TM4) eines DAF LF Electric. Bild: Georg Blenk\"><i class=\"fa fa-expand\" aria-hidden=\"true\"><\/i><\/a>\r\n        \t<div class=\"gallery-caption wp-caption-text\"><p>Arbeiten am Antriebsstrang erfordern spezifische Kenntnisse: Im Bild zu sehen ist die e-Maschine (Dana TM4) eines DAF LF Electric. Bild: Georg Blenk<\/p>\n<\/div>\r\n        <\/div>\r\n        <div>\r\n        \t<img decoding=\"async\" src=\"https:\/\/static.krafthand-truck.de\/uploads\/2022\/11\/04_2022_011_3-1024x599.jpg\" alt=\"\" \/>\r\n          <a href=\"https:\/\/static.krafthand-truck.de\/uploads\/2022\/11\/04_2022_011_3-1024x599.jpg\" data-featherlight=\"gallery_69f54a401d02b\" class=\"gallery-expand\" data-title=\"Enth\u00fcllung des Nikola Tre FCEV Artic 6x2 (Beta-Version) auf der IAA Transportation. Bei einem Radstand von 3.932 mm fasst er rund 70 nutzbare Kilogramm Wasserstoff bei 700 bar Druck. Diese Kapazit\u00e4t soll eine Reichweite von bis zu 800 km erm\u00f6glichen. Der Nikola Tre FCEV soll laut IVECO 2024 auf den europ\u00e4ischen Markt kommen. Bild: Georg Blenk\"><i class=\"fa fa-expand\" aria-hidden=\"true\"><\/i><\/a>\r\n        \t<div class=\"gallery-caption wp-caption-text\"><p>Enth\u00fcllung des Nikola Tre FCEV Artic 6&#215;2 (Beta-Version) auf der IAA Transportation. Bei einem Radstand von 3.932 mm fasst er rund 70 nutzbare Kilogramm Wasserstoff bei 700 bar Druck. Diese Kapazit\u00e4t soll eine Reichweite von bis zu 800 km erm\u00f6glichen. Der Nikola Tre FCEV soll laut IVECO 2024 auf den europ\u00e4ischen Markt kommen. Bild: Georg Blenk<\/p>\n<\/div>\r\n        <\/div><\/div><\/div>\r\n\t<script>\r\n\t\tjQuery(document).ready(function($){\r\n      setTimeout(function(){\r\n  \t\t\t$(\".owl-carousel\").owlCarousel({\r\n  \t\t\t\tloop:true,\r\n    \t\t\tmargin:10,\r\n    \t\t\tresponsiveClass:true,\r\n    \t\t\titems:1,\r\n    \t\t\tautoHeight: true,\r\n          nav: true,\r\n          URLhashListener: true,\r\n          startPosition: \"URLHash\",\r\n          navText: [\r\n            \"<i class='fa fa-chevron-left'><\/i>\",\r\n            \"<i class='fa fa-chevron-right'><\/i>\"\r\n          ],\r\n  \t\t\t});\r\n      }, 2000);\r\n\t\t});\r\n\t<\/script>\r\n\t\n<h2>Gro\u00dfe Herausforderungen<\/h2>\n<p>In Einem sind sich s\u00e4mtliche Marktteilnehmer einig: Die Nfz-Servicebranche steht vor gro\u00dfen Herausforderungen. Neue Technologien erfordern Investitionen in die Qualifizierung der Mitarbeiter und in die Werkstattechnik. Die voranschreitende Elektrifizierung der Nutzfahrzeugflotten er\u00f6ffnet aber auch Chancen und Perspektiven.<br \/>\nLaut <a href=\"https:\/\/www.man.eu\/de\/de\/homepage.html\" target=\"_blank\" rel=\"noopener\">MAN<\/a> soll es ab Mitte des Jahrzehnts wirtschaftlicher sein, batterieelektrisch zu fahren als mit konventionellen Diesel-Lkws. Andere Hersteller kommunizieren \u00e4hnliche Prognosen. Flottenmanager nennen einer aktuellen Studie zufolge, drei Gr\u00fcnde warum sie k\u00fcnftig in die Elektrifizierung von Lkw investieren m\u00f6chten: Erstens der Konkurrenzdruck (38 Prozent), zweitens der Umweltschutz (37 Prozent), drittens die steigenden Kraftstoffpreise (37 Prozent). Die Studie wurde im Auftrag des Anbieters f\u00fcr Schnellladesysteme <a href=\"https:\/\/de.heliox-energy.com\" target=\"_blank\" rel=\"noopener\">Heliox<\/a> erstellt.<br \/>\nIm Oktober hat die Bundesregierung zudem den \u201aMasterplan Ladeinfrastruktur II\u2018 verabschiedet, der den raschen Ausbau der Ladeinfrastruktur unter anderem f\u00fcr schwere Nutzfahrzeuge sowohl an Autobahnen als auch auf Betriebsgel\u00e4nden vorsieht. Es ist also viel Bewegung im Thema, perspektivisch m\u00fcssen immer mehr E-Lkw (BEV\/FCEV) gewartet und repariert werden.<\/p>\n<figure id=\"attachment_34435\" aria-describedby=\"caption-attachment-34435\" style=\"width: 220px\" class=\"wp-caption alignleft\"><a href=\"https:\/\/static.krafthand-truck.de\/uploads\/2022\/11\/04_2022_011_4.jpg\" target=\"_blank\" rel=\"noopener\"><img fetchpriority=\"high\" decoding=\"async\" class=\"wp-image-34435\" src=\"https:\/\/static.krafthand-truck.de\/uploads\/2022\/11\/04_2022_011_4-220x300.jpg\" alt=\"\" width=\"220\" height=\"300\" srcset=\"https:\/\/static.krafthand-truck.de\/uploads\/2022\/11\/04_2022_011_4-220x300.jpg 220w, https:\/\/static.krafthand-truck.de\/uploads\/2022\/11\/04_2022_011_4-751x1024.jpg 751w, https:\/\/static.krafthand-truck.de\/uploads\/2022\/11\/04_2022_011_4-768x1047.jpg 768w, https:\/\/static.krafthand-truck.de\/uploads\/2022\/11\/04_2022_011_4.jpg 880w\" sizes=\"(max-width: 220px) 100vw, 220px\" \/><\/a><figcaption id=\"caption-attachment-34435\" class=\"wp-caption-text\"><em>\u201eLetztendlich besteht die gr\u00f6\u00dfte Herausforderung f\u00fcr Nfz-Werkst\u00e4tten darin, den Serviceanforderungen einer Elektroflotte in gro\u00dfem Umfang gerecht zu werden. Und dazu geh\u00f6ren sowohl die Infrastruktur als auch das technische Know-how\u201c<\/em>, so Duncan Forrester, Chief Communications Officer bei Volta-Trucks.<\/figcaption><\/figure>\n<h2>Markenbetriebe, freie Werkst\u00e4tten<\/h2>\n<p>Die etablierten OEM und ihre angegliederten Nutzfahrzeug-Werkst\u00e4tten tun sich auf den ersten Blick leichter als freie Nfz-Werkst\u00e4tten den steigenden Servicebedarf abzudecken. Da spielt insbesondere das Markenimage der gro\u00dfen Player wie Daimler-Truck, MAN, IVECO\/Nikola, DAF, Volvo und Co. eine Rolle. <em>\u201eUm sich im aktuellen Wettbewerb abzusetzen, um talentierte Mitarbeiter(innen) zu gewinnen, ist ein positives Arbeitgeberimage ausschlaggebend. Mit gezieltem Employer-Branding verfolgen wir das Ziel die zuk\u00fcnftigen Talente auf uns aufmerksam zu machen und von uns als Arbeitgeber zu \u00fcberzeugen\u201c<\/em>, so Peter Str\u00f6m, Gesch\u00e4ftsf\u00fchrer von <a href=\"https:\/\/www.volvotrucks.de\/de-de\/\" target=\"_blank\" rel=\"noopener\">Volvo-Trucks Deutschland<\/a>. Andererseits verf\u00fcgen die OEM auch \u00fcber die finanziellen, ausr\u00fcstungstechnischen und infrastrukturellen M\u00f6glichkeiten, wovon auch die angeschlossenen Markenbetriebe profitieren.<br \/>\nDer freie, lokale Betrieb hingegen kann die Trumpfkarten der Markenunabh\u00e4ngigkeit, der Flexibilit\u00e4t, der kurzen Wege und des pers\u00f6nlicheren Arbeitsumfeldes eines kleinen, mittelst\u00e4ndischen Unternehmens ziehen. Auch hier gilt es auf sich aufmerksam zu machen und geeignetes Personal zu finden, was ungleich schwieriger ist.<br \/>\nDazwischen bewegen sich Newcomer wie <a href=\"https:\/\/www.quantron.net\" target=\"_blank\" rel=\"noopener\">Quantron<\/a> oder <a href=\"https:\/\/voltatrucks.com\" target=\"_blank\" rel=\"noopener\">Volta-Trucks<\/a>, die ein entsprechendes Service-Netzwerk aufbauen und etablieren m\u00fcssen. Im Raum stehen Kooperationen mit Werkstattsystemen, aber auch interessierten, g\u00e4nzlich unabh\u00e4ngigen Betrieben.\u00a0<strong>Doch einen Trumpf haben alle Nfz-Werkst\u00e4tten auf der Hand: Eine spannende Zukunftsperspektive f\u00fcr alte und neue und Mitarbeiter(innen).<\/strong><\/p>\n<figure id=\"attachment_34436\" aria-describedby=\"caption-attachment-34436\" style=\"width: 220px\" class=\"wp-caption alignright\"><a href=\"https:\/\/static.krafthand-truck.de\/uploads\/2022\/11\/04_2022_011_5.jpg\" target=\"_blank\" rel=\"noopener\"><img decoding=\"async\" class=\"wp-image-34436\" src=\"https:\/\/static.krafthand-truck.de\/uploads\/2022\/11\/04_2022_011_5-212x300.jpg\" alt=\"\" width=\"220\" height=\"311\" srcset=\"https:\/\/static.krafthand-truck.de\/uploads\/2022\/11\/04_2022_011_5-212x300.jpg 212w, https:\/\/static.krafthand-truck.de\/uploads\/2022\/11\/04_2022_011_5-724x1024.jpg 724w, https:\/\/static.krafthand-truck.de\/uploads\/2022\/11\/04_2022_011_5-768x1086.jpg 768w, https:\/\/static.krafthand-truck.de\/uploads\/2022\/11\/04_2022_011_5.jpg 849w\" sizes=\"(max-width: 220px) 100vw, 220px\" \/><\/a><figcaption id=\"caption-attachment-34436\" class=\"wp-caption-text\"><em>\u201eDurch die zus\u00e4tzliche Spezialisierung auf batterie- oder wasserstoffbetriebene Fahrzeuge, wird der Beruf des Nfz-Mechatronikers deutlich attraktiver\u201c<\/em>, so Olaf Muschner.<\/figcaption><\/figure>\n<h2>Der Wandel als Chance<\/h2>\n<p>Im industrie\u00fcbergreifenden Wettbewerb um Nachwuchs und Fachkr\u00e4fte gelten die Nutzfahrzeugindustrie und ihre Nfz-Werkst\u00e4tten nicht zu den attraktivsten Playern. Dieser Wettbewerbsnachteil wird noch verst\u00e4rkt durch eine tendenziell alternde Belegschaft im Werkstattbereich. <em>\u201eDer Wandel und die Transformation hin zur Elektrifizierung sollte daher als Chance und Neuorientierung begriffen werden, denn der Beruf Nfz-Mechatroniker(in) wird noch vielf\u00e4ltiger und interessanter. Die Technologieoffenheit im Bereich Nutzfahrzeuge wird zudem dazu beitragen, dass Nfz-Werkst\u00e4tten zuk\u00fcnftig begehrte Arbeitergeber sind\u201c<\/em>, so Patrick Wanner, Head of Public-Relations bei <a href=\"https:\/\/www.iveco.com\/Germany\/Pages\/Home-page.aspx\" target=\"_blank\" rel=\"noopener\">IVECO<\/a>. Olaf Muschner, Manager International Service + Customer-Care bei Quantron, sieht es \u00e4hnlich: <em>\u201eF\u00fcr den Berufsstand Nfz-Mechatroniker ist die aktuelle Entwicklung eine eindeutige Aufwertung.\u201c<\/em> <em>\u201eWir sehen die Entwicklung der Nutzfahrzeugbranche zum emissionsfreien Fahren als gro\u00dfe Chance.\u201c Damit w\u00fcrden sich aber auch die Qualifikationsprofile f\u00fcr die Besch\u00e4ftigten ver\u00e4ndern\u201c<\/em>, erg\u00e4nzt ein Sprecher der <a href=\"https:\/\/www.daimlertruck.com\/de\/\" target=\"_blank\" rel=\"noopener\">Daimler-Truck AG<\/a>.<\/p>\n<figure id=\"attachment_34440\" aria-describedby=\"caption-attachment-34440\" style=\"width: 220px\" class=\"wp-caption alignleft\"><a href=\"https:\/\/static.krafthand-truck.de\/uploads\/2022\/11\/04_2022_011_9.jpg\" target=\"_blank\" rel=\"noopener\"><img decoding=\"async\" class=\"wp-image-34440\" src=\"https:\/\/static.krafthand-truck.de\/uploads\/2022\/11\/04_2022_011_9-232x300.jpg\" alt=\"\" width=\"220\" height=\"285\" srcset=\"https:\/\/static.krafthand-truck.de\/uploads\/2022\/11\/04_2022_011_9-232x300.jpg 232w, https:\/\/static.krafthand-truck.de\/uploads\/2022\/11\/04_2022_011_9-790x1024.jpg 790w, https:\/\/static.krafthand-truck.de\/uploads\/2022\/11\/04_2022_011_9-768x995.jpg 768w, https:\/\/static.krafthand-truck.de\/uploads\/2022\/11\/04_2022_011_9.jpg 926w\" sizes=\"(max-width: 220px) 100vw, 220px\" \/><\/a><figcaption id=\"caption-attachment-34440\" class=\"wp-caption-text\"><em>\u201eDer Bedarf an hochkomplexen Arbeiten wird mit der Elektromobilit\u00e4t steigen. Wir m\u00f6chten deshalb neue Gesch\u00e4ftsfelder erschlie\u00dfen um zus\u00e4tzlich Wertsch\u00f6pfung zu generieren\u201c<\/em>, so Anton Bader. Bild: Privat<\/figcaption><\/figure>\n<h2>Berufsausbildung<\/h2>\n<p>Vor diesem Hintergrund stellt sich die Frage, ob die aktuellen Ausbildungsinhalte den Entwicklungen gerecht werden. <em>\u201eLeider wird der Lehrplan der Berufsschulen nur eher z\u00f6gerlich angepasst. Es erfolgt damit eine ebenso z\u00f6gerliche Reaktion auf Neuheiten. In unserem Betrieb nehmen unsere Azubis deshalb an diversen Online-Trainings der Hersteller teil und schlie\u00dfen sie mit einem Wissenstest ab. Anschlie\u00dfend erfolgt die Weiterbildung und Qualifikation der ausgebildeten Kfz-\/Nfz-Mechatroniker durch den Fahrzeughersteller\u201c<\/em>, erz\u00e4hlt Anton Bader, Gesch\u00e4ftsf\u00fchrer der <a href=\"https:\/\/www.fischbacher-nussdorf.de\" target=\"_blank\" rel=\"noopener\">Fischbacher e.K.<\/a>, einem autorisierten Mercedes-Benz-, DAF- und Unimog-Service-Partner, in Nussdorf am Inn.<br \/>\nJoachim Syha, Spezialist im Bereich Berufsbildung beim <a href=\"https:\/\/www.kfzgewerbe.de\" target=\"_blank\" rel=\"noopener\">ZDK<\/a>, erkl\u00e4rte gegen\u00fcber Krafthand-Truck, dass zurzeit die Ausbildungsordnung zum\/zur Kfz-Mechatroniker\/in inhaltlich auf dem Pr\u00fcfstand st\u00fcnde. So soll laut Syha der Ausbildungsschwerpunkt \u201aSystem- und Hochvolttechnik\u2018 aufgrund der Elektrifizierung der Nutzfahrzeuge in den Ausbildungsschwerpunkt \u201aNutzfahrzeugtechnik\u2018 integriert werden. Mit der neuen Ausbildungsverordnung sei wahrscheinlich mit Ausbildungsbeginn am 1. August 2025 zu rechnen. <em>\u201eIm Moment sind die entsprechenden Gremien damit besch\u00e4ftigt, die neuen Mindestqualifikationen, die ein Ausbildungsbetrieb zu vermitteln hat, zu beschreiben. Das bedeutet, dass in der Ausbildung die f\u00fcr den Service und die Wartung von Nfz-BEVs\/ Nfz-FCEVs entsprechenden Qualifikationen von Grund auf zu vermitteln sind\u201c<\/em>, so Syha.<\/p>\n<blockquote><p><em><blockquote class=\"khm-quote\"><p>Die \u00c4nderungen des Berufsbilds von Nfz-Mechatroniker(innen) sind spannend und anspruchsvoll.<\/p><\/blockquote><\/em><\/p><\/blockquote>\n<p>Bei Daimler-Truck beispielsweise werden Nfz-Mechatroniker(innen) bereits heute zu Hochvolt-Spezialisten qualifiziert. Daneben gibt es auch Trainings f\u00fcr Batteriefachkr\u00e4fte, welche sicher mit den neuen HV-Batterien umgehen und die Transportsicherheit von Lithium-Ionen-Batterien beurteilen k\u00f6nnen. <em>\u201eDie \u00c4nderungen des Berufsbilds von Nfz-Mechatroniker(innen) sind sehr spannend und anspruchsvoll. Hier muss der Umgang mit Hochvoltsystemen bei neuen Antriebstechniken und der Umgang mit Lithium-Ionen-Batterien erlernt werden\u201c<\/em>, so ein Sprecher. Zudem seien Investition in neue Sonderwerkzeuge, Hochvolt-Messger\u00e4te und Sicherheitseinrichtungen von N\u00f6ten.<\/p>\n<div class=\"gallery-container\"><div class=\"owl-carousel owl-theme\">\r\n        <div>\r\n        \t<img decoding=\"async\" src=\"https:\/\/static.krafthand-truck.de\/uploads\/2022\/11\/04_2022_011_6-1024x618.jpg\" alt=\"\" \/>\r\n          <a href=\"https:\/\/static.krafthand-truck.de\/uploads\/2022\/11\/04_2022_011_6-1024x618.jpg\" data-featherlight=\"gallery_69f54a401d64e\" class=\"gallery-expand\" data-title=\"Der Ausbildungsschwerpunkt \u201aSystem- und Hochvolttechnik\u2018 soll aufgrund der Elektrifizierung der Nutzfahrzeuge zuk\u00fcnftig in den Ausbildungsschwerpunkt \u201aNutzfahrzeugtechnik\u2018 integriert werden. Bild: IVECO\"><i class=\"fa fa-expand\" aria-hidden=\"true\"><\/i><\/a>\r\n        \t<div class=\"gallery-caption wp-caption-text\"><p>Der Ausbildungsschwerpunkt \u201aSystem- und Hochvolttechnik\u2018 soll aufgrund der Elektrifizierung der Nutzfahrzeuge zuk\u00fcnftig in den Ausbildungsschwerpunkt \u201aNutzfahrzeugtechnik\u2018 integriert werden. Bild: IVECO<\/p>\n<\/div>\r\n        <\/div>\r\n        <div>\r\n        \t<img decoding=\"async\" src=\"https:\/\/static.krafthand-truck.de\/uploads\/2022\/11\/04_2022_011_8-1024x660.jpg\" alt=\"\" \/>\r\n          <a href=\"https:\/\/static.krafthand-truck.de\/uploads\/2022\/11\/04_2022_011_8-1024x660.jpg\" data-featherlight=\"gallery_69f54a401d64e\" class=\"gallery-expand\" data-title=\"Mit dem Training \u201aFachkundiger an nicht HV-eigensicheren Systemen\u2018 bietet  ZF Aftermarket auch Trainings an E-Lkw f\u00fcr Nfz-Partner an. Bild: ZF\"><i class=\"fa fa-expand\" aria-hidden=\"true\"><\/i><\/a>\r\n        \t<div class=\"gallery-caption wp-caption-text\"><p>Mit dem Training \u201aFachkundiger an nicht HV-eigensicheren Systemen\u2018 bietet  ZF Aftermarket auch Trainings an E-Lkw f\u00fcr Nfz-Partner an. Bild: ZF<\/p>\n<\/div>\r\n        <\/div><\/div><\/div>\r\n\t<script>\r\n\t\tjQuery(document).ready(function($){\r\n      setTimeout(function(){\r\n  \t\t\t$(\".owl-carousel\").owlCarousel({\r\n  \t\t\t\tloop:true,\r\n    \t\t\tmargin:10,\r\n    \t\t\tresponsiveClass:true,\r\n    \t\t\titems:1,\r\n    \t\t\tautoHeight: true,\r\n          nav: true,\r\n          URLhashListener: true,\r\n          startPosition: \"URLHash\",\r\n          navText: [\r\n            \"<i class='fa fa-chevron-left'><\/i>\",\r\n            \"<i class='fa fa-chevron-right'><\/i>\"\r\n          ],\r\n  \t\t\t});\r\n      }, 2000);\r\n\t\t});\r\n\t<\/script>\r\n\t\n<h2>Basiswissen<\/h2>\n<p><em>\u201eNeben der eigentlichen Berufsausbildung sind auch entsprechende Schulungen f\u00fcr den Nfz-Service-Profi erforderlich, damit er f\u00fcr Arbeiten an Hochvoltsystemen im spannungsfreien Zustand (FHV) qualifiziert ist\u201c<\/em>, erg\u00e4nzt Hans-Walter Kaumanns, Experte im Bereich Werkst\u00e4tten und Technik beim ZDK. Die erfolgreiche Qualifizierung bef\u00e4higt den \u201aFachkundigen an Hochvoltsystemen\u2018 selbstst\u00e4ndig und sicher zu arbeiten. Alle Arbeiten an spannungsfreien HV-Systemen und HV-Komponenten oder in deren Gef\u00e4hrdungsbereich, zum Beispiel dem Messen von Isolationswiderst\u00e4nden, dem Instandsetzen, Auswechseln, \u00c4ndern und Pr\u00fcfen, z\u00e4hlen zu Arbeiten an HV-Systemen im spannungsfreien Zustand. Sofern die Qualifikation entsprechend der Stufe 2S (Fachkundige Person \u2013 FHV) noch nicht Bestandteil der Berufsausbildung war, ist also die erfolgreiche Teilnahme an der entsprechenden Zusatzqualifikation nachzuweisen. M\u00f6glich sind entsprechenden Qualifizierungen beispielsweise \u00fcber die Akademie des Kfz-Gewerbes (TAK).<\/p>\n<h2>Neue Gesch\u00e4ftsmodelle<\/h2>\n<p>Tats\u00e4chlich werden sich mittelfristig die Arbeitsschwerpunkte verschieben. Hans-Walter Kaumanns vom ZDK beschreibt es so: <em>\u201eDie steigende Zahl von Nutzfahrzeugen mit einem elektrischen Antrieb wird f\u00fcr die Nutzfahrzeugwerkst\u00e4tten zun\u00e4chst einen negativen Effekt haben, da im Servicebereich an diesen E-Fahrzeugen ein geringerer Reparatur- und Wartungsumfang gegeben ist und zus\u00e4tzlich weniger Verschlei\u00dfreparaturen anfallen werden. Neben den verringerten Mengen an ben\u00f6tigten Betriebsstoffen und dem Bedarf an Ersatzteilen wird dies im Vergleich zu den konventionell angetriebenen Nutzfahrzeugen zu einem Umsatz- und Gewinnverlust bei den Nutzfahrzeugwerkst\u00e4tten f\u00fchren. Diese Verluste gilt es durch neue innovative Gesch\u00e4ftsmodelle (Ladem\u00f6glichkeit, Digitalisierung von Serviceprozessen in Verbindung mit neuen Mobilit\u00e4tskonzepten usw.) auszugleichen.\u201c<\/em><\/p>\n<blockquote><p><em><blockquote class=\"khm-quote\"><p>Verluste gilt es durch neue innovative Gesch\u00e4ftsmodelle auszugleichen.<\/p><\/blockquote><\/em><\/p><\/blockquote>\n<p>Ein weiterer, interessanter Aspekt ist die zunehmende Vernetzung des Fahrzeugs mit der Nfz-Werkstatt. Damit wird eine vorausschauende, proaktive Wartung auch bei BEV\/FCEV eine immer gr\u00f6\u00dfere Rolle spielen. <em>\u201eUnsere Strategie ist unseren Kund(innen) die Sorge um hochpreisige Ersatzteilkosten bei einer noch jungen Antriebstechnologie durch durchdachte Wartungsvertr\u00e4ge abzunehmen\u201c<\/em>, so Peter Str\u00f6m. Patrick Wanner von IVECO erg\u00e4nzt: <em>\u201eMobile Service-Dienstleistungen werden erg\u00e4nzend zu den bereits vorhandenen station\u00e4ren Betrieben zunehmen, um in strukturschwachen Gebieten auch k\u00fcnftig serviceseitig Wartungen und Reparaturen f\u00fcr die E-Mobilit\u00e4t abzudecken.\u201c<\/em><\/p>\n<figure id=\"attachment_34438\" aria-describedby=\"caption-attachment-34438\" style=\"width: 380px\" class=\"wp-caption alignleft\"><a href=\"https:\/\/static.krafthand-truck.de\/uploads\/2022\/11\/04_2022_011_7.jpg\" target=\"_blank\" rel=\"noopener\"><img loading=\"lazy\" decoding=\"async\" class=\"wp-image-34438\" src=\"https:\/\/static.krafthand-truck.de\/uploads\/2022\/11\/04_2022_011_7-300x200.jpg\" alt=\"\" width=\"380\" height=\"253\" srcset=\"https:\/\/static.krafthand-truck.de\/uploads\/2022\/11\/04_2022_011_7-300x200.jpg 300w, https:\/\/static.krafthand-truck.de\/uploads\/2022\/11\/04_2022_011_7-1024x682.jpg 1024w, https:\/\/static.krafthand-truck.de\/uploads\/2022\/11\/04_2022_011_7-768x512.jpg 768w, https:\/\/static.krafthand-truck.de\/uploads\/2022\/11\/04_2022_011_7-1320x880.jpg 1320w, https:\/\/static.krafthand-truck.de\/uploads\/2022\/11\/04_2022_011_7.jpg 1400w\" sizes=\"(max-width: 380px) 100vw, 380px\" \/><\/a><figcaption id=\"caption-attachment-34438\" class=\"wp-caption-text\"><em>\u201eDie Vielzahl an Antriebstechnologien erh\u00f6ht auch den kontinuierlichen Trainingsbedarf. Sie sind aber gleichzeitig ein potenziell ausschlaggebendes Kriterium bei jungen Berufseinsteigenden\u201c<\/em>, erkl\u00e4rt Peter Str\u00f6m.<\/figcaption><\/figure>\n<h2>Wartung und Reparatur vor Ort?!<\/h2>\n<p><em>\u201eWir sind dort, wo wir gebraucht werden \u2013 das wird auch f\u00fcr den neuen MAN eTruck so sein\u201c<\/em>, so Christopher Kunstmann, Senior Vice President Customer Service Management bei MAN. Der Lkw-Hersteller verfolgt analog zum Gesch\u00e4ft mit Diesel-Fahrzeugen die Strategie einer hohen Servicequalit\u00e4t und marktgerechter Preise. Das oberste Ziel sei Uptime &amp; Wirtschaftlichkeit f\u00fcr die Kunden zu erm\u00f6glichen. Dazu m\u00f6chte MAN auch im Bereich eTruck das dichte und sehr gut qualifizierte Werkstattnetz nutzen. <em>\u201eDie Reparatur wird dabei grunds\u00e4tzlich dem Tausch von Bauteilen vorgezogen. Wir bauen beispielsweise f\u00fcr die Batteriereparatur derzeit ein eigenes Kompetenzzentrum auf\u201c<\/em>, so Kunstmann.<br \/>\nBei Volvo soll jeder Mechatroniker bis hin zum Betriebsleiter auf die spannende Reise mitgenommen werden. <em>\u201eWir gehen aber davon aus, dass nach wie vor unser bew\u00e4hrtes Werkstattnetz ben\u00f6tigt wird, dieses aber durch einen mobilen Service gut erg\u00e4nzt werden kann. Der Trend zum vollvernetzten Lkw macht auch bei Elektro keine Ausnahme. Transparente Einsatz- und Zustandsanalysen, Fernprogrammierung oder Predictive-Maintenance sind auch bei unseren Elektro-Lkw fester Bestandteil des Dienstleistungsangebotes\u201c<\/em>, so Peter Str\u00f6m.<br \/>\nAuch bei IVECO\/<a href=\"https:\/\/nikolamotor.com\" target=\"_blank\" rel=\"noopener\">Nikola<\/a> sieht man es so: <em>\u201eMobile Service-Dienstleistungen werden erg\u00e4nzend zu den bereits vorhandenen station\u00e4ren Betrieben zunehmen, um in strukturschwachen Gebieten auch k\u00fcnftig serviceseitig Wartungen und Reparaturen f\u00fcr die E-Mobilit\u00e4t abzudecken.\u201c<br \/>\n<\/em>Letztendlich erforderten laut Daimler-Truck Arbeiten an Hochvoltsystemen gute und vor allem saubere Arbeitsbedingungen. Diese Voraussetzungen seien auch im mobilen Einsatz sicherzustellen. Ferner sei davon auszugehen, dass es bei BEV\/FCEV, \u00e4hnlich wie heute bei den konventionellen Lkw, zu einer entsprechenden Aufteilung von station\u00e4ren und mobilen Servicedienstleistungen kommen wird.<\/p>\n<blockquote class=\"khm-quote\"><p>Wir setzen heute schon auf \u201aFlying-Doctors\u2018, die unsere Werkst\u00e4tten, besonders in der Anfangsphase, unterst\u00fctzen oder Probleme direkt vor Ort l\u00f6sen.<\/p><\/blockquote>\n<p>Die Newcomer Volta-Trucks und Quantron sehen ihr Werkstattnetz im Aufbau: <em>\u201eWir werden mit einem Netzwerk von sogenannten \u201aVolta-Trucks-Hubs\u2018 sowie zertifizierten Drittanbieter-Werkst\u00e4tten arbeiten, in denen die Fahrzeuge gewartet und repariert werden\u201c<\/em>, so Duncan Forrester. Olaf Muschner von Quantron erg\u00e4nzt: <em>\u201eWenn ein Kunde bereits lange und gut mit einer kompetenten Werkstatt zusammenarbeitet, k\u00f6nnen wir diese schnell in die Lage versetzen, um die neuen Fahrzeuge service-technisch perfekt betreuen zu k\u00f6nnen. Durch die Kooperation mit dem europaweiten Werkstattnetzwerk Alltrucks stehen uns potenziell rund 700 Werkst\u00e4tten f\u00fcr unsere Kunden zur Verf\u00fcgung.\u201c<\/em><\/p>\n<h2>High-Tech statt Schmier\u00f6l<\/h2>\n<p><em>\u201eDie Imagebildung ist eine der gr\u00f6\u00dften Herausforderungen unserer Industrie. Um sich hier im aktuellen Wettbewerb abzusetzen, um talentierte Mitarbeiter(innen) zu gewinnen, ist ein positives Arbeitgeberimage ausschlaggebend\u201c<\/em>, so Peter Str\u00f6m. IVECO r\u00e4t den eigenen Werkst\u00e4tten sowie den Partnerbetrieben, dass sie sich als lokale Marke etablieren. <em>\u201eSie m\u00fcssen ihren USP identifizieren und diesen zur Zielgruppe, also den Fachkr\u00e4ften und angehenden Auszubildenden transportieren. Also wie gehe ich als Arbeitgeber auf die ge\u00e4nderten Anforderungen ein und durch welche Argumente, Benefits und Strukturen kann ich mich im Wettbewerb um Talente positiv abgrenzen\u201c<\/em>, erkl\u00e4rt Patrick Wanner.<\/p>\n<figure id=\"attachment_34441\" aria-describedby=\"caption-attachment-34441\" style=\"width: 220px\" class=\"wp-caption alignright\"><a href=\"https:\/\/static.krafthand-truck.de\/uploads\/2022\/11\/04_2022_011_11.jpg\" target=\"_blank\" rel=\"noopener\"><img loading=\"lazy\" decoding=\"async\" class=\"wp-image-34441\" src=\"https:\/\/static.krafthand-truck.de\/uploads\/2022\/11\/04_2022_011_11-207x300.jpg\" alt=\"\" width=\"220\" height=\"319\" srcset=\"https:\/\/static.krafthand-truck.de\/uploads\/2022\/11\/04_2022_011_11-207x300.jpg 207w, https:\/\/static.krafthand-truck.de\/uploads\/2022\/11\/04_2022_011_11-707x1024.jpg 707w, https:\/\/static.krafthand-truck.de\/uploads\/2022\/11\/04_2022_011_11-768x1113.jpg 768w, https:\/\/static.krafthand-truck.de\/uploads\/2022\/11\/04_2022_011_11.jpg 828w\" sizes=\"(max-width: 220px) 100vw, 220px\" \/><\/a><figcaption id=\"caption-attachment-34441\" class=\"wp-caption-text\"><em>\u201eMit Imagekampagnen weg vom \u00d6l- hin zum High-Tech-Image kann das Ansehen des Berufes deutlich verbessert werden\u201c<\/em>, erkl\u00e4rt Christopher Kunstmann. Bild: MAN<\/figcaption><\/figure>\n<p>MAN m\u00f6chte ein attraktives Arbeitsumfeld mit moderner Arbeitsausstattung, guten Verdienstm\u00f6glichkeiten sowie optimierten Arbeitszeitmodellen bieten um sich zu differenzieren. Daimler-Truck setzt zus\u00e4tzlich, neben bedarfsorientierten Qualifizierungen, auch auf Talente mit digitalen Kompetenzen und Fachkenntnissen in neuen Antriebstechnologien, um den digitalen und technologischen Wandel erfolgreich zu bew\u00e4ltigen.<br \/>\nEs spielen also zahlreiche Aspekte eine Rolle. Die \u201aBig-Player\u2018, aber auch kleine und flexible Mittelst\u00e4ndler wissen was Mitarbeiter(innen) heute erwarten. Also eigentlich gute Voraussetzungen f\u00fcr ein positives Image.<br \/>\nAuch der ZDK besch\u00e4ftigt sich im Rahmen der Initiativen \u201aAuto-Berufe\u2018 (<a href=\"https:\/\/www.autoberufe.de\" target=\"_blank\" rel=\"noopener\">www.autoberufe.de<\/a>) und \u201a#Wasmitautos\u2018 (<a href=\"https:\/\/www.wasmitautos.com\" target=\"_blank\" rel=\"noopener\">www.wasmitautos.de<\/a>) regelm\u00e4\u00dfig mit entsprechenden Themen rund um das Berufsbild von Kfz-Service-Spezialisten. Unter anderen gibt es einen Werkzeugkasten f\u00fcr die Rekrutierung neuer Auszubildender, einen Betriebefinder sowie Aktivit\u00e4ten in verschiedenen Social-Media-Kan\u00e4len. Was gleichsam fehlt ist die gezielte Ansprache von potenziellen Nfz-Spezialisten. Da ist Luft nach oben.<br \/>\nBernhard Wasner, Gesch\u00e4ftsf\u00fchrer bei der <a href=\"https:\/\/paul-nutzfahrzeuge.de\" target=\"_blank\" rel=\"noopener\">Paul-Group<\/a>, einem Spezialisten f\u00fcr Nfz-Umbauten und Elektromobilit\u00e4t, hat es k\u00fcrzlich im Business-Portal LinkedIn auf den Punkt gebracht: <em>\u201eWir bauen so einen geilen Schei\u00df hier.\u201c<\/em> Er meinte nicht nur die zahlreichen Fahrzeugumbauten, sondern den BAX 7.5, den PH2P-Brennstoffzellen-Truck oder das erste \u201aPEP\u2018 (Paul-Electrik-Power)-Fahrzeug: Der vollelektrisch angetriebene Prototyp eines Fahrmischers wurde k\u00fcrzlich auf der Bauma in M\u00fcnchen gezeigt. Damit l\u00e4sst sich doch arbeiten!<\/p>\n<blockquote class=\"khm-quote\"><p>Wir bauen so einen geilen Schei\u00df hier.<\/p><\/blockquote>\n<h2>Keine Panik, aber Weitsicht<\/h2>\n<p>Was man bei aller Euphorie nicht vergessen sollte: Der Diesel-Lkw wird noch eine geraume Zeit ein zuverl\u00e4ssiger und hocheffektiver Begleiter sein, auch wenn sich die alternativen Antriebe immer weiter durchsetzen. Eine allgemeine Panik ist nicht angezeigt, wenngleich man unternehmerische Entscheidungen treffen muss. Es ergeben sich f\u00fcr Nfz-Werkst\u00e4tten zahlreiche interessante Optionen. Und: Spricht man von alternativen Antrieben, geh\u00f6ren auch klassische Motoren, die mit Bio-LNG laufen oder Fahrzeuge mit Wasserstoff-Verbrennungsmotor dazu. Es bleibt nur zu hoffen, dass die EU, die nationale und internationale Politik, ideologiefrei und mit Weitsicht, Technologieoffenheit zeigt. Br\u00fcckentechnologien k\u00f6nnen schon heute die Schadstoffemissionen sofort und fl\u00e4chendeckend reduzieren, die Elektromobilit\u00e4t folgt.<\/p>\n<p><strong>Im \u00dcbrigen:<\/strong> Zwischen der ersten Ausfahrt von Bertha-Benz mit dem Motorwagen Nr. 3 im Jahr 1888, bis zur industriellen Serienfertigung des ersten Pkw, dem Ford Model-T, sind 26 Jahre vergangen. Heute sind wir schneller. Heute geht es um die Umwelt. Und es gibt nichts Spannenderes als sich mit neuen Technologien zu besch\u00e4ftigen, egal ob als Fahrer(in) eines E-Trucks, oder eben als Nfz-Mechatroniker(in) in der Lkw-Werkstatt.<\/p>\n<p><i>Den Beitrag finden Sie auch in der Print-Ausgabe 4-2022 der <a href=\"https:\/\/www.krafthand.de\/truck\/magazin\/\" title=\"Zum Magazin\">Krafthand-Truck<\/a>.<\/i><\/p>\r\n\t\t\t\t<div class=\"post-author\">\r\n\t\t\t\t\t<div class=\"khm-cp-author clearfix\">\r\n\t\t\t\t\t\t<div class=\"khm-cp-author__content\">\r\n\t\t\t\t\t\t\t\tKontakt zum Autor:<br \/>\r\n\t\t\t\t\t\t\t\t<strong>Georg Blenk<\/strong>, 08247 \/ 3007-45 |  <a href=\"mailto:georg.blenk@krafthand-medien.de\">georg.blenk@krafthand-medien.de<\/a>\r\n\t\t\t\t\t\t\t<div class=\"khm-cp-author__image\">\r\n\t\t\t\t\t\t<img src=\"https:\/\/static.krafthand-truck.de\/uploads\/2021\/01\/Blenk_6104-250x300-1-removebg-preview.png\" class=\"img-responsive\">\r\n\t\t\t\t\t<\/div>\r\n\t\t\t\t\t\t<\/div>\r\n\t\t\t\t\t<\/div>\r\n\t\t\t\t<\/div>\r\n\t\t\t\t","protected":false},"excerpt":{"rendered":"<p>Im September stand die IAA Transportation ganz im Zeichen von alternativen Antrieben, von Assistenzsystemen, der Digitalisierung. Eine Innovation folgte der anderen. Kommt am Ende die Euphorie, die Aufbruchstimmung auch in den Nfz-Werkst\u00e4tten an? Letztendlich stellt sich auch die Frage, inwieweit es gelingt, dem Berufsbild ein neues, modernes Image zu verpassen, inwieweit man die Mechatroniker(innen) mitnimmt und f\u00fcr neue Aufgaben begeistert. Krafthand-Truck hat sich mit Branchenvertretern unterhalten. <span class=\"excerpt-more__dots\">&#8230;<\/span> <a class=\"excerpt-more__link\" href=\"https:\/\/www.krafthand.de\/truck\/artikel\/antrieb-und-wandel-das-neue-berufsbild-nfz-mechantronikerin-34430\/\" >weiter<\/a><\/p>\n","protected":false},"author":9,"featured_media":34431,"comment_status":"closed","ping_status":"closed","sticky":false,"template":"","format":"standard","meta":{"footnotes":""},"categories":[4324,4235],"tags":[1014,4511,5443,839,4492,4348,5446,29,640,5445,4262,4176,752,747],"settings":[3524,3523],"class_list":["post-34430","post","type-post","status-publish","format-standard","has-post-thumbnail","hentry","category-schulungen-bildung","category-unternehmen","tag-ausbildung","tag-bev","tag-bildung","tag-daf","tag-daimler-truck","tag-fcev","tag-hv-technik","tag-iveco","tag-mechatroniker","tag-nfz-mechatroniker","tag-quantron","tag-volta-trucks","tag-volvo","tag-zdk"],"yoast_head":"<!-- This site is optimized with the Yoast SEO plugin v27.3 - https:\/\/yoast.com\/product\/yoast-seo-wordpress\/ -->\n<title>Das neue Berufsbild Nfz-Mechatroniker(in) I Krafthand-Truck<\/title>\n<meta name=\"description\" content=\"Antrieb und Wandel: Vor welchen Herausforderungen stehen Mechatroniker(innen) mit Schwerpunkt Nfz-Technik?\" \/>\n<meta name=\"robots\" content=\"index, follow, max-snippet:-1, max-image-preview:large, max-video-preview:-1\" \/>\n<link rel=\"canonical\" href=\"https:\/\/www.krafthand.de\/truck\/artikel\/antrieb-und-wandel-das-neue-berufsbild-nfz-mechantronikerin-34430\/\" \/>\n<meta property=\"og:locale\" content=\"de_DE\" \/>\n<meta property=\"og:type\" content=\"article\" \/>\n<meta property=\"og:title\" content=\"Das neue Berufsbild Nfz-Mechatroniker(in) I Krafthand-Truck\" \/>\n<meta property=\"og:description\" content=\"Antrieb und Wandel: Vor welchen Herausforderungen stehen Mechatroniker(innen) mit Schwerpunkt Nfz-Technik?\" \/>\n<meta property=\"og:url\" content=\"https:\/\/www.krafthand-truck.de\/artikel\/antrieb-und-wandel-das-neue-berufsbild-nfz-mechantronikerin-34430\/\" \/>\n<meta property=\"og:site_name\" content=\"Krafthand-Truck\" \/>\n<meta property=\"article:published_time\" content=\"2022-12-17T06:33:41+00:00\" \/>\n<meta property=\"article:modified_time\" content=\"2023-02-10T23:04:11+00:00\" \/>\n<meta property=\"og:image\" content=\"https:\/\/static.krafthand-truck.de\/uploads\/2022\/11\/04_2022_011_1.jpg\" \/>\n\t<meta property=\"og:image:width\" content=\"1400\" \/>\n\t<meta property=\"og:image:height\" content=\"809\" \/>\n\t<meta property=\"og:image:type\" content=\"image\/jpeg\" \/>\n<meta name=\"author\" content=\"georg.blenk@krafthand-medien.de\" \/>\n<meta name=\"twitter:card\" content=\"summary_large_image\" \/>\n<meta name=\"twitter:label1\" content=\"Verfasst von\" \/>\n\t<meta name=\"twitter:data1\" content=\"georg.blenk@krafthand-medien.de\" \/>\n\t<meta name=\"twitter:label2\" content=\"Gesch\u00e4tzte Lesezeit\" \/>\n\t<meta name=\"twitter:data2\" content=\"13\u00a0Minuten\" \/>\n<script type=\"application\/ld+json\" class=\"yoast-schema-graph\">{\"@context\":\"https:\\\/\\\/schema.org\",\"@graph\":[{\"@type\":\"Article\",\"@id\":\"https:\\\/\\\/www.krafthand.de\\\/truck\\\/artikel\\\/antrieb-und-wandel-das-neue-berufsbild-nfz-mechantronikerin-34430\\\/#article\",\"isPartOf\":{\"@id\":\"https:\\\/\\\/www.krafthand.de\\\/truck\\\/artikel\\\/antrieb-und-wandel-das-neue-berufsbild-nfz-mechantronikerin-34430\\\/\"},\"author\":{\"name\":\"georg.blenk@krafthand-medien.de\",\"@id\":\"https:\\\/\\\/www.krafthand.de\\\/truck\\\/#\\\/schema\\\/person\\\/51fa80b1c57034c4bf63f9f988fc24ce\"},\"headline\":\"Antrieb und Wandel &#8211; Das (neue) Berufsbild Nfz-Mechantroniker(in)\",\"datePublished\":\"2022-12-17T06:33:41+00:00\",\"dateModified\":\"2023-02-10T23:04:11+00:00\",\"mainEntityOfPage\":{\"@id\":\"https:\\\/\\\/www.krafthand.de\\\/truck\\\/artikel\\\/antrieb-und-wandel-das-neue-berufsbild-nfz-mechantronikerin-34430\\\/\"},\"wordCount\":2345,\"image\":{\"@id\":\"https:\\\/\\\/www.krafthand.de\\\/truck\\\/artikel\\\/antrieb-und-wandel-das-neue-berufsbild-nfz-mechantronikerin-34430\\\/#primaryimage\"},\"thumbnailUrl\":\"https:\\\/\\\/static.krafthand-truck.de\\\/uploads\\\/2022\\\/11\\\/04_2022_011_1.jpg\",\"keywords\":[\"Ausbildung\",\"BEV\",\"Bildung\",\"DAF\",\"Daimler Truck\",\"FCEV\",\"HV-Technik\",\"Iveco\",\"Mechatroniker\",\"Nfz-Mechatroniker\",\"Quantron\",\"Volta-Trucks\",\"Volvo\",\"ZDK\"],\"articleSection\":[\"Schulungen\\\/Bildung\",\"Unternehmen\"],\"inLanguage\":\"de\"},{\"@type\":\"WebPage\",\"@id\":\"https:\\\/\\\/www.krafthand.de\\\/truck\\\/artikel\\\/antrieb-und-wandel-das-neue-berufsbild-nfz-mechantronikerin-34430\\\/\",\"url\":\"https:\\\/\\\/www.krafthand.de\\\/truck\\\/artikel\\\/antrieb-und-wandel-das-neue-berufsbild-nfz-mechantronikerin-34430\\\/\",\"name\":\"Das neue Berufsbild Nfz-Mechatroniker(in) I Krafthand-Truck\",\"isPartOf\":{\"@id\":\"https:\\\/\\\/www.krafthand.de\\\/truck\\\/#website\"},\"primaryImageOfPage\":{\"@id\":\"https:\\\/\\\/www.krafthand.de\\\/truck\\\/artikel\\\/antrieb-und-wandel-das-neue-berufsbild-nfz-mechantronikerin-34430\\\/#primaryimage\"},\"image\":{\"@id\":\"https:\\\/\\\/www.krafthand.de\\\/truck\\\/artikel\\\/antrieb-und-wandel-das-neue-berufsbild-nfz-mechantronikerin-34430\\\/#primaryimage\"},\"thumbnailUrl\":\"https:\\\/\\\/static.krafthand-truck.de\\\/uploads\\\/2022\\\/11\\\/04_2022_011_1.jpg\",\"datePublished\":\"2022-12-17T06:33:41+00:00\",\"dateModified\":\"2023-02-10T23:04:11+00:00\",\"author\":{\"@id\":\"https:\\\/\\\/www.krafthand.de\\\/truck\\\/#\\\/schema\\\/person\\\/51fa80b1c57034c4bf63f9f988fc24ce\"},\"description\":\"Antrieb und Wandel: Vor welchen Herausforderungen stehen Mechatroniker(innen) mit Schwerpunkt Nfz-Technik?\",\"breadcrumb\":{\"@id\":\"https:\\\/\\\/www.krafthand.de\\\/truck\\\/artikel\\\/antrieb-und-wandel-das-neue-berufsbild-nfz-mechantronikerin-34430\\\/#breadcrumb\"},\"inLanguage\":\"de\",\"potentialAction\":[{\"@type\":\"ReadAction\",\"target\":[\"https:\\\/\\\/www.krafthand.de\\\/truck\\\/artikel\\\/antrieb-und-wandel-das-neue-berufsbild-nfz-mechantronikerin-34430\\\/\"]}]},{\"@type\":\"ImageObject\",\"inLanguage\":\"de\",\"@id\":\"https:\\\/\\\/www.krafthand.de\\\/truck\\\/artikel\\\/antrieb-und-wandel-das-neue-berufsbild-nfz-mechantronikerin-34430\\\/#primaryimage\",\"url\":\"https:\\\/\\\/static.krafthand-truck.de\\\/uploads\\\/2022\\\/11\\\/04_2022_011_1.jpg\",\"contentUrl\":\"https:\\\/\\\/static.krafthand-truck.de\\\/uploads\\\/2022\\\/11\\\/04_2022_011_1.jpg\",\"width\":1400,\"height\":809},{\"@type\":\"BreadcrumbList\",\"@id\":\"https:\\\/\\\/www.krafthand.de\\\/truck\\\/artikel\\\/antrieb-und-wandel-das-neue-berufsbild-nfz-mechantronikerin-34430\\\/#breadcrumb\",\"itemListElement\":[{\"@type\":\"ListItem\",\"position\":1,\"name\":\"Krafthand-Truck\",\"item\":\"https:\\\/\\\/www.krafthand.de\\\/truck\\\/\"},{\"@type\":\"ListItem\",\"position\":2,\"name\":\"Nfz-Branche\",\"item\":\"https:\\\/\\\/www.krafthand.de\\\/truck\\\/kategorie\\\/branche\\\/\"},{\"@type\":\"ListItem\",\"position\":3,\"name\":\"Schulungen\\\/Bildung\",\"item\":\"https:\\\/\\\/www.krafthand.de\\\/truck\\\/kategorie\\\/branche\\\/schulungen-bildung\\\/\"},{\"@type\":\"ListItem\",\"position\":4,\"name\":\"Antrieb und Wandel &#8211; Das (neue) Berufsbild Nfz-Mechantroniker(in)\"}]},{\"@type\":\"WebSite\",\"@id\":\"https:\\\/\\\/www.krafthand.de\\\/truck\\\/#website\",\"url\":\"https:\\\/\\\/www.krafthand.de\\\/truck\\\/\",\"name\":\"Krafthand-Truck\",\"description\":\"\",\"potentialAction\":[{\"@type\":\"SearchAction\",\"target\":{\"@type\":\"EntryPoint\",\"urlTemplate\":\"https:\\\/\\\/www.krafthand.de\\\/truck\\\/?s={search_term_string}\"},\"query-input\":{\"@type\":\"PropertyValueSpecification\",\"valueRequired\":true,\"valueName\":\"search_term_string\"}}],\"inLanguage\":\"de\"},{\"@type\":\"Person\",\"@id\":\"https:\\\/\\\/www.krafthand.de\\\/truck\\\/#\\\/schema\\\/person\\\/51fa80b1c57034c4bf63f9f988fc24ce\",\"name\":\"georg.blenk@krafthand-medien.de\",\"image\":{\"@type\":\"ImageObject\",\"inLanguage\":\"de\",\"@id\":\"https:\\\/\\\/secure.gravatar.com\\\/avatar\\\/93713c30affe0aa95d3a4130e499bb1abee2eb31adbdd9ce2aa1543538490215?s=96&d=mm&r=g\",\"url\":\"https:\\\/\\\/secure.gravatar.com\\\/avatar\\\/93713c30affe0aa95d3a4130e499bb1abee2eb31adbdd9ce2aa1543538490215?s=96&d=mm&r=g\",\"contentUrl\":\"https:\\\/\\\/secure.gravatar.com\\\/avatar\\\/93713c30affe0aa95d3a4130e499bb1abee2eb31adbdd9ce2aa1543538490215?s=96&d=mm&r=g\",\"caption\":\"georg.blenk@krafthand-medien.de\"}}]}<\/script>\n<!-- \/ Yoast SEO plugin. -->","yoast_head_json":{"title":"Das neue Berufsbild Nfz-Mechatroniker(in) I Krafthand-Truck","description":"Antrieb und Wandel: Vor welchen Herausforderungen stehen Mechatroniker(innen) mit Schwerpunkt Nfz-Technik?","robots":{"index":"index","follow":"follow","max-snippet":"max-snippet:-1","max-image-preview":"max-image-preview:large","max-video-preview":"max-video-preview:-1"},"canonical":"https:\/\/www.krafthand.de\/truck\/artikel\/antrieb-und-wandel-das-neue-berufsbild-nfz-mechantronikerin-34430\/","og_locale":"de_DE","og_type":"article","og_title":"Das neue Berufsbild Nfz-Mechatroniker(in) I Krafthand-Truck","og_description":"Antrieb und Wandel: Vor welchen Herausforderungen stehen Mechatroniker(innen) mit Schwerpunkt Nfz-Technik?","og_url":"https:\/\/www.krafthand-truck.de\/artikel\/antrieb-und-wandel-das-neue-berufsbild-nfz-mechantronikerin-34430\/","og_site_name":"Krafthand-Truck","article_published_time":"2022-12-17T06:33:41+00:00","article_modified_time":"2023-02-10T23:04:11+00:00","og_image":[{"width":1400,"height":809,"url":"https:\/\/static.krafthand-truck.de\/uploads\/2022\/11\/04_2022_011_1.jpg","type":"image\/jpeg"}],"author":"georg.blenk@krafthand-medien.de","twitter_card":"summary_large_image","twitter_misc":{"Verfasst von":"georg.blenk@krafthand-medien.de","Gesch\u00e4tzte Lesezeit":"13\u00a0Minuten"},"schema":{"@context":"https:\/\/schema.org","@graph":[{"@type":"Article","@id":"https:\/\/www.krafthand.de\/truck\/artikel\/antrieb-und-wandel-das-neue-berufsbild-nfz-mechantronikerin-34430\/#article","isPartOf":{"@id":"https:\/\/www.krafthand.de\/truck\/artikel\/antrieb-und-wandel-das-neue-berufsbild-nfz-mechantronikerin-34430\/"},"author":{"name":"georg.blenk@krafthand-medien.de","@id":"https:\/\/www.krafthand.de\/truck\/#\/schema\/person\/51fa80b1c57034c4bf63f9f988fc24ce"},"headline":"Antrieb und Wandel &#8211; Das (neue) Berufsbild Nfz-Mechantroniker(in)","datePublished":"2022-12-17T06:33:41+00:00","dateModified":"2023-02-10T23:04:11+00:00","mainEntityOfPage":{"@id":"https:\/\/www.krafthand.de\/truck\/artikel\/antrieb-und-wandel-das-neue-berufsbild-nfz-mechantronikerin-34430\/"},"wordCount":2345,"image":{"@id":"https:\/\/www.krafthand.de\/truck\/artikel\/antrieb-und-wandel-das-neue-berufsbild-nfz-mechantronikerin-34430\/#primaryimage"},"thumbnailUrl":"https:\/\/static.krafthand-truck.de\/uploads\/2022\/11\/04_2022_011_1.jpg","keywords":["Ausbildung","BEV","Bildung","DAF","Daimler Truck","FCEV","HV-Technik","Iveco","Mechatroniker","Nfz-Mechatroniker","Quantron","Volta-Trucks","Volvo","ZDK"],"articleSection":["Schulungen\/Bildung","Unternehmen"],"inLanguage":"de"},{"@type":"WebPage","@id":"https:\/\/www.krafthand.de\/truck\/artikel\/antrieb-und-wandel-das-neue-berufsbild-nfz-mechantronikerin-34430\/","url":"https:\/\/www.krafthand.de\/truck\/artikel\/antrieb-und-wandel-das-neue-berufsbild-nfz-mechantronikerin-34430\/","name":"Das neue Berufsbild Nfz-Mechatroniker(in) I Krafthand-Truck","isPartOf":{"@id":"https:\/\/www.krafthand.de\/truck\/#website"},"primaryImageOfPage":{"@id":"https:\/\/www.krafthand.de\/truck\/artikel\/antrieb-und-wandel-das-neue-berufsbild-nfz-mechantronikerin-34430\/#primaryimage"},"image":{"@id":"https:\/\/www.krafthand.de\/truck\/artikel\/antrieb-und-wandel-das-neue-berufsbild-nfz-mechantronikerin-34430\/#primaryimage"},"thumbnailUrl":"https:\/\/static.krafthand-truck.de\/uploads\/2022\/11\/04_2022_011_1.jpg","datePublished":"2022-12-17T06:33:41+00:00","dateModified":"2023-02-10T23:04:11+00:00","author":{"@id":"https:\/\/www.krafthand.de\/truck\/#\/schema\/person\/51fa80b1c57034c4bf63f9f988fc24ce"},"description":"Antrieb und Wandel: Vor welchen Herausforderungen stehen Mechatroniker(innen) mit Schwerpunkt Nfz-Technik?","breadcrumb":{"@id":"https:\/\/www.krafthand.de\/truck\/artikel\/antrieb-und-wandel-das-neue-berufsbild-nfz-mechantronikerin-34430\/#breadcrumb"},"inLanguage":"de","potentialAction":[{"@type":"ReadAction","target":["https:\/\/www.krafthand.de\/truck\/artikel\/antrieb-und-wandel-das-neue-berufsbild-nfz-mechantronikerin-34430\/"]}]},{"@type":"ImageObject","inLanguage":"de","@id":"https:\/\/www.krafthand.de\/truck\/artikel\/antrieb-und-wandel-das-neue-berufsbild-nfz-mechantronikerin-34430\/#primaryimage","url":"https:\/\/static.krafthand-truck.de\/uploads\/2022\/11\/04_2022_011_1.jpg","contentUrl":"https:\/\/static.krafthand-truck.de\/uploads\/2022\/11\/04_2022_011_1.jpg","width":1400,"height":809},{"@type":"BreadcrumbList","@id":"https:\/\/www.krafthand.de\/truck\/artikel\/antrieb-und-wandel-das-neue-berufsbild-nfz-mechantronikerin-34430\/#breadcrumb","itemListElement":[{"@type":"ListItem","position":1,"name":"Krafthand-Truck","item":"https:\/\/www.krafthand.de\/truck\/"},{"@type":"ListItem","position":2,"name":"Nfz-Branche","item":"https:\/\/www.krafthand.de\/truck\/kategorie\/branche\/"},{"@type":"ListItem","position":3,"name":"Schulungen\/Bildung","item":"https:\/\/www.krafthand.de\/truck\/kategorie\/branche\/schulungen-bildung\/"},{"@type":"ListItem","position":4,"name":"Antrieb und Wandel &#8211; Das (neue) Berufsbild Nfz-Mechantroniker(in)"}]},{"@type":"WebSite","@id":"https:\/\/www.krafthand.de\/truck\/#website","url":"https:\/\/www.krafthand.de\/truck\/","name":"Krafthand-Truck","description":"","potentialAction":[{"@type":"SearchAction","target":{"@type":"EntryPoint","urlTemplate":"https:\/\/www.krafthand.de\/truck\/?s={search_term_string}"},"query-input":{"@type":"PropertyValueSpecification","valueRequired":true,"valueName":"search_term_string"}}],"inLanguage":"de"},{"@type":"Person","@id":"https:\/\/www.krafthand.de\/truck\/#\/schema\/person\/51fa80b1c57034c4bf63f9f988fc24ce","name":"georg.blenk@krafthand-medien.de","image":{"@type":"ImageObject","inLanguage":"de","@id":"https:\/\/secure.gravatar.com\/avatar\/93713c30affe0aa95d3a4130e499bb1abee2eb31adbdd9ce2aa1543538490215?s=96&d=mm&r=g","url":"https:\/\/secure.gravatar.com\/avatar\/93713c30affe0aa95d3a4130e499bb1abee2eb31adbdd9ce2aa1543538490215?s=96&d=mm&r=g","contentUrl":"https:\/\/secure.gravatar.com\/avatar\/93713c30affe0aa95d3a4130e499bb1abee2eb31adbdd9ce2aa1543538490215?s=96&d=mm&r=g","caption":"georg.blenk@krafthand-medien.de"}}]}},"_links":{"self":[{"href":"https:\/\/www.krafthand.de\/truck\/wp-json\/wp\/v2\/posts\/34430","targetHints":{"allow":["GET"]}}],"collection":[{"href":"https:\/\/www.krafthand.de\/truck\/wp-json\/wp\/v2\/posts"}],"about":[{"href":"https:\/\/www.krafthand.de\/truck\/wp-json\/wp\/v2\/types\/post"}],"author":[{"embeddable":true,"href":"https:\/\/www.krafthand.de\/truck\/wp-json\/wp\/v2\/users\/9"}],"replies":[{"embeddable":true,"href":"https:\/\/www.krafthand.de\/truck\/wp-json\/wp\/v2\/comments?post=34430"}],"version-history":[{"count":43,"href":"https:\/\/www.krafthand.de\/truck\/wp-json\/wp\/v2\/posts\/34430\/revisions"}],"predecessor-version":[{"id":35121,"href":"https:\/\/www.krafthand.de\/truck\/wp-json\/wp\/v2\/posts\/34430\/revisions\/35121"}],"wp:featuredmedia":[{"embeddable":true,"href":"https:\/\/www.krafthand.de\/truck\/wp-json\/wp\/v2\/media\/34431"}],"wp:attachment":[{"href":"https:\/\/www.krafthand.de\/truck\/wp-json\/wp\/v2\/media?parent=34430"}],"wp:term":[{"taxonomy":"category","embeddable":true,"href":"https:\/\/www.krafthand.de\/truck\/wp-json\/wp\/v2\/categories?post=34430"},{"taxonomy":"post_tag","embeddable":true,"href":"https:\/\/www.krafthand.de\/truck\/wp-json\/wp\/v2\/tags?post=34430"},{"taxonomy":"settings","embeddable":true,"href":"https:\/\/www.krafthand.de\/truck\/wp-json\/wp\/v2\/settings?post=34430"}],"curies":[{"name":"wp","href":"https:\/\/api.w.org\/{rel}","templated":true}]}}