{"id":34357,"date":"2022-11-17T13:56:59","date_gmt":"2022-11-17T12:56:59","guid":{"rendered":"https:\/\/www.krafthand.de\/truck\/?p=34357"},"modified":"2022-11-28T15:51:04","modified_gmt":"2022-11-28T14:51:04","slug":"eu-fordert-klimaschonende-trailer-ab-2024-bpw-ist-aufgestellt","status":"publish","type":"post","link":"https:\/\/www.krafthand.de\/truck\/artikel\/eu-fordert-klimaschonende-trailer-ab-2024-bpw-ist-aufgestellt-34357\/","title":{"rendered":"EU fordert klimaschonende Trailer ab 2024 &#8211; BPW ist aufgestellt"},"content":{"rendered":"<p>Der Trailer hat erheblichen Einfluss darauf, wie wirtschaftlich und klimaschonend der Stra\u00dfeng\u00fctertransport in Zukunft vonstattengeht. Das hat auch die EU erkannt und zertifiziert Trailer ab 2024 nach ihrem CO2-Aussto\u00df. BPW ist Mitglied in den sogenannten VECTO-Gremien und setzt sich dort f\u00fcr die Ber\u00fccksichtigung weiterer verbrauchsmindernder L\u00f6sungen ein.<\/p>\n<p>Die EU hat sich ehrgeizige Klimaschutzziele gesetzt \u2013 diese werden jedoch vom Verkehrssektor verfehlt: Vor allem der Transport von G\u00fctern \u00fcber die Stra\u00dfe nimmt weiter zu, damit steigt auch der CO2-Aussto\u00df der Transportfahrzeuge. Die EU setzt deshalb nach den Zugfahrzeugen ab 2024 erstmals Flotten-Grenzwerte auch f\u00fcr Anh\u00e4nger. F\u00fcr Zugfahrzeuge gilt bereits: Bis 2025 soll der CO2-Aussto\u00df um 15 Prozent, bis 2030 um 30 Prozent gegen\u00fcber dem Referenzzeitraum 2019\/2020 sinken. Trailerhersteller, die die Flottenverbrauchsziele verfehlen, m\u00fcssen mit Strafzahlungen rechnen.<\/p>\n<p>Zertifiziert werden 1- bis 3-achsige Sattelanha\u0308nger ebenso wie Zentralachs- und Drehschemelanha\u0308nger. Darunter fallen alle Anh\u00e4nger mit kastenf\u00f6rmigen Aufbauten, also festen Koffern ebenso wie Curtainsider. Der CO2-Aussto\u00df der Trailer wird durch eine eigens daf\u00fcr entwickelte Software ermittelt: Das Simulationsprogramm <a href=\"https:\/\/climate.ec.europa.eu\/eu-action\/transport-emissions\/road-transport-reducing-co2-emissions-vehicles\/vehicle-energy-consumption-calculation-tool-vecto_en\" target=\"_blank\" rel=\"noopener\"><strong>VECTO<\/strong><\/a> for Trailer (Vehicle Energy Consumption Calculation Tool)\u00a0 rechnet unterschiedliche <strong>Nutzlasten<\/strong> und <strong>Abmessungen<\/strong> durch, ber\u00fccksichtigt aber auch unterschiedliche Bonusfaktoren: So f\u00fchrt der <strong>Kraftstoff-Minderverbrauch<\/strong> durch den Einsatz von Lift- und Lenkachsen je nach Fahrzyklus zu Bonusfaktoren von bis zu 4,5 Prozent. Auch der Einsatz von Leichtbau-Fahrwerken wird honoriert.<\/p>\n<p>Der <a href=\"https:\/\/www.bpw.de\" target=\"_blank\" rel=\"noopener\">BPW Gruppe<\/a> kommen die EU-Klimaschutzziele f\u00fcr Trailer eigenen Angaben zufolge entgegen: Das Unternehmen weist bereits seit Jahren die CO2- und Kraftstoffeinsparung ihrer Trailer-L\u00f6sungen, aber auch den reduzierten Reifenverschlei\u00df und andere f\u00fcr die Wirtschaftlichkeit des Transports relevante Systemvorteile in konkreten Zahlen aus.<\/p>\n<p>BPW ist Mitglied in den VECTO-Gremien und setzt sich dort f\u00fcr die Ber\u00fccksichtigung weiterer verbrauchsmindernder L\u00f6sungen ein. Dazu geh\u00f6ren unter anderem auch Rekuperationsachsen, die w\u00e4hrend der Fahrt Strom f\u00fcr elektrische K\u00fchlaggregate erzeugen.<\/p>\n<p>Laut Bernd Rhein, Application Engineering Manager bei BPW seien jedoch vor der finalen Ausgestaltung der Zertifizierung noch einige Fragen offen. W\u00fcnschenswert w\u00e4re demnach, den Nutzen des Transports st\u00e4rker zu ber\u00fccksichtigen. Ein Volumentransporter, der die gesetzlich zul\u00e4ssigen Abmessungen maximal ausnutzte, k\u00f6nne beispielsweise nach derzeitigem Planungsstand schlechter beurteilt werden als ein Standardfahrzeug. Ebenso fehlten die l\u00e4ngeren Fahrzeugkombinationen und Anh\u00e4nger mit mehr als drei Achsen. Um die Wirtschaftlichkeit und Klimafreundlichkeit auch bei diesen Fahrzeugen realistisch abzubilden, sei also noch etwas mehr Feinschliff w\u00fcnschenswert.<\/p>\n<blockquote><p>&#8222;Grunds\u00e4tzlich stimmt jedoch die Richtung. F\u00fcr innovative Fahrzeughersteller und ihre Systempartner ist die Verordnung ein gro\u00dfer Vorteil. Sie schafft mehr Transparenz und Vergleichbarkeit, wo bisher vor allem der Verkaufspreis im Vordergrund stand. Neben der Umwelt werden die Fahrzeugbetreiber Gewinner der neuen Trailer-Zertifizierung sein&#8220;, so Bernd Rhein.<\/p><\/blockquote>\n","protected":false},"excerpt":{"rendered":"<p>Der Trailer hat erheblichen Einfluss darauf, wie wirtschaftlich und klimaschonend der Stra\u00dfeng\u00fctertransport in Zukunft vonstattengeht. Das hat auch die EU erkannt und zertifiziert Trailer ab 2024 nach ihrem CO2-Aussto\u00df. <span class=\"excerpt-more__dots\">&#8230;<\/span> <a class=\"excerpt-more__link\" href=\"https:\/\/www.krafthand.de\/truck\/artikel\/eu-fordert-klimaschonende-trailer-ab-2024-bpw-ist-aufgestellt-34357\/\" >weiter<\/a><\/p>\n","protected":false},"author":9,"featured_media":34361,"comment_status":"closed","ping_status":"closed","sticky":false,"template":"","format":"standard","meta":{"footnotes":""},"categories":[4914],"tags":[173,2503,599,5433],"settings":[3523],"class_list":["post-34357","post","type-post","status-publish","format-standard","has-post-thumbnail","hentry","category-trailer-aufbauten","tag-bpw","tag-leichtbau","tag-trailer","tag-vecto"],"yoast_head":"<!-- This site is optimized with the Yoast SEO plugin v27.3 - https:\/\/yoast.com\/product\/yoast-seo-wordpress\/ -->\n<title>EU fordert klimaschonende Trailer ab 2024 - BPW ist aufgestellt - Krafthand-Truck<\/title>\n<meta name=\"description\" content=\"Die EU zertifiziert Trailer mit Hilfe des VECTO-Tools f\u00fcr Trailer ab 2024 nach ihrem CO2-Aussto\u00df. BPW ist dabei.\" \/>\n<meta name=\"robots\" content=\"index, follow, max-snippet:-1, max-image-preview:large, max-video-preview:-1\" \/>\n<link rel=\"canonical\" href=\"https:\/\/www.krafthand.de\/truck\/artikel\/eu-fordert-klimaschonende-trailer-ab-2024-bpw-ist-aufgestellt-34357\/\" \/>\n<meta property=\"og:locale\" content=\"de_DE\" \/>\n<meta property=\"og:type\" content=\"article\" \/>\n<meta property=\"og:title\" content=\"EU fordert klimaschonende Trailer ab 2024 - BPW ist aufgestellt - Krafthand-Truck\" \/>\n<meta property=\"og:description\" content=\"Die EU zertifiziert Trailer mit Hilfe des VECTO-Tools f\u00fcr Trailer ab 2024 nach ihrem CO2-Aussto\u00df. BPW ist dabei.\" \/>\n<meta property=\"og:url\" content=\"https:\/\/www.krafthand-truck.de\/artikel\/eu-fordert-klimaschonende-trailer-ab-2024-bpw-ist-aufgestellt-34357\/\" \/>\n<meta property=\"og:site_name\" content=\"Krafthand-Truck\" \/>\n<meta property=\"article:published_time\" content=\"2022-11-17T12:56:59+00:00\" \/>\n<meta property=\"article:modified_time\" content=\"2022-11-28T14:51:04+00:00\" \/>\n<meta property=\"og:image\" content=\"https:\/\/static.krafthand-truck.de\/uploads\/2022\/11\/BPW_Trailer_Vecto.jpg\" \/>\n\t<meta property=\"og:image:width\" content=\"1200\" \/>\n\t<meta property=\"og:image:height\" content=\"689\" \/>\n\t<meta property=\"og:image:type\" content=\"image\/jpeg\" \/>\n<meta name=\"author\" content=\"georg.blenk@krafthand-medien.de\" \/>\n<meta name=\"twitter:card\" content=\"summary_large_image\" \/>\n<meta name=\"twitter:label1\" content=\"Verfasst von\" \/>\n\t<meta name=\"twitter:data1\" content=\"georg.blenk@krafthand-medien.de\" \/>\n\t<meta name=\"twitter:label2\" content=\"Gesch\u00e4tzte Lesezeit\" \/>\n\t<meta name=\"twitter:data2\" content=\"3\u00a0Minuten\" \/>\n<script type=\"application\/ld+json\" class=\"yoast-schema-graph\">{\"@context\":\"https:\\\/\\\/schema.org\",\"@graph\":[{\"@type\":\"Article\",\"@id\":\"https:\\\/\\\/www.krafthand.de\\\/truck\\\/artikel\\\/eu-fordert-klimaschonende-trailer-ab-2024-bpw-ist-aufgestellt-34357\\\/#article\",\"isPartOf\":{\"@id\":\"https:\\\/\\\/www.krafthand.de\\\/truck\\\/artikel\\\/eu-fordert-klimaschonende-trailer-ab-2024-bpw-ist-aufgestellt-34357\\\/\"},\"author\":{\"name\":\"georg.blenk@krafthand-medien.de\",\"@id\":\"https:\\\/\\\/www.krafthand.de\\\/truck\\\/#\\\/schema\\\/person\\\/51fa80b1c57034c4bf63f9f988fc24ce\"},\"headline\":\"EU fordert klimaschonende Trailer ab 2024 &#8211; BPW ist aufgestellt\",\"datePublished\":\"2022-11-17T12:56:59+00:00\",\"dateModified\":\"2022-11-28T14:51:04+00:00\",\"mainEntityOfPage\":{\"@id\":\"https:\\\/\\\/www.krafthand.de\\\/truck\\\/artikel\\\/eu-fordert-klimaschonende-trailer-ab-2024-bpw-ist-aufgestellt-34357\\\/\"},\"wordCount\":456,\"image\":{\"@id\":\"https:\\\/\\\/www.krafthand.de\\\/truck\\\/artikel\\\/eu-fordert-klimaschonende-trailer-ab-2024-bpw-ist-aufgestellt-34357\\\/#primaryimage\"},\"thumbnailUrl\":\"https:\\\/\\\/static.krafthand-truck.de\\\/uploads\\\/2022\\\/11\\\/BPW_Trailer_Vecto.jpg\",\"keywords\":[\"BPW\",\"Leichtbau\",\"Trailer\",\"Vecto\"],\"articleSection\":[\"Trailer\\\/Aufbauten\"],\"inLanguage\":\"de\"},{\"@type\":\"WebPage\",\"@id\":\"https:\\\/\\\/www.krafthand.de\\\/truck\\\/artikel\\\/eu-fordert-klimaschonende-trailer-ab-2024-bpw-ist-aufgestellt-34357\\\/\",\"url\":\"https:\\\/\\\/www.krafthand.de\\\/truck\\\/artikel\\\/eu-fordert-klimaschonende-trailer-ab-2024-bpw-ist-aufgestellt-34357\\\/\",\"name\":\"EU fordert klimaschonende Trailer ab 2024 - BPW ist aufgestellt - Krafthand-Truck\",\"isPartOf\":{\"@id\":\"https:\\\/\\\/www.krafthand.de\\\/truck\\\/#website\"},\"primaryImageOfPage\":{\"@id\":\"https:\\\/\\\/www.krafthand.de\\\/truck\\\/artikel\\\/eu-fordert-klimaschonende-trailer-ab-2024-bpw-ist-aufgestellt-34357\\\/#primaryimage\"},\"image\":{\"@id\":\"https:\\\/\\\/www.krafthand.de\\\/truck\\\/artikel\\\/eu-fordert-klimaschonende-trailer-ab-2024-bpw-ist-aufgestellt-34357\\\/#primaryimage\"},\"thumbnailUrl\":\"https:\\\/\\\/static.krafthand-truck.de\\\/uploads\\\/2022\\\/11\\\/BPW_Trailer_Vecto.jpg\",\"datePublished\":\"2022-11-17T12:56:59+00:00\",\"dateModified\":\"2022-11-28T14:51:04+00:00\",\"author\":{\"@id\":\"https:\\\/\\\/www.krafthand.de\\\/truck\\\/#\\\/schema\\\/person\\\/51fa80b1c57034c4bf63f9f988fc24ce\"},\"description\":\"Die EU zertifiziert Trailer mit Hilfe des VECTO-Tools f\u00fcr Trailer ab 2024 nach ihrem CO2-Aussto\u00df. BPW ist dabei.\",\"breadcrumb\":{\"@id\":\"https:\\\/\\\/www.krafthand.de\\\/truck\\\/artikel\\\/eu-fordert-klimaschonende-trailer-ab-2024-bpw-ist-aufgestellt-34357\\\/#breadcrumb\"},\"inLanguage\":\"de\",\"potentialAction\":[{\"@type\":\"ReadAction\",\"target\":[\"https:\\\/\\\/www.krafthand.de\\\/truck\\\/artikel\\\/eu-fordert-klimaschonende-trailer-ab-2024-bpw-ist-aufgestellt-34357\\\/\"]}]},{\"@type\":\"ImageObject\",\"inLanguage\":\"de\",\"@id\":\"https:\\\/\\\/www.krafthand.de\\\/truck\\\/artikel\\\/eu-fordert-klimaschonende-trailer-ab-2024-bpw-ist-aufgestellt-34357\\\/#primaryimage\",\"url\":\"https:\\\/\\\/static.krafthand-truck.de\\\/uploads\\\/2022\\\/11\\\/BPW_Trailer_Vecto.jpg\",\"contentUrl\":\"https:\\\/\\\/static.krafthand-truck.de\\\/uploads\\\/2022\\\/11\\\/BPW_Trailer_Vecto.jpg\",\"width\":1200,\"height\":689},{\"@type\":\"BreadcrumbList\",\"@id\":\"https:\\\/\\\/www.krafthand.de\\\/truck\\\/artikel\\\/eu-fordert-klimaschonende-trailer-ab-2024-bpw-ist-aufgestellt-34357\\\/#breadcrumb\",\"itemListElement\":[{\"@type\":\"ListItem\",\"position\":1,\"name\":\"Krafthand-Truck\",\"item\":\"https:\\\/\\\/www.krafthand.de\\\/truck\\\/\"},{\"@type\":\"ListItem\",\"position\":2,\"name\":\"Nfz-Technik\",\"item\":\"https:\\\/\\\/www.krafthand.de\\\/truck\\\/kategorie\\\/nfz-technik\\\/\"},{\"@type\":\"ListItem\",\"position\":3,\"name\":\"Trailer\\\/Aufbauten\",\"item\":\"https:\\\/\\\/www.krafthand.de\\\/truck\\\/kategorie\\\/nfz-technik\\\/trailer-aufbauten\\\/\"},{\"@type\":\"ListItem\",\"position\":4,\"name\":\"EU fordert klimaschonende Trailer ab 2024 &#8211; BPW ist aufgestellt\"}]},{\"@type\":\"WebSite\",\"@id\":\"https:\\\/\\\/www.krafthand.de\\\/truck\\\/#website\",\"url\":\"https:\\\/\\\/www.krafthand.de\\\/truck\\\/\",\"name\":\"Krafthand-Truck\",\"description\":\"\",\"potentialAction\":[{\"@type\":\"SearchAction\",\"target\":{\"@type\":\"EntryPoint\",\"urlTemplate\":\"https:\\\/\\\/www.krafthand.de\\\/truck\\\/?s={search_term_string}\"},\"query-input\":{\"@type\":\"PropertyValueSpecification\",\"valueRequired\":true,\"valueName\":\"search_term_string\"}}],\"inLanguage\":\"de\"},{\"@type\":\"Person\",\"@id\":\"https:\\\/\\\/www.krafthand.de\\\/truck\\\/#\\\/schema\\\/person\\\/51fa80b1c57034c4bf63f9f988fc24ce\",\"name\":\"georg.blenk@krafthand-medien.de\",\"image\":{\"@type\":\"ImageObject\",\"inLanguage\":\"de\",\"@id\":\"https:\\\/\\\/secure.gravatar.com\\\/avatar\\\/93713c30affe0aa95d3a4130e499bb1abee2eb31adbdd9ce2aa1543538490215?s=96&d=mm&r=g\",\"url\":\"https:\\\/\\\/secure.gravatar.com\\\/avatar\\\/93713c30affe0aa95d3a4130e499bb1abee2eb31adbdd9ce2aa1543538490215?s=96&d=mm&r=g\",\"contentUrl\":\"https:\\\/\\\/secure.gravatar.com\\\/avatar\\\/93713c30affe0aa95d3a4130e499bb1abee2eb31adbdd9ce2aa1543538490215?s=96&d=mm&r=g\",\"caption\":\"georg.blenk@krafthand-medien.de\"}}]}<\/script>\n<!-- \/ Yoast SEO plugin. -->","yoast_head_json":{"title":"EU fordert klimaschonende Trailer ab 2024 - BPW ist aufgestellt - Krafthand-Truck","description":"Die EU zertifiziert Trailer mit Hilfe des VECTO-Tools f\u00fcr Trailer ab 2024 nach ihrem CO2-Aussto\u00df. BPW ist dabei.","robots":{"index":"index","follow":"follow","max-snippet":"max-snippet:-1","max-image-preview":"max-image-preview:large","max-video-preview":"max-video-preview:-1"},"canonical":"https:\/\/www.krafthand.de\/truck\/artikel\/eu-fordert-klimaschonende-trailer-ab-2024-bpw-ist-aufgestellt-34357\/","og_locale":"de_DE","og_type":"article","og_title":"EU fordert klimaschonende Trailer ab 2024 - BPW ist aufgestellt - Krafthand-Truck","og_description":"Die EU zertifiziert Trailer mit Hilfe des VECTO-Tools f\u00fcr Trailer ab 2024 nach ihrem CO2-Aussto\u00df. BPW ist dabei.","og_url":"https:\/\/www.krafthand-truck.de\/artikel\/eu-fordert-klimaschonende-trailer-ab-2024-bpw-ist-aufgestellt-34357\/","og_site_name":"Krafthand-Truck","article_published_time":"2022-11-17T12:56:59+00:00","article_modified_time":"2022-11-28T14:51:04+00:00","og_image":[{"width":1200,"height":689,"url":"https:\/\/static.krafthand-truck.de\/uploads\/2022\/11\/BPW_Trailer_Vecto.jpg","type":"image\/jpeg"}],"author":"georg.blenk@krafthand-medien.de","twitter_card":"summary_large_image","twitter_misc":{"Verfasst von":"georg.blenk@krafthand-medien.de","Gesch\u00e4tzte Lesezeit":"3\u00a0Minuten"},"schema":{"@context":"https:\/\/schema.org","@graph":[{"@type":"Article","@id":"https:\/\/www.krafthand.de\/truck\/artikel\/eu-fordert-klimaschonende-trailer-ab-2024-bpw-ist-aufgestellt-34357\/#article","isPartOf":{"@id":"https:\/\/www.krafthand.de\/truck\/artikel\/eu-fordert-klimaschonende-trailer-ab-2024-bpw-ist-aufgestellt-34357\/"},"author":{"name":"georg.blenk@krafthand-medien.de","@id":"https:\/\/www.krafthand.de\/truck\/#\/schema\/person\/51fa80b1c57034c4bf63f9f988fc24ce"},"headline":"EU fordert klimaschonende Trailer ab 2024 &#8211; BPW ist aufgestellt","datePublished":"2022-11-17T12:56:59+00:00","dateModified":"2022-11-28T14:51:04+00:00","mainEntityOfPage":{"@id":"https:\/\/www.krafthand.de\/truck\/artikel\/eu-fordert-klimaschonende-trailer-ab-2024-bpw-ist-aufgestellt-34357\/"},"wordCount":456,"image":{"@id":"https:\/\/www.krafthand.de\/truck\/artikel\/eu-fordert-klimaschonende-trailer-ab-2024-bpw-ist-aufgestellt-34357\/#primaryimage"},"thumbnailUrl":"https:\/\/static.krafthand-truck.de\/uploads\/2022\/11\/BPW_Trailer_Vecto.jpg","keywords":["BPW","Leichtbau","Trailer","Vecto"],"articleSection":["Trailer\/Aufbauten"],"inLanguage":"de"},{"@type":"WebPage","@id":"https:\/\/www.krafthand.de\/truck\/artikel\/eu-fordert-klimaschonende-trailer-ab-2024-bpw-ist-aufgestellt-34357\/","url":"https:\/\/www.krafthand.de\/truck\/artikel\/eu-fordert-klimaschonende-trailer-ab-2024-bpw-ist-aufgestellt-34357\/","name":"EU fordert klimaschonende Trailer ab 2024 - BPW ist aufgestellt - Krafthand-Truck","isPartOf":{"@id":"https:\/\/www.krafthand.de\/truck\/#website"},"primaryImageOfPage":{"@id":"https:\/\/www.krafthand.de\/truck\/artikel\/eu-fordert-klimaschonende-trailer-ab-2024-bpw-ist-aufgestellt-34357\/#primaryimage"},"image":{"@id":"https:\/\/www.krafthand.de\/truck\/artikel\/eu-fordert-klimaschonende-trailer-ab-2024-bpw-ist-aufgestellt-34357\/#primaryimage"},"thumbnailUrl":"https:\/\/static.krafthand-truck.de\/uploads\/2022\/11\/BPW_Trailer_Vecto.jpg","datePublished":"2022-11-17T12:56:59+00:00","dateModified":"2022-11-28T14:51:04+00:00","author":{"@id":"https:\/\/www.krafthand.de\/truck\/#\/schema\/person\/51fa80b1c57034c4bf63f9f988fc24ce"},"description":"Die EU zertifiziert Trailer mit Hilfe des VECTO-Tools f\u00fcr Trailer ab 2024 nach ihrem CO2-Aussto\u00df. BPW ist dabei.","breadcrumb":{"@id":"https:\/\/www.krafthand.de\/truck\/artikel\/eu-fordert-klimaschonende-trailer-ab-2024-bpw-ist-aufgestellt-34357\/#breadcrumb"},"inLanguage":"de","potentialAction":[{"@type":"ReadAction","target":["https:\/\/www.krafthand.de\/truck\/artikel\/eu-fordert-klimaschonende-trailer-ab-2024-bpw-ist-aufgestellt-34357\/"]}]},{"@type":"ImageObject","inLanguage":"de","@id":"https:\/\/www.krafthand.de\/truck\/artikel\/eu-fordert-klimaschonende-trailer-ab-2024-bpw-ist-aufgestellt-34357\/#primaryimage","url":"https:\/\/static.krafthand-truck.de\/uploads\/2022\/11\/BPW_Trailer_Vecto.jpg","contentUrl":"https:\/\/static.krafthand-truck.de\/uploads\/2022\/11\/BPW_Trailer_Vecto.jpg","width":1200,"height":689},{"@type":"BreadcrumbList","@id":"https:\/\/www.krafthand.de\/truck\/artikel\/eu-fordert-klimaschonende-trailer-ab-2024-bpw-ist-aufgestellt-34357\/#breadcrumb","itemListElement":[{"@type":"ListItem","position":1,"name":"Krafthand-Truck","item":"https:\/\/www.krafthand.de\/truck\/"},{"@type":"ListItem","position":2,"name":"Nfz-Technik","item":"https:\/\/www.krafthand.de\/truck\/kategorie\/nfz-technik\/"},{"@type":"ListItem","position":3,"name":"Trailer\/Aufbauten","item":"https:\/\/www.krafthand.de\/truck\/kategorie\/nfz-technik\/trailer-aufbauten\/"},{"@type":"ListItem","position":4,"name":"EU fordert klimaschonende Trailer ab 2024 &#8211; BPW ist aufgestellt"}]},{"@type":"WebSite","@id":"https:\/\/www.krafthand.de\/truck\/#website","url":"https:\/\/www.krafthand.de\/truck\/","name":"Krafthand-Truck","description":"","potentialAction":[{"@type":"SearchAction","target":{"@type":"EntryPoint","urlTemplate":"https:\/\/www.krafthand.de\/truck\/?s={search_term_string}"},"query-input":{"@type":"PropertyValueSpecification","valueRequired":true,"valueName":"search_term_string"}}],"inLanguage":"de"},{"@type":"Person","@id":"https:\/\/www.krafthand.de\/truck\/#\/schema\/person\/51fa80b1c57034c4bf63f9f988fc24ce","name":"georg.blenk@krafthand-medien.de","image":{"@type":"ImageObject","inLanguage":"de","@id":"https:\/\/secure.gravatar.com\/avatar\/93713c30affe0aa95d3a4130e499bb1abee2eb31adbdd9ce2aa1543538490215?s=96&d=mm&r=g","url":"https:\/\/secure.gravatar.com\/avatar\/93713c30affe0aa95d3a4130e499bb1abee2eb31adbdd9ce2aa1543538490215?s=96&d=mm&r=g","contentUrl":"https:\/\/secure.gravatar.com\/avatar\/93713c30affe0aa95d3a4130e499bb1abee2eb31adbdd9ce2aa1543538490215?s=96&d=mm&r=g","caption":"georg.blenk@krafthand-medien.de"}}]}},"_links":{"self":[{"href":"https:\/\/www.krafthand.de\/truck\/wp-json\/wp\/v2\/posts\/34357","targetHints":{"allow":["GET"]}}],"collection":[{"href":"https:\/\/www.krafthand.de\/truck\/wp-json\/wp\/v2\/posts"}],"about":[{"href":"https:\/\/www.krafthand.de\/truck\/wp-json\/wp\/v2\/types\/post"}],"author":[{"embeddable":true,"href":"https:\/\/www.krafthand.de\/truck\/wp-json\/wp\/v2\/users\/9"}],"replies":[{"embeddable":true,"href":"https:\/\/www.krafthand.de\/truck\/wp-json\/wp\/v2\/comments?post=34357"}],"version-history":[{"count":7,"href":"https:\/\/www.krafthand.de\/truck\/wp-json\/wp\/v2\/posts\/34357\/revisions"}],"predecessor-version":[{"id":34519,"href":"https:\/\/www.krafthand.de\/truck\/wp-json\/wp\/v2\/posts\/34357\/revisions\/34519"}],"wp:featuredmedia":[{"embeddable":true,"href":"https:\/\/www.krafthand.de\/truck\/wp-json\/wp\/v2\/media\/34361"}],"wp:attachment":[{"href":"https:\/\/www.krafthand.de\/truck\/wp-json\/wp\/v2\/media?parent=34357"}],"wp:term":[{"taxonomy":"category","embeddable":true,"href":"https:\/\/www.krafthand.de\/truck\/wp-json\/wp\/v2\/categories?post=34357"},{"taxonomy":"post_tag","embeddable":true,"href":"https:\/\/www.krafthand.de\/truck\/wp-json\/wp\/v2\/tags?post=34357"},{"taxonomy":"settings","embeddable":true,"href":"https:\/\/www.krafthand.de\/truck\/wp-json\/wp\/v2\/settings?post=34357"}],"curies":[{"name":"wp","href":"https:\/\/api.w.org\/{rel}","templated":true}]}}