{"id":34318,"date":"2022-11-16T11:05:43","date_gmt":"2022-11-16T10:05:43","guid":{"rendered":"https:\/\/www.krafthand.de\/truck\/?p=34318"},"modified":"2022-11-16T11:23:35","modified_gmt":"2022-11-16T10:23:35","slug":"mercedes-benz-mit-dem-wasserstoff-truck-genh2-gings-hoch-hinaus","status":"publish","type":"post","link":"https:\/\/www.krafthand.de\/truck\/artikel\/mercedes-benz-mit-dem-wasserstoff-truck-genh2-gings-hoch-hinaus-34318\/","title":{"rendered":"Mercedes-Benz: Mit dem Wasserstoff-Truck GenH2 gings hoch hinaus"},"content":{"rendered":"<p>Auf dem Weg zum nachhaltigen Transport der Zukunft absolvierte ein Prototyp eines Mercedes-Benz GenH2 Truck seine ersten <strong>H\u00f6henerprobungen<\/strong> auf \u00f6ffentlichen Stra\u00dfen. Ein Schwerpunkt der Erprobungsfahrten war die \u00dcberquerung des Brennerpasses, einer der Hauptschlagadern des europ\u00e4ischen Frachtverkehrs.<\/p>\n<p>Allein 2019 wurden rund 40 Millionen Tonnen Fracht per Lkw \u00fcber die vierspurige Transitroute des 1.370 Meter hohen Alpen\u00fcbergangs an der Grenze zwischen \u00d6sterreich und Italien transportiert. Das entspricht knapp 2,5 Millionen Transit-Lkw im Jahr. (Anm. d. Red.: \u00dcber den Brenner-Basistunnel denkt man in Deutschland noch nach).<\/p>\n<h3>Eine Woche getestet<\/h3>\n<p>W\u00e4hrend der einw\u00f6chigen Testfahrten \u00fcberquerten die Daimler Truck-Ingenieure mehrmals mit dem mit typischem Lastgewicht ausgeladenen Brennstoffzellen-Sattelzug den Brenner auf der etwa 120 km langen Autobahnstrecke zwischen Bozen und Innsbruck.<\/p>\n<figure id=\"attachment_34320\" aria-describedby=\"caption-attachment-34320\" style=\"width: 420px\" class=\"wp-caption alignright\"><a href=\"https:\/\/static.krafthand-truck.de\/uploads\/2022\/11\/Daimler_Truck_Penserjoch_Hydrogen2_Wasserstoff_Lkw.jpg\" target=\"_blank\" rel=\"noopener\"><img fetchpriority=\"high\" decoding=\"async\" class=\"wp-image-34320\" src=\"https:\/\/static.krafthand-truck.de\/uploads\/2022\/11\/Daimler_Truck_Penserjoch_Hydrogen2_Wasserstoff_Lkw-300x204.jpg\" alt=\"\" width=\"420\" height=\"286\" srcset=\"https:\/\/static.krafthand-truck.de\/uploads\/2022\/11\/Daimler_Truck_Penserjoch_Hydrogen2_Wasserstoff_Lkw-300x204.jpg 300w, https:\/\/static.krafthand-truck.de\/uploads\/2022\/11\/Daimler_Truck_Penserjoch_Hydrogen2_Wasserstoff_Lkw-1024x697.jpg 1024w, https:\/\/static.krafthand-truck.de\/uploads\/2022\/11\/Daimler_Truck_Penserjoch_Hydrogen2_Wasserstoff_Lkw-768x523.jpg 768w, https:\/\/static.krafthand-truck.de\/uploads\/2022\/11\/Daimler_Truck_Penserjoch_Hydrogen2_Wasserstoff_Lkw.jpg 1200w\" sizes=\"(max-width: 420px) 100vw, 420px\" \/><\/a><figcaption id=\"caption-attachment-34320\" class=\"wp-caption-text\">Das Penser Joch (2.211m) ist ein Gebirgspass in S\u00fcdtirol, der das Sarntal mit dem Wipptal bei Sterzing verbindet.<\/figcaption><\/figure>\n<p>Als St\u00fctzpunkt f\u00fcr die Versuchsfahrten diente das italienische Bozen, wo sich eine Wasserstoff-Tankstelle von <a href=\"https:\/\/www.h2-suedtirol.com\/de\" target=\"_blank\" rel=\"noopener\">H2-S\u00fcdtirol<\/a> befindet. Der Standort liegt ideal, um den Einsatz der Brennstoffzelle auf verschiedenen H\u00f6henniveaus auf Herz und Nieren zu testen. Einer der H\u00f6hepunkte der Tests war die Fahrt mit der Sattelzugmaschine bis auf das 2.211 Meter hoch gelegene Penser Joch. Die Erkenntnisse der ersten H\u00f6henerprobungsfahrten \u00fcber das Zusammenspiel von Brennstoffzelle und Batterie in anspruchsvoller Topographie sowie \u00fcber die vorrausschauende Betriebsstrategie auf der Brennerstrecke flie\u00dfen nun laut <a href=\"https:\/\/www.daimlertruck.com\/innovation\/antriebe\/\" target=\"_blank\" rel=\"noopener\">Daimler-Truck<\/a> in die weitere Entwicklung hin zum Serienfahrzeug ein. Weitere Erprobungsfahrten im Gebirge sind f\u00fcr das kommende Jahr geplant.<\/p>\n<p>Daimler Truck setzt neben wasserstoffbasierten auch auf batterieelektrische Antriebe. Der Mercedes-Benz GenH2 Truck wird eigenen Angaben zufolge f\u00fcr besonders flexible und anspruchsvolle Eins\u00e4tze, vor allem im wichtigen Segment des schweren Fernverkehrs entwickelt. Entwicklungsziel ist eine Reichweite von 1.000 Kilometern und mehr. Der Serienstart ist f\u00fcr die zweite H\u00e4lfte des Jahrzehnts vorgesehen.<\/p>\n\r\n\t\t\t\t<div class=\"post-author\">\r\n\t\t\t\t\t<div class=\"khm-cp-author clearfix\">\r\n\t\t\t\t\t\t<div class=\"khm-cp-author__content\">\r\n\t\t\t\t\t\t\t\tKontakt zum Autor:<br \/>\r\n\t\t\t\t\t\t\t\t<strong>Georg Blenk<\/strong>, 08247 \/ 3007-45 |  <a href=\"mailto:georg.blenk@krafthand-medien.de\">georg.blenk@krafthand-medien.de<\/a>\r\n\t\t\t\t\t\t\t<div class=\"khm-cp-author__image\">\r\n\t\t\t\t\t\t<img src=\"https:\/\/static.krafthand-truck.de\/uploads\/2021\/01\/Blenk_6104-250x300-1-removebg-preview.png\" class=\"img-responsive\">\r\n\t\t\t\t\t<\/div>\r\n\t\t\t\t\t\t<\/div>\r\n\t\t\t\t\t<\/div>\r\n\t\t\t\t<\/div>\r\n\t\t\t\t","protected":false},"excerpt":{"rendered":"<p>Auf dem Weg zum nachhaltigen Transport der Zukunft absolvierte ein Prototyp eines Mercedes-Benz GenH2 Truck seine ersten H\u00f6henerprobungen auf \u00f6ffentlichen Stra\u00dfen. Ein Schwerpunkt der Erprobungsfahrten war die \u00dcberquerung des Brennerpasses und des Penser Jochs. <span class=\"excerpt-more__dots\">&#8230;<\/span> <a class=\"excerpt-more__link\" href=\"https:\/\/www.krafthand.de\/truck\/artikel\/mercedes-benz-mit-dem-wasserstoff-truck-genh2-gings-hoch-hinaus-34318\/\" >weiter<\/a><\/p>\n","protected":false},"author":9,"featured_media":34322,"comment_status":"closed","ping_status":"closed","sticky":false,"template":"","format":"standard","meta":{"footnotes":""},"categories":[4224,4915],"tags":[4492,5426,4491,479,5425,4181],"settings":[3524,3523],"class_list":["post-34318","post","type-post","status-publish","format-standard","has-post-thumbnail","hentry","category-e-antrieb","category-neue-fahrzeuge","tag-daimler-truck","tag-erprobung","tag-genh2","tag-mercedes-benz","tag-penserjoch","tag-wasserstoff"],"yoast_head":"<!-- This site is optimized with the Yoast SEO plugin v27.3 - https:\/\/yoast.com\/product\/yoast-seo-wordpress\/ -->\n<title>Mercedes-Benz: Mit dem Wasserstoff-Truck GenH2 gings hoch hinaus - Krafthand-Truck<\/title>\n<meta name=\"description\" content=\"Ein Prototyp eines Mercedes-Benz GenH2 Truck absolvierte seine ersten H\u00f6henerprobungen auf \u00f6ffentlichen Stra\u00dfen.\" \/>\n<meta name=\"robots\" content=\"index, follow, max-snippet:-1, max-image-preview:large, max-video-preview:-1\" \/>\n<link rel=\"canonical\" href=\"https:\/\/www.krafthand.de\/truck\/artikel\/mercedes-benz-mit-dem-wasserstoff-truck-genh2-gings-hoch-hinaus-34318\/\" \/>\n<meta property=\"og:locale\" content=\"de_DE\" \/>\n<meta property=\"og:type\" content=\"article\" \/>\n<meta property=\"og:title\" content=\"Mercedes-Benz: Mit dem Wasserstoff-Truck GenH2 gings hoch hinaus - Krafthand-Truck\" \/>\n<meta property=\"og:description\" content=\"Ein Prototyp eines Mercedes-Benz GenH2 Truck absolvierte seine ersten H\u00f6henerprobungen auf \u00f6ffentlichen Stra\u00dfen.\" \/>\n<meta property=\"og:url\" content=\"https:\/\/www.krafthand-truck.de\/artikel\/mercedes-benz-mit-dem-wasserstoff-truck-genh2-gings-hoch-hinaus-34318\/\" \/>\n<meta property=\"og:site_name\" content=\"Krafthand-Truck\" \/>\n<meta property=\"article:published_time\" content=\"2022-11-16T10:05:43+00:00\" \/>\n<meta property=\"article:modified_time\" content=\"2022-11-16T10:23:35+00:00\" \/>\n<meta property=\"og:image\" content=\"https:\/\/static.krafthand-truck.de\/uploads\/2022\/11\/Daimler_Truck_Innsbruck_Brenner_Hydrogen2_Wasserstoff_Lkw.jpg\" \/>\n\t<meta property=\"og:image:width\" content=\"1200\" \/>\n\t<meta property=\"og:image:height\" content=\"686\" \/>\n\t<meta property=\"og:image:type\" content=\"image\/jpeg\" \/>\n<meta name=\"author\" content=\"georg.blenk@krafthand-medien.de\" \/>\n<meta name=\"twitter:card\" content=\"summary_large_image\" \/>\n<meta name=\"twitter:label1\" content=\"Verfasst von\" \/>\n\t<meta name=\"twitter:data1\" content=\"georg.blenk@krafthand-medien.de\" \/>\n\t<meta name=\"twitter:label2\" content=\"Gesch\u00e4tzte Lesezeit\" \/>\n\t<meta name=\"twitter:data2\" content=\"2\u00a0Minuten\" \/>\n<script type=\"application\/ld+json\" class=\"yoast-schema-graph\">{\"@context\":\"https:\\\/\\\/schema.org\",\"@graph\":[{\"@type\":\"Article\",\"@id\":\"https:\\\/\\\/www.krafthand.de\\\/truck\\\/artikel\\\/mercedes-benz-mit-dem-wasserstoff-truck-genh2-gings-hoch-hinaus-34318\\\/#article\",\"isPartOf\":{\"@id\":\"https:\\\/\\\/www.krafthand.de\\\/truck\\\/artikel\\\/mercedes-benz-mit-dem-wasserstoff-truck-genh2-gings-hoch-hinaus-34318\\\/\"},\"author\":{\"name\":\"georg.blenk@krafthand-medien.de\",\"@id\":\"https:\\\/\\\/www.krafthand.de\\\/truck\\\/#\\\/schema\\\/person\\\/51fa80b1c57034c4bf63f9f988fc24ce\"},\"headline\":\"Mercedes-Benz: Mit dem Wasserstoff-Truck GenH2 gings hoch hinaus\",\"datePublished\":\"2022-11-16T10:05:43+00:00\",\"dateModified\":\"2022-11-16T10:23:35+00:00\",\"mainEntityOfPage\":{\"@id\":\"https:\\\/\\\/www.krafthand.de\\\/truck\\\/artikel\\\/mercedes-benz-mit-dem-wasserstoff-truck-genh2-gings-hoch-hinaus-34318\\\/\"},\"wordCount\":311,\"image\":{\"@id\":\"https:\\\/\\\/www.krafthand.de\\\/truck\\\/artikel\\\/mercedes-benz-mit-dem-wasserstoff-truck-genh2-gings-hoch-hinaus-34318\\\/#primaryimage\"},\"thumbnailUrl\":\"https:\\\/\\\/static.krafthand-truck.de\\\/uploads\\\/2022\\\/11\\\/Daimler_Truck_Innsbruck_Brenner_Hydrogen2_Wasserstoff_Lkw.jpg\",\"keywords\":[\"Daimler Truck\",\"Erprobung\",\"GenH2\",\"Mercedes-Benz\",\"Penserjoch\",\"Wasserstoff\"],\"articleSection\":[\"E-Antrieb (BEV\\\/FCEV)\",\"Neue Fahrzeuge\"],\"inLanguage\":\"de\"},{\"@type\":\"WebPage\",\"@id\":\"https:\\\/\\\/www.krafthand.de\\\/truck\\\/artikel\\\/mercedes-benz-mit-dem-wasserstoff-truck-genh2-gings-hoch-hinaus-34318\\\/\",\"url\":\"https:\\\/\\\/www.krafthand.de\\\/truck\\\/artikel\\\/mercedes-benz-mit-dem-wasserstoff-truck-genh2-gings-hoch-hinaus-34318\\\/\",\"name\":\"Mercedes-Benz: Mit dem Wasserstoff-Truck GenH2 gings hoch hinaus - Krafthand-Truck\",\"isPartOf\":{\"@id\":\"https:\\\/\\\/www.krafthand.de\\\/truck\\\/#website\"},\"primaryImageOfPage\":{\"@id\":\"https:\\\/\\\/www.krafthand.de\\\/truck\\\/artikel\\\/mercedes-benz-mit-dem-wasserstoff-truck-genh2-gings-hoch-hinaus-34318\\\/#primaryimage\"},\"image\":{\"@id\":\"https:\\\/\\\/www.krafthand.de\\\/truck\\\/artikel\\\/mercedes-benz-mit-dem-wasserstoff-truck-genh2-gings-hoch-hinaus-34318\\\/#primaryimage\"},\"thumbnailUrl\":\"https:\\\/\\\/static.krafthand-truck.de\\\/uploads\\\/2022\\\/11\\\/Daimler_Truck_Innsbruck_Brenner_Hydrogen2_Wasserstoff_Lkw.jpg\",\"datePublished\":\"2022-11-16T10:05:43+00:00\",\"dateModified\":\"2022-11-16T10:23:35+00:00\",\"author\":{\"@id\":\"https:\\\/\\\/www.krafthand.de\\\/truck\\\/#\\\/schema\\\/person\\\/51fa80b1c57034c4bf63f9f988fc24ce\"},\"description\":\"Ein Prototyp eines Mercedes-Benz GenH2 Truck absolvierte seine ersten H\u00f6henerprobungen auf \u00f6ffentlichen Stra\u00dfen.\",\"breadcrumb\":{\"@id\":\"https:\\\/\\\/www.krafthand.de\\\/truck\\\/artikel\\\/mercedes-benz-mit-dem-wasserstoff-truck-genh2-gings-hoch-hinaus-34318\\\/#breadcrumb\"},\"inLanguage\":\"de\",\"potentialAction\":[{\"@type\":\"ReadAction\",\"target\":[\"https:\\\/\\\/www.krafthand.de\\\/truck\\\/artikel\\\/mercedes-benz-mit-dem-wasserstoff-truck-genh2-gings-hoch-hinaus-34318\\\/\"]}]},{\"@type\":\"ImageObject\",\"inLanguage\":\"de\",\"@id\":\"https:\\\/\\\/www.krafthand.de\\\/truck\\\/artikel\\\/mercedes-benz-mit-dem-wasserstoff-truck-genh2-gings-hoch-hinaus-34318\\\/#primaryimage\",\"url\":\"https:\\\/\\\/static.krafthand-truck.de\\\/uploads\\\/2022\\\/11\\\/Daimler_Truck_Innsbruck_Brenner_Hydrogen2_Wasserstoff_Lkw.jpg\",\"contentUrl\":\"https:\\\/\\\/static.krafthand-truck.de\\\/uploads\\\/2022\\\/11\\\/Daimler_Truck_Innsbruck_Brenner_Hydrogen2_Wasserstoff_Lkw.jpg\",\"width\":1200,\"height\":686},{\"@type\":\"BreadcrumbList\",\"@id\":\"https:\\\/\\\/www.krafthand.de\\\/truck\\\/artikel\\\/mercedes-benz-mit-dem-wasserstoff-truck-genh2-gings-hoch-hinaus-34318\\\/#breadcrumb\",\"itemListElement\":[{\"@type\":\"ListItem\",\"position\":1,\"name\":\"Krafthand-Truck\",\"item\":\"https:\\\/\\\/www.krafthand.de\\\/truck\\\/\"},{\"@type\":\"ListItem\",\"position\":2,\"name\":\"IT+Fuhrpark\",\"item\":\"https:\\\/\\\/www.krafthand.de\\\/truck\\\/kategorie\\\/fuhrpark\\\/\"},{\"@type\":\"ListItem\",\"position\":3,\"name\":\"Neue Fahrzeuge\",\"item\":\"https:\\\/\\\/www.krafthand.de\\\/truck\\\/kategorie\\\/fuhrpark\\\/neue-fahrzeuge\\\/\"},{\"@type\":\"ListItem\",\"position\":4,\"name\":\"Mercedes-Benz: Mit dem Wasserstoff-Truck GenH2 gings hoch hinaus\"}]},{\"@type\":\"WebSite\",\"@id\":\"https:\\\/\\\/www.krafthand.de\\\/truck\\\/#website\",\"url\":\"https:\\\/\\\/www.krafthand.de\\\/truck\\\/\",\"name\":\"Krafthand-Truck\",\"description\":\"\",\"potentialAction\":[{\"@type\":\"SearchAction\",\"target\":{\"@type\":\"EntryPoint\",\"urlTemplate\":\"https:\\\/\\\/www.krafthand.de\\\/truck\\\/?s={search_term_string}\"},\"query-input\":{\"@type\":\"PropertyValueSpecification\",\"valueRequired\":true,\"valueName\":\"search_term_string\"}}],\"inLanguage\":\"de\"},{\"@type\":\"Person\",\"@id\":\"https:\\\/\\\/www.krafthand.de\\\/truck\\\/#\\\/schema\\\/person\\\/51fa80b1c57034c4bf63f9f988fc24ce\",\"name\":\"georg.blenk@krafthand-medien.de\",\"image\":{\"@type\":\"ImageObject\",\"inLanguage\":\"de\",\"@id\":\"https:\\\/\\\/secure.gravatar.com\\\/avatar\\\/93713c30affe0aa95d3a4130e499bb1abee2eb31adbdd9ce2aa1543538490215?s=96&d=mm&r=g\",\"url\":\"https:\\\/\\\/secure.gravatar.com\\\/avatar\\\/93713c30affe0aa95d3a4130e499bb1abee2eb31adbdd9ce2aa1543538490215?s=96&d=mm&r=g\",\"contentUrl\":\"https:\\\/\\\/secure.gravatar.com\\\/avatar\\\/93713c30affe0aa95d3a4130e499bb1abee2eb31adbdd9ce2aa1543538490215?s=96&d=mm&r=g\",\"caption\":\"georg.blenk@krafthand-medien.de\"}}]}<\/script>\n<!-- \/ Yoast SEO plugin. -->","yoast_head_json":{"title":"Mercedes-Benz: Mit dem Wasserstoff-Truck GenH2 gings hoch hinaus - Krafthand-Truck","description":"Ein Prototyp eines Mercedes-Benz GenH2 Truck absolvierte seine ersten H\u00f6henerprobungen auf \u00f6ffentlichen Stra\u00dfen.","robots":{"index":"index","follow":"follow","max-snippet":"max-snippet:-1","max-image-preview":"max-image-preview:large","max-video-preview":"max-video-preview:-1"},"canonical":"https:\/\/www.krafthand.de\/truck\/artikel\/mercedes-benz-mit-dem-wasserstoff-truck-genh2-gings-hoch-hinaus-34318\/","og_locale":"de_DE","og_type":"article","og_title":"Mercedes-Benz: Mit dem Wasserstoff-Truck GenH2 gings hoch hinaus - Krafthand-Truck","og_description":"Ein Prototyp eines Mercedes-Benz GenH2 Truck absolvierte seine ersten H\u00f6henerprobungen auf \u00f6ffentlichen Stra\u00dfen.","og_url":"https:\/\/www.krafthand-truck.de\/artikel\/mercedes-benz-mit-dem-wasserstoff-truck-genh2-gings-hoch-hinaus-34318\/","og_site_name":"Krafthand-Truck","article_published_time":"2022-11-16T10:05:43+00:00","article_modified_time":"2022-11-16T10:23:35+00:00","og_image":[{"width":1200,"height":686,"url":"https:\/\/static.krafthand-truck.de\/uploads\/2022\/11\/Daimler_Truck_Innsbruck_Brenner_Hydrogen2_Wasserstoff_Lkw.jpg","type":"image\/jpeg"}],"author":"georg.blenk@krafthand-medien.de","twitter_card":"summary_large_image","twitter_misc":{"Verfasst von":"georg.blenk@krafthand-medien.de","Gesch\u00e4tzte Lesezeit":"2\u00a0Minuten"},"schema":{"@context":"https:\/\/schema.org","@graph":[{"@type":"Article","@id":"https:\/\/www.krafthand.de\/truck\/artikel\/mercedes-benz-mit-dem-wasserstoff-truck-genh2-gings-hoch-hinaus-34318\/#article","isPartOf":{"@id":"https:\/\/www.krafthand.de\/truck\/artikel\/mercedes-benz-mit-dem-wasserstoff-truck-genh2-gings-hoch-hinaus-34318\/"},"author":{"name":"georg.blenk@krafthand-medien.de","@id":"https:\/\/www.krafthand.de\/truck\/#\/schema\/person\/51fa80b1c57034c4bf63f9f988fc24ce"},"headline":"Mercedes-Benz: Mit dem Wasserstoff-Truck GenH2 gings hoch hinaus","datePublished":"2022-11-16T10:05:43+00:00","dateModified":"2022-11-16T10:23:35+00:00","mainEntityOfPage":{"@id":"https:\/\/www.krafthand.de\/truck\/artikel\/mercedes-benz-mit-dem-wasserstoff-truck-genh2-gings-hoch-hinaus-34318\/"},"wordCount":311,"image":{"@id":"https:\/\/www.krafthand.de\/truck\/artikel\/mercedes-benz-mit-dem-wasserstoff-truck-genh2-gings-hoch-hinaus-34318\/#primaryimage"},"thumbnailUrl":"https:\/\/static.krafthand-truck.de\/uploads\/2022\/11\/Daimler_Truck_Innsbruck_Brenner_Hydrogen2_Wasserstoff_Lkw.jpg","keywords":["Daimler Truck","Erprobung","GenH2","Mercedes-Benz","Penserjoch","Wasserstoff"],"articleSection":["E-Antrieb (BEV\/FCEV)","Neue Fahrzeuge"],"inLanguage":"de"},{"@type":"WebPage","@id":"https:\/\/www.krafthand.de\/truck\/artikel\/mercedes-benz-mit-dem-wasserstoff-truck-genh2-gings-hoch-hinaus-34318\/","url":"https:\/\/www.krafthand.de\/truck\/artikel\/mercedes-benz-mit-dem-wasserstoff-truck-genh2-gings-hoch-hinaus-34318\/","name":"Mercedes-Benz: Mit dem Wasserstoff-Truck GenH2 gings hoch hinaus - Krafthand-Truck","isPartOf":{"@id":"https:\/\/www.krafthand.de\/truck\/#website"},"primaryImageOfPage":{"@id":"https:\/\/www.krafthand.de\/truck\/artikel\/mercedes-benz-mit-dem-wasserstoff-truck-genh2-gings-hoch-hinaus-34318\/#primaryimage"},"image":{"@id":"https:\/\/www.krafthand.de\/truck\/artikel\/mercedes-benz-mit-dem-wasserstoff-truck-genh2-gings-hoch-hinaus-34318\/#primaryimage"},"thumbnailUrl":"https:\/\/static.krafthand-truck.de\/uploads\/2022\/11\/Daimler_Truck_Innsbruck_Brenner_Hydrogen2_Wasserstoff_Lkw.jpg","datePublished":"2022-11-16T10:05:43+00:00","dateModified":"2022-11-16T10:23:35+00:00","author":{"@id":"https:\/\/www.krafthand.de\/truck\/#\/schema\/person\/51fa80b1c57034c4bf63f9f988fc24ce"},"description":"Ein Prototyp eines Mercedes-Benz GenH2 Truck absolvierte seine ersten H\u00f6henerprobungen auf \u00f6ffentlichen Stra\u00dfen.","breadcrumb":{"@id":"https:\/\/www.krafthand.de\/truck\/artikel\/mercedes-benz-mit-dem-wasserstoff-truck-genh2-gings-hoch-hinaus-34318\/#breadcrumb"},"inLanguage":"de","potentialAction":[{"@type":"ReadAction","target":["https:\/\/www.krafthand.de\/truck\/artikel\/mercedes-benz-mit-dem-wasserstoff-truck-genh2-gings-hoch-hinaus-34318\/"]}]},{"@type":"ImageObject","inLanguage":"de","@id":"https:\/\/www.krafthand.de\/truck\/artikel\/mercedes-benz-mit-dem-wasserstoff-truck-genh2-gings-hoch-hinaus-34318\/#primaryimage","url":"https:\/\/static.krafthand-truck.de\/uploads\/2022\/11\/Daimler_Truck_Innsbruck_Brenner_Hydrogen2_Wasserstoff_Lkw.jpg","contentUrl":"https:\/\/static.krafthand-truck.de\/uploads\/2022\/11\/Daimler_Truck_Innsbruck_Brenner_Hydrogen2_Wasserstoff_Lkw.jpg","width":1200,"height":686},{"@type":"BreadcrumbList","@id":"https:\/\/www.krafthand.de\/truck\/artikel\/mercedes-benz-mit-dem-wasserstoff-truck-genh2-gings-hoch-hinaus-34318\/#breadcrumb","itemListElement":[{"@type":"ListItem","position":1,"name":"Krafthand-Truck","item":"https:\/\/www.krafthand.de\/truck\/"},{"@type":"ListItem","position":2,"name":"IT+Fuhrpark","item":"https:\/\/www.krafthand.de\/truck\/kategorie\/fuhrpark\/"},{"@type":"ListItem","position":3,"name":"Neue Fahrzeuge","item":"https:\/\/www.krafthand.de\/truck\/kategorie\/fuhrpark\/neue-fahrzeuge\/"},{"@type":"ListItem","position":4,"name":"Mercedes-Benz: Mit dem Wasserstoff-Truck GenH2 gings hoch hinaus"}]},{"@type":"WebSite","@id":"https:\/\/www.krafthand.de\/truck\/#website","url":"https:\/\/www.krafthand.de\/truck\/","name":"Krafthand-Truck","description":"","potentialAction":[{"@type":"SearchAction","target":{"@type":"EntryPoint","urlTemplate":"https:\/\/www.krafthand.de\/truck\/?s={search_term_string}"},"query-input":{"@type":"PropertyValueSpecification","valueRequired":true,"valueName":"search_term_string"}}],"inLanguage":"de"},{"@type":"Person","@id":"https:\/\/www.krafthand.de\/truck\/#\/schema\/person\/51fa80b1c57034c4bf63f9f988fc24ce","name":"georg.blenk@krafthand-medien.de","image":{"@type":"ImageObject","inLanguage":"de","@id":"https:\/\/secure.gravatar.com\/avatar\/93713c30affe0aa95d3a4130e499bb1abee2eb31adbdd9ce2aa1543538490215?s=96&d=mm&r=g","url":"https:\/\/secure.gravatar.com\/avatar\/93713c30affe0aa95d3a4130e499bb1abee2eb31adbdd9ce2aa1543538490215?s=96&d=mm&r=g","contentUrl":"https:\/\/secure.gravatar.com\/avatar\/93713c30affe0aa95d3a4130e499bb1abee2eb31adbdd9ce2aa1543538490215?s=96&d=mm&r=g","caption":"georg.blenk@krafthand-medien.de"}}]}},"_links":{"self":[{"href":"https:\/\/www.krafthand.de\/truck\/wp-json\/wp\/v2\/posts\/34318","targetHints":{"allow":["GET"]}}],"collection":[{"href":"https:\/\/www.krafthand.de\/truck\/wp-json\/wp\/v2\/posts"}],"about":[{"href":"https:\/\/www.krafthand.de\/truck\/wp-json\/wp\/v2\/types\/post"}],"author":[{"embeddable":true,"href":"https:\/\/www.krafthand.de\/truck\/wp-json\/wp\/v2\/users\/9"}],"replies":[{"embeddable":true,"href":"https:\/\/www.krafthand.de\/truck\/wp-json\/wp\/v2\/comments?post=34318"}],"version-history":[{"count":5,"href":"https:\/\/www.krafthand.de\/truck\/wp-json\/wp\/v2\/posts\/34318\/revisions"}],"predecessor-version":[{"id":34325,"href":"https:\/\/www.krafthand.de\/truck\/wp-json\/wp\/v2\/posts\/34318\/revisions\/34325"}],"wp:featuredmedia":[{"embeddable":true,"href":"https:\/\/www.krafthand.de\/truck\/wp-json\/wp\/v2\/media\/34322"}],"wp:attachment":[{"href":"https:\/\/www.krafthand.de\/truck\/wp-json\/wp\/v2\/media?parent=34318"}],"wp:term":[{"taxonomy":"category","embeddable":true,"href":"https:\/\/www.krafthand.de\/truck\/wp-json\/wp\/v2\/categories?post=34318"},{"taxonomy":"post_tag","embeddable":true,"href":"https:\/\/www.krafthand.de\/truck\/wp-json\/wp\/v2\/tags?post=34318"},{"taxonomy":"settings","embeddable":true,"href":"https:\/\/www.krafthand.de\/truck\/wp-json\/wp\/v2\/settings?post=34318"}],"curies":[{"name":"wp","href":"https:\/\/api.w.org\/{rel}","templated":true}]}}