{"id":34284,"date":"2022-11-15T09:51:29","date_gmt":"2022-11-15T08:51:29","guid":{"rendered":"https:\/\/www.krafthand.de\/truck\/?p=34284"},"modified":"2022-11-15T09:51:29","modified_gmt":"2022-11-15T08:51:29","slug":"neue-motoren-und-getriebe-fuer-den-daf-lf","status":"publish","type":"post","link":"https:\/\/www.krafthand.de\/truck\/artikel\/neue-motoren-und-getriebe-fuer-den-daf-lf-34284\/","title":{"rendered":"Neue Motoren und Getriebe f\u00fcr den DAF LF"},"content":{"rendered":"<p>DAF Trucks hat ein neues Sortiment an Antriebsstr\u00e4ngen f\u00fcr seine Baureihe LF f\u00fcr den Verteilerverkehr vorgestellt. Die neuen PACCAR PX-5- und PX-7-Motoren in Kombination mit den neuen 8-Gang-PowerLine-Automatikgetrieben sollen im Vergleich zu den bisherigen Modellen f\u00fcr eine um bis zu 7 Prozent h\u00f6here Kraftstoffeffizienz sorgen.<\/p>\n<figure id=\"attachment_34289\" aria-describedby=\"caption-attachment-34289\" style=\"width: 420px\" class=\"wp-caption alignleft\"><a href=\"https:\/\/static.krafthand-truck.de\/uploads\/2022\/11\/DAF_LF_Paccar_PX-5-7_Uebersicht_Motoren_Nennleistung.jpg\" target=\"_blank\" rel=\"noopener\"><img fetchpriority=\"high\" decoding=\"async\" class=\"wp-image-34289\" src=\"https:\/\/static.krafthand-truck.de\/uploads\/2022\/11\/DAF_LF_Paccar_PX-5-7_Uebersicht_Motoren_Nennleistung-300x224.jpg\" alt=\"\" width=\"420\" height=\"313\" srcset=\"https:\/\/static.krafthand-truck.de\/uploads\/2022\/11\/DAF_LF_Paccar_PX-5-7_Uebersicht_Motoren_Nennleistung-300x224.jpg 300w, https:\/\/static.krafthand-truck.de\/uploads\/2022\/11\/DAF_LF_Paccar_PX-5-7_Uebersicht_Motoren_Nennleistung-1024x763.jpg 1024w, https:\/\/static.krafthand-truck.de\/uploads\/2022\/11\/DAF_LF_Paccar_PX-5-7_Uebersicht_Motoren_Nennleistung-768x572.jpg 768w, https:\/\/static.krafthand-truck.de\/uploads\/2022\/11\/DAF_LF_Paccar_PX-5-7_Uebersicht_Motoren_Nennleistung-200x150.jpg 200w, https:\/\/static.krafthand-truck.de\/uploads\/2022\/11\/DAF_LF_Paccar_PX-5-7_Uebersicht_Motoren_Nennleistung.jpg 1200w\" sizes=\"(max-width: 420px) 100vw, 420px\" \/><\/a><figcaption id=\"caption-attachment-34289\" class=\"wp-caption-text\">Grafik: DAF<\/figcaption><\/figure>\n<h3>Vier- und Sechs-Zylinder Motoren<\/h3>\n<p>Der 4-Zylinder-Motor PACCAR PX-5 mit 4,5 Litern und der 6-Zylinder-Motor PACCAR PX-7 mit 6,7 Litern wurden komplett \u00fcberarbeitet. Die beiden Motoren zeichnen sich durch einen neuen leichten und dennoch extrem stabilen Motorblock aus Gusseisen mit verdichtetem Graphit (Compacted Graphite Iron, CGI) und einen Zylinderkopf aus Gusseisen, neue reibungsarme Kolben, neue hocheffiziente Kompressoren und einen neuen Turbolader mit Ladedruckbegrenzung aus.<br \/>\nDie neuen PX-Motoren f\u00fcr die <a href=\"https:\/\/www.daftrucks.de\/de-de\/lkw\/daf-lf\" target=\"_blank\" rel=\"noopener\">Baureihe DAF LF<\/a> sind in sieben Leistungsstufen erh\u00e4ltlich. Der 4,5-Liter-Motor PACCAR PX-5 verf\u00fcgt \u00fcber eine Leistung von 124 kW (170 PS) bis 153 kW (210 PS) und der 6,7-Liter-Motor PACCAR PX-7 \u00fcber eine Leistung von 167 kW (230 PS) bis 227 kW (310 PS). Die Motoren entwickeln das maximale Drehmoment bei noch niedrigeren Motordrehzahlen, was Downspeeding unterst\u00fctzt und somit eine hervorragende Kraftstoffeffizienz erm\u00f6glicht.<\/p>\n<h3>PowerLine-Automatikgetriebe<\/h3>\n<p>Teil des neuen Antriebsstrangs des DAF LF ist auch das neue 8-Gang-PowerLine-Vollautomatikgetriebe, das \u00fcber eine optimale Getriebespreizung und optimale Schaltstufen verf\u00fcgt. Die Lastschaltung ohne jede Drehmomentunterbrechung erm\u00f6glicht laut DAF sanfte Schaltvorg\u00e4nge und ein schnelles Ansprechen auf das Gaspedal, was f\u00fcr Komfort und ein ausgezeichnetes Fahrverhalten sorgt.<br \/>\nDar\u00fcber hinaus bieten die neuen Getriebe eine hervorragende Man\u00f6vrierf\u00e4higkeit bei niedrigen Geschwindigkeiten, die durch Kriechgeschwindigkeit beim Loslassen des Bremspedals (Urge-to-move) erm\u00f6glicht wird. Es werden aber auch weiterhin 6- und 9-Gang-Handschaltgetriebe f\u00fcr die Baureihe DAF LF und Allison-Vollautomatikgetriebe f\u00fcr Spezialanwendungen wie M\u00fcllabfuhr und Brandbek\u00e4mpfung verf\u00fcgbar sein.<\/p>\n<h3>Kraftstoffverbrauch<\/h3>\n<p>Die neuen PACCAR PX-5- und PX-7-Motoren sowie die PowerLine-Getriebe in Kombination mit optimierten Hinterachs-\u00dcbersetzungen f\u00fchren laut DAF je nach Anwendung zu Kraftstoffeinsparungen von bis zu 7 Prozent, wodurch das Angebot der Baureihe DAF LF im Verteilersegment noch weiter verbessert wird.<\/p>\n\r\n\t\t\t\t<div class=\"post-author\">\r\n\t\t\t\t\t<div class=\"khm-cp-author clearfix\">\r\n\t\t\t\t\t\t<div class=\"khm-cp-author__content\">\r\n\t\t\t\t\t\t\t\tKontakt zum Autor:<br \/>\r\n\t\t\t\t\t\t\t\t<strong>Georg Blenk<\/strong>, 08247 \/ 3007-45 |  <a href=\"mailto:georg.blenk@krafthand-medien.de\">georg.blenk@krafthand-medien.de<\/a>\r\n\t\t\t\t\t\t\t<div class=\"khm-cp-author__image\">\r\n\t\t\t\t\t\t<img src=\"https:\/\/static.krafthand-truck.de\/uploads\/2021\/01\/Blenk_6104-250x300-1-removebg-preview.png\" class=\"img-responsive\">\r\n\t\t\t\t\t<\/div>\r\n\t\t\t\t\t\t<\/div>\r\n\t\t\t\t\t<\/div>\r\n\t\t\t\t<\/div>\r\n\t\t\t\t","protected":false},"excerpt":{"rendered":"<p>DAF Trucks hat ein neues Sortiment an Antriebsstr\u00e4ngen f\u00fcr seine Baureihe LF f\u00fcr den Verteilerverkehr vorgestellt. Die neuen PACCAR PX-5- und PX-7-Motoren in Kombination mit den neuen 8-Gang-PowerLine-Automatikgetrieben sollen im Vergleich zu den bisherigen Modellen f\u00fcr eine um bis zu 7 Prozent h\u00f6here Kraftstoffeffizienz sorgen. <span class=\"excerpt-more__dots\">&#8230;<\/span> <a class=\"excerpt-more__link\" href=\"https:\/\/www.krafthand.de\/truck\/artikel\/neue-motoren-und-getriebe-fuer-den-daf-lf-34284\/\" >weiter<\/a><\/p>\n","protected":false},"author":9,"featured_media":34288,"comment_status":"closed","ping_status":"closed","sticky":false,"template":"","format":"standard","meta":{"footnotes":""},"categories":[4223],"tags":[4578,839,5420,5125,5423,5421,5422],"settings":[3524,4766,3523],"class_list":["post-34284","post","type-post","status-publish","format-standard","has-post-thumbnail","hentry","category-antrieb","tag-allison-transmission","tag-daf","tag-motoren","tag-paccar","tag-powerline-getriebe","tag-px-5","tag-px-7"],"yoast_head":"<!-- This site is optimized with the Yoast SEO plugin v27.3 - https:\/\/yoast.com\/product\/yoast-seo-wordpress\/ -->\n<title>Neue Motoren und Getriebe f\u00fcr den DAF LF - Krafthand-Truck<\/title>\n<meta name=\"description\" content=\"DAF Trucks hat mit den PACCAR PX-5- und PX-7 neue Motoren sowie neue 8-Gang-PowerLine-Automatikgetriebe f\u00fcr seine Baureihe LF vorgestellt.\" \/>\n<meta name=\"robots\" content=\"index, follow, max-snippet:-1, max-image-preview:large, max-video-preview:-1\" \/>\n<link rel=\"canonical\" href=\"https:\/\/www.krafthand.de\/truck\/artikel\/neue-motoren-und-getriebe-fuer-den-daf-lf-34284\/\" \/>\n<meta property=\"og:locale\" content=\"de_DE\" \/>\n<meta property=\"og:type\" content=\"article\" \/>\n<meta property=\"og:title\" content=\"Neue Motoren und Getriebe f\u00fcr den DAF LF - Krafthand-Truck\" \/>\n<meta property=\"og:description\" content=\"DAF Trucks hat mit den PACCAR PX-5- und PX-7 neue Motoren sowie neue 8-Gang-PowerLine-Automatikgetriebe f\u00fcr seine Baureihe LF vorgestellt.\" \/>\n<meta property=\"og:url\" content=\"https:\/\/www.krafthand-truck.de\/artikel\/neue-motoren-und-getriebe-fuer-den-daf-lf-34284\/\" \/>\n<meta property=\"og:site_name\" content=\"Krafthand-Truck\" \/>\n<meta property=\"article:published_time\" content=\"2022-11-15T08:51:29+00:00\" \/>\n<meta property=\"og:image\" content=\"https:\/\/static.krafthand-truck.de\/uploads\/2022\/11\/DAF_LF_Motoren_Getriebe.jpg\" \/>\n\t<meta property=\"og:image:width\" content=\"1200\" \/>\n\t<meta property=\"og:image:height\" content=\"752\" \/>\n\t<meta property=\"og:image:type\" content=\"image\/jpeg\" \/>\n<meta name=\"author\" content=\"georg.blenk@krafthand-medien.de\" \/>\n<meta name=\"twitter:card\" content=\"summary_large_image\" \/>\n<meta name=\"twitter:label1\" content=\"Verfasst von\" \/>\n\t<meta name=\"twitter:data1\" content=\"georg.blenk@krafthand-medien.de\" \/>\n\t<meta name=\"twitter:label2\" content=\"Gesch\u00e4tzte Lesezeit\" \/>\n\t<meta name=\"twitter:data2\" content=\"2\u00a0Minuten\" \/>\n<script type=\"application\/ld+json\" class=\"yoast-schema-graph\">{\"@context\":\"https:\\\/\\\/schema.org\",\"@graph\":[{\"@type\":\"Article\",\"@id\":\"https:\\\/\\\/www.krafthand.de\\\/truck\\\/artikel\\\/neue-motoren-und-getriebe-fuer-den-daf-lf-34284\\\/#article\",\"isPartOf\":{\"@id\":\"https:\\\/\\\/www.krafthand.de\\\/truck\\\/artikel\\\/neue-motoren-und-getriebe-fuer-den-daf-lf-34284\\\/\"},\"author\":{\"name\":\"georg.blenk@krafthand-medien.de\",\"@id\":\"https:\\\/\\\/www.krafthand.de\\\/truck\\\/#\\\/schema\\\/person\\\/51fa80b1c57034c4bf63f9f988fc24ce\"},\"headline\":\"Neue Motoren und Getriebe f\u00fcr den DAF LF\",\"datePublished\":\"2022-11-15T08:51:29+00:00\",\"mainEntityOfPage\":{\"@id\":\"https:\\\/\\\/www.krafthand.de\\\/truck\\\/artikel\\\/neue-motoren-und-getriebe-fuer-den-daf-lf-34284\\\/\"},\"wordCount\":344,\"image\":{\"@id\":\"https:\\\/\\\/www.krafthand.de\\\/truck\\\/artikel\\\/neue-motoren-und-getriebe-fuer-den-daf-lf-34284\\\/#primaryimage\"},\"thumbnailUrl\":\"https:\\\/\\\/static.krafthand-truck.de\\\/uploads\\\/2022\\\/11\\\/DAF_LF_Motoren_Getriebe.jpg\",\"keywords\":[\"Allison Transmission\",\"DAF\",\"Motoren\",\"Paccar\",\"Powerline-Getriebe\",\"PX-5\",\"PX-7\"],\"articleSection\":[\"Antrieb (Motor\\\/Getriebe)\"],\"inLanguage\":\"de\"},{\"@type\":\"WebPage\",\"@id\":\"https:\\\/\\\/www.krafthand.de\\\/truck\\\/artikel\\\/neue-motoren-und-getriebe-fuer-den-daf-lf-34284\\\/\",\"url\":\"https:\\\/\\\/www.krafthand.de\\\/truck\\\/artikel\\\/neue-motoren-und-getriebe-fuer-den-daf-lf-34284\\\/\",\"name\":\"Neue Motoren und Getriebe f\u00fcr den DAF LF - Krafthand-Truck\",\"isPartOf\":{\"@id\":\"https:\\\/\\\/www.krafthand.de\\\/truck\\\/#website\"},\"primaryImageOfPage\":{\"@id\":\"https:\\\/\\\/www.krafthand.de\\\/truck\\\/artikel\\\/neue-motoren-und-getriebe-fuer-den-daf-lf-34284\\\/#primaryimage\"},\"image\":{\"@id\":\"https:\\\/\\\/www.krafthand.de\\\/truck\\\/artikel\\\/neue-motoren-und-getriebe-fuer-den-daf-lf-34284\\\/#primaryimage\"},\"thumbnailUrl\":\"https:\\\/\\\/static.krafthand-truck.de\\\/uploads\\\/2022\\\/11\\\/DAF_LF_Motoren_Getriebe.jpg\",\"datePublished\":\"2022-11-15T08:51:29+00:00\",\"author\":{\"@id\":\"https:\\\/\\\/www.krafthand.de\\\/truck\\\/#\\\/schema\\\/person\\\/51fa80b1c57034c4bf63f9f988fc24ce\"},\"description\":\"DAF Trucks hat mit den PACCAR PX-5- und PX-7 neue Motoren sowie neue 8-Gang-PowerLine-Automatikgetriebe f\u00fcr seine Baureihe LF vorgestellt.\",\"breadcrumb\":{\"@id\":\"https:\\\/\\\/www.krafthand.de\\\/truck\\\/artikel\\\/neue-motoren-und-getriebe-fuer-den-daf-lf-34284\\\/#breadcrumb\"},\"inLanguage\":\"de\",\"potentialAction\":[{\"@type\":\"ReadAction\",\"target\":[\"https:\\\/\\\/www.krafthand.de\\\/truck\\\/artikel\\\/neue-motoren-und-getriebe-fuer-den-daf-lf-34284\\\/\"]}]},{\"@type\":\"ImageObject\",\"inLanguage\":\"de\",\"@id\":\"https:\\\/\\\/www.krafthand.de\\\/truck\\\/artikel\\\/neue-motoren-und-getriebe-fuer-den-daf-lf-34284\\\/#primaryimage\",\"url\":\"https:\\\/\\\/static.krafthand-truck.de\\\/uploads\\\/2022\\\/11\\\/DAF_LF_Motoren_Getriebe.jpg\",\"contentUrl\":\"https:\\\/\\\/static.krafthand-truck.de\\\/uploads\\\/2022\\\/11\\\/DAF_LF_Motoren_Getriebe.jpg\",\"width\":1200,\"height\":752},{\"@type\":\"BreadcrumbList\",\"@id\":\"https:\\\/\\\/www.krafthand.de\\\/truck\\\/artikel\\\/neue-motoren-und-getriebe-fuer-den-daf-lf-34284\\\/#breadcrumb\",\"itemListElement\":[{\"@type\":\"ListItem\",\"position\":1,\"name\":\"Krafthand-Truck\",\"item\":\"https:\\\/\\\/www.krafthand.de\\\/truck\\\/\"},{\"@type\":\"ListItem\",\"position\":2,\"name\":\"Nfz-Technik\",\"item\":\"https:\\\/\\\/www.krafthand.de\\\/truck\\\/kategorie\\\/nfz-technik\\\/\"},{\"@type\":\"ListItem\",\"position\":3,\"name\":\"Antrieb (Motor\\\/Getriebe)\",\"item\":\"https:\\\/\\\/www.krafthand.de\\\/truck\\\/kategorie\\\/nfz-technik\\\/antrieb\\\/\"},{\"@type\":\"ListItem\",\"position\":4,\"name\":\"Neue Motoren und Getriebe f\u00fcr den DAF LF\"}]},{\"@type\":\"WebSite\",\"@id\":\"https:\\\/\\\/www.krafthand.de\\\/truck\\\/#website\",\"url\":\"https:\\\/\\\/www.krafthand.de\\\/truck\\\/\",\"name\":\"Krafthand-Truck\",\"description\":\"\",\"potentialAction\":[{\"@type\":\"SearchAction\",\"target\":{\"@type\":\"EntryPoint\",\"urlTemplate\":\"https:\\\/\\\/www.krafthand.de\\\/truck\\\/?s={search_term_string}\"},\"query-input\":{\"@type\":\"PropertyValueSpecification\",\"valueRequired\":true,\"valueName\":\"search_term_string\"}}],\"inLanguage\":\"de\"},{\"@type\":\"Person\",\"@id\":\"https:\\\/\\\/www.krafthand.de\\\/truck\\\/#\\\/schema\\\/person\\\/51fa80b1c57034c4bf63f9f988fc24ce\",\"name\":\"georg.blenk@krafthand-medien.de\",\"image\":{\"@type\":\"ImageObject\",\"inLanguage\":\"de\",\"@id\":\"https:\\\/\\\/secure.gravatar.com\\\/avatar\\\/93713c30affe0aa95d3a4130e499bb1abee2eb31adbdd9ce2aa1543538490215?s=96&d=mm&r=g\",\"url\":\"https:\\\/\\\/secure.gravatar.com\\\/avatar\\\/93713c30affe0aa95d3a4130e499bb1abee2eb31adbdd9ce2aa1543538490215?s=96&d=mm&r=g\",\"contentUrl\":\"https:\\\/\\\/secure.gravatar.com\\\/avatar\\\/93713c30affe0aa95d3a4130e499bb1abee2eb31adbdd9ce2aa1543538490215?s=96&d=mm&r=g\",\"caption\":\"georg.blenk@krafthand-medien.de\"}}]}<\/script>\n<!-- \/ Yoast SEO plugin. -->","yoast_head_json":{"title":"Neue Motoren und Getriebe f\u00fcr den DAF LF - Krafthand-Truck","description":"DAF Trucks hat mit den PACCAR PX-5- und PX-7 neue Motoren sowie neue 8-Gang-PowerLine-Automatikgetriebe f\u00fcr seine Baureihe LF vorgestellt.","robots":{"index":"index","follow":"follow","max-snippet":"max-snippet:-1","max-image-preview":"max-image-preview:large","max-video-preview":"max-video-preview:-1"},"canonical":"https:\/\/www.krafthand.de\/truck\/artikel\/neue-motoren-und-getriebe-fuer-den-daf-lf-34284\/","og_locale":"de_DE","og_type":"article","og_title":"Neue Motoren und Getriebe f\u00fcr den DAF LF - Krafthand-Truck","og_description":"DAF Trucks hat mit den PACCAR PX-5- und PX-7 neue Motoren sowie neue 8-Gang-PowerLine-Automatikgetriebe f\u00fcr seine Baureihe LF vorgestellt.","og_url":"https:\/\/www.krafthand-truck.de\/artikel\/neue-motoren-und-getriebe-fuer-den-daf-lf-34284\/","og_site_name":"Krafthand-Truck","article_published_time":"2022-11-15T08:51:29+00:00","og_image":[{"width":1200,"height":752,"url":"https:\/\/static.krafthand-truck.de\/uploads\/2022\/11\/DAF_LF_Motoren_Getriebe.jpg","type":"image\/jpeg"}],"author":"georg.blenk@krafthand-medien.de","twitter_card":"summary_large_image","twitter_misc":{"Verfasst von":"georg.blenk@krafthand-medien.de","Gesch\u00e4tzte Lesezeit":"2\u00a0Minuten"},"schema":{"@context":"https:\/\/schema.org","@graph":[{"@type":"Article","@id":"https:\/\/www.krafthand.de\/truck\/artikel\/neue-motoren-und-getriebe-fuer-den-daf-lf-34284\/#article","isPartOf":{"@id":"https:\/\/www.krafthand.de\/truck\/artikel\/neue-motoren-und-getriebe-fuer-den-daf-lf-34284\/"},"author":{"name":"georg.blenk@krafthand-medien.de","@id":"https:\/\/www.krafthand.de\/truck\/#\/schema\/person\/51fa80b1c57034c4bf63f9f988fc24ce"},"headline":"Neue Motoren und Getriebe f\u00fcr den DAF LF","datePublished":"2022-11-15T08:51:29+00:00","mainEntityOfPage":{"@id":"https:\/\/www.krafthand.de\/truck\/artikel\/neue-motoren-und-getriebe-fuer-den-daf-lf-34284\/"},"wordCount":344,"image":{"@id":"https:\/\/www.krafthand.de\/truck\/artikel\/neue-motoren-und-getriebe-fuer-den-daf-lf-34284\/#primaryimage"},"thumbnailUrl":"https:\/\/static.krafthand-truck.de\/uploads\/2022\/11\/DAF_LF_Motoren_Getriebe.jpg","keywords":["Allison Transmission","DAF","Motoren","Paccar","Powerline-Getriebe","PX-5","PX-7"],"articleSection":["Antrieb (Motor\/Getriebe)"],"inLanguage":"de"},{"@type":"WebPage","@id":"https:\/\/www.krafthand.de\/truck\/artikel\/neue-motoren-und-getriebe-fuer-den-daf-lf-34284\/","url":"https:\/\/www.krafthand.de\/truck\/artikel\/neue-motoren-und-getriebe-fuer-den-daf-lf-34284\/","name":"Neue Motoren und Getriebe f\u00fcr den DAF LF - Krafthand-Truck","isPartOf":{"@id":"https:\/\/www.krafthand.de\/truck\/#website"},"primaryImageOfPage":{"@id":"https:\/\/www.krafthand.de\/truck\/artikel\/neue-motoren-und-getriebe-fuer-den-daf-lf-34284\/#primaryimage"},"image":{"@id":"https:\/\/www.krafthand.de\/truck\/artikel\/neue-motoren-und-getriebe-fuer-den-daf-lf-34284\/#primaryimage"},"thumbnailUrl":"https:\/\/static.krafthand-truck.de\/uploads\/2022\/11\/DAF_LF_Motoren_Getriebe.jpg","datePublished":"2022-11-15T08:51:29+00:00","author":{"@id":"https:\/\/www.krafthand.de\/truck\/#\/schema\/person\/51fa80b1c57034c4bf63f9f988fc24ce"},"description":"DAF Trucks hat mit den PACCAR PX-5- und PX-7 neue Motoren sowie neue 8-Gang-PowerLine-Automatikgetriebe f\u00fcr seine Baureihe LF vorgestellt.","breadcrumb":{"@id":"https:\/\/www.krafthand.de\/truck\/artikel\/neue-motoren-und-getriebe-fuer-den-daf-lf-34284\/#breadcrumb"},"inLanguage":"de","potentialAction":[{"@type":"ReadAction","target":["https:\/\/www.krafthand.de\/truck\/artikel\/neue-motoren-und-getriebe-fuer-den-daf-lf-34284\/"]}]},{"@type":"ImageObject","inLanguage":"de","@id":"https:\/\/www.krafthand.de\/truck\/artikel\/neue-motoren-und-getriebe-fuer-den-daf-lf-34284\/#primaryimage","url":"https:\/\/static.krafthand-truck.de\/uploads\/2022\/11\/DAF_LF_Motoren_Getriebe.jpg","contentUrl":"https:\/\/static.krafthand-truck.de\/uploads\/2022\/11\/DAF_LF_Motoren_Getriebe.jpg","width":1200,"height":752},{"@type":"BreadcrumbList","@id":"https:\/\/www.krafthand.de\/truck\/artikel\/neue-motoren-und-getriebe-fuer-den-daf-lf-34284\/#breadcrumb","itemListElement":[{"@type":"ListItem","position":1,"name":"Krafthand-Truck","item":"https:\/\/www.krafthand.de\/truck\/"},{"@type":"ListItem","position":2,"name":"Nfz-Technik","item":"https:\/\/www.krafthand.de\/truck\/kategorie\/nfz-technik\/"},{"@type":"ListItem","position":3,"name":"Antrieb (Motor\/Getriebe)","item":"https:\/\/www.krafthand.de\/truck\/kategorie\/nfz-technik\/antrieb\/"},{"@type":"ListItem","position":4,"name":"Neue Motoren und Getriebe f\u00fcr den DAF LF"}]},{"@type":"WebSite","@id":"https:\/\/www.krafthand.de\/truck\/#website","url":"https:\/\/www.krafthand.de\/truck\/","name":"Krafthand-Truck","description":"","potentialAction":[{"@type":"SearchAction","target":{"@type":"EntryPoint","urlTemplate":"https:\/\/www.krafthand.de\/truck\/?s={search_term_string}"},"query-input":{"@type":"PropertyValueSpecification","valueRequired":true,"valueName":"search_term_string"}}],"inLanguage":"de"},{"@type":"Person","@id":"https:\/\/www.krafthand.de\/truck\/#\/schema\/person\/51fa80b1c57034c4bf63f9f988fc24ce","name":"georg.blenk@krafthand-medien.de","image":{"@type":"ImageObject","inLanguage":"de","@id":"https:\/\/secure.gravatar.com\/avatar\/93713c30affe0aa95d3a4130e499bb1abee2eb31adbdd9ce2aa1543538490215?s=96&d=mm&r=g","url":"https:\/\/secure.gravatar.com\/avatar\/93713c30affe0aa95d3a4130e499bb1abee2eb31adbdd9ce2aa1543538490215?s=96&d=mm&r=g","contentUrl":"https:\/\/secure.gravatar.com\/avatar\/93713c30affe0aa95d3a4130e499bb1abee2eb31adbdd9ce2aa1543538490215?s=96&d=mm&r=g","caption":"georg.blenk@krafthand-medien.de"}}]}},"_links":{"self":[{"href":"https:\/\/www.krafthand.de\/truck\/wp-json\/wp\/v2\/posts\/34284","targetHints":{"allow":["GET"]}}],"collection":[{"href":"https:\/\/www.krafthand.de\/truck\/wp-json\/wp\/v2\/posts"}],"about":[{"href":"https:\/\/www.krafthand.de\/truck\/wp-json\/wp\/v2\/types\/post"}],"author":[{"embeddable":true,"href":"https:\/\/www.krafthand.de\/truck\/wp-json\/wp\/v2\/users\/9"}],"replies":[{"embeddable":true,"href":"https:\/\/www.krafthand.de\/truck\/wp-json\/wp\/v2\/comments?post=34284"}],"version-history":[{"count":5,"href":"https:\/\/www.krafthand.de\/truck\/wp-json\/wp\/v2\/posts\/34284\/revisions"}],"predecessor-version":[{"id":34291,"href":"https:\/\/www.krafthand.de\/truck\/wp-json\/wp\/v2\/posts\/34284\/revisions\/34291"}],"wp:featuredmedia":[{"embeddable":true,"href":"https:\/\/www.krafthand.de\/truck\/wp-json\/wp\/v2\/media\/34288"}],"wp:attachment":[{"href":"https:\/\/www.krafthand.de\/truck\/wp-json\/wp\/v2\/media?parent=34284"}],"wp:term":[{"taxonomy":"category","embeddable":true,"href":"https:\/\/www.krafthand.de\/truck\/wp-json\/wp\/v2\/categories?post=34284"},{"taxonomy":"post_tag","embeddable":true,"href":"https:\/\/www.krafthand.de\/truck\/wp-json\/wp\/v2\/tags?post=34284"},{"taxonomy":"settings","embeddable":true,"href":"https:\/\/www.krafthand.de\/truck\/wp-json\/wp\/v2\/settings?post=34284"}],"curies":[{"name":"wp","href":"https:\/\/api.w.org\/{rel}","templated":true}]}}