{"id":34258,"date":"2022-11-11T10:46:54","date_gmt":"2022-11-11T09:46:54","guid":{"rendered":"https:\/\/www.krafthand.de\/truck\/?p=34258"},"modified":"2022-11-11T18:09:43","modified_gmt":"2022-11-11T17:09:43","slug":"josam-schulungen-zum-thema-achsvermessung-und-rahmenrichten","status":"publish","type":"post","link":"https:\/\/www.krafthand.de\/truck\/artikel\/josam-schulungen-zum-thema-achsvermessung-und-rahmenrichten-34258\/","title":{"rendered":"JOSAM: Schulungen zum Thema Achsvermessung und Rahmenrichten"},"content":{"rendered":"<p>Ob Achsvermessung oder Unfallinstandsetzung bei Nutzfahrzeugen, die JOSAM-Trainer rund um Schulungsleiter Bernd K\u00fchling verf\u00fcgen \u00fcber<br \/>\nentsprechendes Fachwissen und jahrzehntelange Erfahrung. Seit \u00fcber 25 Jahren bietet JOSAM bereits mit der &#8218;JOSAM Academy&#8216; ein professionelles<br \/>\nSchulungsprogramm an, dass neben dem fachlichen Teil auch Wert auf individuelle Themen &amp; Fragen der Schulungsteilnehmer legt. Nun steht das Schulungsprogramm f\u00fcr 2023.<\/p>\n<blockquote><p>\u201eEine unserer gro\u00dfen St\u00e4rken ist, dass wir aus jahrzehntelangem Fachwissen und Erfahrungen sch\u00f6pfen k\u00f6nnen, die Entwicklungen mitgemacht haben und uns stetig aktuelles sowie neues Fachwissen aneignen. Neuerungen k\u00f6nnen wir gleich in unserer angeschlossenen Fachwerkstatt Veritruck testen. Unser technischer Betriebsleiter Norbert Vornholt ist ein absoluter Experte auf dem Gebiet der NFZ-Unfallinstandsetzung und bereichert sowohl den JOSAM-Rahmenrichtlehrgang als auch die JOSAM-Gutachterlehrg\u00e4nge mit seinem Fachwissen\u201c, so Bernd K\u00fchling, Vertriebsleiterbei JOSAM.<\/p><\/blockquote>\n<p>Das praxisnahe Trainingsangebot richtet sich an Nfz-Mechatroniker, Werkstattleiter, die mit JOSAM-Ger\u00e4ten arbeiten sowie an Sachverst\u00e4ndige der Nutzfahrzeugbranche.<\/p>\n<h4>Folgende Pr\u00e4senzlehrg\u00e4nge bietet JOSAM 2023 an:<\/h4>\n<p><strong>Lehrgang Achsvermessung<\/strong><br \/>\n\u2022 21.-22.03.2023 in Markranst\u00e4dt\/Leipzig<br \/>\n\u2022 09.-10.05.2023 in Henstedt-Ulzburg<br \/>\n\u2022 12.-13.09.2023 in Markranst\u00e4dt\/Leipzig<br \/>\n\u2022 10.-11.10.2023 in Henstedt-Ulzburg<\/p>\n<p><strong>Lehrgang Rahmenrichten<\/strong><br \/>\n\u2022 05.-08.06.2023 in Henstedt-Ulzburg<br \/>\n\u2022 27.-30.11.2023 in Henstedt-Ulzburg<\/p>\n<p>Interessent(innen) haben auch die M\u00f6glichkeit eine individuelle Vor-Ort-Schulung f\u00fcr den eigenen Betrieb zu buchen. Alle Infos dazu stehen auf der unter <a href=\"https:\/\/nfz-werkstattausruestung.de\/schulung\" target=\"_blank\" rel=\"noopener\">www.josam.net im Bereich Schulungen<\/a> bereit.<\/p>\n","protected":false},"excerpt":{"rendered":"<p>Seit \u00fcber 25 Jahren bietet JOSAM bereits mit der &#8218;JOSAM Academy&#8216; ein professionelles<br \/>\nSchulungsprogramm an, dass neben dem fachlichen Teil auch Wert auf individuelle Themen &#038; Fragen der Schulungsteilnehmer legt. Nun steht das Schulungsprogramm f\u00fcr 2023. <span class=\"excerpt-more__dots\">&#8230;<\/span> <a class=\"excerpt-more__link\" href=\"https:\/\/www.krafthand.de\/truck\/artikel\/josam-schulungen-zum-thema-achsvermessung-und-rahmenrichten-34258\/\" >weiter<\/a><\/p>\n","protected":false},"author":9,"featured_media":34259,"comment_status":"closed","ping_status":"closed","sticky":false,"template":"","format":"standard","meta":{"footnotes":""},"categories":[4324],"tags":[715,2537,5418,833,201],"settings":[4766,3523],"class_list":["post-34258","post","type-post","status-publish","format-standard","has-post-thumbnail","hentry","category-schulungen-bildung","tag-achsvermessung","tag-josam","tag-rahmenrichten","tag-schulung","tag-unfallinstandsetzung"],"yoast_head":"<!-- This site is optimized with the Yoast SEO plugin v27.3 - https:\/\/yoast.com\/product\/yoast-seo-wordpress\/ -->\n<title>JOSAM: Schulungen zum Thema Achsvermessung und Rahmenrichten - Krafthand-Truck<\/title>\n<meta name=\"description\" content=\"Die &#039;JOSAM Academy&#039; bietet auch 2023 ein professionelles Schulungsprogramm zum Thema Achsvermessung und Rahmenrichten bei Lkw an.\" \/>\n<meta name=\"robots\" content=\"index, follow, max-snippet:-1, max-image-preview:large, max-video-preview:-1\" \/>\n<link rel=\"canonical\" href=\"https:\/\/www.krafthand.de\/truck\/artikel\/josam-schulungen-zum-thema-achsvermessung-und-rahmenrichten-34258\/\" \/>\n<meta property=\"og:locale\" content=\"de_DE\" \/>\n<meta property=\"og:type\" content=\"article\" \/>\n<meta property=\"og:title\" content=\"JOSAM: Schulungen zum Thema Achsvermessung und Rahmenrichten - Krafthand-Truck\" \/>\n<meta property=\"og:description\" content=\"Die &#039;JOSAM Academy&#039; bietet auch 2023 ein professionelles Schulungsprogramm zum Thema Achsvermessung und Rahmenrichten bei Lkw an.\" \/>\n<meta property=\"og:url\" content=\"https:\/\/www.krafthand-truck.de\/artikel\/josam-schulungen-zum-thema-achsvermessung-und-rahmenrichten-34258\/\" \/>\n<meta property=\"og:site_name\" content=\"Krafthand-Truck\" \/>\n<meta property=\"article:published_time\" content=\"2022-11-11T09:46:54+00:00\" \/>\n<meta property=\"article:modified_time\" content=\"2022-11-11T17:09:43+00:00\" \/>\n<meta property=\"og:image\" content=\"https:\/\/static.krafthand-truck.de\/uploads\/2022\/11\/JOSAM_Richttechnik_Lkw_Rahmenrichtlehrgang_Schulungen_2023.jpg\" \/>\n\t<meta property=\"og:image:width\" content=\"1200\" \/>\n\t<meta property=\"og:image:height\" content=\"758\" \/>\n\t<meta property=\"og:image:type\" content=\"image\/jpeg\" \/>\n<meta name=\"author\" content=\"georg.blenk@krafthand-medien.de\" \/>\n<meta name=\"twitter:card\" content=\"summary_large_image\" \/>\n<meta name=\"twitter:label1\" content=\"Verfasst von\" \/>\n\t<meta name=\"twitter:data1\" content=\"georg.blenk@krafthand-medien.de\" \/>\n\t<meta name=\"twitter:label2\" content=\"Gesch\u00e4tzte Lesezeit\" \/>\n\t<meta name=\"twitter:data2\" content=\"2\u00a0Minuten\" \/>\n<script type=\"application\/ld+json\" class=\"yoast-schema-graph\">{\"@context\":\"https:\\\/\\\/schema.org\",\"@graph\":[{\"@type\":\"Article\",\"@id\":\"https:\\\/\\\/www.krafthand.de\\\/truck\\\/artikel\\\/josam-schulungen-zum-thema-achsvermessung-und-rahmenrichten-34258\\\/#article\",\"isPartOf\":{\"@id\":\"https:\\\/\\\/www.krafthand.de\\\/truck\\\/artikel\\\/josam-schulungen-zum-thema-achsvermessung-und-rahmenrichten-34258\\\/\"},\"author\":{\"name\":\"georg.blenk@krafthand-medien.de\",\"@id\":\"https:\\\/\\\/www.krafthand.de\\\/truck\\\/#\\\/schema\\\/person\\\/51fa80b1c57034c4bf63f9f988fc24ce\"},\"headline\":\"JOSAM: Schulungen zum Thema Achsvermessung und Rahmenrichten\",\"datePublished\":\"2022-11-11T09:46:54+00:00\",\"dateModified\":\"2022-11-11T17:09:43+00:00\",\"mainEntityOfPage\":{\"@id\":\"https:\\\/\\\/www.krafthand.de\\\/truck\\\/artikel\\\/josam-schulungen-zum-thema-achsvermessung-und-rahmenrichten-34258\\\/\"},\"wordCount\":221,\"image\":{\"@id\":\"https:\\\/\\\/www.krafthand.de\\\/truck\\\/artikel\\\/josam-schulungen-zum-thema-achsvermessung-und-rahmenrichten-34258\\\/#primaryimage\"},\"thumbnailUrl\":\"https:\\\/\\\/static.krafthand-truck.de\\\/uploads\\\/2022\\\/11\\\/JOSAM_Richttechnik_Lkw_Rahmenrichtlehrgang_Schulungen_2023.jpg\",\"keywords\":[\"Achsvermessung\",\"Josam\",\"Rahmenrichten\",\"Schulung\",\"Unfallinstandsetzung\"],\"articleSection\":[\"Schulungen\\\/Bildung\"],\"inLanguage\":\"de\"},{\"@type\":\"WebPage\",\"@id\":\"https:\\\/\\\/www.krafthand.de\\\/truck\\\/artikel\\\/josam-schulungen-zum-thema-achsvermessung-und-rahmenrichten-34258\\\/\",\"url\":\"https:\\\/\\\/www.krafthand.de\\\/truck\\\/artikel\\\/josam-schulungen-zum-thema-achsvermessung-und-rahmenrichten-34258\\\/\",\"name\":\"JOSAM: Schulungen zum Thema Achsvermessung und Rahmenrichten - Krafthand-Truck\",\"isPartOf\":{\"@id\":\"https:\\\/\\\/www.krafthand.de\\\/truck\\\/#website\"},\"primaryImageOfPage\":{\"@id\":\"https:\\\/\\\/www.krafthand.de\\\/truck\\\/artikel\\\/josam-schulungen-zum-thema-achsvermessung-und-rahmenrichten-34258\\\/#primaryimage\"},\"image\":{\"@id\":\"https:\\\/\\\/www.krafthand.de\\\/truck\\\/artikel\\\/josam-schulungen-zum-thema-achsvermessung-und-rahmenrichten-34258\\\/#primaryimage\"},\"thumbnailUrl\":\"https:\\\/\\\/static.krafthand-truck.de\\\/uploads\\\/2022\\\/11\\\/JOSAM_Richttechnik_Lkw_Rahmenrichtlehrgang_Schulungen_2023.jpg\",\"datePublished\":\"2022-11-11T09:46:54+00:00\",\"dateModified\":\"2022-11-11T17:09:43+00:00\",\"author\":{\"@id\":\"https:\\\/\\\/www.krafthand.de\\\/truck\\\/#\\\/schema\\\/person\\\/51fa80b1c57034c4bf63f9f988fc24ce\"},\"description\":\"Die 'JOSAM Academy' bietet auch 2023 ein professionelles Schulungsprogramm zum Thema Achsvermessung und Rahmenrichten bei Lkw an.\",\"breadcrumb\":{\"@id\":\"https:\\\/\\\/www.krafthand.de\\\/truck\\\/artikel\\\/josam-schulungen-zum-thema-achsvermessung-und-rahmenrichten-34258\\\/#breadcrumb\"},\"inLanguage\":\"de\",\"potentialAction\":[{\"@type\":\"ReadAction\",\"target\":[\"https:\\\/\\\/www.krafthand.de\\\/truck\\\/artikel\\\/josam-schulungen-zum-thema-achsvermessung-und-rahmenrichten-34258\\\/\"]}]},{\"@type\":\"ImageObject\",\"inLanguage\":\"de\",\"@id\":\"https:\\\/\\\/www.krafthand.de\\\/truck\\\/artikel\\\/josam-schulungen-zum-thema-achsvermessung-und-rahmenrichten-34258\\\/#primaryimage\",\"url\":\"https:\\\/\\\/static.krafthand-truck.de\\\/uploads\\\/2022\\\/11\\\/JOSAM_Richttechnik_Lkw_Rahmenrichtlehrgang_Schulungen_2023.jpg\",\"contentUrl\":\"https:\\\/\\\/static.krafthand-truck.de\\\/uploads\\\/2022\\\/11\\\/JOSAM_Richttechnik_Lkw_Rahmenrichtlehrgang_Schulungen_2023.jpg\",\"width\":1200,\"height\":758},{\"@type\":\"BreadcrumbList\",\"@id\":\"https:\\\/\\\/www.krafthand.de\\\/truck\\\/artikel\\\/josam-schulungen-zum-thema-achsvermessung-und-rahmenrichten-34258\\\/#breadcrumb\",\"itemListElement\":[{\"@type\":\"ListItem\",\"position\":1,\"name\":\"Krafthand-Truck\",\"item\":\"https:\\\/\\\/www.krafthand.de\\\/truck\\\/\"},{\"@type\":\"ListItem\",\"position\":2,\"name\":\"Nfz-Branche\",\"item\":\"https:\\\/\\\/www.krafthand.de\\\/truck\\\/kategorie\\\/branche\\\/\"},{\"@type\":\"ListItem\",\"position\":3,\"name\":\"Schulungen\\\/Bildung\",\"item\":\"https:\\\/\\\/www.krafthand.de\\\/truck\\\/kategorie\\\/branche\\\/schulungen-bildung\\\/\"},{\"@type\":\"ListItem\",\"position\":4,\"name\":\"JOSAM: Schulungen zum Thema Achsvermessung und Rahmenrichten\"}]},{\"@type\":\"WebSite\",\"@id\":\"https:\\\/\\\/www.krafthand.de\\\/truck\\\/#website\",\"url\":\"https:\\\/\\\/www.krafthand.de\\\/truck\\\/\",\"name\":\"Krafthand-Truck\",\"description\":\"\",\"potentialAction\":[{\"@type\":\"SearchAction\",\"target\":{\"@type\":\"EntryPoint\",\"urlTemplate\":\"https:\\\/\\\/www.krafthand.de\\\/truck\\\/?s={search_term_string}\"},\"query-input\":{\"@type\":\"PropertyValueSpecification\",\"valueRequired\":true,\"valueName\":\"search_term_string\"}}],\"inLanguage\":\"de\"},{\"@type\":\"Person\",\"@id\":\"https:\\\/\\\/www.krafthand.de\\\/truck\\\/#\\\/schema\\\/person\\\/51fa80b1c57034c4bf63f9f988fc24ce\",\"name\":\"georg.blenk@krafthand-medien.de\",\"image\":{\"@type\":\"ImageObject\",\"inLanguage\":\"de\",\"@id\":\"https:\\\/\\\/secure.gravatar.com\\\/avatar\\\/93713c30affe0aa95d3a4130e499bb1abee2eb31adbdd9ce2aa1543538490215?s=96&d=mm&r=g\",\"url\":\"https:\\\/\\\/secure.gravatar.com\\\/avatar\\\/93713c30affe0aa95d3a4130e499bb1abee2eb31adbdd9ce2aa1543538490215?s=96&d=mm&r=g\",\"contentUrl\":\"https:\\\/\\\/secure.gravatar.com\\\/avatar\\\/93713c30affe0aa95d3a4130e499bb1abee2eb31adbdd9ce2aa1543538490215?s=96&d=mm&r=g\",\"caption\":\"georg.blenk@krafthand-medien.de\"}}]}<\/script>\n<!-- \/ Yoast SEO plugin. -->","yoast_head_json":{"title":"JOSAM: Schulungen zum Thema Achsvermessung und Rahmenrichten - Krafthand-Truck","description":"Die 'JOSAM Academy' bietet auch 2023 ein professionelles Schulungsprogramm zum Thema Achsvermessung und Rahmenrichten bei Lkw an.","robots":{"index":"index","follow":"follow","max-snippet":"max-snippet:-1","max-image-preview":"max-image-preview:large","max-video-preview":"max-video-preview:-1"},"canonical":"https:\/\/www.krafthand.de\/truck\/artikel\/josam-schulungen-zum-thema-achsvermessung-und-rahmenrichten-34258\/","og_locale":"de_DE","og_type":"article","og_title":"JOSAM: Schulungen zum Thema Achsvermessung und Rahmenrichten - Krafthand-Truck","og_description":"Die 'JOSAM Academy' bietet auch 2023 ein professionelles Schulungsprogramm zum Thema Achsvermessung und Rahmenrichten bei Lkw an.","og_url":"https:\/\/www.krafthand-truck.de\/artikel\/josam-schulungen-zum-thema-achsvermessung-und-rahmenrichten-34258\/","og_site_name":"Krafthand-Truck","article_published_time":"2022-11-11T09:46:54+00:00","article_modified_time":"2022-11-11T17:09:43+00:00","og_image":[{"width":1200,"height":758,"url":"https:\/\/static.krafthand-truck.de\/uploads\/2022\/11\/JOSAM_Richttechnik_Lkw_Rahmenrichtlehrgang_Schulungen_2023.jpg","type":"image\/jpeg"}],"author":"georg.blenk@krafthand-medien.de","twitter_card":"summary_large_image","twitter_misc":{"Verfasst von":"georg.blenk@krafthand-medien.de","Gesch\u00e4tzte Lesezeit":"2\u00a0Minuten"},"schema":{"@context":"https:\/\/schema.org","@graph":[{"@type":"Article","@id":"https:\/\/www.krafthand.de\/truck\/artikel\/josam-schulungen-zum-thema-achsvermessung-und-rahmenrichten-34258\/#article","isPartOf":{"@id":"https:\/\/www.krafthand.de\/truck\/artikel\/josam-schulungen-zum-thema-achsvermessung-und-rahmenrichten-34258\/"},"author":{"name":"georg.blenk@krafthand-medien.de","@id":"https:\/\/www.krafthand.de\/truck\/#\/schema\/person\/51fa80b1c57034c4bf63f9f988fc24ce"},"headline":"JOSAM: Schulungen zum Thema Achsvermessung und Rahmenrichten","datePublished":"2022-11-11T09:46:54+00:00","dateModified":"2022-11-11T17:09:43+00:00","mainEntityOfPage":{"@id":"https:\/\/www.krafthand.de\/truck\/artikel\/josam-schulungen-zum-thema-achsvermessung-und-rahmenrichten-34258\/"},"wordCount":221,"image":{"@id":"https:\/\/www.krafthand.de\/truck\/artikel\/josam-schulungen-zum-thema-achsvermessung-und-rahmenrichten-34258\/#primaryimage"},"thumbnailUrl":"https:\/\/static.krafthand-truck.de\/uploads\/2022\/11\/JOSAM_Richttechnik_Lkw_Rahmenrichtlehrgang_Schulungen_2023.jpg","keywords":["Achsvermessung","Josam","Rahmenrichten","Schulung","Unfallinstandsetzung"],"articleSection":["Schulungen\/Bildung"],"inLanguage":"de"},{"@type":"WebPage","@id":"https:\/\/www.krafthand.de\/truck\/artikel\/josam-schulungen-zum-thema-achsvermessung-und-rahmenrichten-34258\/","url":"https:\/\/www.krafthand.de\/truck\/artikel\/josam-schulungen-zum-thema-achsvermessung-und-rahmenrichten-34258\/","name":"JOSAM: Schulungen zum Thema Achsvermessung und Rahmenrichten - Krafthand-Truck","isPartOf":{"@id":"https:\/\/www.krafthand.de\/truck\/#website"},"primaryImageOfPage":{"@id":"https:\/\/www.krafthand.de\/truck\/artikel\/josam-schulungen-zum-thema-achsvermessung-und-rahmenrichten-34258\/#primaryimage"},"image":{"@id":"https:\/\/www.krafthand.de\/truck\/artikel\/josam-schulungen-zum-thema-achsvermessung-und-rahmenrichten-34258\/#primaryimage"},"thumbnailUrl":"https:\/\/static.krafthand-truck.de\/uploads\/2022\/11\/JOSAM_Richttechnik_Lkw_Rahmenrichtlehrgang_Schulungen_2023.jpg","datePublished":"2022-11-11T09:46:54+00:00","dateModified":"2022-11-11T17:09:43+00:00","author":{"@id":"https:\/\/www.krafthand.de\/truck\/#\/schema\/person\/51fa80b1c57034c4bf63f9f988fc24ce"},"description":"Die 'JOSAM Academy' bietet auch 2023 ein professionelles Schulungsprogramm zum Thema Achsvermessung und Rahmenrichten bei Lkw an.","breadcrumb":{"@id":"https:\/\/www.krafthand.de\/truck\/artikel\/josam-schulungen-zum-thema-achsvermessung-und-rahmenrichten-34258\/#breadcrumb"},"inLanguage":"de","potentialAction":[{"@type":"ReadAction","target":["https:\/\/www.krafthand.de\/truck\/artikel\/josam-schulungen-zum-thema-achsvermessung-und-rahmenrichten-34258\/"]}]},{"@type":"ImageObject","inLanguage":"de","@id":"https:\/\/www.krafthand.de\/truck\/artikel\/josam-schulungen-zum-thema-achsvermessung-und-rahmenrichten-34258\/#primaryimage","url":"https:\/\/static.krafthand-truck.de\/uploads\/2022\/11\/JOSAM_Richttechnik_Lkw_Rahmenrichtlehrgang_Schulungen_2023.jpg","contentUrl":"https:\/\/static.krafthand-truck.de\/uploads\/2022\/11\/JOSAM_Richttechnik_Lkw_Rahmenrichtlehrgang_Schulungen_2023.jpg","width":1200,"height":758},{"@type":"BreadcrumbList","@id":"https:\/\/www.krafthand.de\/truck\/artikel\/josam-schulungen-zum-thema-achsvermessung-und-rahmenrichten-34258\/#breadcrumb","itemListElement":[{"@type":"ListItem","position":1,"name":"Krafthand-Truck","item":"https:\/\/www.krafthand.de\/truck\/"},{"@type":"ListItem","position":2,"name":"Nfz-Branche","item":"https:\/\/www.krafthand.de\/truck\/kategorie\/branche\/"},{"@type":"ListItem","position":3,"name":"Schulungen\/Bildung","item":"https:\/\/www.krafthand.de\/truck\/kategorie\/branche\/schulungen-bildung\/"},{"@type":"ListItem","position":4,"name":"JOSAM: Schulungen zum Thema Achsvermessung und Rahmenrichten"}]},{"@type":"WebSite","@id":"https:\/\/www.krafthand.de\/truck\/#website","url":"https:\/\/www.krafthand.de\/truck\/","name":"Krafthand-Truck","description":"","potentialAction":[{"@type":"SearchAction","target":{"@type":"EntryPoint","urlTemplate":"https:\/\/www.krafthand.de\/truck\/?s={search_term_string}"},"query-input":{"@type":"PropertyValueSpecification","valueRequired":true,"valueName":"search_term_string"}}],"inLanguage":"de"},{"@type":"Person","@id":"https:\/\/www.krafthand.de\/truck\/#\/schema\/person\/51fa80b1c57034c4bf63f9f988fc24ce","name":"georg.blenk@krafthand-medien.de","image":{"@type":"ImageObject","inLanguage":"de","@id":"https:\/\/secure.gravatar.com\/avatar\/93713c30affe0aa95d3a4130e499bb1abee2eb31adbdd9ce2aa1543538490215?s=96&d=mm&r=g","url":"https:\/\/secure.gravatar.com\/avatar\/93713c30affe0aa95d3a4130e499bb1abee2eb31adbdd9ce2aa1543538490215?s=96&d=mm&r=g","contentUrl":"https:\/\/secure.gravatar.com\/avatar\/93713c30affe0aa95d3a4130e499bb1abee2eb31adbdd9ce2aa1543538490215?s=96&d=mm&r=g","caption":"georg.blenk@krafthand-medien.de"}}]}},"_links":{"self":[{"href":"https:\/\/www.krafthand.de\/truck\/wp-json\/wp\/v2\/posts\/34258","targetHints":{"allow":["GET"]}}],"collection":[{"href":"https:\/\/www.krafthand.de\/truck\/wp-json\/wp\/v2\/posts"}],"about":[{"href":"https:\/\/www.krafthand.de\/truck\/wp-json\/wp\/v2\/types\/post"}],"author":[{"embeddable":true,"href":"https:\/\/www.krafthand.de\/truck\/wp-json\/wp\/v2\/users\/9"}],"replies":[{"embeddable":true,"href":"https:\/\/www.krafthand.de\/truck\/wp-json\/wp\/v2\/comments?post=34258"}],"version-history":[{"count":2,"href":"https:\/\/www.krafthand.de\/truck\/wp-json\/wp\/v2\/posts\/34258\/revisions"}],"predecessor-version":[{"id":34261,"href":"https:\/\/www.krafthand.de\/truck\/wp-json\/wp\/v2\/posts\/34258\/revisions\/34261"}],"wp:featuredmedia":[{"embeddable":true,"href":"https:\/\/www.krafthand.de\/truck\/wp-json\/wp\/v2\/media\/34259"}],"wp:attachment":[{"href":"https:\/\/www.krafthand.de\/truck\/wp-json\/wp\/v2\/media?parent=34258"}],"wp:term":[{"taxonomy":"category","embeddable":true,"href":"https:\/\/www.krafthand.de\/truck\/wp-json\/wp\/v2\/categories?post=34258"},{"taxonomy":"post_tag","embeddable":true,"href":"https:\/\/www.krafthand.de\/truck\/wp-json\/wp\/v2\/tags?post=34258"},{"taxonomy":"settings","embeddable":true,"href":"https:\/\/www.krafthand.de\/truck\/wp-json\/wp\/v2\/settings?post=34258"}],"curies":[{"name":"wp","href":"https:\/\/api.w.org\/{rel}","templated":true}]}}